{"id":25678,"date":"2025-08-01T10:00:00","date_gmt":"2025-08-01T13:00:00","guid":{"rendered":"https:\/\/agenciainfra.com\/blog\/?p=25678"},"modified":"2025-08-04T08:06:17","modified_gmt":"2025-08-04T11:06:17","slug":"conexoes-saneamento-25-ministro-do-tcu-antonio-anastasia-estara-em-debate-sobre-ppps-e-concessoes","status":"publish","type":"post","link":"https:\/\/agenciainfra.com\/blog\/conexoes-saneamento-25-ministro-do-tcu-antonio-anastasia-estara-em-debate-sobre-ppps-e-concessoes\/","title":{"rendered":"Conex\u00f5es Saneamento 25: Ministro do TCU Antonio Anastasia estar\u00e1 em debate sobre PPPs e Concess\u00f5es"},"content":{"rendered":"\n<p class=\"has-text-align-right\"><strong>da Ag\u00eancia iNFRA<\/strong><\/p>\n\n\n\n<p>O ministro do TCU (Tribunal de Contas da Uni\u00e3o), Antonio Anastasia, \u00e9 presen\u00e7a confirmada na primeira edi\u00e7\u00e3o do Conex\u00f5es Saneamento 25, evento que, neste ano, ter\u00e1 como tema os cinco anos do Marco Legal do Saneamento. As inscri\u00e7\u00f5es para o encontro, que ser\u00e1 realizado no dia 26 de agosto, em Bras\u00edlia, j\u00e1 est\u00e3o abertas e podem ser feitas <a href=\"https:\/\/conexoessaneamento.abconsindcon.com.br\/\">neste\u00a0link<\/a>.<br><br>Organizado pela ABCON (Associa\u00e7\u00e3o e Sindicato Nacional das Concession\u00e1rias Privadas de Servi\u00e7os P\u00fablicos de \u00c1gua e Esgoto) e patrocinado pela Aegea, o encontro tamb\u00e9m tem a presen\u00e7a de outras autoridades dos Tr\u00eas Poderes, especialistas e l\u00edderes de mercado. A\u00a0<strong>Ag\u00eancia iNFRA\u00a0<\/strong>ser\u00e1 parceira de m\u00eddia do encontro.<br><br>O ministro do TCU e ex-governador de Minas Gerais estar\u00e1 na mesa que vai debater a estrutura\u00e7\u00e3o de PPPs e Concess\u00f5es ao lado do senador Alan Rick (Uni\u00e3o-AC), deputado Arnaldo Jardim (Cidadania-SP) e de Thiago Mesquita Nunes, Diretor-Presidente na Arsesp, ag\u00eancia reguladora do saneamento em S\u00e3o Paulo.<br><br>Em outro painel, que falar\u00e1 sobre os cinco anos da nova lei, a diretora-presidente da ANA (Ag\u00eancia Nacional de \u00c1guas e Saneamento B\u00e1sico), Ver\u00f4nica S\u00e1nchez, debate o tema com Mar\u00edlia Carvalho, Secretaria de Estado de Meio Ambiente e Desenvolvimento Sustent\u00e1vel de Minas Gerais, e com o Senador Eduardo Gomes (PL-TO).<br><br>Luciana Costa, diretora de Infraestrutura, Transi\u00e7\u00e3o Energ\u00e9tica e Mudan\u00e7a Clim\u00e1tica do BNDES, Marcos Abicalil, Diretor Geral Interino do New Development Bank, Fernando Camacho, Investiment Officer do IFC (International Finance Corporation) do Banco Mundial, e Marcelo Gir\u00e3o Carneiro, diretor-gerente de projetos do Ita\u00fa BBA, estar\u00e3o no painel que vai tratar de financiamento sustent\u00e1vel para o setor.<br><br>\u201cO Conex\u00f5es Saneamento 2025 \u00e9 uma oportunidade para debater estrat\u00e9gias, consolidar resultados e ampliar a interlocu\u00e7\u00e3o entre poder p\u00fablico e iniciativa privada. Trata-se de uma discuss\u00e3o essencial para definir os rumos de uma atividade que busca a universaliza\u00e7\u00e3o dos servi\u00e7os de \u00e1gua e esgoto, com impacto direto na sa\u00fade e na dignidade da popula\u00e7\u00e3o brasileira\u201d, afirma Christianne Dias, diretora-executiva da ABCON.<br><br>Al\u00e9m dos debates, o evento tamb\u00e9m divulgar\u00e1 o Panorama da Participa\u00e7\u00e3o Privada do Saneamento, publica\u00e7\u00e3o anual da ABCON com os principais n\u00fameros e indicadores do setor, principalmente da opera\u00e7\u00e3o privada.<\/p>\n\n\n\n<p><\/p>\n","protected":false},"excerpt":{"rendered":"<p>da Ag\u00eancia iNFRA O ministro do TCU (Tribunal de Contas da Uni\u00e3o), Antonio Anastasia, \u00e9 presen\u00e7a confirmada na primeira edi\u00e7\u00e3o do Conex\u00f5es Saneamento 25, evento que, neste ano, ter\u00e1 como tema os cinco anos do Marco Legal do Saneamento. As inscri\u00e7\u00f5es para o encontro, que ser\u00e1 realizado no dia 26 de agosto, em Bras\u00edlia, j\u00e1 [&hellip;]<\/p>\n","protected":false},"author":1,"featured_media":17876,"comment_status":"closed","ping_status":"closed","sticky":false,"template":"","format":"standard","meta":{"_monsterinsights_skip_tracking":false,"_monsterinsights_sitenote_active":false,"_monsterinsights_sitenote_note":"","_monsterinsights_sitenote_category":0,"footnotes":""},"categories":[7250,1,2053],"tags":[2203,2392,2265,14421,6273,14690,73,18],"class_list":["post-25678","post","type-post","status-publish","format-standard","has-post-thumbnail","hentry","category-destaque-lista","category-geral","category-infraliveventos","tag-abcon","tag-abcon-sindcon","tag-christianne-dias","tag-conexoes-saneamento-25","tag-marco-legal-do-saneamento","tag-ministro-antonio-anastasia","tag-saneamento-basico","tag-tcu"],"yoast_head":"<!-- This site is optimized with the Yoast SEO Premium plugin v25.4 (Yoast SEO v26.0) - https:\/\/yoast.com\/wordpress\/plugins\/seo\/ -->\n<title>Conex\u00f5es Saneamento 25: Ministro do TCU Antonio Anastasia estar\u00e1 em debate sobre PPPs e Concess\u00f5es - Ag\u00eancia iNFRA<\/title>\n<meta name=\"robots\" content=\"index, follow, max-snippet:-1, max-image-preview:large, max-video-preview:-1\" \/>\n<link rel=\"canonical\" href=\"https:\/\/agenciainfra.com\/blog\/conexoes-saneamento-25-ministro-do-tcu-antonio-anastasia-estara-em-debate-sobre-ppps-e-concessoes\/\" \/>\n<meta property=\"og:locale\" content=\"pt_BR\" \/>\n<meta property=\"og:type\" content=\"article\" \/>\n<meta property=\"og:title\" content=\"Conex\u00f5es Saneamento 25: Ministro do TCU Antonio Anastasia estar\u00e1 em debate sobre PPPs e Concess\u00f5es\" \/>\n<meta property=\"og:description\" content=\"da Ag\u00eancia iNFRA O ministro do TCU (Tribunal de Contas da Uni\u00e3o), Antonio Anastasia, \u00e9 presen\u00e7a confirmada na primeira edi\u00e7\u00e3o do Conex\u00f5es Saneamento 25, evento que, neste ano, ter\u00e1 como tema os cinco anos do Marco Legal do Saneamento. As inscri\u00e7\u00f5es para o encontro, que ser\u00e1 realizado no dia 26 de agosto, em Bras\u00edlia, j\u00e1 [&hellip;]\" \/>\n<meta property=\"og:url\" content=\"https:\/\/agenciainfra.com\/blog\/conexoes-saneamento-25-ministro-do-tcu-antonio-anastasia-estara-em-debate-sobre-ppps-e-concessoes\/\" \/>\n<meta property=\"og:site_name\" content=\"Ag\u00eancia iNFRA\" \/>\n<meta property=\"article:publisher\" content=\"https:\/\/www.facebook.com\/ageninfra\" \/>\n<meta property=\"article:published_time\" content=\"2025-08-01T13:00:00+00:00\" \/>\n<meta property=\"article:modified_time\" content=\"2025-08-04T11:06:17+00:00\" \/>\n<meta property=\"og:image\" content=\"https:\/\/agenciainfra.com\/blog\/wp-content\/uploads\/2024\/07\/antonio-anastasia-foto-tcu-samuel-figueira.jpg\" \/>\n\t<meta property=\"og:image:width\" content=\"1202\" \/>\n\t<meta property=\"og:image:height\" content=\"802\" \/>\n\t<meta property=\"og:image:type\" content=\"image\/jpeg\" \/>\n<meta name=\"author\" content=\"Ag\u00eancia iNFRA\" \/>\n<meta name=\"twitter:card\" content=\"summary_large_image\" \/>\n<meta name=\"twitter:creator\" content=\"@agencia_infra\" \/>\n<meta name=\"twitter:site\" content=\"@agencia_infra\" \/>\n<meta name=\"twitter:label1\" content=\"Escrito por\" \/>\n\t<meta name=\"twitter:data1\" content=\"Ag\u00eancia iNFRA\" \/>\n\t<meta name=\"twitter:label2\" content=\"Est. tempo de leitura\" \/>\n\t<meta name=\"twitter:data2\" content=\"2 minutos\" \/>\n<script type=\"application\/ld+json\" class=\"yoast-schema-graph\">{\"@context\":\"https:\/\/schema.org\",\"@graph\":[{\"@type\":\"Article\",\"@id\":\"https:\/\/agenciainfra.com\/blog\/conexoes-saneamento-25-ministro-do-tcu-antonio-anastasia-estara-em-debate-sobre-ppps-e-concessoes\/#article\",\"isPartOf\":{\"@id\":\"https:\/\/agenciainfra.com\/blog\/conexoes-saneamento-25-ministro-do-tcu-antonio-anastasia-estara-em-debate-sobre-ppps-e-concessoes\/\"},\"author\":{\"name\":\"Ag\u00eancia iNFRA\",\"@id\":\"https:\/\/agenciainfra.com\/blog\/#\/schema\/person\/34af08dff6adea4cb22b06612ba7acfa\"},\"headline\":\"Conex\u00f5es Saneamento 25: Ministro do TCU Antonio Anastasia estar\u00e1 em debate sobre PPPs e Concess\u00f5es\",\"datePublished\":\"2025-08-01T13:00:00+00:00\",\"dateModified\":\"2025-08-04T11:06:17+00:00\",\"mainEntityOfPage\":{\"@id\":\"https:\/\/agenciainfra.com\/blog\/conexoes-saneamento-25-ministro-do-tcu-antonio-anastasia-estara-em-debate-sobre-ppps-e-concessoes\/\"},\"wordCount\":415,\"publisher\":{\"@id\":\"https:\/\/agenciainfra.com\/blog\/#organization\"},\"image\":{\"@id\":\"https:\/\/agenciainfra.com\/blog\/conexoes-saneamento-25-ministro-do-tcu-antonio-anastasia-estara-em-debate-sobre-ppps-e-concessoes\/#primaryimage\"},\"thumbnailUrl\":\"https:\/\/agenciainfra.com\/blog\/wp-content\/uploads\/2024\/07\/antonio-anastasia-foto-tcu-samuel-figueira.jpg\",\"keywords\":[\"Abcon\",\"Abcon Sindcon\",\"Christianne Dias\",\"Conex\u00f5es Saneamento 25\",\"marco legal do saneamento\",\"ministro Antonio Anastasia\",\"Saneamento B\u00e1sico\",\"TCU\"],\"articleSection\":[\"Destaque lista\",\"Geral\",\"iNFRALive e Eventos\"],\"inLanguage\":\"pt-BR\",\"copyrightYear\":\"2025\",\"copyrightHolder\":{\"@id\":\"https:\/\/agenciainfra.com\/blog\/#organization\"}},{\"@type\":\"WebPage\",\"@id\":\"https:\/\/agenciainfra.com\/blog\/conexoes-saneamento-25-ministro-do-tcu-antonio-anastasia-estara-em-debate-sobre-ppps-e-concessoes\/\",\"url\":\"https:\/\/agenciainfra.com\/blog\/conexoes-saneamento-25-ministro-do-tcu-antonio-anastasia-estara-em-debate-sobre-ppps-e-concessoes\/\",\"name\":\"Conex\u00f5es Saneamento 25: Ministro do TCU Antonio Anastasia estar\u00e1 em debate sobre PPPs e Concess\u00f5es - Ag\u00eancia iNFRA\",\"isPartOf\":{\"@id\":\"https:\/\/agenciainfra.com\/blog\/#website\"},\"primaryImageOfPage\":{\"@id\":\"https:\/\/agenciainfra.com\/blog\/conexoes-saneamento-25-ministro-do-tcu-antonio-anastasia-estara-em-debate-sobre-ppps-e-concessoes\/#primaryimage\"},\"image\":{\"@id\":\"https:\/\/agenciainfra.com\/blog\/conexoes-saneamento-25-ministro-do-tcu-antonio-anastasia-estara-em-debate-sobre-ppps-e-concessoes\/#primaryimage\"},\"thumbnailUrl\":\"https:\/\/agenciainfra.com\/blog\/wp-content\/uploads\/2024\/07\/antonio-anastasia-foto-tcu-samuel-figueira.jpg\",\"datePublished\":\"2025-08-01T13:00:00+00:00\",\"dateModified\":\"2025-08-04T11:06:17+00:00\",\"breadcrumb\":{\"@id\":\"https:\/\/agenciainfra.com\/blog\/conexoes-saneamento-25-ministro-do-tcu-antonio-anastasia-estara-em-debate-sobre-ppps-e-concessoes\/#breadcrumb\"},\"inLanguage\":\"pt-BR\",\"potentialAction\":[{\"@type\":\"ReadAction\",\"target\":[\"https:\/\/agenciainfra.com\/blog\/conexoes-saneamento-25-ministro-do-tcu-antonio-anastasia-estara-em-debate-sobre-ppps-e-concessoes\/\"]}]},{\"@type\":\"ImageObject\",\"inLanguage\":\"pt-BR\",\"@id\":\"https:\/\/agenciainfra.com\/blog\/conexoes-saneamento-25-ministro-do-tcu-antonio-anastasia-estara-em-debate-sobre-ppps-e-concessoes\/#primaryimage\",\"url\":\"https:\/\/agenciainfra.com\/blog\/wp-content\/uploads\/2024\/07\/antonio-anastasia-foto-tcu-samuel-figueira.jpg\",\"contentUrl\":\"https:\/\/agenciainfra.com\/blog\/wp-content\/uploads\/2024\/07\/antonio-anastasia-foto-tcu-samuel-figueira.jpg\",\"width\":1202,\"height\":802,\"caption\":\"Foto: Samuel Figueira\/TCU\"},{\"@type\":\"BreadcrumbList\",\"@id\":\"https:\/\/agenciainfra.com\/blog\/conexoes-saneamento-25-ministro-do-tcu-antonio-anastasia-estara-em-debate-sobre-ppps-e-concessoes\/#breadcrumb\",\"itemListElement\":[{\"@type\":\"ListItem\",\"position\":1,\"name\":\"In\u00edcio\",\"item\":\"https:\/\/agenciainfra.com\/blog\/\"},{\"@type\":\"ListItem\",\"position\":2,\"name\":\"Conex\u00f5es Saneamento 25: Ministro do TCU Antonio Anastasia estar\u00e1 em debate sobre PPPs e Concess\u00f5es\"}]},{\"@type\":\"WebSite\",\"@id\":\"https:\/\/agenciainfra.com\/blog\/#website\",\"url\":\"https:\/\/agenciainfra.com\/blog\/\",\"name\":\"Ag\u00eancia iNFRA\",\"description\":\"Multiplataforma de informa\u00e7\u00e3o jornal\u00edstica refer\u00eancia na \u00e1rea de infraestrutura no Brasil!\",\"publisher\":{\"@id\":\"https:\/\/agenciainfra.com\/blog\/#organization\"},\"potentialAction\":[{\"@type\":\"SearchAction\",\"target\":{\"@type\":\"EntryPoint\",\"urlTemplate\":\"https:\/\/agenciainfra.com\/blog\/?s={search_term_string}\"},\"query-input\":{\"@type\":\"PropertyValueSpecification\",\"valueRequired\":true,\"valueName\":\"search_term_string\"}}],\"inLanguage\":\"pt-BR\"},{\"@type\":\"Organization\",\"@id\":\"https:\/\/agenciainfra.com\/blog\/#organization\",\"name\":\"Ag\u00eancia iNFRA\",\"url\":\"https:\/\/agenciainfra.com\/blog\/\",\"logo\":{\"@type\":\"ImageObject\",\"inLanguage\":\"pt-BR\",\"@id\":\"https:\/\/agenciainfra.com\/blog\/#\/schema\/logo\/image\/\",\"url\":\"https:\/\/agenciainfra.com\/blog\/wp-content\/uploads\/2023\/09\/iNFRA_5-e1761735885940.png\",\"contentUrl\":\"https:\/\/agenciainfra.com\/blog\/wp-content\/uploads\/2023\/09\/iNFRA_5-e1761735885940.png\",\"width\":1672,\"height\":454,\"caption\":\"Ag\u00eancia iNFRA\"},\"image\":{\"@id\":\"https:\/\/agenciainfra.com\/blog\/#\/schema\/logo\/image\/\"},\"sameAs\":[\"https:\/\/www.facebook.com\/ageninfra\",\"https:\/\/x.com\/agencia_infra\",\"https:\/\/www.linkedin.com\/company\/ag\u00eanciainfra\/\",\"https:\/\/www.instagram.com\/agenciainfra\/\"]},{\"@type\":\"Person\",\"@id\":\"https:\/\/agenciainfra.com\/blog\/#\/schema\/person\/34af08dff6adea4cb22b06612ba7acfa\",\"name\":\"Ag\u00eancia iNFRA\",\"image\":{\"@type\":\"ImageObject\",\"inLanguage\":\"pt-BR\",\"@id\":\"https:\/\/agenciainfra.com\/blog\/#\/schema\/person\/image\/\",\"url\":\"https:\/\/secure.gravatar.com\/avatar\/d189e01678f06d8eb84d4e01f08eb848b3fffe3f8443818d3c356c66892f5be8?s=96&d=mm&r=g\",\"contentUrl\":\"https:\/\/secure.gravatar.com\/avatar\/d189e01678f06d8eb84d4e01f08eb848b3fffe3f8443818d3c356c66892f5be8?s=96&d=mm&r=g\",\"caption\":\"Ag\u00eancia iNFRA\"},\"url\":\"https:\/\/agenciainfra.com\/blog\/author\/admin\/\"}]}<\/script>\n<!-- \/ Yoast SEO Premium plugin. -->","yoast_head_json":{"title":"Conex\u00f5es Saneamento 25: Ministro do TCU Antonio Anastasia estar\u00e1 em debate sobre PPPs e Concess\u00f5es - Ag\u00eancia iNFRA","robots":{"index":"index","follow":"follow","max-snippet":"max-snippet:-1","max-image-preview":"max-image-preview:large","max-video-preview":"max-video-preview:-1"},"canonical":"https:\/\/agenciainfra.com\/blog\/conexoes-saneamento-25-ministro-do-tcu-antonio-anastasia-estara-em-debate-sobre-ppps-e-concessoes\/","og_locale":"pt_BR","og_type":"article","og_title":"Conex\u00f5es Saneamento 25: Ministro do TCU Antonio Anastasia estar\u00e1 em debate sobre PPPs e Concess\u00f5es","og_description":"da Ag\u00eancia iNFRA O ministro do TCU (Tribunal de Contas da Uni\u00e3o), Antonio Anastasia, \u00e9 presen\u00e7a confirmada na primeira edi\u00e7\u00e3o do Conex\u00f5es Saneamento 25, evento que, neste ano, ter\u00e1 como tema os cinco anos do Marco Legal do Saneamento. As inscri\u00e7\u00f5es para o encontro, que ser\u00e1 realizado no dia 26 de agosto, em Bras\u00edlia, j\u00e1 [&hellip;]","og_url":"https:\/\/agenciainfra.com\/blog\/conexoes-saneamento-25-ministro-do-tcu-antonio-anastasia-estara-em-debate-sobre-ppps-e-concessoes\/","og_site_name":"Ag\u00eancia iNFRA","article_publisher":"https:\/\/www.facebook.com\/ageninfra","article_published_time":"2025-08-01T13:00:00+00:00","article_modified_time":"2025-08-04T11:06:17+00:00","og_image":[{"width":1202,"height":802,"url":"https:\/\/agenciainfra.com\/blog\/wp-content\/uploads\/2024\/07\/antonio-anastasia-foto-tcu-samuel-figueira.jpg","type":"image\/jpeg"}],"author":"Ag\u00eancia iNFRA","twitter_card":"summary_large_image","twitter_creator":"@agencia_infra","twitter_site":"@agencia_infra","twitter_misc":{"Escrito por":"Ag\u00eancia iNFRA","Est. tempo de leitura":"2 minutos"},"schema":{"@context":"https:\/\/schema.org","@graph":[{"@type":"Article","@id":"https:\/\/agenciainfra.com\/blog\/conexoes-saneamento-25-ministro-do-tcu-antonio-anastasia-estara-em-debate-sobre-ppps-e-concessoes\/#article","isPartOf":{"@id":"https:\/\/agenciainfra.com\/blog\/conexoes-saneamento-25-ministro-do-tcu-antonio-anastasia-estara-em-debate-sobre-ppps-e-concessoes\/"},"author":{"name":"Ag\u00eancia iNFRA","@id":"https:\/\/agenciainfra.com\/blog\/#\/schema\/person\/34af08dff6adea4cb22b06612ba7acfa"},"headline":"Conex\u00f5es Saneamento 25: Ministro do TCU Antonio Anastasia estar\u00e1 em debate sobre PPPs e Concess\u00f5es","datePublished":"2025-08-01T13:00:00+00:00","dateModified":"2025-08-04T11:06:17+00:00","mainEntityOfPage":{"@id":"https:\/\/agenciainfra.com\/blog\/conexoes-saneamento-25-ministro-do-tcu-antonio-anastasia-estara-em-debate-sobre-ppps-e-concessoes\/"},"wordCount":415,"publisher":{"@id":"https:\/\/agenciainfra.com\/blog\/#organization"},"image":{"@id":"https:\/\/agenciainfra.com\/blog\/conexoes-saneamento-25-ministro-do-tcu-antonio-anastasia-estara-em-debate-sobre-ppps-e-concessoes\/#primaryimage"},"thumbnailUrl":"https:\/\/agenciainfra.com\/blog\/wp-content\/uploads\/2024\/07\/antonio-anastasia-foto-tcu-samuel-figueira.jpg","keywords":["Abcon","Abcon Sindcon","Christianne Dias","Conex\u00f5es Saneamento 25","marco legal do saneamento","ministro Antonio Anastasia","Saneamento B\u00e1sico","TCU"],"articleSection":["Destaque lista","Geral","iNFRALive e Eventos"],"inLanguage":"pt-BR","copyrightYear":"2025","copyrightHolder":{"@id":"https:\/\/agenciainfra.com\/blog\/#organization"}},{"@type":"WebPage","@id":"https:\/\/agenciainfra.com\/blog\/conexoes-saneamento-25-ministro-do-tcu-antonio-anastasia-estara-em-debate-sobre-ppps-e-concessoes\/","url":"https:\/\/agenciainfra.com\/blog\/conexoes-saneamento-25-ministro-do-tcu-antonio-anastasia-estara-em-debate-sobre-ppps-e-concessoes\/","name":"Conex\u00f5es Saneamento 25: Ministro do TCU Antonio Anastasia estar\u00e1 em debate sobre PPPs e Concess\u00f5es - Ag\u00eancia iNFRA","isPartOf":{"@id":"https:\/\/agenciainfra.com\/blog\/#website"},"primaryImageOfPage":{"@id":"https:\/\/agenciainfra.com\/blog\/conexoes-saneamento-25-ministro-do-tcu-antonio-anastasia-estara-em-debate-sobre-ppps-e-concessoes\/#primaryimage"},"image":{"@id":"https:\/\/agenciainfra.com\/blog\/conexoes-saneamento-25-ministro-do-tcu-antonio-anastasia-estara-em-debate-sobre-ppps-e-concessoes\/#primaryimage"},"thumbnailUrl":"https:\/\/agenciainfra.com\/blog\/wp-content\/uploads\/2024\/07\/antonio-anastasia-foto-tcu-samuel-figueira.jpg","datePublished":"2025-08-01T13:00:00+00:00","dateModified":"2025-08-04T11:06:17+00:00","breadcrumb":{"@id":"https:\/\/agenciainfra.com\/blog\/conexoes-saneamento-25-ministro-do-tcu-antonio-anastasia-estara-em-debate-sobre-ppps-e-concessoes\/#breadcrumb"},"inLanguage":"pt-BR","potentialAction":[{"@type":"ReadAction","target":["https:\/\/agenciainfra.com\/blog\/conexoes-saneamento-25-ministro-do-tcu-antonio-anastasia-estara-em-debate-sobre-ppps-e-concessoes\/"]}]},{"@type":"ImageObject","inLanguage":"pt-BR","@id":"https:\/\/agenciainfra.com\/blog\/conexoes-saneamento-25-ministro-do-tcu-antonio-anastasia-estara-em-debate-sobre-ppps-e-concessoes\/#primaryimage","url":"https:\/\/agenciainfra.com\/blog\/wp-content\/uploads\/2024\/07\/antonio-anastasia-foto-tcu-samuel-figueira.jpg","contentUrl":"https:\/\/agenciainfra.com\/blog\/wp-content\/uploads\/2024\/07\/antonio-anastasia-foto-tcu-samuel-figueira.jpg","width":1202,"height":802,"caption":"Foto: Samuel Figueira\/TCU"},{"@type":"BreadcrumbList","@id":"https:\/\/agenciainfra.com\/blog\/conexoes-saneamento-25-ministro-do-tcu-antonio-anastasia-estara-em-debate-sobre-ppps-e-concessoes\/#breadcrumb","itemListElement":[{"@type":"ListItem","position":1,"name":"In\u00edcio","item":"https:\/\/agenciainfra.com\/blog\/"},{"@type":"ListItem","position":2,"name":"Conex\u00f5es Saneamento 25: Ministro do TCU Antonio Anastasia estar\u00e1 em debate sobre PPPs e Concess\u00f5es"}]},{"@type":"WebSite","@id":"https:\/\/agenciainfra.com\/blog\/#website","url":"https:\/\/agenciainfra.com\/blog\/","name":"Ag\u00eancia iNFRA","description":"Multiplataforma de informa\u00e7\u00e3o jornal\u00edstica refer\u00eancia na \u00e1rea de infraestrutura no Brasil!","publisher":{"@id":"https:\/\/agenciainfra.com\/blog\/#organization"},"potentialAction":[{"@type":"SearchAction","target":{"@type":"EntryPoint","urlTemplate":"https:\/\/agenciainfra.com\/blog\/?s={search_term_string}"},"query-input":{"@type":"PropertyValueSpecification","valueRequired":true,"valueName":"search_term_string"}}],"inLanguage":"pt-BR"},{"@type":"Organization","@id":"https:\/\/agenciainfra.com\/blog\/#organization","name":"Ag\u00eancia iNFRA","url":"https:\/\/agenciainfra.com\/blog\/","logo":{"@type":"ImageObject","inLanguage":"pt-BR","@id":"https:\/\/agenciainfra.com\/blog\/#\/schema\/logo\/image\/","url":"https:\/\/agenciainfra.com\/blog\/wp-content\/uploads\/2023\/09\/iNFRA_5-e1761735885940.png","contentUrl":"https:\/\/agenciainfra.com\/blog\/wp-content\/uploads\/2023\/09\/iNFRA_5-e1761735885940.png","width":1672,"height":454,"caption":"Ag\u00eancia iNFRA"},"image":{"@id":"https:\/\/agenciainfra.com\/blog\/#\/schema\/logo\/image\/"},"sameAs":["https:\/\/www.facebook.com\/ageninfra","https:\/\/x.com\/agencia_infra","https:\/\/www.linkedin.com\/company\/ag\u00eanciainfra\/","https:\/\/www.instagram.com\/agenciainfra\/"]},{"@type":"Person","@id":"https:\/\/agenciainfra.com\/blog\/#\/schema\/person\/34af08dff6adea4cb22b06612ba7acfa","name":"Ag\u00eancia iNFRA","image":{"@type":"ImageObject","inLanguage":"pt-BR","@id":"https:\/\/agenciainfra.com\/blog\/#\/schema\/person\/image\/","url":"https:\/\/secure.gravatar.com\/avatar\/d189e01678f06d8eb84d4e01f08eb848b3fffe3f8443818d3c356c66892f5be8?s=96&d=mm&r=g","contentUrl":"https:\/\/secure.gravatar.com\/avatar\/d189e01678f06d8eb84d4e01f08eb848b3fffe3f8443818d3c356c66892f5be8?s=96&d=mm&r=g","caption":"Ag\u00eancia iNFRA"},"url":"https:\/\/agenciainfra.com\/blog\/author\/admin\/"}]}},"_links":{"self":[{"href":"https:\/\/agenciainfra.com\/blog\/wp-json\/wp\/v2\/posts\/25678","targetHints":{"allow":["GET"]}}],"collection":[{"href":"https:\/\/agenciainfra.com\/blog\/wp-json\/wp\/v2\/posts"}],"about":[{"href":"https:\/\/agenciainfra.com\/blog\/wp-json\/wp\/v2\/types\/post"}],"author":[{"embeddable":true,"href":"https:\/\/agenciainfra.com\/blog\/wp-json\/wp\/v2\/users\/1"}],"replies":[{"embeddable":true,"href":"https:\/\/agenciainfra.com\/blog\/wp-json\/wp\/v2\/comments?post=25678"}],"version-history":[{"count":1,"href":"https:\/\/agenciainfra.com\/blog\/wp-json\/wp\/v2\/posts\/25678\/revisions"}],"predecessor-version":[{"id":25679,"href":"https:\/\/agenciainfra.com\/blog\/wp-json\/wp\/v2\/posts\/25678\/revisions\/25679"}],"wp:featuredmedia":[{"embeddable":true,"href":"https:\/\/agenciainfra.com\/blog\/wp-json\/wp\/v2\/media\/17876"}],"wp:attachment":[{"href":"https:\/\/agenciainfra.com\/blog\/wp-json\/wp\/v2\/media?parent=25678"}],"wp:term":[{"taxonomy":"category","embeddable":true,"href":"https:\/\/agenciainfra.com\/blog\/wp-json\/wp\/v2\/categories?post=25678"},{"taxonomy":"post_tag","embeddable":true,"href":"https:\/\/agenciainfra.com\/blog\/wp-json\/wp\/v2\/tags?post=25678"}],"curies":[{"name":"wp","href":"https:\/\/api.w.org\/{rel}","templated":true}]}}