{"id":25693,"date":"2025-08-01T12:04:17","date_gmt":"2025-08-01T15:04:17","guid":{"rendered":"https:\/\/agenciainfra.com\/blog\/?p=25693"},"modified":"2025-08-04T11:27:39","modified_gmt":"2025-08-04T14:27:39","slug":"anm-cria-nova-divisao-para-projetos-de-minerais-criticos-e-estrategicos","status":"publish","type":"post","link":"https:\/\/agenciainfra.com\/blog\/anm-cria-nova-divisao-para-projetos-de-minerais-criticos-e-estrategicos\/","title":{"rendered":"ANM cria nova divis\u00e3o para projetos de minerais cr\u00edticos e estrat\u00e9gicos"},"content":{"rendered":"\n<p class=\"has-text-align-right\"><strong>Rafael Bitencourt, da Ag\u00eancia iNFRA<\/strong><\/p>\n\n\n\n<p>A ANM (Ag\u00eancia Nacional de Minera\u00e7\u00e3o) criou nesta sexta-feira (1\u00ba) uma nova unidade funcional dedicada aos minerais cr\u00edticos e estrat\u00e9gicos \u2013 min\u00e9rios usados na transi\u00e7\u00e3o energ\u00e9tica ou altamente demandados do mercado externo. Esta medida foi publicada no \u201cDi\u00e1rio Oficial da Uni\u00e3o\u201d, como parte da atualiza\u00e7\u00e3o do regimento interno do \u00f3rg\u00e3o.<\/p>\n\n\n\n<p>A nova frente de trabalho da ANM \u00e9 chamada de \u201cDivis\u00e3o de Minerais Cr\u00edticos e Estrat\u00e9gicos\u201d. A <strong>Ag\u00eancia iNFRA<\/strong> apurou que a mudan\u00e7a foi pensada para dar maior agilidade \u00e0 an\u00e1lise dos processos internos relacionados \u00e0 explora\u00e7\u00e3o desse tipo de reserva.<\/p>\n\n\n\n<p>As novas pol\u00edticas e programas para estimular o setor de minerais cr\u00edticos e estrat\u00e9gicos no Brasil, que vem sendo discutida no governo e no Congresso, prev\u00ea a defini\u00e7\u00e3o de prazos reduzidos para dar mais agilidade \u00e0 aprova\u00e7\u00e3o e ao licenciamento&nbsp;dos&nbsp;projetos.<\/p>\n\n\n\n<p><\/p>\n","protected":false},"excerpt":{"rendered":"<p>Rafael Bitencourt, da Ag\u00eancia iNFRA A ANM (Ag\u00eancia Nacional de Minera\u00e7\u00e3o) criou nesta sexta-feira (1\u00ba) uma nova unidade funcional dedicada aos minerais cr\u00edticos e estrat\u00e9gicos \u2013 min\u00e9rios usados na transi\u00e7\u00e3o energ\u00e9tica ou altamente demandados do mercado externo. Esta medida foi publicada no \u201cDi\u00e1rio Oficial da Uni\u00e3o\u201d, como parte da atualiza\u00e7\u00e3o do regimento interno do \u00f3rg\u00e3o. [&hellip;]<\/p>\n","protected":false},"author":1,"featured_media":25662,"comment_status":"closed","ping_status":"closed","sticky":false,"template":"","format":"standard","meta":{"_monsterinsights_skip_tracking":false,"_monsterinsights_sitenote_active":false,"_monsterinsights_sitenote_note":"","_monsterinsights_sitenote_category":0,"footnotes":""},"categories":[7250,1,13239],"tags":[840,340,7723,13228,13749,13813],"class_list":["post-25693","post","type-post","status-publish","format-standard","has-post-thumbnail","hentry","category-destaque-lista","category-geral","category-mineracao","tag-agencia-nacional-de-mineracao","tag-anm","tag-diario-oficial-da-uniao","tag-minerais-criticos","tag-minerais-estrategicos","tag-rafael-bitencourt"],"yoast_head":"<!-- This site is optimized with the Yoast SEO Premium plugin v25.4 (Yoast SEO v26.0) - https:\/\/yoast.com\/wordpress\/plugins\/seo\/ -->\n<title>ANM cria nova divis\u00e3o para projetos de minerais cr\u00edticos e estrat\u00e9gicos - Ag\u00eancia iNFRA<\/title>\n<meta name=\"robots\" content=\"index, follow, max-snippet:-1, max-image-preview:large, max-video-preview:-1\" \/>\n<link rel=\"canonical\" href=\"https:\/\/agenciainfra.com\/blog\/anm-cria-nova-divisao-para-projetos-de-minerais-criticos-e-estrategicos\/\" \/>\n<meta property=\"og:locale\" content=\"pt_BR\" \/>\n<meta property=\"og:type\" content=\"article\" \/>\n<meta property=\"og:title\" content=\"ANM cria nova divis\u00e3o para projetos de minerais cr\u00edticos e estrat\u00e9gicos\" \/>\n<meta property=\"og:description\" content=\"Rafael Bitencourt, da Ag\u00eancia iNFRA A ANM (Ag\u00eancia Nacional de Minera\u00e7\u00e3o) criou nesta sexta-feira (1\u00ba) uma nova unidade funcional dedicada aos minerais cr\u00edticos e estrat\u00e9gicos \u2013 min\u00e9rios usados na transi\u00e7\u00e3o energ\u00e9tica ou altamente demandados do mercado externo. Esta medida foi publicada no \u201cDi\u00e1rio Oficial da Uni\u00e3o\u201d, como parte da atualiza\u00e7\u00e3o do regimento interno do \u00f3rg\u00e3o. [&hellip;]\" \/>\n<meta property=\"og:url\" content=\"https:\/\/agenciainfra.com\/blog\/anm-cria-nova-divisao-para-projetos-de-minerais-criticos-e-estrategicos\/\" \/>\n<meta property=\"og:site_name\" content=\"Ag\u00eancia iNFRA\" \/>\n<meta property=\"article:publisher\" content=\"https:\/\/www.facebook.com\/ageninfra\" \/>\n<meta property=\"article:published_time\" content=\"2025-08-01T15:04:17+00:00\" \/>\n<meta property=\"article:modified_time\" content=\"2025-08-04T14:27:39+00:00\" \/>\n<meta property=\"og:image\" content=\"https:\/\/agenciainfra.com\/blog\/wp-content\/uploads\/2025\/07\/Mineracao-Tania-Rego-Agencia-Brasil.jpg\" \/>\n\t<meta property=\"og:image:width\" content=\"1024\" \/>\n\t<meta property=\"og:image:height\" content=\"768\" \/>\n\t<meta property=\"og:image:type\" content=\"image\/jpeg\" \/>\n<meta name=\"author\" content=\"Ag\u00eancia iNFRA\" \/>\n<meta name=\"twitter:card\" content=\"summary_large_image\" \/>\n<meta name=\"twitter:creator\" content=\"@agencia_infra\" \/>\n<meta name=\"twitter:site\" content=\"@agencia_infra\" \/>\n<meta name=\"twitter:label1\" content=\"Escrito por\" \/>\n\t<meta name=\"twitter:data1\" content=\"Ag\u00eancia iNFRA\" \/>\n\t<meta name=\"twitter:label2\" content=\"Est. tempo de leitura\" \/>\n\t<meta name=\"twitter:data2\" content=\"1 minuto\" \/>\n<script type=\"application\/ld+json\" class=\"yoast-schema-graph\">{\"@context\":\"https:\/\/schema.org\",\"@graph\":[{\"@type\":\"Article\",\"@id\":\"https:\/\/agenciainfra.com\/blog\/anm-cria-nova-divisao-para-projetos-de-minerais-criticos-e-estrategicos\/#article\",\"isPartOf\":{\"@id\":\"https:\/\/agenciainfra.com\/blog\/anm-cria-nova-divisao-para-projetos-de-minerais-criticos-e-estrategicos\/\"},\"author\":{\"name\":\"Ag\u00eancia iNFRA\",\"@id\":\"https:\/\/agenciainfra.com\/blog\/#\/schema\/person\/34af08dff6adea4cb22b06612ba7acfa\"},\"headline\":\"ANM cria nova divis\u00e3o para projetos de minerais cr\u00edticos e estrat\u00e9gicos\",\"datePublished\":\"2025-08-01T15:04:17+00:00\",\"dateModified\":\"2025-08-04T14:27:39+00:00\",\"mainEntityOfPage\":{\"@id\":\"https:\/\/agenciainfra.com\/blog\/anm-cria-nova-divisao-para-projetos-de-minerais-criticos-e-estrategicos\/\"},\"wordCount\":172,\"publisher\":{\"@id\":\"https:\/\/agenciainfra.com\/blog\/#organization\"},\"image\":{\"@id\":\"https:\/\/agenciainfra.com\/blog\/anm-cria-nova-divisao-para-projetos-de-minerais-criticos-e-estrategicos\/#primaryimage\"},\"thumbnailUrl\":\"https:\/\/agenciainfra.com\/blog\/wp-content\/uploads\/2025\/07\/Mineracao-Tania-Rego-Agencia-Brasil.jpg\",\"keywords\":[\"Ag\u00eancia Nacional de Minera\u00e7\u00e3o\",\"ANM\",\"Di\u00e1rio Oficial da Uni\u00e3o\",\"minerais cr\u00edticos\",\"minerais estrat\u00e9gicos\",\"Rafael Bitencourt\"],\"articleSection\":[\"Destaque lista\",\"Geral\",\"Minera\u00e7\u00e3o\"],\"inLanguage\":\"pt-BR\",\"copyrightYear\":\"2025\",\"copyrightHolder\":{\"@id\":\"https:\/\/agenciainfra.com\/blog\/#organization\"}},{\"@type\":\"WebPage\",\"@id\":\"https:\/\/agenciainfra.com\/blog\/anm-cria-nova-divisao-para-projetos-de-minerais-criticos-e-estrategicos\/\",\"url\":\"https:\/\/agenciainfra.com\/blog\/anm-cria-nova-divisao-para-projetos-de-minerais-criticos-e-estrategicos\/\",\"name\":\"ANM cria nova divis\u00e3o para projetos de minerais cr\u00edticos e estrat\u00e9gicos - Ag\u00eancia iNFRA\",\"isPartOf\":{\"@id\":\"https:\/\/agenciainfra.com\/blog\/#website\"},\"primaryImageOfPage\":{\"@id\":\"https:\/\/agenciainfra.com\/blog\/anm-cria-nova-divisao-para-projetos-de-minerais-criticos-e-estrategicos\/#primaryimage\"},\"image\":{\"@id\":\"https:\/\/agenciainfra.com\/blog\/anm-cria-nova-divisao-para-projetos-de-minerais-criticos-e-estrategicos\/#primaryimage\"},\"thumbnailUrl\":\"https:\/\/agenciainfra.com\/blog\/wp-content\/uploads\/2025\/07\/Mineracao-Tania-Rego-Agencia-Brasil.jpg\",\"datePublished\":\"2025-08-01T15:04:17+00:00\",\"dateModified\":\"2025-08-04T14:27:39+00:00\",\"breadcrumb\":{\"@id\":\"https:\/\/agenciainfra.com\/blog\/anm-cria-nova-divisao-para-projetos-de-minerais-criticos-e-estrategicos\/#breadcrumb\"},\"inLanguage\":\"pt-BR\",\"potentialAction\":[{\"@type\":\"ReadAction\",\"target\":[\"https:\/\/agenciainfra.com\/blog\/anm-cria-nova-divisao-para-projetos-de-minerais-criticos-e-estrategicos\/\"]}]},{\"@type\":\"ImageObject\",\"inLanguage\":\"pt-BR\",\"@id\":\"https:\/\/agenciainfra.com\/blog\/anm-cria-nova-divisao-para-projetos-de-minerais-criticos-e-estrategicos\/#primaryimage\",\"url\":\"https:\/\/agenciainfra.com\/blog\/wp-content\/uploads\/2025\/07\/Mineracao-Tania-Rego-Agencia-Brasil.jpg\",\"contentUrl\":\"https:\/\/agenciainfra.com\/blog\/wp-content\/uploads\/2025\/07\/Mineracao-Tania-Rego-Agencia-Brasil.jpg\",\"width\":1024,\"height\":768,\"caption\":\"Foto: T\u00e2nia R\u00eago, Ag\u00eancia Brasil\"},{\"@type\":\"BreadcrumbList\",\"@id\":\"https:\/\/agenciainfra.com\/blog\/anm-cria-nova-divisao-para-projetos-de-minerais-criticos-e-estrategicos\/#breadcrumb\",\"itemListElement\":[{\"@type\":\"ListItem\",\"position\":1,\"name\":\"In\u00edcio\",\"item\":\"https:\/\/agenciainfra.com\/blog\/\"},{\"@type\":\"ListItem\",\"position\":2,\"name\":\"ANM cria nova divis\u00e3o para projetos de minerais cr\u00edticos e estrat\u00e9gicos\"}]},{\"@type\":\"WebSite\",\"@id\":\"https:\/\/agenciainfra.com\/blog\/#website\",\"url\":\"https:\/\/agenciainfra.com\/blog\/\",\"name\":\"Ag\u00eancia iNFRA\",\"description\":\"Multiplataforma de informa\u00e7\u00e3o jornal\u00edstica refer\u00eancia na \u00e1rea de infraestrutura no Brasil!\",\"publisher\":{\"@id\":\"https:\/\/agenciainfra.com\/blog\/#organization\"},\"potentialAction\":[{\"@type\":\"SearchAction\",\"target\":{\"@type\":\"EntryPoint\",\"urlTemplate\":\"https:\/\/agenciainfra.com\/blog\/?s={search_term_string}\"},\"query-input\":{\"@type\":\"PropertyValueSpecification\",\"valueRequired\":true,\"valueName\":\"search_term_string\"}}],\"inLanguage\":\"pt-BR\"},{\"@type\":\"Organization\",\"@id\":\"https:\/\/agenciainfra.com\/blog\/#organization\",\"name\":\"Ag\u00eancia iNFRA\",\"url\":\"https:\/\/agenciainfra.com\/blog\/\",\"logo\":{\"@type\":\"ImageObject\",\"inLanguage\":\"pt-BR\",\"@id\":\"https:\/\/agenciainfra.com\/blog\/#\/schema\/logo\/image\/\",\"url\":\"https:\/\/agenciainfra.com\/blog\/wp-content\/uploads\/2023\/09\/iNFRA_5-e1761735885940.png\",\"contentUrl\":\"https:\/\/agenciainfra.com\/blog\/wp-content\/uploads\/2023\/09\/iNFRA_5-e1761735885940.png\",\"width\":1672,\"height\":454,\"caption\":\"Ag\u00eancia iNFRA\"},\"image\":{\"@id\":\"https:\/\/agenciainfra.com\/blog\/#\/schema\/logo\/image\/\"},\"sameAs\":[\"https:\/\/www.facebook.com\/ageninfra\",\"https:\/\/x.com\/agencia_infra\",\"https:\/\/www.linkedin.com\/company\/ag\u00eanciainfra\/\",\"https:\/\/www.instagram.com\/agenciainfra\/\"]},{\"@type\":\"Person\",\"@id\":\"https:\/\/agenciainfra.com\/blog\/#\/schema\/person\/34af08dff6adea4cb22b06612ba7acfa\",\"name\":\"Ag\u00eancia iNFRA\",\"image\":{\"@type\":\"ImageObject\",\"inLanguage\":\"pt-BR\",\"@id\":\"https:\/\/agenciainfra.com\/blog\/#\/schema\/person\/image\/\",\"url\":\"https:\/\/secure.gravatar.com\/avatar\/d189e01678f06d8eb84d4e01f08eb848b3fffe3f8443818d3c356c66892f5be8?s=96&d=mm&r=g\",\"contentUrl\":\"https:\/\/secure.gravatar.com\/avatar\/d189e01678f06d8eb84d4e01f08eb848b3fffe3f8443818d3c356c66892f5be8?s=96&d=mm&r=g\",\"caption\":\"Ag\u00eancia iNFRA\"},\"url\":\"https:\/\/agenciainfra.com\/blog\/author\/admin\/\"}]}<\/script>\n<!-- \/ Yoast SEO Premium plugin. -->","yoast_head_json":{"title":"ANM cria nova divis\u00e3o para projetos de minerais cr\u00edticos e estrat\u00e9gicos - Ag\u00eancia iNFRA","robots":{"index":"index","follow":"follow","max-snippet":"max-snippet:-1","max-image-preview":"max-image-preview:large","max-video-preview":"max-video-preview:-1"},"canonical":"https:\/\/agenciainfra.com\/blog\/anm-cria-nova-divisao-para-projetos-de-minerais-criticos-e-estrategicos\/","og_locale":"pt_BR","og_type":"article","og_title":"ANM cria nova divis\u00e3o para projetos de minerais cr\u00edticos e estrat\u00e9gicos","og_description":"Rafael Bitencourt, da Ag\u00eancia iNFRA A ANM (Ag\u00eancia Nacional de Minera\u00e7\u00e3o) criou nesta sexta-feira (1\u00ba) uma nova unidade funcional dedicada aos minerais cr\u00edticos e estrat\u00e9gicos \u2013 min\u00e9rios usados na transi\u00e7\u00e3o energ\u00e9tica ou altamente demandados do mercado externo. Esta medida foi publicada no \u201cDi\u00e1rio Oficial da Uni\u00e3o\u201d, como parte da atualiza\u00e7\u00e3o do regimento interno do \u00f3rg\u00e3o. [&hellip;]","og_url":"https:\/\/agenciainfra.com\/blog\/anm-cria-nova-divisao-para-projetos-de-minerais-criticos-e-estrategicos\/","og_site_name":"Ag\u00eancia iNFRA","article_publisher":"https:\/\/www.facebook.com\/ageninfra","article_published_time":"2025-08-01T15:04:17+00:00","article_modified_time":"2025-08-04T14:27:39+00:00","og_image":[{"width":1024,"height":768,"url":"https:\/\/agenciainfra.com\/blog\/wp-content\/uploads\/2025\/07\/Mineracao-Tania-Rego-Agencia-Brasil.jpg","type":"image\/jpeg"}],"author":"Ag\u00eancia iNFRA","twitter_card":"summary_large_image","twitter_creator":"@agencia_infra","twitter_site":"@agencia_infra","twitter_misc":{"Escrito por":"Ag\u00eancia iNFRA","Est. tempo de leitura":"1 minuto"},"schema":{"@context":"https:\/\/schema.org","@graph":[{"@type":"Article","@id":"https:\/\/agenciainfra.com\/blog\/anm-cria-nova-divisao-para-projetos-de-minerais-criticos-e-estrategicos\/#article","isPartOf":{"@id":"https:\/\/agenciainfra.com\/blog\/anm-cria-nova-divisao-para-projetos-de-minerais-criticos-e-estrategicos\/"},"author":{"name":"Ag\u00eancia iNFRA","@id":"https:\/\/agenciainfra.com\/blog\/#\/schema\/person\/34af08dff6adea4cb22b06612ba7acfa"},"headline":"ANM cria nova divis\u00e3o para projetos de minerais cr\u00edticos e estrat\u00e9gicos","datePublished":"2025-08-01T15:04:17+00:00","dateModified":"2025-08-04T14:27:39+00:00","mainEntityOfPage":{"@id":"https:\/\/agenciainfra.com\/blog\/anm-cria-nova-divisao-para-projetos-de-minerais-criticos-e-estrategicos\/"},"wordCount":172,"publisher":{"@id":"https:\/\/agenciainfra.com\/blog\/#organization"},"image":{"@id":"https:\/\/agenciainfra.com\/blog\/anm-cria-nova-divisao-para-projetos-de-minerais-criticos-e-estrategicos\/#primaryimage"},"thumbnailUrl":"https:\/\/agenciainfra.com\/blog\/wp-content\/uploads\/2025\/07\/Mineracao-Tania-Rego-Agencia-Brasil.jpg","keywords":["Ag\u00eancia Nacional de Minera\u00e7\u00e3o","ANM","Di\u00e1rio Oficial da Uni\u00e3o","minerais cr\u00edticos","minerais estrat\u00e9gicos","Rafael Bitencourt"],"articleSection":["Destaque lista","Geral","Minera\u00e7\u00e3o"],"inLanguage":"pt-BR","copyrightYear":"2025","copyrightHolder":{"@id":"https:\/\/agenciainfra.com\/blog\/#organization"}},{"@type":"WebPage","@id":"https:\/\/agenciainfra.com\/blog\/anm-cria-nova-divisao-para-projetos-de-minerais-criticos-e-estrategicos\/","url":"https:\/\/agenciainfra.com\/blog\/anm-cria-nova-divisao-para-projetos-de-minerais-criticos-e-estrategicos\/","name":"ANM cria nova divis\u00e3o para projetos de minerais cr\u00edticos e estrat\u00e9gicos - Ag\u00eancia iNFRA","isPartOf":{"@id":"https:\/\/agenciainfra.com\/blog\/#website"},"primaryImageOfPage":{"@id":"https:\/\/agenciainfra.com\/blog\/anm-cria-nova-divisao-para-projetos-de-minerais-criticos-e-estrategicos\/#primaryimage"},"image":{"@id":"https:\/\/agenciainfra.com\/blog\/anm-cria-nova-divisao-para-projetos-de-minerais-criticos-e-estrategicos\/#primaryimage"},"thumbnailUrl":"https:\/\/agenciainfra.com\/blog\/wp-content\/uploads\/2025\/07\/Mineracao-Tania-Rego-Agencia-Brasil.jpg","datePublished":"2025-08-01T15:04:17+00:00","dateModified":"2025-08-04T14:27:39+00:00","breadcrumb":{"@id":"https:\/\/agenciainfra.com\/blog\/anm-cria-nova-divisao-para-projetos-de-minerais-criticos-e-estrategicos\/#breadcrumb"},"inLanguage":"pt-BR","potentialAction":[{"@type":"ReadAction","target":["https:\/\/agenciainfra.com\/blog\/anm-cria-nova-divisao-para-projetos-de-minerais-criticos-e-estrategicos\/"]}]},{"@type":"ImageObject","inLanguage":"pt-BR","@id":"https:\/\/agenciainfra.com\/blog\/anm-cria-nova-divisao-para-projetos-de-minerais-criticos-e-estrategicos\/#primaryimage","url":"https:\/\/agenciainfra.com\/blog\/wp-content\/uploads\/2025\/07\/Mineracao-Tania-Rego-Agencia-Brasil.jpg","contentUrl":"https:\/\/agenciainfra.com\/blog\/wp-content\/uploads\/2025\/07\/Mineracao-Tania-Rego-Agencia-Brasil.jpg","width":1024,"height":768,"caption":"Foto: T\u00e2nia R\u00eago, Ag\u00eancia Brasil"},{"@type":"BreadcrumbList","@id":"https:\/\/agenciainfra.com\/blog\/anm-cria-nova-divisao-para-projetos-de-minerais-criticos-e-estrategicos\/#breadcrumb","itemListElement":[{"@type":"ListItem","position":1,"name":"In\u00edcio","item":"https:\/\/agenciainfra.com\/blog\/"},{"@type":"ListItem","position":2,"name":"ANM cria nova divis\u00e3o para projetos de minerais cr\u00edticos e estrat\u00e9gicos"}]},{"@type":"WebSite","@id":"https:\/\/agenciainfra.com\/blog\/#website","url":"https:\/\/agenciainfra.com\/blog\/","name":"Ag\u00eancia iNFRA","description":"Multiplataforma de informa\u00e7\u00e3o jornal\u00edstica refer\u00eancia na \u00e1rea de infraestrutura no Brasil!","publisher":{"@id":"https:\/\/agenciainfra.com\/blog\/#organization"},"potentialAction":[{"@type":"SearchAction","target":{"@type":"EntryPoint","urlTemplate":"https:\/\/agenciainfra.com\/blog\/?s={search_term_string}"},"query-input":{"@type":"PropertyValueSpecification","valueRequired":true,"valueName":"search_term_string"}}],"inLanguage":"pt-BR"},{"@type":"Organization","@id":"https:\/\/agenciainfra.com\/blog\/#organization","name":"Ag\u00eancia iNFRA","url":"https:\/\/agenciainfra.com\/blog\/","logo":{"@type":"ImageObject","inLanguage":"pt-BR","@id":"https:\/\/agenciainfra.com\/blog\/#\/schema\/logo\/image\/","url":"https:\/\/agenciainfra.com\/blog\/wp-content\/uploads\/2023\/09\/iNFRA_5-e1761735885940.png","contentUrl":"https:\/\/agenciainfra.com\/blog\/wp-content\/uploads\/2023\/09\/iNFRA_5-e1761735885940.png","width":1672,"height":454,"caption":"Ag\u00eancia iNFRA"},"image":{"@id":"https:\/\/agenciainfra.com\/blog\/#\/schema\/logo\/image\/"},"sameAs":["https:\/\/www.facebook.com\/ageninfra","https:\/\/x.com\/agencia_infra","https:\/\/www.linkedin.com\/company\/ag\u00eanciainfra\/","https:\/\/www.instagram.com\/agenciainfra\/"]},{"@type":"Person","@id":"https:\/\/agenciainfra.com\/blog\/#\/schema\/person\/34af08dff6adea4cb22b06612ba7acfa","name":"Ag\u00eancia iNFRA","image":{"@type":"ImageObject","inLanguage":"pt-BR","@id":"https:\/\/agenciainfra.com\/blog\/#\/schema\/person\/image\/","url":"https:\/\/secure.gravatar.com\/avatar\/d189e01678f06d8eb84d4e01f08eb848b3fffe3f8443818d3c356c66892f5be8?s=96&d=mm&r=g","contentUrl":"https:\/\/secure.gravatar.com\/avatar\/d189e01678f06d8eb84d4e01f08eb848b3fffe3f8443818d3c356c66892f5be8?s=96&d=mm&r=g","caption":"Ag\u00eancia iNFRA"},"url":"https:\/\/agenciainfra.com\/blog\/author\/admin\/"}]}},"_links":{"self":[{"href":"https:\/\/agenciainfra.com\/blog\/wp-json\/wp\/v2\/posts\/25693","targetHints":{"allow":["GET"]}}],"collection":[{"href":"https:\/\/agenciainfra.com\/blog\/wp-json\/wp\/v2\/posts"}],"about":[{"href":"https:\/\/agenciainfra.com\/blog\/wp-json\/wp\/v2\/types\/post"}],"author":[{"embeddable":true,"href":"https:\/\/agenciainfra.com\/blog\/wp-json\/wp\/v2\/users\/1"}],"replies":[{"embeddable":true,"href":"https:\/\/agenciainfra.com\/blog\/wp-json\/wp\/v2\/comments?post=25693"}],"version-history":[{"count":2,"href":"https:\/\/agenciainfra.com\/blog\/wp-json\/wp\/v2\/posts\/25693\/revisions"}],"predecessor-version":[{"id":25711,"href":"https:\/\/agenciainfra.com\/blog\/wp-json\/wp\/v2\/posts\/25693\/revisions\/25711"}],"wp:featuredmedia":[{"embeddable":true,"href":"https:\/\/agenciainfra.com\/blog\/wp-json\/wp\/v2\/media\/25662"}],"wp:attachment":[{"href":"https:\/\/agenciainfra.com\/blog\/wp-json\/wp\/v2\/media?parent=25693"}],"wp:term":[{"taxonomy":"category","embeddable":true,"href":"https:\/\/agenciainfra.com\/blog\/wp-json\/wp\/v2\/categories?post=25693"},{"taxonomy":"post_tag","embeddable":true,"href":"https:\/\/agenciainfra.com\/blog\/wp-json\/wp\/v2\/tags?post=25693"}],"curies":[{"name":"wp","href":"https:\/\/api.w.org\/{rel}","templated":true}]}}