{"id":25706,"date":"2025-08-01T14:18:07","date_gmt":"2025-08-01T17:18:07","guid":{"rendered":"https:\/\/agenciainfra.com\/blog\/?p=25706"},"modified":"2025-08-01T14:18:09","modified_gmt":"2025-08-01T17:18:09","slug":"jose-carlos-aleluia-e-eleito-como-conselheiro-independente-da-abraceel-por-dois-anos","status":"publish","type":"post","link":"https:\/\/agenciainfra.com\/blog\/jose-carlos-aleluia-e-eleito-como-conselheiro-independente-da-abraceel-por-dois-anos\/","title":{"rendered":"Jos\u00e9 Carlos Aleluia \u00e9 eleito como conselheiro independente da Abraceel por dois anos"},"content":{"rendered":"\n<p class=\"has-text-align-right\"><strong>da Ag\u00eancia iNFRA<\/strong><\/p>\n\n\n\n<p>A Abraceel (Associa\u00e7\u00e3o Brasileira dos Comercializadores de Energia) elegeu o ex-deputado federal Jos\u00e9 Carlos Aleluia como seu novo conselheiro independente para um mandato de dois anos. A escolha foi feita pelos membros do Conselho de Administra\u00e7\u00e3o ap\u00f3s processo seletivo interno.<\/p>\n\n\n\n<p>Engenheiro eletricista formado pela UFBA (Universidade Federal da Bahia), Aleluia foi diretor da Coelba, presidente da Chesf e atuou como deputado federal por seis mandatos. Como parlamentar, teve papel relevante como relator da Lei 9.074\/1995, que estabeleceu o mercado livre de energia no Brasil.<\/p>\n\n\n\n<p>Para o presidente do Conselho da Abraceel, Wilson Ferreira Jr., a escolha fortalece a governan\u00e7a da entidade. \u201cJos\u00e9 Carlos Aleluia foi meu colega como conselheiro na Itaipu, \u00e9 experiente e respeitado no Congresso Nacional por todas as contribui\u00e7\u00f5es e defesa do setor el\u00e9trico\u201d, afirmou.<\/p>\n","protected":false},"excerpt":{"rendered":"<p>da Ag\u00eancia iNFRA A Abraceel (Associa\u00e7\u00e3o Brasileira dos Comercializadores de Energia) elegeu o ex-deputado federal Jos\u00e9 Carlos Aleluia como seu novo conselheiro independente para um mandato de dois anos. A escolha foi feita pelos membros do Conselho de Administra\u00e7\u00e3o ap\u00f3s processo seletivo interno. Engenheiro eletricista formado pela UFBA (Universidade Federal da Bahia), Aleluia foi diretor [&hellip;]<\/p>\n","protected":false},"author":1,"featured_media":25707,"comment_status":"closed","ping_status":"closed","sticky":false,"template":"","format":"standard","meta":{"_monsterinsights_skip_tracking":false,"_monsterinsights_sitenote_active":false,"_monsterinsights_sitenote_note":"","_monsterinsights_sitenote_category":0,"footnotes":""},"categories":[1,13576],"tags":[40,14695,25,14696,54],"class_list":["post-25706","post","type-post","status-publish","format-standard","has-post-thumbnail","hentry","category-geral","category-giro-infra","tag-abraceel","tag-conselho-da-abraceel","tag-energia","tag-jose-carlos-aleluia","tag-setor-eletrico"],"yoast_head":"<!-- This site is optimized with the Yoast SEO Premium plugin v25.4 (Yoast SEO v26.0) - https:\/\/yoast.com\/wordpress\/plugins\/seo\/ -->\n<title>Jos\u00e9 Carlos Aleluia \u00e9 eleito como conselheiro independente da Abraceel por dois anos - Ag\u00eancia iNFRA<\/title>\n<meta name=\"robots\" content=\"index, follow, max-snippet:-1, max-image-preview:large, max-video-preview:-1\" \/>\n<link rel=\"canonical\" href=\"https:\/\/agenciainfra.com\/blog\/jose-carlos-aleluia-e-eleito-como-conselheiro-independente-da-abraceel-por-dois-anos\/\" \/>\n<meta property=\"og:locale\" content=\"pt_BR\" \/>\n<meta property=\"og:type\" content=\"article\" \/>\n<meta property=\"og:title\" content=\"Jos\u00e9 Carlos Aleluia \u00e9 eleito como conselheiro independente da Abraceel por dois anos\" \/>\n<meta property=\"og:description\" content=\"da Ag\u00eancia iNFRA A Abraceel (Associa\u00e7\u00e3o Brasileira dos Comercializadores de Energia) elegeu o ex-deputado federal Jos\u00e9 Carlos Aleluia como seu novo conselheiro independente para um mandato de dois anos. A escolha foi feita pelos membros do Conselho de Administra\u00e7\u00e3o ap\u00f3s processo seletivo interno. Engenheiro eletricista formado pela UFBA (Universidade Federal da Bahia), Aleluia foi diretor [&hellip;]\" \/>\n<meta property=\"og:url\" content=\"https:\/\/agenciainfra.com\/blog\/jose-carlos-aleluia-e-eleito-como-conselheiro-independente-da-abraceel-por-dois-anos\/\" \/>\n<meta property=\"og:site_name\" content=\"Ag\u00eancia iNFRA\" \/>\n<meta property=\"article:publisher\" content=\"https:\/\/www.facebook.com\/ageninfra\" \/>\n<meta property=\"article:published_time\" content=\"2025-08-01T17:18:07+00:00\" \/>\n<meta property=\"article:modified_time\" content=\"2025-08-01T17:18:09+00:00\" \/>\n<meta property=\"og:image\" content=\"https:\/\/agenciainfra.com\/blog\/wp-content\/uploads\/2025\/08\/jose-carlos-aleluia-foto-divulgacao.jpg\" \/>\n\t<meta property=\"og:image:width\" content=\"814\" \/>\n\t<meta property=\"og:image:height\" content=\"541\" \/>\n\t<meta property=\"og:image:type\" content=\"image\/jpeg\" \/>\n<meta name=\"author\" content=\"Ag\u00eancia iNFRA\" \/>\n<meta name=\"twitter:card\" content=\"summary_large_image\" \/>\n<meta name=\"twitter:creator\" content=\"@agencia_infra\" \/>\n<meta name=\"twitter:site\" content=\"@agencia_infra\" \/>\n<meta name=\"twitter:label1\" content=\"Escrito por\" \/>\n\t<meta name=\"twitter:data1\" content=\"Ag\u00eancia iNFRA\" \/>\n\t<meta name=\"twitter:label2\" content=\"Est. tempo de leitura\" \/>\n\t<meta name=\"twitter:data2\" content=\"1 minuto\" \/>\n<script type=\"application\/ld+json\" class=\"yoast-schema-graph\">{\"@context\":\"https:\/\/schema.org\",\"@graph\":[{\"@type\":\"Article\",\"@id\":\"https:\/\/agenciainfra.com\/blog\/jose-carlos-aleluia-e-eleito-como-conselheiro-independente-da-abraceel-por-dois-anos\/#article\",\"isPartOf\":{\"@id\":\"https:\/\/agenciainfra.com\/blog\/jose-carlos-aleluia-e-eleito-como-conselheiro-independente-da-abraceel-por-dois-anos\/\"},\"author\":{\"name\":\"Ag\u00eancia iNFRA\",\"@id\":\"https:\/\/agenciainfra.com\/blog\/#\/schema\/person\/34af08dff6adea4cb22b06612ba7acfa\"},\"headline\":\"Jos\u00e9 Carlos Aleluia \u00e9 eleito como conselheiro independente da Abraceel por dois anos\",\"datePublished\":\"2025-08-01T17:18:07+00:00\",\"dateModified\":\"2025-08-01T17:18:09+00:00\",\"mainEntityOfPage\":{\"@id\":\"https:\/\/agenciainfra.com\/blog\/jose-carlos-aleluia-e-eleito-como-conselheiro-independente-da-abraceel-por-dois-anos\/\"},\"wordCount\":148,\"publisher\":{\"@id\":\"https:\/\/agenciainfra.com\/blog\/#organization\"},\"image\":{\"@id\":\"https:\/\/agenciainfra.com\/blog\/jose-carlos-aleluia-e-eleito-como-conselheiro-independente-da-abraceel-por-dois-anos\/#primaryimage\"},\"thumbnailUrl\":\"https:\/\/agenciainfra.com\/blog\/wp-content\/uploads\/2025\/08\/jose-carlos-aleluia-foto-divulgacao.jpg\",\"keywords\":[\"Abraceel\",\"conselho da Abraceel\",\"energia\",\"Jos\u00e9 Carlos Aleluia\",\"Setor El\u00e9trico\"],\"articleSection\":[\"Geral\",\"Giro iNFRA\"],\"inLanguage\":\"pt-BR\",\"copyrightYear\":\"2025\",\"copyrightHolder\":{\"@id\":\"https:\/\/agenciainfra.com\/blog\/#organization\"}},{\"@type\":\"WebPage\",\"@id\":\"https:\/\/agenciainfra.com\/blog\/jose-carlos-aleluia-e-eleito-como-conselheiro-independente-da-abraceel-por-dois-anos\/\",\"url\":\"https:\/\/agenciainfra.com\/blog\/jose-carlos-aleluia-e-eleito-como-conselheiro-independente-da-abraceel-por-dois-anos\/\",\"name\":\"Jos\u00e9 Carlos Aleluia \u00e9 eleito como conselheiro independente da Abraceel por dois anos - Ag\u00eancia iNFRA\",\"isPartOf\":{\"@id\":\"https:\/\/agenciainfra.com\/blog\/#website\"},\"primaryImageOfPage\":{\"@id\":\"https:\/\/agenciainfra.com\/blog\/jose-carlos-aleluia-e-eleito-como-conselheiro-independente-da-abraceel-por-dois-anos\/#primaryimage\"},\"image\":{\"@id\":\"https:\/\/agenciainfra.com\/blog\/jose-carlos-aleluia-e-eleito-como-conselheiro-independente-da-abraceel-por-dois-anos\/#primaryimage\"},\"thumbnailUrl\":\"https:\/\/agenciainfra.com\/blog\/wp-content\/uploads\/2025\/08\/jose-carlos-aleluia-foto-divulgacao.jpg\",\"datePublished\":\"2025-08-01T17:18:07+00:00\",\"dateModified\":\"2025-08-01T17:18:09+00:00\",\"breadcrumb\":{\"@id\":\"https:\/\/agenciainfra.com\/blog\/jose-carlos-aleluia-e-eleito-como-conselheiro-independente-da-abraceel-por-dois-anos\/#breadcrumb\"},\"inLanguage\":\"pt-BR\",\"potentialAction\":[{\"@type\":\"ReadAction\",\"target\":[\"https:\/\/agenciainfra.com\/blog\/jose-carlos-aleluia-e-eleito-como-conselheiro-independente-da-abraceel-por-dois-anos\/\"]}]},{\"@type\":\"ImageObject\",\"inLanguage\":\"pt-BR\",\"@id\":\"https:\/\/agenciainfra.com\/blog\/jose-carlos-aleluia-e-eleito-como-conselheiro-independente-da-abraceel-por-dois-anos\/#primaryimage\",\"url\":\"https:\/\/agenciainfra.com\/blog\/wp-content\/uploads\/2025\/08\/jose-carlos-aleluia-foto-divulgacao.jpg\",\"contentUrl\":\"https:\/\/agenciainfra.com\/blog\/wp-content\/uploads\/2025\/08\/jose-carlos-aleluia-foto-divulgacao.jpg\",\"width\":814,\"height\":541,\"caption\":\"Foto: Divulga\u00e7\u00e3o\"},{\"@type\":\"BreadcrumbList\",\"@id\":\"https:\/\/agenciainfra.com\/blog\/jose-carlos-aleluia-e-eleito-como-conselheiro-independente-da-abraceel-por-dois-anos\/#breadcrumb\",\"itemListElement\":[{\"@type\":\"ListItem\",\"position\":1,\"name\":\"In\u00edcio\",\"item\":\"https:\/\/agenciainfra.com\/blog\/\"},{\"@type\":\"ListItem\",\"position\":2,\"name\":\"Jos\u00e9 Carlos Aleluia \u00e9 eleito como conselheiro independente da Abraceel por dois anos\"}]},{\"@type\":\"WebSite\",\"@id\":\"https:\/\/agenciainfra.com\/blog\/#website\",\"url\":\"https:\/\/agenciainfra.com\/blog\/\",\"name\":\"Ag\u00eancia iNFRA\",\"description\":\"Multiplataforma de informa\u00e7\u00e3o jornal\u00edstica refer\u00eancia na \u00e1rea de infraestrutura no Brasil!\",\"publisher\":{\"@id\":\"https:\/\/agenciainfra.com\/blog\/#organization\"},\"potentialAction\":[{\"@type\":\"SearchAction\",\"target\":{\"@type\":\"EntryPoint\",\"urlTemplate\":\"https:\/\/agenciainfra.com\/blog\/?s={search_term_string}\"},\"query-input\":{\"@type\":\"PropertyValueSpecification\",\"valueRequired\":true,\"valueName\":\"search_term_string\"}}],\"inLanguage\":\"pt-BR\"},{\"@type\":\"Organization\",\"@id\":\"https:\/\/agenciainfra.com\/blog\/#organization\",\"name\":\"Ag\u00eancia iNFRA\",\"url\":\"https:\/\/agenciainfra.com\/blog\/\",\"logo\":{\"@type\":\"ImageObject\",\"inLanguage\":\"pt-BR\",\"@id\":\"https:\/\/agenciainfra.com\/blog\/#\/schema\/logo\/image\/\",\"url\":\"https:\/\/agenciainfra.com\/blog\/wp-content\/uploads\/2023\/09\/iNFRA_5-e1761735885940.png\",\"contentUrl\":\"https:\/\/agenciainfra.com\/blog\/wp-content\/uploads\/2023\/09\/iNFRA_5-e1761735885940.png\",\"width\":1672,\"height\":454,\"caption\":\"Ag\u00eancia iNFRA\"},\"image\":{\"@id\":\"https:\/\/agenciainfra.com\/blog\/#\/schema\/logo\/image\/\"},\"sameAs\":[\"https:\/\/www.facebook.com\/ageninfra\",\"https:\/\/x.com\/agencia_infra\",\"https:\/\/www.linkedin.com\/company\/ag\u00eanciainfra\/\",\"https:\/\/www.instagram.com\/agenciainfra\/\"]},{\"@type\":\"Person\",\"@id\":\"https:\/\/agenciainfra.com\/blog\/#\/schema\/person\/34af08dff6adea4cb22b06612ba7acfa\",\"name\":\"Ag\u00eancia iNFRA\",\"image\":{\"@type\":\"ImageObject\",\"inLanguage\":\"pt-BR\",\"@id\":\"https:\/\/agenciainfra.com\/blog\/#\/schema\/person\/image\/\",\"url\":\"https:\/\/secure.gravatar.com\/avatar\/d189e01678f06d8eb84d4e01f08eb848b3fffe3f8443818d3c356c66892f5be8?s=96&d=mm&r=g\",\"contentUrl\":\"https:\/\/secure.gravatar.com\/avatar\/d189e01678f06d8eb84d4e01f08eb848b3fffe3f8443818d3c356c66892f5be8?s=96&d=mm&r=g\",\"caption\":\"Ag\u00eancia iNFRA\"},\"url\":\"https:\/\/agenciainfra.com\/blog\/author\/admin\/\"}]}<\/script>\n<!-- \/ Yoast SEO Premium plugin. -->","yoast_head_json":{"title":"Jos\u00e9 Carlos Aleluia \u00e9 eleito como conselheiro independente da Abraceel por dois anos - Ag\u00eancia iNFRA","robots":{"index":"index","follow":"follow","max-snippet":"max-snippet:-1","max-image-preview":"max-image-preview:large","max-video-preview":"max-video-preview:-1"},"canonical":"https:\/\/agenciainfra.com\/blog\/jose-carlos-aleluia-e-eleito-como-conselheiro-independente-da-abraceel-por-dois-anos\/","og_locale":"pt_BR","og_type":"article","og_title":"Jos\u00e9 Carlos Aleluia \u00e9 eleito como conselheiro independente da Abraceel por dois anos","og_description":"da Ag\u00eancia iNFRA A Abraceel (Associa\u00e7\u00e3o Brasileira dos Comercializadores de Energia) elegeu o ex-deputado federal Jos\u00e9 Carlos Aleluia como seu novo conselheiro independente para um mandato de dois anos. A escolha foi feita pelos membros do Conselho de Administra\u00e7\u00e3o ap\u00f3s processo seletivo interno. Engenheiro eletricista formado pela UFBA (Universidade Federal da Bahia), Aleluia foi diretor [&hellip;]","og_url":"https:\/\/agenciainfra.com\/blog\/jose-carlos-aleluia-e-eleito-como-conselheiro-independente-da-abraceel-por-dois-anos\/","og_site_name":"Ag\u00eancia iNFRA","article_publisher":"https:\/\/www.facebook.com\/ageninfra","article_published_time":"2025-08-01T17:18:07+00:00","article_modified_time":"2025-08-01T17:18:09+00:00","og_image":[{"width":814,"height":541,"url":"https:\/\/agenciainfra.com\/blog\/wp-content\/uploads\/2025\/08\/jose-carlos-aleluia-foto-divulgacao.jpg","type":"image\/jpeg"}],"author":"Ag\u00eancia iNFRA","twitter_card":"summary_large_image","twitter_creator":"@agencia_infra","twitter_site":"@agencia_infra","twitter_misc":{"Escrito por":"Ag\u00eancia iNFRA","Est. tempo de leitura":"1 minuto"},"schema":{"@context":"https:\/\/schema.org","@graph":[{"@type":"Article","@id":"https:\/\/agenciainfra.com\/blog\/jose-carlos-aleluia-e-eleito-como-conselheiro-independente-da-abraceel-por-dois-anos\/#article","isPartOf":{"@id":"https:\/\/agenciainfra.com\/blog\/jose-carlos-aleluia-e-eleito-como-conselheiro-independente-da-abraceel-por-dois-anos\/"},"author":{"name":"Ag\u00eancia iNFRA","@id":"https:\/\/agenciainfra.com\/blog\/#\/schema\/person\/34af08dff6adea4cb22b06612ba7acfa"},"headline":"Jos\u00e9 Carlos Aleluia \u00e9 eleito como conselheiro independente da Abraceel por dois anos","datePublished":"2025-08-01T17:18:07+00:00","dateModified":"2025-08-01T17:18:09+00:00","mainEntityOfPage":{"@id":"https:\/\/agenciainfra.com\/blog\/jose-carlos-aleluia-e-eleito-como-conselheiro-independente-da-abraceel-por-dois-anos\/"},"wordCount":148,"publisher":{"@id":"https:\/\/agenciainfra.com\/blog\/#organization"},"image":{"@id":"https:\/\/agenciainfra.com\/blog\/jose-carlos-aleluia-e-eleito-como-conselheiro-independente-da-abraceel-por-dois-anos\/#primaryimage"},"thumbnailUrl":"https:\/\/agenciainfra.com\/blog\/wp-content\/uploads\/2025\/08\/jose-carlos-aleluia-foto-divulgacao.jpg","keywords":["Abraceel","conselho da Abraceel","energia","Jos\u00e9 Carlos Aleluia","Setor El\u00e9trico"],"articleSection":["Geral","Giro iNFRA"],"inLanguage":"pt-BR","copyrightYear":"2025","copyrightHolder":{"@id":"https:\/\/agenciainfra.com\/blog\/#organization"}},{"@type":"WebPage","@id":"https:\/\/agenciainfra.com\/blog\/jose-carlos-aleluia-e-eleito-como-conselheiro-independente-da-abraceel-por-dois-anos\/","url":"https:\/\/agenciainfra.com\/blog\/jose-carlos-aleluia-e-eleito-como-conselheiro-independente-da-abraceel-por-dois-anos\/","name":"Jos\u00e9 Carlos Aleluia \u00e9 eleito como conselheiro independente da Abraceel por dois anos - Ag\u00eancia iNFRA","isPartOf":{"@id":"https:\/\/agenciainfra.com\/blog\/#website"},"primaryImageOfPage":{"@id":"https:\/\/agenciainfra.com\/blog\/jose-carlos-aleluia-e-eleito-como-conselheiro-independente-da-abraceel-por-dois-anos\/#primaryimage"},"image":{"@id":"https:\/\/agenciainfra.com\/blog\/jose-carlos-aleluia-e-eleito-como-conselheiro-independente-da-abraceel-por-dois-anos\/#primaryimage"},"thumbnailUrl":"https:\/\/agenciainfra.com\/blog\/wp-content\/uploads\/2025\/08\/jose-carlos-aleluia-foto-divulgacao.jpg","datePublished":"2025-08-01T17:18:07+00:00","dateModified":"2025-08-01T17:18:09+00:00","breadcrumb":{"@id":"https:\/\/agenciainfra.com\/blog\/jose-carlos-aleluia-e-eleito-como-conselheiro-independente-da-abraceel-por-dois-anos\/#breadcrumb"},"inLanguage":"pt-BR","potentialAction":[{"@type":"ReadAction","target":["https:\/\/agenciainfra.com\/blog\/jose-carlos-aleluia-e-eleito-como-conselheiro-independente-da-abraceel-por-dois-anos\/"]}]},{"@type":"ImageObject","inLanguage":"pt-BR","@id":"https:\/\/agenciainfra.com\/blog\/jose-carlos-aleluia-e-eleito-como-conselheiro-independente-da-abraceel-por-dois-anos\/#primaryimage","url":"https:\/\/agenciainfra.com\/blog\/wp-content\/uploads\/2025\/08\/jose-carlos-aleluia-foto-divulgacao.jpg","contentUrl":"https:\/\/agenciainfra.com\/blog\/wp-content\/uploads\/2025\/08\/jose-carlos-aleluia-foto-divulgacao.jpg","width":814,"height":541,"caption":"Foto: Divulga\u00e7\u00e3o"},{"@type":"BreadcrumbList","@id":"https:\/\/agenciainfra.com\/blog\/jose-carlos-aleluia-e-eleito-como-conselheiro-independente-da-abraceel-por-dois-anos\/#breadcrumb","itemListElement":[{"@type":"ListItem","position":1,"name":"In\u00edcio","item":"https:\/\/agenciainfra.com\/blog\/"},{"@type":"ListItem","position":2,"name":"Jos\u00e9 Carlos Aleluia \u00e9 eleito como conselheiro independente da Abraceel por dois anos"}]},{"@type":"WebSite","@id":"https:\/\/agenciainfra.com\/blog\/#website","url":"https:\/\/agenciainfra.com\/blog\/","name":"Ag\u00eancia iNFRA","description":"Multiplataforma de informa\u00e7\u00e3o jornal\u00edstica refer\u00eancia na \u00e1rea de infraestrutura no Brasil!","publisher":{"@id":"https:\/\/agenciainfra.com\/blog\/#organization"},"potentialAction":[{"@type":"SearchAction","target":{"@type":"EntryPoint","urlTemplate":"https:\/\/agenciainfra.com\/blog\/?s={search_term_string}"},"query-input":{"@type":"PropertyValueSpecification","valueRequired":true,"valueName":"search_term_string"}}],"inLanguage":"pt-BR"},{"@type":"Organization","@id":"https:\/\/agenciainfra.com\/blog\/#organization","name":"Ag\u00eancia iNFRA","url":"https:\/\/agenciainfra.com\/blog\/","logo":{"@type":"ImageObject","inLanguage":"pt-BR","@id":"https:\/\/agenciainfra.com\/blog\/#\/schema\/logo\/image\/","url":"https:\/\/agenciainfra.com\/blog\/wp-content\/uploads\/2023\/09\/iNFRA_5-e1761735885940.png","contentUrl":"https:\/\/agenciainfra.com\/blog\/wp-content\/uploads\/2023\/09\/iNFRA_5-e1761735885940.png","width":1672,"height":454,"caption":"Ag\u00eancia iNFRA"},"image":{"@id":"https:\/\/agenciainfra.com\/blog\/#\/schema\/logo\/image\/"},"sameAs":["https:\/\/www.facebook.com\/ageninfra","https:\/\/x.com\/agencia_infra","https:\/\/www.linkedin.com\/company\/ag\u00eanciainfra\/","https:\/\/www.instagram.com\/agenciainfra\/"]},{"@type":"Person","@id":"https:\/\/agenciainfra.com\/blog\/#\/schema\/person\/34af08dff6adea4cb22b06612ba7acfa","name":"Ag\u00eancia iNFRA","image":{"@type":"ImageObject","inLanguage":"pt-BR","@id":"https:\/\/agenciainfra.com\/blog\/#\/schema\/person\/image\/","url":"https:\/\/secure.gravatar.com\/avatar\/d189e01678f06d8eb84d4e01f08eb848b3fffe3f8443818d3c356c66892f5be8?s=96&d=mm&r=g","contentUrl":"https:\/\/secure.gravatar.com\/avatar\/d189e01678f06d8eb84d4e01f08eb848b3fffe3f8443818d3c356c66892f5be8?s=96&d=mm&r=g","caption":"Ag\u00eancia iNFRA"},"url":"https:\/\/agenciainfra.com\/blog\/author\/admin\/"}]}},"_links":{"self":[{"href":"https:\/\/agenciainfra.com\/blog\/wp-json\/wp\/v2\/posts\/25706","targetHints":{"allow":["GET"]}}],"collection":[{"href":"https:\/\/agenciainfra.com\/blog\/wp-json\/wp\/v2\/posts"}],"about":[{"href":"https:\/\/agenciainfra.com\/blog\/wp-json\/wp\/v2\/types\/post"}],"author":[{"embeddable":true,"href":"https:\/\/agenciainfra.com\/blog\/wp-json\/wp\/v2\/users\/1"}],"replies":[{"embeddable":true,"href":"https:\/\/agenciainfra.com\/blog\/wp-json\/wp\/v2\/comments?post=25706"}],"version-history":[{"count":1,"href":"https:\/\/agenciainfra.com\/blog\/wp-json\/wp\/v2\/posts\/25706\/revisions"}],"predecessor-version":[{"id":25708,"href":"https:\/\/agenciainfra.com\/blog\/wp-json\/wp\/v2\/posts\/25706\/revisions\/25708"}],"wp:featuredmedia":[{"embeddable":true,"href":"https:\/\/agenciainfra.com\/blog\/wp-json\/wp\/v2\/media\/25707"}],"wp:attachment":[{"href":"https:\/\/agenciainfra.com\/blog\/wp-json\/wp\/v2\/media?parent=25706"}],"wp:term":[{"taxonomy":"category","embeddable":true,"href":"https:\/\/agenciainfra.com\/blog\/wp-json\/wp\/v2\/categories?post=25706"},{"taxonomy":"post_tag","embeddable":true,"href":"https:\/\/agenciainfra.com\/blog\/wp-json\/wp\/v2\/tags?post=25706"}],"curies":[{"name":"wp","href":"https:\/\/api.w.org\/{rel}","templated":true}]}}