{"id":25714,"date":"2025-08-01T15:51:45","date_gmt":"2025-08-01T18:51:45","guid":{"rendered":"https:\/\/agenciainfra.com\/blog\/?p=25714"},"modified":"2025-08-04T15:04:58","modified_gmt":"2025-08-04T18:04:58","slug":"aneel-diretor-questiona-area-tecnica-sobre-metodologia-da-taxa-de-desconto-do-mme-para-leilao-do-gsf","status":"publish","type":"post","link":"https:\/\/agenciainfra.com\/blog\/aneel-diretor-questiona-area-tecnica-sobre-metodologia-da-taxa-de-desconto-do-mme-para-leilao-do-gsf\/","title":{"rendered":"ANEEL: Diretor questiona \u00e1rea t\u00e9cnica sobre metodologia da taxa de desconto do MME para leil\u00e3o do GSF"},"content":{"rendered":"\n<p class=\"has-text-align-right\"><strong> da Ag\u00eancia iNFRA<\/strong><\/p>\n\n\n\n<p>O diretor Fernando Mosna, da ANEEL (Ag\u00eancia Nacional de Energia El\u00e9trica), enviou memorando \u00e0 STR (Superintend\u00eancia de Gest\u00e3o Tarif\u00e1ria e Regula\u00e7\u00e3o Econ\u00f4mica) nesta sexta-feira (1\u00ba) questionando se a taxa de desconto ou de retorno (WACC) estabelecida pelo MME (Minist\u00e9rio de Minas e Energia) para o Leil\u00e3o do GSF \u2013 de 10,94% \u2013 segue \u201ca mesma metodologia\u201d empregada pela ANEEL no processo de extens\u00e3o de outorgas realizado em 2015. Na ocasi\u00e3o, a reguladora utilizou a taxa de 9,63%.<\/p>\n\n\n\n<p>Caso as metodologias sejam diferentes, o diretor pede para que as diferen\u00e7as sejam explicitadas levando em considera\u00e7\u00e3o o despacho ANEEL 882\/2025 e o processo de extens\u00e3o de outorgas de 2015 (utilizado tamb\u00e9m em 2020).<\/p>\n\n\n\n<p>Mosna pediu vista do processo que trata de d\u00favidas dos agentes do setor acerca do mecanismo na \u00faltima reuni\u00e3o da diretoria colegiada, quando alegou ilegalidade na portaria do MME que estabelece a taxa de desconto do certame. O item \u00e9 originalmente relatado pela diretora Agnes Costa. O processo retornou \u00e0 pauta para delibera\u00e7\u00e3o na pr\u00f3xima ter\u00e7a-feira (5).<\/p>\n","protected":false},"excerpt":{"rendered":"<p>da Ag\u00eancia iNFRA O diretor Fernando Mosna, da ANEEL (Ag\u00eancia Nacional de Energia El\u00e9trica), enviou memorando \u00e0 STR (Superintend\u00eancia de Gest\u00e3o Tarif\u00e1ria e Regula\u00e7\u00e3o Econ\u00f4mica) nesta sexta-feira (1\u00ba) questionando se a taxa de desconto ou de retorno (WACC) estabelecida pelo MME (Minist\u00e9rio de Minas e Energia) para o Leil\u00e3o do GSF \u2013 de 10,94% \u2013 [&hellip;]<\/p>\n","protected":false},"author":1,"featured_media":21617,"comment_status":"closed","ping_status":"closed","sticky":false,"template":"","format":"standard","meta":{"_monsterinsights_skip_tracking":false,"_monsterinsights_sitenote_active":false,"_monsterinsights_sitenote_note":"","_monsterinsights_sitenote_category":0,"footnotes":""},"categories":[7250,1,10],"tags":[53,25,7014,348,13851,193],"class_list":["post-25714","post","type-post","status-publish","format-standard","has-post-thumbnail","hentry","category-destaque-lista","category-geral","category-infraenergia","tag-aneel","tag-energia","tag-fernando-mosna","tag-gsf","tag-leilao-do-gsf","tag-risco-hidrologico"],"yoast_head":"<!-- This site is optimized with the Yoast SEO Premium plugin v25.4 (Yoast SEO v26.0) - https:\/\/yoast.com\/wordpress\/plugins\/seo\/ -->\n<title>ANEEL: Diretor questiona \u00e1rea t\u00e9cnica sobre metodologia da taxa de desconto do MME para leil\u00e3o do GSF - Ag\u00eancia iNFRA<\/title>\n<meta name=\"robots\" content=\"index, follow, max-snippet:-1, max-image-preview:large, max-video-preview:-1\" \/>\n<link rel=\"canonical\" href=\"https:\/\/agenciainfra.com\/blog\/aneel-diretor-questiona-area-tecnica-sobre-metodologia-da-taxa-de-desconto-do-mme-para-leilao-do-gsf\/\" \/>\n<meta property=\"og:locale\" content=\"pt_BR\" \/>\n<meta property=\"og:type\" content=\"article\" \/>\n<meta property=\"og:title\" content=\"ANEEL: Diretor questiona \u00e1rea t\u00e9cnica sobre metodologia da taxa de desconto do MME para leil\u00e3o do GSF\" \/>\n<meta property=\"og:description\" content=\"da Ag\u00eancia iNFRA O diretor Fernando Mosna, da ANEEL (Ag\u00eancia Nacional de Energia El\u00e9trica), enviou memorando \u00e0 STR (Superintend\u00eancia de Gest\u00e3o Tarif\u00e1ria e Regula\u00e7\u00e3o Econ\u00f4mica) nesta sexta-feira (1\u00ba) questionando se a taxa de desconto ou de retorno (WACC) estabelecida pelo MME (Minist\u00e9rio de Minas e Energia) para o Leil\u00e3o do GSF \u2013 de 10,94% \u2013 [&hellip;]\" \/>\n<meta property=\"og:url\" content=\"https:\/\/agenciainfra.com\/blog\/aneel-diretor-questiona-area-tecnica-sobre-metodologia-da-taxa-de-desconto-do-mme-para-leilao-do-gsf\/\" \/>\n<meta property=\"og:site_name\" content=\"Ag\u00eancia iNFRA\" \/>\n<meta property=\"article:publisher\" content=\"https:\/\/www.facebook.com\/ageninfra\" \/>\n<meta property=\"article:published_time\" content=\"2025-08-01T18:51:45+00:00\" \/>\n<meta property=\"article:modified_time\" content=\"2025-08-04T18:04:58+00:00\" \/>\n<meta property=\"og:image\" content=\"https:\/\/agenciainfra.com\/blog\/wp-content\/uploads\/2025\/05\/fernando-mosna-foto-aneel.jpg\" \/>\n\t<meta property=\"og:image:width\" content=\"1280\" \/>\n\t<meta property=\"og:image:height\" content=\"721\" \/>\n\t<meta property=\"og:image:type\" content=\"image\/jpeg\" \/>\n<meta name=\"author\" content=\"Ag\u00eancia iNFRA\" \/>\n<meta name=\"twitter:card\" content=\"summary_large_image\" \/>\n<meta name=\"twitter:creator\" content=\"@agencia_infra\" \/>\n<meta name=\"twitter:site\" content=\"@agencia_infra\" \/>\n<meta name=\"twitter:label1\" content=\"Escrito por\" \/>\n\t<meta name=\"twitter:data1\" content=\"Ag\u00eancia iNFRA\" \/>\n\t<meta name=\"twitter:label2\" content=\"Est. tempo de leitura\" \/>\n\t<meta name=\"twitter:data2\" content=\"1 minuto\" \/>\n<script type=\"application\/ld+json\" class=\"yoast-schema-graph\">{\"@context\":\"https:\/\/schema.org\",\"@graph\":[{\"@type\":\"Article\",\"@id\":\"https:\/\/agenciainfra.com\/blog\/aneel-diretor-questiona-area-tecnica-sobre-metodologia-da-taxa-de-desconto-do-mme-para-leilao-do-gsf\/#article\",\"isPartOf\":{\"@id\":\"https:\/\/agenciainfra.com\/blog\/aneel-diretor-questiona-area-tecnica-sobre-metodologia-da-taxa-de-desconto-do-mme-para-leilao-do-gsf\/\"},\"author\":{\"name\":\"Ag\u00eancia iNFRA\",\"@id\":\"https:\/\/agenciainfra.com\/blog\/#\/schema\/person\/34af08dff6adea4cb22b06612ba7acfa\"},\"headline\":\"ANEEL: Diretor questiona \u00e1rea t\u00e9cnica sobre metodologia da taxa de desconto do MME para leil\u00e3o do GSF\",\"datePublished\":\"2025-08-01T18:51:45+00:00\",\"dateModified\":\"2025-08-04T18:04:58+00:00\",\"mainEntityOfPage\":{\"@id\":\"https:\/\/agenciainfra.com\/blog\/aneel-diretor-questiona-area-tecnica-sobre-metodologia-da-taxa-de-desconto-do-mme-para-leilao-do-gsf\/\"},\"wordCount\":198,\"publisher\":{\"@id\":\"https:\/\/agenciainfra.com\/blog\/#organization\"},\"image\":{\"@id\":\"https:\/\/agenciainfra.com\/blog\/aneel-diretor-questiona-area-tecnica-sobre-metodologia-da-taxa-de-desconto-do-mme-para-leilao-do-gsf\/#primaryimage\"},\"thumbnailUrl\":\"https:\/\/agenciainfra.com\/blog\/wp-content\/uploads\/2025\/05\/fernando-mosna-foto-aneel.jpg\",\"keywords\":[\"ANEEL\",\"energia\",\"Fernando Mosna\",\"GSF\",\"leil\u00e3o do GSF\",\"risco hidrol\u00f3gico\"],\"articleSection\":[\"Destaque lista\",\"Geral\",\"iNFRAEnergia\"],\"inLanguage\":\"pt-BR\",\"copyrightYear\":\"2025\",\"copyrightHolder\":{\"@id\":\"https:\/\/agenciainfra.com\/blog\/#organization\"}},{\"@type\":\"WebPage\",\"@id\":\"https:\/\/agenciainfra.com\/blog\/aneel-diretor-questiona-area-tecnica-sobre-metodologia-da-taxa-de-desconto-do-mme-para-leilao-do-gsf\/\",\"url\":\"https:\/\/agenciainfra.com\/blog\/aneel-diretor-questiona-area-tecnica-sobre-metodologia-da-taxa-de-desconto-do-mme-para-leilao-do-gsf\/\",\"name\":\"ANEEL: Diretor questiona \u00e1rea t\u00e9cnica sobre metodologia da taxa de desconto do MME para leil\u00e3o do GSF - Ag\u00eancia iNFRA\",\"isPartOf\":{\"@id\":\"https:\/\/agenciainfra.com\/blog\/#website\"},\"primaryImageOfPage\":{\"@id\":\"https:\/\/agenciainfra.com\/blog\/aneel-diretor-questiona-area-tecnica-sobre-metodologia-da-taxa-de-desconto-do-mme-para-leilao-do-gsf\/#primaryimage\"},\"image\":{\"@id\":\"https:\/\/agenciainfra.com\/blog\/aneel-diretor-questiona-area-tecnica-sobre-metodologia-da-taxa-de-desconto-do-mme-para-leilao-do-gsf\/#primaryimage\"},\"thumbnailUrl\":\"https:\/\/agenciainfra.com\/blog\/wp-content\/uploads\/2025\/05\/fernando-mosna-foto-aneel.jpg\",\"datePublished\":\"2025-08-01T18:51:45+00:00\",\"dateModified\":\"2025-08-04T18:04:58+00:00\",\"breadcrumb\":{\"@id\":\"https:\/\/agenciainfra.com\/blog\/aneel-diretor-questiona-area-tecnica-sobre-metodologia-da-taxa-de-desconto-do-mme-para-leilao-do-gsf\/#breadcrumb\"},\"inLanguage\":\"pt-BR\",\"potentialAction\":[{\"@type\":\"ReadAction\",\"target\":[\"https:\/\/agenciainfra.com\/blog\/aneel-diretor-questiona-area-tecnica-sobre-metodologia-da-taxa-de-desconto-do-mme-para-leilao-do-gsf\/\"]}]},{\"@type\":\"ImageObject\",\"inLanguage\":\"pt-BR\",\"@id\":\"https:\/\/agenciainfra.com\/blog\/aneel-diretor-questiona-area-tecnica-sobre-metodologia-da-taxa-de-desconto-do-mme-para-leilao-do-gsf\/#primaryimage\",\"url\":\"https:\/\/agenciainfra.com\/blog\/wp-content\/uploads\/2025\/05\/fernando-mosna-foto-aneel.jpg\",\"contentUrl\":\"https:\/\/agenciainfra.com\/blog\/wp-content\/uploads\/2025\/05\/fernando-mosna-foto-aneel.jpg\",\"width\":1280,\"height\":721,\"caption\":\"Foto: Divulga\u00e7\u00e3o\/ANEEL\"},{\"@type\":\"BreadcrumbList\",\"@id\":\"https:\/\/agenciainfra.com\/blog\/aneel-diretor-questiona-area-tecnica-sobre-metodologia-da-taxa-de-desconto-do-mme-para-leilao-do-gsf\/#breadcrumb\",\"itemListElement\":[{\"@type\":\"ListItem\",\"position\":1,\"name\":\"In\u00edcio\",\"item\":\"https:\/\/agenciainfra.com\/blog\/\"},{\"@type\":\"ListItem\",\"position\":2,\"name\":\"ANEEL: Diretor questiona \u00e1rea t\u00e9cnica sobre metodologia da taxa de desconto do MME para leil\u00e3o do GSF\"}]},{\"@type\":\"WebSite\",\"@id\":\"https:\/\/agenciainfra.com\/blog\/#website\",\"url\":\"https:\/\/agenciainfra.com\/blog\/\",\"name\":\"Ag\u00eancia iNFRA\",\"description\":\"Multiplataforma de informa\u00e7\u00e3o jornal\u00edstica refer\u00eancia na \u00e1rea de infraestrutura no Brasil!\",\"publisher\":{\"@id\":\"https:\/\/agenciainfra.com\/blog\/#organization\"},\"potentialAction\":[{\"@type\":\"SearchAction\",\"target\":{\"@type\":\"EntryPoint\",\"urlTemplate\":\"https:\/\/agenciainfra.com\/blog\/?s={search_term_string}\"},\"query-input\":{\"@type\":\"PropertyValueSpecification\",\"valueRequired\":true,\"valueName\":\"search_term_string\"}}],\"inLanguage\":\"pt-BR\"},{\"@type\":\"Organization\",\"@id\":\"https:\/\/agenciainfra.com\/blog\/#organization\",\"name\":\"Ag\u00eancia iNFRA\",\"url\":\"https:\/\/agenciainfra.com\/blog\/\",\"logo\":{\"@type\":\"ImageObject\",\"inLanguage\":\"pt-BR\",\"@id\":\"https:\/\/agenciainfra.com\/blog\/#\/schema\/logo\/image\/\",\"url\":\"https:\/\/agenciainfra.com\/blog\/wp-content\/uploads\/2023\/09\/iNFRA_5-e1761735885940.png\",\"contentUrl\":\"https:\/\/agenciainfra.com\/blog\/wp-content\/uploads\/2023\/09\/iNFRA_5-e1761735885940.png\",\"width\":1672,\"height\":454,\"caption\":\"Ag\u00eancia iNFRA\"},\"image\":{\"@id\":\"https:\/\/agenciainfra.com\/blog\/#\/schema\/logo\/image\/\"},\"sameAs\":[\"https:\/\/www.facebook.com\/ageninfra\",\"https:\/\/x.com\/agencia_infra\",\"https:\/\/www.linkedin.com\/company\/ag\u00eanciainfra\/\",\"https:\/\/www.instagram.com\/agenciainfra\/\"]},{\"@type\":\"Person\",\"@id\":\"https:\/\/agenciainfra.com\/blog\/#\/schema\/person\/34af08dff6adea4cb22b06612ba7acfa\",\"name\":\"Ag\u00eancia iNFRA\",\"image\":{\"@type\":\"ImageObject\",\"inLanguage\":\"pt-BR\",\"@id\":\"https:\/\/agenciainfra.com\/blog\/#\/schema\/person\/image\/\",\"url\":\"https:\/\/secure.gravatar.com\/avatar\/d189e01678f06d8eb84d4e01f08eb848b3fffe3f8443818d3c356c66892f5be8?s=96&d=mm&r=g\",\"contentUrl\":\"https:\/\/secure.gravatar.com\/avatar\/d189e01678f06d8eb84d4e01f08eb848b3fffe3f8443818d3c356c66892f5be8?s=96&d=mm&r=g\",\"caption\":\"Ag\u00eancia iNFRA\"},\"url\":\"https:\/\/agenciainfra.com\/blog\/author\/admin\/\"}]}<\/script>\n<!-- \/ Yoast SEO Premium plugin. -->","yoast_head_json":{"title":"ANEEL: Diretor questiona \u00e1rea t\u00e9cnica sobre metodologia da taxa de desconto do MME para leil\u00e3o do GSF - Ag\u00eancia iNFRA","robots":{"index":"index","follow":"follow","max-snippet":"max-snippet:-1","max-image-preview":"max-image-preview:large","max-video-preview":"max-video-preview:-1"},"canonical":"https:\/\/agenciainfra.com\/blog\/aneel-diretor-questiona-area-tecnica-sobre-metodologia-da-taxa-de-desconto-do-mme-para-leilao-do-gsf\/","og_locale":"pt_BR","og_type":"article","og_title":"ANEEL: Diretor questiona \u00e1rea t\u00e9cnica sobre metodologia da taxa de desconto do MME para leil\u00e3o do GSF","og_description":"da Ag\u00eancia iNFRA O diretor Fernando Mosna, da ANEEL (Ag\u00eancia Nacional de Energia El\u00e9trica), enviou memorando \u00e0 STR (Superintend\u00eancia de Gest\u00e3o Tarif\u00e1ria e Regula\u00e7\u00e3o Econ\u00f4mica) nesta sexta-feira (1\u00ba) questionando se a taxa de desconto ou de retorno (WACC) estabelecida pelo MME (Minist\u00e9rio de Minas e Energia) para o Leil\u00e3o do GSF \u2013 de 10,94% \u2013 [&hellip;]","og_url":"https:\/\/agenciainfra.com\/blog\/aneel-diretor-questiona-area-tecnica-sobre-metodologia-da-taxa-de-desconto-do-mme-para-leilao-do-gsf\/","og_site_name":"Ag\u00eancia iNFRA","article_publisher":"https:\/\/www.facebook.com\/ageninfra","article_published_time":"2025-08-01T18:51:45+00:00","article_modified_time":"2025-08-04T18:04:58+00:00","og_image":[{"width":1280,"height":721,"url":"https:\/\/agenciainfra.com\/blog\/wp-content\/uploads\/2025\/05\/fernando-mosna-foto-aneel.jpg","type":"image\/jpeg"}],"author":"Ag\u00eancia iNFRA","twitter_card":"summary_large_image","twitter_creator":"@agencia_infra","twitter_site":"@agencia_infra","twitter_misc":{"Escrito por":"Ag\u00eancia iNFRA","Est. tempo de leitura":"1 minuto"},"schema":{"@context":"https:\/\/schema.org","@graph":[{"@type":"Article","@id":"https:\/\/agenciainfra.com\/blog\/aneel-diretor-questiona-area-tecnica-sobre-metodologia-da-taxa-de-desconto-do-mme-para-leilao-do-gsf\/#article","isPartOf":{"@id":"https:\/\/agenciainfra.com\/blog\/aneel-diretor-questiona-area-tecnica-sobre-metodologia-da-taxa-de-desconto-do-mme-para-leilao-do-gsf\/"},"author":{"name":"Ag\u00eancia iNFRA","@id":"https:\/\/agenciainfra.com\/blog\/#\/schema\/person\/34af08dff6adea4cb22b06612ba7acfa"},"headline":"ANEEL: Diretor questiona \u00e1rea t\u00e9cnica sobre metodologia da taxa de desconto do MME para leil\u00e3o do GSF","datePublished":"2025-08-01T18:51:45+00:00","dateModified":"2025-08-04T18:04:58+00:00","mainEntityOfPage":{"@id":"https:\/\/agenciainfra.com\/blog\/aneel-diretor-questiona-area-tecnica-sobre-metodologia-da-taxa-de-desconto-do-mme-para-leilao-do-gsf\/"},"wordCount":198,"publisher":{"@id":"https:\/\/agenciainfra.com\/blog\/#organization"},"image":{"@id":"https:\/\/agenciainfra.com\/blog\/aneel-diretor-questiona-area-tecnica-sobre-metodologia-da-taxa-de-desconto-do-mme-para-leilao-do-gsf\/#primaryimage"},"thumbnailUrl":"https:\/\/agenciainfra.com\/blog\/wp-content\/uploads\/2025\/05\/fernando-mosna-foto-aneel.jpg","keywords":["ANEEL","energia","Fernando Mosna","GSF","leil\u00e3o do GSF","risco hidrol\u00f3gico"],"articleSection":["Destaque lista","Geral","iNFRAEnergia"],"inLanguage":"pt-BR","copyrightYear":"2025","copyrightHolder":{"@id":"https:\/\/agenciainfra.com\/blog\/#organization"}},{"@type":"WebPage","@id":"https:\/\/agenciainfra.com\/blog\/aneel-diretor-questiona-area-tecnica-sobre-metodologia-da-taxa-de-desconto-do-mme-para-leilao-do-gsf\/","url":"https:\/\/agenciainfra.com\/blog\/aneel-diretor-questiona-area-tecnica-sobre-metodologia-da-taxa-de-desconto-do-mme-para-leilao-do-gsf\/","name":"ANEEL: Diretor questiona \u00e1rea t\u00e9cnica sobre metodologia da taxa de desconto do MME para leil\u00e3o do GSF - Ag\u00eancia iNFRA","isPartOf":{"@id":"https:\/\/agenciainfra.com\/blog\/#website"},"primaryImageOfPage":{"@id":"https:\/\/agenciainfra.com\/blog\/aneel-diretor-questiona-area-tecnica-sobre-metodologia-da-taxa-de-desconto-do-mme-para-leilao-do-gsf\/#primaryimage"},"image":{"@id":"https:\/\/agenciainfra.com\/blog\/aneel-diretor-questiona-area-tecnica-sobre-metodologia-da-taxa-de-desconto-do-mme-para-leilao-do-gsf\/#primaryimage"},"thumbnailUrl":"https:\/\/agenciainfra.com\/blog\/wp-content\/uploads\/2025\/05\/fernando-mosna-foto-aneel.jpg","datePublished":"2025-08-01T18:51:45+00:00","dateModified":"2025-08-04T18:04:58+00:00","breadcrumb":{"@id":"https:\/\/agenciainfra.com\/blog\/aneel-diretor-questiona-area-tecnica-sobre-metodologia-da-taxa-de-desconto-do-mme-para-leilao-do-gsf\/#breadcrumb"},"inLanguage":"pt-BR","potentialAction":[{"@type":"ReadAction","target":["https:\/\/agenciainfra.com\/blog\/aneel-diretor-questiona-area-tecnica-sobre-metodologia-da-taxa-de-desconto-do-mme-para-leilao-do-gsf\/"]}]},{"@type":"ImageObject","inLanguage":"pt-BR","@id":"https:\/\/agenciainfra.com\/blog\/aneel-diretor-questiona-area-tecnica-sobre-metodologia-da-taxa-de-desconto-do-mme-para-leilao-do-gsf\/#primaryimage","url":"https:\/\/agenciainfra.com\/blog\/wp-content\/uploads\/2025\/05\/fernando-mosna-foto-aneel.jpg","contentUrl":"https:\/\/agenciainfra.com\/blog\/wp-content\/uploads\/2025\/05\/fernando-mosna-foto-aneel.jpg","width":1280,"height":721,"caption":"Foto: Divulga\u00e7\u00e3o\/ANEEL"},{"@type":"BreadcrumbList","@id":"https:\/\/agenciainfra.com\/blog\/aneel-diretor-questiona-area-tecnica-sobre-metodologia-da-taxa-de-desconto-do-mme-para-leilao-do-gsf\/#breadcrumb","itemListElement":[{"@type":"ListItem","position":1,"name":"In\u00edcio","item":"https:\/\/agenciainfra.com\/blog\/"},{"@type":"ListItem","position":2,"name":"ANEEL: Diretor questiona \u00e1rea t\u00e9cnica sobre metodologia da taxa de desconto do MME para leil\u00e3o do GSF"}]},{"@type":"WebSite","@id":"https:\/\/agenciainfra.com\/blog\/#website","url":"https:\/\/agenciainfra.com\/blog\/","name":"Ag\u00eancia iNFRA","description":"Multiplataforma de informa\u00e7\u00e3o jornal\u00edstica refer\u00eancia na \u00e1rea de infraestrutura no Brasil!","publisher":{"@id":"https:\/\/agenciainfra.com\/blog\/#organization"},"potentialAction":[{"@type":"SearchAction","target":{"@type":"EntryPoint","urlTemplate":"https:\/\/agenciainfra.com\/blog\/?s={search_term_string}"},"query-input":{"@type":"PropertyValueSpecification","valueRequired":true,"valueName":"search_term_string"}}],"inLanguage":"pt-BR"},{"@type":"Organization","@id":"https:\/\/agenciainfra.com\/blog\/#organization","name":"Ag\u00eancia iNFRA","url":"https:\/\/agenciainfra.com\/blog\/","logo":{"@type":"ImageObject","inLanguage":"pt-BR","@id":"https:\/\/agenciainfra.com\/blog\/#\/schema\/logo\/image\/","url":"https:\/\/agenciainfra.com\/blog\/wp-content\/uploads\/2023\/09\/iNFRA_5-e1761735885940.png","contentUrl":"https:\/\/agenciainfra.com\/blog\/wp-content\/uploads\/2023\/09\/iNFRA_5-e1761735885940.png","width":1672,"height":454,"caption":"Ag\u00eancia iNFRA"},"image":{"@id":"https:\/\/agenciainfra.com\/blog\/#\/schema\/logo\/image\/"},"sameAs":["https:\/\/www.facebook.com\/ageninfra","https:\/\/x.com\/agencia_infra","https:\/\/www.linkedin.com\/company\/ag\u00eanciainfra\/","https:\/\/www.instagram.com\/agenciainfra\/"]},{"@type":"Person","@id":"https:\/\/agenciainfra.com\/blog\/#\/schema\/person\/34af08dff6adea4cb22b06612ba7acfa","name":"Ag\u00eancia iNFRA","image":{"@type":"ImageObject","inLanguage":"pt-BR","@id":"https:\/\/agenciainfra.com\/blog\/#\/schema\/person\/image\/","url":"https:\/\/secure.gravatar.com\/avatar\/d189e01678f06d8eb84d4e01f08eb848b3fffe3f8443818d3c356c66892f5be8?s=96&d=mm&r=g","contentUrl":"https:\/\/secure.gravatar.com\/avatar\/d189e01678f06d8eb84d4e01f08eb848b3fffe3f8443818d3c356c66892f5be8?s=96&d=mm&r=g","caption":"Ag\u00eancia iNFRA"},"url":"https:\/\/agenciainfra.com\/blog\/author\/admin\/"}]}},"_links":{"self":[{"href":"https:\/\/agenciainfra.com\/blog\/wp-json\/wp\/v2\/posts\/25714","targetHints":{"allow":["GET"]}}],"collection":[{"href":"https:\/\/agenciainfra.com\/blog\/wp-json\/wp\/v2\/posts"}],"about":[{"href":"https:\/\/agenciainfra.com\/blog\/wp-json\/wp\/v2\/types\/post"}],"author":[{"embeddable":true,"href":"https:\/\/agenciainfra.com\/blog\/wp-json\/wp\/v2\/users\/1"}],"replies":[{"embeddable":true,"href":"https:\/\/agenciainfra.com\/blog\/wp-json\/wp\/v2\/comments?post=25714"}],"version-history":[{"count":1,"href":"https:\/\/agenciainfra.com\/blog\/wp-json\/wp\/v2\/posts\/25714\/revisions"}],"predecessor-version":[{"id":25716,"href":"https:\/\/agenciainfra.com\/blog\/wp-json\/wp\/v2\/posts\/25714\/revisions\/25716"}],"wp:featuredmedia":[{"embeddable":true,"href":"https:\/\/agenciainfra.com\/blog\/wp-json\/wp\/v2\/media\/21617"}],"wp:attachment":[{"href":"https:\/\/agenciainfra.com\/blog\/wp-json\/wp\/v2\/media?parent=25714"}],"wp:term":[{"taxonomy":"category","embeddable":true,"href":"https:\/\/agenciainfra.com\/blog\/wp-json\/wp\/v2\/categories?post=25714"},{"taxonomy":"post_tag","embeddable":true,"href":"https:\/\/agenciainfra.com\/blog\/wp-json\/wp\/v2\/tags?post=25714"}],"curies":[{"name":"wp","href":"https:\/\/api.w.org\/{rel}","templated":true}]}}