{"id":25729,"date":"2025-08-01T17:13:26","date_gmt":"2025-08-01T20:13:26","guid":{"rendered":"https:\/\/agenciainfra.com\/blog\/?p=25729"},"modified":"2025-08-05T09:17:25","modified_gmt":"2025-08-05T12:17:25","slug":"magda-brasil-nao-esta-no-momento-de-substituir-energia-mas-de-adicionar","status":"publish","type":"post","link":"https:\/\/agenciainfra.com\/blog\/magda-brasil-nao-esta-no-momento-de-substituir-energia-mas-de-adicionar\/","title":{"rendered":"Magda: &#8216;Brasil n\u00e3o est\u00e1 no momento de substituir energia, mas de adicionar&#8217;"},"content":{"rendered":"\n<p class=\"has-text-align-right\"><strong>Gabriel Vasconcelos, da Ag\u00eancia iNFRA<\/strong><\/p>\n\n\n\n<p>A presidente da Petrobras, Magda Chambriard, afirmou nesta sexta-feira (1\u00b0), que o pa\u00eds ainda n\u00e3o est\u00e1 na fase de transi\u00e7\u00e3o energ\u00e9tica e que acredita ainda em &#8220;adi\u00e7\u00e3o energ\u00e9tica&#8221;, sob a justificativa de que o consumo de energia percapita do Brasil ainda \u00e9 baixo na compara\u00e7\u00e3o com outras economias desenvolvidas e em desenvolvimento.<\/p>\n\n\n\n<p>&#8220;Falam muito em transi\u00e7\u00e3o energ\u00e9tica, mas a gente gosta mesmo \u00e9 de falar em adi\u00e7\u00e3o energ\u00e9tica. Em 1970, eram 90 milh\u00f5es [de brasileiros], hoje somos 215 milh\u00f5es. O que isso significa em termos de fornecimento de energia?&#8221;, questionou Magda.<\/p>\n\n\n\n<p>Em seguida a CEO da Petrobras lembrou que, em termos de energia percapita no mundo, o Brasil est\u00e1 junto com as partes pobres da \u00c1frica, excluindo a \u00c1frica do Sul, e da \u00c1sia, excluindo Jap\u00e3o, China e Coreia do Sul.<\/p>\n\n\n\n<p>&#8220;Somos piores do que quase todo mundo nesse aspecto. A \u00cdndia ainda est\u00e1 tr\u00e1s de n\u00f3s. S\u00f3 que energia \u00e9 desenvolvimento. Ent\u00e3o n\u00e3o d\u00e1 para falar em substitui\u00e7\u00e3o, porque n\u00e3o estamos na hora de substituir nada. Ainda estamos na hora de fazer mais. E projetos de transi\u00e7\u00e3o energ\u00e9tica talvez sejam mais de adi\u00e7\u00e3o energ\u00e9tica&#8221;, continuou Magda.<\/p>\n\n\n\n<p>A presidente da Petrobras repetiu que a meta nas pr\u00f3ximas d\u00e9cadas \u00e9 manter a fatia de provimento de energia prim\u00e1ria da empresa em 31% da oferta nacional de energia, o que, ante o crescimento esperado da economia, requer aumentar a produ\u00e7\u00e3o da companhia em algo entre 55% e 60% at\u00e9 2050.<\/p>\n\n\n\n<p>Para isso, afirmou, \u00e9 preciso repor as reservas da petroleira, no que o plano A ainda \u00e9 explorar e inaugurar produ\u00e7\u00e3o de petr\u00f3leo e g\u00e1s na Margem Equatorial, onde h\u00e1 mais de dois anos tenta reverter uma negativa do Ibama no processo de licenciamento ambiental. Mais do que um &#8220;day after do pr\u00e9-sal&#8221;, como definiu, ela disse que a ida \u00e0 Margem Equatorial \u00e9 um esfor\u00e7o de descentraliza\u00e7\u00e3o dos investimentos em explora\u00e7\u00e3o para contemplar as regi\u00f5es Norte e Nordeste.<\/p>\n\n\n\n<p><strong>Sem negacionismo<\/strong><br>Magda esclareceu que essa posi\u00e7\u00e3o, voltada \u00e0 &#8220;adi\u00e7\u00e3o energ\u00e9tica&#8221;, n\u00e3o se trata de negacionismo. &#8220;N\u00e3o somos negacionistas, sabemos que carbono \u00e9 ruim&#8221;, disse, antes de listar longa lista de iniciativas de descarboniza\u00e7\u00e3o em curso, como de CCUS (captura e armazenamento de carbono).<\/p>\n\n\n\n<p>&#8220;Vamos fazer projetos de CCUS, capturar carbono, injetar no subsolo. Com apenas tr\u00eas projetos, podemos superar todas as emiss\u00f5es da Petrobras juntas&#8221;, disse Magda.<\/p>\n\n\n\n<p>Ela citou, ainda, maiores investimentos em SAF (combust\u00edvel de avia\u00e7\u00e3o sustent\u00e1vel), diesel coprocessado com \u00f3leo vegetal, al\u00e9m da volta da empresa \u00e0 produ\u00e7\u00e3o de etanol \u2013 anunciada no ano passado, mas ainda sem an\u00fancios p\u00fablicos \u2013 e investimentos em energia solar para gera\u00e7\u00e3o de energia limpa capaz de transformar o hidrog\u00eanio usado em refinarias em hidrog\u00eanio verde. Hoje, o insumo tem cor cinza, por ser de origem f\u00f3ssil.<\/p>\n\n\n\n<p>Magda fez as afirma\u00e7\u00f5es durante palestra em evento promovido pelo Friperj (F\u00f3rum de Reitores das Institui\u00e7\u00f5es P\u00fablicas de Ensino Superior do Estado do Rio de Janeiro) na UFF (Universidade Federal Fluminense), em Niter\u00f3i (RJ).<\/p>\n\n\n\n<p>Segundo fontes disseram \u00e0 <strong>Ag\u00eancia iNFRA<\/strong>, os investimentos em gera\u00e7\u00e3o de energia limpa da companhia devem se limitar ao suprimento de opera\u00e7\u00f5es e n\u00e3o mais gerar para o sistema nacional, como era o objetivo da gest\u00e3o anterior, de Jean Paul Prates, que visava investimentos em e\u00f3lica onshore e offshore.<\/p>\n","protected":false},"excerpt":{"rendered":"<p>Gabriel Vasconcelos, da Ag\u00eancia iNFRA A presidente da Petrobras, Magda Chambriard, afirmou nesta sexta-feira (1\u00b0), que o pa\u00eds ainda n\u00e3o est\u00e1 na fase de transi\u00e7\u00e3o energ\u00e9tica e que acredita ainda em &#8220;adi\u00e7\u00e3o energ\u00e9tica&#8221;, sob a justificativa de que o consumo de energia percapita do Brasil ainda \u00e9 baixo na compara\u00e7\u00e3o com outras economias desenvolvidas e [&hellip;]<\/p>\n","protected":false},"author":1,"featured_media":21652,"comment_status":"closed","ping_status":"closed","sticky":false,"template":"","format":"standard","meta":{"_monsterinsights_skip_tracking":false,"_monsterinsights_sitenote_active":false,"_monsterinsights_sitenote_note":"","_monsterinsights_sitenote_category":0,"footnotes":""},"categories":[7250,1,10],"tags":[14701,13,9359,13251,223,9446,13269,14700,143,14439,2006],"class_list":["post-25729","post","type-post","status-publish","format-standard","has-post-thumbnail","hentry","category-destaque-lista","category-geral","category-infraenergia","tag-captura-de-carbono","tag-consumo-de-energia","tag-fornecimento-de-energia","tag-gabriel-vasconcelos","tag-licenciamento-ambiental","tag-magda-chambriard","tag-margem-equatorial","tag-oferta-de-energia","tag-petrobras","tag-producao-de-petroleo-e-gas","tag-transicao-energetica"],"yoast_head":"<!-- This site is optimized with the Yoast SEO Premium plugin v25.4 (Yoast SEO v26.0) - https:\/\/yoast.com\/wordpress\/plugins\/seo\/ -->\n<title>Magda: &#039;Brasil n\u00e3o est\u00e1 no momento de substituir energia, mas de adicionar&#039; - Ag\u00eancia iNFRA<\/title>\n<meta name=\"robots\" content=\"index, follow, max-snippet:-1, max-image-preview:large, max-video-preview:-1\" \/>\n<link rel=\"canonical\" href=\"https:\/\/agenciainfra.com\/blog\/magda-brasil-nao-esta-no-momento-de-substituir-energia-mas-de-adicionar\/\" \/>\n<meta property=\"og:locale\" content=\"pt_BR\" \/>\n<meta property=\"og:type\" content=\"article\" \/>\n<meta property=\"og:title\" content=\"Magda: &#039;Brasil n\u00e3o est\u00e1 no momento de substituir energia, mas de adicionar&#039;\" \/>\n<meta property=\"og:description\" content=\"Gabriel Vasconcelos, da Ag\u00eancia iNFRA A presidente da Petrobras, Magda Chambriard, afirmou nesta sexta-feira (1\u00b0), que o pa\u00eds ainda n\u00e3o est\u00e1 na fase de transi\u00e7\u00e3o energ\u00e9tica e que acredita ainda em &#8220;adi\u00e7\u00e3o energ\u00e9tica&#8221;, sob a justificativa de que o consumo de energia percapita do Brasil ainda \u00e9 baixo na compara\u00e7\u00e3o com outras economias desenvolvidas e [&hellip;]\" \/>\n<meta property=\"og:url\" content=\"https:\/\/agenciainfra.com\/blog\/magda-brasil-nao-esta-no-momento-de-substituir-energia-mas-de-adicionar\/\" \/>\n<meta property=\"og:site_name\" content=\"Ag\u00eancia iNFRA\" \/>\n<meta property=\"article:publisher\" content=\"https:\/\/www.facebook.com\/ageninfra\" \/>\n<meta property=\"article:published_time\" content=\"2025-08-01T20:13:26+00:00\" \/>\n<meta property=\"article:modified_time\" content=\"2025-08-05T12:17:25+00:00\" \/>\n<meta property=\"og:image\" content=\"https:\/\/agenciainfra.com\/blog\/wp-content\/uploads\/2025\/05\/magda-chambriard-foto-agencia-petrobras.png\" \/>\n\t<meta property=\"og:image:width\" content=\"1220\" \/>\n\t<meta property=\"og:image:height\" content=\"674\" \/>\n\t<meta property=\"og:image:type\" content=\"image\/png\" \/>\n<meta name=\"author\" content=\"Ag\u00eancia iNFRA\" \/>\n<meta name=\"twitter:card\" content=\"summary_large_image\" \/>\n<meta name=\"twitter:creator\" content=\"@agencia_infra\" \/>\n<meta name=\"twitter:site\" content=\"@agencia_infra\" \/>\n<meta name=\"twitter:label1\" content=\"Escrito por\" \/>\n\t<meta name=\"twitter:data1\" content=\"Ag\u00eancia iNFRA\" \/>\n\t<meta name=\"twitter:label2\" content=\"Est. tempo de leitura\" \/>\n\t<meta name=\"twitter:data2\" content=\"3 minutos\" \/>\n<script type=\"application\/ld+json\" class=\"yoast-schema-graph\">{\"@context\":\"https:\/\/schema.org\",\"@graph\":[{\"@type\":\"Article\",\"@id\":\"https:\/\/agenciainfra.com\/blog\/magda-brasil-nao-esta-no-momento-de-substituir-energia-mas-de-adicionar\/#article\",\"isPartOf\":{\"@id\":\"https:\/\/agenciainfra.com\/blog\/magda-brasil-nao-esta-no-momento-de-substituir-energia-mas-de-adicionar\/\"},\"author\":{\"name\":\"Ag\u00eancia iNFRA\",\"@id\":\"https:\/\/agenciainfra.com\/blog\/#\/schema\/person\/34af08dff6adea4cb22b06612ba7acfa\"},\"headline\":\"Magda: &#8216;Brasil n\u00e3o est\u00e1 no momento de substituir energia, mas de adicionar&#8217;\",\"datePublished\":\"2025-08-01T20:13:26+00:00\",\"dateModified\":\"2025-08-05T12:17:25+00:00\",\"mainEntityOfPage\":{\"@id\":\"https:\/\/agenciainfra.com\/blog\/magda-brasil-nao-esta-no-momento-de-substituir-energia-mas-de-adicionar\/\"},\"wordCount\":599,\"publisher\":{\"@id\":\"https:\/\/agenciainfra.com\/blog\/#organization\"},\"image\":{\"@id\":\"https:\/\/agenciainfra.com\/blog\/magda-brasil-nao-esta-no-momento-de-substituir-energia-mas-de-adicionar\/#primaryimage\"},\"thumbnailUrl\":\"https:\/\/agenciainfra.com\/blog\/wp-content\/uploads\/2025\/05\/magda-chambriard-foto-agencia-petrobras.png\",\"keywords\":[\"captura de carbono\",\"consumo de energia\",\"fornecimento de energia\",\"Gabriel Vasconcelos\",\"Licenciamento ambiental\",\"Magda Chambriard\",\"margem equatorial\",\"oferta de energia\",\"Petrobras\",\"produ\u00e7\u00e3o de petr\u00f3leo e g\u00e1s\",\"transi\u00e7\u00e3o energ\u00e9tica\"],\"articleSection\":[\"Destaque lista\",\"Geral\",\"iNFRAEnergia\"],\"inLanguage\":\"pt-BR\",\"copyrightYear\":\"2025\",\"copyrightHolder\":{\"@id\":\"https:\/\/agenciainfra.com\/blog\/#organization\"}},{\"@type\":\"WebPage\",\"@id\":\"https:\/\/agenciainfra.com\/blog\/magda-brasil-nao-esta-no-momento-de-substituir-energia-mas-de-adicionar\/\",\"url\":\"https:\/\/agenciainfra.com\/blog\/magda-brasil-nao-esta-no-momento-de-substituir-energia-mas-de-adicionar\/\",\"name\":\"Magda: 'Brasil n\u00e3o est\u00e1 no momento de substituir energia, mas de adicionar' - Ag\u00eancia iNFRA\",\"isPartOf\":{\"@id\":\"https:\/\/agenciainfra.com\/blog\/#website\"},\"primaryImageOfPage\":{\"@id\":\"https:\/\/agenciainfra.com\/blog\/magda-brasil-nao-esta-no-momento-de-substituir-energia-mas-de-adicionar\/#primaryimage\"},\"image\":{\"@id\":\"https:\/\/agenciainfra.com\/blog\/magda-brasil-nao-esta-no-momento-de-substituir-energia-mas-de-adicionar\/#primaryimage\"},\"thumbnailUrl\":\"https:\/\/agenciainfra.com\/blog\/wp-content\/uploads\/2025\/05\/magda-chambriard-foto-agencia-petrobras.png\",\"datePublished\":\"2025-08-01T20:13:26+00:00\",\"dateModified\":\"2025-08-05T12:17:25+00:00\",\"breadcrumb\":{\"@id\":\"https:\/\/agenciainfra.com\/blog\/magda-brasil-nao-esta-no-momento-de-substituir-energia-mas-de-adicionar\/#breadcrumb\"},\"inLanguage\":\"pt-BR\",\"potentialAction\":[{\"@type\":\"ReadAction\",\"target\":[\"https:\/\/agenciainfra.com\/blog\/magda-brasil-nao-esta-no-momento-de-substituir-energia-mas-de-adicionar\/\"]}]},{\"@type\":\"ImageObject\",\"inLanguage\":\"pt-BR\",\"@id\":\"https:\/\/agenciainfra.com\/blog\/magda-brasil-nao-esta-no-momento-de-substituir-energia-mas-de-adicionar\/#primaryimage\",\"url\":\"https:\/\/agenciainfra.com\/blog\/wp-content\/uploads\/2025\/05\/magda-chambriard-foto-agencia-petrobras.png\",\"contentUrl\":\"https:\/\/agenciainfra.com\/blog\/wp-content\/uploads\/2025\/05\/magda-chambriard-foto-agencia-petrobras.png\",\"width\":1220,\"height\":674,\"caption\":\"Foto: Ag\u00eancia Petrobras\"},{\"@type\":\"BreadcrumbList\",\"@id\":\"https:\/\/agenciainfra.com\/blog\/magda-brasil-nao-esta-no-momento-de-substituir-energia-mas-de-adicionar\/#breadcrumb\",\"itemListElement\":[{\"@type\":\"ListItem\",\"position\":1,\"name\":\"In\u00edcio\",\"item\":\"https:\/\/agenciainfra.com\/blog\/\"},{\"@type\":\"ListItem\",\"position\":2,\"name\":\"Magda: &#8216;Brasil n\u00e3o est\u00e1 no momento de substituir energia, mas de adicionar&#8217;\"}]},{\"@type\":\"WebSite\",\"@id\":\"https:\/\/agenciainfra.com\/blog\/#website\",\"url\":\"https:\/\/agenciainfra.com\/blog\/\",\"name\":\"Ag\u00eancia iNFRA\",\"description\":\"Multiplataforma de informa\u00e7\u00e3o jornal\u00edstica refer\u00eancia na \u00e1rea de infraestrutura no Brasil!\",\"publisher\":{\"@id\":\"https:\/\/agenciainfra.com\/blog\/#organization\"},\"potentialAction\":[{\"@type\":\"SearchAction\",\"target\":{\"@type\":\"EntryPoint\",\"urlTemplate\":\"https:\/\/agenciainfra.com\/blog\/?s={search_term_string}\"},\"query-input\":{\"@type\":\"PropertyValueSpecification\",\"valueRequired\":true,\"valueName\":\"search_term_string\"}}],\"inLanguage\":\"pt-BR\"},{\"@type\":\"Organization\",\"@id\":\"https:\/\/agenciainfra.com\/blog\/#organization\",\"name\":\"Ag\u00eancia iNFRA\",\"url\":\"https:\/\/agenciainfra.com\/blog\/\",\"logo\":{\"@type\":\"ImageObject\",\"inLanguage\":\"pt-BR\",\"@id\":\"https:\/\/agenciainfra.com\/blog\/#\/schema\/logo\/image\/\",\"url\":\"https:\/\/agenciainfra.com\/blog\/wp-content\/uploads\/2023\/09\/iNFRA_5-e1761735885940.png\",\"contentUrl\":\"https:\/\/agenciainfra.com\/blog\/wp-content\/uploads\/2023\/09\/iNFRA_5-e1761735885940.png\",\"width\":1672,\"height\":454,\"caption\":\"Ag\u00eancia iNFRA\"},\"image\":{\"@id\":\"https:\/\/agenciainfra.com\/blog\/#\/schema\/logo\/image\/\"},\"sameAs\":[\"https:\/\/www.facebook.com\/ageninfra\",\"https:\/\/x.com\/agencia_infra\",\"https:\/\/www.linkedin.com\/company\/ag\u00eanciainfra\/\",\"https:\/\/www.instagram.com\/agenciainfra\/\"]},{\"@type\":\"Person\",\"@id\":\"https:\/\/agenciainfra.com\/blog\/#\/schema\/person\/34af08dff6adea4cb22b06612ba7acfa\",\"name\":\"Ag\u00eancia iNFRA\",\"image\":{\"@type\":\"ImageObject\",\"inLanguage\":\"pt-BR\",\"@id\":\"https:\/\/agenciainfra.com\/blog\/#\/schema\/person\/image\/\",\"url\":\"https:\/\/secure.gravatar.com\/avatar\/d189e01678f06d8eb84d4e01f08eb848b3fffe3f8443818d3c356c66892f5be8?s=96&d=mm&r=g\",\"contentUrl\":\"https:\/\/secure.gravatar.com\/avatar\/d189e01678f06d8eb84d4e01f08eb848b3fffe3f8443818d3c356c66892f5be8?s=96&d=mm&r=g\",\"caption\":\"Ag\u00eancia iNFRA\"},\"url\":\"https:\/\/agenciainfra.com\/blog\/author\/admin\/\"}]}<\/script>\n<!-- \/ Yoast SEO Premium plugin. -->","yoast_head_json":{"title":"Magda: 'Brasil n\u00e3o est\u00e1 no momento de substituir energia, mas de adicionar' - Ag\u00eancia iNFRA","robots":{"index":"index","follow":"follow","max-snippet":"max-snippet:-1","max-image-preview":"max-image-preview:large","max-video-preview":"max-video-preview:-1"},"canonical":"https:\/\/agenciainfra.com\/blog\/magda-brasil-nao-esta-no-momento-de-substituir-energia-mas-de-adicionar\/","og_locale":"pt_BR","og_type":"article","og_title":"Magda: 'Brasil n\u00e3o est\u00e1 no momento de substituir energia, mas de adicionar'","og_description":"Gabriel Vasconcelos, da Ag\u00eancia iNFRA A presidente da Petrobras, Magda Chambriard, afirmou nesta sexta-feira (1\u00b0), que o pa\u00eds ainda n\u00e3o est\u00e1 na fase de transi\u00e7\u00e3o energ\u00e9tica e que acredita ainda em &#8220;adi\u00e7\u00e3o energ\u00e9tica&#8221;, sob a justificativa de que o consumo de energia percapita do Brasil ainda \u00e9 baixo na compara\u00e7\u00e3o com outras economias desenvolvidas e [&hellip;]","og_url":"https:\/\/agenciainfra.com\/blog\/magda-brasil-nao-esta-no-momento-de-substituir-energia-mas-de-adicionar\/","og_site_name":"Ag\u00eancia iNFRA","article_publisher":"https:\/\/www.facebook.com\/ageninfra","article_published_time":"2025-08-01T20:13:26+00:00","article_modified_time":"2025-08-05T12:17:25+00:00","og_image":[{"width":1220,"height":674,"url":"https:\/\/agenciainfra.com\/blog\/wp-content\/uploads\/2025\/05\/magda-chambriard-foto-agencia-petrobras.png","type":"image\/png"}],"author":"Ag\u00eancia iNFRA","twitter_card":"summary_large_image","twitter_creator":"@agencia_infra","twitter_site":"@agencia_infra","twitter_misc":{"Escrito por":"Ag\u00eancia iNFRA","Est. tempo de leitura":"3 minutos"},"schema":{"@context":"https:\/\/schema.org","@graph":[{"@type":"Article","@id":"https:\/\/agenciainfra.com\/blog\/magda-brasil-nao-esta-no-momento-de-substituir-energia-mas-de-adicionar\/#article","isPartOf":{"@id":"https:\/\/agenciainfra.com\/blog\/magda-brasil-nao-esta-no-momento-de-substituir-energia-mas-de-adicionar\/"},"author":{"name":"Ag\u00eancia iNFRA","@id":"https:\/\/agenciainfra.com\/blog\/#\/schema\/person\/34af08dff6adea4cb22b06612ba7acfa"},"headline":"Magda: &#8216;Brasil n\u00e3o est\u00e1 no momento de substituir energia, mas de adicionar&#8217;","datePublished":"2025-08-01T20:13:26+00:00","dateModified":"2025-08-05T12:17:25+00:00","mainEntityOfPage":{"@id":"https:\/\/agenciainfra.com\/blog\/magda-brasil-nao-esta-no-momento-de-substituir-energia-mas-de-adicionar\/"},"wordCount":599,"publisher":{"@id":"https:\/\/agenciainfra.com\/blog\/#organization"},"image":{"@id":"https:\/\/agenciainfra.com\/blog\/magda-brasil-nao-esta-no-momento-de-substituir-energia-mas-de-adicionar\/#primaryimage"},"thumbnailUrl":"https:\/\/agenciainfra.com\/blog\/wp-content\/uploads\/2025\/05\/magda-chambriard-foto-agencia-petrobras.png","keywords":["captura de carbono","consumo de energia","fornecimento de energia","Gabriel Vasconcelos","Licenciamento ambiental","Magda Chambriard","margem equatorial","oferta de energia","Petrobras","produ\u00e7\u00e3o de petr\u00f3leo e g\u00e1s","transi\u00e7\u00e3o energ\u00e9tica"],"articleSection":["Destaque lista","Geral","iNFRAEnergia"],"inLanguage":"pt-BR","copyrightYear":"2025","copyrightHolder":{"@id":"https:\/\/agenciainfra.com\/blog\/#organization"}},{"@type":"WebPage","@id":"https:\/\/agenciainfra.com\/blog\/magda-brasil-nao-esta-no-momento-de-substituir-energia-mas-de-adicionar\/","url":"https:\/\/agenciainfra.com\/blog\/magda-brasil-nao-esta-no-momento-de-substituir-energia-mas-de-adicionar\/","name":"Magda: 'Brasil n\u00e3o est\u00e1 no momento de substituir energia, mas de adicionar' - Ag\u00eancia iNFRA","isPartOf":{"@id":"https:\/\/agenciainfra.com\/blog\/#website"},"primaryImageOfPage":{"@id":"https:\/\/agenciainfra.com\/blog\/magda-brasil-nao-esta-no-momento-de-substituir-energia-mas-de-adicionar\/#primaryimage"},"image":{"@id":"https:\/\/agenciainfra.com\/blog\/magda-brasil-nao-esta-no-momento-de-substituir-energia-mas-de-adicionar\/#primaryimage"},"thumbnailUrl":"https:\/\/agenciainfra.com\/blog\/wp-content\/uploads\/2025\/05\/magda-chambriard-foto-agencia-petrobras.png","datePublished":"2025-08-01T20:13:26+00:00","dateModified":"2025-08-05T12:17:25+00:00","breadcrumb":{"@id":"https:\/\/agenciainfra.com\/blog\/magda-brasil-nao-esta-no-momento-de-substituir-energia-mas-de-adicionar\/#breadcrumb"},"inLanguage":"pt-BR","potentialAction":[{"@type":"ReadAction","target":["https:\/\/agenciainfra.com\/blog\/magda-brasil-nao-esta-no-momento-de-substituir-energia-mas-de-adicionar\/"]}]},{"@type":"ImageObject","inLanguage":"pt-BR","@id":"https:\/\/agenciainfra.com\/blog\/magda-brasil-nao-esta-no-momento-de-substituir-energia-mas-de-adicionar\/#primaryimage","url":"https:\/\/agenciainfra.com\/blog\/wp-content\/uploads\/2025\/05\/magda-chambriard-foto-agencia-petrobras.png","contentUrl":"https:\/\/agenciainfra.com\/blog\/wp-content\/uploads\/2025\/05\/magda-chambriard-foto-agencia-petrobras.png","width":1220,"height":674,"caption":"Foto: Ag\u00eancia Petrobras"},{"@type":"BreadcrumbList","@id":"https:\/\/agenciainfra.com\/blog\/magda-brasil-nao-esta-no-momento-de-substituir-energia-mas-de-adicionar\/#breadcrumb","itemListElement":[{"@type":"ListItem","position":1,"name":"In\u00edcio","item":"https:\/\/agenciainfra.com\/blog\/"},{"@type":"ListItem","position":2,"name":"Magda: &#8216;Brasil n\u00e3o est\u00e1 no momento de substituir energia, mas de adicionar&#8217;"}]},{"@type":"WebSite","@id":"https:\/\/agenciainfra.com\/blog\/#website","url":"https:\/\/agenciainfra.com\/blog\/","name":"Ag\u00eancia iNFRA","description":"Multiplataforma de informa\u00e7\u00e3o jornal\u00edstica refer\u00eancia na \u00e1rea de infraestrutura no Brasil!","publisher":{"@id":"https:\/\/agenciainfra.com\/blog\/#organization"},"potentialAction":[{"@type":"SearchAction","target":{"@type":"EntryPoint","urlTemplate":"https:\/\/agenciainfra.com\/blog\/?s={search_term_string}"},"query-input":{"@type":"PropertyValueSpecification","valueRequired":true,"valueName":"search_term_string"}}],"inLanguage":"pt-BR"},{"@type":"Organization","@id":"https:\/\/agenciainfra.com\/blog\/#organization","name":"Ag\u00eancia iNFRA","url":"https:\/\/agenciainfra.com\/blog\/","logo":{"@type":"ImageObject","inLanguage":"pt-BR","@id":"https:\/\/agenciainfra.com\/blog\/#\/schema\/logo\/image\/","url":"https:\/\/agenciainfra.com\/blog\/wp-content\/uploads\/2023\/09\/iNFRA_5-e1761735885940.png","contentUrl":"https:\/\/agenciainfra.com\/blog\/wp-content\/uploads\/2023\/09\/iNFRA_5-e1761735885940.png","width":1672,"height":454,"caption":"Ag\u00eancia iNFRA"},"image":{"@id":"https:\/\/agenciainfra.com\/blog\/#\/schema\/logo\/image\/"},"sameAs":["https:\/\/www.facebook.com\/ageninfra","https:\/\/x.com\/agencia_infra","https:\/\/www.linkedin.com\/company\/ag\u00eanciainfra\/","https:\/\/www.instagram.com\/agenciainfra\/"]},{"@type":"Person","@id":"https:\/\/agenciainfra.com\/blog\/#\/schema\/person\/34af08dff6adea4cb22b06612ba7acfa","name":"Ag\u00eancia iNFRA","image":{"@type":"ImageObject","inLanguage":"pt-BR","@id":"https:\/\/agenciainfra.com\/blog\/#\/schema\/person\/image\/","url":"https:\/\/secure.gravatar.com\/avatar\/d189e01678f06d8eb84d4e01f08eb848b3fffe3f8443818d3c356c66892f5be8?s=96&d=mm&r=g","contentUrl":"https:\/\/secure.gravatar.com\/avatar\/d189e01678f06d8eb84d4e01f08eb848b3fffe3f8443818d3c356c66892f5be8?s=96&d=mm&r=g","caption":"Ag\u00eancia iNFRA"},"url":"https:\/\/agenciainfra.com\/blog\/author\/admin\/"}]}},"_links":{"self":[{"href":"https:\/\/agenciainfra.com\/blog\/wp-json\/wp\/v2\/posts\/25729","targetHints":{"allow":["GET"]}}],"collection":[{"href":"https:\/\/agenciainfra.com\/blog\/wp-json\/wp\/v2\/posts"}],"about":[{"href":"https:\/\/agenciainfra.com\/blog\/wp-json\/wp\/v2\/types\/post"}],"author":[{"embeddable":true,"href":"https:\/\/agenciainfra.com\/blog\/wp-json\/wp\/v2\/users\/1"}],"replies":[{"embeddable":true,"href":"https:\/\/agenciainfra.com\/blog\/wp-json\/wp\/v2\/comments?post=25729"}],"version-history":[{"count":2,"href":"https:\/\/agenciainfra.com\/blog\/wp-json\/wp\/v2\/posts\/25729\/revisions"}],"predecessor-version":[{"id":25745,"href":"https:\/\/agenciainfra.com\/blog\/wp-json\/wp\/v2\/posts\/25729\/revisions\/25745"}],"wp:featuredmedia":[{"embeddable":true,"href":"https:\/\/agenciainfra.com\/blog\/wp-json\/wp\/v2\/media\/21652"}],"wp:attachment":[{"href":"https:\/\/agenciainfra.com\/blog\/wp-json\/wp\/v2\/media?parent=25729"}],"wp:term":[{"taxonomy":"category","embeddable":true,"href":"https:\/\/agenciainfra.com\/blog\/wp-json\/wp\/v2\/categories?post=25729"},{"taxonomy":"post_tag","embeddable":true,"href":"https:\/\/agenciainfra.com\/blog\/wp-json\/wp\/v2\/tags?post=25729"}],"curies":[{"name":"wp","href":"https:\/\/api.w.org\/{rel}","templated":true}]}}