{"id":25747,"date":"2025-08-01T19:52:58","date_gmt":"2025-08-01T22:52:58","guid":{"rendered":"https:\/\/agenciainfra.com\/blog\/?p=25747"},"modified":"2025-08-01T19:53:00","modified_gmt":"2025-08-01T22:53:00","slug":"comportamento-da-demanda-de-carga-fica-estavel-em-agosto-diz-ons","status":"publish","type":"post","link":"https:\/\/agenciainfra.com\/blog\/comportamento-da-demanda-de-carga-fica-estavel-em-agosto-diz-ons\/","title":{"rendered":"Comportamento da demanda de carga fica est\u00e1vel em agosto, diz ONS"},"content":{"rendered":"\n<p class=\"has-text-align-right\"><strong>da Ag\u00eancia iNFRA<\/strong><\/p>\n\n\n\n<p>O boletim do PMO (Programa Mensal da Opera\u00e7\u00e3o) para a semana operativa de 2 a 8 de agosto de 2025 aponta uma pequena desacelera\u00e7\u00e3o de 0,6% (76.809 MWmed) no SIN (Sistema Interligado Nacional).<\/p>\n\n\n\n<p>Na an\u00e1lise por subsistema, o comportamento da carga foi de redu\u00e7\u00e3o apenas no Sudeste\/Centro-Oeste, de 2,7% (42.205 MWmed). Nas demais regi\u00f5es, foi observado expans\u00e3o, com o crescimento mais expressivo no Sul, que deve atingir 3,5% (13.550 MWmed), seguido pelo Norte, 2,4% (8.268 MWmed) e o Nordeste, 0,3% (12.786 MWmed).&nbsp;<\/p>\n\n\n\n<p>Os percentuais s\u00e3o compara\u00e7\u00f5es de agosto de 2025 ante o mesmo m\u00eas do ano passado.<\/p>\n\n\n\n<p>Em rela\u00e7\u00e3o \u00e0 ENA (Energia Natural Afluente), tr\u00eas regi\u00f5es apresentam proje\u00e7\u00f5es acima de 60% da MLT: o Sudeste\/Centro Oeste deve alcan\u00e7ar 72% da MLT; o Sul, 68% da MLT, e o Norte, 63% da MLT. J\u00e1 no Nordeste a previs\u00e3o \u00e9 alcan\u00e7ar 48% da MLT.&nbsp;<\/p>\n\n\n\n<p>De acordo com as previs\u00f5es para EAR (Energia Armazenada), at\u00e9 o fim do m\u00eas, os n\u00edveis dos reservat\u00f3rios devem se manter acima de 50% em todos os subsistemas. As estimativas s\u00e3o de que o Norte dever\u00e1 alcan\u00e7ar 89,6%; o Sul, 74%, e o Nordeste, 60,8%. J\u00e1 na regi\u00e3o Sudeste\/Centro Oeste, a indica\u00e7\u00e3o \u00e9 de que atinja o patamar de 58,5%.<\/p>\n\n\n\n<p>O CMO (Custo Marginal de Opera\u00e7\u00e3o) para a pr\u00f3xima semana operativa est\u00e1 com o mesmo valor para todos os subsistemas R$ 332,78\/MWh.<\/p>\n\n\n\n<p><\/p>\n","protected":false},"excerpt":{"rendered":"<p>da Ag\u00eancia iNFRA O boletim do PMO (Programa Mensal da Opera\u00e7\u00e3o) para a semana operativa de 2 a 8 de agosto de 2025 aponta uma pequena desacelera\u00e7\u00e3o de 0,6% (76.809 MWmed) no SIN (Sistema Interligado Nacional). Na an\u00e1lise por subsistema, o comportamento da carga foi de redu\u00e7\u00e3o apenas no Sudeste\/Centro-Oeste, de 2,7% (42.205 MWmed). Nas [&hellip;]<\/p>\n","protected":false},"author":1,"featured_media":12990,"comment_status":"closed","ping_status":"closed","sticky":false,"template":"","format":"standard","meta":{"_monsterinsights_skip_tracking":false,"_monsterinsights_sitenote_active":false,"_monsterinsights_sitenote_note":"","_monsterinsights_sitenote_category":0,"footnotes":""},"categories":[1,13576],"tags":[216,4505,13525,3360,747],"class_list":["post-25747","post","type-post","status-publish","format-standard","has-post-thumbnail","hentry","category-geral","category-giro-infra","tag-ons","tag-pmo","tag-programa-mensal-da-operacao","tag-sin","tag-sistema-interligado-nacional"],"yoast_head":"<!-- This site is optimized with the Yoast SEO Premium plugin v25.4 (Yoast SEO v26.0) - https:\/\/yoast.com\/wordpress\/plugins\/seo\/ -->\n<title>Comportamento da demanda de carga fica est\u00e1vel em agosto, diz ONS - Ag\u00eancia iNFRA<\/title>\n<meta name=\"robots\" content=\"index, follow, max-snippet:-1, max-image-preview:large, max-video-preview:-1\" \/>\n<link rel=\"canonical\" href=\"https:\/\/agenciainfra.com\/blog\/comportamento-da-demanda-de-carga-fica-estavel-em-agosto-diz-ons\/\" \/>\n<meta property=\"og:locale\" content=\"pt_BR\" \/>\n<meta property=\"og:type\" content=\"article\" \/>\n<meta property=\"og:title\" content=\"Comportamento da demanda de carga fica est\u00e1vel em agosto, diz ONS\" \/>\n<meta property=\"og:description\" content=\"da Ag\u00eancia iNFRA O boletim do PMO (Programa Mensal da Opera\u00e7\u00e3o) para a semana operativa de 2 a 8 de agosto de 2025 aponta uma pequena desacelera\u00e7\u00e3o de 0,6% (76.809 MWmed) no SIN (Sistema Interligado Nacional). Na an\u00e1lise por subsistema, o comportamento da carga foi de redu\u00e7\u00e3o apenas no Sudeste\/Centro-Oeste, de 2,7% (42.205 MWmed). Nas [&hellip;]\" \/>\n<meta property=\"og:url\" content=\"https:\/\/agenciainfra.com\/blog\/comportamento-da-demanda-de-carga-fica-estavel-em-agosto-diz-ons\/\" \/>\n<meta property=\"og:site_name\" content=\"Ag\u00eancia iNFRA\" \/>\n<meta property=\"article:publisher\" content=\"https:\/\/www.facebook.com\/ageninfra\" \/>\n<meta property=\"article:published_time\" content=\"2025-08-01T22:52:58+00:00\" \/>\n<meta property=\"article:modified_time\" content=\"2025-08-01T22:53:00+00:00\" \/>\n<meta property=\"og:image\" content=\"https:\/\/agenciainfra.com\/blog\/wp-content\/uploads\/2023\/07\/distribuidoras-energia-foto-agencia-de-noticias-do-parana.jpg\" \/>\n\t<meta property=\"og:image:width\" content=\"1202\" \/>\n\t<meta property=\"og:image:height\" content=\"805\" \/>\n\t<meta property=\"og:image:type\" content=\"image\/jpeg\" \/>\n<meta name=\"author\" content=\"Ag\u00eancia iNFRA\" \/>\n<meta name=\"twitter:card\" content=\"summary_large_image\" \/>\n<meta name=\"twitter:creator\" content=\"@agencia_infra\" \/>\n<meta name=\"twitter:site\" content=\"@agencia_infra\" \/>\n<meta name=\"twitter:label1\" content=\"Escrito por\" \/>\n\t<meta name=\"twitter:data1\" content=\"Ag\u00eancia iNFRA\" \/>\n\t<meta name=\"twitter:label2\" content=\"Est. tempo de leitura\" \/>\n\t<meta name=\"twitter:data2\" content=\"1 minuto\" \/>\n<script type=\"application\/ld+json\" class=\"yoast-schema-graph\">{\"@context\":\"https:\/\/schema.org\",\"@graph\":[{\"@type\":\"Article\",\"@id\":\"https:\/\/agenciainfra.com\/blog\/comportamento-da-demanda-de-carga-fica-estavel-em-agosto-diz-ons\/#article\",\"isPartOf\":{\"@id\":\"https:\/\/agenciainfra.com\/blog\/comportamento-da-demanda-de-carga-fica-estavel-em-agosto-diz-ons\/\"},\"author\":{\"name\":\"Ag\u00eancia iNFRA\",\"@id\":\"https:\/\/agenciainfra.com\/blog\/#\/schema\/person\/34af08dff6adea4cb22b06612ba7acfa\"},\"headline\":\"Comportamento da demanda de carga fica est\u00e1vel em agosto, diz ONS\",\"datePublished\":\"2025-08-01T22:52:58+00:00\",\"dateModified\":\"2025-08-01T22:53:00+00:00\",\"mainEntityOfPage\":{\"@id\":\"https:\/\/agenciainfra.com\/blog\/comportamento-da-demanda-de-carga-fica-estavel-em-agosto-diz-ons\/\"},\"wordCount\":244,\"publisher\":{\"@id\":\"https:\/\/agenciainfra.com\/blog\/#organization\"},\"image\":{\"@id\":\"https:\/\/agenciainfra.com\/blog\/comportamento-da-demanda-de-carga-fica-estavel-em-agosto-diz-ons\/#primaryimage\"},\"thumbnailUrl\":\"https:\/\/agenciainfra.com\/blog\/wp-content\/uploads\/2023\/07\/distribuidoras-energia-foto-agencia-de-noticias-do-parana.jpg\",\"keywords\":[\"ONS\",\"PMO\",\"Programa Mensal da Opera\u00e7\u00e3o\",\"SIN\",\"Sistema Interligado Nacional\"],\"articleSection\":[\"Geral\",\"Giro iNFRA\"],\"inLanguage\":\"pt-BR\",\"copyrightYear\":\"2025\",\"copyrightHolder\":{\"@id\":\"https:\/\/agenciainfra.com\/blog\/#organization\"}},{\"@type\":\"WebPage\",\"@id\":\"https:\/\/agenciainfra.com\/blog\/comportamento-da-demanda-de-carga-fica-estavel-em-agosto-diz-ons\/\",\"url\":\"https:\/\/agenciainfra.com\/blog\/comportamento-da-demanda-de-carga-fica-estavel-em-agosto-diz-ons\/\",\"name\":\"Comportamento da demanda de carga fica est\u00e1vel em agosto, diz ONS - Ag\u00eancia iNFRA\",\"isPartOf\":{\"@id\":\"https:\/\/agenciainfra.com\/blog\/#website\"},\"primaryImageOfPage\":{\"@id\":\"https:\/\/agenciainfra.com\/blog\/comportamento-da-demanda-de-carga-fica-estavel-em-agosto-diz-ons\/#primaryimage\"},\"image\":{\"@id\":\"https:\/\/agenciainfra.com\/blog\/comportamento-da-demanda-de-carga-fica-estavel-em-agosto-diz-ons\/#primaryimage\"},\"thumbnailUrl\":\"https:\/\/agenciainfra.com\/blog\/wp-content\/uploads\/2023\/07\/distribuidoras-energia-foto-agencia-de-noticias-do-parana.jpg\",\"datePublished\":\"2025-08-01T22:52:58+00:00\",\"dateModified\":\"2025-08-01T22:53:00+00:00\",\"breadcrumb\":{\"@id\":\"https:\/\/agenciainfra.com\/blog\/comportamento-da-demanda-de-carga-fica-estavel-em-agosto-diz-ons\/#breadcrumb\"},\"inLanguage\":\"pt-BR\",\"potentialAction\":[{\"@type\":\"ReadAction\",\"target\":[\"https:\/\/agenciainfra.com\/blog\/comportamento-da-demanda-de-carga-fica-estavel-em-agosto-diz-ons\/\"]}]},{\"@type\":\"ImageObject\",\"inLanguage\":\"pt-BR\",\"@id\":\"https:\/\/agenciainfra.com\/blog\/comportamento-da-demanda-de-carga-fica-estavel-em-agosto-diz-ons\/#primaryimage\",\"url\":\"https:\/\/agenciainfra.com\/blog\/wp-content\/uploads\/2023\/07\/distribuidoras-energia-foto-agencia-de-noticias-do-parana.jpg\",\"contentUrl\":\"https:\/\/agenciainfra.com\/blog\/wp-content\/uploads\/2023\/07\/distribuidoras-energia-foto-agencia-de-noticias-do-parana.jpg\",\"width\":1202,\"height\":805,\"caption\":\"Foto: Ag\u00eancia de Not\u00edcias do Paran\u00e1\/Divulga\u00e7\u00e3o\"},{\"@type\":\"BreadcrumbList\",\"@id\":\"https:\/\/agenciainfra.com\/blog\/comportamento-da-demanda-de-carga-fica-estavel-em-agosto-diz-ons\/#breadcrumb\",\"itemListElement\":[{\"@type\":\"ListItem\",\"position\":1,\"name\":\"In\u00edcio\",\"item\":\"https:\/\/agenciainfra.com\/blog\/\"},{\"@type\":\"ListItem\",\"position\":2,\"name\":\"Comportamento da demanda de carga fica est\u00e1vel em agosto, diz ONS\"}]},{\"@type\":\"WebSite\",\"@id\":\"https:\/\/agenciainfra.com\/blog\/#website\",\"url\":\"https:\/\/agenciainfra.com\/blog\/\",\"name\":\"Ag\u00eancia iNFRA\",\"description\":\"Multiplataforma de informa\u00e7\u00e3o jornal\u00edstica refer\u00eancia na \u00e1rea de infraestrutura no Brasil!\",\"publisher\":{\"@id\":\"https:\/\/agenciainfra.com\/blog\/#organization\"},\"potentialAction\":[{\"@type\":\"SearchAction\",\"target\":{\"@type\":\"EntryPoint\",\"urlTemplate\":\"https:\/\/agenciainfra.com\/blog\/?s={search_term_string}\"},\"query-input\":{\"@type\":\"PropertyValueSpecification\",\"valueRequired\":true,\"valueName\":\"search_term_string\"}}],\"inLanguage\":\"pt-BR\"},{\"@type\":\"Organization\",\"@id\":\"https:\/\/agenciainfra.com\/blog\/#organization\",\"name\":\"Ag\u00eancia iNFRA\",\"url\":\"https:\/\/agenciainfra.com\/blog\/\",\"logo\":{\"@type\":\"ImageObject\",\"inLanguage\":\"pt-BR\",\"@id\":\"https:\/\/agenciainfra.com\/blog\/#\/schema\/logo\/image\/\",\"url\":\"https:\/\/agenciainfra.com\/blog\/wp-content\/uploads\/2023\/09\/iNFRA_5-e1761735885940.png\",\"contentUrl\":\"https:\/\/agenciainfra.com\/blog\/wp-content\/uploads\/2023\/09\/iNFRA_5-e1761735885940.png\",\"width\":1672,\"height\":454,\"caption\":\"Ag\u00eancia iNFRA\"},\"image\":{\"@id\":\"https:\/\/agenciainfra.com\/blog\/#\/schema\/logo\/image\/\"},\"sameAs\":[\"https:\/\/www.facebook.com\/ageninfra\",\"https:\/\/x.com\/agencia_infra\",\"https:\/\/www.linkedin.com\/company\/ag\u00eanciainfra\/\",\"https:\/\/www.instagram.com\/agenciainfra\/\"]},{\"@type\":\"Person\",\"@id\":\"https:\/\/agenciainfra.com\/blog\/#\/schema\/person\/34af08dff6adea4cb22b06612ba7acfa\",\"name\":\"Ag\u00eancia iNFRA\",\"image\":{\"@type\":\"ImageObject\",\"inLanguage\":\"pt-BR\",\"@id\":\"https:\/\/agenciainfra.com\/blog\/#\/schema\/person\/image\/\",\"url\":\"https:\/\/secure.gravatar.com\/avatar\/d189e01678f06d8eb84d4e01f08eb848b3fffe3f8443818d3c356c66892f5be8?s=96&d=mm&r=g\",\"contentUrl\":\"https:\/\/secure.gravatar.com\/avatar\/d189e01678f06d8eb84d4e01f08eb848b3fffe3f8443818d3c356c66892f5be8?s=96&d=mm&r=g\",\"caption\":\"Ag\u00eancia iNFRA\"},\"url\":\"https:\/\/agenciainfra.com\/blog\/author\/admin\/\"}]}<\/script>\n<!-- \/ Yoast SEO Premium plugin. -->","yoast_head_json":{"title":"Comportamento da demanda de carga fica est\u00e1vel em agosto, diz ONS - Ag\u00eancia iNFRA","robots":{"index":"index","follow":"follow","max-snippet":"max-snippet:-1","max-image-preview":"max-image-preview:large","max-video-preview":"max-video-preview:-1"},"canonical":"https:\/\/agenciainfra.com\/blog\/comportamento-da-demanda-de-carga-fica-estavel-em-agosto-diz-ons\/","og_locale":"pt_BR","og_type":"article","og_title":"Comportamento da demanda de carga fica est\u00e1vel em agosto, diz ONS","og_description":"da Ag\u00eancia iNFRA O boletim do PMO (Programa Mensal da Opera\u00e7\u00e3o) para a semana operativa de 2 a 8 de agosto de 2025 aponta uma pequena desacelera\u00e7\u00e3o de 0,6% (76.809 MWmed) no SIN (Sistema Interligado Nacional). Na an\u00e1lise por subsistema, o comportamento da carga foi de redu\u00e7\u00e3o apenas no Sudeste\/Centro-Oeste, de 2,7% (42.205 MWmed). Nas [&hellip;]","og_url":"https:\/\/agenciainfra.com\/blog\/comportamento-da-demanda-de-carga-fica-estavel-em-agosto-diz-ons\/","og_site_name":"Ag\u00eancia iNFRA","article_publisher":"https:\/\/www.facebook.com\/ageninfra","article_published_time":"2025-08-01T22:52:58+00:00","article_modified_time":"2025-08-01T22:53:00+00:00","og_image":[{"width":1202,"height":805,"url":"https:\/\/agenciainfra.com\/blog\/wp-content\/uploads\/2023\/07\/distribuidoras-energia-foto-agencia-de-noticias-do-parana.jpg","type":"image\/jpeg"}],"author":"Ag\u00eancia iNFRA","twitter_card":"summary_large_image","twitter_creator":"@agencia_infra","twitter_site":"@agencia_infra","twitter_misc":{"Escrito por":"Ag\u00eancia iNFRA","Est. tempo de leitura":"1 minuto"},"schema":{"@context":"https:\/\/schema.org","@graph":[{"@type":"Article","@id":"https:\/\/agenciainfra.com\/blog\/comportamento-da-demanda-de-carga-fica-estavel-em-agosto-diz-ons\/#article","isPartOf":{"@id":"https:\/\/agenciainfra.com\/blog\/comportamento-da-demanda-de-carga-fica-estavel-em-agosto-diz-ons\/"},"author":{"name":"Ag\u00eancia iNFRA","@id":"https:\/\/agenciainfra.com\/blog\/#\/schema\/person\/34af08dff6adea4cb22b06612ba7acfa"},"headline":"Comportamento da demanda de carga fica est\u00e1vel em agosto, diz ONS","datePublished":"2025-08-01T22:52:58+00:00","dateModified":"2025-08-01T22:53:00+00:00","mainEntityOfPage":{"@id":"https:\/\/agenciainfra.com\/blog\/comportamento-da-demanda-de-carga-fica-estavel-em-agosto-diz-ons\/"},"wordCount":244,"publisher":{"@id":"https:\/\/agenciainfra.com\/blog\/#organization"},"image":{"@id":"https:\/\/agenciainfra.com\/blog\/comportamento-da-demanda-de-carga-fica-estavel-em-agosto-diz-ons\/#primaryimage"},"thumbnailUrl":"https:\/\/agenciainfra.com\/blog\/wp-content\/uploads\/2023\/07\/distribuidoras-energia-foto-agencia-de-noticias-do-parana.jpg","keywords":["ONS","PMO","Programa Mensal da Opera\u00e7\u00e3o","SIN","Sistema Interligado Nacional"],"articleSection":["Geral","Giro iNFRA"],"inLanguage":"pt-BR","copyrightYear":"2025","copyrightHolder":{"@id":"https:\/\/agenciainfra.com\/blog\/#organization"}},{"@type":"WebPage","@id":"https:\/\/agenciainfra.com\/blog\/comportamento-da-demanda-de-carga-fica-estavel-em-agosto-diz-ons\/","url":"https:\/\/agenciainfra.com\/blog\/comportamento-da-demanda-de-carga-fica-estavel-em-agosto-diz-ons\/","name":"Comportamento da demanda de carga fica est\u00e1vel em agosto, diz ONS - Ag\u00eancia iNFRA","isPartOf":{"@id":"https:\/\/agenciainfra.com\/blog\/#website"},"primaryImageOfPage":{"@id":"https:\/\/agenciainfra.com\/blog\/comportamento-da-demanda-de-carga-fica-estavel-em-agosto-diz-ons\/#primaryimage"},"image":{"@id":"https:\/\/agenciainfra.com\/blog\/comportamento-da-demanda-de-carga-fica-estavel-em-agosto-diz-ons\/#primaryimage"},"thumbnailUrl":"https:\/\/agenciainfra.com\/blog\/wp-content\/uploads\/2023\/07\/distribuidoras-energia-foto-agencia-de-noticias-do-parana.jpg","datePublished":"2025-08-01T22:52:58+00:00","dateModified":"2025-08-01T22:53:00+00:00","breadcrumb":{"@id":"https:\/\/agenciainfra.com\/blog\/comportamento-da-demanda-de-carga-fica-estavel-em-agosto-diz-ons\/#breadcrumb"},"inLanguage":"pt-BR","potentialAction":[{"@type":"ReadAction","target":["https:\/\/agenciainfra.com\/blog\/comportamento-da-demanda-de-carga-fica-estavel-em-agosto-diz-ons\/"]}]},{"@type":"ImageObject","inLanguage":"pt-BR","@id":"https:\/\/agenciainfra.com\/blog\/comportamento-da-demanda-de-carga-fica-estavel-em-agosto-diz-ons\/#primaryimage","url":"https:\/\/agenciainfra.com\/blog\/wp-content\/uploads\/2023\/07\/distribuidoras-energia-foto-agencia-de-noticias-do-parana.jpg","contentUrl":"https:\/\/agenciainfra.com\/blog\/wp-content\/uploads\/2023\/07\/distribuidoras-energia-foto-agencia-de-noticias-do-parana.jpg","width":1202,"height":805,"caption":"Foto: Ag\u00eancia de Not\u00edcias do Paran\u00e1\/Divulga\u00e7\u00e3o"},{"@type":"BreadcrumbList","@id":"https:\/\/agenciainfra.com\/blog\/comportamento-da-demanda-de-carga-fica-estavel-em-agosto-diz-ons\/#breadcrumb","itemListElement":[{"@type":"ListItem","position":1,"name":"In\u00edcio","item":"https:\/\/agenciainfra.com\/blog\/"},{"@type":"ListItem","position":2,"name":"Comportamento da demanda de carga fica est\u00e1vel em agosto, diz ONS"}]},{"@type":"WebSite","@id":"https:\/\/agenciainfra.com\/blog\/#website","url":"https:\/\/agenciainfra.com\/blog\/","name":"Ag\u00eancia iNFRA","description":"Multiplataforma de informa\u00e7\u00e3o jornal\u00edstica refer\u00eancia na \u00e1rea de infraestrutura no Brasil!","publisher":{"@id":"https:\/\/agenciainfra.com\/blog\/#organization"},"potentialAction":[{"@type":"SearchAction","target":{"@type":"EntryPoint","urlTemplate":"https:\/\/agenciainfra.com\/blog\/?s={search_term_string}"},"query-input":{"@type":"PropertyValueSpecification","valueRequired":true,"valueName":"search_term_string"}}],"inLanguage":"pt-BR"},{"@type":"Organization","@id":"https:\/\/agenciainfra.com\/blog\/#organization","name":"Ag\u00eancia iNFRA","url":"https:\/\/agenciainfra.com\/blog\/","logo":{"@type":"ImageObject","inLanguage":"pt-BR","@id":"https:\/\/agenciainfra.com\/blog\/#\/schema\/logo\/image\/","url":"https:\/\/agenciainfra.com\/blog\/wp-content\/uploads\/2023\/09\/iNFRA_5-e1761735885940.png","contentUrl":"https:\/\/agenciainfra.com\/blog\/wp-content\/uploads\/2023\/09\/iNFRA_5-e1761735885940.png","width":1672,"height":454,"caption":"Ag\u00eancia iNFRA"},"image":{"@id":"https:\/\/agenciainfra.com\/blog\/#\/schema\/logo\/image\/"},"sameAs":["https:\/\/www.facebook.com\/ageninfra","https:\/\/x.com\/agencia_infra","https:\/\/www.linkedin.com\/company\/ag\u00eanciainfra\/","https:\/\/www.instagram.com\/agenciainfra\/"]},{"@type":"Person","@id":"https:\/\/agenciainfra.com\/blog\/#\/schema\/person\/34af08dff6adea4cb22b06612ba7acfa","name":"Ag\u00eancia iNFRA","image":{"@type":"ImageObject","inLanguage":"pt-BR","@id":"https:\/\/agenciainfra.com\/blog\/#\/schema\/person\/image\/","url":"https:\/\/secure.gravatar.com\/avatar\/d189e01678f06d8eb84d4e01f08eb848b3fffe3f8443818d3c356c66892f5be8?s=96&d=mm&r=g","contentUrl":"https:\/\/secure.gravatar.com\/avatar\/d189e01678f06d8eb84d4e01f08eb848b3fffe3f8443818d3c356c66892f5be8?s=96&d=mm&r=g","caption":"Ag\u00eancia iNFRA"},"url":"https:\/\/agenciainfra.com\/blog\/author\/admin\/"}]}},"_links":{"self":[{"href":"https:\/\/agenciainfra.com\/blog\/wp-json\/wp\/v2\/posts\/25747","targetHints":{"allow":["GET"]}}],"collection":[{"href":"https:\/\/agenciainfra.com\/blog\/wp-json\/wp\/v2\/posts"}],"about":[{"href":"https:\/\/agenciainfra.com\/blog\/wp-json\/wp\/v2\/types\/post"}],"author":[{"embeddable":true,"href":"https:\/\/agenciainfra.com\/blog\/wp-json\/wp\/v2\/users\/1"}],"replies":[{"embeddable":true,"href":"https:\/\/agenciainfra.com\/blog\/wp-json\/wp\/v2\/comments?post=25747"}],"version-history":[{"count":1,"href":"https:\/\/agenciainfra.com\/blog\/wp-json\/wp\/v2\/posts\/25747\/revisions"}],"predecessor-version":[{"id":25748,"href":"https:\/\/agenciainfra.com\/blog\/wp-json\/wp\/v2\/posts\/25747\/revisions\/25748"}],"wp:featuredmedia":[{"embeddable":true,"href":"https:\/\/agenciainfra.com\/blog\/wp-json\/wp\/v2\/media\/12990"}],"wp:attachment":[{"href":"https:\/\/agenciainfra.com\/blog\/wp-json\/wp\/v2\/media?parent=25747"}],"wp:term":[{"taxonomy":"category","embeddable":true,"href":"https:\/\/agenciainfra.com\/blog\/wp-json\/wp\/v2\/categories?post=25747"},{"taxonomy":"post_tag","embeddable":true,"href":"https:\/\/agenciainfra.com\/blog\/wp-json\/wp\/v2\/tags?post=25747"}],"curies":[{"name":"wp","href":"https:\/\/api.w.org\/{rel}","templated":true}]}}