{"id":25749,"date":"2025-08-01T20:27:40","date_gmt":"2025-08-01T23:27:40","guid":{"rendered":"https:\/\/agenciainfra.com\/blog\/?p=25749"},"modified":"2025-08-01T20:27:42","modified_gmt":"2025-08-01T23:27:42","slug":"carga-para-2025-2029-deve-crescer-35-ao-ano-diz-relatorio-do-setor","status":"publish","type":"post","link":"https:\/\/agenciainfra.com\/blog\/carga-para-2025-2029-deve-crescer-35-ao-ano-diz-relatorio-do-setor\/","title":{"rendered":"Carga para 2025-2029 deve crescer 3,5% ao ano, diz relat\u00f3rio do setor"},"content":{"rendered":"\n<p class=\"has-text-align-right\"><strong>da Ag\u00eancia iNFRA<\/strong><\/p>\n\n\n\n<p>A CCEE (C\u00e2mara de Comercializa\u00e7\u00e3o de Energia El\u00e9trica), o ONS (Operador Nacional do Setor El\u00e9trico) e a EPE (Empresa de Pesquisa Energ\u00e9tica) divulgaram nesta sexta-feira (1\u00ba) os dados da 2\u00aa Revis\u00e3o Quadrimestral das Previs\u00f5es de Carga para o Planejamento Anual da Opera\u00e7\u00e3o Energ\u00e9tica \u2013 2025-2029. A perspectiva \u00e9 de crescimento m\u00e9dio anual de 3,5% da carga do SIN (Sistema Interligado Nacional) no per\u00edodo.&nbsp;<\/p>\n\n\n\n<p>Para 2025, o crescimento projetado \u00e9 de 1,9% na carga global, atingindo o valor de 81.542 MW m\u00e9dios. Em 2029, est\u00e1 previsto o valor de 94.958 MW m\u00e9dios. Os resultados consideram a Micro e Minigera\u00e7\u00e3o Distribu\u00edda e a partir de outubro, integra\u00e7\u00e3o de Roraima no Subsistema Norte do SIN, uma vez que esta interliga\u00e7\u00e3o est\u00e1 prevista para acontecer em 30 de setembro de 2025.<\/p>\n\n\n\n<p>A expectativa de crescimento do PIB em 2025 foi revista de 2,2% para 2,3%, influenciada pelos resultados acima do esperado no 1\u00ba trimestre do ano e da resili\u00eancia do mercado de trabalho, compensando os efeitos do cen\u00e1rio de maior press\u00e3o inflacion\u00e1ria e de continuidade da pol\u00edtica monet\u00e1ria restritiva.&nbsp;<\/p>\n\n\n\n<p>Para os anos subsequentes, as proje\u00e7\u00f5es da atividade econ\u00f4mica foram mantidas, assim como as premissas qualitativas consideradas na 1\u00aa Revis\u00e3o Quadrimestral, com uma pequena atualiza\u00e7\u00e3o da proje\u00e7\u00e3o de crescimento do PIB em 2026.<\/p>\n\n\n\n<p><\/p>\n","protected":false},"excerpt":{"rendered":"<p>da Ag\u00eancia iNFRA A CCEE (C\u00e2mara de Comercializa\u00e7\u00e3o de Energia El\u00e9trica), o ONS (Operador Nacional do Setor El\u00e9trico) e a EPE (Empresa de Pesquisa Energ\u00e9tica) divulgaram nesta sexta-feira (1\u00ba) os dados da 2\u00aa Revis\u00e3o Quadrimestral das Previs\u00f5es de Carga para o Planejamento Anual da Opera\u00e7\u00e3o Energ\u00e9tica \u2013 2025-2029. A perspectiva \u00e9 de crescimento m\u00e9dio anual [&hellip;]<\/p>\n","protected":false},"author":1,"featured_media":6790,"comment_status":"closed","ping_status":"closed","sticky":false,"template":"","format":"standard","meta":{"_monsterinsights_skip_tracking":false,"_monsterinsights_sitenote_active":false,"_monsterinsights_sitenote_note":"","_monsterinsights_sitenote_category":0,"footnotes":""},"categories":[1,13576],"tags":[14,12,216,14705,3360,747],"class_list":["post-25749","post","type-post","status-publish","format-standard","has-post-thumbnail","hentry","category-geral","category-giro-infra","tag-ccee","tag-epe","tag-ons","tag-revisao-quadrimestral-das-previsoes-de-carga-para-o-planejamento-anual-da-operacao-energetica","tag-sin","tag-sistema-interligado-nacional"],"yoast_head":"<!-- This site is optimized with the Yoast SEO Premium plugin v25.4 (Yoast SEO v26.0) - https:\/\/yoast.com\/wordpress\/plugins\/seo\/ -->\n<title>Carga para 2025-2029 deve crescer 3,5% ao ano, diz relat\u00f3rio do setor - Ag\u00eancia iNFRA<\/title>\n<meta name=\"robots\" content=\"index, follow, max-snippet:-1, max-image-preview:large, max-video-preview:-1\" \/>\n<link rel=\"canonical\" href=\"https:\/\/agenciainfra.com\/blog\/carga-para-2025-2029-deve-crescer-35-ao-ano-diz-relatorio-do-setor\/\" \/>\n<meta property=\"og:locale\" content=\"pt_BR\" \/>\n<meta property=\"og:type\" content=\"article\" \/>\n<meta property=\"og:title\" content=\"Carga para 2025-2029 deve crescer 3,5% ao ano, diz relat\u00f3rio do setor\" \/>\n<meta property=\"og:description\" content=\"da Ag\u00eancia iNFRA A CCEE (C\u00e2mara de Comercializa\u00e7\u00e3o de Energia El\u00e9trica), o ONS (Operador Nacional do Setor El\u00e9trico) e a EPE (Empresa de Pesquisa Energ\u00e9tica) divulgaram nesta sexta-feira (1\u00ba) os dados da 2\u00aa Revis\u00e3o Quadrimestral das Previs\u00f5es de Carga para o Planejamento Anual da Opera\u00e7\u00e3o Energ\u00e9tica \u2013 2025-2029. A perspectiva \u00e9 de crescimento m\u00e9dio anual [&hellip;]\" \/>\n<meta property=\"og:url\" content=\"https:\/\/agenciainfra.com\/blog\/carga-para-2025-2029-deve-crescer-35-ao-ano-diz-relatorio-do-setor\/\" \/>\n<meta property=\"og:site_name\" content=\"Ag\u00eancia iNFRA\" \/>\n<meta property=\"article:publisher\" content=\"https:\/\/www.facebook.com\/ageninfra\" \/>\n<meta property=\"article:published_time\" content=\"2025-08-01T23:27:40+00:00\" \/>\n<meta property=\"article:modified_time\" content=\"2025-08-01T23:27:42+00:00\" \/>\n<meta property=\"og:image\" content=\"https:\/\/agenciainfra.com\/blog\/wp-content\/uploads\/2021\/02\/rede-de-transmissao-foto-dominio-publico.jpg\" \/>\n\t<meta property=\"og:image:width\" content=\"1280\" \/>\n\t<meta property=\"og:image:height\" content=\"854\" \/>\n\t<meta property=\"og:image:type\" content=\"image\/jpeg\" \/>\n<meta name=\"author\" content=\"Ag\u00eancia iNFRA\" \/>\n<meta name=\"twitter:card\" content=\"summary_large_image\" \/>\n<meta name=\"twitter:creator\" content=\"@agencia_infra\" \/>\n<meta name=\"twitter:site\" content=\"@agencia_infra\" \/>\n<meta name=\"twitter:label1\" content=\"Escrito por\" \/>\n\t<meta name=\"twitter:data1\" content=\"Ag\u00eancia iNFRA\" \/>\n\t<meta name=\"twitter:label2\" content=\"Est. tempo de leitura\" \/>\n\t<meta name=\"twitter:data2\" content=\"1 minuto\" \/>\n<script type=\"application\/ld+json\" class=\"yoast-schema-graph\">{\"@context\":\"https:\/\/schema.org\",\"@graph\":[{\"@type\":\"Article\",\"@id\":\"https:\/\/agenciainfra.com\/blog\/carga-para-2025-2029-deve-crescer-35-ao-ano-diz-relatorio-do-setor\/#article\",\"isPartOf\":{\"@id\":\"https:\/\/agenciainfra.com\/blog\/carga-para-2025-2029-deve-crescer-35-ao-ano-diz-relatorio-do-setor\/\"},\"author\":{\"name\":\"Ag\u00eancia iNFRA\",\"@id\":\"https:\/\/agenciainfra.com\/blog\/#\/schema\/person\/34af08dff6adea4cb22b06612ba7acfa\"},\"headline\":\"Carga para 2025-2029 deve crescer 3,5% ao ano, diz relat\u00f3rio do setor\",\"datePublished\":\"2025-08-01T23:27:40+00:00\",\"dateModified\":\"2025-08-01T23:27:42+00:00\",\"mainEntityOfPage\":{\"@id\":\"https:\/\/agenciainfra.com\/blog\/carga-para-2025-2029-deve-crescer-35-ao-ano-diz-relatorio-do-setor\/\"},\"wordCount\":235,\"publisher\":{\"@id\":\"https:\/\/agenciainfra.com\/blog\/#organization\"},\"image\":{\"@id\":\"https:\/\/agenciainfra.com\/blog\/carga-para-2025-2029-deve-crescer-35-ao-ano-diz-relatorio-do-setor\/#primaryimage\"},\"thumbnailUrl\":\"https:\/\/agenciainfra.com\/blog\/wp-content\/uploads\/2021\/02\/rede-de-transmissao-foto-dominio-publico.jpg\",\"keywords\":[\"ccee\",\"epe\",\"ONS\",\"Revis\u00e3o Quadrimestral das Previs\u00f5es de Carga para o Planejamento Anual da Opera\u00e7\u00e3o Energ\u00e9tica\",\"SIN\",\"Sistema Interligado Nacional\"],\"articleSection\":[\"Geral\",\"Giro iNFRA\"],\"inLanguage\":\"pt-BR\",\"copyrightYear\":\"2025\",\"copyrightHolder\":{\"@id\":\"https:\/\/agenciainfra.com\/blog\/#organization\"}},{\"@type\":\"WebPage\",\"@id\":\"https:\/\/agenciainfra.com\/blog\/carga-para-2025-2029-deve-crescer-35-ao-ano-diz-relatorio-do-setor\/\",\"url\":\"https:\/\/agenciainfra.com\/blog\/carga-para-2025-2029-deve-crescer-35-ao-ano-diz-relatorio-do-setor\/\",\"name\":\"Carga para 2025-2029 deve crescer 3,5% ao ano, diz relat\u00f3rio do setor - Ag\u00eancia iNFRA\",\"isPartOf\":{\"@id\":\"https:\/\/agenciainfra.com\/blog\/#website\"},\"primaryImageOfPage\":{\"@id\":\"https:\/\/agenciainfra.com\/blog\/carga-para-2025-2029-deve-crescer-35-ao-ano-diz-relatorio-do-setor\/#primaryimage\"},\"image\":{\"@id\":\"https:\/\/agenciainfra.com\/blog\/carga-para-2025-2029-deve-crescer-35-ao-ano-diz-relatorio-do-setor\/#primaryimage\"},\"thumbnailUrl\":\"https:\/\/agenciainfra.com\/blog\/wp-content\/uploads\/2021\/02\/rede-de-transmissao-foto-dominio-publico.jpg\",\"datePublished\":\"2025-08-01T23:27:40+00:00\",\"dateModified\":\"2025-08-01T23:27:42+00:00\",\"breadcrumb\":{\"@id\":\"https:\/\/agenciainfra.com\/blog\/carga-para-2025-2029-deve-crescer-35-ao-ano-diz-relatorio-do-setor\/#breadcrumb\"},\"inLanguage\":\"pt-BR\",\"potentialAction\":[{\"@type\":\"ReadAction\",\"target\":[\"https:\/\/agenciainfra.com\/blog\/carga-para-2025-2029-deve-crescer-35-ao-ano-diz-relatorio-do-setor\/\"]}]},{\"@type\":\"ImageObject\",\"inLanguage\":\"pt-BR\",\"@id\":\"https:\/\/agenciainfra.com\/blog\/carga-para-2025-2029-deve-crescer-35-ao-ano-diz-relatorio-do-setor\/#primaryimage\",\"url\":\"https:\/\/agenciainfra.com\/blog\/wp-content\/uploads\/2021\/02\/rede-de-transmissao-foto-dominio-publico.jpg\",\"contentUrl\":\"https:\/\/agenciainfra.com\/blog\/wp-content\/uploads\/2021\/02\/rede-de-transmissao-foto-dominio-publico.jpg\",\"width\":1280,\"height\":854,\"caption\":\"Foto: Dom\u00ednio P\u00fablico\"},{\"@type\":\"BreadcrumbList\",\"@id\":\"https:\/\/agenciainfra.com\/blog\/carga-para-2025-2029-deve-crescer-35-ao-ano-diz-relatorio-do-setor\/#breadcrumb\",\"itemListElement\":[{\"@type\":\"ListItem\",\"position\":1,\"name\":\"In\u00edcio\",\"item\":\"https:\/\/agenciainfra.com\/blog\/\"},{\"@type\":\"ListItem\",\"position\":2,\"name\":\"Carga para 2025-2029 deve crescer 3,5% ao ano, diz relat\u00f3rio do setor\"}]},{\"@type\":\"WebSite\",\"@id\":\"https:\/\/agenciainfra.com\/blog\/#website\",\"url\":\"https:\/\/agenciainfra.com\/blog\/\",\"name\":\"Ag\u00eancia iNFRA\",\"description\":\"Multiplataforma de informa\u00e7\u00e3o jornal\u00edstica refer\u00eancia na \u00e1rea de infraestrutura no Brasil!\",\"publisher\":{\"@id\":\"https:\/\/agenciainfra.com\/blog\/#organization\"},\"potentialAction\":[{\"@type\":\"SearchAction\",\"target\":{\"@type\":\"EntryPoint\",\"urlTemplate\":\"https:\/\/agenciainfra.com\/blog\/?s={search_term_string}\"},\"query-input\":{\"@type\":\"PropertyValueSpecification\",\"valueRequired\":true,\"valueName\":\"search_term_string\"}}],\"inLanguage\":\"pt-BR\"},{\"@type\":\"Organization\",\"@id\":\"https:\/\/agenciainfra.com\/blog\/#organization\",\"name\":\"Ag\u00eancia iNFRA\",\"url\":\"https:\/\/agenciainfra.com\/blog\/\",\"logo\":{\"@type\":\"ImageObject\",\"inLanguage\":\"pt-BR\",\"@id\":\"https:\/\/agenciainfra.com\/blog\/#\/schema\/logo\/image\/\",\"url\":\"https:\/\/agenciainfra.com\/blog\/wp-content\/uploads\/2023\/09\/iNFRA_5-e1761735885940.png\",\"contentUrl\":\"https:\/\/agenciainfra.com\/blog\/wp-content\/uploads\/2023\/09\/iNFRA_5-e1761735885940.png\",\"width\":1672,\"height\":454,\"caption\":\"Ag\u00eancia iNFRA\"},\"image\":{\"@id\":\"https:\/\/agenciainfra.com\/blog\/#\/schema\/logo\/image\/\"},\"sameAs\":[\"https:\/\/www.facebook.com\/ageninfra\",\"https:\/\/x.com\/agencia_infra\",\"https:\/\/www.linkedin.com\/company\/ag\u00eanciainfra\/\",\"https:\/\/www.instagram.com\/agenciainfra\/\"]},{\"@type\":\"Person\",\"@id\":\"https:\/\/agenciainfra.com\/blog\/#\/schema\/person\/34af08dff6adea4cb22b06612ba7acfa\",\"name\":\"Ag\u00eancia iNFRA\",\"image\":{\"@type\":\"ImageObject\",\"inLanguage\":\"pt-BR\",\"@id\":\"https:\/\/agenciainfra.com\/blog\/#\/schema\/person\/image\/\",\"url\":\"https:\/\/secure.gravatar.com\/avatar\/d189e01678f06d8eb84d4e01f08eb848b3fffe3f8443818d3c356c66892f5be8?s=96&d=mm&r=g\",\"contentUrl\":\"https:\/\/secure.gravatar.com\/avatar\/d189e01678f06d8eb84d4e01f08eb848b3fffe3f8443818d3c356c66892f5be8?s=96&d=mm&r=g\",\"caption\":\"Ag\u00eancia iNFRA\"},\"url\":\"https:\/\/agenciainfra.com\/blog\/author\/admin\/\"}]}<\/script>\n<!-- \/ Yoast SEO Premium plugin. -->","yoast_head_json":{"title":"Carga para 2025-2029 deve crescer 3,5% ao ano, diz relat\u00f3rio do setor - Ag\u00eancia iNFRA","robots":{"index":"index","follow":"follow","max-snippet":"max-snippet:-1","max-image-preview":"max-image-preview:large","max-video-preview":"max-video-preview:-1"},"canonical":"https:\/\/agenciainfra.com\/blog\/carga-para-2025-2029-deve-crescer-35-ao-ano-diz-relatorio-do-setor\/","og_locale":"pt_BR","og_type":"article","og_title":"Carga para 2025-2029 deve crescer 3,5% ao ano, diz relat\u00f3rio do setor","og_description":"da Ag\u00eancia iNFRA A CCEE (C\u00e2mara de Comercializa\u00e7\u00e3o de Energia El\u00e9trica), o ONS (Operador Nacional do Setor El\u00e9trico) e a EPE (Empresa de Pesquisa Energ\u00e9tica) divulgaram nesta sexta-feira (1\u00ba) os dados da 2\u00aa Revis\u00e3o Quadrimestral das Previs\u00f5es de Carga para o Planejamento Anual da Opera\u00e7\u00e3o Energ\u00e9tica \u2013 2025-2029. A perspectiva \u00e9 de crescimento m\u00e9dio anual [&hellip;]","og_url":"https:\/\/agenciainfra.com\/blog\/carga-para-2025-2029-deve-crescer-35-ao-ano-diz-relatorio-do-setor\/","og_site_name":"Ag\u00eancia iNFRA","article_publisher":"https:\/\/www.facebook.com\/ageninfra","article_published_time":"2025-08-01T23:27:40+00:00","article_modified_time":"2025-08-01T23:27:42+00:00","og_image":[{"width":1280,"height":854,"url":"https:\/\/agenciainfra.com\/blog\/wp-content\/uploads\/2021\/02\/rede-de-transmissao-foto-dominio-publico.jpg","type":"image\/jpeg"}],"author":"Ag\u00eancia iNFRA","twitter_card":"summary_large_image","twitter_creator":"@agencia_infra","twitter_site":"@agencia_infra","twitter_misc":{"Escrito por":"Ag\u00eancia iNFRA","Est. tempo de leitura":"1 minuto"},"schema":{"@context":"https:\/\/schema.org","@graph":[{"@type":"Article","@id":"https:\/\/agenciainfra.com\/blog\/carga-para-2025-2029-deve-crescer-35-ao-ano-diz-relatorio-do-setor\/#article","isPartOf":{"@id":"https:\/\/agenciainfra.com\/blog\/carga-para-2025-2029-deve-crescer-35-ao-ano-diz-relatorio-do-setor\/"},"author":{"name":"Ag\u00eancia iNFRA","@id":"https:\/\/agenciainfra.com\/blog\/#\/schema\/person\/34af08dff6adea4cb22b06612ba7acfa"},"headline":"Carga para 2025-2029 deve crescer 3,5% ao ano, diz relat\u00f3rio do setor","datePublished":"2025-08-01T23:27:40+00:00","dateModified":"2025-08-01T23:27:42+00:00","mainEntityOfPage":{"@id":"https:\/\/agenciainfra.com\/blog\/carga-para-2025-2029-deve-crescer-35-ao-ano-diz-relatorio-do-setor\/"},"wordCount":235,"publisher":{"@id":"https:\/\/agenciainfra.com\/blog\/#organization"},"image":{"@id":"https:\/\/agenciainfra.com\/blog\/carga-para-2025-2029-deve-crescer-35-ao-ano-diz-relatorio-do-setor\/#primaryimage"},"thumbnailUrl":"https:\/\/agenciainfra.com\/blog\/wp-content\/uploads\/2021\/02\/rede-de-transmissao-foto-dominio-publico.jpg","keywords":["ccee","epe","ONS","Revis\u00e3o Quadrimestral das Previs\u00f5es de Carga para o Planejamento Anual da Opera\u00e7\u00e3o Energ\u00e9tica","SIN","Sistema Interligado Nacional"],"articleSection":["Geral","Giro iNFRA"],"inLanguage":"pt-BR","copyrightYear":"2025","copyrightHolder":{"@id":"https:\/\/agenciainfra.com\/blog\/#organization"}},{"@type":"WebPage","@id":"https:\/\/agenciainfra.com\/blog\/carga-para-2025-2029-deve-crescer-35-ao-ano-diz-relatorio-do-setor\/","url":"https:\/\/agenciainfra.com\/blog\/carga-para-2025-2029-deve-crescer-35-ao-ano-diz-relatorio-do-setor\/","name":"Carga para 2025-2029 deve crescer 3,5% ao ano, diz relat\u00f3rio do setor - Ag\u00eancia iNFRA","isPartOf":{"@id":"https:\/\/agenciainfra.com\/blog\/#website"},"primaryImageOfPage":{"@id":"https:\/\/agenciainfra.com\/blog\/carga-para-2025-2029-deve-crescer-35-ao-ano-diz-relatorio-do-setor\/#primaryimage"},"image":{"@id":"https:\/\/agenciainfra.com\/blog\/carga-para-2025-2029-deve-crescer-35-ao-ano-diz-relatorio-do-setor\/#primaryimage"},"thumbnailUrl":"https:\/\/agenciainfra.com\/blog\/wp-content\/uploads\/2021\/02\/rede-de-transmissao-foto-dominio-publico.jpg","datePublished":"2025-08-01T23:27:40+00:00","dateModified":"2025-08-01T23:27:42+00:00","breadcrumb":{"@id":"https:\/\/agenciainfra.com\/blog\/carga-para-2025-2029-deve-crescer-35-ao-ano-diz-relatorio-do-setor\/#breadcrumb"},"inLanguage":"pt-BR","potentialAction":[{"@type":"ReadAction","target":["https:\/\/agenciainfra.com\/blog\/carga-para-2025-2029-deve-crescer-35-ao-ano-diz-relatorio-do-setor\/"]}]},{"@type":"ImageObject","inLanguage":"pt-BR","@id":"https:\/\/agenciainfra.com\/blog\/carga-para-2025-2029-deve-crescer-35-ao-ano-diz-relatorio-do-setor\/#primaryimage","url":"https:\/\/agenciainfra.com\/blog\/wp-content\/uploads\/2021\/02\/rede-de-transmissao-foto-dominio-publico.jpg","contentUrl":"https:\/\/agenciainfra.com\/blog\/wp-content\/uploads\/2021\/02\/rede-de-transmissao-foto-dominio-publico.jpg","width":1280,"height":854,"caption":"Foto: Dom\u00ednio P\u00fablico"},{"@type":"BreadcrumbList","@id":"https:\/\/agenciainfra.com\/blog\/carga-para-2025-2029-deve-crescer-35-ao-ano-diz-relatorio-do-setor\/#breadcrumb","itemListElement":[{"@type":"ListItem","position":1,"name":"In\u00edcio","item":"https:\/\/agenciainfra.com\/blog\/"},{"@type":"ListItem","position":2,"name":"Carga para 2025-2029 deve crescer 3,5% ao ano, diz relat\u00f3rio do setor"}]},{"@type":"WebSite","@id":"https:\/\/agenciainfra.com\/blog\/#website","url":"https:\/\/agenciainfra.com\/blog\/","name":"Ag\u00eancia iNFRA","description":"Multiplataforma de informa\u00e7\u00e3o jornal\u00edstica refer\u00eancia na \u00e1rea de infraestrutura no Brasil!","publisher":{"@id":"https:\/\/agenciainfra.com\/blog\/#organization"},"potentialAction":[{"@type":"SearchAction","target":{"@type":"EntryPoint","urlTemplate":"https:\/\/agenciainfra.com\/blog\/?s={search_term_string}"},"query-input":{"@type":"PropertyValueSpecification","valueRequired":true,"valueName":"search_term_string"}}],"inLanguage":"pt-BR"},{"@type":"Organization","@id":"https:\/\/agenciainfra.com\/blog\/#organization","name":"Ag\u00eancia iNFRA","url":"https:\/\/agenciainfra.com\/blog\/","logo":{"@type":"ImageObject","inLanguage":"pt-BR","@id":"https:\/\/agenciainfra.com\/blog\/#\/schema\/logo\/image\/","url":"https:\/\/agenciainfra.com\/blog\/wp-content\/uploads\/2023\/09\/iNFRA_5-e1761735885940.png","contentUrl":"https:\/\/agenciainfra.com\/blog\/wp-content\/uploads\/2023\/09\/iNFRA_5-e1761735885940.png","width":1672,"height":454,"caption":"Ag\u00eancia iNFRA"},"image":{"@id":"https:\/\/agenciainfra.com\/blog\/#\/schema\/logo\/image\/"},"sameAs":["https:\/\/www.facebook.com\/ageninfra","https:\/\/x.com\/agencia_infra","https:\/\/www.linkedin.com\/company\/ag\u00eanciainfra\/","https:\/\/www.instagram.com\/agenciainfra\/"]},{"@type":"Person","@id":"https:\/\/agenciainfra.com\/blog\/#\/schema\/person\/34af08dff6adea4cb22b06612ba7acfa","name":"Ag\u00eancia iNFRA","image":{"@type":"ImageObject","inLanguage":"pt-BR","@id":"https:\/\/agenciainfra.com\/blog\/#\/schema\/person\/image\/","url":"https:\/\/secure.gravatar.com\/avatar\/d189e01678f06d8eb84d4e01f08eb848b3fffe3f8443818d3c356c66892f5be8?s=96&d=mm&r=g","contentUrl":"https:\/\/secure.gravatar.com\/avatar\/d189e01678f06d8eb84d4e01f08eb848b3fffe3f8443818d3c356c66892f5be8?s=96&d=mm&r=g","caption":"Ag\u00eancia iNFRA"},"url":"https:\/\/agenciainfra.com\/blog\/author\/admin\/"}]}},"_links":{"self":[{"href":"https:\/\/agenciainfra.com\/blog\/wp-json\/wp\/v2\/posts\/25749","targetHints":{"allow":["GET"]}}],"collection":[{"href":"https:\/\/agenciainfra.com\/blog\/wp-json\/wp\/v2\/posts"}],"about":[{"href":"https:\/\/agenciainfra.com\/blog\/wp-json\/wp\/v2\/types\/post"}],"author":[{"embeddable":true,"href":"https:\/\/agenciainfra.com\/blog\/wp-json\/wp\/v2\/users\/1"}],"replies":[{"embeddable":true,"href":"https:\/\/agenciainfra.com\/blog\/wp-json\/wp\/v2\/comments?post=25749"}],"version-history":[{"count":1,"href":"https:\/\/agenciainfra.com\/blog\/wp-json\/wp\/v2\/posts\/25749\/revisions"}],"predecessor-version":[{"id":25750,"href":"https:\/\/agenciainfra.com\/blog\/wp-json\/wp\/v2\/posts\/25749\/revisions\/25750"}],"wp:featuredmedia":[{"embeddable":true,"href":"https:\/\/agenciainfra.com\/blog\/wp-json\/wp\/v2\/media\/6790"}],"wp:attachment":[{"href":"https:\/\/agenciainfra.com\/blog\/wp-json\/wp\/v2\/media?parent=25749"}],"wp:term":[{"taxonomy":"category","embeddable":true,"href":"https:\/\/agenciainfra.com\/blog\/wp-json\/wp\/v2\/categories?post=25749"},{"taxonomy":"post_tag","embeddable":true,"href":"https:\/\/agenciainfra.com\/blog\/wp-json\/wp\/v2\/tags?post=25749"}],"curies":[{"name":"wp","href":"https:\/\/api.w.org\/{rel}","templated":true}]}}