{"id":25761,"date":"2025-08-05T08:00:00","date_gmt":"2025-08-05T11:00:00","guid":{"rendered":"https:\/\/agenciainfra.com\/blog\/?p=25761"},"modified":"2025-08-05T15:47:28","modified_gmt":"2025-08-05T18:47:28","slug":"editais-do-canal-de-paranagua-e-de-aeroportos-regionais-devem-sair-nesta-semana-e-calendario-para-leiloes-em-2025-se-estreita","status":"publish","type":"post","link":"https:\/\/agenciainfra.com\/blog\/editais-do-canal-de-paranagua-e-de-aeroportos-regionais-devem-sair-nesta-semana-e-calendario-para-leiloes-em-2025-se-estreita\/","title":{"rendered":"Editais do Canal de Paranagu\u00e1 e de aeroportos regionais devem sair nesta semana e calend\u00e1rio para leil\u00f5es em 2025 se estreita"},"content":{"rendered":"\n<p class=\"has-text-align-right\"><strong>Amanda Pupo, da Ag\u00eancia iNFRA<\/strong><\/p>\n\n\n\n<p>O governo Lula deve lan\u00e7ar nesta semana editais para dois projetos de infraestrutura. Um deles \u00e9 o da concess\u00e3o do canal de acesso de Paranagu\u00e1 (PR), que vai estrear o modelo nos portos brasileiros, e o segundo \u00e9 o do processo simplificado para repassar a gest\u00e3o de 19 aeroportos regionais \u00e0 iniciativa privada \u2013 outra novidade pela qual o MPor (Minist\u00e9rio de Portos e Aeroportos) vai tentar incorporar esses ativos a contratos aeroportu\u00e1rios j\u00e1 existentes.\u00a0<br><br>Com a chegada de agosto, a janela para a realiza\u00e7\u00e3o de certames ainda neste ano come\u00e7a a se estreitar. Considerado o prazo recomendado de 100 dias entre a publica\u00e7\u00e3o de editais e os leil\u00f5es, o governo tem at\u00e9 pouco antes do fim de setembro para soltar projetos na pra\u00e7a e conseguir ofertar ativos ainda em 2025.<br><br>A contagem regressiva desafia promessas do Executivo, que diz que far\u00e1 neste ano a licita\u00e7\u00e3o de projetos complexos que ainda n\u00e3o tiveram aval do TCU (Tribunal de Contas da Uni\u00e3o), como \u00e9 o caso do Tecon Santos 10, megaterminal de cont\u00eaineres projetado para o Porto de Santos (SP). Embora possa encurtar o prazo de 100 dias, a pr\u00e1tica n\u00e3o \u00e9 indicada no mercado para processos dessa magnitude.\u00a0<br><br>J\u00e1 a previs\u00e3o do primeiro leil\u00e3o ferrovi\u00e1rio do governo Lula 3 vai ficar para o pr\u00f3ximo ano, \u00faltimo do atual mandato. Embora o ministro dos Transportes, Renan Filho, tenha dito recentemente que o certame da EF-118, entre Rio de Janeiro e Esp\u00edrito Santo, ocorreria em 2025, a pasta atualmente trabalha para soltar o edital neste ano e\u00a0fazer a licita\u00e7\u00e3o em 2026.\u00a0<br><br>Com muitos pontos indefinidos, o\u00a0projeto que foi a audi\u00eancia p\u00fablica no in\u00edcio do ano ainda passa por refinamento dentro do minist\u00e9rio para ser enviado \u00e0 ANTT (Ag\u00eancia Nacional de Transportes Terrestres), que precisa aprovar a modelagem para remet\u00ea-la ao TCU. S\u00f3 depois o edital pode ser publicado. A EF-118 \u00e9 projetada para conectar o munic\u00edpio de Nova Igua\u00e7u (RJ) com Santa Leopoldina (ES).\u00a0<br><br>Quando apresentou o projeto em audi\u00eancia p\u00fablica, o governo prop\u00f4s que o ramal final entre Anchieta (ES) e Santa Leopoldina fosse executado pela Vale por meio do contrato da EFVM (Estrada de Ferro Vit\u00f3ria Minas), cuja repactua\u00e7\u00e3o \u00e9 discutida no TCU. A\u00a0<strong>Ag\u00eancia iNFRA<\/strong>\u00a0apurou, contudo, que a tend\u00eancia \u00e9 de a mineradora n\u00e3o executar mais a obra, que ent\u00e3o seria viabilizada com aportes de recursos advindos das renegocia\u00e7\u00f5es ferrovi\u00e1rias em andamento na corte de contas.\u00a0<br><br><strong>Portos\u00a0<\/strong><br>Na \u00e1rea portu\u00e1ria, a expectativa \u00e9 de que o edital da concess\u00e3o do canal de acesso do Porto de Paranagu\u00e1 saia nesta semana para o leil\u00e3o ser realizado nos pr\u00f3ximos meses. O projeto prev\u00ea investimentos na casa de R$ 1,2 bilh\u00e3o e inclui os servi\u00e7os de dragagem, sinaliza\u00e7\u00e3o e balizamento entre as obriga\u00e7\u00f5es da futura concession\u00e1ria.\u00a0<br><br>A ideia \u00e9 replicar o modelo em outros portos, como o de Santos (SP), mas, deste ativo, o leil\u00e3o n\u00e3o deve ocorrer neste ano, j\u00e1 que o projeto ainda precisa passar por audi\u00eancia p\u00fablica e depois pelo TCU. Para Santos, o que o governo ainda promete para 2025 \u00e9 o leil\u00e3o do Tecon 10. O caso j\u00e1 est\u00e1 na corte de contas e h\u00e1 uma\u00a0<a href=\"https:\/\/agenciainfra.us14.list-manage.com\/track\/click?u=d460dd1bcf9ba0ae040e1fc0f&amp;id=9fd2419e80&amp;e=55b7a27fc9\" target=\"_blank\" rel=\"noreferrer noopener\">expectativa<\/a>\u00a0de que possa ir a plen\u00e1rio em setembro.\u00a0<br><br>Mas o caminho para a licita\u00e7\u00e3o tem se mostrado turbulento. O projeto passa por uma acirrada discuss\u00e3o concorrencial sobre a proibi\u00e7\u00e3o a empresas que j\u00e1 operam no porto participarem da primeira fase do certame. Essa op\u00e7\u00e3o foi questionada judicialmente pela Maersk num processo que tramita na Justi\u00e7a Federal da 3\u00aa Regi\u00e3o. H\u00e1 outras contesta\u00e7\u00f5es administrativas e judiciais em an\u00e1lise.<br><br><strong>Avia\u00e7\u00e3o<\/strong><br>No setor aeroportu\u00e1rio, a previs\u00e3o \u00e9 de que o MPor realize um evento para lan\u00e7amento do edital do processo simplificado de 19 aeroportos regionais na quarta-feira (6). Os ativos est\u00e3o localizados na Amaz\u00f4nia Legal e no Nordeste. Pelo modelo constru\u00eddo com o TCU, empresas que j\u00e1 t\u00eam a concess\u00e3o de outros aeroportos no Brasil poder\u00e3o integrar esses terminais \u00e0 sua carteira. Em compensa\u00e7\u00e3o, ser\u00e3o remuneradas por reequil\u00edbrios contratuais. A ideia surgiu durante a tramita\u00e7\u00e3o da proposta de solu\u00e7\u00e3o consensual para o Aeroporto de Guarulhos (SP), administrado pela GRU Airport.\u00a0<br><br>A\u00a0<strong>Ag\u00eancia iNFRA<\/strong>\u00a0<a href=\"https:\/\/agenciainfra.us14.list-manage.com\/track\/click?u=d460dd1bcf9ba0ae040e1fc0f&amp;id=d8cb7011d0&amp;e=55b7a27fc9\" target=\"_blank\" rel=\"noreferrer noopener\">mostrou<\/a>\u00a0recentemente, contudo, que o projeto tem grandes desafios. Embora tenha passado por ajustes relevantes ap\u00f3s consultas com o mercado, a condi\u00e7\u00e3o e a localiza\u00e7\u00e3o de muitos desses terminais, bem como uma potencial subestima\u00e7\u00e3o nos investimentos previstos, enfraquecem a atratividade dos ativos.\u00a0<br><br>Por isso, desse primeiro grupo, a expectativa no setor era de que entre cinco e no m\u00e1ximo dez aeroportos \u2013 num cen\u00e1rio otimista \u2013 tenham algum interessado imediato. Os que n\u00e3o atra\u00edrem propostas ficar\u00e3o numa oferta permanente, e eventualmente podem ser inseridos em contratos que passam por repactua\u00e7\u00e3o no TCU, como \u00e9 o caso do Aeroporto de Bras\u00edlia.\u00a0<br><br><strong>Rodovias<\/strong><br>Na \u00e1rea rodovi\u00e1ria, j\u00e1 h\u00e1 data marcada para o leil\u00e3o de relicita\u00e7\u00e3o da Rota Sertaneja (BR-153\/262\/GO\/MG) em 6 de novembro, e para os certames dos \u00faltimos lotes (4 e 5) das rodovias do Paran\u00e1, nos dias 23 e 30 de outubro, respectivamente.\u00a0<br><br>Mas o Minist\u00e9rio dos Transportes acredita que ainda neste ano consegue leiloar a Rota dos Sert\u00f5es \u2013 cujo projeto foi aprovado na semana passada pelo TCU condicionado a uma s\u00e9rie de mudan\u00e7as no modelo apresentado \u2013, e a Rota 2 de Julho, que segundo o site da ANTT ainda n\u00e3o foi enviada ao tribunal de contas.<br><br>Ainda h\u00e1 previs\u00e3o dos processos competitivos simplificados de tr\u00eas rodovias repactuadas da Arteris: a\u00a0Autopista Fluminense (BR-101\/RJ), marcado para 11 de novembro (veja mais abaixo), a\u00a0Autopista Fern\u00e3o Dias (BR-381\/MG\/SP) \u2013 ainda sem data \u2013 e a\u00a0R\u00e9gis Bittencourt (BR-116\/SP\/PR), cujo acordo precisa ser aprovado no plen\u00e1rio do TCU. Pelos prazos dados nos processos anteriores e com as mudan\u00e7as para dar maior competitividade aos leil\u00f5es, o mais prov\u00e1vel \u00e9 que ocorram em 2026.<\/p>\n\n\n\n<p><\/p>\n","protected":false},"excerpt":{"rendered":"<p>Amanda Pupo, da Ag\u00eancia iNFRA O governo Lula deve lan\u00e7ar nesta semana editais para dois projetos de infraestrutura. Um deles \u00e9 o da concess\u00e3o do canal de acesso de Paranagu\u00e1 (PR), que vai estrear o modelo nos portos brasileiros, e o segundo \u00e9 o do processo simplificado para repassar a gest\u00e3o de 19 aeroportos regionais [&hellip;]<\/p>\n","protected":false},"author":1,"featured_media":4613,"comment_status":"closed","ping_status":"closed","sticky":false,"template":"","format":"standard","meta":{"_monsterinsights_skip_tracking":false,"_monsterinsights_sitenote_active":false,"_monsterinsights_sitenote_note":"","_monsterinsights_sitenote_category":0,"footnotes":""},"categories":[7250,1,7],"tags":[1912,13354,236,8940,346,14711,310,126],"class_list":["post-25761","post","type-post","status-publish","format-standard","has-post-thumbnail","hentry","category-destaque-lista","category-geral","category-infratransporte","tag-aeroportos-regionais","tag-amanda-pupo","tag-aviacao","tag-canal-de-paranagua","tag-leiloes","tag-leiloes-de-infraestrutura","tag-portos","tag-rodovias"],"yoast_head":"<!-- This site is optimized with the Yoast SEO Premium plugin v25.4 (Yoast SEO v26.0) - https:\/\/yoast.com\/wordpress\/plugins\/seo\/ -->\n<title>Editais do Canal de Paranagu\u00e1 e de aeroportos regionais devem sair nesta semana e calend\u00e1rio para leil\u00f5es em 2025 se estreita - Ag\u00eancia iNFRA<\/title>\n<meta name=\"robots\" content=\"index, follow, max-snippet:-1, max-image-preview:large, max-video-preview:-1\" \/>\n<link rel=\"canonical\" href=\"https:\/\/agenciainfra.com\/blog\/editais-do-canal-de-paranagua-e-de-aeroportos-regionais-devem-sair-nesta-semana-e-calendario-para-leiloes-em-2025-se-estreita\/\" \/>\n<meta property=\"og:locale\" content=\"pt_BR\" \/>\n<meta property=\"og:type\" content=\"article\" \/>\n<meta property=\"og:title\" content=\"Editais do Canal de Paranagu\u00e1 e de aeroportos regionais devem sair nesta semana e calend\u00e1rio para leil\u00f5es em 2025 se estreita\" \/>\n<meta property=\"og:description\" content=\"Amanda Pupo, da Ag\u00eancia iNFRA O governo Lula deve lan\u00e7ar nesta semana editais para dois projetos de infraestrutura. Um deles \u00e9 o da concess\u00e3o do canal de acesso de Paranagu\u00e1 (PR), que vai estrear o modelo nos portos brasileiros, e o segundo \u00e9 o do processo simplificado para repassar a gest\u00e3o de 19 aeroportos regionais [&hellip;]\" \/>\n<meta property=\"og:url\" content=\"https:\/\/agenciainfra.com\/blog\/editais-do-canal-de-paranagua-e-de-aeroportos-regionais-devem-sair-nesta-semana-e-calendario-para-leiloes-em-2025-se-estreita\/\" \/>\n<meta property=\"og:site_name\" content=\"Ag\u00eancia iNFRA\" \/>\n<meta property=\"article:publisher\" content=\"https:\/\/www.facebook.com\/ageninfra\" \/>\n<meta property=\"article:published_time\" content=\"2025-08-05T11:00:00+00:00\" \/>\n<meta property=\"article:modified_time\" content=\"2025-08-05T18:47:28+00:00\" \/>\n<meta property=\"og:image\" content=\"https:\/\/agenciainfra.com\/blog\/wp-content\/uploads\/2020\/03\/leilao-b3-foto-alberto-ruy-minfra.jpg\" \/>\n\t<meta property=\"og:image:width\" content=\"1280\" \/>\n\t<meta property=\"og:image:height\" content=\"852\" \/>\n\t<meta property=\"og:image:type\" content=\"image\/jpeg\" \/>\n<meta name=\"author\" content=\"Ag\u00eancia iNFRA\" \/>\n<meta name=\"twitter:card\" content=\"summary_large_image\" \/>\n<meta name=\"twitter:creator\" content=\"@agencia_infra\" \/>\n<meta name=\"twitter:site\" content=\"@agencia_infra\" \/>\n<meta name=\"twitter:label1\" content=\"Escrito por\" \/>\n\t<meta name=\"twitter:data1\" content=\"Ag\u00eancia iNFRA\" \/>\n\t<meta name=\"twitter:label2\" content=\"Est. tempo de leitura\" \/>\n\t<meta name=\"twitter:data2\" content=\"5 minutos\" \/>\n<script type=\"application\/ld+json\" class=\"yoast-schema-graph\">{\"@context\":\"https:\/\/schema.org\",\"@graph\":[{\"@type\":\"Article\",\"@id\":\"https:\/\/agenciainfra.com\/blog\/editais-do-canal-de-paranagua-e-de-aeroportos-regionais-devem-sair-nesta-semana-e-calendario-para-leiloes-em-2025-se-estreita\/#article\",\"isPartOf\":{\"@id\":\"https:\/\/agenciainfra.com\/blog\/editais-do-canal-de-paranagua-e-de-aeroportos-regionais-devem-sair-nesta-semana-e-calendario-para-leiloes-em-2025-se-estreita\/\"},\"author\":{\"name\":\"Ag\u00eancia iNFRA\",\"@id\":\"https:\/\/agenciainfra.com\/blog\/#\/schema\/person\/34af08dff6adea4cb22b06612ba7acfa\"},\"headline\":\"Editais do Canal de Paranagu\u00e1 e de aeroportos regionais devem sair nesta semana e calend\u00e1rio para leil\u00f5es em 2025 se estreita\",\"datePublished\":\"2025-08-05T11:00:00+00:00\",\"dateModified\":\"2025-08-05T18:47:28+00:00\",\"mainEntityOfPage\":{\"@id\":\"https:\/\/agenciainfra.com\/blog\/editais-do-canal-de-paranagua-e-de-aeroportos-regionais-devem-sair-nesta-semana-e-calendario-para-leiloes-em-2025-se-estreita\/\"},\"wordCount\":1052,\"publisher\":{\"@id\":\"https:\/\/agenciainfra.com\/blog\/#organization\"},\"image\":{\"@id\":\"https:\/\/agenciainfra.com\/blog\/editais-do-canal-de-paranagua-e-de-aeroportos-regionais-devem-sair-nesta-semana-e-calendario-para-leiloes-em-2025-se-estreita\/#primaryimage\"},\"thumbnailUrl\":\"https:\/\/agenciainfra.com\/blog\/wp-content\/uploads\/2020\/03\/leilao-b3-foto-alberto-ruy-minfra.jpg\",\"keywords\":[\"aeroportos regionais\",\"Amanda Pupo\",\"avia\u00e7\u00e3o\",\"Canal de Paranagu\u00e1\",\"leil\u00f5es\",\"leil\u00f5es de infraestrutura\",\"portos\",\"rodovias\"],\"articleSection\":[\"Destaque lista\",\"Geral\",\"iNFRATransporte\"],\"inLanguage\":\"pt-BR\",\"copyrightYear\":\"2025\",\"copyrightHolder\":{\"@id\":\"https:\/\/agenciainfra.com\/blog\/#organization\"}},{\"@type\":\"WebPage\",\"@id\":\"https:\/\/agenciainfra.com\/blog\/editais-do-canal-de-paranagua-e-de-aeroportos-regionais-devem-sair-nesta-semana-e-calendario-para-leiloes-em-2025-se-estreita\/\",\"url\":\"https:\/\/agenciainfra.com\/blog\/editais-do-canal-de-paranagua-e-de-aeroportos-regionais-devem-sair-nesta-semana-e-calendario-para-leiloes-em-2025-se-estreita\/\",\"name\":\"Editais do Canal de Paranagu\u00e1 e de aeroportos regionais devem sair nesta semana e calend\u00e1rio para leil\u00f5es em 2025 se estreita - Ag\u00eancia iNFRA\",\"isPartOf\":{\"@id\":\"https:\/\/agenciainfra.com\/blog\/#website\"},\"primaryImageOfPage\":{\"@id\":\"https:\/\/agenciainfra.com\/blog\/editais-do-canal-de-paranagua-e-de-aeroportos-regionais-devem-sair-nesta-semana-e-calendario-para-leiloes-em-2025-se-estreita\/#primaryimage\"},\"image\":{\"@id\":\"https:\/\/agenciainfra.com\/blog\/editais-do-canal-de-paranagua-e-de-aeroportos-regionais-devem-sair-nesta-semana-e-calendario-para-leiloes-em-2025-se-estreita\/#primaryimage\"},\"thumbnailUrl\":\"https:\/\/agenciainfra.com\/blog\/wp-content\/uploads\/2020\/03\/leilao-b3-foto-alberto-ruy-minfra.jpg\",\"datePublished\":\"2025-08-05T11:00:00+00:00\",\"dateModified\":\"2025-08-05T18:47:28+00:00\",\"breadcrumb\":{\"@id\":\"https:\/\/agenciainfra.com\/blog\/editais-do-canal-de-paranagua-e-de-aeroportos-regionais-devem-sair-nesta-semana-e-calendario-para-leiloes-em-2025-se-estreita\/#breadcrumb\"},\"inLanguage\":\"pt-BR\",\"potentialAction\":[{\"@type\":\"ReadAction\",\"target\":[\"https:\/\/agenciainfra.com\/blog\/editais-do-canal-de-paranagua-e-de-aeroportos-regionais-devem-sair-nesta-semana-e-calendario-para-leiloes-em-2025-se-estreita\/\"]}]},{\"@type\":\"ImageObject\",\"inLanguage\":\"pt-BR\",\"@id\":\"https:\/\/agenciainfra.com\/blog\/editais-do-canal-de-paranagua-e-de-aeroportos-regionais-devem-sair-nesta-semana-e-calendario-para-leiloes-em-2025-se-estreita\/#primaryimage\",\"url\":\"https:\/\/agenciainfra.com\/blog\/wp-content\/uploads\/2020\/03\/leilao-b3-foto-alberto-ruy-minfra.jpg\",\"contentUrl\":\"https:\/\/agenciainfra.com\/blog\/wp-content\/uploads\/2020\/03\/leilao-b3-foto-alberto-ruy-minfra.jpg\",\"width\":1280,\"height\":852,\"caption\":\"Foto: Alberto Ruy\/Minfra\"},{\"@type\":\"BreadcrumbList\",\"@id\":\"https:\/\/agenciainfra.com\/blog\/editais-do-canal-de-paranagua-e-de-aeroportos-regionais-devem-sair-nesta-semana-e-calendario-para-leiloes-em-2025-se-estreita\/#breadcrumb\",\"itemListElement\":[{\"@type\":\"ListItem\",\"position\":1,\"name\":\"In\u00edcio\",\"item\":\"https:\/\/agenciainfra.com\/blog\/\"},{\"@type\":\"ListItem\",\"position\":2,\"name\":\"Editais do Canal de Paranagu\u00e1 e de aeroportos regionais devem sair nesta semana e calend\u00e1rio para leil\u00f5es em 2025 se estreita\"}]},{\"@type\":\"WebSite\",\"@id\":\"https:\/\/agenciainfra.com\/blog\/#website\",\"url\":\"https:\/\/agenciainfra.com\/blog\/\",\"name\":\"Ag\u00eancia iNFRA\",\"description\":\"Multiplataforma de informa\u00e7\u00e3o jornal\u00edstica refer\u00eancia na \u00e1rea de infraestrutura no Brasil!\",\"publisher\":{\"@id\":\"https:\/\/agenciainfra.com\/blog\/#organization\"},\"potentialAction\":[{\"@type\":\"SearchAction\",\"target\":{\"@type\":\"EntryPoint\",\"urlTemplate\":\"https:\/\/agenciainfra.com\/blog\/?s={search_term_string}\"},\"query-input\":{\"@type\":\"PropertyValueSpecification\",\"valueRequired\":true,\"valueName\":\"search_term_string\"}}],\"inLanguage\":\"pt-BR\"},{\"@type\":\"Organization\",\"@id\":\"https:\/\/agenciainfra.com\/blog\/#organization\",\"name\":\"Ag\u00eancia iNFRA\",\"url\":\"https:\/\/agenciainfra.com\/blog\/\",\"logo\":{\"@type\":\"ImageObject\",\"inLanguage\":\"pt-BR\",\"@id\":\"https:\/\/agenciainfra.com\/blog\/#\/schema\/logo\/image\/\",\"url\":\"https:\/\/agenciainfra.com\/blog\/wp-content\/uploads\/2023\/09\/iNFRA_5-e1761735885940.png\",\"contentUrl\":\"https:\/\/agenciainfra.com\/blog\/wp-content\/uploads\/2023\/09\/iNFRA_5-e1761735885940.png\",\"width\":1672,\"height\":454,\"caption\":\"Ag\u00eancia iNFRA\"},\"image\":{\"@id\":\"https:\/\/agenciainfra.com\/blog\/#\/schema\/logo\/image\/\"},\"sameAs\":[\"https:\/\/www.facebook.com\/ageninfra\",\"https:\/\/x.com\/agencia_infra\",\"https:\/\/www.linkedin.com\/company\/ag\u00eanciainfra\/\",\"https:\/\/www.instagram.com\/agenciainfra\/\"]},{\"@type\":\"Person\",\"@id\":\"https:\/\/agenciainfra.com\/blog\/#\/schema\/person\/34af08dff6adea4cb22b06612ba7acfa\",\"name\":\"Ag\u00eancia iNFRA\",\"image\":{\"@type\":\"ImageObject\",\"inLanguage\":\"pt-BR\",\"@id\":\"https:\/\/agenciainfra.com\/blog\/#\/schema\/person\/image\/\",\"url\":\"https:\/\/secure.gravatar.com\/avatar\/d189e01678f06d8eb84d4e01f08eb848b3fffe3f8443818d3c356c66892f5be8?s=96&d=mm&r=g\",\"contentUrl\":\"https:\/\/secure.gravatar.com\/avatar\/d189e01678f06d8eb84d4e01f08eb848b3fffe3f8443818d3c356c66892f5be8?s=96&d=mm&r=g\",\"caption\":\"Ag\u00eancia iNFRA\"},\"url\":\"https:\/\/agenciainfra.com\/blog\/author\/admin\/\"}]}<\/script>\n<!-- \/ Yoast SEO Premium plugin. -->","yoast_head_json":{"title":"Editais do Canal de Paranagu\u00e1 e de aeroportos regionais devem sair nesta semana e calend\u00e1rio para leil\u00f5es em 2025 se estreita - Ag\u00eancia iNFRA","robots":{"index":"index","follow":"follow","max-snippet":"max-snippet:-1","max-image-preview":"max-image-preview:large","max-video-preview":"max-video-preview:-1"},"canonical":"https:\/\/agenciainfra.com\/blog\/editais-do-canal-de-paranagua-e-de-aeroportos-regionais-devem-sair-nesta-semana-e-calendario-para-leiloes-em-2025-se-estreita\/","og_locale":"pt_BR","og_type":"article","og_title":"Editais do Canal de Paranagu\u00e1 e de aeroportos regionais devem sair nesta semana e calend\u00e1rio para leil\u00f5es em 2025 se estreita","og_description":"Amanda Pupo, da Ag\u00eancia iNFRA O governo Lula deve lan\u00e7ar nesta semana editais para dois projetos de infraestrutura. Um deles \u00e9 o da concess\u00e3o do canal de acesso de Paranagu\u00e1 (PR), que vai estrear o modelo nos portos brasileiros, e o segundo \u00e9 o do processo simplificado para repassar a gest\u00e3o de 19 aeroportos regionais [&hellip;]","og_url":"https:\/\/agenciainfra.com\/blog\/editais-do-canal-de-paranagua-e-de-aeroportos-regionais-devem-sair-nesta-semana-e-calendario-para-leiloes-em-2025-se-estreita\/","og_site_name":"Ag\u00eancia iNFRA","article_publisher":"https:\/\/www.facebook.com\/ageninfra","article_published_time":"2025-08-05T11:00:00+00:00","article_modified_time":"2025-08-05T18:47:28+00:00","og_image":[{"width":1280,"height":852,"url":"https:\/\/agenciainfra.com\/blog\/wp-content\/uploads\/2020\/03\/leilao-b3-foto-alberto-ruy-minfra.jpg","type":"image\/jpeg"}],"author":"Ag\u00eancia iNFRA","twitter_card":"summary_large_image","twitter_creator":"@agencia_infra","twitter_site":"@agencia_infra","twitter_misc":{"Escrito por":"Ag\u00eancia iNFRA","Est. tempo de leitura":"5 minutos"},"schema":{"@context":"https:\/\/schema.org","@graph":[{"@type":"Article","@id":"https:\/\/agenciainfra.com\/blog\/editais-do-canal-de-paranagua-e-de-aeroportos-regionais-devem-sair-nesta-semana-e-calendario-para-leiloes-em-2025-se-estreita\/#article","isPartOf":{"@id":"https:\/\/agenciainfra.com\/blog\/editais-do-canal-de-paranagua-e-de-aeroportos-regionais-devem-sair-nesta-semana-e-calendario-para-leiloes-em-2025-se-estreita\/"},"author":{"name":"Ag\u00eancia iNFRA","@id":"https:\/\/agenciainfra.com\/blog\/#\/schema\/person\/34af08dff6adea4cb22b06612ba7acfa"},"headline":"Editais do Canal de Paranagu\u00e1 e de aeroportos regionais devem sair nesta semana e calend\u00e1rio para leil\u00f5es em 2025 se estreita","datePublished":"2025-08-05T11:00:00+00:00","dateModified":"2025-08-05T18:47:28+00:00","mainEntityOfPage":{"@id":"https:\/\/agenciainfra.com\/blog\/editais-do-canal-de-paranagua-e-de-aeroportos-regionais-devem-sair-nesta-semana-e-calendario-para-leiloes-em-2025-se-estreita\/"},"wordCount":1052,"publisher":{"@id":"https:\/\/agenciainfra.com\/blog\/#organization"},"image":{"@id":"https:\/\/agenciainfra.com\/blog\/editais-do-canal-de-paranagua-e-de-aeroportos-regionais-devem-sair-nesta-semana-e-calendario-para-leiloes-em-2025-se-estreita\/#primaryimage"},"thumbnailUrl":"https:\/\/agenciainfra.com\/blog\/wp-content\/uploads\/2020\/03\/leilao-b3-foto-alberto-ruy-minfra.jpg","keywords":["aeroportos regionais","Amanda Pupo","avia\u00e7\u00e3o","Canal de Paranagu\u00e1","leil\u00f5es","leil\u00f5es de infraestrutura","portos","rodovias"],"articleSection":["Destaque lista","Geral","iNFRATransporte"],"inLanguage":"pt-BR","copyrightYear":"2025","copyrightHolder":{"@id":"https:\/\/agenciainfra.com\/blog\/#organization"}},{"@type":"WebPage","@id":"https:\/\/agenciainfra.com\/blog\/editais-do-canal-de-paranagua-e-de-aeroportos-regionais-devem-sair-nesta-semana-e-calendario-para-leiloes-em-2025-se-estreita\/","url":"https:\/\/agenciainfra.com\/blog\/editais-do-canal-de-paranagua-e-de-aeroportos-regionais-devem-sair-nesta-semana-e-calendario-para-leiloes-em-2025-se-estreita\/","name":"Editais do Canal de Paranagu\u00e1 e de aeroportos regionais devem sair nesta semana e calend\u00e1rio para leil\u00f5es em 2025 se estreita - Ag\u00eancia iNFRA","isPartOf":{"@id":"https:\/\/agenciainfra.com\/blog\/#website"},"primaryImageOfPage":{"@id":"https:\/\/agenciainfra.com\/blog\/editais-do-canal-de-paranagua-e-de-aeroportos-regionais-devem-sair-nesta-semana-e-calendario-para-leiloes-em-2025-se-estreita\/#primaryimage"},"image":{"@id":"https:\/\/agenciainfra.com\/blog\/editais-do-canal-de-paranagua-e-de-aeroportos-regionais-devem-sair-nesta-semana-e-calendario-para-leiloes-em-2025-se-estreita\/#primaryimage"},"thumbnailUrl":"https:\/\/agenciainfra.com\/blog\/wp-content\/uploads\/2020\/03\/leilao-b3-foto-alberto-ruy-minfra.jpg","datePublished":"2025-08-05T11:00:00+00:00","dateModified":"2025-08-05T18:47:28+00:00","breadcrumb":{"@id":"https:\/\/agenciainfra.com\/blog\/editais-do-canal-de-paranagua-e-de-aeroportos-regionais-devem-sair-nesta-semana-e-calendario-para-leiloes-em-2025-se-estreita\/#breadcrumb"},"inLanguage":"pt-BR","potentialAction":[{"@type":"ReadAction","target":["https:\/\/agenciainfra.com\/blog\/editais-do-canal-de-paranagua-e-de-aeroportos-regionais-devem-sair-nesta-semana-e-calendario-para-leiloes-em-2025-se-estreita\/"]}]},{"@type":"ImageObject","inLanguage":"pt-BR","@id":"https:\/\/agenciainfra.com\/blog\/editais-do-canal-de-paranagua-e-de-aeroportos-regionais-devem-sair-nesta-semana-e-calendario-para-leiloes-em-2025-se-estreita\/#primaryimage","url":"https:\/\/agenciainfra.com\/blog\/wp-content\/uploads\/2020\/03\/leilao-b3-foto-alberto-ruy-minfra.jpg","contentUrl":"https:\/\/agenciainfra.com\/blog\/wp-content\/uploads\/2020\/03\/leilao-b3-foto-alberto-ruy-minfra.jpg","width":1280,"height":852,"caption":"Foto: Alberto Ruy\/Minfra"},{"@type":"BreadcrumbList","@id":"https:\/\/agenciainfra.com\/blog\/editais-do-canal-de-paranagua-e-de-aeroportos-regionais-devem-sair-nesta-semana-e-calendario-para-leiloes-em-2025-se-estreita\/#breadcrumb","itemListElement":[{"@type":"ListItem","position":1,"name":"In\u00edcio","item":"https:\/\/agenciainfra.com\/blog\/"},{"@type":"ListItem","position":2,"name":"Editais do Canal de Paranagu\u00e1 e de aeroportos regionais devem sair nesta semana e calend\u00e1rio para leil\u00f5es em 2025 se estreita"}]},{"@type":"WebSite","@id":"https:\/\/agenciainfra.com\/blog\/#website","url":"https:\/\/agenciainfra.com\/blog\/","name":"Ag\u00eancia iNFRA","description":"Multiplataforma de informa\u00e7\u00e3o jornal\u00edstica refer\u00eancia na \u00e1rea de infraestrutura no Brasil!","publisher":{"@id":"https:\/\/agenciainfra.com\/blog\/#organization"},"potentialAction":[{"@type":"SearchAction","target":{"@type":"EntryPoint","urlTemplate":"https:\/\/agenciainfra.com\/blog\/?s={search_term_string}"},"query-input":{"@type":"PropertyValueSpecification","valueRequired":true,"valueName":"search_term_string"}}],"inLanguage":"pt-BR"},{"@type":"Organization","@id":"https:\/\/agenciainfra.com\/blog\/#organization","name":"Ag\u00eancia iNFRA","url":"https:\/\/agenciainfra.com\/blog\/","logo":{"@type":"ImageObject","inLanguage":"pt-BR","@id":"https:\/\/agenciainfra.com\/blog\/#\/schema\/logo\/image\/","url":"https:\/\/agenciainfra.com\/blog\/wp-content\/uploads\/2023\/09\/iNFRA_5-e1761735885940.png","contentUrl":"https:\/\/agenciainfra.com\/blog\/wp-content\/uploads\/2023\/09\/iNFRA_5-e1761735885940.png","width":1672,"height":454,"caption":"Ag\u00eancia iNFRA"},"image":{"@id":"https:\/\/agenciainfra.com\/blog\/#\/schema\/logo\/image\/"},"sameAs":["https:\/\/www.facebook.com\/ageninfra","https:\/\/x.com\/agencia_infra","https:\/\/www.linkedin.com\/company\/ag\u00eanciainfra\/","https:\/\/www.instagram.com\/agenciainfra\/"]},{"@type":"Person","@id":"https:\/\/agenciainfra.com\/blog\/#\/schema\/person\/34af08dff6adea4cb22b06612ba7acfa","name":"Ag\u00eancia iNFRA","image":{"@type":"ImageObject","inLanguage":"pt-BR","@id":"https:\/\/agenciainfra.com\/blog\/#\/schema\/person\/image\/","url":"https:\/\/secure.gravatar.com\/avatar\/d189e01678f06d8eb84d4e01f08eb848b3fffe3f8443818d3c356c66892f5be8?s=96&d=mm&r=g","contentUrl":"https:\/\/secure.gravatar.com\/avatar\/d189e01678f06d8eb84d4e01f08eb848b3fffe3f8443818d3c356c66892f5be8?s=96&d=mm&r=g","caption":"Ag\u00eancia iNFRA"},"url":"https:\/\/agenciainfra.com\/blog\/author\/admin\/"}]}},"_links":{"self":[{"href":"https:\/\/agenciainfra.com\/blog\/wp-json\/wp\/v2\/posts\/25761","targetHints":{"allow":["GET"]}}],"collection":[{"href":"https:\/\/agenciainfra.com\/blog\/wp-json\/wp\/v2\/posts"}],"about":[{"href":"https:\/\/agenciainfra.com\/blog\/wp-json\/wp\/v2\/types\/post"}],"author":[{"embeddable":true,"href":"https:\/\/agenciainfra.com\/blog\/wp-json\/wp\/v2\/users\/1"}],"replies":[{"embeddable":true,"href":"https:\/\/agenciainfra.com\/blog\/wp-json\/wp\/v2\/comments?post=25761"}],"version-history":[{"count":1,"href":"https:\/\/agenciainfra.com\/blog\/wp-json\/wp\/v2\/posts\/25761\/revisions"}],"predecessor-version":[{"id":25762,"href":"https:\/\/agenciainfra.com\/blog\/wp-json\/wp\/v2\/posts\/25761\/revisions\/25762"}],"wp:featuredmedia":[{"embeddable":true,"href":"https:\/\/agenciainfra.com\/blog\/wp-json\/wp\/v2\/media\/4613"}],"wp:attachment":[{"href":"https:\/\/agenciainfra.com\/blog\/wp-json\/wp\/v2\/media?parent=25761"}],"wp:term":[{"taxonomy":"category","embeddable":true,"href":"https:\/\/agenciainfra.com\/blog\/wp-json\/wp\/v2\/categories?post=25761"},{"taxonomy":"post_tag","embeddable":true,"href":"https:\/\/agenciainfra.com\/blog\/wp-json\/wp\/v2\/tags?post=25761"}],"curies":[{"name":"wp","href":"https:\/\/api.w.org\/{rel}","templated":true}]}}