{"id":25763,"date":"2025-08-04T14:05:38","date_gmt":"2025-08-04T17:05:38","guid":{"rendered":"https:\/\/agenciainfra.com\/blog\/?p=25763"},"modified":"2025-08-05T13:17:56","modified_gmt":"2025-08-05T16:17:56","slug":"bp-faz-descoberta-no-pre-sal-da-bacia-de-santos-maior-em-25-anos","status":"publish","type":"post","link":"https:\/\/agenciainfra.com\/blog\/bp-faz-descoberta-no-pre-sal-da-bacia-de-santos-maior-em-25-anos\/","title":{"rendered":"BP faz descoberta no pr\u00e9-sal da Bacia de Santos: &#8216;maior em 25 anos&#8217;"},"content":{"rendered":"\n<p class=\"has-text-align-right\"><strong>Gabriel Vasconcelos, da Ag\u00eancia iNFRA<\/strong><\/p>\n\n\n\n<p>A petroleira brit\u00e2nica BP descobriu petr\u00f3leo no bloco Bumerangue, da Bacia de Santos, a 404 quil\u00f4metros da costa do Rio de Janeiro. Em nota, o vice-presidente executivo de Produ\u00e7\u00e3o e Opera\u00e7\u00f5es, Gordon Birrell, disse se tratar da maior descoberta da companhia em 25 anos.<\/p>\n\n\n\n<p>\u201cEstamos entusiasmados em anunciar esta descoberta significativa em Bumerangue, a maior da BP em 25 anos. O Brasil \u00e9 um pa\u00eds importante para a BP, e nossa ambi\u00e7\u00e3o \u00e9 explorar o potencial de estabelecer um hub de produ\u00e7\u00e3o significativo e vantajoso no pa\u00eds\u201d, escreveu o executivo.<\/p>\n\n\n\n<p>Trata-se da d\u00e9cima descoberta da empresa no ano. No Brasil, al\u00e9m de Bumerangue, j\u00e1 foi encontrado \u00f3leo no bloco Alto de Cabo Frio Central, ao sul da Bacia de Santos, onde a empresa tem 50% do bloco assim como a operadora Petrobras. Em 2026, a BP planeja para o pa\u00eds um po\u00e7o de explora\u00e7\u00e3o no bloco Tupinamb\u00e1, da Bacia de Santos.<\/p>\n\n\n\n<p>Bloco da descoberta do momento, Bumerangue foi arrematado unicamente pela BP em 2022, no primeiro ciclo da oferta permanente de partilha (modelo previsto para o pol\u00edgono do pr\u00e9-sal). Na ocasi\u00e3o, a empresa ofereceu \u00e0 Uni\u00e3o um porcentual de 5,9% do &#8220;\u00f3leo-lucro&#8221; ou excedente em \u00f3leo da produ\u00e7\u00e3o do campo, pouco maior que o m\u00ednimo exigido em edital, de 5,66%. Por isso, em comunicado, a empresa diz que a aquisi\u00e7\u00e3o se deu em &#8220;termos comerciais muito favor\u00e1veis&#8221;.<\/p>\n\n\n\n<p>Al\u00e9m da parcela da produ\u00e7\u00e3o futura de Bumerangue, a BP pagou \u00e0 Uni\u00e3o um b\u00f4nus de apenas R$ 8,8 milh\u00f5es no momento da assinatura do contrato.<\/p>\n\n\n\n<p><strong>Caracter\u00edsticas<\/strong><br>O po\u00e7o explorat\u00f3rio pioneiro foi o 1-BP-13-SPS, perfurado a 2,37 quil\u00f4metros de coluna d&#8217;\u00e1gua e profundidade total de 5,85 quil\u00f4metros.<\/p>\n\n\n\n<p>&#8220;O po\u00e7o atingiu o reservat\u00f3rio \u00e0 aproximadamente 500 metros abaixo do topo da estrutura e atravessou uma coluna de hidrocarbonetos estimada em 500 metros, em um reservat\u00f3rio de carbonato pr\u00e9-sal de alta qualidade, com uma extens\u00e3o de \u00e1rea superior a 300 km\u00b2&#8221;, detalha a empresa.<\/p>\n\n\n\n<p>Os primeiros resultados de an\u00e1lise na sonda indicam n\u00edveis elevados de CO2 e, agora, a empresa vai fazer an\u00e1lises laboratoriais para caracterizar melhor o reservat\u00f3rio.<\/p>\n\n\n\n<p>Bumerangue tem \u00e1rea total de 1,1 mil quil\u00f4metros quadrados e, segundo a ANP (Ag\u00eancia Nacional de Petr\u00f3leo, G\u00e1s Natural e Biocombust\u00edveis) disse em avalia\u00e7\u00e3o pr\u00e9via para o leil\u00e3o, um &#8220;elevado potencial&#8221; para descobertas.<\/p>\n\n\n\n<p><strong>&#8216;Ano excepcional&#8217;<\/strong><br>Bumerangue \u00e9 a d\u00e9cima descoberta da BP s\u00f3 em 2025. J\u00e1 foram anunciadas descobertas de explora\u00e7\u00e3o de petr\u00f3leo e g\u00e1s em Beryl e Frangipani, em Trinidade; Fayoum 5 e El King, no Egito; Far South no Golfo da Am\u00e9rica; Hasheem na L\u00edbia; Alto de Cabo Frio Central no Brasil; al\u00e9m de descobertas na Nam\u00edbia e Angola por meio da Azule Energy, joint venture com a Eni, em que tem 50% de participa\u00e7\u00e3o.<\/p>\n\n\n\n<p>&#8220;Este [achado em Bumerangue] \u00e9 mais um sucesso em um ano que tem sido excepcional para nossa equipe de explora\u00e7\u00e3o, refor\u00e7ando nosso compromisso com o crescimento de nossas atividades de upstream&#8221;, afirma Birrell na nota.<\/p>\n\n\n\n<p>A BP \u00e9 uma das petroleiras que encabe\u00e7aram o recuo na estrat\u00e9gia de transi\u00e7\u00e3o energ\u00e9tica via fontes renov\u00e1veis, voltando a dar maior enfoque na produ\u00e7\u00e3o de \u00f3leo e g\u00e1s. A petroleira planeja aumentar sua produ\u00e7\u00e3o global de \u00f3leo e g\u00e1s para algo entre 2,3 e 2,5 milh\u00f5es de barris de \u00f3leo equivalente por dia at\u00e9 2030, e ampliar essa produ\u00e7\u00e3o at\u00e9 2035.<\/p>\n\n\n\n<p><\/p>\n","protected":false},"excerpt":{"rendered":"<p>Gabriel Vasconcelos, da Ag\u00eancia iNFRA A petroleira brit\u00e2nica BP descobriu petr\u00f3leo no bloco Bumerangue, da Bacia de Santos, a 404 quil\u00f4metros da costa do Rio de Janeiro. Em nota, o vice-presidente executivo de Produ\u00e7\u00e3o e Opera\u00e7\u00f5es, Gordon Birrell, disse se tratar da maior descoberta da companhia em 25 anos. \u201cEstamos entusiasmados em anunciar esta descoberta [&hellip;]<\/p>\n","protected":false},"author":1,"featured_media":25764,"comment_status":"closed","ping_status":"closed","sticky":false,"template":"","format":"standard","meta":{"_monsterinsights_skip_tracking":false,"_monsterinsights_sitenote_active":false,"_monsterinsights_sitenote_note":"","_monsterinsights_sitenote_category":0,"footnotes":""},"categories":[7250,1,13271],"tags":[3927,14712,14713,13339,13251,213,344],"class_list":["post-25763","post","type-post","status-publish","format-standard","has-post-thumbnail","hentry","category-destaque-lista","category-geral","category-oleo-gas","tag-bacia-de-santos","tag-bp","tag-bumerangue","tag-exploracao-de-petroleo","tag-gabriel-vasconcelos","tag-petroleo","tag-pre-sal"],"yoast_head":"<!-- This site is optimized with the Yoast SEO Premium plugin v25.4 (Yoast SEO v26.0) - https:\/\/yoast.com\/wordpress\/plugins\/seo\/ -->\n<title>BP faz descoberta no pr\u00e9-sal da Bacia de Santos: &#039;maior em 25 anos&#039; - Ag\u00eancia iNFRA<\/title>\n<meta name=\"robots\" content=\"index, follow, max-snippet:-1, max-image-preview:large, max-video-preview:-1\" \/>\n<link rel=\"canonical\" href=\"https:\/\/agenciainfra.com\/blog\/bp-faz-descoberta-no-pre-sal-da-bacia-de-santos-maior-em-25-anos\/\" \/>\n<meta property=\"og:locale\" content=\"pt_BR\" \/>\n<meta property=\"og:type\" content=\"article\" \/>\n<meta property=\"og:title\" content=\"BP faz descoberta no pr\u00e9-sal da Bacia de Santos: &#039;maior em 25 anos&#039;\" \/>\n<meta property=\"og:description\" content=\"Gabriel Vasconcelos, da Ag\u00eancia iNFRA A petroleira brit\u00e2nica BP descobriu petr\u00f3leo no bloco Bumerangue, da Bacia de Santos, a 404 quil\u00f4metros da costa do Rio de Janeiro. Em nota, o vice-presidente executivo de Produ\u00e7\u00e3o e Opera\u00e7\u00f5es, Gordon Birrell, disse se tratar da maior descoberta da companhia em 25 anos. \u201cEstamos entusiasmados em anunciar esta descoberta [&hellip;]\" \/>\n<meta property=\"og:url\" content=\"https:\/\/agenciainfra.com\/blog\/bp-faz-descoberta-no-pre-sal-da-bacia-de-santos-maior-em-25-anos\/\" \/>\n<meta property=\"og:site_name\" content=\"Ag\u00eancia iNFRA\" \/>\n<meta property=\"article:publisher\" content=\"https:\/\/www.facebook.com\/ageninfra\" \/>\n<meta property=\"article:published_time\" content=\"2025-08-04T17:05:38+00:00\" \/>\n<meta property=\"article:modified_time\" content=\"2025-08-05T16:17:56+00:00\" \/>\n<meta property=\"og:image\" content=\"https:\/\/agenciainfra.com\/blog\/wp-content\/uploads\/2025\/08\/foto-divulgacao-BP.webp\" \/>\n\t<meta property=\"og:image:width\" content=\"1175\" \/>\n\t<meta property=\"og:image:height\" content=\"660\" \/>\n\t<meta property=\"og:image:type\" content=\"image\/webp\" \/>\n<meta name=\"author\" content=\"Ag\u00eancia iNFRA\" \/>\n<meta name=\"twitter:card\" content=\"summary_large_image\" \/>\n<meta name=\"twitter:creator\" content=\"@agencia_infra\" \/>\n<meta name=\"twitter:site\" content=\"@agencia_infra\" \/>\n<meta name=\"twitter:label1\" content=\"Escrito por\" \/>\n\t<meta name=\"twitter:data1\" content=\"Ag\u00eancia iNFRA\" \/>\n\t<meta name=\"twitter:label2\" content=\"Est. tempo de leitura\" \/>\n\t<meta name=\"twitter:data2\" content=\"3 minutos\" \/>\n<script type=\"application\/ld+json\" class=\"yoast-schema-graph\">{\"@context\":\"https:\/\/schema.org\",\"@graph\":[{\"@type\":\"Article\",\"@id\":\"https:\/\/agenciainfra.com\/blog\/bp-faz-descoberta-no-pre-sal-da-bacia-de-santos-maior-em-25-anos\/#article\",\"isPartOf\":{\"@id\":\"https:\/\/agenciainfra.com\/blog\/bp-faz-descoberta-no-pre-sal-da-bacia-de-santos-maior-em-25-anos\/\"},\"author\":{\"name\":\"Ag\u00eancia iNFRA\",\"@id\":\"https:\/\/agenciainfra.com\/blog\/#\/schema\/person\/34af08dff6adea4cb22b06612ba7acfa\"},\"headline\":\"BP faz descoberta no pr\u00e9-sal da Bacia de Santos: &#8216;maior em 25 anos&#8217;\",\"datePublished\":\"2025-08-04T17:05:38+00:00\",\"dateModified\":\"2025-08-05T16:17:56+00:00\",\"mainEntityOfPage\":{\"@id\":\"https:\/\/agenciainfra.com\/blog\/bp-faz-descoberta-no-pre-sal-da-bacia-de-santos-maior-em-25-anos\/\"},\"wordCount\":610,\"publisher\":{\"@id\":\"https:\/\/agenciainfra.com\/blog\/#organization\"},\"image\":{\"@id\":\"https:\/\/agenciainfra.com\/blog\/bp-faz-descoberta-no-pre-sal-da-bacia-de-santos-maior-em-25-anos\/#primaryimage\"},\"thumbnailUrl\":\"https:\/\/agenciainfra.com\/blog\/wp-content\/uploads\/2025\/08\/foto-divulgacao-BP.webp\",\"keywords\":[\"Bacia de Santos\",\"BP\",\"Bumerangue\",\"explora\u00e7\u00e3o de petr\u00f3leo\",\"Gabriel Vasconcelos\",\"petr\u00f3leo\",\"pr\u00e9-sal\"],\"articleSection\":[\"Destaque lista\",\"Geral\",\"\u00d3leo &amp; G\u00e1s\"],\"inLanguage\":\"pt-BR\",\"copyrightYear\":\"2025\",\"copyrightHolder\":{\"@id\":\"https:\/\/agenciainfra.com\/blog\/#organization\"}},{\"@type\":\"WebPage\",\"@id\":\"https:\/\/agenciainfra.com\/blog\/bp-faz-descoberta-no-pre-sal-da-bacia-de-santos-maior-em-25-anos\/\",\"url\":\"https:\/\/agenciainfra.com\/blog\/bp-faz-descoberta-no-pre-sal-da-bacia-de-santos-maior-em-25-anos\/\",\"name\":\"BP faz descoberta no pr\u00e9-sal da Bacia de Santos: 'maior em 25 anos' - Ag\u00eancia iNFRA\",\"isPartOf\":{\"@id\":\"https:\/\/agenciainfra.com\/blog\/#website\"},\"primaryImageOfPage\":{\"@id\":\"https:\/\/agenciainfra.com\/blog\/bp-faz-descoberta-no-pre-sal-da-bacia-de-santos-maior-em-25-anos\/#primaryimage\"},\"image\":{\"@id\":\"https:\/\/agenciainfra.com\/blog\/bp-faz-descoberta-no-pre-sal-da-bacia-de-santos-maior-em-25-anos\/#primaryimage\"},\"thumbnailUrl\":\"https:\/\/agenciainfra.com\/blog\/wp-content\/uploads\/2025\/08\/foto-divulgacao-BP.webp\",\"datePublished\":\"2025-08-04T17:05:38+00:00\",\"dateModified\":\"2025-08-05T16:17:56+00:00\",\"breadcrumb\":{\"@id\":\"https:\/\/agenciainfra.com\/blog\/bp-faz-descoberta-no-pre-sal-da-bacia-de-santos-maior-em-25-anos\/#breadcrumb\"},\"inLanguage\":\"pt-BR\",\"potentialAction\":[{\"@type\":\"ReadAction\",\"target\":[\"https:\/\/agenciainfra.com\/blog\/bp-faz-descoberta-no-pre-sal-da-bacia-de-santos-maior-em-25-anos\/\"]}]},{\"@type\":\"ImageObject\",\"inLanguage\":\"pt-BR\",\"@id\":\"https:\/\/agenciainfra.com\/blog\/bp-faz-descoberta-no-pre-sal-da-bacia-de-santos-maior-em-25-anos\/#primaryimage\",\"url\":\"https:\/\/agenciainfra.com\/blog\/wp-content\/uploads\/2025\/08\/foto-divulgacao-BP.webp\",\"contentUrl\":\"https:\/\/agenciainfra.com\/blog\/wp-content\/uploads\/2025\/08\/foto-divulgacao-BP.webp\",\"width\":1175,\"height\":660,\"caption\":\"Foto: Divulga\u00e7\u00e3o\/BP\"},{\"@type\":\"BreadcrumbList\",\"@id\":\"https:\/\/agenciainfra.com\/blog\/bp-faz-descoberta-no-pre-sal-da-bacia-de-santos-maior-em-25-anos\/#breadcrumb\",\"itemListElement\":[{\"@type\":\"ListItem\",\"position\":1,\"name\":\"In\u00edcio\",\"item\":\"https:\/\/agenciainfra.com\/blog\/\"},{\"@type\":\"ListItem\",\"position\":2,\"name\":\"BP faz descoberta no pr\u00e9-sal da Bacia de Santos: &#8216;maior em 25 anos&#8217;\"}]},{\"@type\":\"WebSite\",\"@id\":\"https:\/\/agenciainfra.com\/blog\/#website\",\"url\":\"https:\/\/agenciainfra.com\/blog\/\",\"name\":\"Ag\u00eancia iNFRA\",\"description\":\"Multiplataforma de informa\u00e7\u00e3o jornal\u00edstica refer\u00eancia na \u00e1rea de infraestrutura no Brasil!\",\"publisher\":{\"@id\":\"https:\/\/agenciainfra.com\/blog\/#organization\"},\"potentialAction\":[{\"@type\":\"SearchAction\",\"target\":{\"@type\":\"EntryPoint\",\"urlTemplate\":\"https:\/\/agenciainfra.com\/blog\/?s={search_term_string}\"},\"query-input\":{\"@type\":\"PropertyValueSpecification\",\"valueRequired\":true,\"valueName\":\"search_term_string\"}}],\"inLanguage\":\"pt-BR\"},{\"@type\":\"Organization\",\"@id\":\"https:\/\/agenciainfra.com\/blog\/#organization\",\"name\":\"Ag\u00eancia iNFRA\",\"url\":\"https:\/\/agenciainfra.com\/blog\/\",\"logo\":{\"@type\":\"ImageObject\",\"inLanguage\":\"pt-BR\",\"@id\":\"https:\/\/agenciainfra.com\/blog\/#\/schema\/logo\/image\/\",\"url\":\"https:\/\/agenciainfra.com\/blog\/wp-content\/uploads\/2023\/09\/iNFRA_5-e1761735885940.png\",\"contentUrl\":\"https:\/\/agenciainfra.com\/blog\/wp-content\/uploads\/2023\/09\/iNFRA_5-e1761735885940.png\",\"width\":1672,\"height\":454,\"caption\":\"Ag\u00eancia iNFRA\"},\"image\":{\"@id\":\"https:\/\/agenciainfra.com\/blog\/#\/schema\/logo\/image\/\"},\"sameAs\":[\"https:\/\/www.facebook.com\/ageninfra\",\"https:\/\/x.com\/agencia_infra\",\"https:\/\/www.linkedin.com\/company\/ag\u00eanciainfra\/\",\"https:\/\/www.instagram.com\/agenciainfra\/\"]},{\"@type\":\"Person\",\"@id\":\"https:\/\/agenciainfra.com\/blog\/#\/schema\/person\/34af08dff6adea4cb22b06612ba7acfa\",\"name\":\"Ag\u00eancia iNFRA\",\"image\":{\"@type\":\"ImageObject\",\"inLanguage\":\"pt-BR\",\"@id\":\"https:\/\/agenciainfra.com\/blog\/#\/schema\/person\/image\/\",\"url\":\"https:\/\/secure.gravatar.com\/avatar\/d189e01678f06d8eb84d4e01f08eb848b3fffe3f8443818d3c356c66892f5be8?s=96&d=mm&r=g\",\"contentUrl\":\"https:\/\/secure.gravatar.com\/avatar\/d189e01678f06d8eb84d4e01f08eb848b3fffe3f8443818d3c356c66892f5be8?s=96&d=mm&r=g\",\"caption\":\"Ag\u00eancia iNFRA\"},\"url\":\"https:\/\/agenciainfra.com\/blog\/author\/admin\/\"}]}<\/script>\n<!-- \/ Yoast SEO Premium plugin. -->","yoast_head_json":{"title":"BP faz descoberta no pr\u00e9-sal da Bacia de Santos: 'maior em 25 anos' - Ag\u00eancia iNFRA","robots":{"index":"index","follow":"follow","max-snippet":"max-snippet:-1","max-image-preview":"max-image-preview:large","max-video-preview":"max-video-preview:-1"},"canonical":"https:\/\/agenciainfra.com\/blog\/bp-faz-descoberta-no-pre-sal-da-bacia-de-santos-maior-em-25-anos\/","og_locale":"pt_BR","og_type":"article","og_title":"BP faz descoberta no pr\u00e9-sal da Bacia de Santos: 'maior em 25 anos'","og_description":"Gabriel Vasconcelos, da Ag\u00eancia iNFRA A petroleira brit\u00e2nica BP descobriu petr\u00f3leo no bloco Bumerangue, da Bacia de Santos, a 404 quil\u00f4metros da costa do Rio de Janeiro. Em nota, o vice-presidente executivo de Produ\u00e7\u00e3o e Opera\u00e7\u00f5es, Gordon Birrell, disse se tratar da maior descoberta da companhia em 25 anos. \u201cEstamos entusiasmados em anunciar esta descoberta [&hellip;]","og_url":"https:\/\/agenciainfra.com\/blog\/bp-faz-descoberta-no-pre-sal-da-bacia-de-santos-maior-em-25-anos\/","og_site_name":"Ag\u00eancia iNFRA","article_publisher":"https:\/\/www.facebook.com\/ageninfra","article_published_time":"2025-08-04T17:05:38+00:00","article_modified_time":"2025-08-05T16:17:56+00:00","og_image":[{"width":1175,"height":660,"url":"https:\/\/agenciainfra.com\/blog\/wp-content\/uploads\/2025\/08\/foto-divulgacao-BP.webp","type":"image\/webp"}],"author":"Ag\u00eancia iNFRA","twitter_card":"summary_large_image","twitter_creator":"@agencia_infra","twitter_site":"@agencia_infra","twitter_misc":{"Escrito por":"Ag\u00eancia iNFRA","Est. tempo de leitura":"3 minutos"},"schema":{"@context":"https:\/\/schema.org","@graph":[{"@type":"Article","@id":"https:\/\/agenciainfra.com\/blog\/bp-faz-descoberta-no-pre-sal-da-bacia-de-santos-maior-em-25-anos\/#article","isPartOf":{"@id":"https:\/\/agenciainfra.com\/blog\/bp-faz-descoberta-no-pre-sal-da-bacia-de-santos-maior-em-25-anos\/"},"author":{"name":"Ag\u00eancia iNFRA","@id":"https:\/\/agenciainfra.com\/blog\/#\/schema\/person\/34af08dff6adea4cb22b06612ba7acfa"},"headline":"BP faz descoberta no pr\u00e9-sal da Bacia de Santos: &#8216;maior em 25 anos&#8217;","datePublished":"2025-08-04T17:05:38+00:00","dateModified":"2025-08-05T16:17:56+00:00","mainEntityOfPage":{"@id":"https:\/\/agenciainfra.com\/blog\/bp-faz-descoberta-no-pre-sal-da-bacia-de-santos-maior-em-25-anos\/"},"wordCount":610,"publisher":{"@id":"https:\/\/agenciainfra.com\/blog\/#organization"},"image":{"@id":"https:\/\/agenciainfra.com\/blog\/bp-faz-descoberta-no-pre-sal-da-bacia-de-santos-maior-em-25-anos\/#primaryimage"},"thumbnailUrl":"https:\/\/agenciainfra.com\/blog\/wp-content\/uploads\/2025\/08\/foto-divulgacao-BP.webp","keywords":["Bacia de Santos","BP","Bumerangue","explora\u00e7\u00e3o de petr\u00f3leo","Gabriel Vasconcelos","petr\u00f3leo","pr\u00e9-sal"],"articleSection":["Destaque lista","Geral","\u00d3leo &amp; G\u00e1s"],"inLanguage":"pt-BR","copyrightYear":"2025","copyrightHolder":{"@id":"https:\/\/agenciainfra.com\/blog\/#organization"}},{"@type":"WebPage","@id":"https:\/\/agenciainfra.com\/blog\/bp-faz-descoberta-no-pre-sal-da-bacia-de-santos-maior-em-25-anos\/","url":"https:\/\/agenciainfra.com\/blog\/bp-faz-descoberta-no-pre-sal-da-bacia-de-santos-maior-em-25-anos\/","name":"BP faz descoberta no pr\u00e9-sal da Bacia de Santos: 'maior em 25 anos' - Ag\u00eancia iNFRA","isPartOf":{"@id":"https:\/\/agenciainfra.com\/blog\/#website"},"primaryImageOfPage":{"@id":"https:\/\/agenciainfra.com\/blog\/bp-faz-descoberta-no-pre-sal-da-bacia-de-santos-maior-em-25-anos\/#primaryimage"},"image":{"@id":"https:\/\/agenciainfra.com\/blog\/bp-faz-descoberta-no-pre-sal-da-bacia-de-santos-maior-em-25-anos\/#primaryimage"},"thumbnailUrl":"https:\/\/agenciainfra.com\/blog\/wp-content\/uploads\/2025\/08\/foto-divulgacao-BP.webp","datePublished":"2025-08-04T17:05:38+00:00","dateModified":"2025-08-05T16:17:56+00:00","breadcrumb":{"@id":"https:\/\/agenciainfra.com\/blog\/bp-faz-descoberta-no-pre-sal-da-bacia-de-santos-maior-em-25-anos\/#breadcrumb"},"inLanguage":"pt-BR","potentialAction":[{"@type":"ReadAction","target":["https:\/\/agenciainfra.com\/blog\/bp-faz-descoberta-no-pre-sal-da-bacia-de-santos-maior-em-25-anos\/"]}]},{"@type":"ImageObject","inLanguage":"pt-BR","@id":"https:\/\/agenciainfra.com\/blog\/bp-faz-descoberta-no-pre-sal-da-bacia-de-santos-maior-em-25-anos\/#primaryimage","url":"https:\/\/agenciainfra.com\/blog\/wp-content\/uploads\/2025\/08\/foto-divulgacao-BP.webp","contentUrl":"https:\/\/agenciainfra.com\/blog\/wp-content\/uploads\/2025\/08\/foto-divulgacao-BP.webp","width":1175,"height":660,"caption":"Foto: Divulga\u00e7\u00e3o\/BP"},{"@type":"BreadcrumbList","@id":"https:\/\/agenciainfra.com\/blog\/bp-faz-descoberta-no-pre-sal-da-bacia-de-santos-maior-em-25-anos\/#breadcrumb","itemListElement":[{"@type":"ListItem","position":1,"name":"In\u00edcio","item":"https:\/\/agenciainfra.com\/blog\/"},{"@type":"ListItem","position":2,"name":"BP faz descoberta no pr\u00e9-sal da Bacia de Santos: &#8216;maior em 25 anos&#8217;"}]},{"@type":"WebSite","@id":"https:\/\/agenciainfra.com\/blog\/#website","url":"https:\/\/agenciainfra.com\/blog\/","name":"Ag\u00eancia iNFRA","description":"Multiplataforma de informa\u00e7\u00e3o jornal\u00edstica refer\u00eancia na \u00e1rea de infraestrutura no Brasil!","publisher":{"@id":"https:\/\/agenciainfra.com\/blog\/#organization"},"potentialAction":[{"@type":"SearchAction","target":{"@type":"EntryPoint","urlTemplate":"https:\/\/agenciainfra.com\/blog\/?s={search_term_string}"},"query-input":{"@type":"PropertyValueSpecification","valueRequired":true,"valueName":"search_term_string"}}],"inLanguage":"pt-BR"},{"@type":"Organization","@id":"https:\/\/agenciainfra.com\/blog\/#organization","name":"Ag\u00eancia iNFRA","url":"https:\/\/agenciainfra.com\/blog\/","logo":{"@type":"ImageObject","inLanguage":"pt-BR","@id":"https:\/\/agenciainfra.com\/blog\/#\/schema\/logo\/image\/","url":"https:\/\/agenciainfra.com\/blog\/wp-content\/uploads\/2023\/09\/iNFRA_5-e1761735885940.png","contentUrl":"https:\/\/agenciainfra.com\/blog\/wp-content\/uploads\/2023\/09\/iNFRA_5-e1761735885940.png","width":1672,"height":454,"caption":"Ag\u00eancia iNFRA"},"image":{"@id":"https:\/\/agenciainfra.com\/blog\/#\/schema\/logo\/image\/"},"sameAs":["https:\/\/www.facebook.com\/ageninfra","https:\/\/x.com\/agencia_infra","https:\/\/www.linkedin.com\/company\/ag\u00eanciainfra\/","https:\/\/www.instagram.com\/agenciainfra\/"]},{"@type":"Person","@id":"https:\/\/agenciainfra.com\/blog\/#\/schema\/person\/34af08dff6adea4cb22b06612ba7acfa","name":"Ag\u00eancia iNFRA","image":{"@type":"ImageObject","inLanguage":"pt-BR","@id":"https:\/\/agenciainfra.com\/blog\/#\/schema\/person\/image\/","url":"https:\/\/secure.gravatar.com\/avatar\/d189e01678f06d8eb84d4e01f08eb848b3fffe3f8443818d3c356c66892f5be8?s=96&d=mm&r=g","contentUrl":"https:\/\/secure.gravatar.com\/avatar\/d189e01678f06d8eb84d4e01f08eb848b3fffe3f8443818d3c356c66892f5be8?s=96&d=mm&r=g","caption":"Ag\u00eancia iNFRA"},"url":"https:\/\/agenciainfra.com\/blog\/author\/admin\/"}]}},"_links":{"self":[{"href":"https:\/\/agenciainfra.com\/blog\/wp-json\/wp\/v2\/posts\/25763","targetHints":{"allow":["GET"]}}],"collection":[{"href":"https:\/\/agenciainfra.com\/blog\/wp-json\/wp\/v2\/posts"}],"about":[{"href":"https:\/\/agenciainfra.com\/blog\/wp-json\/wp\/v2\/types\/post"}],"author":[{"embeddable":true,"href":"https:\/\/agenciainfra.com\/blog\/wp-json\/wp\/v2\/users\/1"}],"replies":[{"embeddable":true,"href":"https:\/\/agenciainfra.com\/blog\/wp-json\/wp\/v2\/comments?post=25763"}],"version-history":[{"count":1,"href":"https:\/\/agenciainfra.com\/blog\/wp-json\/wp\/v2\/posts\/25763\/revisions"}],"predecessor-version":[{"id":25765,"href":"https:\/\/agenciainfra.com\/blog\/wp-json\/wp\/v2\/posts\/25763\/revisions\/25765"}],"wp:featuredmedia":[{"embeddable":true,"href":"https:\/\/agenciainfra.com\/blog\/wp-json\/wp\/v2\/media\/25764"}],"wp:attachment":[{"href":"https:\/\/agenciainfra.com\/blog\/wp-json\/wp\/v2\/media?parent=25763"}],"wp:term":[{"taxonomy":"category","embeddable":true,"href":"https:\/\/agenciainfra.com\/blog\/wp-json\/wp\/v2\/categories?post=25763"},{"taxonomy":"post_tag","embeddable":true,"href":"https:\/\/agenciainfra.com\/blog\/wp-json\/wp\/v2\/tags?post=25763"}],"curies":[{"name":"wp","href":"https:\/\/api.w.org\/{rel}","templated":true}]}}