{"id":25801,"date":"2025-08-05T09:00:00","date_gmt":"2025-08-05T12:00:00","guid":{"rendered":"https:\/\/agenciainfra.com\/blog\/?p=25801"},"modified":"2025-08-05T14:52:59","modified_gmt":"2025-08-05T17:52:59","slug":"claudio-freire-e-convocado-para-cargo-de-diretor-substituto-da-anm","status":"publish","type":"post","link":"https:\/\/agenciainfra.com\/blog\/claudio-freire-e-convocado-para-cargo-de-diretor-substituto-da-anm\/","title":{"rendered":"ANM convoca Cla\u00fadio Freire, superintendente de outorga, para cargo de diretor substituto"},"content":{"rendered":"\n<p class=\"has-text-align-right\"><strong>Rafael Bitencourt, da Ag\u00eancia iNFRA<\/strong><\/p>\n\n\n\n<p>A ANM (Ag\u00eancia Nacional de Minera\u00e7\u00e3o) convocou o superintendente de outorga de t\u00edtulos miner\u00e1rios, Cl\u00e1udio Roberto Freire, para assumir o cargo de diretor substituto pelo prazo de 180 dias, contados a partir de segunda-feira (4), ou at\u00e9 a chegada de novo titular.<\/p>\n\n\n\n<p>No \u00faltimo dia 29 de julho, encerrou o prazo de seis meses de atua\u00e7\u00e3o de Luiz Paniago Neves, tamb\u00e9m como diretor substituto da ag\u00eancia. Neste caso, o t\u00e9cnico chefiava outra \u00e1rea t\u00e9cnica do \u00f3rg\u00e3o, a Superintend\u00eancia de Seguran\u00e7a de Barragens de Minera\u00e7\u00e3o.<\/p>\n\n\n\n<p>Freire, que assume provisoriamente uma cadeira no comando da ANM, \u00e9 formado em Engenharia de Minas, na Universidade Federal de Ouro Preto. Possui mestrado em Geoci\u00eancias na Unicamp e MBA em Gest\u00e3o Empresarial na FGV (Funda\u00e7\u00e3o Getulio Vargas).<\/p>\n\n\n\n<p>Como executivo do setor, atuou como diretor da MineXplore, gerenciou atividades da Mina Morro do Ouro, em Paracatu (MG), e opera\u00e7\u00f5es de mangan\u00eas, em Caraj\u00e1s (PA). Em Catal\u00e3o (GO), Freire foi gerente de Opera\u00e7\u00e3o e Beneficiamento na empresa Mosaic&nbsp;Fertilizantes.<br><br>A convoca\u00e7\u00e3o foi <a href=\"https:\/\/www.in.gov.br\/en\/web\/dou\/-\/portaria-anm-n-331-de-4-de-agosto-de-2025-646266493\">publicada<\/a> no Di\u00e1rio Oficial da Uni\u00e3o desta ter\u00e7a-feira (5).<\/p>\n","protected":false},"excerpt":{"rendered":"<p>Rafael Bitencourt, da Ag\u00eancia iNFRA A ANM (Ag\u00eancia Nacional de Minera\u00e7\u00e3o) convocou o superintendente de outorga de t\u00edtulos miner\u00e1rios, Cl\u00e1udio Roberto Freire, para assumir o cargo de diretor substituto pelo prazo de 180 dias, contados a partir de segunda-feira (4), ou at\u00e9 a chegada de novo titular. No \u00faltimo dia 29 de julho, encerrou o [&hellip;]<\/p>\n","protected":false},"author":1,"featured_media":25819,"comment_status":"closed","ping_status":"closed","sticky":false,"template":"","format":"standard","meta":{"_monsterinsights_skip_tracking":false,"_monsterinsights_sitenote_active":false,"_monsterinsights_sitenote_note":"","_monsterinsights_sitenote_category":0,"footnotes":""},"categories":[1,13239],"tags":[840,340,14734,14672],"class_list":["post-25801","post","type-post","status-publish","format-standard","has-post-thumbnail","hentry","category-geral","category-mineracao","tag-agencia-nacional-de-mineracao","tag-anm","tag-claudio-freire-anm","tag-diretoria-da-anm"],"yoast_head":"<!-- This site is optimized with the Yoast SEO Premium plugin v25.4 (Yoast SEO v26.0) - https:\/\/yoast.com\/wordpress\/plugins\/seo\/ -->\n<title>ANM convoca Cla\u00fadio Freire, superintendente de outorga, para cargo de diretor substituto - Ag\u00eancia iNFRA<\/title>\n<meta name=\"robots\" content=\"index, follow, max-snippet:-1, max-image-preview:large, max-video-preview:-1\" \/>\n<link rel=\"canonical\" href=\"https:\/\/agenciainfra.com\/blog\/claudio-freire-e-convocado-para-cargo-de-diretor-substituto-da-anm\/\" \/>\n<meta property=\"og:locale\" content=\"pt_BR\" \/>\n<meta property=\"og:type\" content=\"article\" \/>\n<meta property=\"og:title\" content=\"ANM convoca Cla\u00fadio Freire, superintendente de outorga, para cargo de diretor substituto\" \/>\n<meta property=\"og:description\" content=\"Rafael Bitencourt, da Ag\u00eancia iNFRA A ANM (Ag\u00eancia Nacional de Minera\u00e7\u00e3o) convocou o superintendente de outorga de t\u00edtulos miner\u00e1rios, Cl\u00e1udio Roberto Freire, para assumir o cargo de diretor substituto pelo prazo de 180 dias, contados a partir de segunda-feira (4), ou at\u00e9 a chegada de novo titular. No \u00faltimo dia 29 de julho, encerrou o [&hellip;]\" \/>\n<meta property=\"og:url\" content=\"https:\/\/agenciainfra.com\/blog\/claudio-freire-e-convocado-para-cargo-de-diretor-substituto-da-anm\/\" \/>\n<meta property=\"og:site_name\" content=\"Ag\u00eancia iNFRA\" \/>\n<meta property=\"article:publisher\" content=\"https:\/\/www.facebook.com\/ageninfra\" \/>\n<meta property=\"article:published_time\" content=\"2025-08-05T12:00:00+00:00\" \/>\n<meta property=\"article:modified_time\" content=\"2025-08-05T17:52:59+00:00\" \/>\n<meta property=\"og:image\" content=\"https:\/\/agenciainfra.com\/blog\/wp-content\/uploads\/2025\/08\/claudio-freire-foto-anm-e1754407747674.jpg\" \/>\n\t<meta property=\"og:image:width\" content=\"1135\" \/>\n\t<meta property=\"og:image:height\" content=\"804\" \/>\n\t<meta property=\"og:image:type\" content=\"image\/jpeg\" \/>\n<meta name=\"author\" content=\"Ag\u00eancia iNFRA\" \/>\n<meta name=\"twitter:card\" content=\"summary_large_image\" \/>\n<meta name=\"twitter:creator\" content=\"@agencia_infra\" \/>\n<meta name=\"twitter:site\" content=\"@agencia_infra\" \/>\n<meta name=\"twitter:label1\" content=\"Escrito por\" \/>\n\t<meta name=\"twitter:data1\" content=\"Ag\u00eancia iNFRA\" \/>\n\t<meta name=\"twitter:label2\" content=\"Est. tempo de leitura\" \/>\n\t<meta name=\"twitter:data2\" content=\"1 minuto\" \/>\n<script type=\"application\/ld+json\" class=\"yoast-schema-graph\">{\"@context\":\"https:\/\/schema.org\",\"@graph\":[{\"@type\":\"Article\",\"@id\":\"https:\/\/agenciainfra.com\/blog\/claudio-freire-e-convocado-para-cargo-de-diretor-substituto-da-anm\/#article\",\"isPartOf\":{\"@id\":\"https:\/\/agenciainfra.com\/blog\/claudio-freire-e-convocado-para-cargo-de-diretor-substituto-da-anm\/\"},\"author\":{\"name\":\"Ag\u00eancia iNFRA\",\"@id\":\"https:\/\/agenciainfra.com\/blog\/#\/schema\/person\/34af08dff6adea4cb22b06612ba7acfa\"},\"headline\":\"ANM convoca Cla\u00fadio Freire, superintendente de outorga, para cargo de diretor substituto\",\"datePublished\":\"2025-08-05T12:00:00+00:00\",\"dateModified\":\"2025-08-05T17:52:59+00:00\",\"mainEntityOfPage\":{\"@id\":\"https:\/\/agenciainfra.com\/blog\/claudio-freire-e-convocado-para-cargo-de-diretor-substituto-da-anm\/\"},\"wordCount\":215,\"publisher\":{\"@id\":\"https:\/\/agenciainfra.com\/blog\/#organization\"},\"image\":{\"@id\":\"https:\/\/agenciainfra.com\/blog\/claudio-freire-e-convocado-para-cargo-de-diretor-substituto-da-anm\/#primaryimage\"},\"thumbnailUrl\":\"https:\/\/agenciainfra.com\/blog\/wp-content\/uploads\/2025\/08\/claudio-freire-foto-anm-e1754407747674.jpg\",\"keywords\":[\"Ag\u00eancia Nacional de Minera\u00e7\u00e3o\",\"ANM\",\"Cl\u00e1udio Freire ANM\",\"diretoria da ANM\"],\"articleSection\":[\"Geral\",\"Minera\u00e7\u00e3o\"],\"inLanguage\":\"pt-BR\",\"copyrightYear\":\"2025\",\"copyrightHolder\":{\"@id\":\"https:\/\/agenciainfra.com\/blog\/#organization\"}},{\"@type\":\"WebPage\",\"@id\":\"https:\/\/agenciainfra.com\/blog\/claudio-freire-e-convocado-para-cargo-de-diretor-substituto-da-anm\/\",\"url\":\"https:\/\/agenciainfra.com\/blog\/claudio-freire-e-convocado-para-cargo-de-diretor-substituto-da-anm\/\",\"name\":\"ANM convoca Cla\u00fadio Freire, superintendente de outorga, para cargo de diretor substituto - Ag\u00eancia iNFRA\",\"isPartOf\":{\"@id\":\"https:\/\/agenciainfra.com\/blog\/#website\"},\"primaryImageOfPage\":{\"@id\":\"https:\/\/agenciainfra.com\/blog\/claudio-freire-e-convocado-para-cargo-de-diretor-substituto-da-anm\/#primaryimage\"},\"image\":{\"@id\":\"https:\/\/agenciainfra.com\/blog\/claudio-freire-e-convocado-para-cargo-de-diretor-substituto-da-anm\/#primaryimage\"},\"thumbnailUrl\":\"https:\/\/agenciainfra.com\/blog\/wp-content\/uploads\/2025\/08\/claudio-freire-foto-anm-e1754407747674.jpg\",\"datePublished\":\"2025-08-05T12:00:00+00:00\",\"dateModified\":\"2025-08-05T17:52:59+00:00\",\"breadcrumb\":{\"@id\":\"https:\/\/agenciainfra.com\/blog\/claudio-freire-e-convocado-para-cargo-de-diretor-substituto-da-anm\/#breadcrumb\"},\"inLanguage\":\"pt-BR\",\"potentialAction\":[{\"@type\":\"ReadAction\",\"target\":[\"https:\/\/agenciainfra.com\/blog\/claudio-freire-e-convocado-para-cargo-de-diretor-substituto-da-anm\/\"]}]},{\"@type\":\"ImageObject\",\"inLanguage\":\"pt-BR\",\"@id\":\"https:\/\/agenciainfra.com\/blog\/claudio-freire-e-convocado-para-cargo-de-diretor-substituto-da-anm\/#primaryimage\",\"url\":\"https:\/\/agenciainfra.com\/blog\/wp-content\/uploads\/2025\/08\/claudio-freire-foto-anm-e1754407747674.jpg\",\"contentUrl\":\"https:\/\/agenciainfra.com\/blog\/wp-content\/uploads\/2025\/08\/claudio-freire-foto-anm-e1754407747674.jpg\",\"width\":1135,\"height\":804,\"caption\":\"Foto: Divulga\u00e7\u00e3o\/ANM\"},{\"@type\":\"BreadcrumbList\",\"@id\":\"https:\/\/agenciainfra.com\/blog\/claudio-freire-e-convocado-para-cargo-de-diretor-substituto-da-anm\/#breadcrumb\",\"itemListElement\":[{\"@type\":\"ListItem\",\"position\":1,\"name\":\"In\u00edcio\",\"item\":\"https:\/\/agenciainfra.com\/blog\/\"},{\"@type\":\"ListItem\",\"position\":2,\"name\":\"ANM convoca Cla\u00fadio Freire, superintendente de outorga, para cargo de diretor substituto\"}]},{\"@type\":\"WebSite\",\"@id\":\"https:\/\/agenciainfra.com\/blog\/#website\",\"url\":\"https:\/\/agenciainfra.com\/blog\/\",\"name\":\"Ag\u00eancia iNFRA\",\"description\":\"Multiplataforma de informa\u00e7\u00e3o jornal\u00edstica refer\u00eancia na \u00e1rea de infraestrutura no Brasil!\",\"publisher\":{\"@id\":\"https:\/\/agenciainfra.com\/blog\/#organization\"},\"potentialAction\":[{\"@type\":\"SearchAction\",\"target\":{\"@type\":\"EntryPoint\",\"urlTemplate\":\"https:\/\/agenciainfra.com\/blog\/?s={search_term_string}\"},\"query-input\":{\"@type\":\"PropertyValueSpecification\",\"valueRequired\":true,\"valueName\":\"search_term_string\"}}],\"inLanguage\":\"pt-BR\"},{\"@type\":\"Organization\",\"@id\":\"https:\/\/agenciainfra.com\/blog\/#organization\",\"name\":\"Ag\u00eancia iNFRA\",\"url\":\"https:\/\/agenciainfra.com\/blog\/\",\"logo\":{\"@type\":\"ImageObject\",\"inLanguage\":\"pt-BR\",\"@id\":\"https:\/\/agenciainfra.com\/blog\/#\/schema\/logo\/image\/\",\"url\":\"https:\/\/agenciainfra.com\/blog\/wp-content\/uploads\/2023\/09\/iNFRA_5-e1761735885940.png\",\"contentUrl\":\"https:\/\/agenciainfra.com\/blog\/wp-content\/uploads\/2023\/09\/iNFRA_5-e1761735885940.png\",\"width\":1672,\"height\":454,\"caption\":\"Ag\u00eancia iNFRA\"},\"image\":{\"@id\":\"https:\/\/agenciainfra.com\/blog\/#\/schema\/logo\/image\/\"},\"sameAs\":[\"https:\/\/www.facebook.com\/ageninfra\",\"https:\/\/x.com\/agencia_infra\",\"https:\/\/www.linkedin.com\/company\/ag\u00eanciainfra\/\",\"https:\/\/www.instagram.com\/agenciainfra\/\"]},{\"@type\":\"Person\",\"@id\":\"https:\/\/agenciainfra.com\/blog\/#\/schema\/person\/34af08dff6adea4cb22b06612ba7acfa\",\"name\":\"Ag\u00eancia iNFRA\",\"image\":{\"@type\":\"ImageObject\",\"inLanguage\":\"pt-BR\",\"@id\":\"https:\/\/agenciainfra.com\/blog\/#\/schema\/person\/image\/\",\"url\":\"https:\/\/secure.gravatar.com\/avatar\/d189e01678f06d8eb84d4e01f08eb848b3fffe3f8443818d3c356c66892f5be8?s=96&d=mm&r=g\",\"contentUrl\":\"https:\/\/secure.gravatar.com\/avatar\/d189e01678f06d8eb84d4e01f08eb848b3fffe3f8443818d3c356c66892f5be8?s=96&d=mm&r=g\",\"caption\":\"Ag\u00eancia iNFRA\"},\"url\":\"https:\/\/agenciainfra.com\/blog\/author\/admin\/\"}]}<\/script>\n<!-- \/ Yoast SEO Premium plugin. -->","yoast_head_json":{"title":"ANM convoca Cla\u00fadio Freire, superintendente de outorga, para cargo de diretor substituto - Ag\u00eancia iNFRA","robots":{"index":"index","follow":"follow","max-snippet":"max-snippet:-1","max-image-preview":"max-image-preview:large","max-video-preview":"max-video-preview:-1"},"canonical":"https:\/\/agenciainfra.com\/blog\/claudio-freire-e-convocado-para-cargo-de-diretor-substituto-da-anm\/","og_locale":"pt_BR","og_type":"article","og_title":"ANM convoca Cla\u00fadio Freire, superintendente de outorga, para cargo de diretor substituto","og_description":"Rafael Bitencourt, da Ag\u00eancia iNFRA A ANM (Ag\u00eancia Nacional de Minera\u00e7\u00e3o) convocou o superintendente de outorga de t\u00edtulos miner\u00e1rios, Cl\u00e1udio Roberto Freire, para assumir o cargo de diretor substituto pelo prazo de 180 dias, contados a partir de segunda-feira (4), ou at\u00e9 a chegada de novo titular. No \u00faltimo dia 29 de julho, encerrou o [&hellip;]","og_url":"https:\/\/agenciainfra.com\/blog\/claudio-freire-e-convocado-para-cargo-de-diretor-substituto-da-anm\/","og_site_name":"Ag\u00eancia iNFRA","article_publisher":"https:\/\/www.facebook.com\/ageninfra","article_published_time":"2025-08-05T12:00:00+00:00","article_modified_time":"2025-08-05T17:52:59+00:00","og_image":[{"width":1135,"height":804,"url":"https:\/\/agenciainfra.com\/blog\/wp-content\/uploads\/2025\/08\/claudio-freire-foto-anm-e1754407747674.jpg","type":"image\/jpeg"}],"author":"Ag\u00eancia iNFRA","twitter_card":"summary_large_image","twitter_creator":"@agencia_infra","twitter_site":"@agencia_infra","twitter_misc":{"Escrito por":"Ag\u00eancia iNFRA","Est. tempo de leitura":"1 minuto"},"schema":{"@context":"https:\/\/schema.org","@graph":[{"@type":"Article","@id":"https:\/\/agenciainfra.com\/blog\/claudio-freire-e-convocado-para-cargo-de-diretor-substituto-da-anm\/#article","isPartOf":{"@id":"https:\/\/agenciainfra.com\/blog\/claudio-freire-e-convocado-para-cargo-de-diretor-substituto-da-anm\/"},"author":{"name":"Ag\u00eancia iNFRA","@id":"https:\/\/agenciainfra.com\/blog\/#\/schema\/person\/34af08dff6adea4cb22b06612ba7acfa"},"headline":"ANM convoca Cla\u00fadio Freire, superintendente de outorga, para cargo de diretor substituto","datePublished":"2025-08-05T12:00:00+00:00","dateModified":"2025-08-05T17:52:59+00:00","mainEntityOfPage":{"@id":"https:\/\/agenciainfra.com\/blog\/claudio-freire-e-convocado-para-cargo-de-diretor-substituto-da-anm\/"},"wordCount":215,"publisher":{"@id":"https:\/\/agenciainfra.com\/blog\/#organization"},"image":{"@id":"https:\/\/agenciainfra.com\/blog\/claudio-freire-e-convocado-para-cargo-de-diretor-substituto-da-anm\/#primaryimage"},"thumbnailUrl":"https:\/\/agenciainfra.com\/blog\/wp-content\/uploads\/2025\/08\/claudio-freire-foto-anm-e1754407747674.jpg","keywords":["Ag\u00eancia Nacional de Minera\u00e7\u00e3o","ANM","Cl\u00e1udio Freire ANM","diretoria da ANM"],"articleSection":["Geral","Minera\u00e7\u00e3o"],"inLanguage":"pt-BR","copyrightYear":"2025","copyrightHolder":{"@id":"https:\/\/agenciainfra.com\/blog\/#organization"}},{"@type":"WebPage","@id":"https:\/\/agenciainfra.com\/blog\/claudio-freire-e-convocado-para-cargo-de-diretor-substituto-da-anm\/","url":"https:\/\/agenciainfra.com\/blog\/claudio-freire-e-convocado-para-cargo-de-diretor-substituto-da-anm\/","name":"ANM convoca Cla\u00fadio Freire, superintendente de outorga, para cargo de diretor substituto - Ag\u00eancia iNFRA","isPartOf":{"@id":"https:\/\/agenciainfra.com\/blog\/#website"},"primaryImageOfPage":{"@id":"https:\/\/agenciainfra.com\/blog\/claudio-freire-e-convocado-para-cargo-de-diretor-substituto-da-anm\/#primaryimage"},"image":{"@id":"https:\/\/agenciainfra.com\/blog\/claudio-freire-e-convocado-para-cargo-de-diretor-substituto-da-anm\/#primaryimage"},"thumbnailUrl":"https:\/\/agenciainfra.com\/blog\/wp-content\/uploads\/2025\/08\/claudio-freire-foto-anm-e1754407747674.jpg","datePublished":"2025-08-05T12:00:00+00:00","dateModified":"2025-08-05T17:52:59+00:00","breadcrumb":{"@id":"https:\/\/agenciainfra.com\/blog\/claudio-freire-e-convocado-para-cargo-de-diretor-substituto-da-anm\/#breadcrumb"},"inLanguage":"pt-BR","potentialAction":[{"@type":"ReadAction","target":["https:\/\/agenciainfra.com\/blog\/claudio-freire-e-convocado-para-cargo-de-diretor-substituto-da-anm\/"]}]},{"@type":"ImageObject","inLanguage":"pt-BR","@id":"https:\/\/agenciainfra.com\/blog\/claudio-freire-e-convocado-para-cargo-de-diretor-substituto-da-anm\/#primaryimage","url":"https:\/\/agenciainfra.com\/blog\/wp-content\/uploads\/2025\/08\/claudio-freire-foto-anm-e1754407747674.jpg","contentUrl":"https:\/\/agenciainfra.com\/blog\/wp-content\/uploads\/2025\/08\/claudio-freire-foto-anm-e1754407747674.jpg","width":1135,"height":804,"caption":"Foto: Divulga\u00e7\u00e3o\/ANM"},{"@type":"BreadcrumbList","@id":"https:\/\/agenciainfra.com\/blog\/claudio-freire-e-convocado-para-cargo-de-diretor-substituto-da-anm\/#breadcrumb","itemListElement":[{"@type":"ListItem","position":1,"name":"In\u00edcio","item":"https:\/\/agenciainfra.com\/blog\/"},{"@type":"ListItem","position":2,"name":"ANM convoca Cla\u00fadio Freire, superintendente de outorga, para cargo de diretor substituto"}]},{"@type":"WebSite","@id":"https:\/\/agenciainfra.com\/blog\/#website","url":"https:\/\/agenciainfra.com\/blog\/","name":"Ag\u00eancia iNFRA","description":"Multiplataforma de informa\u00e7\u00e3o jornal\u00edstica refer\u00eancia na \u00e1rea de infraestrutura no Brasil!","publisher":{"@id":"https:\/\/agenciainfra.com\/blog\/#organization"},"potentialAction":[{"@type":"SearchAction","target":{"@type":"EntryPoint","urlTemplate":"https:\/\/agenciainfra.com\/blog\/?s={search_term_string}"},"query-input":{"@type":"PropertyValueSpecification","valueRequired":true,"valueName":"search_term_string"}}],"inLanguage":"pt-BR"},{"@type":"Organization","@id":"https:\/\/agenciainfra.com\/blog\/#organization","name":"Ag\u00eancia iNFRA","url":"https:\/\/agenciainfra.com\/blog\/","logo":{"@type":"ImageObject","inLanguage":"pt-BR","@id":"https:\/\/agenciainfra.com\/blog\/#\/schema\/logo\/image\/","url":"https:\/\/agenciainfra.com\/blog\/wp-content\/uploads\/2023\/09\/iNFRA_5-e1761735885940.png","contentUrl":"https:\/\/agenciainfra.com\/blog\/wp-content\/uploads\/2023\/09\/iNFRA_5-e1761735885940.png","width":1672,"height":454,"caption":"Ag\u00eancia iNFRA"},"image":{"@id":"https:\/\/agenciainfra.com\/blog\/#\/schema\/logo\/image\/"},"sameAs":["https:\/\/www.facebook.com\/ageninfra","https:\/\/x.com\/agencia_infra","https:\/\/www.linkedin.com\/company\/ag\u00eanciainfra\/","https:\/\/www.instagram.com\/agenciainfra\/"]},{"@type":"Person","@id":"https:\/\/agenciainfra.com\/blog\/#\/schema\/person\/34af08dff6adea4cb22b06612ba7acfa","name":"Ag\u00eancia iNFRA","image":{"@type":"ImageObject","inLanguage":"pt-BR","@id":"https:\/\/agenciainfra.com\/blog\/#\/schema\/person\/image\/","url":"https:\/\/secure.gravatar.com\/avatar\/d189e01678f06d8eb84d4e01f08eb848b3fffe3f8443818d3c356c66892f5be8?s=96&d=mm&r=g","contentUrl":"https:\/\/secure.gravatar.com\/avatar\/d189e01678f06d8eb84d4e01f08eb848b3fffe3f8443818d3c356c66892f5be8?s=96&d=mm&r=g","caption":"Ag\u00eancia iNFRA"},"url":"https:\/\/agenciainfra.com\/blog\/author\/admin\/"}]}},"_links":{"self":[{"href":"https:\/\/agenciainfra.com\/blog\/wp-json\/wp\/v2\/posts\/25801","targetHints":{"allow":["GET"]}}],"collection":[{"href":"https:\/\/agenciainfra.com\/blog\/wp-json\/wp\/v2\/posts"}],"about":[{"href":"https:\/\/agenciainfra.com\/blog\/wp-json\/wp\/v2\/types\/post"}],"author":[{"embeddable":true,"href":"https:\/\/agenciainfra.com\/blog\/wp-json\/wp\/v2\/users\/1"}],"replies":[{"embeddable":true,"href":"https:\/\/agenciainfra.com\/blog\/wp-json\/wp\/v2\/comments?post=25801"}],"version-history":[{"count":4,"href":"https:\/\/agenciainfra.com\/blog\/wp-json\/wp\/v2\/posts\/25801\/revisions"}],"predecessor-version":[{"id":25820,"href":"https:\/\/agenciainfra.com\/blog\/wp-json\/wp\/v2\/posts\/25801\/revisions\/25820"}],"wp:featuredmedia":[{"embeddable":true,"href":"https:\/\/agenciainfra.com\/blog\/wp-json\/wp\/v2\/media\/25819"}],"wp:attachment":[{"href":"https:\/\/agenciainfra.com\/blog\/wp-json\/wp\/v2\/media?parent=25801"}],"wp:term":[{"taxonomy":"category","embeddable":true,"href":"https:\/\/agenciainfra.com\/blog\/wp-json\/wp\/v2\/categories?post=25801"},{"taxonomy":"post_tag","embeddable":true,"href":"https:\/\/agenciainfra.com\/blog\/wp-json\/wp\/v2\/tags?post=25801"}],"curies":[{"name":"wp","href":"https:\/\/api.w.org\/{rel}","templated":true}]}}