{"id":25806,"date":"2025-08-05T12:00:00","date_gmt":"2025-08-05T15:00:00","guid":{"rendered":"https:\/\/agenciainfra.com\/blog\/?p=25806"},"modified":"2025-08-06T10:43:14","modified_gmt":"2025-08-06T13:43:14","slug":"cma-deve-votar-indicacoes-para-diretoria-da-ana-na-proxima-reuniao","status":"publish","type":"post","link":"https:\/\/agenciainfra.com\/blog\/cma-deve-votar-indicacoes-para-diretoria-da-ana-na-proxima-reuniao\/","title":{"rendered":"CMA deve votar indica\u00e7\u00f5es para diretoria da ANA na pr\u00f3xima reuni\u00e3o"},"content":{"rendered":"\n<p class=\"has-text-align-right\"><strong>da Ag\u00eancia iNFRA<\/strong><\/p>\n\n\n\n<p>A CMA (Comiss\u00e3o de Meio Ambiente) do Senado prev\u00ea votar em sua pr\u00f3xima reuni\u00e3o deliberativa as indica\u00e7\u00f5es para compor a diretoria da ANA (Ag\u00eancia Nacional de \u00c1guas e Saneamento B\u00e1sico). Nesta ter\u00e7a-feira (5), os relatores das escolhas do governo fizeram a leitura de seus pareceres, apontando que os indicados j\u00e1 podem ter seus nomes deliberados pelo colegiado. Depois da sabatina na CMA, a indica\u00e7\u00f5es ir\u00e3o a vota\u00e7\u00e3o no plen\u00e1rio do Senado.<\/p>\n\n\n\n<p>A previs\u00e3o para a CMA foi dada pelo presidente da comiss\u00e3o, senador Fabiano Contarato (PT-ES). A CMA tem seguido o calend\u00e1rio que havia sido previamente anunciado pelo presidente do Senado, Davi Alcoumbre (Uni\u00e3o-AP). Segundo ele, a leitura dos relat\u00f3rios das indica\u00e7\u00f5es seria feita nesta semana pelas comiss\u00f5es, enquanto as delibera\u00e7\u00f5es ocorreriam na pr\u00f3xima num esfor\u00e7o concentrado para destravar os nomes das ag\u00eancias reguladoras. A CI (Comiss\u00e3o de Infraestrutura) ainda n\u00e3o marcou as reuni\u00f5es para avaliar as indica\u00e7\u00f5es.<\/p>\n\n\n\n<p>Um dos indicados para a diretoria da ANA \u00e9 o de Larissa de Oliveira R\u00eago, que entra na vaga aberta com a sa\u00edda de Vitor Saback. Ela ocupa desde maio de 2023 o cargo de Diretora do Departamento de Irriga\u00e7\u00e3o, da Secretaria Nacional de Seguran\u00e7a H\u00eddrica do MIDR (Minist\u00e9rio da Integra\u00e7\u00e3o e do Desenvolvimento Regional). Tamb\u00e9m atuou como Coordenadora na C\u00e2mara T\u00e9cnica de Outorga e Cobran\u00e7a pelo Uso de Recursos H\u00eddricos, do CNRH (Conselho Nacional de Recursos H\u00eddricos). Graduada em Direito, \u00e9 mestranda em Pol\u00edticas P\u00fablicas e Governo na FGV (Funda\u00e7\u00e3o Get\u00falio Vargas).<\/p>\n\n\n\n<p>J\u00e1 Cristiane Collet Battiston deve entrar na vaga decorrente do t\u00e9rmino do mandato de Filipe de Mello Sampaio Cunha, que saiu da ANA em janeiro. Desde 2023 ela \u00e9 Secret\u00e1ria Adjunta de Recursos H\u00eddricos da Secretaria Especial de Articula\u00e7\u00e3o e Monitoramento da Casa Civil da Presid\u00eancia da Rep\u00fablica.<\/p>\n\n\n\n<p>Na fun\u00e7\u00e3o, a engenheira civil exerce atividades de articula\u00e7\u00e3o, coordena\u00e7\u00e3o, planejamento e monitoramento de empreendimentos de infraestrutura h\u00eddrica, acesso a \u00e1gua e revitaliza\u00e7\u00e3o de bacias hidrogr\u00e1ficas, diz o relat\u00f3rio do senador Paulo Paim (PT-RS).<\/p>\n\n\n\n<p>J\u00e1 Leonardo G\u00f3es Silva deve ocupar a vaga deixada por Maur\u00edcio Abijaodi Lopes de Vasconcello. At\u00e9 ser indicado no final do ano passado, G\u00f3es era presidente da Embasa (Empresa Baiana de \u00c1guas e Saneamento). Em janeiro de 2023, chegou a ocupar o cargo de Secret\u00e1rio da Secretaria Nacional de Seguran\u00e7a H\u00eddrica do MIDR. Mas logo em seguida assumiu a presid\u00eancia da companhia de saneamento baiana.<\/p>\n","protected":false},"excerpt":{"rendered":"<p>da Ag\u00eancia iNFRA A CMA (Comiss\u00e3o de Meio Ambiente) do Senado prev\u00ea votar em sua pr\u00f3xima reuni\u00e3o deliberativa as indica\u00e7\u00f5es para compor a diretoria da ANA (Ag\u00eancia Nacional de \u00c1guas e Saneamento B\u00e1sico). Nesta ter\u00e7a-feira (5), os relatores das escolhas do governo fizeram a leitura de seus pareceres, apontando que os indicados j\u00e1 podem ter [&hellip;]<\/p>\n","protected":false},"author":1,"featured_media":25811,"comment_status":"closed","ping_status":"closed","sticky":false,"template":"","format":"standard","meta":{"_monsterinsights_skip_tracking":false,"_monsterinsights_sitenote_active":false,"_monsterinsights_sitenote_note":"","_monsterinsights_sitenote_category":0,"footnotes":""},"categories":[7250,1,7827],"tags":[46,1753,12269,14738,5320],"class_list":["post-25806","post","type-post","status-publish","format-standard","has-post-thumbnail","hentry","category-destaque-lista","category-geral","category-infrasaneamento","tag-agencias-reguladoras","tag-comissao-de-meio-ambiente","tag-diretoria-da-ana","tag-indicacoes-a-ana","tag-sabatinas"],"yoast_head":"<!-- This site is optimized with the Yoast SEO Premium plugin v25.4 (Yoast SEO v26.0) - https:\/\/yoast.com\/wordpress\/plugins\/seo\/ -->\n<title>CMA deve votar indica\u00e7\u00f5es para diretoria da ANA na pr\u00f3xima reuni\u00e3o - Ag\u00eancia iNFRA<\/title>\n<meta name=\"robots\" content=\"index, follow, max-snippet:-1, max-image-preview:large, max-video-preview:-1\" \/>\n<link rel=\"canonical\" href=\"https:\/\/agenciainfra.com\/blog\/cma-deve-votar-indicacoes-para-diretoria-da-ana-na-proxima-reuniao\/\" \/>\n<meta property=\"og:locale\" content=\"pt_BR\" \/>\n<meta property=\"og:type\" content=\"article\" \/>\n<meta property=\"og:title\" content=\"CMA deve votar indica\u00e7\u00f5es para diretoria da ANA na pr\u00f3xima reuni\u00e3o\" \/>\n<meta property=\"og:description\" content=\"da Ag\u00eancia iNFRA A CMA (Comiss\u00e3o de Meio Ambiente) do Senado prev\u00ea votar em sua pr\u00f3xima reuni\u00e3o deliberativa as indica\u00e7\u00f5es para compor a diretoria da ANA (Ag\u00eancia Nacional de \u00c1guas e Saneamento B\u00e1sico). Nesta ter\u00e7a-feira (5), os relatores das escolhas do governo fizeram a leitura de seus pareceres, apontando que os indicados j\u00e1 podem ter [&hellip;]\" \/>\n<meta property=\"og:url\" content=\"https:\/\/agenciainfra.com\/blog\/cma-deve-votar-indicacoes-para-diretoria-da-ana-na-proxima-reuniao\/\" \/>\n<meta property=\"og:site_name\" content=\"Ag\u00eancia iNFRA\" \/>\n<meta property=\"article:publisher\" content=\"https:\/\/www.facebook.com\/ageninfra\" \/>\n<meta property=\"article:published_time\" content=\"2025-08-05T15:00:00+00:00\" \/>\n<meta property=\"article:modified_time\" content=\"2025-08-06T13:43:14+00:00\" \/>\n<meta property=\"og:image\" content=\"https:\/\/agenciainfra.com\/blog\/wp-content\/uploads\/2025\/08\/fachadaana-foto-ana-1-1024x682.jpeg-e1754405958446.jpg\" \/>\n\t<meta property=\"og:image:width\" content=\"1280\" \/>\n\t<meta property=\"og:image:height\" content=\"783\" \/>\n\t<meta property=\"og:image:type\" content=\"image\/jpeg\" \/>\n<meta name=\"author\" content=\"Ag\u00eancia iNFRA\" \/>\n<meta name=\"twitter:card\" content=\"summary_large_image\" \/>\n<meta name=\"twitter:creator\" content=\"@agencia_infra\" \/>\n<meta name=\"twitter:site\" content=\"@agencia_infra\" \/>\n<meta name=\"twitter:label1\" content=\"Escrito por\" \/>\n\t<meta name=\"twitter:data1\" content=\"Ag\u00eancia iNFRA\" \/>\n\t<meta name=\"twitter:label2\" content=\"Est. tempo de leitura\" \/>\n\t<meta name=\"twitter:data2\" content=\"2 minutos\" \/>\n<script type=\"application\/ld+json\" class=\"yoast-schema-graph\">{\"@context\":\"https:\/\/schema.org\",\"@graph\":[{\"@type\":\"Article\",\"@id\":\"https:\/\/agenciainfra.com\/blog\/cma-deve-votar-indicacoes-para-diretoria-da-ana-na-proxima-reuniao\/#article\",\"isPartOf\":{\"@id\":\"https:\/\/agenciainfra.com\/blog\/cma-deve-votar-indicacoes-para-diretoria-da-ana-na-proxima-reuniao\/\"},\"author\":{\"name\":\"Ag\u00eancia iNFRA\",\"@id\":\"https:\/\/agenciainfra.com\/blog\/#\/schema\/person\/34af08dff6adea4cb22b06612ba7acfa\"},\"headline\":\"CMA deve votar indica\u00e7\u00f5es para diretoria da ANA na pr\u00f3xima reuni\u00e3o\",\"datePublished\":\"2025-08-05T15:00:00+00:00\",\"dateModified\":\"2025-08-06T13:43:14+00:00\",\"mainEntityOfPage\":{\"@id\":\"https:\/\/agenciainfra.com\/blog\/cma-deve-votar-indicacoes-para-diretoria-da-ana-na-proxima-reuniao\/\"},\"wordCount\":462,\"publisher\":{\"@id\":\"https:\/\/agenciainfra.com\/blog\/#organization\"},\"image\":{\"@id\":\"https:\/\/agenciainfra.com\/blog\/cma-deve-votar-indicacoes-para-diretoria-da-ana-na-proxima-reuniao\/#primaryimage\"},\"thumbnailUrl\":\"https:\/\/agenciainfra.com\/blog\/wp-content\/uploads\/2025\/08\/fachadaana-foto-ana-1-1024x682.jpeg-e1754405958446.jpg\",\"keywords\":[\"Ag\u00eancias Reguladoras\",\"Comiss\u00e3o de Meio Ambiente\",\"diretoria da ANA\",\"Indica\u00e7\u00f5es \u00e0 ANA\",\"sabatinas\"],\"articleSection\":[\"Destaque lista\",\"Geral\",\"iNFRASaneamento\"],\"inLanguage\":\"pt-BR\",\"copyrightYear\":\"2025\",\"copyrightHolder\":{\"@id\":\"https:\/\/agenciainfra.com\/blog\/#organization\"}},{\"@type\":\"WebPage\",\"@id\":\"https:\/\/agenciainfra.com\/blog\/cma-deve-votar-indicacoes-para-diretoria-da-ana-na-proxima-reuniao\/\",\"url\":\"https:\/\/agenciainfra.com\/blog\/cma-deve-votar-indicacoes-para-diretoria-da-ana-na-proxima-reuniao\/\",\"name\":\"CMA deve votar indica\u00e7\u00f5es para diretoria da ANA na pr\u00f3xima reuni\u00e3o - Ag\u00eancia iNFRA\",\"isPartOf\":{\"@id\":\"https:\/\/agenciainfra.com\/blog\/#website\"},\"primaryImageOfPage\":{\"@id\":\"https:\/\/agenciainfra.com\/blog\/cma-deve-votar-indicacoes-para-diretoria-da-ana-na-proxima-reuniao\/#primaryimage\"},\"image\":{\"@id\":\"https:\/\/agenciainfra.com\/blog\/cma-deve-votar-indicacoes-para-diretoria-da-ana-na-proxima-reuniao\/#primaryimage\"},\"thumbnailUrl\":\"https:\/\/agenciainfra.com\/blog\/wp-content\/uploads\/2025\/08\/fachadaana-foto-ana-1-1024x682.jpeg-e1754405958446.jpg\",\"datePublished\":\"2025-08-05T15:00:00+00:00\",\"dateModified\":\"2025-08-06T13:43:14+00:00\",\"breadcrumb\":{\"@id\":\"https:\/\/agenciainfra.com\/blog\/cma-deve-votar-indicacoes-para-diretoria-da-ana-na-proxima-reuniao\/#breadcrumb\"},\"inLanguage\":\"pt-BR\",\"potentialAction\":[{\"@type\":\"ReadAction\",\"target\":[\"https:\/\/agenciainfra.com\/blog\/cma-deve-votar-indicacoes-para-diretoria-da-ana-na-proxima-reuniao\/\"]}]},{\"@type\":\"ImageObject\",\"inLanguage\":\"pt-BR\",\"@id\":\"https:\/\/agenciainfra.com\/blog\/cma-deve-votar-indicacoes-para-diretoria-da-ana-na-proxima-reuniao\/#primaryimage\",\"url\":\"https:\/\/agenciainfra.com\/blog\/wp-content\/uploads\/2025\/08\/fachadaana-foto-ana-1-1024x682.jpeg-e1754405958446.jpg\",\"contentUrl\":\"https:\/\/agenciainfra.com\/blog\/wp-content\/uploads\/2025\/08\/fachadaana-foto-ana-1-1024x682.jpeg-e1754405958446.jpg\",\"width\":1280,\"height\":783,\"caption\":\"Foto: Divulga\u00e7\u00e3o\/ANA\"},{\"@type\":\"BreadcrumbList\",\"@id\":\"https:\/\/agenciainfra.com\/blog\/cma-deve-votar-indicacoes-para-diretoria-da-ana-na-proxima-reuniao\/#breadcrumb\",\"itemListElement\":[{\"@type\":\"ListItem\",\"position\":1,\"name\":\"In\u00edcio\",\"item\":\"https:\/\/agenciainfra.com\/blog\/\"},{\"@type\":\"ListItem\",\"position\":2,\"name\":\"CMA deve votar indica\u00e7\u00f5es para diretoria da ANA na pr\u00f3xima reuni\u00e3o\"}]},{\"@type\":\"WebSite\",\"@id\":\"https:\/\/agenciainfra.com\/blog\/#website\",\"url\":\"https:\/\/agenciainfra.com\/blog\/\",\"name\":\"Ag\u00eancia iNFRA\",\"description\":\"Multiplataforma de informa\u00e7\u00e3o jornal\u00edstica refer\u00eancia na \u00e1rea de infraestrutura no Brasil!\",\"publisher\":{\"@id\":\"https:\/\/agenciainfra.com\/blog\/#organization\"},\"potentialAction\":[{\"@type\":\"SearchAction\",\"target\":{\"@type\":\"EntryPoint\",\"urlTemplate\":\"https:\/\/agenciainfra.com\/blog\/?s={search_term_string}\"},\"query-input\":{\"@type\":\"PropertyValueSpecification\",\"valueRequired\":true,\"valueName\":\"search_term_string\"}}],\"inLanguage\":\"pt-BR\"},{\"@type\":\"Organization\",\"@id\":\"https:\/\/agenciainfra.com\/blog\/#organization\",\"name\":\"Ag\u00eancia iNFRA\",\"url\":\"https:\/\/agenciainfra.com\/blog\/\",\"logo\":{\"@type\":\"ImageObject\",\"inLanguage\":\"pt-BR\",\"@id\":\"https:\/\/agenciainfra.com\/blog\/#\/schema\/logo\/image\/\",\"url\":\"https:\/\/agenciainfra.com\/blog\/wp-content\/uploads\/2023\/09\/iNFRA_5-e1761735885940.png\",\"contentUrl\":\"https:\/\/agenciainfra.com\/blog\/wp-content\/uploads\/2023\/09\/iNFRA_5-e1761735885940.png\",\"width\":1672,\"height\":454,\"caption\":\"Ag\u00eancia iNFRA\"},\"image\":{\"@id\":\"https:\/\/agenciainfra.com\/blog\/#\/schema\/logo\/image\/\"},\"sameAs\":[\"https:\/\/www.facebook.com\/ageninfra\",\"https:\/\/x.com\/agencia_infra\",\"https:\/\/www.linkedin.com\/company\/ag\u00eanciainfra\/\",\"https:\/\/www.instagram.com\/agenciainfra\/\"]},{\"@type\":\"Person\",\"@id\":\"https:\/\/agenciainfra.com\/blog\/#\/schema\/person\/34af08dff6adea4cb22b06612ba7acfa\",\"name\":\"Ag\u00eancia iNFRA\",\"image\":{\"@type\":\"ImageObject\",\"inLanguage\":\"pt-BR\",\"@id\":\"https:\/\/agenciainfra.com\/blog\/#\/schema\/person\/image\/\",\"url\":\"https:\/\/secure.gravatar.com\/avatar\/d189e01678f06d8eb84d4e01f08eb848b3fffe3f8443818d3c356c66892f5be8?s=96&d=mm&r=g\",\"contentUrl\":\"https:\/\/secure.gravatar.com\/avatar\/d189e01678f06d8eb84d4e01f08eb848b3fffe3f8443818d3c356c66892f5be8?s=96&d=mm&r=g\",\"caption\":\"Ag\u00eancia iNFRA\"},\"url\":\"https:\/\/agenciainfra.com\/blog\/author\/admin\/\"}]}<\/script>\n<!-- \/ Yoast SEO Premium plugin. -->","yoast_head_json":{"title":"CMA deve votar indica\u00e7\u00f5es para diretoria da ANA na pr\u00f3xima reuni\u00e3o - Ag\u00eancia iNFRA","robots":{"index":"index","follow":"follow","max-snippet":"max-snippet:-1","max-image-preview":"max-image-preview:large","max-video-preview":"max-video-preview:-1"},"canonical":"https:\/\/agenciainfra.com\/blog\/cma-deve-votar-indicacoes-para-diretoria-da-ana-na-proxima-reuniao\/","og_locale":"pt_BR","og_type":"article","og_title":"CMA deve votar indica\u00e7\u00f5es para diretoria da ANA na pr\u00f3xima reuni\u00e3o","og_description":"da Ag\u00eancia iNFRA A CMA (Comiss\u00e3o de Meio Ambiente) do Senado prev\u00ea votar em sua pr\u00f3xima reuni\u00e3o deliberativa as indica\u00e7\u00f5es para compor a diretoria da ANA (Ag\u00eancia Nacional de \u00c1guas e Saneamento B\u00e1sico). Nesta ter\u00e7a-feira (5), os relatores das escolhas do governo fizeram a leitura de seus pareceres, apontando que os indicados j\u00e1 podem ter [&hellip;]","og_url":"https:\/\/agenciainfra.com\/blog\/cma-deve-votar-indicacoes-para-diretoria-da-ana-na-proxima-reuniao\/","og_site_name":"Ag\u00eancia iNFRA","article_publisher":"https:\/\/www.facebook.com\/ageninfra","article_published_time":"2025-08-05T15:00:00+00:00","article_modified_time":"2025-08-06T13:43:14+00:00","og_image":[{"width":1280,"height":783,"url":"https:\/\/agenciainfra.com\/blog\/wp-content\/uploads\/2025\/08\/fachadaana-foto-ana-1-1024x682.jpeg-e1754405958446.jpg","type":"image\/jpeg"}],"author":"Ag\u00eancia iNFRA","twitter_card":"summary_large_image","twitter_creator":"@agencia_infra","twitter_site":"@agencia_infra","twitter_misc":{"Escrito por":"Ag\u00eancia iNFRA","Est. tempo de leitura":"2 minutos"},"schema":{"@context":"https:\/\/schema.org","@graph":[{"@type":"Article","@id":"https:\/\/agenciainfra.com\/blog\/cma-deve-votar-indicacoes-para-diretoria-da-ana-na-proxima-reuniao\/#article","isPartOf":{"@id":"https:\/\/agenciainfra.com\/blog\/cma-deve-votar-indicacoes-para-diretoria-da-ana-na-proxima-reuniao\/"},"author":{"name":"Ag\u00eancia iNFRA","@id":"https:\/\/agenciainfra.com\/blog\/#\/schema\/person\/34af08dff6adea4cb22b06612ba7acfa"},"headline":"CMA deve votar indica\u00e7\u00f5es para diretoria da ANA na pr\u00f3xima reuni\u00e3o","datePublished":"2025-08-05T15:00:00+00:00","dateModified":"2025-08-06T13:43:14+00:00","mainEntityOfPage":{"@id":"https:\/\/agenciainfra.com\/blog\/cma-deve-votar-indicacoes-para-diretoria-da-ana-na-proxima-reuniao\/"},"wordCount":462,"publisher":{"@id":"https:\/\/agenciainfra.com\/blog\/#organization"},"image":{"@id":"https:\/\/agenciainfra.com\/blog\/cma-deve-votar-indicacoes-para-diretoria-da-ana-na-proxima-reuniao\/#primaryimage"},"thumbnailUrl":"https:\/\/agenciainfra.com\/blog\/wp-content\/uploads\/2025\/08\/fachadaana-foto-ana-1-1024x682.jpeg-e1754405958446.jpg","keywords":["Ag\u00eancias Reguladoras","Comiss\u00e3o de Meio Ambiente","diretoria da ANA","Indica\u00e7\u00f5es \u00e0 ANA","sabatinas"],"articleSection":["Destaque lista","Geral","iNFRASaneamento"],"inLanguage":"pt-BR","copyrightYear":"2025","copyrightHolder":{"@id":"https:\/\/agenciainfra.com\/blog\/#organization"}},{"@type":"WebPage","@id":"https:\/\/agenciainfra.com\/blog\/cma-deve-votar-indicacoes-para-diretoria-da-ana-na-proxima-reuniao\/","url":"https:\/\/agenciainfra.com\/blog\/cma-deve-votar-indicacoes-para-diretoria-da-ana-na-proxima-reuniao\/","name":"CMA deve votar indica\u00e7\u00f5es para diretoria da ANA na pr\u00f3xima reuni\u00e3o - Ag\u00eancia iNFRA","isPartOf":{"@id":"https:\/\/agenciainfra.com\/blog\/#website"},"primaryImageOfPage":{"@id":"https:\/\/agenciainfra.com\/blog\/cma-deve-votar-indicacoes-para-diretoria-da-ana-na-proxima-reuniao\/#primaryimage"},"image":{"@id":"https:\/\/agenciainfra.com\/blog\/cma-deve-votar-indicacoes-para-diretoria-da-ana-na-proxima-reuniao\/#primaryimage"},"thumbnailUrl":"https:\/\/agenciainfra.com\/blog\/wp-content\/uploads\/2025\/08\/fachadaana-foto-ana-1-1024x682.jpeg-e1754405958446.jpg","datePublished":"2025-08-05T15:00:00+00:00","dateModified":"2025-08-06T13:43:14+00:00","breadcrumb":{"@id":"https:\/\/agenciainfra.com\/blog\/cma-deve-votar-indicacoes-para-diretoria-da-ana-na-proxima-reuniao\/#breadcrumb"},"inLanguage":"pt-BR","potentialAction":[{"@type":"ReadAction","target":["https:\/\/agenciainfra.com\/blog\/cma-deve-votar-indicacoes-para-diretoria-da-ana-na-proxima-reuniao\/"]}]},{"@type":"ImageObject","inLanguage":"pt-BR","@id":"https:\/\/agenciainfra.com\/blog\/cma-deve-votar-indicacoes-para-diretoria-da-ana-na-proxima-reuniao\/#primaryimage","url":"https:\/\/agenciainfra.com\/blog\/wp-content\/uploads\/2025\/08\/fachadaana-foto-ana-1-1024x682.jpeg-e1754405958446.jpg","contentUrl":"https:\/\/agenciainfra.com\/blog\/wp-content\/uploads\/2025\/08\/fachadaana-foto-ana-1-1024x682.jpeg-e1754405958446.jpg","width":1280,"height":783,"caption":"Foto: Divulga\u00e7\u00e3o\/ANA"},{"@type":"BreadcrumbList","@id":"https:\/\/agenciainfra.com\/blog\/cma-deve-votar-indicacoes-para-diretoria-da-ana-na-proxima-reuniao\/#breadcrumb","itemListElement":[{"@type":"ListItem","position":1,"name":"In\u00edcio","item":"https:\/\/agenciainfra.com\/blog\/"},{"@type":"ListItem","position":2,"name":"CMA deve votar indica\u00e7\u00f5es para diretoria da ANA na pr\u00f3xima reuni\u00e3o"}]},{"@type":"WebSite","@id":"https:\/\/agenciainfra.com\/blog\/#website","url":"https:\/\/agenciainfra.com\/blog\/","name":"Ag\u00eancia iNFRA","description":"Multiplataforma de informa\u00e7\u00e3o jornal\u00edstica refer\u00eancia na \u00e1rea de infraestrutura no Brasil!","publisher":{"@id":"https:\/\/agenciainfra.com\/blog\/#organization"},"potentialAction":[{"@type":"SearchAction","target":{"@type":"EntryPoint","urlTemplate":"https:\/\/agenciainfra.com\/blog\/?s={search_term_string}"},"query-input":{"@type":"PropertyValueSpecification","valueRequired":true,"valueName":"search_term_string"}}],"inLanguage":"pt-BR"},{"@type":"Organization","@id":"https:\/\/agenciainfra.com\/blog\/#organization","name":"Ag\u00eancia iNFRA","url":"https:\/\/agenciainfra.com\/blog\/","logo":{"@type":"ImageObject","inLanguage":"pt-BR","@id":"https:\/\/agenciainfra.com\/blog\/#\/schema\/logo\/image\/","url":"https:\/\/agenciainfra.com\/blog\/wp-content\/uploads\/2023\/09\/iNFRA_5-e1761735885940.png","contentUrl":"https:\/\/agenciainfra.com\/blog\/wp-content\/uploads\/2023\/09\/iNFRA_5-e1761735885940.png","width":1672,"height":454,"caption":"Ag\u00eancia iNFRA"},"image":{"@id":"https:\/\/agenciainfra.com\/blog\/#\/schema\/logo\/image\/"},"sameAs":["https:\/\/www.facebook.com\/ageninfra","https:\/\/x.com\/agencia_infra","https:\/\/www.linkedin.com\/company\/ag\u00eanciainfra\/","https:\/\/www.instagram.com\/agenciainfra\/"]},{"@type":"Person","@id":"https:\/\/agenciainfra.com\/blog\/#\/schema\/person\/34af08dff6adea4cb22b06612ba7acfa","name":"Ag\u00eancia iNFRA","image":{"@type":"ImageObject","inLanguage":"pt-BR","@id":"https:\/\/agenciainfra.com\/blog\/#\/schema\/person\/image\/","url":"https:\/\/secure.gravatar.com\/avatar\/d189e01678f06d8eb84d4e01f08eb848b3fffe3f8443818d3c356c66892f5be8?s=96&d=mm&r=g","contentUrl":"https:\/\/secure.gravatar.com\/avatar\/d189e01678f06d8eb84d4e01f08eb848b3fffe3f8443818d3c356c66892f5be8?s=96&d=mm&r=g","caption":"Ag\u00eancia iNFRA"},"url":"https:\/\/agenciainfra.com\/blog\/author\/admin\/"}]}},"_links":{"self":[{"href":"https:\/\/agenciainfra.com\/blog\/wp-json\/wp\/v2\/posts\/25806","targetHints":{"allow":["GET"]}}],"collection":[{"href":"https:\/\/agenciainfra.com\/blog\/wp-json\/wp\/v2\/posts"}],"about":[{"href":"https:\/\/agenciainfra.com\/blog\/wp-json\/wp\/v2\/types\/post"}],"author":[{"embeddable":true,"href":"https:\/\/agenciainfra.com\/blog\/wp-json\/wp\/v2\/users\/1"}],"replies":[{"embeddable":true,"href":"https:\/\/agenciainfra.com\/blog\/wp-json\/wp\/v2\/comments?post=25806"}],"version-history":[{"count":1,"href":"https:\/\/agenciainfra.com\/blog\/wp-json\/wp\/v2\/posts\/25806\/revisions"}],"predecessor-version":[{"id":25812,"href":"https:\/\/agenciainfra.com\/blog\/wp-json\/wp\/v2\/posts\/25806\/revisions\/25812"}],"wp:featuredmedia":[{"embeddable":true,"href":"https:\/\/agenciainfra.com\/blog\/wp-json\/wp\/v2\/media\/25811"}],"wp:attachment":[{"href":"https:\/\/agenciainfra.com\/blog\/wp-json\/wp\/v2\/media?parent=25806"}],"wp:term":[{"taxonomy":"category","embeddable":true,"href":"https:\/\/agenciainfra.com\/blog\/wp-json\/wp\/v2\/categories?post=25806"},{"taxonomy":"post_tag","embeddable":true,"href":"https:\/\/agenciainfra.com\/blog\/wp-json\/wp\/v2\/tags?post=25806"}],"curies":[{"name":"wp","href":"https:\/\/api.w.org\/{rel}","templated":true}]}}