{"id":25829,"date":"2025-08-05T14:25:46","date_gmt":"2025-08-05T17:25:46","guid":{"rendered":"https:\/\/agenciainfra.com\/blog\/?p=25829"},"modified":"2025-08-06T15:52:23","modified_gmt":"2025-08-06T18:52:23","slug":"lider-do-governo-no-senado-diz-que-tenta-caminho-negociado-sobre-indicacao-de-pietro-mendes-para-anp","status":"publish","type":"post","link":"https:\/\/agenciainfra.com\/blog\/lider-do-governo-no-senado-diz-que-tenta-caminho-negociado-sobre-indicacao-de-pietro-mendes-para-anp\/","title":{"rendered":"L\u00edder do governo no Senado diz que tenta &#8220;caminho negociado&#8221; sobre indica\u00e7\u00e3o de Pietro Mendes para ANP"},"content":{"rendered":"\n<p class=\"has-text-align-right\"><strong>Geraldo Campos Jr., da Ag\u00eancia iNFRA<\/strong><\/p>\n\n\n\n<p>O l\u00edder do governo do Senado, Jaques Wagner (PT-BA), afirmou nesta ter\u00e7a-feira (5) que est\u00e1 buscando um \u201ccaminho negociado\u201d sobre a indica\u00e7\u00e3o do secret\u00e1rio de Petr\u00f3leo e G\u00e1s do MME (Minist\u00e9rio de Minas e Energia), Pietro Mendes, para a ANP (Ag\u00eancia Nacional do Petr\u00f3leo, G\u00e1s Natural e Biocombust\u00edveis). H\u00e1 resist\u00eancias na Casa quanto ao nome indicado pelo ministro Alexandre Silveira.<\/p>\n\n\n\n<p>Questionado se o governo pode mudar a indica\u00e7\u00e3o, o senador afirmou que \u201cna hora certa a gente vai resolver\u201d. J\u00e1 sobre a possibilidade de rejei\u00e7\u00e3o do nome pelo Senado, Wagner disse que \u201c\u00e9 imposs\u00edvel fazer uma medi\u00e7\u00e3o pr\u00e9via\u201d. &#8220;O voto secreto \u00e9 uma inc\u00f3gnita, voc\u00ea n\u00e3o sabe o que acontece. Mas isso vale para os dois lados. Se puder eu prefiro achar um caminho negociado sobre isso\u201d, disse \u00e0 <strong>Ag\u00eancia iNFRA<\/strong>.<\/p>\n\n\n\n<p><strong>CI<\/strong><br>Jaques Wagner disse que notificou ao presidente do Senado, Davi Alcolumbre (Uni\u00e3o-AP), sobre o n\u00e3o andamento das indica\u00e7\u00f5es na CI (Comiss\u00e3o de Servi\u00e7os de Infraestrutura), comandada pelo senador Marcos Rog\u00e9rio (PL-RO), de oposi\u00e7\u00e3o. N\u00e3o foi convocada sess\u00e3o do colegiado nesta ter\u00e7a, quando era esperada a leitura das indica\u00e7\u00f5es.<\/p>\n\n\n\n<p>\u201cImagino que o presidente Davi deve ter procurado ele pra conversar [\u2026] Mas ter\u00e1 o esfor\u00e7o concentrado (na pr\u00f3xima semana). O problema \u00e9 que l\u00e1 na CI s\u00e3o muitas ag\u00eancias. Eu nem acho que tem a ver com essa coisa do ex-presidente [Jair] Bolsonaro, porque ag\u00eancia n\u00e3o \u00e9 um interesse espec\u00edfico s\u00f3 do governo\u201d, afirmou.<\/p>\n","protected":false},"excerpt":{"rendered":"<p>Geraldo Campos Jr., da Ag\u00eancia iNFRA O l\u00edder do governo do Senado, Jaques Wagner (PT-BA), afirmou nesta ter\u00e7a-feira (5) que est\u00e1 buscando um \u201ccaminho negociado\u201d sobre a indica\u00e7\u00e3o do secret\u00e1rio de Petr\u00f3leo e G\u00e1s do MME (Minist\u00e9rio de Minas e Energia), Pietro Mendes, para a ANP (Ag\u00eancia Nacional do Petr\u00f3leo, G\u00e1s Natural e Biocombust\u00edveis). H\u00e1 [&hellip;]<\/p>\n","protected":false},"author":1,"featured_media":25830,"comment_status":"closed","ping_status":"closed","sticky":false,"template":"","format":"standard","meta":{"_monsterinsights_skip_tracking":false,"_monsterinsights_sitenote_active":false,"_monsterinsights_sitenote_note":"","_monsterinsights_sitenote_category":0,"footnotes":""},"categories":[7250,1,10],"tags":[6040,13986,1498,13025,11594,14109,6335,12579],"class_list":["post-25829","post","type-post","status-publish","format-standard","has-post-thumbnail","hentry","category-destaque-lista","category-geral","category-infraenergia","tag-alexandre-silveira","tag-anp-agencia-nacional-do-petroleo","tag-comissao-de-infraestrutura","tag-diretoria-da-anp","tag-geraldo-campos-jr","tag-indicacoes-as-agencias","tag-pietro-mendes","tag-sabatinas-de-diretores"],"yoast_head":"<!-- This site is optimized with the Yoast SEO Premium plugin v25.4 (Yoast SEO v26.0) - https:\/\/yoast.com\/wordpress\/plugins\/seo\/ -->\n<title>L\u00edder do governo no Senado diz que tenta &quot;caminho negociado&quot; sobre indica\u00e7\u00e3o de Pietro Mendes para ANP - Ag\u00eancia iNFRA<\/title>\n<meta name=\"robots\" content=\"index, follow, max-snippet:-1, max-image-preview:large, max-video-preview:-1\" \/>\n<link rel=\"canonical\" href=\"https:\/\/agenciainfra.com\/blog\/lider-do-governo-no-senado-diz-que-tenta-caminho-negociado-sobre-indicacao-de-pietro-mendes-para-anp\/\" \/>\n<meta property=\"og:locale\" content=\"pt_BR\" \/>\n<meta property=\"og:type\" content=\"article\" \/>\n<meta property=\"og:title\" content=\"L\u00edder do governo no Senado diz que tenta &quot;caminho negociado&quot; sobre indica\u00e7\u00e3o de Pietro Mendes para ANP\" \/>\n<meta property=\"og:description\" content=\"Geraldo Campos Jr., da Ag\u00eancia iNFRA O l\u00edder do governo do Senado, Jaques Wagner (PT-BA), afirmou nesta ter\u00e7a-feira (5) que est\u00e1 buscando um \u201ccaminho negociado\u201d sobre a indica\u00e7\u00e3o do secret\u00e1rio de Petr\u00f3leo e G\u00e1s do MME (Minist\u00e9rio de Minas e Energia), Pietro Mendes, para a ANP (Ag\u00eancia Nacional do Petr\u00f3leo, G\u00e1s Natural e Biocombust\u00edveis). H\u00e1 [&hellip;]\" \/>\n<meta property=\"og:url\" content=\"https:\/\/agenciainfra.com\/blog\/lider-do-governo-no-senado-diz-que-tenta-caminho-negociado-sobre-indicacao-de-pietro-mendes-para-anp\/\" \/>\n<meta property=\"og:site_name\" content=\"Ag\u00eancia iNFRA\" \/>\n<meta property=\"article:publisher\" content=\"https:\/\/www.facebook.com\/ageninfra\" \/>\n<meta property=\"article:published_time\" content=\"2025-08-05T17:25:46+00:00\" \/>\n<meta property=\"article:modified_time\" content=\"2025-08-06T18:52:23+00:00\" \/>\n<meta property=\"og:image\" content=\"https:\/\/agenciainfra.com\/blog\/wp-content\/uploads\/2025\/08\/foto-partidodostrabalhadores.jpg\" \/>\n\t<meta property=\"og:image:width\" content=\"750\" \/>\n\t<meta property=\"og:image:height\" content=\"499\" \/>\n\t<meta property=\"og:image:type\" content=\"image\/jpeg\" \/>\n<meta name=\"author\" content=\"Ag\u00eancia iNFRA\" \/>\n<meta name=\"twitter:card\" content=\"summary_large_image\" \/>\n<meta name=\"twitter:creator\" content=\"@agencia_infra\" \/>\n<meta name=\"twitter:site\" content=\"@agencia_infra\" \/>\n<meta name=\"twitter:label1\" content=\"Escrito por\" \/>\n\t<meta name=\"twitter:data1\" content=\"Ag\u00eancia iNFRA\" \/>\n\t<meta name=\"twitter:label2\" content=\"Est. tempo de leitura\" \/>\n\t<meta name=\"twitter:data2\" content=\"1 minuto\" \/>\n<script type=\"application\/ld+json\" class=\"yoast-schema-graph\">{\"@context\":\"https:\/\/schema.org\",\"@graph\":[{\"@type\":\"Article\",\"@id\":\"https:\/\/agenciainfra.com\/blog\/lider-do-governo-no-senado-diz-que-tenta-caminho-negociado-sobre-indicacao-de-pietro-mendes-para-anp\/#article\",\"isPartOf\":{\"@id\":\"https:\/\/agenciainfra.com\/blog\/lider-do-governo-no-senado-diz-que-tenta-caminho-negociado-sobre-indicacao-de-pietro-mendes-para-anp\/\"},\"author\":{\"name\":\"Ag\u00eancia iNFRA\",\"@id\":\"https:\/\/agenciainfra.com\/blog\/#\/schema\/person\/34af08dff6adea4cb22b06612ba7acfa\"},\"headline\":\"L\u00edder do governo no Senado diz que tenta &#8220;caminho negociado&#8221; sobre indica\u00e7\u00e3o de Pietro Mendes para ANP\",\"datePublished\":\"2025-08-05T17:25:46+00:00\",\"dateModified\":\"2025-08-06T18:52:23+00:00\",\"mainEntityOfPage\":{\"@id\":\"https:\/\/agenciainfra.com\/blog\/lider-do-governo-no-senado-diz-que-tenta-caminho-negociado-sobre-indicacao-de-pietro-mendes-para-anp\/\"},\"wordCount\":292,\"publisher\":{\"@id\":\"https:\/\/agenciainfra.com\/blog\/#organization\"},\"image\":{\"@id\":\"https:\/\/agenciainfra.com\/blog\/lider-do-governo-no-senado-diz-que-tenta-caminho-negociado-sobre-indicacao-de-pietro-mendes-para-anp\/#primaryimage\"},\"thumbnailUrl\":\"https:\/\/agenciainfra.com\/blog\/wp-content\/uploads\/2025\/08\/foto-partidodostrabalhadores.jpg\",\"keywords\":[\"Alexandre Silveira\",\"ANP (Ag\u00eancia Nacional do Petr\u00f3leo\",\"Comiss\u00e3o de Infraestrutura\",\"diretoria da ANP\",\"Geraldo Campos Jr.\",\"indica\u00e7\u00f5es \u00e0s ag\u00eancias\",\"Pietro Mendes\",\"sabatinas de diretores\"],\"articleSection\":[\"Destaque lista\",\"Geral\",\"iNFRAEnergia\"],\"inLanguage\":\"pt-BR\",\"copyrightYear\":\"2025\",\"copyrightHolder\":{\"@id\":\"https:\/\/agenciainfra.com\/blog\/#organization\"}},{\"@type\":\"WebPage\",\"@id\":\"https:\/\/agenciainfra.com\/blog\/lider-do-governo-no-senado-diz-que-tenta-caminho-negociado-sobre-indicacao-de-pietro-mendes-para-anp\/\",\"url\":\"https:\/\/agenciainfra.com\/blog\/lider-do-governo-no-senado-diz-que-tenta-caminho-negociado-sobre-indicacao-de-pietro-mendes-para-anp\/\",\"name\":\"L\u00edder do governo no Senado diz que tenta \\\"caminho negociado\\\" sobre indica\u00e7\u00e3o de Pietro Mendes para ANP - Ag\u00eancia iNFRA\",\"isPartOf\":{\"@id\":\"https:\/\/agenciainfra.com\/blog\/#website\"},\"primaryImageOfPage\":{\"@id\":\"https:\/\/agenciainfra.com\/blog\/lider-do-governo-no-senado-diz-que-tenta-caminho-negociado-sobre-indicacao-de-pietro-mendes-para-anp\/#primaryimage\"},\"image\":{\"@id\":\"https:\/\/agenciainfra.com\/blog\/lider-do-governo-no-senado-diz-que-tenta-caminho-negociado-sobre-indicacao-de-pietro-mendes-para-anp\/#primaryimage\"},\"thumbnailUrl\":\"https:\/\/agenciainfra.com\/blog\/wp-content\/uploads\/2025\/08\/foto-partidodostrabalhadores.jpg\",\"datePublished\":\"2025-08-05T17:25:46+00:00\",\"dateModified\":\"2025-08-06T18:52:23+00:00\",\"breadcrumb\":{\"@id\":\"https:\/\/agenciainfra.com\/blog\/lider-do-governo-no-senado-diz-que-tenta-caminho-negociado-sobre-indicacao-de-pietro-mendes-para-anp\/#breadcrumb\"},\"inLanguage\":\"pt-BR\",\"potentialAction\":[{\"@type\":\"ReadAction\",\"target\":[\"https:\/\/agenciainfra.com\/blog\/lider-do-governo-no-senado-diz-que-tenta-caminho-negociado-sobre-indicacao-de-pietro-mendes-para-anp\/\"]}]},{\"@type\":\"ImageObject\",\"inLanguage\":\"pt-BR\",\"@id\":\"https:\/\/agenciainfra.com\/blog\/lider-do-governo-no-senado-diz-que-tenta-caminho-negociado-sobre-indicacao-de-pietro-mendes-para-anp\/#primaryimage\",\"url\":\"https:\/\/agenciainfra.com\/blog\/wp-content\/uploads\/2025\/08\/foto-partidodostrabalhadores.jpg\",\"contentUrl\":\"https:\/\/agenciainfra.com\/blog\/wp-content\/uploads\/2025\/08\/foto-partidodostrabalhadores.jpg\",\"width\":750,\"height\":499,\"caption\":\"Foto: Partido dos Trabalhadores\"},{\"@type\":\"BreadcrumbList\",\"@id\":\"https:\/\/agenciainfra.com\/blog\/lider-do-governo-no-senado-diz-que-tenta-caminho-negociado-sobre-indicacao-de-pietro-mendes-para-anp\/#breadcrumb\",\"itemListElement\":[{\"@type\":\"ListItem\",\"position\":1,\"name\":\"In\u00edcio\",\"item\":\"https:\/\/agenciainfra.com\/blog\/\"},{\"@type\":\"ListItem\",\"position\":2,\"name\":\"L\u00edder do governo no Senado diz que tenta &#8220;caminho negociado&#8221; sobre indica\u00e7\u00e3o de Pietro Mendes para ANP\"}]},{\"@type\":\"WebSite\",\"@id\":\"https:\/\/agenciainfra.com\/blog\/#website\",\"url\":\"https:\/\/agenciainfra.com\/blog\/\",\"name\":\"Ag\u00eancia iNFRA\",\"description\":\"Multiplataforma de informa\u00e7\u00e3o jornal\u00edstica refer\u00eancia na \u00e1rea de infraestrutura no Brasil!\",\"publisher\":{\"@id\":\"https:\/\/agenciainfra.com\/blog\/#organization\"},\"potentialAction\":[{\"@type\":\"SearchAction\",\"target\":{\"@type\":\"EntryPoint\",\"urlTemplate\":\"https:\/\/agenciainfra.com\/blog\/?s={search_term_string}\"},\"query-input\":{\"@type\":\"PropertyValueSpecification\",\"valueRequired\":true,\"valueName\":\"search_term_string\"}}],\"inLanguage\":\"pt-BR\"},{\"@type\":\"Organization\",\"@id\":\"https:\/\/agenciainfra.com\/blog\/#organization\",\"name\":\"Ag\u00eancia iNFRA\",\"url\":\"https:\/\/agenciainfra.com\/blog\/\",\"logo\":{\"@type\":\"ImageObject\",\"inLanguage\":\"pt-BR\",\"@id\":\"https:\/\/agenciainfra.com\/blog\/#\/schema\/logo\/image\/\",\"url\":\"https:\/\/agenciainfra.com\/blog\/wp-content\/uploads\/2023\/09\/iNFRA_5-e1761735885940.png\",\"contentUrl\":\"https:\/\/agenciainfra.com\/blog\/wp-content\/uploads\/2023\/09\/iNFRA_5-e1761735885940.png\",\"width\":1672,\"height\":454,\"caption\":\"Ag\u00eancia iNFRA\"},\"image\":{\"@id\":\"https:\/\/agenciainfra.com\/blog\/#\/schema\/logo\/image\/\"},\"sameAs\":[\"https:\/\/www.facebook.com\/ageninfra\",\"https:\/\/x.com\/agencia_infra\",\"https:\/\/www.linkedin.com\/company\/ag\u00eanciainfra\/\",\"https:\/\/www.instagram.com\/agenciainfra\/\"]},{\"@type\":\"Person\",\"@id\":\"https:\/\/agenciainfra.com\/blog\/#\/schema\/person\/34af08dff6adea4cb22b06612ba7acfa\",\"name\":\"Ag\u00eancia iNFRA\",\"image\":{\"@type\":\"ImageObject\",\"inLanguage\":\"pt-BR\",\"@id\":\"https:\/\/agenciainfra.com\/blog\/#\/schema\/person\/image\/\",\"url\":\"https:\/\/secure.gravatar.com\/avatar\/d189e01678f06d8eb84d4e01f08eb848b3fffe3f8443818d3c356c66892f5be8?s=96&d=mm&r=g\",\"contentUrl\":\"https:\/\/secure.gravatar.com\/avatar\/d189e01678f06d8eb84d4e01f08eb848b3fffe3f8443818d3c356c66892f5be8?s=96&d=mm&r=g\",\"caption\":\"Ag\u00eancia iNFRA\"},\"url\":\"https:\/\/agenciainfra.com\/blog\/author\/admin\/\"}]}<\/script>\n<!-- \/ Yoast SEO Premium plugin. -->","yoast_head_json":{"title":"L\u00edder do governo no Senado diz que tenta \"caminho negociado\" sobre indica\u00e7\u00e3o de Pietro Mendes para ANP - Ag\u00eancia iNFRA","robots":{"index":"index","follow":"follow","max-snippet":"max-snippet:-1","max-image-preview":"max-image-preview:large","max-video-preview":"max-video-preview:-1"},"canonical":"https:\/\/agenciainfra.com\/blog\/lider-do-governo-no-senado-diz-que-tenta-caminho-negociado-sobre-indicacao-de-pietro-mendes-para-anp\/","og_locale":"pt_BR","og_type":"article","og_title":"L\u00edder do governo no Senado diz que tenta \"caminho negociado\" sobre indica\u00e7\u00e3o de Pietro Mendes para ANP","og_description":"Geraldo Campos Jr., da Ag\u00eancia iNFRA O l\u00edder do governo do Senado, Jaques Wagner (PT-BA), afirmou nesta ter\u00e7a-feira (5) que est\u00e1 buscando um \u201ccaminho negociado\u201d sobre a indica\u00e7\u00e3o do secret\u00e1rio de Petr\u00f3leo e G\u00e1s do MME (Minist\u00e9rio de Minas e Energia), Pietro Mendes, para a ANP (Ag\u00eancia Nacional do Petr\u00f3leo, G\u00e1s Natural e Biocombust\u00edveis). H\u00e1 [&hellip;]","og_url":"https:\/\/agenciainfra.com\/blog\/lider-do-governo-no-senado-diz-que-tenta-caminho-negociado-sobre-indicacao-de-pietro-mendes-para-anp\/","og_site_name":"Ag\u00eancia iNFRA","article_publisher":"https:\/\/www.facebook.com\/ageninfra","article_published_time":"2025-08-05T17:25:46+00:00","article_modified_time":"2025-08-06T18:52:23+00:00","og_image":[{"width":750,"height":499,"url":"https:\/\/agenciainfra.com\/blog\/wp-content\/uploads\/2025\/08\/foto-partidodostrabalhadores.jpg","type":"image\/jpeg"}],"author":"Ag\u00eancia iNFRA","twitter_card":"summary_large_image","twitter_creator":"@agencia_infra","twitter_site":"@agencia_infra","twitter_misc":{"Escrito por":"Ag\u00eancia iNFRA","Est. tempo de leitura":"1 minuto"},"schema":{"@context":"https:\/\/schema.org","@graph":[{"@type":"Article","@id":"https:\/\/agenciainfra.com\/blog\/lider-do-governo-no-senado-diz-que-tenta-caminho-negociado-sobre-indicacao-de-pietro-mendes-para-anp\/#article","isPartOf":{"@id":"https:\/\/agenciainfra.com\/blog\/lider-do-governo-no-senado-diz-que-tenta-caminho-negociado-sobre-indicacao-de-pietro-mendes-para-anp\/"},"author":{"name":"Ag\u00eancia iNFRA","@id":"https:\/\/agenciainfra.com\/blog\/#\/schema\/person\/34af08dff6adea4cb22b06612ba7acfa"},"headline":"L\u00edder do governo no Senado diz que tenta &#8220;caminho negociado&#8221; sobre indica\u00e7\u00e3o de Pietro Mendes para ANP","datePublished":"2025-08-05T17:25:46+00:00","dateModified":"2025-08-06T18:52:23+00:00","mainEntityOfPage":{"@id":"https:\/\/agenciainfra.com\/blog\/lider-do-governo-no-senado-diz-que-tenta-caminho-negociado-sobre-indicacao-de-pietro-mendes-para-anp\/"},"wordCount":292,"publisher":{"@id":"https:\/\/agenciainfra.com\/blog\/#organization"},"image":{"@id":"https:\/\/agenciainfra.com\/blog\/lider-do-governo-no-senado-diz-que-tenta-caminho-negociado-sobre-indicacao-de-pietro-mendes-para-anp\/#primaryimage"},"thumbnailUrl":"https:\/\/agenciainfra.com\/blog\/wp-content\/uploads\/2025\/08\/foto-partidodostrabalhadores.jpg","keywords":["Alexandre Silveira","ANP (Ag\u00eancia Nacional do Petr\u00f3leo","Comiss\u00e3o de Infraestrutura","diretoria da ANP","Geraldo Campos Jr.","indica\u00e7\u00f5es \u00e0s ag\u00eancias","Pietro Mendes","sabatinas de diretores"],"articleSection":["Destaque lista","Geral","iNFRAEnergia"],"inLanguage":"pt-BR","copyrightYear":"2025","copyrightHolder":{"@id":"https:\/\/agenciainfra.com\/blog\/#organization"}},{"@type":"WebPage","@id":"https:\/\/agenciainfra.com\/blog\/lider-do-governo-no-senado-diz-que-tenta-caminho-negociado-sobre-indicacao-de-pietro-mendes-para-anp\/","url":"https:\/\/agenciainfra.com\/blog\/lider-do-governo-no-senado-diz-que-tenta-caminho-negociado-sobre-indicacao-de-pietro-mendes-para-anp\/","name":"L\u00edder do governo no Senado diz que tenta \"caminho negociado\" sobre indica\u00e7\u00e3o de Pietro Mendes para ANP - Ag\u00eancia iNFRA","isPartOf":{"@id":"https:\/\/agenciainfra.com\/blog\/#website"},"primaryImageOfPage":{"@id":"https:\/\/agenciainfra.com\/blog\/lider-do-governo-no-senado-diz-que-tenta-caminho-negociado-sobre-indicacao-de-pietro-mendes-para-anp\/#primaryimage"},"image":{"@id":"https:\/\/agenciainfra.com\/blog\/lider-do-governo-no-senado-diz-que-tenta-caminho-negociado-sobre-indicacao-de-pietro-mendes-para-anp\/#primaryimage"},"thumbnailUrl":"https:\/\/agenciainfra.com\/blog\/wp-content\/uploads\/2025\/08\/foto-partidodostrabalhadores.jpg","datePublished":"2025-08-05T17:25:46+00:00","dateModified":"2025-08-06T18:52:23+00:00","breadcrumb":{"@id":"https:\/\/agenciainfra.com\/blog\/lider-do-governo-no-senado-diz-que-tenta-caminho-negociado-sobre-indicacao-de-pietro-mendes-para-anp\/#breadcrumb"},"inLanguage":"pt-BR","potentialAction":[{"@type":"ReadAction","target":["https:\/\/agenciainfra.com\/blog\/lider-do-governo-no-senado-diz-que-tenta-caminho-negociado-sobre-indicacao-de-pietro-mendes-para-anp\/"]}]},{"@type":"ImageObject","inLanguage":"pt-BR","@id":"https:\/\/agenciainfra.com\/blog\/lider-do-governo-no-senado-diz-que-tenta-caminho-negociado-sobre-indicacao-de-pietro-mendes-para-anp\/#primaryimage","url":"https:\/\/agenciainfra.com\/blog\/wp-content\/uploads\/2025\/08\/foto-partidodostrabalhadores.jpg","contentUrl":"https:\/\/agenciainfra.com\/blog\/wp-content\/uploads\/2025\/08\/foto-partidodostrabalhadores.jpg","width":750,"height":499,"caption":"Foto: Partido dos Trabalhadores"},{"@type":"BreadcrumbList","@id":"https:\/\/agenciainfra.com\/blog\/lider-do-governo-no-senado-diz-que-tenta-caminho-negociado-sobre-indicacao-de-pietro-mendes-para-anp\/#breadcrumb","itemListElement":[{"@type":"ListItem","position":1,"name":"In\u00edcio","item":"https:\/\/agenciainfra.com\/blog\/"},{"@type":"ListItem","position":2,"name":"L\u00edder do governo no Senado diz que tenta &#8220;caminho negociado&#8221; sobre indica\u00e7\u00e3o de Pietro Mendes para ANP"}]},{"@type":"WebSite","@id":"https:\/\/agenciainfra.com\/blog\/#website","url":"https:\/\/agenciainfra.com\/blog\/","name":"Ag\u00eancia iNFRA","description":"Multiplataforma de informa\u00e7\u00e3o jornal\u00edstica refer\u00eancia na \u00e1rea de infraestrutura no Brasil!","publisher":{"@id":"https:\/\/agenciainfra.com\/blog\/#organization"},"potentialAction":[{"@type":"SearchAction","target":{"@type":"EntryPoint","urlTemplate":"https:\/\/agenciainfra.com\/blog\/?s={search_term_string}"},"query-input":{"@type":"PropertyValueSpecification","valueRequired":true,"valueName":"search_term_string"}}],"inLanguage":"pt-BR"},{"@type":"Organization","@id":"https:\/\/agenciainfra.com\/blog\/#organization","name":"Ag\u00eancia iNFRA","url":"https:\/\/agenciainfra.com\/blog\/","logo":{"@type":"ImageObject","inLanguage":"pt-BR","@id":"https:\/\/agenciainfra.com\/blog\/#\/schema\/logo\/image\/","url":"https:\/\/agenciainfra.com\/blog\/wp-content\/uploads\/2023\/09\/iNFRA_5-e1761735885940.png","contentUrl":"https:\/\/agenciainfra.com\/blog\/wp-content\/uploads\/2023\/09\/iNFRA_5-e1761735885940.png","width":1672,"height":454,"caption":"Ag\u00eancia iNFRA"},"image":{"@id":"https:\/\/agenciainfra.com\/blog\/#\/schema\/logo\/image\/"},"sameAs":["https:\/\/www.facebook.com\/ageninfra","https:\/\/x.com\/agencia_infra","https:\/\/www.linkedin.com\/company\/ag\u00eanciainfra\/","https:\/\/www.instagram.com\/agenciainfra\/"]},{"@type":"Person","@id":"https:\/\/agenciainfra.com\/blog\/#\/schema\/person\/34af08dff6adea4cb22b06612ba7acfa","name":"Ag\u00eancia iNFRA","image":{"@type":"ImageObject","inLanguage":"pt-BR","@id":"https:\/\/agenciainfra.com\/blog\/#\/schema\/person\/image\/","url":"https:\/\/secure.gravatar.com\/avatar\/d189e01678f06d8eb84d4e01f08eb848b3fffe3f8443818d3c356c66892f5be8?s=96&d=mm&r=g","contentUrl":"https:\/\/secure.gravatar.com\/avatar\/d189e01678f06d8eb84d4e01f08eb848b3fffe3f8443818d3c356c66892f5be8?s=96&d=mm&r=g","caption":"Ag\u00eancia iNFRA"},"url":"https:\/\/agenciainfra.com\/blog\/author\/admin\/"}]}},"_links":{"self":[{"href":"https:\/\/agenciainfra.com\/blog\/wp-json\/wp\/v2\/posts\/25829","targetHints":{"allow":["GET"]}}],"collection":[{"href":"https:\/\/agenciainfra.com\/blog\/wp-json\/wp\/v2\/posts"}],"about":[{"href":"https:\/\/agenciainfra.com\/blog\/wp-json\/wp\/v2\/types\/post"}],"author":[{"embeddable":true,"href":"https:\/\/agenciainfra.com\/blog\/wp-json\/wp\/v2\/users\/1"}],"replies":[{"embeddable":true,"href":"https:\/\/agenciainfra.com\/blog\/wp-json\/wp\/v2\/comments?post=25829"}],"version-history":[{"count":1,"href":"https:\/\/agenciainfra.com\/blog\/wp-json\/wp\/v2\/posts\/25829\/revisions"}],"predecessor-version":[{"id":25831,"href":"https:\/\/agenciainfra.com\/blog\/wp-json\/wp\/v2\/posts\/25829\/revisions\/25831"}],"wp:featuredmedia":[{"embeddable":true,"href":"https:\/\/agenciainfra.com\/blog\/wp-json\/wp\/v2\/media\/25830"}],"wp:attachment":[{"href":"https:\/\/agenciainfra.com\/blog\/wp-json\/wp\/v2\/media?parent=25829"}],"wp:term":[{"taxonomy":"category","embeddable":true,"href":"https:\/\/agenciainfra.com\/blog\/wp-json\/wp\/v2\/categories?post=25829"},{"taxonomy":"post_tag","embeddable":true,"href":"https:\/\/agenciainfra.com\/blog\/wp-json\/wp\/v2\/tags?post=25829"}],"curies":[{"name":"wp","href":"https:\/\/api.w.org\/{rel}","templated":true}]}}