{"id":25851,"date":"2025-08-05T18:00:54","date_gmt":"2025-08-05T21:00:54","guid":{"rendered":"https:\/\/agenciainfra.com\/blog\/?p=25851"},"modified":"2025-08-05T18:00:56","modified_gmt":"2025-08-05T21:00:56","slug":"falta-ao-brasil-marco-legal-para-implementar-sistema-de-contas-economicas-ambientais-diz-tcu","status":"publish","type":"post","link":"https:\/\/agenciainfra.com\/blog\/falta-ao-brasil-marco-legal-para-implementar-sistema-de-contas-economicas-ambientais-diz-tcu\/","title":{"rendered":"Falta ao Brasil marco legal para implementar sistema de contas econ\u00f4micas ambientais, diz TCU"},"content":{"rendered":"\n<p class=\"has-text-align-right\"><strong>da Ag\u00eancia iNFRA<\/strong><\/p>\n\n\n\n<p>O TCU (Tribunal de Contas da Uni\u00e3o) analisou, sob a relatoria do ministro Augusto Nardes, relat\u00f3rio de auditoria operacional para avaliar as a\u00e7\u00f5es do governo federal para a efetiva implementa\u00e7\u00e3o das contas econ\u00f4micas ambientais no Brasil, analisando as estruturas de governan\u00e7a, a atua\u00e7\u00e3o dos principais atores envolvidos e o arcabou\u00e7o legal.<\/p>\n\n\n\n<p>As CEAs (contas econ\u00f4micas ambientais) s\u00e3o estat\u00edsticas integradas que destacam a rela\u00e7\u00e3o entre o meio ambiente e a economia, demonstrando tanto os impactos da economia no meio ambiente quanto a contribui\u00e7\u00e3o do meio ambiente para a economia.<\/p>\n\n\n\n<p>\u201cAs CEA fornecem informa\u00e7\u00f5es sobre a extra\u00e7\u00e3o de recursos naturais, seu uso na economia, os n\u00edveis de estoque de recursos naturais, as mudan\u00e7as nesses estoques durante um per\u00edodo espec\u00edfico e a atividade econ\u00f4mica relacionada ao meio ambiente\u201d, explicou o ministro Augusto Nardes, relator do processo no TCU.<\/p>\n\n\n\n<p>Por sua vez, o SCEA (sistema de contas econ\u00f4micas ambientais) \u00e9 o padr\u00e3o internacionalmente aceito para a contabilidade econ\u00f4mico-ambiental, fornecendo uma estrutura para organizar e apresentar estat\u00edsticas sobre o meio ambiente e sua rela\u00e7\u00e3o com a economia.<\/p>\n\n\n\n<p>\u201cO SCEA re\u00fane informa\u00e7\u00f5es econ\u00f4micas e ambientais em um conjunto internacionalmente acordado de conceitos, defini\u00e7\u00f5es, classifica\u00e7\u00f5es, regras cont\u00e1beis e tabelas para produzir estat\u00edsticas internacionalmente compar\u00e1veis\u201d, detalhou o ministro-relator Augusto Nardes.<\/p>\n\n\n\n<p><strong>O que o TCU verificou<br><\/strong>Segundo a Corte de Contas, o arcabou\u00e7o jur\u00eddico-normativo \u00e9 insuficiente. A conclus\u00e3o \u00e9 que o Brasil n\u00e3o disp\u00f5e de bases normativas para desenvolver e implementar efetivamente o sistema de contas econ\u00f4micas ambientais.<\/p>\n\n\n\n<p>A auditoria do TCU avaliou que a estrutura institucional \u00e9 insuficiente e est\u00e3o ausentes os instrumentos de planejamento. \u201cTrata-se de mais um problema relacionado \u00e0 governan\u00e7a da pol\u00edtica p\u00fablica: o pa\u00eds carece de uma inst\u00e2ncia superior formalmente estabelecida para coordenar o SCEA e promover a articula\u00e7\u00e3o institucional\u201d, disse Nardes.<\/p>\n\n\n\n<p>Nessa linha, a auditoria destacou que h\u00e1 car\u00eancia de uma estrutura que englobe outros atores, al\u00e9m do \u00f3rg\u00e3o estat\u00edstico nacional (IBGE), o que prejudica a discuss\u00e3o estrat\u00e9gica e a articula\u00e7\u00e3o institucional necess\u00e1rias para selecionar e desenvolver as CEA de forma coerente e abrangente.<\/p>\n\n\n\n<p><\/p>\n","protected":false},"excerpt":{"rendered":"<p>da Ag\u00eancia iNFRA O TCU (Tribunal de Contas da Uni\u00e3o) analisou, sob a relatoria do ministro Augusto Nardes, relat\u00f3rio de auditoria operacional para avaliar as a\u00e7\u00f5es do governo federal para a efetiva implementa\u00e7\u00e3o das contas econ\u00f4micas ambientais no Brasil, analisando as estruturas de governan\u00e7a, a atua\u00e7\u00e3o dos principais atores envolvidos e o arcabou\u00e7o legal. As [&hellip;]<\/p>\n","protected":false},"author":1,"featured_media":0,"comment_status":"closed","ping_status":"closed","sticky":false,"template":"","format":"standard","meta":{"_monsterinsights_skip_tracking":false,"_monsterinsights_sitenote_active":false,"_monsterinsights_sitenote_note":"","_monsterinsights_sitenote_category":0,"footnotes":""},"categories":[1,13576],"tags":[822,14750,18],"class_list":["post-25851","post","type-post","status-publish","format-standard","hentry","category-geral","category-giro-infra","tag-augusto-nardes","tag-contas-economicas-ambientais","tag-tcu"],"yoast_head":"<!-- This site is optimized with the Yoast SEO Premium plugin v25.4 (Yoast SEO v26.0) - https:\/\/yoast.com\/wordpress\/plugins\/seo\/ -->\n<title>Falta ao Brasil marco legal para implementar sistema de contas econ\u00f4micas ambientais, diz TCU - Ag\u00eancia iNFRA<\/title>\n<meta name=\"robots\" content=\"index, follow, max-snippet:-1, max-image-preview:large, max-video-preview:-1\" \/>\n<link rel=\"canonical\" href=\"https:\/\/agenciainfra.com\/blog\/falta-ao-brasil-marco-legal-para-implementar-sistema-de-contas-economicas-ambientais-diz-tcu\/\" \/>\n<meta property=\"og:locale\" content=\"pt_BR\" \/>\n<meta property=\"og:type\" content=\"article\" \/>\n<meta property=\"og:title\" content=\"Falta ao Brasil marco legal para implementar sistema de contas econ\u00f4micas ambientais, diz TCU\" \/>\n<meta property=\"og:description\" content=\"da Ag\u00eancia iNFRA O TCU (Tribunal de Contas da Uni\u00e3o) analisou, sob a relatoria do ministro Augusto Nardes, relat\u00f3rio de auditoria operacional para avaliar as a\u00e7\u00f5es do governo federal para a efetiva implementa\u00e7\u00e3o das contas econ\u00f4micas ambientais no Brasil, analisando as estruturas de governan\u00e7a, a atua\u00e7\u00e3o dos principais atores envolvidos e o arcabou\u00e7o legal. As [&hellip;]\" \/>\n<meta property=\"og:url\" content=\"https:\/\/agenciainfra.com\/blog\/falta-ao-brasil-marco-legal-para-implementar-sistema-de-contas-economicas-ambientais-diz-tcu\/\" \/>\n<meta property=\"og:site_name\" content=\"Ag\u00eancia iNFRA\" \/>\n<meta property=\"article:publisher\" content=\"https:\/\/www.facebook.com\/ageninfra\" \/>\n<meta property=\"article:published_time\" content=\"2025-08-05T21:00:54+00:00\" \/>\n<meta property=\"article:modified_time\" content=\"2025-08-05T21:00:56+00:00\" \/>\n<meta property=\"og:image\" content=\"https:\/\/agenciainfra.com\/blog\/wp-content\/uploads\/2024\/07\/predio-fachada-tcu-foto-agencia-senado-leopoldo-silva-3.jpg\" \/>\n\t<meta property=\"og:image:width\" content=\"1202\" \/>\n\t<meta property=\"og:image:height\" content=\"800\" \/>\n\t<meta property=\"og:image:type\" content=\"image\/jpeg\" \/>\n<meta name=\"author\" content=\"Ag\u00eancia iNFRA\" \/>\n<meta name=\"twitter:card\" content=\"summary_large_image\" \/>\n<meta name=\"twitter:creator\" content=\"@agencia_infra\" \/>\n<meta name=\"twitter:site\" content=\"@agencia_infra\" \/>\n<meta name=\"twitter:label1\" content=\"Escrito por\" \/>\n\t<meta name=\"twitter:data1\" content=\"Ag\u00eancia iNFRA\" \/>\n\t<meta name=\"twitter:label2\" content=\"Est. tempo de leitura\" \/>\n\t<meta name=\"twitter:data2\" content=\"2 minutos\" \/>\n<script type=\"application\/ld+json\" class=\"yoast-schema-graph\">{\"@context\":\"https:\/\/schema.org\",\"@graph\":[{\"@type\":\"Article\",\"@id\":\"https:\/\/agenciainfra.com\/blog\/falta-ao-brasil-marco-legal-para-implementar-sistema-de-contas-economicas-ambientais-diz-tcu\/#article\",\"isPartOf\":{\"@id\":\"https:\/\/agenciainfra.com\/blog\/falta-ao-brasil-marco-legal-para-implementar-sistema-de-contas-economicas-ambientais-diz-tcu\/\"},\"author\":{\"name\":\"Ag\u00eancia iNFRA\",\"@id\":\"https:\/\/agenciainfra.com\/blog\/#\/schema\/person\/34af08dff6adea4cb22b06612ba7acfa\"},\"headline\":\"Falta ao Brasil marco legal para implementar sistema de contas econ\u00f4micas ambientais, diz TCU\",\"datePublished\":\"2025-08-05T21:00:54+00:00\",\"dateModified\":\"2025-08-05T21:00:56+00:00\",\"mainEntityOfPage\":{\"@id\":\"https:\/\/agenciainfra.com\/blog\/falta-ao-brasil-marco-legal-para-implementar-sistema-de-contas-economicas-ambientais-diz-tcu\/\"},\"wordCount\":399,\"publisher\":{\"@id\":\"https:\/\/agenciainfra.com\/blog\/#organization\"},\"keywords\":[\"Augusto Nardes\",\"contas econ\u00f4micas ambientais\",\"TCU\"],\"articleSection\":[\"Geral\",\"Giro iNFRA\"],\"inLanguage\":\"pt-BR\",\"copyrightYear\":\"2025\",\"copyrightHolder\":{\"@id\":\"https:\/\/agenciainfra.com\/blog\/#organization\"}},{\"@type\":\"WebPage\",\"@id\":\"https:\/\/agenciainfra.com\/blog\/falta-ao-brasil-marco-legal-para-implementar-sistema-de-contas-economicas-ambientais-diz-tcu\/\",\"url\":\"https:\/\/agenciainfra.com\/blog\/falta-ao-brasil-marco-legal-para-implementar-sistema-de-contas-economicas-ambientais-diz-tcu\/\",\"name\":\"Falta ao Brasil marco legal para implementar sistema de contas econ\u00f4micas ambientais, diz TCU - Ag\u00eancia iNFRA\",\"isPartOf\":{\"@id\":\"https:\/\/agenciainfra.com\/blog\/#website\"},\"datePublished\":\"2025-08-05T21:00:54+00:00\",\"dateModified\":\"2025-08-05T21:00:56+00:00\",\"breadcrumb\":{\"@id\":\"https:\/\/agenciainfra.com\/blog\/falta-ao-brasil-marco-legal-para-implementar-sistema-de-contas-economicas-ambientais-diz-tcu\/#breadcrumb\"},\"inLanguage\":\"pt-BR\",\"potentialAction\":[{\"@type\":\"ReadAction\",\"target\":[\"https:\/\/agenciainfra.com\/blog\/falta-ao-brasil-marco-legal-para-implementar-sistema-de-contas-economicas-ambientais-diz-tcu\/\"]}]},{\"@type\":\"BreadcrumbList\",\"@id\":\"https:\/\/agenciainfra.com\/blog\/falta-ao-brasil-marco-legal-para-implementar-sistema-de-contas-economicas-ambientais-diz-tcu\/#breadcrumb\",\"itemListElement\":[{\"@type\":\"ListItem\",\"position\":1,\"name\":\"In\u00edcio\",\"item\":\"https:\/\/agenciainfra.com\/blog\/\"},{\"@type\":\"ListItem\",\"position\":2,\"name\":\"Falta ao Brasil marco legal para implementar sistema de contas econ\u00f4micas ambientais, diz TCU\"}]},{\"@type\":\"WebSite\",\"@id\":\"https:\/\/agenciainfra.com\/blog\/#website\",\"url\":\"https:\/\/agenciainfra.com\/blog\/\",\"name\":\"Ag\u00eancia iNFRA\",\"description\":\"Multiplataforma de informa\u00e7\u00e3o jornal\u00edstica refer\u00eancia na \u00e1rea de infraestrutura no Brasil!\",\"publisher\":{\"@id\":\"https:\/\/agenciainfra.com\/blog\/#organization\"},\"potentialAction\":[{\"@type\":\"SearchAction\",\"target\":{\"@type\":\"EntryPoint\",\"urlTemplate\":\"https:\/\/agenciainfra.com\/blog\/?s={search_term_string}\"},\"query-input\":{\"@type\":\"PropertyValueSpecification\",\"valueRequired\":true,\"valueName\":\"search_term_string\"}}],\"inLanguage\":\"pt-BR\"},{\"@type\":\"Organization\",\"@id\":\"https:\/\/agenciainfra.com\/blog\/#organization\",\"name\":\"Ag\u00eancia iNFRA\",\"url\":\"https:\/\/agenciainfra.com\/blog\/\",\"logo\":{\"@type\":\"ImageObject\",\"inLanguage\":\"pt-BR\",\"@id\":\"https:\/\/agenciainfra.com\/blog\/#\/schema\/logo\/image\/\",\"url\":\"https:\/\/agenciainfra.com\/blog\/wp-content\/uploads\/2023\/09\/iNFRA_5-e1761735885940.png\",\"contentUrl\":\"https:\/\/agenciainfra.com\/blog\/wp-content\/uploads\/2023\/09\/iNFRA_5-e1761735885940.png\",\"width\":1672,\"height\":454,\"caption\":\"Ag\u00eancia iNFRA\"},\"image\":{\"@id\":\"https:\/\/agenciainfra.com\/blog\/#\/schema\/logo\/image\/\"},\"sameAs\":[\"https:\/\/www.facebook.com\/ageninfra\",\"https:\/\/x.com\/agencia_infra\",\"https:\/\/www.linkedin.com\/company\/ag\u00eanciainfra\/\",\"https:\/\/www.instagram.com\/agenciainfra\/\"]},{\"@type\":\"Person\",\"@id\":\"https:\/\/agenciainfra.com\/blog\/#\/schema\/person\/34af08dff6adea4cb22b06612ba7acfa\",\"name\":\"Ag\u00eancia iNFRA\",\"image\":{\"@type\":\"ImageObject\",\"inLanguage\":\"pt-BR\",\"@id\":\"https:\/\/agenciainfra.com\/blog\/#\/schema\/person\/image\/\",\"url\":\"https:\/\/secure.gravatar.com\/avatar\/d189e01678f06d8eb84d4e01f08eb848b3fffe3f8443818d3c356c66892f5be8?s=96&d=mm&r=g\",\"contentUrl\":\"https:\/\/secure.gravatar.com\/avatar\/d189e01678f06d8eb84d4e01f08eb848b3fffe3f8443818d3c356c66892f5be8?s=96&d=mm&r=g\",\"caption\":\"Ag\u00eancia iNFRA\"},\"url\":\"https:\/\/agenciainfra.com\/blog\/author\/admin\/\"}]}<\/script>\n<!-- \/ Yoast SEO Premium plugin. -->","yoast_head_json":{"title":"Falta ao Brasil marco legal para implementar sistema de contas econ\u00f4micas ambientais, diz TCU - Ag\u00eancia iNFRA","robots":{"index":"index","follow":"follow","max-snippet":"max-snippet:-1","max-image-preview":"max-image-preview:large","max-video-preview":"max-video-preview:-1"},"canonical":"https:\/\/agenciainfra.com\/blog\/falta-ao-brasil-marco-legal-para-implementar-sistema-de-contas-economicas-ambientais-diz-tcu\/","og_locale":"pt_BR","og_type":"article","og_title":"Falta ao Brasil marco legal para implementar sistema de contas econ\u00f4micas ambientais, diz TCU","og_description":"da Ag\u00eancia iNFRA O TCU (Tribunal de Contas da Uni\u00e3o) analisou, sob a relatoria do ministro Augusto Nardes, relat\u00f3rio de auditoria operacional para avaliar as a\u00e7\u00f5es do governo federal para a efetiva implementa\u00e7\u00e3o das contas econ\u00f4micas ambientais no Brasil, analisando as estruturas de governan\u00e7a, a atua\u00e7\u00e3o dos principais atores envolvidos e o arcabou\u00e7o legal. As [&hellip;]","og_url":"https:\/\/agenciainfra.com\/blog\/falta-ao-brasil-marco-legal-para-implementar-sistema-de-contas-economicas-ambientais-diz-tcu\/","og_site_name":"Ag\u00eancia iNFRA","article_publisher":"https:\/\/www.facebook.com\/ageninfra","article_published_time":"2025-08-05T21:00:54+00:00","article_modified_time":"2025-08-05T21:00:56+00:00","og_image":[{"width":1202,"height":800,"url":"https:\/\/agenciainfra.com\/blog\/wp-content\/uploads\/2024\/07\/predio-fachada-tcu-foto-agencia-senado-leopoldo-silva-3.jpg","type":"image\/jpeg"}],"author":"Ag\u00eancia iNFRA","twitter_card":"summary_large_image","twitter_creator":"@agencia_infra","twitter_site":"@agencia_infra","twitter_misc":{"Escrito por":"Ag\u00eancia iNFRA","Est. tempo de leitura":"2 minutos"},"schema":{"@context":"https:\/\/schema.org","@graph":[{"@type":"Article","@id":"https:\/\/agenciainfra.com\/blog\/falta-ao-brasil-marco-legal-para-implementar-sistema-de-contas-economicas-ambientais-diz-tcu\/#article","isPartOf":{"@id":"https:\/\/agenciainfra.com\/blog\/falta-ao-brasil-marco-legal-para-implementar-sistema-de-contas-economicas-ambientais-diz-tcu\/"},"author":{"name":"Ag\u00eancia iNFRA","@id":"https:\/\/agenciainfra.com\/blog\/#\/schema\/person\/34af08dff6adea4cb22b06612ba7acfa"},"headline":"Falta ao Brasil marco legal para implementar sistema de contas econ\u00f4micas ambientais, diz TCU","datePublished":"2025-08-05T21:00:54+00:00","dateModified":"2025-08-05T21:00:56+00:00","mainEntityOfPage":{"@id":"https:\/\/agenciainfra.com\/blog\/falta-ao-brasil-marco-legal-para-implementar-sistema-de-contas-economicas-ambientais-diz-tcu\/"},"wordCount":399,"publisher":{"@id":"https:\/\/agenciainfra.com\/blog\/#organization"},"keywords":["Augusto Nardes","contas econ\u00f4micas ambientais","TCU"],"articleSection":["Geral","Giro iNFRA"],"inLanguage":"pt-BR","copyrightYear":"2025","copyrightHolder":{"@id":"https:\/\/agenciainfra.com\/blog\/#organization"}},{"@type":"WebPage","@id":"https:\/\/agenciainfra.com\/blog\/falta-ao-brasil-marco-legal-para-implementar-sistema-de-contas-economicas-ambientais-diz-tcu\/","url":"https:\/\/agenciainfra.com\/blog\/falta-ao-brasil-marco-legal-para-implementar-sistema-de-contas-economicas-ambientais-diz-tcu\/","name":"Falta ao Brasil marco legal para implementar sistema de contas econ\u00f4micas ambientais, diz TCU - Ag\u00eancia iNFRA","isPartOf":{"@id":"https:\/\/agenciainfra.com\/blog\/#website"},"datePublished":"2025-08-05T21:00:54+00:00","dateModified":"2025-08-05T21:00:56+00:00","breadcrumb":{"@id":"https:\/\/agenciainfra.com\/blog\/falta-ao-brasil-marco-legal-para-implementar-sistema-de-contas-economicas-ambientais-diz-tcu\/#breadcrumb"},"inLanguage":"pt-BR","potentialAction":[{"@type":"ReadAction","target":["https:\/\/agenciainfra.com\/blog\/falta-ao-brasil-marco-legal-para-implementar-sistema-de-contas-economicas-ambientais-diz-tcu\/"]}]},{"@type":"BreadcrumbList","@id":"https:\/\/agenciainfra.com\/blog\/falta-ao-brasil-marco-legal-para-implementar-sistema-de-contas-economicas-ambientais-diz-tcu\/#breadcrumb","itemListElement":[{"@type":"ListItem","position":1,"name":"In\u00edcio","item":"https:\/\/agenciainfra.com\/blog\/"},{"@type":"ListItem","position":2,"name":"Falta ao Brasil marco legal para implementar sistema de contas econ\u00f4micas ambientais, diz TCU"}]},{"@type":"WebSite","@id":"https:\/\/agenciainfra.com\/blog\/#website","url":"https:\/\/agenciainfra.com\/blog\/","name":"Ag\u00eancia iNFRA","description":"Multiplataforma de informa\u00e7\u00e3o jornal\u00edstica refer\u00eancia na \u00e1rea de infraestrutura no Brasil!","publisher":{"@id":"https:\/\/agenciainfra.com\/blog\/#organization"},"potentialAction":[{"@type":"SearchAction","target":{"@type":"EntryPoint","urlTemplate":"https:\/\/agenciainfra.com\/blog\/?s={search_term_string}"},"query-input":{"@type":"PropertyValueSpecification","valueRequired":true,"valueName":"search_term_string"}}],"inLanguage":"pt-BR"},{"@type":"Organization","@id":"https:\/\/agenciainfra.com\/blog\/#organization","name":"Ag\u00eancia iNFRA","url":"https:\/\/agenciainfra.com\/blog\/","logo":{"@type":"ImageObject","inLanguage":"pt-BR","@id":"https:\/\/agenciainfra.com\/blog\/#\/schema\/logo\/image\/","url":"https:\/\/agenciainfra.com\/blog\/wp-content\/uploads\/2023\/09\/iNFRA_5-e1761735885940.png","contentUrl":"https:\/\/agenciainfra.com\/blog\/wp-content\/uploads\/2023\/09\/iNFRA_5-e1761735885940.png","width":1672,"height":454,"caption":"Ag\u00eancia iNFRA"},"image":{"@id":"https:\/\/agenciainfra.com\/blog\/#\/schema\/logo\/image\/"},"sameAs":["https:\/\/www.facebook.com\/ageninfra","https:\/\/x.com\/agencia_infra","https:\/\/www.linkedin.com\/company\/ag\u00eanciainfra\/","https:\/\/www.instagram.com\/agenciainfra\/"]},{"@type":"Person","@id":"https:\/\/agenciainfra.com\/blog\/#\/schema\/person\/34af08dff6adea4cb22b06612ba7acfa","name":"Ag\u00eancia iNFRA","image":{"@type":"ImageObject","inLanguage":"pt-BR","@id":"https:\/\/agenciainfra.com\/blog\/#\/schema\/person\/image\/","url":"https:\/\/secure.gravatar.com\/avatar\/d189e01678f06d8eb84d4e01f08eb848b3fffe3f8443818d3c356c66892f5be8?s=96&d=mm&r=g","contentUrl":"https:\/\/secure.gravatar.com\/avatar\/d189e01678f06d8eb84d4e01f08eb848b3fffe3f8443818d3c356c66892f5be8?s=96&d=mm&r=g","caption":"Ag\u00eancia iNFRA"},"url":"https:\/\/agenciainfra.com\/blog\/author\/admin\/"}]}},"_links":{"self":[{"href":"https:\/\/agenciainfra.com\/blog\/wp-json\/wp\/v2\/posts\/25851","targetHints":{"allow":["GET"]}}],"collection":[{"href":"https:\/\/agenciainfra.com\/blog\/wp-json\/wp\/v2\/posts"}],"about":[{"href":"https:\/\/agenciainfra.com\/blog\/wp-json\/wp\/v2\/types\/post"}],"author":[{"embeddable":true,"href":"https:\/\/agenciainfra.com\/blog\/wp-json\/wp\/v2\/users\/1"}],"replies":[{"embeddable":true,"href":"https:\/\/agenciainfra.com\/blog\/wp-json\/wp\/v2\/comments?post=25851"}],"version-history":[{"count":1,"href":"https:\/\/agenciainfra.com\/blog\/wp-json\/wp\/v2\/posts\/25851\/revisions"}],"predecessor-version":[{"id":25852,"href":"https:\/\/agenciainfra.com\/blog\/wp-json\/wp\/v2\/posts\/25851\/revisions\/25852"}],"wp:attachment":[{"href":"https:\/\/agenciainfra.com\/blog\/wp-json\/wp\/v2\/media?parent=25851"}],"wp:term":[{"taxonomy":"category","embeddable":true,"href":"https:\/\/agenciainfra.com\/blog\/wp-json\/wp\/v2\/categories?post=25851"},{"taxonomy":"post_tag","embeddable":true,"href":"https:\/\/agenciainfra.com\/blog\/wp-json\/wp\/v2\/tags?post=25851"}],"curies":[{"name":"wp","href":"https:\/\/api.w.org\/{rel}","templated":true}]}}