{"id":2587,"date":"2018-11-03T05:00:46","date_gmt":"2018-11-03T08:00:46","guid":{"rendered":"http:\/\/www.agenciainfra.com\/blog\/?p=2587"},"modified":"2018-11-01T16:59:28","modified_gmt":"2018-11-01T19:59:28","slug":"comissao-especial-aprova-mp-do-saneamento-no-congresso","status":"publish","type":"post","link":"https:\/\/agenciainfra.com\/blog\/comissao-especial-aprova-mp-do-saneamento-no-congresso\/","title":{"rendered":"Comiss\u00e3o Especial aprova MP do Saneamento no Congresso"},"content":{"rendered":"<div>\n<div style=\"text-align: right;\"><strong>Bernardo Gonzaga, da Ag\u00eancia iNFRA<\/strong><\/div>\n<p>Ap\u00f3s uma tarde inteira tentando votar a MP (Medida Provis\u00f3ria) 844, que trata do marco legal do saneamento b\u00e1sico no Brasil, somente \u00e0 20h30 dessa quarta-feira (31) deputados e senadores conseguiram aprovar a medida na comiss\u00e3o de an\u00e1lise pr\u00e9via. Isso porque a vota\u00e7\u00e3o foi atrasada pelo in\u00edcio da ordem do dia no Senado e por recursos da oposi\u00e7\u00e3o a fim de travar a vota\u00e7\u00e3o.<\/p>\n<p>A MP, que vence dia 19 de novembro, segue agora para o plen\u00e1rio da C\u00e2mara. Se aprovada, precisa ser referendada tamb\u00e9m pelo Senado sem altera\u00e7\u00f5es para seguir para san\u00e7\u00e3o presidencial.<\/p>\n<p>Pelo texto da mat\u00e9ria, fica atribu\u00eddo \u00e0 ANA (Ag\u00eancia Nacional de \u00c1guas) a compet\u00eancia para editar normas de refer\u00eancias nacionais sobre o servi\u00e7o de saneamento e aprimorar as condi\u00e7\u00f5es estruturais do saneamento b\u00e1sico no Brasil.<\/p>\n<p>O principal empecilho para aprovar o texto na comiss\u00e3o foi o artigo 10-A. Pelo texto, o munic\u00edpio poder\u00e1 fazer um chamamento p\u00fablico sem necessidade de licita\u00e7\u00e3o para &#8220;angariar proposta de manifesta\u00e7\u00e3o de interesse mais eficiente e vantajosa para a presta\u00e7\u00e3o descentralizada dos servi\u00e7os p\u00fablicos de saneamento\u201d.<\/p>\n<p>Segundo entidades ouvidas pela\u00a0<strong>Ag\u00eancia iNFRA<\/strong>, essa medida coloca os munic\u00edpios &#8220;em extremo risco\u201d e s\u00f3 o setor privado se beneficiaria dela. Para o diretor-presidente da AESBE (Associa\u00e7\u00e3o Brasileira das Empresas de Saneamento Estaduais), Roberto Tavares, esse artigo anula a economia de escala e o subs\u00eddio cruzado, que, na vis\u00e3o dele, s\u00e3o fundamentais ao setor, j\u00e1 que nem todas as cidades apresentam condi\u00e7\u00f5es lucrativas \u00e0s empresas.<\/p>\n<p>Dessa maneira, pelo texto do artigo, se aprovado, os munic\u00edpios que n\u00e3o forem do interesse da iniciativa privada, continuar\u00e3o com as empresas estaduais e gerando preju\u00edzos, na vis\u00e3o da associa\u00e7\u00e3o. \u201cSomos contra o projeto, mas se tirar o artigo 10-A, a gente conversa\u201d, disse Tavares.<\/p>\n<p>O deputado Glauber Braga (PSOL-RJ) disse que n\u00e3o haver\u00e1\u00a0acordo com o governo e que o objetivo \u00e9 barrar o projeto por completo. Segundo o Braga, o texto foi votado sem discuss\u00e3o, pois se a popula\u00e7\u00e3o brasileira souber o que est\u00e1 tramitando, vai se manifestar contra. \u201cQuerem votar na calada da noite sem dialogar com o conjunto da popula\u00e7\u00e3o brasileira\u201d, disse.<\/p>\n<p><strong>Quem \u00e9 a favor<\/strong><br \/>\nPara a ABICOM (Associa\u00e7\u00e3o Brasileira das Concession\u00e1rias Privadas do Saneamento B\u00e1sico), n\u00e3o \u00e9 verdade que o sistema atual de subs\u00eddio cruzado precisa ser preservado para garantir rentabilidade \u00e0s companhias p\u00fablicas, uma vez que, atualmente, as cidades pobres continuam sem condi\u00e7\u00f5es adequadas de saneamento mesmo ap\u00f3s 40 anos de subs\u00eddio cruzado.<\/p>\n<p>Al\u00e9m disso, ainda segundo a entidade, todos os contratos estabelecidos com concession\u00e1rias privadas contam com o benef\u00edcio da \u201ctarifa social\u201d para popula\u00e7\u00f5es carentes, o que beneficiaria a popula\u00e7\u00e3o que hoje n\u00e3o \u00e9 bem atendida pelo setor p\u00fablico.<\/p>\n<p>O deputado Leonardo Quint\u00e3o (MDB-MG), um dos entusiastas da medida, disse que\u00a0o atual sistema de saneamento est\u00e1 falido e que h\u00e1, hoje, 15 mil mortes\/ano por falta de\u00a0 tratamento b\u00e1sico de \u00e1gua e esgoto no pa\u00eds. \u201cOs estados precisam de alternativas para trazer recursos em saneamento b\u00e1sico. Isso aqui vai salvar milh\u00f5es de vidas no Brasil\u201d, disse ao defender o relat\u00f3rio do senador Valdir Raupp (MDB-RO).<\/p>\n<\/div>\n","protected":false},"excerpt":{"rendered":"<p>Bernardo Gonzaga, da Ag\u00eancia iNFRA Ap\u00f3s uma tarde inteira tentando votar a MP (Medida Provis\u00f3ria) 844, que trata do marco legal do saneamento b\u00e1sico no Brasil, somente \u00e0 20h30 dessa quarta-feira (31) deputados e senadores conseguiram aprovar a medida na comiss\u00e3o de an\u00e1lise pr\u00e9via. Isso porque a vota\u00e7\u00e3o foi atrasada pelo in\u00edcio da ordem do [&hellip;]<\/p>\n","protected":false},"author":1,"featured_media":2121,"comment_status":"closed","ping_status":"open","sticky":false,"template":"","format":"standard","meta":{"_monsterinsights_skip_tracking":false,"_monsterinsights_sitenote_active":false,"_monsterinsights_sitenote_note":"","_monsterinsights_sitenote_category":0,"footnotes":""},"categories":[7],"tags":[660,22,661,34,626,179],"class_list":["post-2587","post","type-post","status-publish","format-standard","has-post-thumbnail","hentry","category-infratransporte","tag-agua","tag-concessao","tag-esgoto","tag-infraestrutura","tag-mp-844","tag-saneamento"],"yoast_head":"<!-- This site is optimized with the Yoast SEO Premium plugin v25.4 (Yoast SEO v26.0) - https:\/\/yoast.com\/wordpress\/plugins\/seo\/ -->\n<title>Comiss\u00e3o Especial aprova MP do Saneamento no Congresso - Ag\u00eancia iNFRA<\/title>\n<meta name=\"robots\" content=\"index, follow, max-snippet:-1, max-image-preview:large, max-video-preview:-1\" \/>\n<link rel=\"canonical\" href=\"https:\/\/agenciainfra.com\/blog\/comissao-especial-aprova-mp-do-saneamento-no-congresso\/\" \/>\n<meta property=\"og:locale\" content=\"pt_BR\" \/>\n<meta property=\"og:type\" content=\"article\" \/>\n<meta property=\"og:title\" content=\"Comiss\u00e3o Especial aprova MP do Saneamento no Congresso\" \/>\n<meta property=\"og:description\" content=\"Bernardo Gonzaga, da Ag\u00eancia iNFRA Ap\u00f3s uma tarde inteira tentando votar a MP (Medida Provis\u00f3ria) 844, que trata do marco legal do saneamento b\u00e1sico no Brasil, somente \u00e0 20h30 dessa quarta-feira (31) deputados e senadores conseguiram aprovar a medida na comiss\u00e3o de an\u00e1lise pr\u00e9via. Isso porque a vota\u00e7\u00e3o foi atrasada pelo in\u00edcio da ordem do [&hellip;]\" \/>\n<meta property=\"og:url\" content=\"https:\/\/agenciainfra.com\/blog\/comissao-especial-aprova-mp-do-saneamento-no-congresso\/\" \/>\n<meta property=\"og:site_name\" content=\"Ag\u00eancia iNFRA\" \/>\n<meta property=\"article:publisher\" content=\"https:\/\/www.facebook.com\/ageninfra\" \/>\n<meta property=\"article:published_time\" content=\"2018-11-03T08:00:46+00:00\" \/>\n<meta property=\"og:image\" content=\"https:\/\/agenciainfra.com\/blog\/wp-content\/uploads\/2018\/07\/camara_divulgacao_camara-1.jpg\" \/>\n\t<meta property=\"og:image:width\" content=\"2003\" \/>\n\t<meta property=\"og:image:height\" content=\"1312\" \/>\n\t<meta property=\"og:image:type\" content=\"image\/jpeg\" \/>\n<meta name=\"author\" content=\"Ag\u00eancia iNFRA\" \/>\n<meta name=\"twitter:card\" content=\"summary_large_image\" \/>\n<meta name=\"twitter:creator\" content=\"@agencia_infra\" \/>\n<meta name=\"twitter:site\" content=\"@agencia_infra\" \/>\n<meta name=\"twitter:label1\" content=\"Escrito por\" \/>\n\t<meta name=\"twitter:data1\" content=\"Ag\u00eancia iNFRA\" \/>\n\t<meta name=\"twitter:label2\" content=\"Est. tempo de leitura\" \/>\n\t<meta name=\"twitter:data2\" content=\"3 minutos\" \/>\n<script type=\"application\/ld+json\" class=\"yoast-schema-graph\">{\"@context\":\"https:\/\/schema.org\",\"@graph\":[{\"@type\":\"Article\",\"@id\":\"https:\/\/agenciainfra.com\/blog\/comissao-especial-aprova-mp-do-saneamento-no-congresso\/#article\",\"isPartOf\":{\"@id\":\"https:\/\/agenciainfra.com\/blog\/comissao-especial-aprova-mp-do-saneamento-no-congresso\/\"},\"author\":{\"name\":\"Ag\u00eancia iNFRA\",\"@id\":\"https:\/\/agenciainfra.com\/blog\/#\/schema\/person\/34af08dff6adea4cb22b06612ba7acfa\"},\"headline\":\"Comiss\u00e3o Especial aprova MP do Saneamento no Congresso\",\"datePublished\":\"2018-11-03T08:00:46+00:00\",\"mainEntityOfPage\":{\"@id\":\"https:\/\/agenciainfra.com\/blog\/comissao-especial-aprova-mp-do-saneamento-no-congresso\/\"},\"wordCount\":580,\"publisher\":{\"@id\":\"https:\/\/agenciainfra.com\/blog\/#organization\"},\"image\":{\"@id\":\"https:\/\/agenciainfra.com\/blog\/comissao-especial-aprova-mp-do-saneamento-no-congresso\/#primaryimage\"},\"thumbnailUrl\":\"https:\/\/agenciainfra.com\/blog\/wp-content\/uploads\/2018\/07\/camara_divulgacao_camara-1.jpg\",\"keywords\":[\"\u00e1gua\",\"Concess\u00e3o\",\"esgoto\",\"Infraestrutura\",\"MP 844\",\"saneamento\"],\"articleSection\":[\"iNFRATransporte\"],\"inLanguage\":\"pt-BR\",\"copyrightYear\":\"2018\",\"copyrightHolder\":{\"@id\":\"https:\/\/agenciainfra.com\/blog\/#organization\"}},{\"@type\":\"WebPage\",\"@id\":\"https:\/\/agenciainfra.com\/blog\/comissao-especial-aprova-mp-do-saneamento-no-congresso\/\",\"url\":\"https:\/\/agenciainfra.com\/blog\/comissao-especial-aprova-mp-do-saneamento-no-congresso\/\",\"name\":\"Comiss\u00e3o Especial aprova MP do Saneamento no Congresso - Ag\u00eancia iNFRA\",\"isPartOf\":{\"@id\":\"https:\/\/agenciainfra.com\/blog\/#website\"},\"primaryImageOfPage\":{\"@id\":\"https:\/\/agenciainfra.com\/blog\/comissao-especial-aprova-mp-do-saneamento-no-congresso\/#primaryimage\"},\"image\":{\"@id\":\"https:\/\/agenciainfra.com\/blog\/comissao-especial-aprova-mp-do-saneamento-no-congresso\/#primaryimage\"},\"thumbnailUrl\":\"https:\/\/agenciainfra.com\/blog\/wp-content\/uploads\/2018\/07\/camara_divulgacao_camara-1.jpg\",\"datePublished\":\"2018-11-03T08:00:46+00:00\",\"breadcrumb\":{\"@id\":\"https:\/\/agenciainfra.com\/blog\/comissao-especial-aprova-mp-do-saneamento-no-congresso\/#breadcrumb\"},\"inLanguage\":\"pt-BR\",\"potentialAction\":[{\"@type\":\"ReadAction\",\"target\":[\"https:\/\/agenciainfra.com\/blog\/comissao-especial-aprova-mp-do-saneamento-no-congresso\/\"]}]},{\"@type\":\"ImageObject\",\"inLanguage\":\"pt-BR\",\"@id\":\"https:\/\/agenciainfra.com\/blog\/comissao-especial-aprova-mp-do-saneamento-no-congresso\/#primaryimage\",\"url\":\"https:\/\/agenciainfra.com\/blog\/wp-content\/uploads\/2018\/07\/camara_divulgacao_camara-1.jpg\",\"contentUrl\":\"https:\/\/agenciainfra.com\/blog\/wp-content\/uploads\/2018\/07\/camara_divulgacao_camara-1.jpg\",\"width\":2003,\"height\":1312},{\"@type\":\"BreadcrumbList\",\"@id\":\"https:\/\/agenciainfra.com\/blog\/comissao-especial-aprova-mp-do-saneamento-no-congresso\/#breadcrumb\",\"itemListElement\":[{\"@type\":\"ListItem\",\"position\":1,\"name\":\"In\u00edcio\",\"item\":\"https:\/\/agenciainfra.com\/blog\/\"},{\"@type\":\"ListItem\",\"position\":2,\"name\":\"Comiss\u00e3o Especial aprova MP do Saneamento no Congresso\"}]},{\"@type\":\"WebSite\",\"@id\":\"https:\/\/agenciainfra.com\/blog\/#website\",\"url\":\"https:\/\/agenciainfra.com\/blog\/\",\"name\":\"Ag\u00eancia iNFRA\",\"description\":\"Multiplataforma de informa\u00e7\u00e3o jornal\u00edstica refer\u00eancia na \u00e1rea de infraestrutura no Brasil!\",\"publisher\":{\"@id\":\"https:\/\/agenciainfra.com\/blog\/#organization\"},\"potentialAction\":[{\"@type\":\"SearchAction\",\"target\":{\"@type\":\"EntryPoint\",\"urlTemplate\":\"https:\/\/agenciainfra.com\/blog\/?s={search_term_string}\"},\"query-input\":{\"@type\":\"PropertyValueSpecification\",\"valueRequired\":true,\"valueName\":\"search_term_string\"}}],\"inLanguage\":\"pt-BR\"},{\"@type\":\"Organization\",\"@id\":\"https:\/\/agenciainfra.com\/blog\/#organization\",\"name\":\"Ag\u00eancia iNFRA\",\"url\":\"https:\/\/agenciainfra.com\/blog\/\",\"logo\":{\"@type\":\"ImageObject\",\"inLanguage\":\"pt-BR\",\"@id\":\"https:\/\/agenciainfra.com\/blog\/#\/schema\/logo\/image\/\",\"url\":\"https:\/\/agenciainfra.com\/blog\/wp-content\/uploads\/2023\/09\/iNFRA_5-e1761735885940.png\",\"contentUrl\":\"https:\/\/agenciainfra.com\/blog\/wp-content\/uploads\/2023\/09\/iNFRA_5-e1761735885940.png\",\"width\":1672,\"height\":454,\"caption\":\"Ag\u00eancia iNFRA\"},\"image\":{\"@id\":\"https:\/\/agenciainfra.com\/blog\/#\/schema\/logo\/image\/\"},\"sameAs\":[\"https:\/\/www.facebook.com\/ageninfra\",\"https:\/\/x.com\/agencia_infra\",\"https:\/\/www.linkedin.com\/company\/ag\u00eanciainfra\/\",\"https:\/\/www.instagram.com\/agenciainfra\/\"]},{\"@type\":\"Person\",\"@id\":\"https:\/\/agenciainfra.com\/blog\/#\/schema\/person\/34af08dff6adea4cb22b06612ba7acfa\",\"name\":\"Ag\u00eancia iNFRA\",\"image\":{\"@type\":\"ImageObject\",\"inLanguage\":\"pt-BR\",\"@id\":\"https:\/\/agenciainfra.com\/blog\/#\/schema\/person\/image\/\",\"url\":\"https:\/\/secure.gravatar.com\/avatar\/d189e01678f06d8eb84d4e01f08eb848b3fffe3f8443818d3c356c66892f5be8?s=96&d=mm&r=g\",\"contentUrl\":\"https:\/\/secure.gravatar.com\/avatar\/d189e01678f06d8eb84d4e01f08eb848b3fffe3f8443818d3c356c66892f5be8?s=96&d=mm&r=g\",\"caption\":\"Ag\u00eancia iNFRA\"},\"url\":\"https:\/\/agenciainfra.com\/blog\/author\/admin\/\"}]}<\/script>\n<!-- \/ Yoast SEO Premium plugin. -->","yoast_head_json":{"title":"Comiss\u00e3o Especial aprova MP do Saneamento no Congresso - Ag\u00eancia iNFRA","robots":{"index":"index","follow":"follow","max-snippet":"max-snippet:-1","max-image-preview":"max-image-preview:large","max-video-preview":"max-video-preview:-1"},"canonical":"https:\/\/agenciainfra.com\/blog\/comissao-especial-aprova-mp-do-saneamento-no-congresso\/","og_locale":"pt_BR","og_type":"article","og_title":"Comiss\u00e3o Especial aprova MP do Saneamento no Congresso","og_description":"Bernardo Gonzaga, da Ag\u00eancia iNFRA Ap\u00f3s uma tarde inteira tentando votar a MP (Medida Provis\u00f3ria) 844, que trata do marco legal do saneamento b\u00e1sico no Brasil, somente \u00e0 20h30 dessa quarta-feira (31) deputados e senadores conseguiram aprovar a medida na comiss\u00e3o de an\u00e1lise pr\u00e9via. Isso porque a vota\u00e7\u00e3o foi atrasada pelo in\u00edcio da ordem do [&hellip;]","og_url":"https:\/\/agenciainfra.com\/blog\/comissao-especial-aprova-mp-do-saneamento-no-congresso\/","og_site_name":"Ag\u00eancia iNFRA","article_publisher":"https:\/\/www.facebook.com\/ageninfra","article_published_time":"2018-11-03T08:00:46+00:00","og_image":[{"width":2003,"height":1312,"url":"https:\/\/agenciainfra.com\/blog\/wp-content\/uploads\/2018\/07\/camara_divulgacao_camara-1.jpg","type":"image\/jpeg"}],"author":"Ag\u00eancia iNFRA","twitter_card":"summary_large_image","twitter_creator":"@agencia_infra","twitter_site":"@agencia_infra","twitter_misc":{"Escrito por":"Ag\u00eancia iNFRA","Est. tempo de leitura":"3 minutos"},"schema":{"@context":"https:\/\/schema.org","@graph":[{"@type":"Article","@id":"https:\/\/agenciainfra.com\/blog\/comissao-especial-aprova-mp-do-saneamento-no-congresso\/#article","isPartOf":{"@id":"https:\/\/agenciainfra.com\/blog\/comissao-especial-aprova-mp-do-saneamento-no-congresso\/"},"author":{"name":"Ag\u00eancia iNFRA","@id":"https:\/\/agenciainfra.com\/blog\/#\/schema\/person\/34af08dff6adea4cb22b06612ba7acfa"},"headline":"Comiss\u00e3o Especial aprova MP do Saneamento no Congresso","datePublished":"2018-11-03T08:00:46+00:00","mainEntityOfPage":{"@id":"https:\/\/agenciainfra.com\/blog\/comissao-especial-aprova-mp-do-saneamento-no-congresso\/"},"wordCount":580,"publisher":{"@id":"https:\/\/agenciainfra.com\/blog\/#organization"},"image":{"@id":"https:\/\/agenciainfra.com\/blog\/comissao-especial-aprova-mp-do-saneamento-no-congresso\/#primaryimage"},"thumbnailUrl":"https:\/\/agenciainfra.com\/blog\/wp-content\/uploads\/2018\/07\/camara_divulgacao_camara-1.jpg","keywords":["\u00e1gua","Concess\u00e3o","esgoto","Infraestrutura","MP 844","saneamento"],"articleSection":["iNFRATransporte"],"inLanguage":"pt-BR","copyrightYear":"2018","copyrightHolder":{"@id":"https:\/\/agenciainfra.com\/blog\/#organization"}},{"@type":"WebPage","@id":"https:\/\/agenciainfra.com\/blog\/comissao-especial-aprova-mp-do-saneamento-no-congresso\/","url":"https:\/\/agenciainfra.com\/blog\/comissao-especial-aprova-mp-do-saneamento-no-congresso\/","name":"Comiss\u00e3o Especial aprova MP do Saneamento no Congresso - Ag\u00eancia iNFRA","isPartOf":{"@id":"https:\/\/agenciainfra.com\/blog\/#website"},"primaryImageOfPage":{"@id":"https:\/\/agenciainfra.com\/blog\/comissao-especial-aprova-mp-do-saneamento-no-congresso\/#primaryimage"},"image":{"@id":"https:\/\/agenciainfra.com\/blog\/comissao-especial-aprova-mp-do-saneamento-no-congresso\/#primaryimage"},"thumbnailUrl":"https:\/\/agenciainfra.com\/blog\/wp-content\/uploads\/2018\/07\/camara_divulgacao_camara-1.jpg","datePublished":"2018-11-03T08:00:46+00:00","breadcrumb":{"@id":"https:\/\/agenciainfra.com\/blog\/comissao-especial-aprova-mp-do-saneamento-no-congresso\/#breadcrumb"},"inLanguage":"pt-BR","potentialAction":[{"@type":"ReadAction","target":["https:\/\/agenciainfra.com\/blog\/comissao-especial-aprova-mp-do-saneamento-no-congresso\/"]}]},{"@type":"ImageObject","inLanguage":"pt-BR","@id":"https:\/\/agenciainfra.com\/blog\/comissao-especial-aprova-mp-do-saneamento-no-congresso\/#primaryimage","url":"https:\/\/agenciainfra.com\/blog\/wp-content\/uploads\/2018\/07\/camara_divulgacao_camara-1.jpg","contentUrl":"https:\/\/agenciainfra.com\/blog\/wp-content\/uploads\/2018\/07\/camara_divulgacao_camara-1.jpg","width":2003,"height":1312},{"@type":"BreadcrumbList","@id":"https:\/\/agenciainfra.com\/blog\/comissao-especial-aprova-mp-do-saneamento-no-congresso\/#breadcrumb","itemListElement":[{"@type":"ListItem","position":1,"name":"In\u00edcio","item":"https:\/\/agenciainfra.com\/blog\/"},{"@type":"ListItem","position":2,"name":"Comiss\u00e3o Especial aprova MP do Saneamento no Congresso"}]},{"@type":"WebSite","@id":"https:\/\/agenciainfra.com\/blog\/#website","url":"https:\/\/agenciainfra.com\/blog\/","name":"Ag\u00eancia iNFRA","description":"Multiplataforma de informa\u00e7\u00e3o jornal\u00edstica refer\u00eancia na \u00e1rea de infraestrutura no Brasil!","publisher":{"@id":"https:\/\/agenciainfra.com\/blog\/#organization"},"potentialAction":[{"@type":"SearchAction","target":{"@type":"EntryPoint","urlTemplate":"https:\/\/agenciainfra.com\/blog\/?s={search_term_string}"},"query-input":{"@type":"PropertyValueSpecification","valueRequired":true,"valueName":"search_term_string"}}],"inLanguage":"pt-BR"},{"@type":"Organization","@id":"https:\/\/agenciainfra.com\/blog\/#organization","name":"Ag\u00eancia iNFRA","url":"https:\/\/agenciainfra.com\/blog\/","logo":{"@type":"ImageObject","inLanguage":"pt-BR","@id":"https:\/\/agenciainfra.com\/blog\/#\/schema\/logo\/image\/","url":"https:\/\/agenciainfra.com\/blog\/wp-content\/uploads\/2023\/09\/iNFRA_5-e1761735885940.png","contentUrl":"https:\/\/agenciainfra.com\/blog\/wp-content\/uploads\/2023\/09\/iNFRA_5-e1761735885940.png","width":1672,"height":454,"caption":"Ag\u00eancia iNFRA"},"image":{"@id":"https:\/\/agenciainfra.com\/blog\/#\/schema\/logo\/image\/"},"sameAs":["https:\/\/www.facebook.com\/ageninfra","https:\/\/x.com\/agencia_infra","https:\/\/www.linkedin.com\/company\/ag\u00eanciainfra\/","https:\/\/www.instagram.com\/agenciainfra\/"]},{"@type":"Person","@id":"https:\/\/agenciainfra.com\/blog\/#\/schema\/person\/34af08dff6adea4cb22b06612ba7acfa","name":"Ag\u00eancia iNFRA","image":{"@type":"ImageObject","inLanguage":"pt-BR","@id":"https:\/\/agenciainfra.com\/blog\/#\/schema\/person\/image\/","url":"https:\/\/secure.gravatar.com\/avatar\/d189e01678f06d8eb84d4e01f08eb848b3fffe3f8443818d3c356c66892f5be8?s=96&d=mm&r=g","contentUrl":"https:\/\/secure.gravatar.com\/avatar\/d189e01678f06d8eb84d4e01f08eb848b3fffe3f8443818d3c356c66892f5be8?s=96&d=mm&r=g","caption":"Ag\u00eancia iNFRA"},"url":"https:\/\/agenciainfra.com\/blog\/author\/admin\/"}]}},"_links":{"self":[{"href":"https:\/\/agenciainfra.com\/blog\/wp-json\/wp\/v2\/posts\/2587","targetHints":{"allow":["GET"]}}],"collection":[{"href":"https:\/\/agenciainfra.com\/blog\/wp-json\/wp\/v2\/posts"}],"about":[{"href":"https:\/\/agenciainfra.com\/blog\/wp-json\/wp\/v2\/types\/post"}],"author":[{"embeddable":true,"href":"https:\/\/agenciainfra.com\/blog\/wp-json\/wp\/v2\/users\/1"}],"replies":[{"embeddable":true,"href":"https:\/\/agenciainfra.com\/blog\/wp-json\/wp\/v2\/comments?post=2587"}],"version-history":[{"count":0,"href":"https:\/\/agenciainfra.com\/blog\/wp-json\/wp\/v2\/posts\/2587\/revisions"}],"wp:featuredmedia":[{"embeddable":true,"href":"https:\/\/agenciainfra.com\/blog\/wp-json\/wp\/v2\/media\/2121"}],"wp:attachment":[{"href":"https:\/\/agenciainfra.com\/blog\/wp-json\/wp\/v2\/media?parent=2587"}],"wp:term":[{"taxonomy":"category","embeddable":true,"href":"https:\/\/agenciainfra.com\/blog\/wp-json\/wp\/v2\/categories?post=2587"},{"taxonomy":"post_tag","embeddable":true,"href":"https:\/\/agenciainfra.com\/blog\/wp-json\/wp\/v2\/tags?post=2587"}],"curies":[{"name":"wp","href":"https:\/\/api.w.org\/{rel}","templated":true}]}}