{"id":25870,"date":"2025-08-06T10:42:03","date_gmt":"2025-08-06T13:42:03","guid":{"rendered":"https:\/\/agenciainfra.com\/blog\/?p=25870"},"modified":"2025-08-07T08:04:41","modified_gmt":"2025-08-07T11:04:41","slug":"governo-de-ms-inabilita-consorcio-kg-rota-da-celulose-e-convoca-segundo-colocado-na-disputa","status":"publish","type":"post","link":"https:\/\/agenciainfra.com\/blog\/governo-de-ms-inabilita-consorcio-kg-rota-da-celulose-e-convoca-segundo-colocado-na-disputa\/","title":{"rendered":"Governo de MS inabilita cons\u00f3rcio K&amp;G Rota da Celulose e convoca segundo colocado na disputa"},"content":{"rendered":"\n<p class=\"has-text-align-right\"><strong>Sheyla Santos, da Ag\u00eancia iNFRA<\/strong><\/p>\n\n\n\n<p>A CEL (Comiss\u00e3o Especial de Licita\u00e7\u00e3o) do Governo de Mato Grosso do Sul inabilitou o Cons\u00f3rcio K&amp;G Rota da Celulose \u201cdiante dos v\u00edcios identificados na documenta\u00e7\u00e3o apresentada\u201d para a concess\u00e3o da Rota da Celulose. O cons\u00f3rcio \u00e9 formado pela K-Infra e pela corretora Gal\u00e1pagos, que juntas arremataram em maio o sistema rodovi\u00e1rio formado pelas rodovias estaduais MS-040, MS-338 e MS-395 e por trechos das rodovias federais BR-262 e BR-267.<\/p>\n\n\n\n<p>A decis\u00e3o publicada na ter\u00e7a-feira (5) atendeu a um recurso apresentado pelo Cons\u00f3rcio Caminhos da Celulose, formado pela XP e construtoras, que ficou em segundo lugar na disputa. Com isso, o cons\u00f3rcio foi convocado a apresentar no dia 13 de agosto, na B3, um envelope contendo os documentos para habilita\u00e7\u00e3o.<\/p>\n\n\n\n<p>Ainda de acordo com a CEL, a empresa vencedora e demais interessados na interposi\u00e7\u00e3o de recurso contra a medida ter\u00e3o tr\u00eas dias \u00fateis para manifesta\u00e7\u00e3o.<\/p>\n\n\n\n<p>O Cons\u00f3rcio K&amp;G Rota da Celulose levou a concess\u00e3o da Rota da Celulose com proposta de desconto de 9% sobre a Tarifa B\u00e1sica de Ped\u00e1gio. A previs\u00e3o de investimentos \u00e9 de R$10,1 bilh\u00f5es. Na ocasi\u00e3o, a K-Infra j\u00e1 estava envolvida numa disputa com o governo federal em torno da administra\u00e7\u00e3o da Rodovia do A\u00e7o (BR-393\/RJ), j\u00e1 que, no diagn\u00f3stico do Executivo, a empresa reiteradamente descumpriu o contrato de concess\u00e3o do trecho, assinado em 2008.<\/p>\n\n\n\n<p>A caducidade acabou sendo <a href=\"https:\/\/agenciainfra.com\/blog\/governo-decreta-caducidade-da-k-infra-rodovia-do-aco\/\">decretada<\/a> em junho, decis\u00e3o questionada pela K-Infra no STF (Supremo Tribunal Federal). <\/p>\n\n\n\n<p>No caso da Rota da Celulose, o Governo de Mato Grosso do Sul afirmou que durante a fase de recursos foram realizadas dilig\u00eancias e an\u00e1lises pela comiss\u00e3o, quando se constatou que os documentos entregues n\u00e3o atenderam a integralidade exigida no edital.<\/p>\n","protected":false},"excerpt":{"rendered":"<p>Sheyla Santos, da Ag\u00eancia iNFRA A CEL (Comiss\u00e3o Especial de Licita\u00e7\u00e3o) do Governo de Mato Grosso do Sul inabilitou o Cons\u00f3rcio K&amp;G Rota da Celulose \u201cdiante dos v\u00edcios identificados na documenta\u00e7\u00e3o apresentada\u201d para a concess\u00e3o da Rota da Celulose. O cons\u00f3rcio \u00e9 formado pela K-Infra e pela corretora Gal\u00e1pagos, que juntas arremataram em maio o [&hellip;]<\/p>\n","protected":false},"author":1,"featured_media":21551,"comment_status":"closed","ping_status":"closed","sticky":false,"template":"","format":"standard","meta":{"_monsterinsights_skip_tracking":false,"_monsterinsights_sitenote_active":false,"_monsterinsights_sitenote_note":"","_monsterinsights_sitenote_category":0,"footnotes":""},"categories":[7250,1,7],"tags":[245,8752,13290,14754,6071,11862,8838],"class_list":["post-25870","post","type-post","status-publish","format-standard","has-post-thumbnail","hentry","category-destaque-lista","category-geral","category-infratransporte","tag-caducidade","tag-concessao-de-rodovia","tag-consorcio-caminhos-da-celulose","tag-kg-rota-da-celulose","tag-k-infra","tag-rota-da-celulose","tag-sheyla-santos"],"yoast_head":"<!-- This site is optimized with the Yoast SEO Premium plugin v25.4 (Yoast SEO v26.0) - https:\/\/yoast.com\/wordpress\/plugins\/seo\/ -->\n<title>Governo de MS inabilita cons\u00f3rcio K&amp;G Rota da Celulose e convoca segundo colocado na disputa - Ag\u00eancia iNFRA<\/title>\n<meta name=\"robots\" content=\"index, follow, max-snippet:-1, max-image-preview:large, max-video-preview:-1\" \/>\n<link rel=\"canonical\" href=\"https:\/\/agenciainfra.com\/blog\/governo-de-ms-inabilita-consorcio-kg-rota-da-celulose-e-convoca-segundo-colocado-na-disputa\/\" \/>\n<meta property=\"og:locale\" content=\"pt_BR\" \/>\n<meta property=\"og:type\" content=\"article\" \/>\n<meta property=\"og:title\" content=\"Governo de MS inabilita cons\u00f3rcio K&amp;G Rota da Celulose e convoca segundo colocado na disputa\" \/>\n<meta property=\"og:description\" content=\"Sheyla Santos, da Ag\u00eancia iNFRA A CEL (Comiss\u00e3o Especial de Licita\u00e7\u00e3o) do Governo de Mato Grosso do Sul inabilitou o Cons\u00f3rcio K&amp;G Rota da Celulose \u201cdiante dos v\u00edcios identificados na documenta\u00e7\u00e3o apresentada\u201d para a concess\u00e3o da Rota da Celulose. O cons\u00f3rcio \u00e9 formado pela K-Infra e pela corretora Gal\u00e1pagos, que juntas arremataram em maio o [&hellip;]\" \/>\n<meta property=\"og:url\" content=\"https:\/\/agenciainfra.com\/blog\/governo-de-ms-inabilita-consorcio-kg-rota-da-celulose-e-convoca-segundo-colocado-na-disputa\/\" \/>\n<meta property=\"og:site_name\" content=\"Ag\u00eancia iNFRA\" \/>\n<meta property=\"article:publisher\" content=\"https:\/\/www.facebook.com\/ageninfra\" \/>\n<meta property=\"article:published_time\" content=\"2025-08-06T13:42:03+00:00\" \/>\n<meta property=\"article:modified_time\" content=\"2025-08-07T11:04:41+00:00\" \/>\n<meta property=\"og:image\" content=\"https:\/\/agenciainfra.com\/blog\/wp-content\/uploads\/2025\/05\/Rota-da-Celulose-BR-262-Foto-Saul-Schramm-Governo-MS.jpg\" \/>\n\t<meta property=\"og:image:width\" content=\"1280\" \/>\n\t<meta property=\"og:image:height\" content=\"842\" \/>\n\t<meta property=\"og:image:type\" content=\"image\/jpeg\" \/>\n<meta name=\"author\" content=\"Ag\u00eancia iNFRA\" \/>\n<meta name=\"twitter:card\" content=\"summary_large_image\" \/>\n<meta name=\"twitter:creator\" content=\"@agencia_infra\" \/>\n<meta name=\"twitter:site\" content=\"@agencia_infra\" \/>\n<meta name=\"twitter:label1\" content=\"Escrito por\" \/>\n\t<meta name=\"twitter:data1\" content=\"Ag\u00eancia iNFRA\" \/>\n\t<meta name=\"twitter:label2\" content=\"Est. tempo de leitura\" \/>\n\t<meta name=\"twitter:data2\" content=\"2 minutos\" \/>\n<script type=\"application\/ld+json\" class=\"yoast-schema-graph\">{\"@context\":\"https:\/\/schema.org\",\"@graph\":[{\"@type\":\"Article\",\"@id\":\"https:\/\/agenciainfra.com\/blog\/governo-de-ms-inabilita-consorcio-kg-rota-da-celulose-e-convoca-segundo-colocado-na-disputa\/#article\",\"isPartOf\":{\"@id\":\"https:\/\/agenciainfra.com\/blog\/governo-de-ms-inabilita-consorcio-kg-rota-da-celulose-e-convoca-segundo-colocado-na-disputa\/\"},\"author\":{\"name\":\"Ag\u00eancia iNFRA\",\"@id\":\"https:\/\/agenciainfra.com\/blog\/#\/schema\/person\/34af08dff6adea4cb22b06612ba7acfa\"},\"headline\":\"Governo de MS inabilita cons\u00f3rcio K&amp;G Rota da Celulose e convoca segundo colocado na disputa\",\"datePublished\":\"2025-08-06T13:42:03+00:00\",\"dateModified\":\"2025-08-07T11:04:41+00:00\",\"mainEntityOfPage\":{\"@id\":\"https:\/\/agenciainfra.com\/blog\/governo-de-ms-inabilita-consorcio-kg-rota-da-celulose-e-convoca-segundo-colocado-na-disputa\/\"},\"wordCount\":332,\"publisher\":{\"@id\":\"https:\/\/agenciainfra.com\/blog\/#organization\"},\"image\":{\"@id\":\"https:\/\/agenciainfra.com\/blog\/governo-de-ms-inabilita-consorcio-kg-rota-da-celulose-e-convoca-segundo-colocado-na-disputa\/#primaryimage\"},\"thumbnailUrl\":\"https:\/\/agenciainfra.com\/blog\/wp-content\/uploads\/2025\/05\/Rota-da-Celulose-BR-262-Foto-Saul-Schramm-Governo-MS.jpg\",\"keywords\":[\"caducidade\",\"concess\u00e3o de rodovia\",\"Cons\u00f3rcio Caminhos da Celulose\",\"K&amp;G Rota da Celulose\",\"K-Infra\",\"Rota da Celulose\",\"Sheyla Santos\"],\"articleSection\":[\"Destaque lista\",\"Geral\",\"iNFRATransporte\"],\"inLanguage\":\"pt-BR\",\"copyrightYear\":\"2025\",\"copyrightHolder\":{\"@id\":\"https:\/\/agenciainfra.com\/blog\/#organization\"}},{\"@type\":\"WebPage\",\"@id\":\"https:\/\/agenciainfra.com\/blog\/governo-de-ms-inabilita-consorcio-kg-rota-da-celulose-e-convoca-segundo-colocado-na-disputa\/\",\"url\":\"https:\/\/agenciainfra.com\/blog\/governo-de-ms-inabilita-consorcio-kg-rota-da-celulose-e-convoca-segundo-colocado-na-disputa\/\",\"name\":\"Governo de MS inabilita cons\u00f3rcio K&amp;G Rota da Celulose e convoca segundo colocado na disputa - Ag\u00eancia iNFRA\",\"isPartOf\":{\"@id\":\"https:\/\/agenciainfra.com\/blog\/#website\"},\"primaryImageOfPage\":{\"@id\":\"https:\/\/agenciainfra.com\/blog\/governo-de-ms-inabilita-consorcio-kg-rota-da-celulose-e-convoca-segundo-colocado-na-disputa\/#primaryimage\"},\"image\":{\"@id\":\"https:\/\/agenciainfra.com\/blog\/governo-de-ms-inabilita-consorcio-kg-rota-da-celulose-e-convoca-segundo-colocado-na-disputa\/#primaryimage\"},\"thumbnailUrl\":\"https:\/\/agenciainfra.com\/blog\/wp-content\/uploads\/2025\/05\/Rota-da-Celulose-BR-262-Foto-Saul-Schramm-Governo-MS.jpg\",\"datePublished\":\"2025-08-06T13:42:03+00:00\",\"dateModified\":\"2025-08-07T11:04:41+00:00\",\"breadcrumb\":{\"@id\":\"https:\/\/agenciainfra.com\/blog\/governo-de-ms-inabilita-consorcio-kg-rota-da-celulose-e-convoca-segundo-colocado-na-disputa\/#breadcrumb\"},\"inLanguage\":\"pt-BR\",\"potentialAction\":[{\"@type\":\"ReadAction\",\"target\":[\"https:\/\/agenciainfra.com\/blog\/governo-de-ms-inabilita-consorcio-kg-rota-da-celulose-e-convoca-segundo-colocado-na-disputa\/\"]}]},{\"@type\":\"ImageObject\",\"inLanguage\":\"pt-BR\",\"@id\":\"https:\/\/agenciainfra.com\/blog\/governo-de-ms-inabilita-consorcio-kg-rota-da-celulose-e-convoca-segundo-colocado-na-disputa\/#primaryimage\",\"url\":\"https:\/\/agenciainfra.com\/blog\/wp-content\/uploads\/2025\/05\/Rota-da-Celulose-BR-262-Foto-Saul-Schramm-Governo-MS.jpg\",\"contentUrl\":\"https:\/\/agenciainfra.com\/blog\/wp-content\/uploads\/2025\/05\/Rota-da-Celulose-BR-262-Foto-Saul-Schramm-Governo-MS.jpg\",\"width\":1280,\"height\":842,\"caption\":\"Foto: Saul Scharamm\/Governo do Mato Grosso do Sul\"},{\"@type\":\"BreadcrumbList\",\"@id\":\"https:\/\/agenciainfra.com\/blog\/governo-de-ms-inabilita-consorcio-kg-rota-da-celulose-e-convoca-segundo-colocado-na-disputa\/#breadcrumb\",\"itemListElement\":[{\"@type\":\"ListItem\",\"position\":1,\"name\":\"In\u00edcio\",\"item\":\"https:\/\/agenciainfra.com\/blog\/\"},{\"@type\":\"ListItem\",\"position\":2,\"name\":\"Governo de MS inabilita cons\u00f3rcio K&amp;G Rota da Celulose e convoca segundo colocado na disputa\"}]},{\"@type\":\"WebSite\",\"@id\":\"https:\/\/agenciainfra.com\/blog\/#website\",\"url\":\"https:\/\/agenciainfra.com\/blog\/\",\"name\":\"Ag\u00eancia iNFRA\",\"description\":\"Multiplataforma de informa\u00e7\u00e3o jornal\u00edstica refer\u00eancia na \u00e1rea de infraestrutura no Brasil!\",\"publisher\":{\"@id\":\"https:\/\/agenciainfra.com\/blog\/#organization\"},\"potentialAction\":[{\"@type\":\"SearchAction\",\"target\":{\"@type\":\"EntryPoint\",\"urlTemplate\":\"https:\/\/agenciainfra.com\/blog\/?s={search_term_string}\"},\"query-input\":{\"@type\":\"PropertyValueSpecification\",\"valueRequired\":true,\"valueName\":\"search_term_string\"}}],\"inLanguage\":\"pt-BR\"},{\"@type\":\"Organization\",\"@id\":\"https:\/\/agenciainfra.com\/blog\/#organization\",\"name\":\"Ag\u00eancia iNFRA\",\"url\":\"https:\/\/agenciainfra.com\/blog\/\",\"logo\":{\"@type\":\"ImageObject\",\"inLanguage\":\"pt-BR\",\"@id\":\"https:\/\/agenciainfra.com\/blog\/#\/schema\/logo\/image\/\",\"url\":\"https:\/\/agenciainfra.com\/blog\/wp-content\/uploads\/2023\/09\/iNFRA_5-e1761735885940.png\",\"contentUrl\":\"https:\/\/agenciainfra.com\/blog\/wp-content\/uploads\/2023\/09\/iNFRA_5-e1761735885940.png\",\"width\":1672,\"height\":454,\"caption\":\"Ag\u00eancia iNFRA\"},\"image\":{\"@id\":\"https:\/\/agenciainfra.com\/blog\/#\/schema\/logo\/image\/\"},\"sameAs\":[\"https:\/\/www.facebook.com\/ageninfra\",\"https:\/\/x.com\/agencia_infra\",\"https:\/\/www.linkedin.com\/company\/ag\u00eanciainfra\/\",\"https:\/\/www.instagram.com\/agenciainfra\/\"]},{\"@type\":\"Person\",\"@id\":\"https:\/\/agenciainfra.com\/blog\/#\/schema\/person\/34af08dff6adea4cb22b06612ba7acfa\",\"name\":\"Ag\u00eancia iNFRA\",\"image\":{\"@type\":\"ImageObject\",\"inLanguage\":\"pt-BR\",\"@id\":\"https:\/\/agenciainfra.com\/blog\/#\/schema\/person\/image\/\",\"url\":\"https:\/\/secure.gravatar.com\/avatar\/d189e01678f06d8eb84d4e01f08eb848b3fffe3f8443818d3c356c66892f5be8?s=96&d=mm&r=g\",\"contentUrl\":\"https:\/\/secure.gravatar.com\/avatar\/d189e01678f06d8eb84d4e01f08eb848b3fffe3f8443818d3c356c66892f5be8?s=96&d=mm&r=g\",\"caption\":\"Ag\u00eancia iNFRA\"},\"url\":\"https:\/\/agenciainfra.com\/blog\/author\/admin\/\"}]}<\/script>\n<!-- \/ Yoast SEO Premium plugin. -->","yoast_head_json":{"title":"Governo de MS inabilita cons\u00f3rcio K&amp;G Rota da Celulose e convoca segundo colocado na disputa - Ag\u00eancia iNFRA","robots":{"index":"index","follow":"follow","max-snippet":"max-snippet:-1","max-image-preview":"max-image-preview:large","max-video-preview":"max-video-preview:-1"},"canonical":"https:\/\/agenciainfra.com\/blog\/governo-de-ms-inabilita-consorcio-kg-rota-da-celulose-e-convoca-segundo-colocado-na-disputa\/","og_locale":"pt_BR","og_type":"article","og_title":"Governo de MS inabilita cons\u00f3rcio K&amp;G Rota da Celulose e convoca segundo colocado na disputa","og_description":"Sheyla Santos, da Ag\u00eancia iNFRA A CEL (Comiss\u00e3o Especial de Licita\u00e7\u00e3o) do Governo de Mato Grosso do Sul inabilitou o Cons\u00f3rcio K&amp;G Rota da Celulose \u201cdiante dos v\u00edcios identificados na documenta\u00e7\u00e3o apresentada\u201d para a concess\u00e3o da Rota da Celulose. O cons\u00f3rcio \u00e9 formado pela K-Infra e pela corretora Gal\u00e1pagos, que juntas arremataram em maio o [&hellip;]","og_url":"https:\/\/agenciainfra.com\/blog\/governo-de-ms-inabilita-consorcio-kg-rota-da-celulose-e-convoca-segundo-colocado-na-disputa\/","og_site_name":"Ag\u00eancia iNFRA","article_publisher":"https:\/\/www.facebook.com\/ageninfra","article_published_time":"2025-08-06T13:42:03+00:00","article_modified_time":"2025-08-07T11:04:41+00:00","og_image":[{"width":1280,"height":842,"url":"https:\/\/agenciainfra.com\/blog\/wp-content\/uploads\/2025\/05\/Rota-da-Celulose-BR-262-Foto-Saul-Schramm-Governo-MS.jpg","type":"image\/jpeg"}],"author":"Ag\u00eancia iNFRA","twitter_card":"summary_large_image","twitter_creator":"@agencia_infra","twitter_site":"@agencia_infra","twitter_misc":{"Escrito por":"Ag\u00eancia iNFRA","Est. tempo de leitura":"2 minutos"},"schema":{"@context":"https:\/\/schema.org","@graph":[{"@type":"Article","@id":"https:\/\/agenciainfra.com\/blog\/governo-de-ms-inabilita-consorcio-kg-rota-da-celulose-e-convoca-segundo-colocado-na-disputa\/#article","isPartOf":{"@id":"https:\/\/agenciainfra.com\/blog\/governo-de-ms-inabilita-consorcio-kg-rota-da-celulose-e-convoca-segundo-colocado-na-disputa\/"},"author":{"name":"Ag\u00eancia iNFRA","@id":"https:\/\/agenciainfra.com\/blog\/#\/schema\/person\/34af08dff6adea4cb22b06612ba7acfa"},"headline":"Governo de MS inabilita cons\u00f3rcio K&amp;G Rota da Celulose e convoca segundo colocado na disputa","datePublished":"2025-08-06T13:42:03+00:00","dateModified":"2025-08-07T11:04:41+00:00","mainEntityOfPage":{"@id":"https:\/\/agenciainfra.com\/blog\/governo-de-ms-inabilita-consorcio-kg-rota-da-celulose-e-convoca-segundo-colocado-na-disputa\/"},"wordCount":332,"publisher":{"@id":"https:\/\/agenciainfra.com\/blog\/#organization"},"image":{"@id":"https:\/\/agenciainfra.com\/blog\/governo-de-ms-inabilita-consorcio-kg-rota-da-celulose-e-convoca-segundo-colocado-na-disputa\/#primaryimage"},"thumbnailUrl":"https:\/\/agenciainfra.com\/blog\/wp-content\/uploads\/2025\/05\/Rota-da-Celulose-BR-262-Foto-Saul-Schramm-Governo-MS.jpg","keywords":["caducidade","concess\u00e3o de rodovia","Cons\u00f3rcio Caminhos da Celulose","K&amp;G Rota da Celulose","K-Infra","Rota da Celulose","Sheyla Santos"],"articleSection":["Destaque lista","Geral","iNFRATransporte"],"inLanguage":"pt-BR","copyrightYear":"2025","copyrightHolder":{"@id":"https:\/\/agenciainfra.com\/blog\/#organization"}},{"@type":"WebPage","@id":"https:\/\/agenciainfra.com\/blog\/governo-de-ms-inabilita-consorcio-kg-rota-da-celulose-e-convoca-segundo-colocado-na-disputa\/","url":"https:\/\/agenciainfra.com\/blog\/governo-de-ms-inabilita-consorcio-kg-rota-da-celulose-e-convoca-segundo-colocado-na-disputa\/","name":"Governo de MS inabilita cons\u00f3rcio K&amp;G Rota da Celulose e convoca segundo colocado na disputa - Ag\u00eancia iNFRA","isPartOf":{"@id":"https:\/\/agenciainfra.com\/blog\/#website"},"primaryImageOfPage":{"@id":"https:\/\/agenciainfra.com\/blog\/governo-de-ms-inabilita-consorcio-kg-rota-da-celulose-e-convoca-segundo-colocado-na-disputa\/#primaryimage"},"image":{"@id":"https:\/\/agenciainfra.com\/blog\/governo-de-ms-inabilita-consorcio-kg-rota-da-celulose-e-convoca-segundo-colocado-na-disputa\/#primaryimage"},"thumbnailUrl":"https:\/\/agenciainfra.com\/blog\/wp-content\/uploads\/2025\/05\/Rota-da-Celulose-BR-262-Foto-Saul-Schramm-Governo-MS.jpg","datePublished":"2025-08-06T13:42:03+00:00","dateModified":"2025-08-07T11:04:41+00:00","breadcrumb":{"@id":"https:\/\/agenciainfra.com\/blog\/governo-de-ms-inabilita-consorcio-kg-rota-da-celulose-e-convoca-segundo-colocado-na-disputa\/#breadcrumb"},"inLanguage":"pt-BR","potentialAction":[{"@type":"ReadAction","target":["https:\/\/agenciainfra.com\/blog\/governo-de-ms-inabilita-consorcio-kg-rota-da-celulose-e-convoca-segundo-colocado-na-disputa\/"]}]},{"@type":"ImageObject","inLanguage":"pt-BR","@id":"https:\/\/agenciainfra.com\/blog\/governo-de-ms-inabilita-consorcio-kg-rota-da-celulose-e-convoca-segundo-colocado-na-disputa\/#primaryimage","url":"https:\/\/agenciainfra.com\/blog\/wp-content\/uploads\/2025\/05\/Rota-da-Celulose-BR-262-Foto-Saul-Schramm-Governo-MS.jpg","contentUrl":"https:\/\/agenciainfra.com\/blog\/wp-content\/uploads\/2025\/05\/Rota-da-Celulose-BR-262-Foto-Saul-Schramm-Governo-MS.jpg","width":1280,"height":842,"caption":"Foto: Saul Scharamm\/Governo do Mato Grosso do Sul"},{"@type":"BreadcrumbList","@id":"https:\/\/agenciainfra.com\/blog\/governo-de-ms-inabilita-consorcio-kg-rota-da-celulose-e-convoca-segundo-colocado-na-disputa\/#breadcrumb","itemListElement":[{"@type":"ListItem","position":1,"name":"In\u00edcio","item":"https:\/\/agenciainfra.com\/blog\/"},{"@type":"ListItem","position":2,"name":"Governo de MS inabilita cons\u00f3rcio K&amp;G Rota da Celulose e convoca segundo colocado na disputa"}]},{"@type":"WebSite","@id":"https:\/\/agenciainfra.com\/blog\/#website","url":"https:\/\/agenciainfra.com\/blog\/","name":"Ag\u00eancia iNFRA","description":"Multiplataforma de informa\u00e7\u00e3o jornal\u00edstica refer\u00eancia na \u00e1rea de infraestrutura no Brasil!","publisher":{"@id":"https:\/\/agenciainfra.com\/blog\/#organization"},"potentialAction":[{"@type":"SearchAction","target":{"@type":"EntryPoint","urlTemplate":"https:\/\/agenciainfra.com\/blog\/?s={search_term_string}"},"query-input":{"@type":"PropertyValueSpecification","valueRequired":true,"valueName":"search_term_string"}}],"inLanguage":"pt-BR"},{"@type":"Organization","@id":"https:\/\/agenciainfra.com\/blog\/#organization","name":"Ag\u00eancia iNFRA","url":"https:\/\/agenciainfra.com\/blog\/","logo":{"@type":"ImageObject","inLanguage":"pt-BR","@id":"https:\/\/agenciainfra.com\/blog\/#\/schema\/logo\/image\/","url":"https:\/\/agenciainfra.com\/blog\/wp-content\/uploads\/2023\/09\/iNFRA_5-e1761735885940.png","contentUrl":"https:\/\/agenciainfra.com\/blog\/wp-content\/uploads\/2023\/09\/iNFRA_5-e1761735885940.png","width":1672,"height":454,"caption":"Ag\u00eancia iNFRA"},"image":{"@id":"https:\/\/agenciainfra.com\/blog\/#\/schema\/logo\/image\/"},"sameAs":["https:\/\/www.facebook.com\/ageninfra","https:\/\/x.com\/agencia_infra","https:\/\/www.linkedin.com\/company\/ag\u00eanciainfra\/","https:\/\/www.instagram.com\/agenciainfra\/"]},{"@type":"Person","@id":"https:\/\/agenciainfra.com\/blog\/#\/schema\/person\/34af08dff6adea4cb22b06612ba7acfa","name":"Ag\u00eancia iNFRA","image":{"@type":"ImageObject","inLanguage":"pt-BR","@id":"https:\/\/agenciainfra.com\/blog\/#\/schema\/person\/image\/","url":"https:\/\/secure.gravatar.com\/avatar\/d189e01678f06d8eb84d4e01f08eb848b3fffe3f8443818d3c356c66892f5be8?s=96&d=mm&r=g","contentUrl":"https:\/\/secure.gravatar.com\/avatar\/d189e01678f06d8eb84d4e01f08eb848b3fffe3f8443818d3c356c66892f5be8?s=96&d=mm&r=g","caption":"Ag\u00eancia iNFRA"},"url":"https:\/\/agenciainfra.com\/blog\/author\/admin\/"}]}},"_links":{"self":[{"href":"https:\/\/agenciainfra.com\/blog\/wp-json\/wp\/v2\/posts\/25870","targetHints":{"allow":["GET"]}}],"collection":[{"href":"https:\/\/agenciainfra.com\/blog\/wp-json\/wp\/v2\/posts"}],"about":[{"href":"https:\/\/agenciainfra.com\/blog\/wp-json\/wp\/v2\/types\/post"}],"author":[{"embeddable":true,"href":"https:\/\/agenciainfra.com\/blog\/wp-json\/wp\/v2\/users\/1"}],"replies":[{"embeddable":true,"href":"https:\/\/agenciainfra.com\/blog\/wp-json\/wp\/v2\/comments?post=25870"}],"version-history":[{"count":3,"href":"https:\/\/agenciainfra.com\/blog\/wp-json\/wp\/v2\/posts\/25870\/revisions"}],"predecessor-version":[{"id":25889,"href":"https:\/\/agenciainfra.com\/blog\/wp-json\/wp\/v2\/posts\/25870\/revisions\/25889"}],"wp:featuredmedia":[{"embeddable":true,"href":"https:\/\/agenciainfra.com\/blog\/wp-json\/wp\/v2\/media\/21551"}],"wp:attachment":[{"href":"https:\/\/agenciainfra.com\/blog\/wp-json\/wp\/v2\/media?parent=25870"}],"wp:term":[{"taxonomy":"category","embeddable":true,"href":"https:\/\/agenciainfra.com\/blog\/wp-json\/wp\/v2\/categories?post=25870"},{"taxonomy":"post_tag","embeddable":true,"href":"https:\/\/agenciainfra.com\/blog\/wp-json\/wp\/v2\/tags?post=25870"}],"curies":[{"name":"wp","href":"https:\/\/api.w.org\/{rel}","templated":true}]}}