{"id":25941,"date":"2025-08-07T16:30:35","date_gmt":"2025-08-07T19:30:35","guid":{"rendered":"https:\/\/agenciainfra.com\/blog\/?p=25941"},"modified":"2025-08-07T16:30:36","modified_gmt":"2025-08-07T19:30:36","slug":"movimentacao-em-aeroportos-do-centro-oeste-cresce-9-no-primeiro-semestre","status":"publish","type":"post","link":"https:\/\/agenciainfra.com\/blog\/movimentacao-em-aeroportos-do-centro-oeste-cresce-9-no-primeiro-semestre\/","title":{"rendered":"Movimenta\u00e7\u00e3o em aeroportos do Centro-Oeste cresce 9% no primeiro semestre"},"content":{"rendered":"\n<p class=\"has-text-align-right\"><strong>da Ag\u00eancia iNFRA<\/strong><\/p>\n\n\n\n<p>De acordo com dados da ANAC (Ag\u00eancia Nacional de Avia\u00e7\u00e3o Civil), os aeroportos do Centro-Oeste receberam 11,8 milh\u00f5es de passageiros entre janeiro e junho de 2025, o que representa um aumento de 9% em rela\u00e7\u00e3o ao mesmo per\u00edodo de 2024, quando foram registrados 10,8 milh\u00f5es de embarques e desembarques.<\/p>\n\n\n\n<p>O avan\u00e7o foi impulsionado por segmentos como o turismo, agroneg\u00f3cio e o polo pol\u00edtico-administrativo de Bras\u00edlia. O Aeroporto Internacional da capital lidera o volume de passageiros, com mais de 7,5 milh\u00f5es no semestre, seguido por Goi\u00e2nia, com 1,8 milh\u00e3o, e V\u00e1rzea Grande, em Cuiab\u00e1, que movimentou 1,2 milh\u00e3o de pessoas.\u00a0<\/p>\n\n\n\n<p>Terminais regionais como Campo Grande, Bonito, Sinop e Alta Floresta tamb\u00e9m apresentaram crescimento, impulsionados pela abertura de novas rotas, expans\u00e3o do turismo e aumento da movimenta\u00e7\u00e3o ligada ao agroneg\u00f3cio.<\/p>\n\n\n\n<p><strong>Investimentos<\/strong><br>O resultado tamb\u00e9m \u00e9 atribu\u00eddo aos investimentos em infraestrutura realizados pelo MPor (Minist\u00e9rio de Portos e Aeroportos). Apenas no primeiro semestre de 2025, R$ 5,6 bilh\u00f5es foram aplicados em obras e melhorias nos aeroportos do pa\u00eds, incluindo pistas, equipamentos de seguran\u00e7a, acessibilidade e moderniza\u00e7\u00e3o dos terminais do Centro-Oeste.<\/p>\n","protected":false},"excerpt":{"rendered":"<p>da Ag\u00eancia iNFRA De acordo com dados da ANAC (Ag\u00eancia Nacional de Avia\u00e7\u00e3o Civil), os aeroportos do Centro-Oeste receberam 11,8 milh\u00f5es de passageiros entre janeiro e junho de 2025, o que representa um aumento de 9% em rela\u00e7\u00e3o ao mesmo per\u00edodo de 2024, quando foram registrados 10,8 milh\u00f5es de embarques e desembarques. O avan\u00e7o foi [&hellip;]<\/p>\n","protected":false},"author":1,"featured_media":23439,"comment_status":"closed","ping_status":"closed","sticky":false,"template":"","format":"standard","meta":{"_monsterinsights_skip_tracking":false,"_monsterinsights_sitenote_active":false,"_monsterinsights_sitenote_note":"","_monsterinsights_sitenote_category":0,"footnotes":""},"categories":[1,13576],"tags":[6120,107,242,6257,14062,13687],"class_list":["post-25941","post","type-post","status-publish","format-standard","has-post-thumbnail","hentry","category-geral","category-giro-infra","tag-aeroporto-de-brasilia","tag-aeroportos","tag-anac","tag-ministerio-de-portos-e-aeroportos","tag-movimentacao-aerea","tag-movimentacao-de-passageiros"],"yoast_head":"<!-- This site is optimized with the Yoast SEO Premium plugin v25.4 (Yoast SEO v26.0) - https:\/\/yoast.com\/wordpress\/plugins\/seo\/ -->\n<title>Movimenta\u00e7\u00e3o em aeroportos do Centro-Oeste cresce 9% no primeiro semestre - Ag\u00eancia iNFRA<\/title>\n<meta name=\"robots\" content=\"index, follow, max-snippet:-1, max-image-preview:large, max-video-preview:-1\" \/>\n<link rel=\"canonical\" href=\"https:\/\/agenciainfra.com\/blog\/movimentacao-em-aeroportos-do-centro-oeste-cresce-9-no-primeiro-semestre\/\" \/>\n<meta property=\"og:locale\" content=\"pt_BR\" \/>\n<meta property=\"og:type\" content=\"article\" \/>\n<meta property=\"og:title\" content=\"Movimenta\u00e7\u00e3o em aeroportos do Centro-Oeste cresce 9% no primeiro semestre\" \/>\n<meta property=\"og:description\" content=\"da Ag\u00eancia iNFRA De acordo com dados da ANAC (Ag\u00eancia Nacional de Avia\u00e7\u00e3o Civil), os aeroportos do Centro-Oeste receberam 11,8 milh\u00f5es de passageiros entre janeiro e junho de 2025, o que representa um aumento de 9% em rela\u00e7\u00e3o ao mesmo per\u00edodo de 2024, quando foram registrados 10,8 milh\u00f5es de embarques e desembarques. O avan\u00e7o foi [&hellip;]\" \/>\n<meta property=\"og:url\" content=\"https:\/\/agenciainfra.com\/blog\/movimentacao-em-aeroportos-do-centro-oeste-cresce-9-no-primeiro-semestre\/\" \/>\n<meta property=\"og:site_name\" content=\"Ag\u00eancia iNFRA\" \/>\n<meta property=\"article:publisher\" content=\"https:\/\/www.facebook.com\/ageninfra\" \/>\n<meta property=\"article:published_time\" content=\"2025-08-07T19:30:35+00:00\" \/>\n<meta property=\"article:modified_time\" content=\"2025-08-07T19:30:36+00:00\" \/>\n<meta property=\"og:image\" content=\"https:\/\/agenciainfra.com\/blog\/wp-content\/uploads\/2025\/06\/AeroportoBrasilia_DivulgacaoMPor.jpeg\" \/>\n\t<meta property=\"og:image:width\" content=\"768\" \/>\n\t<meta property=\"og:image:height\" content=\"512\" \/>\n\t<meta property=\"og:image:type\" content=\"image\/jpeg\" \/>\n<meta name=\"author\" content=\"Ag\u00eancia iNFRA\" \/>\n<meta name=\"twitter:card\" content=\"summary_large_image\" \/>\n<meta name=\"twitter:creator\" content=\"@agencia_infra\" \/>\n<meta name=\"twitter:site\" content=\"@agencia_infra\" \/>\n<meta name=\"twitter:label1\" content=\"Escrito por\" \/>\n\t<meta name=\"twitter:data1\" content=\"Ag\u00eancia iNFRA\" \/>\n\t<meta name=\"twitter:label2\" content=\"Est. tempo de leitura\" \/>\n\t<meta name=\"twitter:data2\" content=\"1 minuto\" \/>\n<script type=\"application\/ld+json\" class=\"yoast-schema-graph\">{\"@context\":\"https:\/\/schema.org\",\"@graph\":[{\"@type\":\"Article\",\"@id\":\"https:\/\/agenciainfra.com\/blog\/movimentacao-em-aeroportos-do-centro-oeste-cresce-9-no-primeiro-semestre\/#article\",\"isPartOf\":{\"@id\":\"https:\/\/agenciainfra.com\/blog\/movimentacao-em-aeroportos-do-centro-oeste-cresce-9-no-primeiro-semestre\/\"},\"author\":{\"name\":\"Ag\u00eancia iNFRA\",\"@id\":\"https:\/\/agenciainfra.com\/blog\/#\/schema\/person\/34af08dff6adea4cb22b06612ba7acfa\"},\"headline\":\"Movimenta\u00e7\u00e3o em aeroportos do Centro-Oeste cresce 9% no primeiro semestre\",\"datePublished\":\"2025-08-07T19:30:35+00:00\",\"dateModified\":\"2025-08-07T19:30:36+00:00\",\"mainEntityOfPage\":{\"@id\":\"https:\/\/agenciainfra.com\/blog\/movimentacao-em-aeroportos-do-centro-oeste-cresce-9-no-primeiro-semestre\/\"},\"wordCount\":206,\"publisher\":{\"@id\":\"https:\/\/agenciainfra.com\/blog\/#organization\"},\"image\":{\"@id\":\"https:\/\/agenciainfra.com\/blog\/movimentacao-em-aeroportos-do-centro-oeste-cresce-9-no-primeiro-semestre\/#primaryimage\"},\"thumbnailUrl\":\"https:\/\/agenciainfra.com\/blog\/wp-content\/uploads\/2025\/06\/AeroportoBrasilia_DivulgacaoMPor.jpeg\",\"keywords\":[\"Aeroporto de Bras\u00edlia\",\"aeroportos\",\"ANAC\",\"Minist\u00e9rio de Portos e Aeroportos\",\"movimenta\u00e7\u00e3o a\u00e9rea\",\"movimenta\u00e7\u00e3o de passageiros\"],\"articleSection\":[\"Geral\",\"Giro iNFRA\"],\"inLanguage\":\"pt-BR\",\"copyrightYear\":\"2025\",\"copyrightHolder\":{\"@id\":\"https:\/\/agenciainfra.com\/blog\/#organization\"}},{\"@type\":\"WebPage\",\"@id\":\"https:\/\/agenciainfra.com\/blog\/movimentacao-em-aeroportos-do-centro-oeste-cresce-9-no-primeiro-semestre\/\",\"url\":\"https:\/\/agenciainfra.com\/blog\/movimentacao-em-aeroportos-do-centro-oeste-cresce-9-no-primeiro-semestre\/\",\"name\":\"Movimenta\u00e7\u00e3o em aeroportos do Centro-Oeste cresce 9% no primeiro semestre - Ag\u00eancia iNFRA\",\"isPartOf\":{\"@id\":\"https:\/\/agenciainfra.com\/blog\/#website\"},\"primaryImageOfPage\":{\"@id\":\"https:\/\/agenciainfra.com\/blog\/movimentacao-em-aeroportos-do-centro-oeste-cresce-9-no-primeiro-semestre\/#primaryimage\"},\"image\":{\"@id\":\"https:\/\/agenciainfra.com\/blog\/movimentacao-em-aeroportos-do-centro-oeste-cresce-9-no-primeiro-semestre\/#primaryimage\"},\"thumbnailUrl\":\"https:\/\/agenciainfra.com\/blog\/wp-content\/uploads\/2025\/06\/AeroportoBrasilia_DivulgacaoMPor.jpeg\",\"datePublished\":\"2025-08-07T19:30:35+00:00\",\"dateModified\":\"2025-08-07T19:30:36+00:00\",\"breadcrumb\":{\"@id\":\"https:\/\/agenciainfra.com\/blog\/movimentacao-em-aeroportos-do-centro-oeste-cresce-9-no-primeiro-semestre\/#breadcrumb\"},\"inLanguage\":\"pt-BR\",\"potentialAction\":[{\"@type\":\"ReadAction\",\"target\":[\"https:\/\/agenciainfra.com\/blog\/movimentacao-em-aeroportos-do-centro-oeste-cresce-9-no-primeiro-semestre\/\"]}]},{\"@type\":\"ImageObject\",\"inLanguage\":\"pt-BR\",\"@id\":\"https:\/\/agenciainfra.com\/blog\/movimentacao-em-aeroportos-do-centro-oeste-cresce-9-no-primeiro-semestre\/#primaryimage\",\"url\":\"https:\/\/agenciainfra.com\/blog\/wp-content\/uploads\/2025\/06\/AeroportoBrasilia_DivulgacaoMPor.jpeg\",\"contentUrl\":\"https:\/\/agenciainfra.com\/blog\/wp-content\/uploads\/2025\/06\/AeroportoBrasilia_DivulgacaoMPor.jpeg\",\"width\":768,\"height\":512,\"caption\":\"Foto: MPor\/Divulga\u00e7\u00e3o\"},{\"@type\":\"BreadcrumbList\",\"@id\":\"https:\/\/agenciainfra.com\/blog\/movimentacao-em-aeroportos-do-centro-oeste-cresce-9-no-primeiro-semestre\/#breadcrumb\",\"itemListElement\":[{\"@type\":\"ListItem\",\"position\":1,\"name\":\"In\u00edcio\",\"item\":\"https:\/\/agenciainfra.com\/blog\/\"},{\"@type\":\"ListItem\",\"position\":2,\"name\":\"Movimenta\u00e7\u00e3o em aeroportos do Centro-Oeste cresce 9% no primeiro semestre\"}]},{\"@type\":\"WebSite\",\"@id\":\"https:\/\/agenciainfra.com\/blog\/#website\",\"url\":\"https:\/\/agenciainfra.com\/blog\/\",\"name\":\"Ag\u00eancia iNFRA\",\"description\":\"Multiplataforma de informa\u00e7\u00e3o jornal\u00edstica refer\u00eancia na \u00e1rea de infraestrutura no Brasil!\",\"publisher\":{\"@id\":\"https:\/\/agenciainfra.com\/blog\/#organization\"},\"potentialAction\":[{\"@type\":\"SearchAction\",\"target\":{\"@type\":\"EntryPoint\",\"urlTemplate\":\"https:\/\/agenciainfra.com\/blog\/?s={search_term_string}\"},\"query-input\":{\"@type\":\"PropertyValueSpecification\",\"valueRequired\":true,\"valueName\":\"search_term_string\"}}],\"inLanguage\":\"pt-BR\"},{\"@type\":\"Organization\",\"@id\":\"https:\/\/agenciainfra.com\/blog\/#organization\",\"name\":\"Ag\u00eancia iNFRA\",\"url\":\"https:\/\/agenciainfra.com\/blog\/\",\"logo\":{\"@type\":\"ImageObject\",\"inLanguage\":\"pt-BR\",\"@id\":\"https:\/\/agenciainfra.com\/blog\/#\/schema\/logo\/image\/\",\"url\":\"https:\/\/agenciainfra.com\/blog\/wp-content\/uploads\/2023\/09\/iNFRA_5-e1761735885940.png\",\"contentUrl\":\"https:\/\/agenciainfra.com\/blog\/wp-content\/uploads\/2023\/09\/iNFRA_5-e1761735885940.png\",\"width\":1672,\"height\":454,\"caption\":\"Ag\u00eancia iNFRA\"},\"image\":{\"@id\":\"https:\/\/agenciainfra.com\/blog\/#\/schema\/logo\/image\/\"},\"sameAs\":[\"https:\/\/www.facebook.com\/ageninfra\",\"https:\/\/x.com\/agencia_infra\",\"https:\/\/www.linkedin.com\/company\/ag\u00eanciainfra\/\",\"https:\/\/www.instagram.com\/agenciainfra\/\"]},{\"@type\":\"Person\",\"@id\":\"https:\/\/agenciainfra.com\/blog\/#\/schema\/person\/34af08dff6adea4cb22b06612ba7acfa\",\"name\":\"Ag\u00eancia iNFRA\",\"image\":{\"@type\":\"ImageObject\",\"inLanguage\":\"pt-BR\",\"@id\":\"https:\/\/agenciainfra.com\/blog\/#\/schema\/person\/image\/\",\"url\":\"https:\/\/secure.gravatar.com\/avatar\/d189e01678f06d8eb84d4e01f08eb848b3fffe3f8443818d3c356c66892f5be8?s=96&d=mm&r=g\",\"contentUrl\":\"https:\/\/secure.gravatar.com\/avatar\/d189e01678f06d8eb84d4e01f08eb848b3fffe3f8443818d3c356c66892f5be8?s=96&d=mm&r=g\",\"caption\":\"Ag\u00eancia iNFRA\"},\"url\":\"https:\/\/agenciainfra.com\/blog\/author\/admin\/\"}]}<\/script>\n<!-- \/ Yoast SEO Premium plugin. -->","yoast_head_json":{"title":"Movimenta\u00e7\u00e3o em aeroportos do Centro-Oeste cresce 9% no primeiro semestre - Ag\u00eancia iNFRA","robots":{"index":"index","follow":"follow","max-snippet":"max-snippet:-1","max-image-preview":"max-image-preview:large","max-video-preview":"max-video-preview:-1"},"canonical":"https:\/\/agenciainfra.com\/blog\/movimentacao-em-aeroportos-do-centro-oeste-cresce-9-no-primeiro-semestre\/","og_locale":"pt_BR","og_type":"article","og_title":"Movimenta\u00e7\u00e3o em aeroportos do Centro-Oeste cresce 9% no primeiro semestre","og_description":"da Ag\u00eancia iNFRA De acordo com dados da ANAC (Ag\u00eancia Nacional de Avia\u00e7\u00e3o Civil), os aeroportos do Centro-Oeste receberam 11,8 milh\u00f5es de passageiros entre janeiro e junho de 2025, o que representa um aumento de 9% em rela\u00e7\u00e3o ao mesmo per\u00edodo de 2024, quando foram registrados 10,8 milh\u00f5es de embarques e desembarques. O avan\u00e7o foi [&hellip;]","og_url":"https:\/\/agenciainfra.com\/blog\/movimentacao-em-aeroportos-do-centro-oeste-cresce-9-no-primeiro-semestre\/","og_site_name":"Ag\u00eancia iNFRA","article_publisher":"https:\/\/www.facebook.com\/ageninfra","article_published_time":"2025-08-07T19:30:35+00:00","article_modified_time":"2025-08-07T19:30:36+00:00","og_image":[{"width":768,"height":512,"url":"https:\/\/agenciainfra.com\/blog\/wp-content\/uploads\/2025\/06\/AeroportoBrasilia_DivulgacaoMPor.jpeg","type":"image\/jpeg"}],"author":"Ag\u00eancia iNFRA","twitter_card":"summary_large_image","twitter_creator":"@agencia_infra","twitter_site":"@agencia_infra","twitter_misc":{"Escrito por":"Ag\u00eancia iNFRA","Est. tempo de leitura":"1 minuto"},"schema":{"@context":"https:\/\/schema.org","@graph":[{"@type":"Article","@id":"https:\/\/agenciainfra.com\/blog\/movimentacao-em-aeroportos-do-centro-oeste-cresce-9-no-primeiro-semestre\/#article","isPartOf":{"@id":"https:\/\/agenciainfra.com\/blog\/movimentacao-em-aeroportos-do-centro-oeste-cresce-9-no-primeiro-semestre\/"},"author":{"name":"Ag\u00eancia iNFRA","@id":"https:\/\/agenciainfra.com\/blog\/#\/schema\/person\/34af08dff6adea4cb22b06612ba7acfa"},"headline":"Movimenta\u00e7\u00e3o em aeroportos do Centro-Oeste cresce 9% no primeiro semestre","datePublished":"2025-08-07T19:30:35+00:00","dateModified":"2025-08-07T19:30:36+00:00","mainEntityOfPage":{"@id":"https:\/\/agenciainfra.com\/blog\/movimentacao-em-aeroportos-do-centro-oeste-cresce-9-no-primeiro-semestre\/"},"wordCount":206,"publisher":{"@id":"https:\/\/agenciainfra.com\/blog\/#organization"},"image":{"@id":"https:\/\/agenciainfra.com\/blog\/movimentacao-em-aeroportos-do-centro-oeste-cresce-9-no-primeiro-semestre\/#primaryimage"},"thumbnailUrl":"https:\/\/agenciainfra.com\/blog\/wp-content\/uploads\/2025\/06\/AeroportoBrasilia_DivulgacaoMPor.jpeg","keywords":["Aeroporto de Bras\u00edlia","aeroportos","ANAC","Minist\u00e9rio de Portos e Aeroportos","movimenta\u00e7\u00e3o a\u00e9rea","movimenta\u00e7\u00e3o de passageiros"],"articleSection":["Geral","Giro iNFRA"],"inLanguage":"pt-BR","copyrightYear":"2025","copyrightHolder":{"@id":"https:\/\/agenciainfra.com\/blog\/#organization"}},{"@type":"WebPage","@id":"https:\/\/agenciainfra.com\/blog\/movimentacao-em-aeroportos-do-centro-oeste-cresce-9-no-primeiro-semestre\/","url":"https:\/\/agenciainfra.com\/blog\/movimentacao-em-aeroportos-do-centro-oeste-cresce-9-no-primeiro-semestre\/","name":"Movimenta\u00e7\u00e3o em aeroportos do Centro-Oeste cresce 9% no primeiro semestre - Ag\u00eancia iNFRA","isPartOf":{"@id":"https:\/\/agenciainfra.com\/blog\/#website"},"primaryImageOfPage":{"@id":"https:\/\/agenciainfra.com\/blog\/movimentacao-em-aeroportos-do-centro-oeste-cresce-9-no-primeiro-semestre\/#primaryimage"},"image":{"@id":"https:\/\/agenciainfra.com\/blog\/movimentacao-em-aeroportos-do-centro-oeste-cresce-9-no-primeiro-semestre\/#primaryimage"},"thumbnailUrl":"https:\/\/agenciainfra.com\/blog\/wp-content\/uploads\/2025\/06\/AeroportoBrasilia_DivulgacaoMPor.jpeg","datePublished":"2025-08-07T19:30:35+00:00","dateModified":"2025-08-07T19:30:36+00:00","breadcrumb":{"@id":"https:\/\/agenciainfra.com\/blog\/movimentacao-em-aeroportos-do-centro-oeste-cresce-9-no-primeiro-semestre\/#breadcrumb"},"inLanguage":"pt-BR","potentialAction":[{"@type":"ReadAction","target":["https:\/\/agenciainfra.com\/blog\/movimentacao-em-aeroportos-do-centro-oeste-cresce-9-no-primeiro-semestre\/"]}]},{"@type":"ImageObject","inLanguage":"pt-BR","@id":"https:\/\/agenciainfra.com\/blog\/movimentacao-em-aeroportos-do-centro-oeste-cresce-9-no-primeiro-semestre\/#primaryimage","url":"https:\/\/agenciainfra.com\/blog\/wp-content\/uploads\/2025\/06\/AeroportoBrasilia_DivulgacaoMPor.jpeg","contentUrl":"https:\/\/agenciainfra.com\/blog\/wp-content\/uploads\/2025\/06\/AeroportoBrasilia_DivulgacaoMPor.jpeg","width":768,"height":512,"caption":"Foto: MPor\/Divulga\u00e7\u00e3o"},{"@type":"BreadcrumbList","@id":"https:\/\/agenciainfra.com\/blog\/movimentacao-em-aeroportos-do-centro-oeste-cresce-9-no-primeiro-semestre\/#breadcrumb","itemListElement":[{"@type":"ListItem","position":1,"name":"In\u00edcio","item":"https:\/\/agenciainfra.com\/blog\/"},{"@type":"ListItem","position":2,"name":"Movimenta\u00e7\u00e3o em aeroportos do Centro-Oeste cresce 9% no primeiro semestre"}]},{"@type":"WebSite","@id":"https:\/\/agenciainfra.com\/blog\/#website","url":"https:\/\/agenciainfra.com\/blog\/","name":"Ag\u00eancia iNFRA","description":"Multiplataforma de informa\u00e7\u00e3o jornal\u00edstica refer\u00eancia na \u00e1rea de infraestrutura no Brasil!","publisher":{"@id":"https:\/\/agenciainfra.com\/blog\/#organization"},"potentialAction":[{"@type":"SearchAction","target":{"@type":"EntryPoint","urlTemplate":"https:\/\/agenciainfra.com\/blog\/?s={search_term_string}"},"query-input":{"@type":"PropertyValueSpecification","valueRequired":true,"valueName":"search_term_string"}}],"inLanguage":"pt-BR"},{"@type":"Organization","@id":"https:\/\/agenciainfra.com\/blog\/#organization","name":"Ag\u00eancia iNFRA","url":"https:\/\/agenciainfra.com\/blog\/","logo":{"@type":"ImageObject","inLanguage":"pt-BR","@id":"https:\/\/agenciainfra.com\/blog\/#\/schema\/logo\/image\/","url":"https:\/\/agenciainfra.com\/blog\/wp-content\/uploads\/2023\/09\/iNFRA_5-e1761735885940.png","contentUrl":"https:\/\/agenciainfra.com\/blog\/wp-content\/uploads\/2023\/09\/iNFRA_5-e1761735885940.png","width":1672,"height":454,"caption":"Ag\u00eancia iNFRA"},"image":{"@id":"https:\/\/agenciainfra.com\/blog\/#\/schema\/logo\/image\/"},"sameAs":["https:\/\/www.facebook.com\/ageninfra","https:\/\/x.com\/agencia_infra","https:\/\/www.linkedin.com\/company\/ag\u00eanciainfra\/","https:\/\/www.instagram.com\/agenciainfra\/"]},{"@type":"Person","@id":"https:\/\/agenciainfra.com\/blog\/#\/schema\/person\/34af08dff6adea4cb22b06612ba7acfa","name":"Ag\u00eancia iNFRA","image":{"@type":"ImageObject","inLanguage":"pt-BR","@id":"https:\/\/agenciainfra.com\/blog\/#\/schema\/person\/image\/","url":"https:\/\/secure.gravatar.com\/avatar\/d189e01678f06d8eb84d4e01f08eb848b3fffe3f8443818d3c356c66892f5be8?s=96&d=mm&r=g","contentUrl":"https:\/\/secure.gravatar.com\/avatar\/d189e01678f06d8eb84d4e01f08eb848b3fffe3f8443818d3c356c66892f5be8?s=96&d=mm&r=g","caption":"Ag\u00eancia iNFRA"},"url":"https:\/\/agenciainfra.com\/blog\/author\/admin\/"}]}},"_links":{"self":[{"href":"https:\/\/agenciainfra.com\/blog\/wp-json\/wp\/v2\/posts\/25941","targetHints":{"allow":["GET"]}}],"collection":[{"href":"https:\/\/agenciainfra.com\/blog\/wp-json\/wp\/v2\/posts"}],"about":[{"href":"https:\/\/agenciainfra.com\/blog\/wp-json\/wp\/v2\/types\/post"}],"author":[{"embeddable":true,"href":"https:\/\/agenciainfra.com\/blog\/wp-json\/wp\/v2\/users\/1"}],"replies":[{"embeddable":true,"href":"https:\/\/agenciainfra.com\/blog\/wp-json\/wp\/v2\/comments?post=25941"}],"version-history":[{"count":2,"href":"https:\/\/agenciainfra.com\/blog\/wp-json\/wp\/v2\/posts\/25941\/revisions"}],"predecessor-version":[{"id":25944,"href":"https:\/\/agenciainfra.com\/blog\/wp-json\/wp\/v2\/posts\/25941\/revisions\/25944"}],"wp:featuredmedia":[{"embeddable":true,"href":"https:\/\/agenciainfra.com\/blog\/wp-json\/wp\/v2\/media\/23439"}],"wp:attachment":[{"href":"https:\/\/agenciainfra.com\/blog\/wp-json\/wp\/v2\/media?parent=25941"}],"wp:term":[{"taxonomy":"category","embeddable":true,"href":"https:\/\/agenciainfra.com\/blog\/wp-json\/wp\/v2\/categories?post=25941"},{"taxonomy":"post_tag","embeddable":true,"href":"https:\/\/agenciainfra.com\/blog\/wp-json\/wp\/v2\/tags?post=25941"}],"curies":[{"name":"wp","href":"https:\/\/api.w.org\/{rel}","templated":true}]}}