{"id":25968,"date":"2025-08-07T20:12:16","date_gmt":"2025-08-07T23:12:16","guid":{"rendered":"https:\/\/agenciainfra.com\/blog\/?p=25968"},"modified":"2025-08-08T15:02:53","modified_gmt":"2025-08-08T18:02:53","slug":"anp-aprova-consultas-publicas-sobre-acesso-a-terminais-de-gnl-e-resolucao-de-conflitos","status":"publish","type":"post","link":"https:\/\/agenciainfra.com\/blog\/anp-aprova-consultas-publicas-sobre-acesso-a-terminais-de-gnl-e-resolucao-de-conflitos\/","title":{"rendered":"ANP aprova consultas p\u00fablicas sobre acesso a terminais de GNL e resolu\u00e7\u00e3o de conflitos"},"content":{"rendered":"\n<p class=\"has-text-align-right\"><strong>Gabriel Vasconcelos, da Ag\u00eancia iNFRA<\/strong><\/p>\n\n\n\n<p>A diretoria colegiada da ANP (Ag\u00eancia Nacional de Petr\u00f3leo, G\u00e1s Natural e Biocombust\u00edveis) aprovou, no in\u00edcio da noite desta quinta-feira (7), a realiza\u00e7\u00e3o de duas consultas e audi\u00eancia p\u00fablicas relativas a duas futuras resolu\u00e7\u00f5es, relativas ao acesso de terceiros interessados a terminais de GNL e \u00e0 solu\u00e7\u00e3o de conflitos sobre acesso a infraestruturas de g\u00e1s em geral.<\/p>\n\n\n\n<p>As consultas v\u00e3o acontecer nos 45 dias entre 11 de agosto e 24 de novembro. Enquanto a audi\u00eancia p\u00fablica das duas resolu\u00e7\u00f5es foi marcada para 14 de outubro. A relatoria \u00e9 da diretoria 4, ocupada interinamente por Patr\u00edcia Baran.<\/p>\n\n\n\n<p>Al\u00e9m das duas resolu\u00e7\u00f5es colocadas em consulta p\u00fablica, o grupo de trabalho da ANP respons\u00e1vel pelo assunto elaborou uma instru\u00e7\u00e3o normativa para disciplinar a atua\u00e7\u00e3o da ANP na resolu\u00e7\u00e3o dos conflitos. Por ser interno \u00e0 autarquia, o documento n\u00e3o vai \u00e0 consulta. A ANP pode atuar nesses casos por solicita\u00e7\u00e3o de uma das partes (usu\u00e1rio terceiro ou propriet\u00e1rio) ou por meio de of\u00edcio, isto \u00e9, por iniciativa pr\u00f3pria quando identificar controv\u00e9rsias ou ind\u00edcio de condutas anticompetitivas.<\/p>\n\n\n\n<p><strong>Regulamenta\u00e7\u00e3o em dois tempos<\/strong><br>A ag\u00eancia j\u00e1 tinha resolvido desmembrar o processo regulat\u00f3rio relativo ao acesso de terceiros especificamente a gasodutos de escoamento Unidades de tratamento e processamento de g\u00e1s natural, as UPGNs.<\/p>\n\n\n\n<p>Segundo o diretor geral interino, Bruno Caselli, essa separa\u00e7\u00e3o foi necess\u00e1ria em virtude do decreto 12.153 de 2024, do programa &#8220;G\u00e1s Para Empregar&#8221; e que alterou o decreto 10.712 de 2021, que regulamentava a chamada Nova Lei do G\u00e1s. O decreto do ano passado inseriu novos termos para o chamado &#8220;acesso negociado e n\u00e3o discriminat\u00f3rio&#8221; de terceiros aos gasodutos de escoamento e UPGNs.<\/p>\n\n\n\n<p>&#8220;A op\u00e7\u00e3o de adiantar as regras para acesso aos terminais de GNL foi uma estrat\u00e9gia importante adotada pela ag\u00eancia para mitigar atrasos na agenda regulat\u00f3ria [2025-2026] da ANP, mas v\u00e1rios aspectos dos temas constantes da minuta do GNL tamb\u00e9m dever\u00e3o estar presentes na futura regulamenta\u00e7\u00e3o do acesso aos gasodutos de escoamento \u00e0s UPGNS&#8221;, disse Caselli. Ele lembrou que o assunto \u00e9 uma das prioridades da ag\u00eancia e dos mais esperados pelos agentes.<\/p>\n\n\n\n<p>Para o que entra agora no processo de participa\u00e7\u00e3o social (acesso a terminais de GNL e resolu\u00e7\u00e3o de conflitos em geral), portanto, os agentes ter\u00e3o acesso \u00e0s minutas propostas a partir da semana que vem. Elas contemplam pontos como princ\u00edpios de acesso; direito de prefer\u00eancia do propriet\u00e1rio; disponibiliza\u00e7\u00e3o de informa\u00e7\u00f5es sobre as instala\u00e7\u00f5es; prazo e forma para respostas (o que inclui a possibilidade de negativa fundamentada); diretrizes para negocia\u00e7\u00e3o; remunera\u00e7\u00e3o e interconex\u00e3o ao transporte e investimento de terceiros.<\/p>\n\n\n\n<p>Em sua participa\u00e7\u00e3o, o diretor Daniel Maia observou que o per\u00edodo de direito de prefer\u00eancia do propriet\u00e1rio, de 30 anos, deve valer, ap\u00f3s expans\u00f5es de capacidade, novamente nesse prazo cheio somente para a capacidade adicionada.<\/p>\n\n\n\n<p><\/p>\n","protected":false},"excerpt":{"rendered":"<p>Gabriel Vasconcelos, da Ag\u00eancia iNFRA A diretoria colegiada da ANP (Ag\u00eancia Nacional de Petr\u00f3leo, G\u00e1s Natural e Biocombust\u00edveis) aprovou, no in\u00edcio da noite desta quinta-feira (7), a realiza\u00e7\u00e3o de duas consultas e audi\u00eancia p\u00fablicas relativas a duas futuras resolu\u00e7\u00f5es, relativas ao acesso de terceiros interessados a terminais de GNL e \u00e0 solu\u00e7\u00e3o de conflitos sobre [&hellip;]<\/p>\n","protected":false},"author":1,"featured_media":12697,"comment_status":"closed","ping_status":"closed","sticky":false,"template":"","format":"standard","meta":{"_monsterinsights_skip_tracking":false,"_monsterinsights_sitenote_active":false,"_monsterinsights_sitenote_note":"","_monsterinsights_sitenote_category":0,"footnotes":""},"categories":[7250,1,13271],"tags":[1101,345,13251,1783],"class_list":["post-25968","post","type-post","status-publish","format-standard","has-post-thumbnail","hentry","category-destaque-lista","category-geral","category-oleo-gas","tag-anp","tag-consulta-publica","tag-gabriel-vasconcelos","tag-gnl"],"yoast_head":"<!-- This site is optimized with the Yoast SEO Premium plugin v25.4 (Yoast SEO v26.0) - https:\/\/yoast.com\/wordpress\/plugins\/seo\/ -->\n<title>ANP aprova consultas p\u00fablicas sobre acesso a terminais de GNL e resolu\u00e7\u00e3o de conflitos - Ag\u00eancia iNFRA<\/title>\n<meta name=\"robots\" content=\"index, follow, max-snippet:-1, max-image-preview:large, max-video-preview:-1\" \/>\n<link rel=\"canonical\" href=\"https:\/\/agenciainfra.com\/blog\/anp-aprova-consultas-publicas-sobre-acesso-a-terminais-de-gnl-e-resolucao-de-conflitos\/\" \/>\n<meta property=\"og:locale\" content=\"pt_BR\" \/>\n<meta property=\"og:type\" content=\"article\" \/>\n<meta property=\"og:title\" content=\"ANP aprova consultas p\u00fablicas sobre acesso a terminais de GNL e resolu\u00e7\u00e3o de conflitos\" \/>\n<meta property=\"og:description\" content=\"Gabriel Vasconcelos, da Ag\u00eancia iNFRA A diretoria colegiada da ANP (Ag\u00eancia Nacional de Petr\u00f3leo, G\u00e1s Natural e Biocombust\u00edveis) aprovou, no in\u00edcio da noite desta quinta-feira (7), a realiza\u00e7\u00e3o de duas consultas e audi\u00eancia p\u00fablicas relativas a duas futuras resolu\u00e7\u00f5es, relativas ao acesso de terceiros interessados a terminais de GNL e \u00e0 solu\u00e7\u00e3o de conflitos sobre [&hellip;]\" \/>\n<meta property=\"og:url\" content=\"https:\/\/agenciainfra.com\/blog\/anp-aprova-consultas-publicas-sobre-acesso-a-terminais-de-gnl-e-resolucao-de-conflitos\/\" \/>\n<meta property=\"og:site_name\" content=\"Ag\u00eancia iNFRA\" \/>\n<meta property=\"article:publisher\" content=\"https:\/\/www.facebook.com\/ageninfra\" \/>\n<meta property=\"article:published_time\" content=\"2025-08-07T23:12:16+00:00\" \/>\n<meta property=\"article:modified_time\" content=\"2025-08-08T18:02:53+00:00\" \/>\n<meta property=\"og:image\" content=\"https:\/\/agenciainfra.com\/blog\/wp-content\/uploads\/2023\/05\/logo-anp-foto-mme-saulo-cruz-e1748370900715.jpg\" \/>\n\t<meta property=\"og:image:width\" content=\"1280\" \/>\n\t<meta property=\"og:image:height\" content=\"766\" \/>\n\t<meta property=\"og:image:type\" content=\"image\/jpeg\" \/>\n<meta name=\"author\" content=\"Ag\u00eancia iNFRA\" \/>\n<meta name=\"twitter:card\" content=\"summary_large_image\" \/>\n<meta name=\"twitter:creator\" content=\"@agencia_infra\" \/>\n<meta name=\"twitter:site\" content=\"@agencia_infra\" \/>\n<meta name=\"twitter:label1\" content=\"Escrito por\" \/>\n\t<meta name=\"twitter:data1\" content=\"Ag\u00eancia iNFRA\" \/>\n\t<meta name=\"twitter:label2\" content=\"Est. tempo de leitura\" \/>\n\t<meta name=\"twitter:data2\" content=\"3 minutos\" \/>\n<script type=\"application\/ld+json\" class=\"yoast-schema-graph\">{\"@context\":\"https:\/\/schema.org\",\"@graph\":[{\"@type\":\"Article\",\"@id\":\"https:\/\/agenciainfra.com\/blog\/anp-aprova-consultas-publicas-sobre-acesso-a-terminais-de-gnl-e-resolucao-de-conflitos\/#article\",\"isPartOf\":{\"@id\":\"https:\/\/agenciainfra.com\/blog\/anp-aprova-consultas-publicas-sobre-acesso-a-terminais-de-gnl-e-resolucao-de-conflitos\/\"},\"author\":{\"name\":\"Ag\u00eancia iNFRA\",\"@id\":\"https:\/\/agenciainfra.com\/blog\/#\/schema\/person\/34af08dff6adea4cb22b06612ba7acfa\"},\"headline\":\"ANP aprova consultas p\u00fablicas sobre acesso a terminais de GNL e resolu\u00e7\u00e3o de conflitos\",\"datePublished\":\"2025-08-07T23:12:16+00:00\",\"dateModified\":\"2025-08-08T18:02:53+00:00\",\"mainEntityOfPage\":{\"@id\":\"https:\/\/agenciainfra.com\/blog\/anp-aprova-consultas-publicas-sobre-acesso-a-terminais-de-gnl-e-resolucao-de-conflitos\/\"},\"wordCount\":526,\"publisher\":{\"@id\":\"https:\/\/agenciainfra.com\/blog\/#organization\"},\"image\":{\"@id\":\"https:\/\/agenciainfra.com\/blog\/anp-aprova-consultas-publicas-sobre-acesso-a-terminais-de-gnl-e-resolucao-de-conflitos\/#primaryimage\"},\"thumbnailUrl\":\"https:\/\/agenciainfra.com\/blog\/wp-content\/uploads\/2023\/05\/logo-anp-foto-mme-saulo-cruz-e1748370900715.jpg\",\"keywords\":[\"ANP\",\"consulta p\u00fablica\",\"Gabriel Vasconcelos\",\"GNL\"],\"articleSection\":[\"Destaque lista\",\"Geral\",\"\u00d3leo &amp; G\u00e1s\"],\"inLanguage\":\"pt-BR\",\"copyrightYear\":\"2025\",\"copyrightHolder\":{\"@id\":\"https:\/\/agenciainfra.com\/blog\/#organization\"}},{\"@type\":\"WebPage\",\"@id\":\"https:\/\/agenciainfra.com\/blog\/anp-aprova-consultas-publicas-sobre-acesso-a-terminais-de-gnl-e-resolucao-de-conflitos\/\",\"url\":\"https:\/\/agenciainfra.com\/blog\/anp-aprova-consultas-publicas-sobre-acesso-a-terminais-de-gnl-e-resolucao-de-conflitos\/\",\"name\":\"ANP aprova consultas p\u00fablicas sobre acesso a terminais de GNL e resolu\u00e7\u00e3o de conflitos - Ag\u00eancia iNFRA\",\"isPartOf\":{\"@id\":\"https:\/\/agenciainfra.com\/blog\/#website\"},\"primaryImageOfPage\":{\"@id\":\"https:\/\/agenciainfra.com\/blog\/anp-aprova-consultas-publicas-sobre-acesso-a-terminais-de-gnl-e-resolucao-de-conflitos\/#primaryimage\"},\"image\":{\"@id\":\"https:\/\/agenciainfra.com\/blog\/anp-aprova-consultas-publicas-sobre-acesso-a-terminais-de-gnl-e-resolucao-de-conflitos\/#primaryimage\"},\"thumbnailUrl\":\"https:\/\/agenciainfra.com\/blog\/wp-content\/uploads\/2023\/05\/logo-anp-foto-mme-saulo-cruz-e1748370900715.jpg\",\"datePublished\":\"2025-08-07T23:12:16+00:00\",\"dateModified\":\"2025-08-08T18:02:53+00:00\",\"breadcrumb\":{\"@id\":\"https:\/\/agenciainfra.com\/blog\/anp-aprova-consultas-publicas-sobre-acesso-a-terminais-de-gnl-e-resolucao-de-conflitos\/#breadcrumb\"},\"inLanguage\":\"pt-BR\",\"potentialAction\":[{\"@type\":\"ReadAction\",\"target\":[\"https:\/\/agenciainfra.com\/blog\/anp-aprova-consultas-publicas-sobre-acesso-a-terminais-de-gnl-e-resolucao-de-conflitos\/\"]}]},{\"@type\":\"ImageObject\",\"inLanguage\":\"pt-BR\",\"@id\":\"https:\/\/agenciainfra.com\/blog\/anp-aprova-consultas-publicas-sobre-acesso-a-terminais-de-gnl-e-resolucao-de-conflitos\/#primaryimage\",\"url\":\"https:\/\/agenciainfra.com\/blog\/wp-content\/uploads\/2023\/05\/logo-anp-foto-mme-saulo-cruz-e1748370900715.jpg\",\"contentUrl\":\"https:\/\/agenciainfra.com\/blog\/wp-content\/uploads\/2023\/05\/logo-anp-foto-mme-saulo-cruz-e1748370900715.jpg\",\"width\":1280,\"height\":766,\"caption\":\"Foto: Saulo Cruz\/MME\"},{\"@type\":\"BreadcrumbList\",\"@id\":\"https:\/\/agenciainfra.com\/blog\/anp-aprova-consultas-publicas-sobre-acesso-a-terminais-de-gnl-e-resolucao-de-conflitos\/#breadcrumb\",\"itemListElement\":[{\"@type\":\"ListItem\",\"position\":1,\"name\":\"In\u00edcio\",\"item\":\"https:\/\/agenciainfra.com\/blog\/\"},{\"@type\":\"ListItem\",\"position\":2,\"name\":\"ANP aprova consultas p\u00fablicas sobre acesso a terminais de GNL e resolu\u00e7\u00e3o de conflitos\"}]},{\"@type\":\"WebSite\",\"@id\":\"https:\/\/agenciainfra.com\/blog\/#website\",\"url\":\"https:\/\/agenciainfra.com\/blog\/\",\"name\":\"Ag\u00eancia iNFRA\",\"description\":\"Multiplataforma de informa\u00e7\u00e3o jornal\u00edstica refer\u00eancia na \u00e1rea de infraestrutura no Brasil!\",\"publisher\":{\"@id\":\"https:\/\/agenciainfra.com\/blog\/#organization\"},\"potentialAction\":[{\"@type\":\"SearchAction\",\"target\":{\"@type\":\"EntryPoint\",\"urlTemplate\":\"https:\/\/agenciainfra.com\/blog\/?s={search_term_string}\"},\"query-input\":{\"@type\":\"PropertyValueSpecification\",\"valueRequired\":true,\"valueName\":\"search_term_string\"}}],\"inLanguage\":\"pt-BR\"},{\"@type\":\"Organization\",\"@id\":\"https:\/\/agenciainfra.com\/blog\/#organization\",\"name\":\"Ag\u00eancia iNFRA\",\"url\":\"https:\/\/agenciainfra.com\/blog\/\",\"logo\":{\"@type\":\"ImageObject\",\"inLanguage\":\"pt-BR\",\"@id\":\"https:\/\/agenciainfra.com\/blog\/#\/schema\/logo\/image\/\",\"url\":\"https:\/\/agenciainfra.com\/blog\/wp-content\/uploads\/2023\/09\/iNFRA_5-e1761735885940.png\",\"contentUrl\":\"https:\/\/agenciainfra.com\/blog\/wp-content\/uploads\/2023\/09\/iNFRA_5-e1761735885940.png\",\"width\":1672,\"height\":454,\"caption\":\"Ag\u00eancia iNFRA\"},\"image\":{\"@id\":\"https:\/\/agenciainfra.com\/blog\/#\/schema\/logo\/image\/\"},\"sameAs\":[\"https:\/\/www.facebook.com\/ageninfra\",\"https:\/\/x.com\/agencia_infra\",\"https:\/\/www.linkedin.com\/company\/ag\u00eanciainfra\/\",\"https:\/\/www.instagram.com\/agenciainfra\/\"]},{\"@type\":\"Person\",\"@id\":\"https:\/\/agenciainfra.com\/blog\/#\/schema\/person\/34af08dff6adea4cb22b06612ba7acfa\",\"name\":\"Ag\u00eancia iNFRA\",\"image\":{\"@type\":\"ImageObject\",\"inLanguage\":\"pt-BR\",\"@id\":\"https:\/\/agenciainfra.com\/blog\/#\/schema\/person\/image\/\",\"url\":\"https:\/\/secure.gravatar.com\/avatar\/d189e01678f06d8eb84d4e01f08eb848b3fffe3f8443818d3c356c66892f5be8?s=96&d=mm&r=g\",\"contentUrl\":\"https:\/\/secure.gravatar.com\/avatar\/d189e01678f06d8eb84d4e01f08eb848b3fffe3f8443818d3c356c66892f5be8?s=96&d=mm&r=g\",\"caption\":\"Ag\u00eancia iNFRA\"},\"url\":\"https:\/\/agenciainfra.com\/blog\/author\/admin\/\"}]}<\/script>\n<!-- \/ Yoast SEO Premium plugin. -->","yoast_head_json":{"title":"ANP aprova consultas p\u00fablicas sobre acesso a terminais de GNL e resolu\u00e7\u00e3o de conflitos - Ag\u00eancia iNFRA","robots":{"index":"index","follow":"follow","max-snippet":"max-snippet:-1","max-image-preview":"max-image-preview:large","max-video-preview":"max-video-preview:-1"},"canonical":"https:\/\/agenciainfra.com\/blog\/anp-aprova-consultas-publicas-sobre-acesso-a-terminais-de-gnl-e-resolucao-de-conflitos\/","og_locale":"pt_BR","og_type":"article","og_title":"ANP aprova consultas p\u00fablicas sobre acesso a terminais de GNL e resolu\u00e7\u00e3o de conflitos","og_description":"Gabriel Vasconcelos, da Ag\u00eancia iNFRA A diretoria colegiada da ANP (Ag\u00eancia Nacional de Petr\u00f3leo, G\u00e1s Natural e Biocombust\u00edveis) aprovou, no in\u00edcio da noite desta quinta-feira (7), a realiza\u00e7\u00e3o de duas consultas e audi\u00eancia p\u00fablicas relativas a duas futuras resolu\u00e7\u00f5es, relativas ao acesso de terceiros interessados a terminais de GNL e \u00e0 solu\u00e7\u00e3o de conflitos sobre [&hellip;]","og_url":"https:\/\/agenciainfra.com\/blog\/anp-aprova-consultas-publicas-sobre-acesso-a-terminais-de-gnl-e-resolucao-de-conflitos\/","og_site_name":"Ag\u00eancia iNFRA","article_publisher":"https:\/\/www.facebook.com\/ageninfra","article_published_time":"2025-08-07T23:12:16+00:00","article_modified_time":"2025-08-08T18:02:53+00:00","og_image":[{"width":1280,"height":766,"url":"https:\/\/agenciainfra.com\/blog\/wp-content\/uploads\/2023\/05\/logo-anp-foto-mme-saulo-cruz-e1748370900715.jpg","type":"image\/jpeg"}],"author":"Ag\u00eancia iNFRA","twitter_card":"summary_large_image","twitter_creator":"@agencia_infra","twitter_site":"@agencia_infra","twitter_misc":{"Escrito por":"Ag\u00eancia iNFRA","Est. tempo de leitura":"3 minutos"},"schema":{"@context":"https:\/\/schema.org","@graph":[{"@type":"Article","@id":"https:\/\/agenciainfra.com\/blog\/anp-aprova-consultas-publicas-sobre-acesso-a-terminais-de-gnl-e-resolucao-de-conflitos\/#article","isPartOf":{"@id":"https:\/\/agenciainfra.com\/blog\/anp-aprova-consultas-publicas-sobre-acesso-a-terminais-de-gnl-e-resolucao-de-conflitos\/"},"author":{"name":"Ag\u00eancia iNFRA","@id":"https:\/\/agenciainfra.com\/blog\/#\/schema\/person\/34af08dff6adea4cb22b06612ba7acfa"},"headline":"ANP aprova consultas p\u00fablicas sobre acesso a terminais de GNL e resolu\u00e7\u00e3o de conflitos","datePublished":"2025-08-07T23:12:16+00:00","dateModified":"2025-08-08T18:02:53+00:00","mainEntityOfPage":{"@id":"https:\/\/agenciainfra.com\/blog\/anp-aprova-consultas-publicas-sobre-acesso-a-terminais-de-gnl-e-resolucao-de-conflitos\/"},"wordCount":526,"publisher":{"@id":"https:\/\/agenciainfra.com\/blog\/#organization"},"image":{"@id":"https:\/\/agenciainfra.com\/blog\/anp-aprova-consultas-publicas-sobre-acesso-a-terminais-de-gnl-e-resolucao-de-conflitos\/#primaryimage"},"thumbnailUrl":"https:\/\/agenciainfra.com\/blog\/wp-content\/uploads\/2023\/05\/logo-anp-foto-mme-saulo-cruz-e1748370900715.jpg","keywords":["ANP","consulta p\u00fablica","Gabriel Vasconcelos","GNL"],"articleSection":["Destaque lista","Geral","\u00d3leo &amp; G\u00e1s"],"inLanguage":"pt-BR","copyrightYear":"2025","copyrightHolder":{"@id":"https:\/\/agenciainfra.com\/blog\/#organization"}},{"@type":"WebPage","@id":"https:\/\/agenciainfra.com\/blog\/anp-aprova-consultas-publicas-sobre-acesso-a-terminais-de-gnl-e-resolucao-de-conflitos\/","url":"https:\/\/agenciainfra.com\/blog\/anp-aprova-consultas-publicas-sobre-acesso-a-terminais-de-gnl-e-resolucao-de-conflitos\/","name":"ANP aprova consultas p\u00fablicas sobre acesso a terminais de GNL e resolu\u00e7\u00e3o de conflitos - Ag\u00eancia iNFRA","isPartOf":{"@id":"https:\/\/agenciainfra.com\/blog\/#website"},"primaryImageOfPage":{"@id":"https:\/\/agenciainfra.com\/blog\/anp-aprova-consultas-publicas-sobre-acesso-a-terminais-de-gnl-e-resolucao-de-conflitos\/#primaryimage"},"image":{"@id":"https:\/\/agenciainfra.com\/blog\/anp-aprova-consultas-publicas-sobre-acesso-a-terminais-de-gnl-e-resolucao-de-conflitos\/#primaryimage"},"thumbnailUrl":"https:\/\/agenciainfra.com\/blog\/wp-content\/uploads\/2023\/05\/logo-anp-foto-mme-saulo-cruz-e1748370900715.jpg","datePublished":"2025-08-07T23:12:16+00:00","dateModified":"2025-08-08T18:02:53+00:00","breadcrumb":{"@id":"https:\/\/agenciainfra.com\/blog\/anp-aprova-consultas-publicas-sobre-acesso-a-terminais-de-gnl-e-resolucao-de-conflitos\/#breadcrumb"},"inLanguage":"pt-BR","potentialAction":[{"@type":"ReadAction","target":["https:\/\/agenciainfra.com\/blog\/anp-aprova-consultas-publicas-sobre-acesso-a-terminais-de-gnl-e-resolucao-de-conflitos\/"]}]},{"@type":"ImageObject","inLanguage":"pt-BR","@id":"https:\/\/agenciainfra.com\/blog\/anp-aprova-consultas-publicas-sobre-acesso-a-terminais-de-gnl-e-resolucao-de-conflitos\/#primaryimage","url":"https:\/\/agenciainfra.com\/blog\/wp-content\/uploads\/2023\/05\/logo-anp-foto-mme-saulo-cruz-e1748370900715.jpg","contentUrl":"https:\/\/agenciainfra.com\/blog\/wp-content\/uploads\/2023\/05\/logo-anp-foto-mme-saulo-cruz-e1748370900715.jpg","width":1280,"height":766,"caption":"Foto: Saulo Cruz\/MME"},{"@type":"BreadcrumbList","@id":"https:\/\/agenciainfra.com\/blog\/anp-aprova-consultas-publicas-sobre-acesso-a-terminais-de-gnl-e-resolucao-de-conflitos\/#breadcrumb","itemListElement":[{"@type":"ListItem","position":1,"name":"In\u00edcio","item":"https:\/\/agenciainfra.com\/blog\/"},{"@type":"ListItem","position":2,"name":"ANP aprova consultas p\u00fablicas sobre acesso a terminais de GNL e resolu\u00e7\u00e3o de conflitos"}]},{"@type":"WebSite","@id":"https:\/\/agenciainfra.com\/blog\/#website","url":"https:\/\/agenciainfra.com\/blog\/","name":"Ag\u00eancia iNFRA","description":"Multiplataforma de informa\u00e7\u00e3o jornal\u00edstica refer\u00eancia na \u00e1rea de infraestrutura no Brasil!","publisher":{"@id":"https:\/\/agenciainfra.com\/blog\/#organization"},"potentialAction":[{"@type":"SearchAction","target":{"@type":"EntryPoint","urlTemplate":"https:\/\/agenciainfra.com\/blog\/?s={search_term_string}"},"query-input":{"@type":"PropertyValueSpecification","valueRequired":true,"valueName":"search_term_string"}}],"inLanguage":"pt-BR"},{"@type":"Organization","@id":"https:\/\/agenciainfra.com\/blog\/#organization","name":"Ag\u00eancia iNFRA","url":"https:\/\/agenciainfra.com\/blog\/","logo":{"@type":"ImageObject","inLanguage":"pt-BR","@id":"https:\/\/agenciainfra.com\/blog\/#\/schema\/logo\/image\/","url":"https:\/\/agenciainfra.com\/blog\/wp-content\/uploads\/2023\/09\/iNFRA_5-e1761735885940.png","contentUrl":"https:\/\/agenciainfra.com\/blog\/wp-content\/uploads\/2023\/09\/iNFRA_5-e1761735885940.png","width":1672,"height":454,"caption":"Ag\u00eancia iNFRA"},"image":{"@id":"https:\/\/agenciainfra.com\/blog\/#\/schema\/logo\/image\/"},"sameAs":["https:\/\/www.facebook.com\/ageninfra","https:\/\/x.com\/agencia_infra","https:\/\/www.linkedin.com\/company\/ag\u00eanciainfra\/","https:\/\/www.instagram.com\/agenciainfra\/"]},{"@type":"Person","@id":"https:\/\/agenciainfra.com\/blog\/#\/schema\/person\/34af08dff6adea4cb22b06612ba7acfa","name":"Ag\u00eancia iNFRA","image":{"@type":"ImageObject","inLanguage":"pt-BR","@id":"https:\/\/agenciainfra.com\/blog\/#\/schema\/person\/image\/","url":"https:\/\/secure.gravatar.com\/avatar\/d189e01678f06d8eb84d4e01f08eb848b3fffe3f8443818d3c356c66892f5be8?s=96&d=mm&r=g","contentUrl":"https:\/\/secure.gravatar.com\/avatar\/d189e01678f06d8eb84d4e01f08eb848b3fffe3f8443818d3c356c66892f5be8?s=96&d=mm&r=g","caption":"Ag\u00eancia iNFRA"},"url":"https:\/\/agenciainfra.com\/blog\/author\/admin\/"}]}},"_links":{"self":[{"href":"https:\/\/agenciainfra.com\/blog\/wp-json\/wp\/v2\/posts\/25968","targetHints":{"allow":["GET"]}}],"collection":[{"href":"https:\/\/agenciainfra.com\/blog\/wp-json\/wp\/v2\/posts"}],"about":[{"href":"https:\/\/agenciainfra.com\/blog\/wp-json\/wp\/v2\/types\/post"}],"author":[{"embeddable":true,"href":"https:\/\/agenciainfra.com\/blog\/wp-json\/wp\/v2\/users\/1"}],"replies":[{"embeddable":true,"href":"https:\/\/agenciainfra.com\/blog\/wp-json\/wp\/v2\/comments?post=25968"}],"version-history":[{"count":1,"href":"https:\/\/agenciainfra.com\/blog\/wp-json\/wp\/v2\/posts\/25968\/revisions"}],"predecessor-version":[{"id":25969,"href":"https:\/\/agenciainfra.com\/blog\/wp-json\/wp\/v2\/posts\/25968\/revisions\/25969"}],"wp:featuredmedia":[{"embeddable":true,"href":"https:\/\/agenciainfra.com\/blog\/wp-json\/wp\/v2\/media\/12697"}],"wp:attachment":[{"href":"https:\/\/agenciainfra.com\/blog\/wp-json\/wp\/v2\/media?parent=25968"}],"wp:term":[{"taxonomy":"category","embeddable":true,"href":"https:\/\/agenciainfra.com\/blog\/wp-json\/wp\/v2\/categories?post=25968"},{"taxonomy":"post_tag","embeddable":true,"href":"https:\/\/agenciainfra.com\/blog\/wp-json\/wp\/v2\/tags?post=25968"}],"curies":[{"name":"wp","href":"https:\/\/api.w.org\/{rel}","templated":true}]}}