{"id":25975,"date":"2025-08-07T21:02:57","date_gmt":"2025-08-08T00:02:57","guid":{"rendered":"https:\/\/agenciainfra.com\/blog\/?p=25975"},"modified":"2025-08-08T15:53:24","modified_gmt":"2025-08-08T18:53:24","slug":"anp-aprova-resolucao-sobre-producao-de-biocombustiveis-e-inclui-bioqav-e-diesel-verde","status":"publish","type":"post","link":"https:\/\/agenciainfra.com\/blog\/anp-aprova-resolucao-sobre-producao-de-biocombustiveis-e-inclui-bioqav-e-diesel-verde\/","title":{"rendered":"ANP aprova resolu\u00e7\u00e3o sobre produ\u00e7\u00e3o de biocombust\u00edveis e inclui bioQAV e diesel verde"},"content":{"rendered":"\n<p class=\"has-text-align-right\"><strong>Gabriel Vasconcelos, da Ag\u00eancia iNFRA<\/strong><\/p>\n\n\n\n<p>A diretoria colegiada da ANP (Ag\u00eancia Nacional do Petr\u00f3leo, G\u00e1s Natural e Biocombust\u00edveis) aprovou nesta quinta-feira (7) a resolu\u00e7\u00e3o que vai substituir a antiga 734\/2018, que regulamenta a produ\u00e7\u00e3o de biocombust\u00edveis. Foram inclu\u00eddos o chamado diesel verde e o bioQAV (bioquerosene de avia\u00e7\u00e3o), que dever\u00e1 constar na norma como &#8220;querosene de avia\u00e7\u00e3o alternativo oriundo de biomassa&#8221;.<\/p>\n\n\n\n<p>Al\u00e9m disso, a nova norma amplia a possibilidade de outorga de produ\u00e7\u00e3o de biocombust\u00edveis para produtores de derivados de petr\u00f3leo e g\u00e1s natural que possuam uma unidade em suas instala\u00e7\u00f5es dedicada ao processamneto de biomassa.<\/p>\n\n\n\n<p>Para al\u00e9m disso, a diretoria da ANP fez uma s\u00e9rie de aprimoramentos nas regras, como dispensa de autoriza\u00e7\u00e3o de opera\u00e7\u00e3o para finalidade de consumo pr\u00f3prio e produtos n\u00e3o regulados, o que vai al\u00e9m da atual dispensa que abrange fins de gera\u00e7\u00e3o de energia el\u00e9trica. As autoriza\u00e7\u00e3o tamb\u00e9m n\u00e3o mais v\u00e3o ser diferenciadas por produto (hoje h\u00e1 especificidade para biodiesel, biometano e etanol), mas ser\u00e3o gen\u00e9ricas.<\/p>\n\n\n\n<p><strong>Outras mudan\u00e7as<br><\/strong>Fica flexibilizada a exig\u00eancia de vistorias, que poder\u00e3o ser remotas para a amplia\u00e7\u00e3o de capacidade, a depender a complexidade do projeto, e n\u00e3o ter\u00e3o de acontecer necessariamente antes da emiss\u00e3o de autoriza\u00e7\u00e3o de opera\u00e7\u00e3o. Vistorias para aumento de armazenagem tamb\u00e9m foram extintas. Mas, em ambos os casos, o fim das vistorias vai implicar no aumento da lista de documentos a serem eviados \u00e0 ANP previamente.<\/p>\n\n\n\n<p>Em caso de amplia\u00e7\u00e3o, ficam permitidos os testes de capacidade sem adi\u00e7\u00e3o de novos equipamentos com aprova\u00e7\u00e3o pr\u00e9via pela ANP e por no m\u00e1ximo 90 dias. Ao fim do per\u00edodo, a empresa dever\u00e1 enviar relat\u00f3rio final do teste para a ag\u00eancia. A opera\u00e7\u00e3o definitiva s\u00f3 vai poder acontecer ap\u00f3s a obten\u00e7\u00e3o da autoriza\u00e7\u00e3o de opera\u00e7\u00e3o.<\/p>\n\n\n\n<p><strong>Comercializa\u00e7\u00e3o<br><\/strong>O trecho da resolu\u00e7\u00e3o que trata de comercializa\u00e7\u00e3o passa a contemplar transportadores dutovi\u00e1rios e operadores de terminal no caso de todos os produtos. No etanol, h\u00e1 inclus\u00e3o de previs\u00f5es para centrais hidrel\u00e9tricas autorizadas ou concedidas pela ANEEL. E, no caso de agentes produtores de biodiesel, fica expressa a veda\u00e7\u00e3o de venda de metanol e consequente responsabiliza\u00e7\u00e3o por eventual destina\u00e7\u00e3o indevida desse produto.<\/p>\n\n\n\n<p>Em sua participa\u00e7\u00e3o, o diretor Daniel Maia observou a inexist\u00eancia de autoriza\u00e7\u00f5es de constru\u00e7\u00e3o, substitu\u00edda pela comunica\u00e7\u00e3o e envio de informa\u00e7\u00f5es \u00e0 ANP, o que foi acatado de pronto por Symone Ara\u00fajo na reda\u00e7\u00e3o da resolu\u00e7\u00e3o alterada.<\/p>\n\n\n\n<p><\/p>\n","protected":false},"excerpt":{"rendered":"<p>Gabriel Vasconcelos, da Ag\u00eancia iNFRA A diretoria colegiada da ANP (Ag\u00eancia Nacional do Petr\u00f3leo, G\u00e1s Natural e Biocombust\u00edveis) aprovou nesta quinta-feira (7) a resolu\u00e7\u00e3o que vai substituir a antiga 734\/2018, que regulamenta a produ\u00e7\u00e3o de biocombust\u00edveis. Foram inclu\u00eddos o chamado diesel verde e o bioQAV (bioquerosene de avia\u00e7\u00e3o), que dever\u00e1 constar na norma como &#8220;querosene [&hellip;]<\/p>\n","protected":false},"author":1,"featured_media":24196,"comment_status":"closed","ping_status":"closed","sticky":false,"template":"","format":"standard","meta":{"_monsterinsights_skip_tracking":false,"_monsterinsights_sitenote_active":false,"_monsterinsights_sitenote_note":"","_monsterinsights_sitenote_category":0,"footnotes":""},"categories":[7250,1,13271],"tags":[1101,2474,14771,13251],"class_list":["post-25975","post","type-post","status-publish","format-standard","has-post-thumbnail","hentry","category-destaque-lista","category-geral","category-oleo-gas","tag-anp","tag-biocombustiveis","tag-bioqav","tag-gabriel-vasconcelos"],"yoast_head":"<!-- This site is optimized with the Yoast SEO Premium plugin v25.4 (Yoast SEO v26.0) - https:\/\/yoast.com\/wordpress\/plugins\/seo\/ -->\n<title>ANP aprova resolu\u00e7\u00e3o sobre produ\u00e7\u00e3o de biocombust\u00edveis e inclui bioQAV e diesel verde - Ag\u00eancia iNFRA<\/title>\n<meta name=\"robots\" content=\"index, follow, max-snippet:-1, max-image-preview:large, max-video-preview:-1\" \/>\n<link rel=\"canonical\" href=\"https:\/\/agenciainfra.com\/blog\/anp-aprova-resolucao-sobre-producao-de-biocombustiveis-e-inclui-bioqav-e-diesel-verde\/\" \/>\n<meta property=\"og:locale\" content=\"pt_BR\" \/>\n<meta property=\"og:type\" content=\"article\" \/>\n<meta property=\"og:title\" content=\"ANP aprova resolu\u00e7\u00e3o sobre produ\u00e7\u00e3o de biocombust\u00edveis e inclui bioQAV e diesel verde\" \/>\n<meta property=\"og:description\" content=\"Gabriel Vasconcelos, da Ag\u00eancia iNFRA A diretoria colegiada da ANP (Ag\u00eancia Nacional do Petr\u00f3leo, G\u00e1s Natural e Biocombust\u00edveis) aprovou nesta quinta-feira (7) a resolu\u00e7\u00e3o que vai substituir a antiga 734\/2018, que regulamenta a produ\u00e7\u00e3o de biocombust\u00edveis. Foram inclu\u00eddos o chamado diesel verde e o bioQAV (bioquerosene de avia\u00e7\u00e3o), que dever\u00e1 constar na norma como &#8220;querosene [&hellip;]\" \/>\n<meta property=\"og:url\" content=\"https:\/\/agenciainfra.com\/blog\/anp-aprova-resolucao-sobre-producao-de-biocombustiveis-e-inclui-bioqav-e-diesel-verde\/\" \/>\n<meta property=\"og:site_name\" content=\"Ag\u00eancia iNFRA\" \/>\n<meta property=\"article:publisher\" content=\"https:\/\/www.facebook.com\/ageninfra\" \/>\n<meta property=\"article:published_time\" content=\"2025-08-08T00:02:57+00:00\" \/>\n<meta property=\"article:modified_time\" content=\"2025-08-08T18:53:24+00:00\" \/>\n<meta property=\"og:image\" content=\"https:\/\/agenciainfra.com\/blog\/wp-content\/uploads\/2025\/07\/usina-de-biodiesel-de-cuiaba-foto-grupo-delta-energia-divulgacao.jpg\" \/>\n\t<meta property=\"og:image:width\" content=\"1280\" \/>\n\t<meta property=\"og:image:height\" content=\"719\" \/>\n\t<meta property=\"og:image:type\" content=\"image\/jpeg\" \/>\n<meta name=\"author\" content=\"Ag\u00eancia iNFRA\" \/>\n<meta name=\"twitter:card\" content=\"summary_large_image\" \/>\n<meta name=\"twitter:creator\" content=\"@agencia_infra\" \/>\n<meta name=\"twitter:site\" content=\"@agencia_infra\" \/>\n<meta name=\"twitter:label1\" content=\"Escrito por\" \/>\n\t<meta name=\"twitter:data1\" content=\"Ag\u00eancia iNFRA\" \/>\n\t<meta name=\"twitter:label2\" content=\"Est. tempo de leitura\" \/>\n\t<meta name=\"twitter:data2\" content=\"2 minutos\" \/>\n<script type=\"application\/ld+json\" class=\"yoast-schema-graph\">{\"@context\":\"https:\/\/schema.org\",\"@graph\":[{\"@type\":\"Article\",\"@id\":\"https:\/\/agenciainfra.com\/blog\/anp-aprova-resolucao-sobre-producao-de-biocombustiveis-e-inclui-bioqav-e-diesel-verde\/#article\",\"isPartOf\":{\"@id\":\"https:\/\/agenciainfra.com\/blog\/anp-aprova-resolucao-sobre-producao-de-biocombustiveis-e-inclui-bioqav-e-diesel-verde\/\"},\"author\":{\"name\":\"Ag\u00eancia iNFRA\",\"@id\":\"https:\/\/agenciainfra.com\/blog\/#\/schema\/person\/34af08dff6adea4cb22b06612ba7acfa\"},\"headline\":\"ANP aprova resolu\u00e7\u00e3o sobre produ\u00e7\u00e3o de biocombust\u00edveis e inclui bioQAV e diesel verde\",\"datePublished\":\"2025-08-08T00:02:57+00:00\",\"dateModified\":\"2025-08-08T18:53:24+00:00\",\"mainEntityOfPage\":{\"@id\":\"https:\/\/agenciainfra.com\/blog\/anp-aprova-resolucao-sobre-producao-de-biocombustiveis-e-inclui-bioqav-e-diesel-verde\/\"},\"wordCount\":469,\"publisher\":{\"@id\":\"https:\/\/agenciainfra.com\/blog\/#organization\"},\"image\":{\"@id\":\"https:\/\/agenciainfra.com\/blog\/anp-aprova-resolucao-sobre-producao-de-biocombustiveis-e-inclui-bioqav-e-diesel-verde\/#primaryimage\"},\"thumbnailUrl\":\"https:\/\/agenciainfra.com\/blog\/wp-content\/uploads\/2025\/07\/usina-de-biodiesel-de-cuiaba-foto-grupo-delta-energia-divulgacao.jpg\",\"keywords\":[\"ANP\",\"biocombust\u00edveis\",\"bioQAV\",\"Gabriel Vasconcelos\"],\"articleSection\":[\"Destaque lista\",\"Geral\",\"\u00d3leo &amp; G\u00e1s\"],\"inLanguage\":\"pt-BR\",\"copyrightYear\":\"2025\",\"copyrightHolder\":{\"@id\":\"https:\/\/agenciainfra.com\/blog\/#organization\"}},{\"@type\":\"WebPage\",\"@id\":\"https:\/\/agenciainfra.com\/blog\/anp-aprova-resolucao-sobre-producao-de-biocombustiveis-e-inclui-bioqav-e-diesel-verde\/\",\"url\":\"https:\/\/agenciainfra.com\/blog\/anp-aprova-resolucao-sobre-producao-de-biocombustiveis-e-inclui-bioqav-e-diesel-verde\/\",\"name\":\"ANP aprova resolu\u00e7\u00e3o sobre produ\u00e7\u00e3o de biocombust\u00edveis e inclui bioQAV e diesel verde - Ag\u00eancia iNFRA\",\"isPartOf\":{\"@id\":\"https:\/\/agenciainfra.com\/blog\/#website\"},\"primaryImageOfPage\":{\"@id\":\"https:\/\/agenciainfra.com\/blog\/anp-aprova-resolucao-sobre-producao-de-biocombustiveis-e-inclui-bioqav-e-diesel-verde\/#primaryimage\"},\"image\":{\"@id\":\"https:\/\/agenciainfra.com\/blog\/anp-aprova-resolucao-sobre-producao-de-biocombustiveis-e-inclui-bioqav-e-diesel-verde\/#primaryimage\"},\"thumbnailUrl\":\"https:\/\/agenciainfra.com\/blog\/wp-content\/uploads\/2025\/07\/usina-de-biodiesel-de-cuiaba-foto-grupo-delta-energia-divulgacao.jpg\",\"datePublished\":\"2025-08-08T00:02:57+00:00\",\"dateModified\":\"2025-08-08T18:53:24+00:00\",\"breadcrumb\":{\"@id\":\"https:\/\/agenciainfra.com\/blog\/anp-aprova-resolucao-sobre-producao-de-biocombustiveis-e-inclui-bioqav-e-diesel-verde\/#breadcrumb\"},\"inLanguage\":\"pt-BR\",\"potentialAction\":[{\"@type\":\"ReadAction\",\"target\":[\"https:\/\/agenciainfra.com\/blog\/anp-aprova-resolucao-sobre-producao-de-biocombustiveis-e-inclui-bioqav-e-diesel-verde\/\"]}]},{\"@type\":\"ImageObject\",\"inLanguage\":\"pt-BR\",\"@id\":\"https:\/\/agenciainfra.com\/blog\/anp-aprova-resolucao-sobre-producao-de-biocombustiveis-e-inclui-bioqav-e-diesel-verde\/#primaryimage\",\"url\":\"https:\/\/agenciainfra.com\/blog\/wp-content\/uploads\/2025\/07\/usina-de-biodiesel-de-cuiaba-foto-grupo-delta-energia-divulgacao.jpg\",\"contentUrl\":\"https:\/\/agenciainfra.com\/blog\/wp-content\/uploads\/2025\/07\/usina-de-biodiesel-de-cuiaba-foto-grupo-delta-energia-divulgacao.jpg\",\"width\":1280,\"height\":719,\"caption\":\"Foto: Grupo Delta Energia\/Divulga\u00e7\u00e3o\"},{\"@type\":\"BreadcrumbList\",\"@id\":\"https:\/\/agenciainfra.com\/blog\/anp-aprova-resolucao-sobre-producao-de-biocombustiveis-e-inclui-bioqav-e-diesel-verde\/#breadcrumb\",\"itemListElement\":[{\"@type\":\"ListItem\",\"position\":1,\"name\":\"In\u00edcio\",\"item\":\"https:\/\/agenciainfra.com\/blog\/\"},{\"@type\":\"ListItem\",\"position\":2,\"name\":\"ANP aprova resolu\u00e7\u00e3o sobre produ\u00e7\u00e3o de biocombust\u00edveis e inclui bioQAV e diesel verde\"}]},{\"@type\":\"WebSite\",\"@id\":\"https:\/\/agenciainfra.com\/blog\/#website\",\"url\":\"https:\/\/agenciainfra.com\/blog\/\",\"name\":\"Ag\u00eancia iNFRA\",\"description\":\"Multiplataforma de informa\u00e7\u00e3o jornal\u00edstica refer\u00eancia na \u00e1rea de infraestrutura no Brasil!\",\"publisher\":{\"@id\":\"https:\/\/agenciainfra.com\/blog\/#organization\"},\"potentialAction\":[{\"@type\":\"SearchAction\",\"target\":{\"@type\":\"EntryPoint\",\"urlTemplate\":\"https:\/\/agenciainfra.com\/blog\/?s={search_term_string}\"},\"query-input\":{\"@type\":\"PropertyValueSpecification\",\"valueRequired\":true,\"valueName\":\"search_term_string\"}}],\"inLanguage\":\"pt-BR\"},{\"@type\":\"Organization\",\"@id\":\"https:\/\/agenciainfra.com\/blog\/#organization\",\"name\":\"Ag\u00eancia iNFRA\",\"url\":\"https:\/\/agenciainfra.com\/blog\/\",\"logo\":{\"@type\":\"ImageObject\",\"inLanguage\":\"pt-BR\",\"@id\":\"https:\/\/agenciainfra.com\/blog\/#\/schema\/logo\/image\/\",\"url\":\"https:\/\/agenciainfra.com\/blog\/wp-content\/uploads\/2023\/09\/iNFRA_5-e1761735885940.png\",\"contentUrl\":\"https:\/\/agenciainfra.com\/blog\/wp-content\/uploads\/2023\/09\/iNFRA_5-e1761735885940.png\",\"width\":1672,\"height\":454,\"caption\":\"Ag\u00eancia iNFRA\"},\"image\":{\"@id\":\"https:\/\/agenciainfra.com\/blog\/#\/schema\/logo\/image\/\"},\"sameAs\":[\"https:\/\/www.facebook.com\/ageninfra\",\"https:\/\/x.com\/agencia_infra\",\"https:\/\/www.linkedin.com\/company\/ag\u00eanciainfra\/\",\"https:\/\/www.instagram.com\/agenciainfra\/\"]},{\"@type\":\"Person\",\"@id\":\"https:\/\/agenciainfra.com\/blog\/#\/schema\/person\/34af08dff6adea4cb22b06612ba7acfa\",\"name\":\"Ag\u00eancia iNFRA\",\"image\":{\"@type\":\"ImageObject\",\"inLanguage\":\"pt-BR\",\"@id\":\"https:\/\/agenciainfra.com\/blog\/#\/schema\/person\/image\/\",\"url\":\"https:\/\/secure.gravatar.com\/avatar\/d189e01678f06d8eb84d4e01f08eb848b3fffe3f8443818d3c356c66892f5be8?s=96&d=mm&r=g\",\"contentUrl\":\"https:\/\/secure.gravatar.com\/avatar\/d189e01678f06d8eb84d4e01f08eb848b3fffe3f8443818d3c356c66892f5be8?s=96&d=mm&r=g\",\"caption\":\"Ag\u00eancia iNFRA\"},\"url\":\"https:\/\/agenciainfra.com\/blog\/author\/admin\/\"}]}<\/script>\n<!-- \/ Yoast SEO Premium plugin. -->","yoast_head_json":{"title":"ANP aprova resolu\u00e7\u00e3o sobre produ\u00e7\u00e3o de biocombust\u00edveis e inclui bioQAV e diesel verde - Ag\u00eancia iNFRA","robots":{"index":"index","follow":"follow","max-snippet":"max-snippet:-1","max-image-preview":"max-image-preview:large","max-video-preview":"max-video-preview:-1"},"canonical":"https:\/\/agenciainfra.com\/blog\/anp-aprova-resolucao-sobre-producao-de-biocombustiveis-e-inclui-bioqav-e-diesel-verde\/","og_locale":"pt_BR","og_type":"article","og_title":"ANP aprova resolu\u00e7\u00e3o sobre produ\u00e7\u00e3o de biocombust\u00edveis e inclui bioQAV e diesel verde","og_description":"Gabriel Vasconcelos, da Ag\u00eancia iNFRA A diretoria colegiada da ANP (Ag\u00eancia Nacional do Petr\u00f3leo, G\u00e1s Natural e Biocombust\u00edveis) aprovou nesta quinta-feira (7) a resolu\u00e7\u00e3o que vai substituir a antiga 734\/2018, que regulamenta a produ\u00e7\u00e3o de biocombust\u00edveis. Foram inclu\u00eddos o chamado diesel verde e o bioQAV (bioquerosene de avia\u00e7\u00e3o), que dever\u00e1 constar na norma como &#8220;querosene [&hellip;]","og_url":"https:\/\/agenciainfra.com\/blog\/anp-aprova-resolucao-sobre-producao-de-biocombustiveis-e-inclui-bioqav-e-diesel-verde\/","og_site_name":"Ag\u00eancia iNFRA","article_publisher":"https:\/\/www.facebook.com\/ageninfra","article_published_time":"2025-08-08T00:02:57+00:00","article_modified_time":"2025-08-08T18:53:24+00:00","og_image":[{"width":1280,"height":719,"url":"https:\/\/agenciainfra.com\/blog\/wp-content\/uploads\/2025\/07\/usina-de-biodiesel-de-cuiaba-foto-grupo-delta-energia-divulgacao.jpg","type":"image\/jpeg"}],"author":"Ag\u00eancia iNFRA","twitter_card":"summary_large_image","twitter_creator":"@agencia_infra","twitter_site":"@agencia_infra","twitter_misc":{"Escrito por":"Ag\u00eancia iNFRA","Est. tempo de leitura":"2 minutos"},"schema":{"@context":"https:\/\/schema.org","@graph":[{"@type":"Article","@id":"https:\/\/agenciainfra.com\/blog\/anp-aprova-resolucao-sobre-producao-de-biocombustiveis-e-inclui-bioqav-e-diesel-verde\/#article","isPartOf":{"@id":"https:\/\/agenciainfra.com\/blog\/anp-aprova-resolucao-sobre-producao-de-biocombustiveis-e-inclui-bioqav-e-diesel-verde\/"},"author":{"name":"Ag\u00eancia iNFRA","@id":"https:\/\/agenciainfra.com\/blog\/#\/schema\/person\/34af08dff6adea4cb22b06612ba7acfa"},"headline":"ANP aprova resolu\u00e7\u00e3o sobre produ\u00e7\u00e3o de biocombust\u00edveis e inclui bioQAV e diesel verde","datePublished":"2025-08-08T00:02:57+00:00","dateModified":"2025-08-08T18:53:24+00:00","mainEntityOfPage":{"@id":"https:\/\/agenciainfra.com\/blog\/anp-aprova-resolucao-sobre-producao-de-biocombustiveis-e-inclui-bioqav-e-diesel-verde\/"},"wordCount":469,"publisher":{"@id":"https:\/\/agenciainfra.com\/blog\/#organization"},"image":{"@id":"https:\/\/agenciainfra.com\/blog\/anp-aprova-resolucao-sobre-producao-de-biocombustiveis-e-inclui-bioqav-e-diesel-verde\/#primaryimage"},"thumbnailUrl":"https:\/\/agenciainfra.com\/blog\/wp-content\/uploads\/2025\/07\/usina-de-biodiesel-de-cuiaba-foto-grupo-delta-energia-divulgacao.jpg","keywords":["ANP","biocombust\u00edveis","bioQAV","Gabriel Vasconcelos"],"articleSection":["Destaque lista","Geral","\u00d3leo &amp; G\u00e1s"],"inLanguage":"pt-BR","copyrightYear":"2025","copyrightHolder":{"@id":"https:\/\/agenciainfra.com\/blog\/#organization"}},{"@type":"WebPage","@id":"https:\/\/agenciainfra.com\/blog\/anp-aprova-resolucao-sobre-producao-de-biocombustiveis-e-inclui-bioqav-e-diesel-verde\/","url":"https:\/\/agenciainfra.com\/blog\/anp-aprova-resolucao-sobre-producao-de-biocombustiveis-e-inclui-bioqav-e-diesel-verde\/","name":"ANP aprova resolu\u00e7\u00e3o sobre produ\u00e7\u00e3o de biocombust\u00edveis e inclui bioQAV e diesel verde - Ag\u00eancia iNFRA","isPartOf":{"@id":"https:\/\/agenciainfra.com\/blog\/#website"},"primaryImageOfPage":{"@id":"https:\/\/agenciainfra.com\/blog\/anp-aprova-resolucao-sobre-producao-de-biocombustiveis-e-inclui-bioqav-e-diesel-verde\/#primaryimage"},"image":{"@id":"https:\/\/agenciainfra.com\/blog\/anp-aprova-resolucao-sobre-producao-de-biocombustiveis-e-inclui-bioqav-e-diesel-verde\/#primaryimage"},"thumbnailUrl":"https:\/\/agenciainfra.com\/blog\/wp-content\/uploads\/2025\/07\/usina-de-biodiesel-de-cuiaba-foto-grupo-delta-energia-divulgacao.jpg","datePublished":"2025-08-08T00:02:57+00:00","dateModified":"2025-08-08T18:53:24+00:00","breadcrumb":{"@id":"https:\/\/agenciainfra.com\/blog\/anp-aprova-resolucao-sobre-producao-de-biocombustiveis-e-inclui-bioqav-e-diesel-verde\/#breadcrumb"},"inLanguage":"pt-BR","potentialAction":[{"@type":"ReadAction","target":["https:\/\/agenciainfra.com\/blog\/anp-aprova-resolucao-sobre-producao-de-biocombustiveis-e-inclui-bioqav-e-diesel-verde\/"]}]},{"@type":"ImageObject","inLanguage":"pt-BR","@id":"https:\/\/agenciainfra.com\/blog\/anp-aprova-resolucao-sobre-producao-de-biocombustiveis-e-inclui-bioqav-e-diesel-verde\/#primaryimage","url":"https:\/\/agenciainfra.com\/blog\/wp-content\/uploads\/2025\/07\/usina-de-biodiesel-de-cuiaba-foto-grupo-delta-energia-divulgacao.jpg","contentUrl":"https:\/\/agenciainfra.com\/blog\/wp-content\/uploads\/2025\/07\/usina-de-biodiesel-de-cuiaba-foto-grupo-delta-energia-divulgacao.jpg","width":1280,"height":719,"caption":"Foto: Grupo Delta Energia\/Divulga\u00e7\u00e3o"},{"@type":"BreadcrumbList","@id":"https:\/\/agenciainfra.com\/blog\/anp-aprova-resolucao-sobre-producao-de-biocombustiveis-e-inclui-bioqav-e-diesel-verde\/#breadcrumb","itemListElement":[{"@type":"ListItem","position":1,"name":"In\u00edcio","item":"https:\/\/agenciainfra.com\/blog\/"},{"@type":"ListItem","position":2,"name":"ANP aprova resolu\u00e7\u00e3o sobre produ\u00e7\u00e3o de biocombust\u00edveis e inclui bioQAV e diesel verde"}]},{"@type":"WebSite","@id":"https:\/\/agenciainfra.com\/blog\/#website","url":"https:\/\/agenciainfra.com\/blog\/","name":"Ag\u00eancia iNFRA","description":"Multiplataforma de informa\u00e7\u00e3o jornal\u00edstica refer\u00eancia na \u00e1rea de infraestrutura no Brasil!","publisher":{"@id":"https:\/\/agenciainfra.com\/blog\/#organization"},"potentialAction":[{"@type":"SearchAction","target":{"@type":"EntryPoint","urlTemplate":"https:\/\/agenciainfra.com\/blog\/?s={search_term_string}"},"query-input":{"@type":"PropertyValueSpecification","valueRequired":true,"valueName":"search_term_string"}}],"inLanguage":"pt-BR"},{"@type":"Organization","@id":"https:\/\/agenciainfra.com\/blog\/#organization","name":"Ag\u00eancia iNFRA","url":"https:\/\/agenciainfra.com\/blog\/","logo":{"@type":"ImageObject","inLanguage":"pt-BR","@id":"https:\/\/agenciainfra.com\/blog\/#\/schema\/logo\/image\/","url":"https:\/\/agenciainfra.com\/blog\/wp-content\/uploads\/2023\/09\/iNFRA_5-e1761735885940.png","contentUrl":"https:\/\/agenciainfra.com\/blog\/wp-content\/uploads\/2023\/09\/iNFRA_5-e1761735885940.png","width":1672,"height":454,"caption":"Ag\u00eancia iNFRA"},"image":{"@id":"https:\/\/agenciainfra.com\/blog\/#\/schema\/logo\/image\/"},"sameAs":["https:\/\/www.facebook.com\/ageninfra","https:\/\/x.com\/agencia_infra","https:\/\/www.linkedin.com\/company\/ag\u00eanciainfra\/","https:\/\/www.instagram.com\/agenciainfra\/"]},{"@type":"Person","@id":"https:\/\/agenciainfra.com\/blog\/#\/schema\/person\/34af08dff6adea4cb22b06612ba7acfa","name":"Ag\u00eancia iNFRA","image":{"@type":"ImageObject","inLanguage":"pt-BR","@id":"https:\/\/agenciainfra.com\/blog\/#\/schema\/person\/image\/","url":"https:\/\/secure.gravatar.com\/avatar\/d189e01678f06d8eb84d4e01f08eb848b3fffe3f8443818d3c356c66892f5be8?s=96&d=mm&r=g","contentUrl":"https:\/\/secure.gravatar.com\/avatar\/d189e01678f06d8eb84d4e01f08eb848b3fffe3f8443818d3c356c66892f5be8?s=96&d=mm&r=g","caption":"Ag\u00eancia iNFRA"},"url":"https:\/\/agenciainfra.com\/blog\/author\/admin\/"}]}},"_links":{"self":[{"href":"https:\/\/agenciainfra.com\/blog\/wp-json\/wp\/v2\/posts\/25975","targetHints":{"allow":["GET"]}}],"collection":[{"href":"https:\/\/agenciainfra.com\/blog\/wp-json\/wp\/v2\/posts"}],"about":[{"href":"https:\/\/agenciainfra.com\/blog\/wp-json\/wp\/v2\/types\/post"}],"author":[{"embeddable":true,"href":"https:\/\/agenciainfra.com\/blog\/wp-json\/wp\/v2\/users\/1"}],"replies":[{"embeddable":true,"href":"https:\/\/agenciainfra.com\/blog\/wp-json\/wp\/v2\/comments?post=25975"}],"version-history":[{"count":1,"href":"https:\/\/agenciainfra.com\/blog\/wp-json\/wp\/v2\/posts\/25975\/revisions"}],"predecessor-version":[{"id":25977,"href":"https:\/\/agenciainfra.com\/blog\/wp-json\/wp\/v2\/posts\/25975\/revisions\/25977"}],"wp:featuredmedia":[{"embeddable":true,"href":"https:\/\/agenciainfra.com\/blog\/wp-json\/wp\/v2\/media\/24196"}],"wp:attachment":[{"href":"https:\/\/agenciainfra.com\/blog\/wp-json\/wp\/v2\/media?parent=25975"}],"wp:term":[{"taxonomy":"category","embeddable":true,"href":"https:\/\/agenciainfra.com\/blog\/wp-json\/wp\/v2\/categories?post=25975"},{"taxonomy":"post_tag","embeddable":true,"href":"https:\/\/agenciainfra.com\/blog\/wp-json\/wp\/v2\/tags?post=25975"}],"curies":[{"name":"wp","href":"https:\/\/api.w.org\/{rel}","templated":true}]}}