{"id":25982,"date":"2025-08-08T08:00:00","date_gmt":"2025-08-08T11:00:00","guid":{"rendered":"https:\/\/agenciainfra.com\/blog\/?p=25982"},"modified":"2025-08-08T16:12:35","modified_gmt":"2025-08-08T19:12:35","slug":"conselho-de-administracao-da-petrobras-aprova-retorno-a-distribuicao-de-gas-de-cozinha","status":"publish","type":"post","link":"https:\/\/agenciainfra.com\/blog\/conselho-de-administracao-da-petrobras-aprova-retorno-a-distribuicao-de-gas-de-cozinha\/","title":{"rendered":"Conselho de Administra\u00e7\u00e3o da Petrobras aprova retorno \u00e0 distribui\u00e7\u00e3o de g\u00e1s de cozinha"},"content":{"rendered":"\n<p class=\"has-text-align-right\"><strong>Gabriel Vasconcelos, da Ag\u00eancia iNFRA<\/strong><\/p>\n\n\n\n<p>A Petrobras&nbsp;<a href=\"https:\/\/agenciainfra.us14.list-manage.com\/track\/click?u=d460dd1bcf9ba0ae040e1fc0f&amp;id=0219d0c28f&amp;e=1192c754bc\" target=\"_blank\" rel=\"noreferrer noopener\">informou<\/a>&nbsp;no fim da noite desta quinta-feira (7) que seu Conselho de Administra\u00e7\u00e3o aprovou a atua\u00e7\u00e3o na distribui\u00e7\u00e3o de GLP \u2013 g\u00e1s de cozinha \u2013 como &#8220;elemento estrat\u00e9gico&#8221; do Plano de Neg\u00f3cios da empresa. Isso n\u00e3o significa retorno imediato \u00e0 atividade. Mas, a inclus\u00e3o formal dessa diretriz na estrat\u00e9gia da companhia \u00e9 o primeiro passo para uma nova investida no ramo.<br><br>No comunicado \u00e0 CVM (Comiss\u00e3o de Valores Mobili\u00e1rios), a Petrobras menciona a orienta\u00e7\u00e3o do Conselho para o posicionamento em distribui\u00e7\u00e3o: &#8220;atuar em neg\u00f3cios rent\u00e1veis e de parcerias nas atividades de distribui\u00e7\u00e3o, observadas as disposi\u00e7\u00f5es contratuais vigentes&#8221;. Em seguida, lista direcionadores desse posicionamento: &#8220;atuar na distribui\u00e7\u00e3o de GLP; integrar com demais neg\u00f3cios no Brasil e no mundo; e oferecer solu\u00e7\u00f5es de baixo carbono para seus clientes&#8221;.<br><br>A Petrobras n\u00e3o atua na distribui\u00e7\u00e3o de GLP desde o fim de 2020, quando concluiu a venda da ent\u00e3o subsidi\u00e1ria Liquig\u00e1s por R$ 4 bilh\u00f5es para o cons\u00f3rcio formado por Copagaz, Ita\u00fasa e Nacional G\u00e1s. A venda foi anunciada ainda em 2019, sob o governo Jair Bolsonaro.<br><br>Em 2021, um ano depois de concluir a aliena\u00e7\u00e3o da Liquig\u00e1s, a Petrobras tamb\u00e9m vendeu o bra\u00e7o de distribui\u00e7\u00e3o de combust\u00edveis l\u00edquidos, BR Distribuidora, que se converteu em Vibra. Neste caso, o contrato previa que a Petrobras ficava impedida de retornar ao setor. O mesmo n\u00e3o ocorreu com a distribui\u00e7\u00e3o de GLP, o que, na pr\u00e1tica, significa pista livre para um movimento desse tipo no g\u00e1s de cozinha. Um trecho do comunicado de ontem, em que cita &#8220;disposi\u00e7\u00f5es contratuais vigentes&#8221;, sugere que a companhia deve observar essa situa\u00e7\u00e3o espec\u00edfica para cada uma das cadeias.<br><br><strong>Pre\u00e7os altos, Lula e mercado<\/strong><br>Nos quase cinco anos que se seguiram \u00e0 privatiza\u00e7\u00e3o da Liquig\u00e1s, o pre\u00e7o m\u00e9dio do botij\u00e3o de 13kg apurado pela ANP saltou 43,3%, passando da faixa dos R$ 75, em dezembro de 2020, para a m\u00e9dia atual dos R$ 107, com pre\u00e7os locais que chegam a R$ 156. Nesse per\u00edodo, o pico do pre\u00e7o m\u00e9dio aconteceu entre abril e maio de 2022, quando o botij\u00e3o ultrapassou, na m\u00e9dia, os R$ 113 e viu seu maior pre\u00e7o chegar a R$ 160.<br><br>A resili\u00eancia dos altos pre\u00e7os praticados na distribui\u00e7\u00e3o e varejo, em que pese redu\u00e7\u00f5es no pre\u00e7o de produtor da Petrobras, t\u00eam sido alvo de reclama\u00e7\u00e3o do presidente Lula, que enxerga na volta da Petrobras \u00e0 distribui\u00e7\u00e3o de GLP um caminho para induzir um barateamento do insumo \u00e0s fam\u00edlias mais pobres.<br><br>&#8220;Est\u00e1 errado pagar R$ 140 no g\u00e1s de cozinha que custa R$ 37 na Petrobras. Estamos pensando em fazer com que o g\u00e1s de cozinha chegue na m\u00e3o dos pobres mais barato&#8221;, disse Lula no fim de maio, em agenda na Para\u00edba. Dias antes, no Mato Grosso, ele disse que os pre\u00e7os praticados ao consumidor n\u00e3o t\u00eam explica\u00e7\u00e3o e que &#8220;algu\u00e9m est\u00e1 ganhando muito dinheiro com isso&#8221;, em refer\u00eancia indireta aos agentes que revendem produto da Petrobras. Reclama\u00e7\u00f5es p\u00fablicas desse tipo v\u00eam sendo feitas por Lula, pelo menos, desde o ano passado.<br><br>De seu lado, investidores devem reagir mal ao movimento prenunciado da Petrobras, embora o movimento fosse em alguma medida esperado. Isso tende a impactar o pre\u00e7o das a\u00e7\u00f5es na sess\u00e3o de hoje. O mercado \u00e9 avesso a diversifica\u00e7\u00f5es da atua\u00e7\u00e3o da companhia fora do E&amp;P (Explora\u00e7\u00e3o e Produ\u00e7\u00e3o de Petr\u00f3leo e G\u00e1s), em geral menos lucrativas.&nbsp;<\/p>\n","protected":false},"excerpt":{"rendered":"<p>Gabriel Vasconcelos, da Ag\u00eancia iNFRA A Petrobras&nbsp;informou&nbsp;no fim da noite desta quinta-feira (7) que seu Conselho de Administra\u00e7\u00e3o aprovou a atua\u00e7\u00e3o na distribui\u00e7\u00e3o de GLP \u2013 g\u00e1s de cozinha \u2013 como &#8220;elemento estrat\u00e9gico&#8221; do Plano de Neg\u00f3cios da empresa. Isso n\u00e3o significa retorno imediato \u00e0 atividade. Mas, a inclus\u00e3o formal dessa diretriz na estrat\u00e9gia da [&hellip;]<\/p>\n","protected":false},"author":1,"featured_media":25983,"comment_status":"closed","ping_status":"closed","sticky":false,"template":"","format":"standard","meta":{"_monsterinsights_skip_tracking":false,"_monsterinsights_sitenote_active":false,"_monsterinsights_sitenote_note":"","_monsterinsights_sitenote_category":0,"footnotes":""},"categories":[7250,1,13271],"tags":[14772,13251,4163,2032,143],"class_list":["post-25982","post","type-post","status-publish","format-standard","has-post-thumbnail","hentry","category-destaque-lista","category-geral","category-oleo-gas","tag-distribuicao-de-glp","tag-gabriel-vasconcelos","tag-gas-de-cozinha","tag-glp","tag-petrobras"],"yoast_head":"<!-- This site is optimized with the Yoast SEO Premium plugin v25.4 (Yoast SEO v26.0) - https:\/\/yoast.com\/wordpress\/plugins\/seo\/ -->\n<title>Conselho de Administra\u00e7\u00e3o da Petrobras aprova retorno \u00e0 distribui\u00e7\u00e3o de g\u00e1s de cozinha - Ag\u00eancia iNFRA<\/title>\n<meta name=\"robots\" content=\"index, follow, max-snippet:-1, max-image-preview:large, max-video-preview:-1\" \/>\n<link rel=\"canonical\" href=\"https:\/\/agenciainfra.com\/blog\/conselho-de-administracao-da-petrobras-aprova-retorno-a-distribuicao-de-gas-de-cozinha\/\" \/>\n<meta property=\"og:locale\" content=\"pt_BR\" \/>\n<meta property=\"og:type\" content=\"article\" \/>\n<meta property=\"og:title\" content=\"Conselho de Administra\u00e7\u00e3o da Petrobras aprova retorno \u00e0 distribui\u00e7\u00e3o de g\u00e1s de cozinha\" \/>\n<meta property=\"og:description\" content=\"Gabriel Vasconcelos, da Ag\u00eancia iNFRA A Petrobras&nbsp;informou&nbsp;no fim da noite desta quinta-feira (7) que seu Conselho de Administra\u00e7\u00e3o aprovou a atua\u00e7\u00e3o na distribui\u00e7\u00e3o de GLP \u2013 g\u00e1s de cozinha \u2013 como &#8220;elemento estrat\u00e9gico&#8221; do Plano de Neg\u00f3cios da empresa. Isso n\u00e3o significa retorno imediato \u00e0 atividade. Mas, a inclus\u00e3o formal dessa diretriz na estrat\u00e9gia da [&hellip;]\" \/>\n<meta property=\"og:url\" content=\"https:\/\/agenciainfra.com\/blog\/conselho-de-administracao-da-petrobras-aprova-retorno-a-distribuicao-de-gas-de-cozinha\/\" \/>\n<meta property=\"og:site_name\" content=\"Ag\u00eancia iNFRA\" \/>\n<meta property=\"article:publisher\" content=\"https:\/\/www.facebook.com\/ageninfra\" \/>\n<meta property=\"article:published_time\" content=\"2025-08-08T11:00:00+00:00\" \/>\n<meta property=\"article:modified_time\" content=\"2025-08-08T19:12:35+00:00\" \/>\n<meta property=\"og:image\" content=\"https:\/\/agenciainfra.com\/blog\/wp-content\/uploads\/2025\/08\/gas-de-cozinha-glp-foto-dominio-publico-1.png\" \/>\n\t<meta property=\"og:image:width\" content=\"1280\" \/>\n\t<meta property=\"og:image:height\" content=\"658\" \/>\n\t<meta property=\"og:image:type\" content=\"image\/png\" \/>\n<meta name=\"author\" content=\"Ag\u00eancia iNFRA\" \/>\n<meta name=\"twitter:card\" content=\"summary_large_image\" \/>\n<meta name=\"twitter:creator\" content=\"@agencia_infra\" \/>\n<meta name=\"twitter:site\" content=\"@agencia_infra\" \/>\n<meta name=\"twitter:label1\" content=\"Escrito por\" \/>\n\t<meta name=\"twitter:data1\" content=\"Ag\u00eancia iNFRA\" \/>\n\t<meta name=\"twitter:label2\" content=\"Est. tempo de leitura\" \/>\n\t<meta name=\"twitter:data2\" content=\"3 minutos\" \/>\n<script type=\"application\/ld+json\" class=\"yoast-schema-graph\">{\"@context\":\"https:\/\/schema.org\",\"@graph\":[{\"@type\":\"Article\",\"@id\":\"https:\/\/agenciainfra.com\/blog\/conselho-de-administracao-da-petrobras-aprova-retorno-a-distribuicao-de-gas-de-cozinha\/#article\",\"isPartOf\":{\"@id\":\"https:\/\/agenciainfra.com\/blog\/conselho-de-administracao-da-petrobras-aprova-retorno-a-distribuicao-de-gas-de-cozinha\/\"},\"author\":{\"name\":\"Ag\u00eancia iNFRA\",\"@id\":\"https:\/\/agenciainfra.com\/blog\/#\/schema\/person\/34af08dff6adea4cb22b06612ba7acfa\"},\"headline\":\"Conselho de Administra\u00e7\u00e3o da Petrobras aprova retorno \u00e0 distribui\u00e7\u00e3o de g\u00e1s de cozinha\",\"datePublished\":\"2025-08-08T11:00:00+00:00\",\"dateModified\":\"2025-08-08T19:12:35+00:00\",\"mainEntityOfPage\":{\"@id\":\"https:\/\/agenciainfra.com\/blog\/conselho-de-administracao-da-petrobras-aprova-retorno-a-distribuicao-de-gas-de-cozinha\/\"},\"wordCount\":643,\"publisher\":{\"@id\":\"https:\/\/agenciainfra.com\/blog\/#organization\"},\"image\":{\"@id\":\"https:\/\/agenciainfra.com\/blog\/conselho-de-administracao-da-petrobras-aprova-retorno-a-distribuicao-de-gas-de-cozinha\/#primaryimage\"},\"thumbnailUrl\":\"https:\/\/agenciainfra.com\/blog\/wp-content\/uploads\/2025\/08\/gas-de-cozinha-glp-foto-dominio-publico-1.png\",\"keywords\":[\"distribui\u00e7\u00e3o de glp\",\"Gabriel Vasconcelos\",\"g\u00e1s de cozinha\",\"GLP\",\"Petrobras\"],\"articleSection\":[\"Destaque lista\",\"Geral\",\"\u00d3leo &amp; G\u00e1s\"],\"inLanguage\":\"pt-BR\",\"copyrightYear\":\"2025\",\"copyrightHolder\":{\"@id\":\"https:\/\/agenciainfra.com\/blog\/#organization\"}},{\"@type\":\"WebPage\",\"@id\":\"https:\/\/agenciainfra.com\/blog\/conselho-de-administracao-da-petrobras-aprova-retorno-a-distribuicao-de-gas-de-cozinha\/\",\"url\":\"https:\/\/agenciainfra.com\/blog\/conselho-de-administracao-da-petrobras-aprova-retorno-a-distribuicao-de-gas-de-cozinha\/\",\"name\":\"Conselho de Administra\u00e7\u00e3o da Petrobras aprova retorno \u00e0 distribui\u00e7\u00e3o de g\u00e1s de cozinha - Ag\u00eancia iNFRA\",\"isPartOf\":{\"@id\":\"https:\/\/agenciainfra.com\/blog\/#website\"},\"primaryImageOfPage\":{\"@id\":\"https:\/\/agenciainfra.com\/blog\/conselho-de-administracao-da-petrobras-aprova-retorno-a-distribuicao-de-gas-de-cozinha\/#primaryimage\"},\"image\":{\"@id\":\"https:\/\/agenciainfra.com\/blog\/conselho-de-administracao-da-petrobras-aprova-retorno-a-distribuicao-de-gas-de-cozinha\/#primaryimage\"},\"thumbnailUrl\":\"https:\/\/agenciainfra.com\/blog\/wp-content\/uploads\/2025\/08\/gas-de-cozinha-glp-foto-dominio-publico-1.png\",\"datePublished\":\"2025-08-08T11:00:00+00:00\",\"dateModified\":\"2025-08-08T19:12:35+00:00\",\"breadcrumb\":{\"@id\":\"https:\/\/agenciainfra.com\/blog\/conselho-de-administracao-da-petrobras-aprova-retorno-a-distribuicao-de-gas-de-cozinha\/#breadcrumb\"},\"inLanguage\":\"pt-BR\",\"potentialAction\":[{\"@type\":\"ReadAction\",\"target\":[\"https:\/\/agenciainfra.com\/blog\/conselho-de-administracao-da-petrobras-aprova-retorno-a-distribuicao-de-gas-de-cozinha\/\"]}]},{\"@type\":\"ImageObject\",\"inLanguage\":\"pt-BR\",\"@id\":\"https:\/\/agenciainfra.com\/blog\/conselho-de-administracao-da-petrobras-aprova-retorno-a-distribuicao-de-gas-de-cozinha\/#primaryimage\",\"url\":\"https:\/\/agenciainfra.com\/blog\/wp-content\/uploads\/2025\/08\/gas-de-cozinha-glp-foto-dominio-publico-1.png\",\"contentUrl\":\"https:\/\/agenciainfra.com\/blog\/wp-content\/uploads\/2025\/08\/gas-de-cozinha-glp-foto-dominio-publico-1.png\",\"width\":1280,\"height\":658,\"caption\":\"Foto: Dom\u00ednio P\u00fablico\"},{\"@type\":\"BreadcrumbList\",\"@id\":\"https:\/\/agenciainfra.com\/blog\/conselho-de-administracao-da-petrobras-aprova-retorno-a-distribuicao-de-gas-de-cozinha\/#breadcrumb\",\"itemListElement\":[{\"@type\":\"ListItem\",\"position\":1,\"name\":\"In\u00edcio\",\"item\":\"https:\/\/agenciainfra.com\/blog\/\"},{\"@type\":\"ListItem\",\"position\":2,\"name\":\"Conselho de Administra\u00e7\u00e3o da Petrobras aprova retorno \u00e0 distribui\u00e7\u00e3o de g\u00e1s de cozinha\"}]},{\"@type\":\"WebSite\",\"@id\":\"https:\/\/agenciainfra.com\/blog\/#website\",\"url\":\"https:\/\/agenciainfra.com\/blog\/\",\"name\":\"Ag\u00eancia iNFRA\",\"description\":\"Multiplataforma de informa\u00e7\u00e3o jornal\u00edstica refer\u00eancia na \u00e1rea de infraestrutura no Brasil!\",\"publisher\":{\"@id\":\"https:\/\/agenciainfra.com\/blog\/#organization\"},\"potentialAction\":[{\"@type\":\"SearchAction\",\"target\":{\"@type\":\"EntryPoint\",\"urlTemplate\":\"https:\/\/agenciainfra.com\/blog\/?s={search_term_string}\"},\"query-input\":{\"@type\":\"PropertyValueSpecification\",\"valueRequired\":true,\"valueName\":\"search_term_string\"}}],\"inLanguage\":\"pt-BR\"},{\"@type\":\"Organization\",\"@id\":\"https:\/\/agenciainfra.com\/blog\/#organization\",\"name\":\"Ag\u00eancia iNFRA\",\"url\":\"https:\/\/agenciainfra.com\/blog\/\",\"logo\":{\"@type\":\"ImageObject\",\"inLanguage\":\"pt-BR\",\"@id\":\"https:\/\/agenciainfra.com\/blog\/#\/schema\/logo\/image\/\",\"url\":\"https:\/\/agenciainfra.com\/blog\/wp-content\/uploads\/2023\/09\/iNFRA_5-e1761735885940.png\",\"contentUrl\":\"https:\/\/agenciainfra.com\/blog\/wp-content\/uploads\/2023\/09\/iNFRA_5-e1761735885940.png\",\"width\":1672,\"height\":454,\"caption\":\"Ag\u00eancia iNFRA\"},\"image\":{\"@id\":\"https:\/\/agenciainfra.com\/blog\/#\/schema\/logo\/image\/\"},\"sameAs\":[\"https:\/\/www.facebook.com\/ageninfra\",\"https:\/\/x.com\/agencia_infra\",\"https:\/\/www.linkedin.com\/company\/ag\u00eanciainfra\/\",\"https:\/\/www.instagram.com\/agenciainfra\/\"]},{\"@type\":\"Person\",\"@id\":\"https:\/\/agenciainfra.com\/blog\/#\/schema\/person\/34af08dff6adea4cb22b06612ba7acfa\",\"name\":\"Ag\u00eancia iNFRA\",\"image\":{\"@type\":\"ImageObject\",\"inLanguage\":\"pt-BR\",\"@id\":\"https:\/\/agenciainfra.com\/blog\/#\/schema\/person\/image\/\",\"url\":\"https:\/\/secure.gravatar.com\/avatar\/d189e01678f06d8eb84d4e01f08eb848b3fffe3f8443818d3c356c66892f5be8?s=96&d=mm&r=g\",\"contentUrl\":\"https:\/\/secure.gravatar.com\/avatar\/d189e01678f06d8eb84d4e01f08eb848b3fffe3f8443818d3c356c66892f5be8?s=96&d=mm&r=g\",\"caption\":\"Ag\u00eancia iNFRA\"},\"url\":\"https:\/\/agenciainfra.com\/blog\/author\/admin\/\"}]}<\/script>\n<!-- \/ Yoast SEO Premium plugin. -->","yoast_head_json":{"title":"Conselho de Administra\u00e7\u00e3o da Petrobras aprova retorno \u00e0 distribui\u00e7\u00e3o de g\u00e1s de cozinha - Ag\u00eancia iNFRA","robots":{"index":"index","follow":"follow","max-snippet":"max-snippet:-1","max-image-preview":"max-image-preview:large","max-video-preview":"max-video-preview:-1"},"canonical":"https:\/\/agenciainfra.com\/blog\/conselho-de-administracao-da-petrobras-aprova-retorno-a-distribuicao-de-gas-de-cozinha\/","og_locale":"pt_BR","og_type":"article","og_title":"Conselho de Administra\u00e7\u00e3o da Petrobras aprova retorno \u00e0 distribui\u00e7\u00e3o de g\u00e1s de cozinha","og_description":"Gabriel Vasconcelos, da Ag\u00eancia iNFRA A Petrobras&nbsp;informou&nbsp;no fim da noite desta quinta-feira (7) que seu Conselho de Administra\u00e7\u00e3o aprovou a atua\u00e7\u00e3o na distribui\u00e7\u00e3o de GLP \u2013 g\u00e1s de cozinha \u2013 como &#8220;elemento estrat\u00e9gico&#8221; do Plano de Neg\u00f3cios da empresa. Isso n\u00e3o significa retorno imediato \u00e0 atividade. Mas, a inclus\u00e3o formal dessa diretriz na estrat\u00e9gia da [&hellip;]","og_url":"https:\/\/agenciainfra.com\/blog\/conselho-de-administracao-da-petrobras-aprova-retorno-a-distribuicao-de-gas-de-cozinha\/","og_site_name":"Ag\u00eancia iNFRA","article_publisher":"https:\/\/www.facebook.com\/ageninfra","article_published_time":"2025-08-08T11:00:00+00:00","article_modified_time":"2025-08-08T19:12:35+00:00","og_image":[{"width":1280,"height":658,"url":"https:\/\/agenciainfra.com\/blog\/wp-content\/uploads\/2025\/08\/gas-de-cozinha-glp-foto-dominio-publico-1.png","type":"image\/png"}],"author":"Ag\u00eancia iNFRA","twitter_card":"summary_large_image","twitter_creator":"@agencia_infra","twitter_site":"@agencia_infra","twitter_misc":{"Escrito por":"Ag\u00eancia iNFRA","Est. tempo de leitura":"3 minutos"},"schema":{"@context":"https:\/\/schema.org","@graph":[{"@type":"Article","@id":"https:\/\/agenciainfra.com\/blog\/conselho-de-administracao-da-petrobras-aprova-retorno-a-distribuicao-de-gas-de-cozinha\/#article","isPartOf":{"@id":"https:\/\/agenciainfra.com\/blog\/conselho-de-administracao-da-petrobras-aprova-retorno-a-distribuicao-de-gas-de-cozinha\/"},"author":{"name":"Ag\u00eancia iNFRA","@id":"https:\/\/agenciainfra.com\/blog\/#\/schema\/person\/34af08dff6adea4cb22b06612ba7acfa"},"headline":"Conselho de Administra\u00e7\u00e3o da Petrobras aprova retorno \u00e0 distribui\u00e7\u00e3o de g\u00e1s de cozinha","datePublished":"2025-08-08T11:00:00+00:00","dateModified":"2025-08-08T19:12:35+00:00","mainEntityOfPage":{"@id":"https:\/\/agenciainfra.com\/blog\/conselho-de-administracao-da-petrobras-aprova-retorno-a-distribuicao-de-gas-de-cozinha\/"},"wordCount":643,"publisher":{"@id":"https:\/\/agenciainfra.com\/blog\/#organization"},"image":{"@id":"https:\/\/agenciainfra.com\/blog\/conselho-de-administracao-da-petrobras-aprova-retorno-a-distribuicao-de-gas-de-cozinha\/#primaryimage"},"thumbnailUrl":"https:\/\/agenciainfra.com\/blog\/wp-content\/uploads\/2025\/08\/gas-de-cozinha-glp-foto-dominio-publico-1.png","keywords":["distribui\u00e7\u00e3o de glp","Gabriel Vasconcelos","g\u00e1s de cozinha","GLP","Petrobras"],"articleSection":["Destaque lista","Geral","\u00d3leo &amp; G\u00e1s"],"inLanguage":"pt-BR","copyrightYear":"2025","copyrightHolder":{"@id":"https:\/\/agenciainfra.com\/blog\/#organization"}},{"@type":"WebPage","@id":"https:\/\/agenciainfra.com\/blog\/conselho-de-administracao-da-petrobras-aprova-retorno-a-distribuicao-de-gas-de-cozinha\/","url":"https:\/\/agenciainfra.com\/blog\/conselho-de-administracao-da-petrobras-aprova-retorno-a-distribuicao-de-gas-de-cozinha\/","name":"Conselho de Administra\u00e7\u00e3o da Petrobras aprova retorno \u00e0 distribui\u00e7\u00e3o de g\u00e1s de cozinha - Ag\u00eancia iNFRA","isPartOf":{"@id":"https:\/\/agenciainfra.com\/blog\/#website"},"primaryImageOfPage":{"@id":"https:\/\/agenciainfra.com\/blog\/conselho-de-administracao-da-petrobras-aprova-retorno-a-distribuicao-de-gas-de-cozinha\/#primaryimage"},"image":{"@id":"https:\/\/agenciainfra.com\/blog\/conselho-de-administracao-da-petrobras-aprova-retorno-a-distribuicao-de-gas-de-cozinha\/#primaryimage"},"thumbnailUrl":"https:\/\/agenciainfra.com\/blog\/wp-content\/uploads\/2025\/08\/gas-de-cozinha-glp-foto-dominio-publico-1.png","datePublished":"2025-08-08T11:00:00+00:00","dateModified":"2025-08-08T19:12:35+00:00","breadcrumb":{"@id":"https:\/\/agenciainfra.com\/blog\/conselho-de-administracao-da-petrobras-aprova-retorno-a-distribuicao-de-gas-de-cozinha\/#breadcrumb"},"inLanguage":"pt-BR","potentialAction":[{"@type":"ReadAction","target":["https:\/\/agenciainfra.com\/blog\/conselho-de-administracao-da-petrobras-aprova-retorno-a-distribuicao-de-gas-de-cozinha\/"]}]},{"@type":"ImageObject","inLanguage":"pt-BR","@id":"https:\/\/agenciainfra.com\/blog\/conselho-de-administracao-da-petrobras-aprova-retorno-a-distribuicao-de-gas-de-cozinha\/#primaryimage","url":"https:\/\/agenciainfra.com\/blog\/wp-content\/uploads\/2025\/08\/gas-de-cozinha-glp-foto-dominio-publico-1.png","contentUrl":"https:\/\/agenciainfra.com\/blog\/wp-content\/uploads\/2025\/08\/gas-de-cozinha-glp-foto-dominio-publico-1.png","width":1280,"height":658,"caption":"Foto: Dom\u00ednio P\u00fablico"},{"@type":"BreadcrumbList","@id":"https:\/\/agenciainfra.com\/blog\/conselho-de-administracao-da-petrobras-aprova-retorno-a-distribuicao-de-gas-de-cozinha\/#breadcrumb","itemListElement":[{"@type":"ListItem","position":1,"name":"In\u00edcio","item":"https:\/\/agenciainfra.com\/blog\/"},{"@type":"ListItem","position":2,"name":"Conselho de Administra\u00e7\u00e3o da Petrobras aprova retorno \u00e0 distribui\u00e7\u00e3o de g\u00e1s de cozinha"}]},{"@type":"WebSite","@id":"https:\/\/agenciainfra.com\/blog\/#website","url":"https:\/\/agenciainfra.com\/blog\/","name":"Ag\u00eancia iNFRA","description":"Multiplataforma de informa\u00e7\u00e3o jornal\u00edstica refer\u00eancia na \u00e1rea de infraestrutura no Brasil!","publisher":{"@id":"https:\/\/agenciainfra.com\/blog\/#organization"},"potentialAction":[{"@type":"SearchAction","target":{"@type":"EntryPoint","urlTemplate":"https:\/\/agenciainfra.com\/blog\/?s={search_term_string}"},"query-input":{"@type":"PropertyValueSpecification","valueRequired":true,"valueName":"search_term_string"}}],"inLanguage":"pt-BR"},{"@type":"Organization","@id":"https:\/\/agenciainfra.com\/blog\/#organization","name":"Ag\u00eancia iNFRA","url":"https:\/\/agenciainfra.com\/blog\/","logo":{"@type":"ImageObject","inLanguage":"pt-BR","@id":"https:\/\/agenciainfra.com\/blog\/#\/schema\/logo\/image\/","url":"https:\/\/agenciainfra.com\/blog\/wp-content\/uploads\/2023\/09\/iNFRA_5-e1761735885940.png","contentUrl":"https:\/\/agenciainfra.com\/blog\/wp-content\/uploads\/2023\/09\/iNFRA_5-e1761735885940.png","width":1672,"height":454,"caption":"Ag\u00eancia iNFRA"},"image":{"@id":"https:\/\/agenciainfra.com\/blog\/#\/schema\/logo\/image\/"},"sameAs":["https:\/\/www.facebook.com\/ageninfra","https:\/\/x.com\/agencia_infra","https:\/\/www.linkedin.com\/company\/ag\u00eanciainfra\/","https:\/\/www.instagram.com\/agenciainfra\/"]},{"@type":"Person","@id":"https:\/\/agenciainfra.com\/blog\/#\/schema\/person\/34af08dff6adea4cb22b06612ba7acfa","name":"Ag\u00eancia iNFRA","image":{"@type":"ImageObject","inLanguage":"pt-BR","@id":"https:\/\/agenciainfra.com\/blog\/#\/schema\/person\/image\/","url":"https:\/\/secure.gravatar.com\/avatar\/d189e01678f06d8eb84d4e01f08eb848b3fffe3f8443818d3c356c66892f5be8?s=96&d=mm&r=g","contentUrl":"https:\/\/secure.gravatar.com\/avatar\/d189e01678f06d8eb84d4e01f08eb848b3fffe3f8443818d3c356c66892f5be8?s=96&d=mm&r=g","caption":"Ag\u00eancia iNFRA"},"url":"https:\/\/agenciainfra.com\/blog\/author\/admin\/"}]}},"_links":{"self":[{"href":"https:\/\/agenciainfra.com\/blog\/wp-json\/wp\/v2\/posts\/25982","targetHints":{"allow":["GET"]}}],"collection":[{"href":"https:\/\/agenciainfra.com\/blog\/wp-json\/wp\/v2\/posts"}],"about":[{"href":"https:\/\/agenciainfra.com\/blog\/wp-json\/wp\/v2\/types\/post"}],"author":[{"embeddable":true,"href":"https:\/\/agenciainfra.com\/blog\/wp-json\/wp\/v2\/users\/1"}],"replies":[{"embeddable":true,"href":"https:\/\/agenciainfra.com\/blog\/wp-json\/wp\/v2\/comments?post=25982"}],"version-history":[{"count":1,"href":"https:\/\/agenciainfra.com\/blog\/wp-json\/wp\/v2\/posts\/25982\/revisions"}],"predecessor-version":[{"id":25984,"href":"https:\/\/agenciainfra.com\/blog\/wp-json\/wp\/v2\/posts\/25982\/revisions\/25984"}],"wp:featuredmedia":[{"embeddable":true,"href":"https:\/\/agenciainfra.com\/blog\/wp-json\/wp\/v2\/media\/25983"}],"wp:attachment":[{"href":"https:\/\/agenciainfra.com\/blog\/wp-json\/wp\/v2\/media?parent=25982"}],"wp:term":[{"taxonomy":"category","embeddable":true,"href":"https:\/\/agenciainfra.com\/blog\/wp-json\/wp\/v2\/categories?post=25982"},{"taxonomy":"post_tag","embeddable":true,"href":"https:\/\/agenciainfra.com\/blog\/wp-json\/wp\/v2\/tags?post=25982"}],"curies":[{"name":"wp","href":"https:\/\/api.w.org\/{rel}","templated":true}]}}