{"id":25985,"date":"2025-08-08T10:00:00","date_gmt":"2025-08-08T13:00:00","guid":{"rendered":"https:\/\/agenciainfra.com\/blog\/?p=25985"},"modified":"2025-08-08T16:43:08","modified_gmt":"2025-08-08T19:43:08","slug":"mps-do-setor-eletrico-tem-tramitacao-incerta-e-governo-tenta-preservar-nova-tarifa-social","status":"publish","type":"post","link":"https:\/\/agenciainfra.com\/blog\/mps-do-setor-eletrico-tem-tramitacao-incerta-e-governo-tenta-preservar-nova-tarifa-social\/","title":{"rendered":"MPs do setor el\u00e9trico t\u00eam tramita\u00e7\u00e3o incerta e governo tenta preservar nova tarifa social"},"content":{"rendered":"\n<p class=\"has-text-align-right\"><strong>Lais Carregosa, Geraldo Campos Jr. e Marisa Wanzeller, da Ag\u00eancia iNFRA<\/strong><\/p>\n\n\n\n<p>A tramita\u00e7\u00e3o da&nbsp;<a href=\"https:\/\/agenciainfra.us14.list-manage.com\/track\/click?u=d460dd1bcf9ba0ae040e1fc0f&amp;id=f1fede5589&amp;e=1192c754bc\" target=\"_blank\" rel=\"noreferrer noopener\">MP (Medida Provis\u00f3ria) 1.300\/2025<\/a>, que trata da reforma do setor el\u00e9trico, est\u00e1 incerta, apesar dos esfor\u00e7os para a instala\u00e7\u00e3o da comiss\u00e3o mista que vai analis\u00e1-la, disseram fontes \u00e0&nbsp;<strong>Ag\u00eancia iNFRA<\/strong>. O plano do governo e de aliados no Congresso \u00e9 preservar pelo menos o novo modelo da tarifa social de energia \u2013 cuja continuidade depende de previs\u00e3o legal \u2013 embora a estrat\u00e9gia ainda n\u00e3o esteja clara. O texto perder\u00e1 a validade em 17 de setembro.<br><br>Nos bastidores, diferentes possibilidades v\u00eam sendo aventadas. Uma avalia\u00e7\u00e3o \u00e9 de que o Congresso pode acabar transferindo a maior parte da medida para a&nbsp;<a href=\"https:\/\/agenciainfra.us14.list-manage.com\/track\/click?u=d460dd1bcf9ba0ae040e1fc0f&amp;id=187cdce41c&amp;e=1192c754bc\" target=\"_blank\" rel=\"noreferrer noopener\">MP 1.304\/2025<\/a>, que imp\u00f5e um teto para os subs\u00eddios na conta de luz. A nova medida provis\u00f3ria, editada em julho, s\u00f3 perde a validade em 7 de novembro. Depois, o novo texto com os trechos incorporados poderia perder a validade sem aprova\u00e7\u00e3o, segundo fontes.<br><br>Contudo, interlocutores tamb\u00e9m relatam o movimento contr\u00e1rio: de a MP 1.300 incorporar os trechos da 1.304 e tramitar no Congresso, com a instala\u00e7\u00e3o da comiss\u00e3o mista. As apostas s\u00e3o de que o governo n\u00e3o possui capital pol\u00edtico para aprovar as duas medidas provis\u00f3rias e precisaria escolher quais itens pretende salvar.<br><br>H\u00e1 quem acredite que nenhuma MP do setor el\u00e9trico ser\u00e1 aprovada. Assim, a inclus\u00e3o do trecho sobre a tarifa social poderia tramitar em um projeto de lei, enviado posteriormente.<br><br>Outra possibilidade seria o Congresso tomar o protagonismo do programa social, com a autoria de um PDL (Projeto de Decreto Legislativo) com a amplia\u00e7\u00e3o do benef\u00edcio nas contas de luz da popula\u00e7\u00e3o de baixa renda.<br><br><strong>Atraso na instala\u00e7\u00e3o da comiss\u00e3o<\/strong><br>A obstru\u00e7\u00e3o da oposi\u00e7\u00e3o nesta semana e a aus\u00eancia do relator escolhido pela C\u00e2mara, o deputado Fernando Coelho (Uni\u00e3o-PE), impediram a instala\u00e7\u00e3o da comiss\u00e3o mista para analisar a MP 1.300 na ter\u00e7a-feira (5). Uma nova tentativa foi marcada para a pr\u00f3xima ter\u00e7a (12), \u00e0s 14h30.<br><br>Segundo fontes, Coelho j\u00e1 avalia a ideia de manter na MP 1.300 apenas os trechos sobre tarifa social. \u00c9 poss\u00edvel ainda preservar o trecho sobre a abertura do mercado livre \u00e0 baixa tens\u00e3o.&nbsp;<br><br>As incertezas sobre a tramita\u00e7\u00e3o das MPs aumentaram com os novos atritos entre governo e oposi\u00e7\u00e3o, al\u00e9m da perda de for\u00e7a do ministro de Minas e Energia, Alexandre Silveira, especialmente junto ao Senado. Diante desse cen\u00e1rio, o jogo continua aberto, segundo fontes.<br><br><strong>\u201cTarifa social cai junto\u201d<\/strong><br>A nova tarifa social ampliada entrou em vig\u00eancia em 5 de julho. Desde ent\u00e3o, consumidores inscritos no Cad\u00danico com consumo mensal de at\u00e9 80 kWh (quilowatts-hora) por m\u00eas t\u00eam suas contas de energia isentas. No entanto, caso a MP caduque e o novo formato do programa n\u00e3o seja convertido em lei, o programa voltar\u00e1 &nbsp;ao modelo antigo.&nbsp;<br><br>De acordo com o advogado Caio Alves, head de Energia do escrit\u00f3rio Rolim Goulart Cardoso, \u201cse a MP cair, a tarifa social vai junto\u201d. O especialista explica que, em caso de perda de vig\u00eancia da medida, s\u00f3 deve ser preservado o que for conclu\u00eddo no per\u00edodo em que o texto esteve em vigor, como a assinatura de um contrato, por exemplo.<br><br>Algumas an\u00e1lises consideram que a perda de validade do novo modelo de tarifa social \u00e9 imediata, ap\u00f3s o fim da validade da MP. Outras, entendem que ocorrer\u00e1 na revis\u00e3o tarif\u00e1ria seguinte. Ou seja, os consumidores voltariam a ser cobrados pelo consumo de energia at\u00e9 80 kWh\/m\u00eas a partir de 2026.&nbsp;<br><br>\u201cA tarifa social \u00e9 uma regra dentro da CDE [Conta de Desenvolvimento Energ\u00e9tico, que banca os subs\u00eddios do setor]. Ela \u00e9 certificada, homologada, em cada reajuste tarif\u00e1rio. Mas onde se define o quanto vai ser coberto por ela \u00e9 justamente na discuss\u00e3o do or\u00e7amento da CDE\u201d, afirmou Caio Alves.<br><br>O or\u00e7amento da CDE para 2025 foi aprovado em 15 de julho, j\u00e1 incorporando os valores para custear a nova tarifa social at\u00e9 dezembro.<br><br><strong>O que j\u00e1 foi implementado da 1.300<\/strong><br>Para o advogado Caio Alves, em caso de perda de vig\u00eancia da MP 1.300, deve restar implementado apenas o leil\u00e3o do GSF (sigla para risco hidrol\u00f3gico), realizado em 1\u00ba de agosto. No entanto, para n\u00e3o abrir brechas a questionamentos, todo o processo do certame deveria ser conclu\u00eddo, como o pagamento pelos vencedores e a assinatura dos termos aditivos para extens\u00e3o dos contratos.<br><br>\u201cPartindo do pressuposto que os agentes v\u00e3o pagar os valores at\u00e9 o fim ali da [vig\u00eancia da] MP e que a ANEEL, al\u00e9m disso, v\u00e1 conseguir alterar as outorgas durante a MP, acho que n\u00e3o tem problema nenhum, vai continuar tudo v\u00e1lido. Agora, se houver atraso em alguma dessas fases, a\u00ed ent\u00e3o come\u00e7a o questionamento\u201d, declarou.<br><br>De acordo com ele, o pedido de suspens\u00e3o do leil\u00e3o apresentado pelo subprocurador-geral do MPTCU (Minist\u00e9rio P\u00fablico junto ao Tribunal de Contas da Uni\u00e3o), Lucas Furtado, na quarta-feira (6) tem o potencial de evitar a conclus\u00e3o do leil\u00e3o. \u201cParalisar o leil\u00e3o vai significar, na pr\u00e1tica, n\u00e3o efetivar o leil\u00e3o\u201d, disse.<br><br>Al\u00e9m do leil\u00e3o, o advogado destaca que outros trechos da MP podem vigorar porque n\u00e3o dependem de altera\u00e7\u00e3o legislativa, como a abertura do mercado de energia, que s\u00f3 depende de portaria do MME.<\/p>\n","protected":false},"excerpt":{"rendered":"<p>Lais Carregosa, Geraldo Campos Jr. e Marisa Wanzeller, da Ag\u00eancia iNFRA A tramita\u00e7\u00e3o da&nbsp;MP (Medida Provis\u00f3ria) 1.300\/2025, que trata da reforma do setor el\u00e9trico, est\u00e1 incerta, apesar dos esfor\u00e7os para a instala\u00e7\u00e3o da comiss\u00e3o mista que vai analis\u00e1-la, disseram fontes \u00e0&nbsp;Ag\u00eancia iNFRA. O plano do governo e de aliados no Congresso \u00e9 preservar pelo menos [&hellip;]<\/p>\n","protected":false},"author":1,"featured_media":20695,"comment_status":"closed","ping_status":"closed","sticky":false,"template":"","format":"standard","meta":{"_monsterinsights_skip_tracking":false,"_monsterinsights_sitenote_active":false,"_monsterinsights_sitenote_note":"","_monsterinsights_sitenote_category":0,"footnotes":""},"categories":[7250,1,10],"tags":[122,11594,13132,7366,71,13261,13059],"class_list":["post-25985","post","type-post","status-publish","format-standard","has-post-thumbnail","hentry","category-destaque-lista","category-geral","category-infraenergia","tag-conta-de-luz","tag-geraldo-campos-jr","tag-lais-carregosa","tag-marisa-wanzeller","tag-mme","tag-mp-do-setor-eletrico","tag-tarifa-social-de-energia"],"yoast_head":"<!-- This site is optimized with the Yoast SEO Premium plugin v25.4 (Yoast SEO v26.0) - https:\/\/yoast.com\/wordpress\/plugins\/seo\/ -->\n<title>MPs do setor el\u00e9trico t\u00eam tramita\u00e7\u00e3o incerta e governo tenta preservar nova tarifa social - Ag\u00eancia iNFRA<\/title>\n<meta name=\"robots\" content=\"index, follow, max-snippet:-1, max-image-preview:large, max-video-preview:-1\" \/>\n<link rel=\"canonical\" href=\"https:\/\/agenciainfra.com\/blog\/mps-do-setor-eletrico-tem-tramitacao-incerta-e-governo-tenta-preservar-nova-tarifa-social\/\" \/>\n<meta property=\"og:locale\" content=\"pt_BR\" \/>\n<meta property=\"og:type\" content=\"article\" \/>\n<meta property=\"og:title\" content=\"MPs do setor el\u00e9trico t\u00eam tramita\u00e7\u00e3o incerta e governo tenta preservar nova tarifa social\" \/>\n<meta property=\"og:description\" content=\"Lais Carregosa, Geraldo Campos Jr. e Marisa Wanzeller, da Ag\u00eancia iNFRA A tramita\u00e7\u00e3o da&nbsp;MP (Medida Provis\u00f3ria) 1.300\/2025, que trata da reforma do setor el\u00e9trico, est\u00e1 incerta, apesar dos esfor\u00e7os para a instala\u00e7\u00e3o da comiss\u00e3o mista que vai analis\u00e1-la, disseram fontes \u00e0&nbsp;Ag\u00eancia iNFRA. O plano do governo e de aliados no Congresso \u00e9 preservar pelo menos [&hellip;]\" \/>\n<meta property=\"og:url\" content=\"https:\/\/agenciainfra.com\/blog\/mps-do-setor-eletrico-tem-tramitacao-incerta-e-governo-tenta-preservar-nova-tarifa-social\/\" \/>\n<meta property=\"og:site_name\" content=\"Ag\u00eancia iNFRA\" \/>\n<meta property=\"article:publisher\" content=\"https:\/\/www.facebook.com\/ageninfra\" \/>\n<meta property=\"article:published_time\" content=\"2025-08-08T13:00:00+00:00\" \/>\n<meta property=\"article:modified_time\" content=\"2025-08-08T19:43:08+00:00\" \/>\n<meta property=\"og:image\" content=\"https:\/\/agenciainfra.com\/blog\/wp-content\/uploads\/2025\/03\/calculo-conta-energia-foto-dominiopublico-e1750863917520.png\" \/>\n\t<meta property=\"og:image:width\" content=\"1208\" \/>\n\t<meta property=\"og:image:height\" content=\"775\" \/>\n\t<meta property=\"og:image:type\" content=\"image\/png\" \/>\n<meta name=\"author\" content=\"Ag\u00eancia iNFRA\" \/>\n<meta name=\"twitter:card\" content=\"summary_large_image\" \/>\n<meta name=\"twitter:creator\" content=\"@agencia_infra\" \/>\n<meta name=\"twitter:site\" content=\"@agencia_infra\" \/>\n<meta name=\"twitter:label1\" content=\"Escrito por\" \/>\n\t<meta name=\"twitter:data1\" content=\"Ag\u00eancia iNFRA\" \/>\n\t<meta name=\"twitter:label2\" content=\"Est. tempo de leitura\" \/>\n\t<meta name=\"twitter:data2\" content=\"5 minutos\" \/>\n<script type=\"application\/ld+json\" class=\"yoast-schema-graph\">{\"@context\":\"https:\/\/schema.org\",\"@graph\":[{\"@type\":\"Article\",\"@id\":\"https:\/\/agenciainfra.com\/blog\/mps-do-setor-eletrico-tem-tramitacao-incerta-e-governo-tenta-preservar-nova-tarifa-social\/#article\",\"isPartOf\":{\"@id\":\"https:\/\/agenciainfra.com\/blog\/mps-do-setor-eletrico-tem-tramitacao-incerta-e-governo-tenta-preservar-nova-tarifa-social\/\"},\"author\":{\"name\":\"Ag\u00eancia iNFRA\",\"@id\":\"https:\/\/agenciainfra.com\/blog\/#\/schema\/person\/34af08dff6adea4cb22b06612ba7acfa\"},\"headline\":\"MPs do setor el\u00e9trico t\u00eam tramita\u00e7\u00e3o incerta e governo tenta preservar nova tarifa social\",\"datePublished\":\"2025-08-08T13:00:00+00:00\",\"dateModified\":\"2025-08-08T19:43:08+00:00\",\"mainEntityOfPage\":{\"@id\":\"https:\/\/agenciainfra.com\/blog\/mps-do-setor-eletrico-tem-tramitacao-incerta-e-governo-tenta-preservar-nova-tarifa-social\/\"},\"wordCount\":942,\"publisher\":{\"@id\":\"https:\/\/agenciainfra.com\/blog\/#organization\"},\"image\":{\"@id\":\"https:\/\/agenciainfra.com\/blog\/mps-do-setor-eletrico-tem-tramitacao-incerta-e-governo-tenta-preservar-nova-tarifa-social\/#primaryimage\"},\"thumbnailUrl\":\"https:\/\/agenciainfra.com\/blog\/wp-content\/uploads\/2025\/03\/calculo-conta-energia-foto-dominiopublico-e1750863917520.png\",\"keywords\":[\"Conta de Luz\",\"Geraldo Campos Jr.\",\"Lais Carregosa\",\"Marisa Wanzeller\",\"MME\",\"mp do setor el\u00e9trico\",\"tarifa social de energia\"],\"articleSection\":[\"Destaque lista\",\"Geral\",\"iNFRAEnergia\"],\"inLanguage\":\"pt-BR\",\"copyrightYear\":\"2025\",\"copyrightHolder\":{\"@id\":\"https:\/\/agenciainfra.com\/blog\/#organization\"}},{\"@type\":\"WebPage\",\"@id\":\"https:\/\/agenciainfra.com\/blog\/mps-do-setor-eletrico-tem-tramitacao-incerta-e-governo-tenta-preservar-nova-tarifa-social\/\",\"url\":\"https:\/\/agenciainfra.com\/blog\/mps-do-setor-eletrico-tem-tramitacao-incerta-e-governo-tenta-preservar-nova-tarifa-social\/\",\"name\":\"MPs do setor el\u00e9trico t\u00eam tramita\u00e7\u00e3o incerta e governo tenta preservar nova tarifa social - Ag\u00eancia iNFRA\",\"isPartOf\":{\"@id\":\"https:\/\/agenciainfra.com\/blog\/#website\"},\"primaryImageOfPage\":{\"@id\":\"https:\/\/agenciainfra.com\/blog\/mps-do-setor-eletrico-tem-tramitacao-incerta-e-governo-tenta-preservar-nova-tarifa-social\/#primaryimage\"},\"image\":{\"@id\":\"https:\/\/agenciainfra.com\/blog\/mps-do-setor-eletrico-tem-tramitacao-incerta-e-governo-tenta-preservar-nova-tarifa-social\/#primaryimage\"},\"thumbnailUrl\":\"https:\/\/agenciainfra.com\/blog\/wp-content\/uploads\/2025\/03\/calculo-conta-energia-foto-dominiopublico-e1750863917520.png\",\"datePublished\":\"2025-08-08T13:00:00+00:00\",\"dateModified\":\"2025-08-08T19:43:08+00:00\",\"breadcrumb\":{\"@id\":\"https:\/\/agenciainfra.com\/blog\/mps-do-setor-eletrico-tem-tramitacao-incerta-e-governo-tenta-preservar-nova-tarifa-social\/#breadcrumb\"},\"inLanguage\":\"pt-BR\",\"potentialAction\":[{\"@type\":\"ReadAction\",\"target\":[\"https:\/\/agenciainfra.com\/blog\/mps-do-setor-eletrico-tem-tramitacao-incerta-e-governo-tenta-preservar-nova-tarifa-social\/\"]}]},{\"@type\":\"ImageObject\",\"inLanguage\":\"pt-BR\",\"@id\":\"https:\/\/agenciainfra.com\/blog\/mps-do-setor-eletrico-tem-tramitacao-incerta-e-governo-tenta-preservar-nova-tarifa-social\/#primaryimage\",\"url\":\"https:\/\/agenciainfra.com\/blog\/wp-content\/uploads\/2025\/03\/calculo-conta-energia-foto-dominiopublico-e1750863917520.png\",\"contentUrl\":\"https:\/\/agenciainfra.com\/blog\/wp-content\/uploads\/2025\/03\/calculo-conta-energia-foto-dominiopublico-e1750863917520.png\",\"width\":1208,\"height\":775,\"caption\":\"Foto: Dom\u00ednio P\u00fablico\"},{\"@type\":\"BreadcrumbList\",\"@id\":\"https:\/\/agenciainfra.com\/blog\/mps-do-setor-eletrico-tem-tramitacao-incerta-e-governo-tenta-preservar-nova-tarifa-social\/#breadcrumb\",\"itemListElement\":[{\"@type\":\"ListItem\",\"position\":1,\"name\":\"In\u00edcio\",\"item\":\"https:\/\/agenciainfra.com\/blog\/\"},{\"@type\":\"ListItem\",\"position\":2,\"name\":\"MPs do setor el\u00e9trico t\u00eam tramita\u00e7\u00e3o incerta e governo tenta preservar nova tarifa social\"}]},{\"@type\":\"WebSite\",\"@id\":\"https:\/\/agenciainfra.com\/blog\/#website\",\"url\":\"https:\/\/agenciainfra.com\/blog\/\",\"name\":\"Ag\u00eancia iNFRA\",\"description\":\"Multiplataforma de informa\u00e7\u00e3o jornal\u00edstica refer\u00eancia na \u00e1rea de infraestrutura no Brasil!\",\"publisher\":{\"@id\":\"https:\/\/agenciainfra.com\/blog\/#organization\"},\"potentialAction\":[{\"@type\":\"SearchAction\",\"target\":{\"@type\":\"EntryPoint\",\"urlTemplate\":\"https:\/\/agenciainfra.com\/blog\/?s={search_term_string}\"},\"query-input\":{\"@type\":\"PropertyValueSpecification\",\"valueRequired\":true,\"valueName\":\"search_term_string\"}}],\"inLanguage\":\"pt-BR\"},{\"@type\":\"Organization\",\"@id\":\"https:\/\/agenciainfra.com\/blog\/#organization\",\"name\":\"Ag\u00eancia iNFRA\",\"url\":\"https:\/\/agenciainfra.com\/blog\/\",\"logo\":{\"@type\":\"ImageObject\",\"inLanguage\":\"pt-BR\",\"@id\":\"https:\/\/agenciainfra.com\/blog\/#\/schema\/logo\/image\/\",\"url\":\"https:\/\/agenciainfra.com\/blog\/wp-content\/uploads\/2023\/09\/iNFRA_5-e1761735885940.png\",\"contentUrl\":\"https:\/\/agenciainfra.com\/blog\/wp-content\/uploads\/2023\/09\/iNFRA_5-e1761735885940.png\",\"width\":1672,\"height\":454,\"caption\":\"Ag\u00eancia iNFRA\"},\"image\":{\"@id\":\"https:\/\/agenciainfra.com\/blog\/#\/schema\/logo\/image\/\"},\"sameAs\":[\"https:\/\/www.facebook.com\/ageninfra\",\"https:\/\/x.com\/agencia_infra\",\"https:\/\/www.linkedin.com\/company\/ag\u00eanciainfra\/\",\"https:\/\/www.instagram.com\/agenciainfra\/\"]},{\"@type\":\"Person\",\"@id\":\"https:\/\/agenciainfra.com\/blog\/#\/schema\/person\/34af08dff6adea4cb22b06612ba7acfa\",\"name\":\"Ag\u00eancia iNFRA\",\"image\":{\"@type\":\"ImageObject\",\"inLanguage\":\"pt-BR\",\"@id\":\"https:\/\/agenciainfra.com\/blog\/#\/schema\/person\/image\/\",\"url\":\"https:\/\/secure.gravatar.com\/avatar\/d189e01678f06d8eb84d4e01f08eb848b3fffe3f8443818d3c356c66892f5be8?s=96&d=mm&r=g\",\"contentUrl\":\"https:\/\/secure.gravatar.com\/avatar\/d189e01678f06d8eb84d4e01f08eb848b3fffe3f8443818d3c356c66892f5be8?s=96&d=mm&r=g\",\"caption\":\"Ag\u00eancia iNFRA\"},\"url\":\"https:\/\/agenciainfra.com\/blog\/author\/admin\/\"}]}<\/script>\n<!-- \/ Yoast SEO Premium plugin. -->","yoast_head_json":{"title":"MPs do setor el\u00e9trico t\u00eam tramita\u00e7\u00e3o incerta e governo tenta preservar nova tarifa social - Ag\u00eancia iNFRA","robots":{"index":"index","follow":"follow","max-snippet":"max-snippet:-1","max-image-preview":"max-image-preview:large","max-video-preview":"max-video-preview:-1"},"canonical":"https:\/\/agenciainfra.com\/blog\/mps-do-setor-eletrico-tem-tramitacao-incerta-e-governo-tenta-preservar-nova-tarifa-social\/","og_locale":"pt_BR","og_type":"article","og_title":"MPs do setor el\u00e9trico t\u00eam tramita\u00e7\u00e3o incerta e governo tenta preservar nova tarifa social","og_description":"Lais Carregosa, Geraldo Campos Jr. e Marisa Wanzeller, da Ag\u00eancia iNFRA A tramita\u00e7\u00e3o da&nbsp;MP (Medida Provis\u00f3ria) 1.300\/2025, que trata da reforma do setor el\u00e9trico, est\u00e1 incerta, apesar dos esfor\u00e7os para a instala\u00e7\u00e3o da comiss\u00e3o mista que vai analis\u00e1-la, disseram fontes \u00e0&nbsp;Ag\u00eancia iNFRA. O plano do governo e de aliados no Congresso \u00e9 preservar pelo menos [&hellip;]","og_url":"https:\/\/agenciainfra.com\/blog\/mps-do-setor-eletrico-tem-tramitacao-incerta-e-governo-tenta-preservar-nova-tarifa-social\/","og_site_name":"Ag\u00eancia iNFRA","article_publisher":"https:\/\/www.facebook.com\/ageninfra","article_published_time":"2025-08-08T13:00:00+00:00","article_modified_time":"2025-08-08T19:43:08+00:00","og_image":[{"width":1208,"height":775,"url":"https:\/\/agenciainfra.com\/blog\/wp-content\/uploads\/2025\/03\/calculo-conta-energia-foto-dominiopublico-e1750863917520.png","type":"image\/png"}],"author":"Ag\u00eancia iNFRA","twitter_card":"summary_large_image","twitter_creator":"@agencia_infra","twitter_site":"@agencia_infra","twitter_misc":{"Escrito por":"Ag\u00eancia iNFRA","Est. tempo de leitura":"5 minutos"},"schema":{"@context":"https:\/\/schema.org","@graph":[{"@type":"Article","@id":"https:\/\/agenciainfra.com\/blog\/mps-do-setor-eletrico-tem-tramitacao-incerta-e-governo-tenta-preservar-nova-tarifa-social\/#article","isPartOf":{"@id":"https:\/\/agenciainfra.com\/blog\/mps-do-setor-eletrico-tem-tramitacao-incerta-e-governo-tenta-preservar-nova-tarifa-social\/"},"author":{"name":"Ag\u00eancia iNFRA","@id":"https:\/\/agenciainfra.com\/blog\/#\/schema\/person\/34af08dff6adea4cb22b06612ba7acfa"},"headline":"MPs do setor el\u00e9trico t\u00eam tramita\u00e7\u00e3o incerta e governo tenta preservar nova tarifa social","datePublished":"2025-08-08T13:00:00+00:00","dateModified":"2025-08-08T19:43:08+00:00","mainEntityOfPage":{"@id":"https:\/\/agenciainfra.com\/blog\/mps-do-setor-eletrico-tem-tramitacao-incerta-e-governo-tenta-preservar-nova-tarifa-social\/"},"wordCount":942,"publisher":{"@id":"https:\/\/agenciainfra.com\/blog\/#organization"},"image":{"@id":"https:\/\/agenciainfra.com\/blog\/mps-do-setor-eletrico-tem-tramitacao-incerta-e-governo-tenta-preservar-nova-tarifa-social\/#primaryimage"},"thumbnailUrl":"https:\/\/agenciainfra.com\/blog\/wp-content\/uploads\/2025\/03\/calculo-conta-energia-foto-dominiopublico-e1750863917520.png","keywords":["Conta de Luz","Geraldo Campos Jr.","Lais Carregosa","Marisa Wanzeller","MME","mp do setor el\u00e9trico","tarifa social de energia"],"articleSection":["Destaque lista","Geral","iNFRAEnergia"],"inLanguage":"pt-BR","copyrightYear":"2025","copyrightHolder":{"@id":"https:\/\/agenciainfra.com\/blog\/#organization"}},{"@type":"WebPage","@id":"https:\/\/agenciainfra.com\/blog\/mps-do-setor-eletrico-tem-tramitacao-incerta-e-governo-tenta-preservar-nova-tarifa-social\/","url":"https:\/\/agenciainfra.com\/blog\/mps-do-setor-eletrico-tem-tramitacao-incerta-e-governo-tenta-preservar-nova-tarifa-social\/","name":"MPs do setor el\u00e9trico t\u00eam tramita\u00e7\u00e3o incerta e governo tenta preservar nova tarifa social - Ag\u00eancia iNFRA","isPartOf":{"@id":"https:\/\/agenciainfra.com\/blog\/#website"},"primaryImageOfPage":{"@id":"https:\/\/agenciainfra.com\/blog\/mps-do-setor-eletrico-tem-tramitacao-incerta-e-governo-tenta-preservar-nova-tarifa-social\/#primaryimage"},"image":{"@id":"https:\/\/agenciainfra.com\/blog\/mps-do-setor-eletrico-tem-tramitacao-incerta-e-governo-tenta-preservar-nova-tarifa-social\/#primaryimage"},"thumbnailUrl":"https:\/\/agenciainfra.com\/blog\/wp-content\/uploads\/2025\/03\/calculo-conta-energia-foto-dominiopublico-e1750863917520.png","datePublished":"2025-08-08T13:00:00+00:00","dateModified":"2025-08-08T19:43:08+00:00","breadcrumb":{"@id":"https:\/\/agenciainfra.com\/blog\/mps-do-setor-eletrico-tem-tramitacao-incerta-e-governo-tenta-preservar-nova-tarifa-social\/#breadcrumb"},"inLanguage":"pt-BR","potentialAction":[{"@type":"ReadAction","target":["https:\/\/agenciainfra.com\/blog\/mps-do-setor-eletrico-tem-tramitacao-incerta-e-governo-tenta-preservar-nova-tarifa-social\/"]}]},{"@type":"ImageObject","inLanguage":"pt-BR","@id":"https:\/\/agenciainfra.com\/blog\/mps-do-setor-eletrico-tem-tramitacao-incerta-e-governo-tenta-preservar-nova-tarifa-social\/#primaryimage","url":"https:\/\/agenciainfra.com\/blog\/wp-content\/uploads\/2025\/03\/calculo-conta-energia-foto-dominiopublico-e1750863917520.png","contentUrl":"https:\/\/agenciainfra.com\/blog\/wp-content\/uploads\/2025\/03\/calculo-conta-energia-foto-dominiopublico-e1750863917520.png","width":1208,"height":775,"caption":"Foto: Dom\u00ednio P\u00fablico"},{"@type":"BreadcrumbList","@id":"https:\/\/agenciainfra.com\/blog\/mps-do-setor-eletrico-tem-tramitacao-incerta-e-governo-tenta-preservar-nova-tarifa-social\/#breadcrumb","itemListElement":[{"@type":"ListItem","position":1,"name":"In\u00edcio","item":"https:\/\/agenciainfra.com\/blog\/"},{"@type":"ListItem","position":2,"name":"MPs do setor el\u00e9trico t\u00eam tramita\u00e7\u00e3o incerta e governo tenta preservar nova tarifa social"}]},{"@type":"WebSite","@id":"https:\/\/agenciainfra.com\/blog\/#website","url":"https:\/\/agenciainfra.com\/blog\/","name":"Ag\u00eancia iNFRA","description":"Multiplataforma de informa\u00e7\u00e3o jornal\u00edstica refer\u00eancia na \u00e1rea de infraestrutura no Brasil!","publisher":{"@id":"https:\/\/agenciainfra.com\/blog\/#organization"},"potentialAction":[{"@type":"SearchAction","target":{"@type":"EntryPoint","urlTemplate":"https:\/\/agenciainfra.com\/blog\/?s={search_term_string}"},"query-input":{"@type":"PropertyValueSpecification","valueRequired":true,"valueName":"search_term_string"}}],"inLanguage":"pt-BR"},{"@type":"Organization","@id":"https:\/\/agenciainfra.com\/blog\/#organization","name":"Ag\u00eancia iNFRA","url":"https:\/\/agenciainfra.com\/blog\/","logo":{"@type":"ImageObject","inLanguage":"pt-BR","@id":"https:\/\/agenciainfra.com\/blog\/#\/schema\/logo\/image\/","url":"https:\/\/agenciainfra.com\/blog\/wp-content\/uploads\/2023\/09\/iNFRA_5-e1761735885940.png","contentUrl":"https:\/\/agenciainfra.com\/blog\/wp-content\/uploads\/2023\/09\/iNFRA_5-e1761735885940.png","width":1672,"height":454,"caption":"Ag\u00eancia iNFRA"},"image":{"@id":"https:\/\/agenciainfra.com\/blog\/#\/schema\/logo\/image\/"},"sameAs":["https:\/\/www.facebook.com\/ageninfra","https:\/\/x.com\/agencia_infra","https:\/\/www.linkedin.com\/company\/ag\u00eanciainfra\/","https:\/\/www.instagram.com\/agenciainfra\/"]},{"@type":"Person","@id":"https:\/\/agenciainfra.com\/blog\/#\/schema\/person\/34af08dff6adea4cb22b06612ba7acfa","name":"Ag\u00eancia iNFRA","image":{"@type":"ImageObject","inLanguage":"pt-BR","@id":"https:\/\/agenciainfra.com\/blog\/#\/schema\/person\/image\/","url":"https:\/\/secure.gravatar.com\/avatar\/d189e01678f06d8eb84d4e01f08eb848b3fffe3f8443818d3c356c66892f5be8?s=96&d=mm&r=g","contentUrl":"https:\/\/secure.gravatar.com\/avatar\/d189e01678f06d8eb84d4e01f08eb848b3fffe3f8443818d3c356c66892f5be8?s=96&d=mm&r=g","caption":"Ag\u00eancia iNFRA"},"url":"https:\/\/agenciainfra.com\/blog\/author\/admin\/"}]}},"_links":{"self":[{"href":"https:\/\/agenciainfra.com\/blog\/wp-json\/wp\/v2\/posts\/25985","targetHints":{"allow":["GET"]}}],"collection":[{"href":"https:\/\/agenciainfra.com\/blog\/wp-json\/wp\/v2\/posts"}],"about":[{"href":"https:\/\/agenciainfra.com\/blog\/wp-json\/wp\/v2\/types\/post"}],"author":[{"embeddable":true,"href":"https:\/\/agenciainfra.com\/blog\/wp-json\/wp\/v2\/users\/1"}],"replies":[{"embeddable":true,"href":"https:\/\/agenciainfra.com\/blog\/wp-json\/wp\/v2\/comments?post=25985"}],"version-history":[{"count":1,"href":"https:\/\/agenciainfra.com\/blog\/wp-json\/wp\/v2\/posts\/25985\/revisions"}],"predecessor-version":[{"id":25986,"href":"https:\/\/agenciainfra.com\/blog\/wp-json\/wp\/v2\/posts\/25985\/revisions\/25986"}],"wp:featuredmedia":[{"embeddable":true,"href":"https:\/\/agenciainfra.com\/blog\/wp-json\/wp\/v2\/media\/20695"}],"wp:attachment":[{"href":"https:\/\/agenciainfra.com\/blog\/wp-json\/wp\/v2\/media?parent=25985"}],"wp:term":[{"taxonomy":"category","embeddable":true,"href":"https:\/\/agenciainfra.com\/blog\/wp-json\/wp\/v2\/categories?post=25985"},{"taxonomy":"post_tag","embeddable":true,"href":"https:\/\/agenciainfra.com\/blog\/wp-json\/wp\/v2\/tags?post=25985"}],"curies":[{"name":"wp","href":"https:\/\/api.w.org\/{rel}","templated":true}]}}