{"id":26005,"date":"2025-08-08T12:56:15","date_gmt":"2025-08-08T15:56:15","guid":{"rendered":"https:\/\/agenciainfra.com\/blog\/?p=26005"},"modified":"2025-08-08T20:00:50","modified_gmt":"2025-08-08T23:00:50","slug":"petrobras-nao-tem-projeto-de-distribuicao-de-glp-no-momento-mas-garantiu-portas-abertas-diz-magda","status":"publish","type":"post","link":"https:\/\/agenciainfra.com\/blog\/petrobras-nao-tem-projeto-de-distribuicao-de-glp-no-momento-mas-garantiu-portas-abertas-diz-magda\/","title":{"rendered":"Petrobras n\u00e3o tem projeto de distribui\u00e7\u00e3o de GLP no momento, mas garantiu &#8220;portas abertas&#8221;, diz Magda"},"content":{"rendered":"\n<p class=\"has-text-align-right\"><strong>Geraldo Campos Jr., da Ag\u00eancia iNFRA<\/strong><\/p>\n\n\n\n<p>A presidente da Petrobras, Magda Chambriard, disse nesta sexta-feira (8) que a decis\u00e3o tomada pelo Conselho de Administra\u00e7\u00e3o da companhia sobre retorno \u00e0 distribui\u00e7\u00e3o de GLP (G\u00e1s Liquefeito de Petr\u00f3leo) \u2013 g\u00e1s de cozinha \u2013 visa a garantir \u201cque as portas estivessem abertas\u201d caso haja atratividade para a companhia voltar \u00e0 atividade.<\/p>\n\n\n\n<p>\u201cN\u00e3o temos agora nada em vista. N\u00e3o tem nenhum projeto de aquisi\u00e7\u00e3o de distribui\u00e7\u00e3o de GLP no momento na carteira da Petrobras. Mas garantimos que as portas estivessem abertas caso o projeto seja bom, seja rent\u00e1vel e caso a atratividade desse projeto esteja em linha com o que a Petrobras demanda&#8221;, disse a presidente em teleconfer\u00eancia com investidores.<\/p>\n\n\n\n<p>Segundo o diretor de\u2009Log\u00edstica,\u2009Comercializa\u00e7\u00e3o\u2009e\u2009Mercados da Petrobras, Claudio Schlosser, a empresa ter\u00e1 um aumento de produ\u00e7\u00e3o de GLP e por isso precisa buscar mercado. \u201cJ\u00e1 estamos avan\u00e7ando na venda direta, inclusive de GLP, onde temos infraestrutura, conversando com grandes consumidores para fornecer pra eles de forma direta, capturando uma margem. Ent\u00e3o diria que \u00e9 bastante natural essa vis\u00e3o de ampliarmos agora&#8221;, afirmou.<\/p>\n","protected":false},"excerpt":{"rendered":"<p>Geraldo Campos Jr., da Ag\u00eancia iNFRA A presidente da Petrobras, Magda Chambriard, disse nesta sexta-feira (8) que a decis\u00e3o tomada pelo Conselho de Administra\u00e7\u00e3o da companhia sobre retorno \u00e0 distribui\u00e7\u00e3o de GLP (G\u00e1s Liquefeito de Petr\u00f3leo) \u2013 g\u00e1s de cozinha \u2013 visa a garantir \u201cque as portas estivessem abertas\u201d caso haja atratividade para a companhia [&hellip;]<\/p>\n","protected":false},"author":1,"featured_media":22697,"comment_status":"closed","ping_status":"closed","sticky":false,"template":"","format":"standard","meta":{"_monsterinsights_skip_tracking":false,"_monsterinsights_sitenote_active":false,"_monsterinsights_sitenote_note":"","_monsterinsights_sitenote_category":0,"footnotes":""},"categories":[1,13271],"tags":[14772,4163,11594,2032,9446,3191,143],"class_list":["post-26005","post","type-post","status-publish","format-standard","has-post-thumbnail","hentry","category-geral","category-oleo-gas","tag-distribuicao-de-glp","tag-gas-de-cozinha","tag-geraldo-campos-jr","tag-glp","tag-magda-chambriard","tag-oleo-e-gas","tag-petrobras"],"yoast_head":"<!-- This site is optimized with the Yoast SEO Premium plugin v25.4 (Yoast SEO v26.0) - https:\/\/yoast.com\/wordpress\/plugins\/seo\/ -->\n<title>Petrobras n\u00e3o tem projeto de distribui\u00e7\u00e3o de GLP no momento, mas garantiu &quot;portas abertas&quot;, diz Magda - Ag\u00eancia iNFRA<\/title>\n<meta name=\"robots\" content=\"index, follow, max-snippet:-1, max-image-preview:large, max-video-preview:-1\" \/>\n<link rel=\"canonical\" href=\"https:\/\/agenciainfra.com\/blog\/petrobras-nao-tem-projeto-de-distribuicao-de-glp-no-momento-mas-garantiu-portas-abertas-diz-magda\/\" \/>\n<meta property=\"og:locale\" content=\"pt_BR\" \/>\n<meta property=\"og:type\" content=\"article\" \/>\n<meta property=\"og:title\" content=\"Petrobras n\u00e3o tem projeto de distribui\u00e7\u00e3o de GLP no momento, mas garantiu &quot;portas abertas&quot;, diz Magda\" \/>\n<meta property=\"og:description\" content=\"Geraldo Campos Jr., da Ag\u00eancia iNFRA A presidente da Petrobras, Magda Chambriard, disse nesta sexta-feira (8) que a decis\u00e3o tomada pelo Conselho de Administra\u00e7\u00e3o da companhia sobre retorno \u00e0 distribui\u00e7\u00e3o de GLP (G\u00e1s Liquefeito de Petr\u00f3leo) \u2013 g\u00e1s de cozinha \u2013 visa a garantir \u201cque as portas estivessem abertas\u201d caso haja atratividade para a companhia [&hellip;]\" \/>\n<meta property=\"og:url\" content=\"https:\/\/agenciainfra.com\/blog\/petrobras-nao-tem-projeto-de-distribuicao-de-glp-no-momento-mas-garantiu-portas-abertas-diz-magda\/\" \/>\n<meta property=\"og:site_name\" content=\"Ag\u00eancia iNFRA\" \/>\n<meta property=\"article:publisher\" content=\"https:\/\/www.facebook.com\/ageninfra\" \/>\n<meta property=\"article:published_time\" content=\"2025-08-08T15:56:15+00:00\" \/>\n<meta property=\"article:modified_time\" content=\"2025-08-08T23:00:50+00:00\" \/>\n<meta property=\"og:image\" content=\"https:\/\/agenciainfra.com\/blog\/wp-content\/uploads\/2025\/06\/magda-chambriard-foto-rafa-pereira-petrobras.jpg\" \/>\n\t<meta property=\"og:image:width\" content=\"1280\" \/>\n\t<meta property=\"og:image:height\" content=\"853\" \/>\n\t<meta property=\"og:image:type\" content=\"image\/jpeg\" \/>\n<meta name=\"author\" content=\"Ag\u00eancia iNFRA\" \/>\n<meta name=\"twitter:card\" content=\"summary_large_image\" \/>\n<meta name=\"twitter:creator\" content=\"@agencia_infra\" \/>\n<meta name=\"twitter:site\" content=\"@agencia_infra\" \/>\n<meta name=\"twitter:label1\" content=\"Escrito por\" \/>\n\t<meta name=\"twitter:data1\" content=\"Ag\u00eancia iNFRA\" \/>\n\t<meta name=\"twitter:label2\" content=\"Est. tempo de leitura\" \/>\n\t<meta name=\"twitter:data2\" content=\"1 minuto\" \/>\n<script type=\"application\/ld+json\" class=\"yoast-schema-graph\">{\"@context\":\"https:\/\/schema.org\",\"@graph\":[{\"@type\":\"Article\",\"@id\":\"https:\/\/agenciainfra.com\/blog\/petrobras-nao-tem-projeto-de-distribuicao-de-glp-no-momento-mas-garantiu-portas-abertas-diz-magda\/#article\",\"isPartOf\":{\"@id\":\"https:\/\/agenciainfra.com\/blog\/petrobras-nao-tem-projeto-de-distribuicao-de-glp-no-momento-mas-garantiu-portas-abertas-diz-magda\/\"},\"author\":{\"name\":\"Ag\u00eancia iNFRA\",\"@id\":\"https:\/\/agenciainfra.com\/blog\/#\/schema\/person\/34af08dff6adea4cb22b06612ba7acfa\"},\"headline\":\"Petrobras n\u00e3o tem projeto de distribui\u00e7\u00e3o de GLP no momento, mas garantiu &#8220;portas abertas&#8221;, diz Magda\",\"datePublished\":\"2025-08-08T15:56:15+00:00\",\"dateModified\":\"2025-08-08T23:00:50+00:00\",\"mainEntityOfPage\":{\"@id\":\"https:\/\/agenciainfra.com\/blog\/petrobras-nao-tem-projeto-de-distribuicao-de-glp-no-momento-mas-garantiu-portas-abertas-diz-magda\/\"},\"wordCount\":212,\"publisher\":{\"@id\":\"https:\/\/agenciainfra.com\/blog\/#organization\"},\"image\":{\"@id\":\"https:\/\/agenciainfra.com\/blog\/petrobras-nao-tem-projeto-de-distribuicao-de-glp-no-momento-mas-garantiu-portas-abertas-diz-magda\/#primaryimage\"},\"thumbnailUrl\":\"https:\/\/agenciainfra.com\/blog\/wp-content\/uploads\/2025\/06\/magda-chambriard-foto-rafa-pereira-petrobras.jpg\",\"keywords\":[\"distribui\u00e7\u00e3o de glp\",\"g\u00e1s de cozinha\",\"Geraldo Campos Jr.\",\"GLP\",\"Magda Chambriard\",\"\u00f3leo e g\u00e1s\",\"Petrobras\"],\"articleSection\":[\"Geral\",\"\u00d3leo &amp; G\u00e1s\"],\"inLanguage\":\"pt-BR\",\"copyrightYear\":\"2025\",\"copyrightHolder\":{\"@id\":\"https:\/\/agenciainfra.com\/blog\/#organization\"}},{\"@type\":\"WebPage\",\"@id\":\"https:\/\/agenciainfra.com\/blog\/petrobras-nao-tem-projeto-de-distribuicao-de-glp-no-momento-mas-garantiu-portas-abertas-diz-magda\/\",\"url\":\"https:\/\/agenciainfra.com\/blog\/petrobras-nao-tem-projeto-de-distribuicao-de-glp-no-momento-mas-garantiu-portas-abertas-diz-magda\/\",\"name\":\"Petrobras n\u00e3o tem projeto de distribui\u00e7\u00e3o de GLP no momento, mas garantiu \\\"portas abertas\\\", diz Magda - Ag\u00eancia iNFRA\",\"isPartOf\":{\"@id\":\"https:\/\/agenciainfra.com\/blog\/#website\"},\"primaryImageOfPage\":{\"@id\":\"https:\/\/agenciainfra.com\/blog\/petrobras-nao-tem-projeto-de-distribuicao-de-glp-no-momento-mas-garantiu-portas-abertas-diz-magda\/#primaryimage\"},\"image\":{\"@id\":\"https:\/\/agenciainfra.com\/blog\/petrobras-nao-tem-projeto-de-distribuicao-de-glp-no-momento-mas-garantiu-portas-abertas-diz-magda\/#primaryimage\"},\"thumbnailUrl\":\"https:\/\/agenciainfra.com\/blog\/wp-content\/uploads\/2025\/06\/magda-chambriard-foto-rafa-pereira-petrobras.jpg\",\"datePublished\":\"2025-08-08T15:56:15+00:00\",\"dateModified\":\"2025-08-08T23:00:50+00:00\",\"breadcrumb\":{\"@id\":\"https:\/\/agenciainfra.com\/blog\/petrobras-nao-tem-projeto-de-distribuicao-de-glp-no-momento-mas-garantiu-portas-abertas-diz-magda\/#breadcrumb\"},\"inLanguage\":\"pt-BR\",\"potentialAction\":[{\"@type\":\"ReadAction\",\"target\":[\"https:\/\/agenciainfra.com\/blog\/petrobras-nao-tem-projeto-de-distribuicao-de-glp-no-momento-mas-garantiu-portas-abertas-diz-magda\/\"]}]},{\"@type\":\"ImageObject\",\"inLanguage\":\"pt-BR\",\"@id\":\"https:\/\/agenciainfra.com\/blog\/petrobras-nao-tem-projeto-de-distribuicao-de-glp-no-momento-mas-garantiu-portas-abertas-diz-magda\/#primaryimage\",\"url\":\"https:\/\/agenciainfra.com\/blog\/wp-content\/uploads\/2025\/06\/magda-chambriard-foto-rafa-pereira-petrobras.jpg\",\"contentUrl\":\"https:\/\/agenciainfra.com\/blog\/wp-content\/uploads\/2025\/06\/magda-chambriard-foto-rafa-pereira-petrobras.jpg\",\"width\":1280,\"height\":853,\"caption\":\"Foto: Rafael Pereira\/Petrobras\"},{\"@type\":\"BreadcrumbList\",\"@id\":\"https:\/\/agenciainfra.com\/blog\/petrobras-nao-tem-projeto-de-distribuicao-de-glp-no-momento-mas-garantiu-portas-abertas-diz-magda\/#breadcrumb\",\"itemListElement\":[{\"@type\":\"ListItem\",\"position\":1,\"name\":\"In\u00edcio\",\"item\":\"https:\/\/agenciainfra.com\/blog\/\"},{\"@type\":\"ListItem\",\"position\":2,\"name\":\"Petrobras n\u00e3o tem projeto de distribui\u00e7\u00e3o de GLP no momento, mas garantiu &#8220;portas abertas&#8221;, diz Magda\"}]},{\"@type\":\"WebSite\",\"@id\":\"https:\/\/agenciainfra.com\/blog\/#website\",\"url\":\"https:\/\/agenciainfra.com\/blog\/\",\"name\":\"Ag\u00eancia iNFRA\",\"description\":\"Multiplataforma de informa\u00e7\u00e3o jornal\u00edstica refer\u00eancia na \u00e1rea de infraestrutura no Brasil!\",\"publisher\":{\"@id\":\"https:\/\/agenciainfra.com\/blog\/#organization\"},\"potentialAction\":[{\"@type\":\"SearchAction\",\"target\":{\"@type\":\"EntryPoint\",\"urlTemplate\":\"https:\/\/agenciainfra.com\/blog\/?s={search_term_string}\"},\"query-input\":{\"@type\":\"PropertyValueSpecification\",\"valueRequired\":true,\"valueName\":\"search_term_string\"}}],\"inLanguage\":\"pt-BR\"},{\"@type\":\"Organization\",\"@id\":\"https:\/\/agenciainfra.com\/blog\/#organization\",\"name\":\"Ag\u00eancia iNFRA\",\"url\":\"https:\/\/agenciainfra.com\/blog\/\",\"logo\":{\"@type\":\"ImageObject\",\"inLanguage\":\"pt-BR\",\"@id\":\"https:\/\/agenciainfra.com\/blog\/#\/schema\/logo\/image\/\",\"url\":\"https:\/\/agenciainfra.com\/blog\/wp-content\/uploads\/2023\/09\/iNFRA_5-e1761735885940.png\",\"contentUrl\":\"https:\/\/agenciainfra.com\/blog\/wp-content\/uploads\/2023\/09\/iNFRA_5-e1761735885940.png\",\"width\":1672,\"height\":454,\"caption\":\"Ag\u00eancia iNFRA\"},\"image\":{\"@id\":\"https:\/\/agenciainfra.com\/blog\/#\/schema\/logo\/image\/\"},\"sameAs\":[\"https:\/\/www.facebook.com\/ageninfra\",\"https:\/\/x.com\/agencia_infra\",\"https:\/\/www.linkedin.com\/company\/ag\u00eanciainfra\/\",\"https:\/\/www.instagram.com\/agenciainfra\/\"]},{\"@type\":\"Person\",\"@id\":\"https:\/\/agenciainfra.com\/blog\/#\/schema\/person\/34af08dff6adea4cb22b06612ba7acfa\",\"name\":\"Ag\u00eancia iNFRA\",\"image\":{\"@type\":\"ImageObject\",\"inLanguage\":\"pt-BR\",\"@id\":\"https:\/\/agenciainfra.com\/blog\/#\/schema\/person\/image\/\",\"url\":\"https:\/\/secure.gravatar.com\/avatar\/d189e01678f06d8eb84d4e01f08eb848b3fffe3f8443818d3c356c66892f5be8?s=96&d=mm&r=g\",\"contentUrl\":\"https:\/\/secure.gravatar.com\/avatar\/d189e01678f06d8eb84d4e01f08eb848b3fffe3f8443818d3c356c66892f5be8?s=96&d=mm&r=g\",\"caption\":\"Ag\u00eancia iNFRA\"},\"url\":\"https:\/\/agenciainfra.com\/blog\/author\/admin\/\"}]}<\/script>\n<!-- \/ Yoast SEO Premium plugin. -->","yoast_head_json":{"title":"Petrobras n\u00e3o tem projeto de distribui\u00e7\u00e3o de GLP no momento, mas garantiu \"portas abertas\", diz Magda - Ag\u00eancia iNFRA","robots":{"index":"index","follow":"follow","max-snippet":"max-snippet:-1","max-image-preview":"max-image-preview:large","max-video-preview":"max-video-preview:-1"},"canonical":"https:\/\/agenciainfra.com\/blog\/petrobras-nao-tem-projeto-de-distribuicao-de-glp-no-momento-mas-garantiu-portas-abertas-diz-magda\/","og_locale":"pt_BR","og_type":"article","og_title":"Petrobras n\u00e3o tem projeto de distribui\u00e7\u00e3o de GLP no momento, mas garantiu \"portas abertas\", diz Magda","og_description":"Geraldo Campos Jr., da Ag\u00eancia iNFRA A presidente da Petrobras, Magda Chambriard, disse nesta sexta-feira (8) que a decis\u00e3o tomada pelo Conselho de Administra\u00e7\u00e3o da companhia sobre retorno \u00e0 distribui\u00e7\u00e3o de GLP (G\u00e1s Liquefeito de Petr\u00f3leo) \u2013 g\u00e1s de cozinha \u2013 visa a garantir \u201cque as portas estivessem abertas\u201d caso haja atratividade para a companhia [&hellip;]","og_url":"https:\/\/agenciainfra.com\/blog\/petrobras-nao-tem-projeto-de-distribuicao-de-glp-no-momento-mas-garantiu-portas-abertas-diz-magda\/","og_site_name":"Ag\u00eancia iNFRA","article_publisher":"https:\/\/www.facebook.com\/ageninfra","article_published_time":"2025-08-08T15:56:15+00:00","article_modified_time":"2025-08-08T23:00:50+00:00","og_image":[{"width":1280,"height":853,"url":"https:\/\/agenciainfra.com\/blog\/wp-content\/uploads\/2025\/06\/magda-chambriard-foto-rafa-pereira-petrobras.jpg","type":"image\/jpeg"}],"author":"Ag\u00eancia iNFRA","twitter_card":"summary_large_image","twitter_creator":"@agencia_infra","twitter_site":"@agencia_infra","twitter_misc":{"Escrito por":"Ag\u00eancia iNFRA","Est. tempo de leitura":"1 minuto"},"schema":{"@context":"https:\/\/schema.org","@graph":[{"@type":"Article","@id":"https:\/\/agenciainfra.com\/blog\/petrobras-nao-tem-projeto-de-distribuicao-de-glp-no-momento-mas-garantiu-portas-abertas-diz-magda\/#article","isPartOf":{"@id":"https:\/\/agenciainfra.com\/blog\/petrobras-nao-tem-projeto-de-distribuicao-de-glp-no-momento-mas-garantiu-portas-abertas-diz-magda\/"},"author":{"name":"Ag\u00eancia iNFRA","@id":"https:\/\/agenciainfra.com\/blog\/#\/schema\/person\/34af08dff6adea4cb22b06612ba7acfa"},"headline":"Petrobras n\u00e3o tem projeto de distribui\u00e7\u00e3o de GLP no momento, mas garantiu &#8220;portas abertas&#8221;, diz Magda","datePublished":"2025-08-08T15:56:15+00:00","dateModified":"2025-08-08T23:00:50+00:00","mainEntityOfPage":{"@id":"https:\/\/agenciainfra.com\/blog\/petrobras-nao-tem-projeto-de-distribuicao-de-glp-no-momento-mas-garantiu-portas-abertas-diz-magda\/"},"wordCount":212,"publisher":{"@id":"https:\/\/agenciainfra.com\/blog\/#organization"},"image":{"@id":"https:\/\/agenciainfra.com\/blog\/petrobras-nao-tem-projeto-de-distribuicao-de-glp-no-momento-mas-garantiu-portas-abertas-diz-magda\/#primaryimage"},"thumbnailUrl":"https:\/\/agenciainfra.com\/blog\/wp-content\/uploads\/2025\/06\/magda-chambriard-foto-rafa-pereira-petrobras.jpg","keywords":["distribui\u00e7\u00e3o de glp","g\u00e1s de cozinha","Geraldo Campos Jr.","GLP","Magda Chambriard","\u00f3leo e g\u00e1s","Petrobras"],"articleSection":["Geral","\u00d3leo &amp; G\u00e1s"],"inLanguage":"pt-BR","copyrightYear":"2025","copyrightHolder":{"@id":"https:\/\/agenciainfra.com\/blog\/#organization"}},{"@type":"WebPage","@id":"https:\/\/agenciainfra.com\/blog\/petrobras-nao-tem-projeto-de-distribuicao-de-glp-no-momento-mas-garantiu-portas-abertas-diz-magda\/","url":"https:\/\/agenciainfra.com\/blog\/petrobras-nao-tem-projeto-de-distribuicao-de-glp-no-momento-mas-garantiu-portas-abertas-diz-magda\/","name":"Petrobras n\u00e3o tem projeto de distribui\u00e7\u00e3o de GLP no momento, mas garantiu \"portas abertas\", diz Magda - Ag\u00eancia iNFRA","isPartOf":{"@id":"https:\/\/agenciainfra.com\/blog\/#website"},"primaryImageOfPage":{"@id":"https:\/\/agenciainfra.com\/blog\/petrobras-nao-tem-projeto-de-distribuicao-de-glp-no-momento-mas-garantiu-portas-abertas-diz-magda\/#primaryimage"},"image":{"@id":"https:\/\/agenciainfra.com\/blog\/petrobras-nao-tem-projeto-de-distribuicao-de-glp-no-momento-mas-garantiu-portas-abertas-diz-magda\/#primaryimage"},"thumbnailUrl":"https:\/\/agenciainfra.com\/blog\/wp-content\/uploads\/2025\/06\/magda-chambriard-foto-rafa-pereira-petrobras.jpg","datePublished":"2025-08-08T15:56:15+00:00","dateModified":"2025-08-08T23:00:50+00:00","breadcrumb":{"@id":"https:\/\/agenciainfra.com\/blog\/petrobras-nao-tem-projeto-de-distribuicao-de-glp-no-momento-mas-garantiu-portas-abertas-diz-magda\/#breadcrumb"},"inLanguage":"pt-BR","potentialAction":[{"@type":"ReadAction","target":["https:\/\/agenciainfra.com\/blog\/petrobras-nao-tem-projeto-de-distribuicao-de-glp-no-momento-mas-garantiu-portas-abertas-diz-magda\/"]}]},{"@type":"ImageObject","inLanguage":"pt-BR","@id":"https:\/\/agenciainfra.com\/blog\/petrobras-nao-tem-projeto-de-distribuicao-de-glp-no-momento-mas-garantiu-portas-abertas-diz-magda\/#primaryimage","url":"https:\/\/agenciainfra.com\/blog\/wp-content\/uploads\/2025\/06\/magda-chambriard-foto-rafa-pereira-petrobras.jpg","contentUrl":"https:\/\/agenciainfra.com\/blog\/wp-content\/uploads\/2025\/06\/magda-chambriard-foto-rafa-pereira-petrobras.jpg","width":1280,"height":853,"caption":"Foto: Rafael Pereira\/Petrobras"},{"@type":"BreadcrumbList","@id":"https:\/\/agenciainfra.com\/blog\/petrobras-nao-tem-projeto-de-distribuicao-de-glp-no-momento-mas-garantiu-portas-abertas-diz-magda\/#breadcrumb","itemListElement":[{"@type":"ListItem","position":1,"name":"In\u00edcio","item":"https:\/\/agenciainfra.com\/blog\/"},{"@type":"ListItem","position":2,"name":"Petrobras n\u00e3o tem projeto de distribui\u00e7\u00e3o de GLP no momento, mas garantiu &#8220;portas abertas&#8221;, diz Magda"}]},{"@type":"WebSite","@id":"https:\/\/agenciainfra.com\/blog\/#website","url":"https:\/\/agenciainfra.com\/blog\/","name":"Ag\u00eancia iNFRA","description":"Multiplataforma de informa\u00e7\u00e3o jornal\u00edstica refer\u00eancia na \u00e1rea de infraestrutura no Brasil!","publisher":{"@id":"https:\/\/agenciainfra.com\/blog\/#organization"},"potentialAction":[{"@type":"SearchAction","target":{"@type":"EntryPoint","urlTemplate":"https:\/\/agenciainfra.com\/blog\/?s={search_term_string}"},"query-input":{"@type":"PropertyValueSpecification","valueRequired":true,"valueName":"search_term_string"}}],"inLanguage":"pt-BR"},{"@type":"Organization","@id":"https:\/\/agenciainfra.com\/blog\/#organization","name":"Ag\u00eancia iNFRA","url":"https:\/\/agenciainfra.com\/blog\/","logo":{"@type":"ImageObject","inLanguage":"pt-BR","@id":"https:\/\/agenciainfra.com\/blog\/#\/schema\/logo\/image\/","url":"https:\/\/agenciainfra.com\/blog\/wp-content\/uploads\/2023\/09\/iNFRA_5-e1761735885940.png","contentUrl":"https:\/\/agenciainfra.com\/blog\/wp-content\/uploads\/2023\/09\/iNFRA_5-e1761735885940.png","width":1672,"height":454,"caption":"Ag\u00eancia iNFRA"},"image":{"@id":"https:\/\/agenciainfra.com\/blog\/#\/schema\/logo\/image\/"},"sameAs":["https:\/\/www.facebook.com\/ageninfra","https:\/\/x.com\/agencia_infra","https:\/\/www.linkedin.com\/company\/ag\u00eanciainfra\/","https:\/\/www.instagram.com\/agenciainfra\/"]},{"@type":"Person","@id":"https:\/\/agenciainfra.com\/blog\/#\/schema\/person\/34af08dff6adea4cb22b06612ba7acfa","name":"Ag\u00eancia iNFRA","image":{"@type":"ImageObject","inLanguage":"pt-BR","@id":"https:\/\/agenciainfra.com\/blog\/#\/schema\/person\/image\/","url":"https:\/\/secure.gravatar.com\/avatar\/d189e01678f06d8eb84d4e01f08eb848b3fffe3f8443818d3c356c66892f5be8?s=96&d=mm&r=g","contentUrl":"https:\/\/secure.gravatar.com\/avatar\/d189e01678f06d8eb84d4e01f08eb848b3fffe3f8443818d3c356c66892f5be8?s=96&d=mm&r=g","caption":"Ag\u00eancia iNFRA"},"url":"https:\/\/agenciainfra.com\/blog\/author\/admin\/"}]}},"_links":{"self":[{"href":"https:\/\/agenciainfra.com\/blog\/wp-json\/wp\/v2\/posts\/26005","targetHints":{"allow":["GET"]}}],"collection":[{"href":"https:\/\/agenciainfra.com\/blog\/wp-json\/wp\/v2\/posts"}],"about":[{"href":"https:\/\/agenciainfra.com\/blog\/wp-json\/wp\/v2\/types\/post"}],"author":[{"embeddable":true,"href":"https:\/\/agenciainfra.com\/blog\/wp-json\/wp\/v2\/users\/1"}],"replies":[{"embeddable":true,"href":"https:\/\/agenciainfra.com\/blog\/wp-json\/wp\/v2\/comments?post=26005"}],"version-history":[{"count":1,"href":"https:\/\/agenciainfra.com\/blog\/wp-json\/wp\/v2\/posts\/26005\/revisions"}],"predecessor-version":[{"id":26006,"href":"https:\/\/agenciainfra.com\/blog\/wp-json\/wp\/v2\/posts\/26005\/revisions\/26006"}],"wp:featuredmedia":[{"embeddable":true,"href":"https:\/\/agenciainfra.com\/blog\/wp-json\/wp\/v2\/media\/22697"}],"wp:attachment":[{"href":"https:\/\/agenciainfra.com\/blog\/wp-json\/wp\/v2\/media?parent=26005"}],"wp:term":[{"taxonomy":"category","embeddable":true,"href":"https:\/\/agenciainfra.com\/blog\/wp-json\/wp\/v2\/categories?post=26005"},{"taxonomy":"post_tag","embeddable":true,"href":"https:\/\/agenciainfra.com\/blog\/wp-json\/wp\/v2\/tags?post=26005"}],"curies":[{"name":"wp","href":"https:\/\/api.w.org\/{rel}","templated":true}]}}