{"id":26020,"date":"2025-08-08T14:27:47","date_gmt":"2025-08-08T17:27:47","guid":{"rendered":"https:\/\/agenciainfra.com\/blog\/?p=26020"},"modified":"2025-08-08T14:37:37","modified_gmt":"2025-08-08T17:37:37","slug":"aneel-cria-sistema-para-monitorar-em-tempo-real-interrupcoes-no-fornecimento-de-energia","status":"publish","type":"post","link":"https:\/\/agenciainfra.com\/blog\/aneel-cria-sistema-para-monitorar-em-tempo-real-interrupcoes-no-fornecimento-de-energia\/","title":{"rendered":"ANEEL cria sistema para monitorar, em tempo real, interrup\u00e7\u00f5es no fornecimento de energia"},"content":{"rendered":"\n<p class=\"has-text-align-right\"><strong>da Ag\u00eancia iNFRA<\/strong><\/p>\n\n\n\n<p>A ANEEL (Ag\u00eancia Nacional de Energia El\u00e9trica) apresentou, nesta sexta-feira (8), o Radar, um sistema pioneiro que permitir\u00e1 acompanhar, em tempo real, as interrup\u00e7\u00f5es no fornecimento de energia el\u00e9trica em todo o pa\u00eds. A iniciativa foi apresentada aos presidentes das principais distribuidoras brasileiras, que ter\u00e3o at\u00e9 janeiro de 2026 para se adequar plenamente \u00e0 ferramenta.&nbsp;<\/p>\n\n\n\n<p>Com funcionamento responsivo, dados autom\u00e1ticos e audit\u00e1veis, o Radar oferecer\u00e1 a possibilidade de verificar, pelo aplicativo ANEEL Consumidor ou pelo site da ag\u00eancia, o n\u00famero de clientes sem energia em determinada regi\u00e3o.<\/p>\n\n\n\n<p>Atualmente, um projeto-piloto est\u00e1 em andamento com a CPFL Santa Cruz para avaliar a viabilidade t\u00e9cnica e o desempenho da solu\u00e7\u00e3o, que j\u00e1 est\u00e1 em opera\u00e7\u00e3o. O prazo at\u00e9 2026 foi concedido para permitir que as empresas adequem seus sistemas de forma segura e integrada.<\/p>\n\n\n\n<p>Com a implementa\u00e7\u00e3o, ser\u00e3o impostas novas obriga\u00e7\u00f5es \u00e0s distribuidoras, que dever\u00e3o informar \u00e0 ANEEL, em at\u00e9 15 minutos ap\u00f3s a ocorr\u00eancia de uma interrup\u00e7\u00e3o, a previs\u00e3o para restabelecimento do servi\u00e7o. O descumprimento da regra estar\u00e1 sujeito \u00e0 fiscaliza\u00e7\u00e3o da reguladora.&nbsp;<\/p>\n\n\n\n<p>Para o diretor-geral da ANEEL, Sandoval Feitosa, o sistema representa um avan\u00e7o in\u00e9dito em transpar\u00eancia e relacionamento com a sociedade. \u201c\u00c9 um compromisso com a transpar\u00eancia, com a informa\u00e7\u00e3o clara, com o tempo de resposta e, acima de tudo, com o consumidor&#8221;, afirmou.<\/p>\n","protected":false},"excerpt":{"rendered":"<p>da Ag\u00eancia iNFRA A ANEEL (Ag\u00eancia Nacional de Energia El\u00e9trica) apresentou, nesta sexta-feira (8), o Radar, um sistema pioneiro que permitir\u00e1 acompanhar, em tempo real, as interrup\u00e7\u00f5es no fornecimento de energia el\u00e9trica em todo o pa\u00eds. A iniciativa foi apresentada aos presidentes das principais distribuidoras brasileiras, que ter\u00e3o at\u00e9 janeiro de 2026 para se adequar [&hellip;]<\/p>\n","protected":false},"author":1,"featured_media":23944,"comment_status":"closed","ping_status":"closed","sticky":false,"template":"","format":"standard","meta":{"_monsterinsights_skip_tracking":false,"_monsterinsights_sitenote_active":false,"_monsterinsights_sitenote_note":"","_monsterinsights_sitenote_category":0,"footnotes":""},"categories":[1,13576],"tags":[53,7745,9359,14778,14779,11726,1026],"class_list":["post-26020","post","type-post","status-publish","format-standard","has-post-thumbnail","hentry","category-geral","category-giro-infra","tag-aneel","tag-falta-de-energia","tag-fornecimento-de-energia","tag-monitoramento-do-sistema-eletrico","tag-radar","tag-restabelecimento-da-energia","tag-sandoval-feitosa"],"yoast_head":"<!-- This site is optimized with the Yoast SEO Premium plugin v25.4 (Yoast SEO v26.0) - https:\/\/yoast.com\/wordpress\/plugins\/seo\/ -->\n<title>ANEEL cria sistema para monitorar, em tempo real, interrup\u00e7\u00f5es no fornecimento de energia - Ag\u00eancia iNFRA<\/title>\n<meta name=\"robots\" content=\"index, follow, max-snippet:-1, max-image-preview:large, max-video-preview:-1\" \/>\n<link rel=\"canonical\" href=\"https:\/\/agenciainfra.com\/blog\/aneel-cria-sistema-para-monitorar-em-tempo-real-interrupcoes-no-fornecimento-de-energia\/\" \/>\n<meta property=\"og:locale\" content=\"pt_BR\" \/>\n<meta property=\"og:type\" content=\"article\" \/>\n<meta property=\"og:title\" content=\"ANEEL cria sistema para monitorar, em tempo real, interrup\u00e7\u00f5es no fornecimento de energia\" \/>\n<meta property=\"og:description\" content=\"da Ag\u00eancia iNFRA A ANEEL (Ag\u00eancia Nacional de Energia El\u00e9trica) apresentou, nesta sexta-feira (8), o Radar, um sistema pioneiro que permitir\u00e1 acompanhar, em tempo real, as interrup\u00e7\u00f5es no fornecimento de energia el\u00e9trica em todo o pa\u00eds. A iniciativa foi apresentada aos presidentes das principais distribuidoras brasileiras, que ter\u00e3o at\u00e9 janeiro de 2026 para se adequar [&hellip;]\" \/>\n<meta property=\"og:url\" content=\"https:\/\/agenciainfra.com\/blog\/aneel-cria-sistema-para-monitorar-em-tempo-real-interrupcoes-no-fornecimento-de-energia\/\" \/>\n<meta property=\"og:site_name\" content=\"Ag\u00eancia iNFRA\" \/>\n<meta property=\"article:publisher\" content=\"https:\/\/www.facebook.com\/ageninfra\" \/>\n<meta property=\"article:published_time\" content=\"2025-08-08T17:27:47+00:00\" \/>\n<meta property=\"article:modified_time\" content=\"2025-08-08T17:37:37+00:00\" \/>\n<meta property=\"og:image\" content=\"https:\/\/agenciainfra.com\/blog\/wp-content\/uploads\/2025\/07\/luz-lampada-energia-foto-marcello-casal-jr-agencia-brasil.png\" \/>\n\t<meta property=\"og:image:width\" content=\"1280\" \/>\n\t<meta property=\"og:image:height\" content=\"764\" \/>\n\t<meta property=\"og:image:type\" content=\"image\/png\" \/>\n<meta name=\"author\" content=\"Ag\u00eancia iNFRA\" \/>\n<meta name=\"twitter:card\" content=\"summary_large_image\" \/>\n<meta name=\"twitter:creator\" content=\"@agencia_infra\" \/>\n<meta name=\"twitter:site\" content=\"@agencia_infra\" \/>\n<meta name=\"twitter:label1\" content=\"Escrito por\" \/>\n\t<meta name=\"twitter:data1\" content=\"Ag\u00eancia iNFRA\" \/>\n\t<meta name=\"twitter:label2\" content=\"Est. tempo de leitura\" \/>\n\t<meta name=\"twitter:data2\" content=\"1 minuto\" \/>\n<script type=\"application\/ld+json\" class=\"yoast-schema-graph\">{\"@context\":\"https:\/\/schema.org\",\"@graph\":[{\"@type\":\"Article\",\"@id\":\"https:\/\/agenciainfra.com\/blog\/aneel-cria-sistema-para-monitorar-em-tempo-real-interrupcoes-no-fornecimento-de-energia\/#article\",\"isPartOf\":{\"@id\":\"https:\/\/agenciainfra.com\/blog\/aneel-cria-sistema-para-monitorar-em-tempo-real-interrupcoes-no-fornecimento-de-energia\/\"},\"author\":{\"name\":\"Ag\u00eancia iNFRA\",\"@id\":\"https:\/\/agenciainfra.com\/blog\/#\/schema\/person\/34af08dff6adea4cb22b06612ba7acfa\"},\"headline\":\"ANEEL cria sistema para monitorar, em tempo real, interrup\u00e7\u00f5es no fornecimento de energia\",\"datePublished\":\"2025-08-08T17:27:47+00:00\",\"dateModified\":\"2025-08-08T17:37:37+00:00\",\"mainEntityOfPage\":{\"@id\":\"https:\/\/agenciainfra.com\/blog\/aneel-cria-sistema-para-monitorar-em-tempo-real-interrupcoes-no-fornecimento-de-energia\/\"},\"wordCount\":256,\"publisher\":{\"@id\":\"https:\/\/agenciainfra.com\/blog\/#organization\"},\"image\":{\"@id\":\"https:\/\/agenciainfra.com\/blog\/aneel-cria-sistema-para-monitorar-em-tempo-real-interrupcoes-no-fornecimento-de-energia\/#primaryimage\"},\"thumbnailUrl\":\"https:\/\/agenciainfra.com\/blog\/wp-content\/uploads\/2025\/07\/luz-lampada-energia-foto-marcello-casal-jr-agencia-brasil.png\",\"keywords\":[\"ANEEL\",\"falta de energia\",\"fornecimento de energia\",\"monitoramento do sistema el\u00e9trico\",\"Radar\",\"restabelecimento da energia\",\"Sandoval Feitosa\"],\"articleSection\":[\"Geral\",\"Giro iNFRA\"],\"inLanguage\":\"pt-BR\",\"copyrightYear\":\"2025\",\"copyrightHolder\":{\"@id\":\"https:\/\/agenciainfra.com\/blog\/#organization\"}},{\"@type\":\"WebPage\",\"@id\":\"https:\/\/agenciainfra.com\/blog\/aneel-cria-sistema-para-monitorar-em-tempo-real-interrupcoes-no-fornecimento-de-energia\/\",\"url\":\"https:\/\/agenciainfra.com\/blog\/aneel-cria-sistema-para-monitorar-em-tempo-real-interrupcoes-no-fornecimento-de-energia\/\",\"name\":\"ANEEL cria sistema para monitorar, em tempo real, interrup\u00e7\u00f5es no fornecimento de energia - Ag\u00eancia iNFRA\",\"isPartOf\":{\"@id\":\"https:\/\/agenciainfra.com\/blog\/#website\"},\"primaryImageOfPage\":{\"@id\":\"https:\/\/agenciainfra.com\/blog\/aneel-cria-sistema-para-monitorar-em-tempo-real-interrupcoes-no-fornecimento-de-energia\/#primaryimage\"},\"image\":{\"@id\":\"https:\/\/agenciainfra.com\/blog\/aneel-cria-sistema-para-monitorar-em-tempo-real-interrupcoes-no-fornecimento-de-energia\/#primaryimage\"},\"thumbnailUrl\":\"https:\/\/agenciainfra.com\/blog\/wp-content\/uploads\/2025\/07\/luz-lampada-energia-foto-marcello-casal-jr-agencia-brasil.png\",\"datePublished\":\"2025-08-08T17:27:47+00:00\",\"dateModified\":\"2025-08-08T17:37:37+00:00\",\"breadcrumb\":{\"@id\":\"https:\/\/agenciainfra.com\/blog\/aneel-cria-sistema-para-monitorar-em-tempo-real-interrupcoes-no-fornecimento-de-energia\/#breadcrumb\"},\"inLanguage\":\"pt-BR\",\"potentialAction\":[{\"@type\":\"ReadAction\",\"target\":[\"https:\/\/agenciainfra.com\/blog\/aneel-cria-sistema-para-monitorar-em-tempo-real-interrupcoes-no-fornecimento-de-energia\/\"]}]},{\"@type\":\"ImageObject\",\"inLanguage\":\"pt-BR\",\"@id\":\"https:\/\/agenciainfra.com\/blog\/aneel-cria-sistema-para-monitorar-em-tempo-real-interrupcoes-no-fornecimento-de-energia\/#primaryimage\",\"url\":\"https:\/\/agenciainfra.com\/blog\/wp-content\/uploads\/2025\/07\/luz-lampada-energia-foto-marcello-casal-jr-agencia-brasil.png\",\"contentUrl\":\"https:\/\/agenciainfra.com\/blog\/wp-content\/uploads\/2025\/07\/luz-lampada-energia-foto-marcello-casal-jr-agencia-brasil.png\",\"width\":1280,\"height\":764,\"caption\":\"Foto: Marcello Casal Jr.\/Ag\u00eancia Brasil\"},{\"@type\":\"BreadcrumbList\",\"@id\":\"https:\/\/agenciainfra.com\/blog\/aneel-cria-sistema-para-monitorar-em-tempo-real-interrupcoes-no-fornecimento-de-energia\/#breadcrumb\",\"itemListElement\":[{\"@type\":\"ListItem\",\"position\":1,\"name\":\"In\u00edcio\",\"item\":\"https:\/\/agenciainfra.com\/blog\/\"},{\"@type\":\"ListItem\",\"position\":2,\"name\":\"ANEEL cria sistema para monitorar, em tempo real, interrup\u00e7\u00f5es no fornecimento de energia\"}]},{\"@type\":\"WebSite\",\"@id\":\"https:\/\/agenciainfra.com\/blog\/#website\",\"url\":\"https:\/\/agenciainfra.com\/blog\/\",\"name\":\"Ag\u00eancia iNFRA\",\"description\":\"Multiplataforma de informa\u00e7\u00e3o jornal\u00edstica refer\u00eancia na \u00e1rea de infraestrutura no Brasil!\",\"publisher\":{\"@id\":\"https:\/\/agenciainfra.com\/blog\/#organization\"},\"potentialAction\":[{\"@type\":\"SearchAction\",\"target\":{\"@type\":\"EntryPoint\",\"urlTemplate\":\"https:\/\/agenciainfra.com\/blog\/?s={search_term_string}\"},\"query-input\":{\"@type\":\"PropertyValueSpecification\",\"valueRequired\":true,\"valueName\":\"search_term_string\"}}],\"inLanguage\":\"pt-BR\"},{\"@type\":\"Organization\",\"@id\":\"https:\/\/agenciainfra.com\/blog\/#organization\",\"name\":\"Ag\u00eancia iNFRA\",\"url\":\"https:\/\/agenciainfra.com\/blog\/\",\"logo\":{\"@type\":\"ImageObject\",\"inLanguage\":\"pt-BR\",\"@id\":\"https:\/\/agenciainfra.com\/blog\/#\/schema\/logo\/image\/\",\"url\":\"https:\/\/agenciainfra.com\/blog\/wp-content\/uploads\/2023\/09\/iNFRA_5-e1761735885940.png\",\"contentUrl\":\"https:\/\/agenciainfra.com\/blog\/wp-content\/uploads\/2023\/09\/iNFRA_5-e1761735885940.png\",\"width\":1672,\"height\":454,\"caption\":\"Ag\u00eancia iNFRA\"},\"image\":{\"@id\":\"https:\/\/agenciainfra.com\/blog\/#\/schema\/logo\/image\/\"},\"sameAs\":[\"https:\/\/www.facebook.com\/ageninfra\",\"https:\/\/x.com\/agencia_infra\",\"https:\/\/www.linkedin.com\/company\/ag\u00eanciainfra\/\",\"https:\/\/www.instagram.com\/agenciainfra\/\"]},{\"@type\":\"Person\",\"@id\":\"https:\/\/agenciainfra.com\/blog\/#\/schema\/person\/34af08dff6adea4cb22b06612ba7acfa\",\"name\":\"Ag\u00eancia iNFRA\",\"image\":{\"@type\":\"ImageObject\",\"inLanguage\":\"pt-BR\",\"@id\":\"https:\/\/agenciainfra.com\/blog\/#\/schema\/person\/image\/\",\"url\":\"https:\/\/secure.gravatar.com\/avatar\/d189e01678f06d8eb84d4e01f08eb848b3fffe3f8443818d3c356c66892f5be8?s=96&d=mm&r=g\",\"contentUrl\":\"https:\/\/secure.gravatar.com\/avatar\/d189e01678f06d8eb84d4e01f08eb848b3fffe3f8443818d3c356c66892f5be8?s=96&d=mm&r=g\",\"caption\":\"Ag\u00eancia iNFRA\"},\"url\":\"https:\/\/agenciainfra.com\/blog\/author\/admin\/\"}]}<\/script>\n<!-- \/ Yoast SEO Premium plugin. -->","yoast_head_json":{"title":"ANEEL cria sistema para monitorar, em tempo real, interrup\u00e7\u00f5es no fornecimento de energia - Ag\u00eancia iNFRA","robots":{"index":"index","follow":"follow","max-snippet":"max-snippet:-1","max-image-preview":"max-image-preview:large","max-video-preview":"max-video-preview:-1"},"canonical":"https:\/\/agenciainfra.com\/blog\/aneel-cria-sistema-para-monitorar-em-tempo-real-interrupcoes-no-fornecimento-de-energia\/","og_locale":"pt_BR","og_type":"article","og_title":"ANEEL cria sistema para monitorar, em tempo real, interrup\u00e7\u00f5es no fornecimento de energia","og_description":"da Ag\u00eancia iNFRA A ANEEL (Ag\u00eancia Nacional de Energia El\u00e9trica) apresentou, nesta sexta-feira (8), o Radar, um sistema pioneiro que permitir\u00e1 acompanhar, em tempo real, as interrup\u00e7\u00f5es no fornecimento de energia el\u00e9trica em todo o pa\u00eds. A iniciativa foi apresentada aos presidentes das principais distribuidoras brasileiras, que ter\u00e3o at\u00e9 janeiro de 2026 para se adequar [&hellip;]","og_url":"https:\/\/agenciainfra.com\/blog\/aneel-cria-sistema-para-monitorar-em-tempo-real-interrupcoes-no-fornecimento-de-energia\/","og_site_name":"Ag\u00eancia iNFRA","article_publisher":"https:\/\/www.facebook.com\/ageninfra","article_published_time":"2025-08-08T17:27:47+00:00","article_modified_time":"2025-08-08T17:37:37+00:00","og_image":[{"width":1280,"height":764,"url":"https:\/\/agenciainfra.com\/blog\/wp-content\/uploads\/2025\/07\/luz-lampada-energia-foto-marcello-casal-jr-agencia-brasil.png","type":"image\/png"}],"author":"Ag\u00eancia iNFRA","twitter_card":"summary_large_image","twitter_creator":"@agencia_infra","twitter_site":"@agencia_infra","twitter_misc":{"Escrito por":"Ag\u00eancia iNFRA","Est. tempo de leitura":"1 minuto"},"schema":{"@context":"https:\/\/schema.org","@graph":[{"@type":"Article","@id":"https:\/\/agenciainfra.com\/blog\/aneel-cria-sistema-para-monitorar-em-tempo-real-interrupcoes-no-fornecimento-de-energia\/#article","isPartOf":{"@id":"https:\/\/agenciainfra.com\/blog\/aneel-cria-sistema-para-monitorar-em-tempo-real-interrupcoes-no-fornecimento-de-energia\/"},"author":{"name":"Ag\u00eancia iNFRA","@id":"https:\/\/agenciainfra.com\/blog\/#\/schema\/person\/34af08dff6adea4cb22b06612ba7acfa"},"headline":"ANEEL cria sistema para monitorar, em tempo real, interrup\u00e7\u00f5es no fornecimento de energia","datePublished":"2025-08-08T17:27:47+00:00","dateModified":"2025-08-08T17:37:37+00:00","mainEntityOfPage":{"@id":"https:\/\/agenciainfra.com\/blog\/aneel-cria-sistema-para-monitorar-em-tempo-real-interrupcoes-no-fornecimento-de-energia\/"},"wordCount":256,"publisher":{"@id":"https:\/\/agenciainfra.com\/blog\/#organization"},"image":{"@id":"https:\/\/agenciainfra.com\/blog\/aneel-cria-sistema-para-monitorar-em-tempo-real-interrupcoes-no-fornecimento-de-energia\/#primaryimage"},"thumbnailUrl":"https:\/\/agenciainfra.com\/blog\/wp-content\/uploads\/2025\/07\/luz-lampada-energia-foto-marcello-casal-jr-agencia-brasil.png","keywords":["ANEEL","falta de energia","fornecimento de energia","monitoramento do sistema el\u00e9trico","Radar","restabelecimento da energia","Sandoval Feitosa"],"articleSection":["Geral","Giro iNFRA"],"inLanguage":"pt-BR","copyrightYear":"2025","copyrightHolder":{"@id":"https:\/\/agenciainfra.com\/blog\/#organization"}},{"@type":"WebPage","@id":"https:\/\/agenciainfra.com\/blog\/aneel-cria-sistema-para-monitorar-em-tempo-real-interrupcoes-no-fornecimento-de-energia\/","url":"https:\/\/agenciainfra.com\/blog\/aneel-cria-sistema-para-monitorar-em-tempo-real-interrupcoes-no-fornecimento-de-energia\/","name":"ANEEL cria sistema para monitorar, em tempo real, interrup\u00e7\u00f5es no fornecimento de energia - Ag\u00eancia iNFRA","isPartOf":{"@id":"https:\/\/agenciainfra.com\/blog\/#website"},"primaryImageOfPage":{"@id":"https:\/\/agenciainfra.com\/blog\/aneel-cria-sistema-para-monitorar-em-tempo-real-interrupcoes-no-fornecimento-de-energia\/#primaryimage"},"image":{"@id":"https:\/\/agenciainfra.com\/blog\/aneel-cria-sistema-para-monitorar-em-tempo-real-interrupcoes-no-fornecimento-de-energia\/#primaryimage"},"thumbnailUrl":"https:\/\/agenciainfra.com\/blog\/wp-content\/uploads\/2025\/07\/luz-lampada-energia-foto-marcello-casal-jr-agencia-brasil.png","datePublished":"2025-08-08T17:27:47+00:00","dateModified":"2025-08-08T17:37:37+00:00","breadcrumb":{"@id":"https:\/\/agenciainfra.com\/blog\/aneel-cria-sistema-para-monitorar-em-tempo-real-interrupcoes-no-fornecimento-de-energia\/#breadcrumb"},"inLanguage":"pt-BR","potentialAction":[{"@type":"ReadAction","target":["https:\/\/agenciainfra.com\/blog\/aneel-cria-sistema-para-monitorar-em-tempo-real-interrupcoes-no-fornecimento-de-energia\/"]}]},{"@type":"ImageObject","inLanguage":"pt-BR","@id":"https:\/\/agenciainfra.com\/blog\/aneel-cria-sistema-para-monitorar-em-tempo-real-interrupcoes-no-fornecimento-de-energia\/#primaryimage","url":"https:\/\/agenciainfra.com\/blog\/wp-content\/uploads\/2025\/07\/luz-lampada-energia-foto-marcello-casal-jr-agencia-brasil.png","contentUrl":"https:\/\/agenciainfra.com\/blog\/wp-content\/uploads\/2025\/07\/luz-lampada-energia-foto-marcello-casal-jr-agencia-brasil.png","width":1280,"height":764,"caption":"Foto: Marcello Casal Jr.\/Ag\u00eancia Brasil"},{"@type":"BreadcrumbList","@id":"https:\/\/agenciainfra.com\/blog\/aneel-cria-sistema-para-monitorar-em-tempo-real-interrupcoes-no-fornecimento-de-energia\/#breadcrumb","itemListElement":[{"@type":"ListItem","position":1,"name":"In\u00edcio","item":"https:\/\/agenciainfra.com\/blog\/"},{"@type":"ListItem","position":2,"name":"ANEEL cria sistema para monitorar, em tempo real, interrup\u00e7\u00f5es no fornecimento de energia"}]},{"@type":"WebSite","@id":"https:\/\/agenciainfra.com\/blog\/#website","url":"https:\/\/agenciainfra.com\/blog\/","name":"Ag\u00eancia iNFRA","description":"Multiplataforma de informa\u00e7\u00e3o jornal\u00edstica refer\u00eancia na \u00e1rea de infraestrutura no Brasil!","publisher":{"@id":"https:\/\/agenciainfra.com\/blog\/#organization"},"potentialAction":[{"@type":"SearchAction","target":{"@type":"EntryPoint","urlTemplate":"https:\/\/agenciainfra.com\/blog\/?s={search_term_string}"},"query-input":{"@type":"PropertyValueSpecification","valueRequired":true,"valueName":"search_term_string"}}],"inLanguage":"pt-BR"},{"@type":"Organization","@id":"https:\/\/agenciainfra.com\/blog\/#organization","name":"Ag\u00eancia iNFRA","url":"https:\/\/agenciainfra.com\/blog\/","logo":{"@type":"ImageObject","inLanguage":"pt-BR","@id":"https:\/\/agenciainfra.com\/blog\/#\/schema\/logo\/image\/","url":"https:\/\/agenciainfra.com\/blog\/wp-content\/uploads\/2023\/09\/iNFRA_5-e1761735885940.png","contentUrl":"https:\/\/agenciainfra.com\/blog\/wp-content\/uploads\/2023\/09\/iNFRA_5-e1761735885940.png","width":1672,"height":454,"caption":"Ag\u00eancia iNFRA"},"image":{"@id":"https:\/\/agenciainfra.com\/blog\/#\/schema\/logo\/image\/"},"sameAs":["https:\/\/www.facebook.com\/ageninfra","https:\/\/x.com\/agencia_infra","https:\/\/www.linkedin.com\/company\/ag\u00eanciainfra\/","https:\/\/www.instagram.com\/agenciainfra\/"]},{"@type":"Person","@id":"https:\/\/agenciainfra.com\/blog\/#\/schema\/person\/34af08dff6adea4cb22b06612ba7acfa","name":"Ag\u00eancia iNFRA","image":{"@type":"ImageObject","inLanguage":"pt-BR","@id":"https:\/\/agenciainfra.com\/blog\/#\/schema\/person\/image\/","url":"https:\/\/secure.gravatar.com\/avatar\/d189e01678f06d8eb84d4e01f08eb848b3fffe3f8443818d3c356c66892f5be8?s=96&d=mm&r=g","contentUrl":"https:\/\/secure.gravatar.com\/avatar\/d189e01678f06d8eb84d4e01f08eb848b3fffe3f8443818d3c356c66892f5be8?s=96&d=mm&r=g","caption":"Ag\u00eancia iNFRA"},"url":"https:\/\/agenciainfra.com\/blog\/author\/admin\/"}]}},"_links":{"self":[{"href":"https:\/\/agenciainfra.com\/blog\/wp-json\/wp\/v2\/posts\/26020","targetHints":{"allow":["GET"]}}],"collection":[{"href":"https:\/\/agenciainfra.com\/blog\/wp-json\/wp\/v2\/posts"}],"about":[{"href":"https:\/\/agenciainfra.com\/blog\/wp-json\/wp\/v2\/types\/post"}],"author":[{"embeddable":true,"href":"https:\/\/agenciainfra.com\/blog\/wp-json\/wp\/v2\/users\/1"}],"replies":[{"embeddable":true,"href":"https:\/\/agenciainfra.com\/blog\/wp-json\/wp\/v2\/comments?post=26020"}],"version-history":[{"count":1,"href":"https:\/\/agenciainfra.com\/blog\/wp-json\/wp\/v2\/posts\/26020\/revisions"}],"predecessor-version":[{"id":26022,"href":"https:\/\/agenciainfra.com\/blog\/wp-json\/wp\/v2\/posts\/26020\/revisions\/26022"}],"wp:featuredmedia":[{"embeddable":true,"href":"https:\/\/agenciainfra.com\/blog\/wp-json\/wp\/v2\/media\/23944"}],"wp:attachment":[{"href":"https:\/\/agenciainfra.com\/blog\/wp-json\/wp\/v2\/media?parent=26020"}],"wp:term":[{"taxonomy":"category","embeddable":true,"href":"https:\/\/agenciainfra.com\/blog\/wp-json\/wp\/v2\/categories?post=26020"},{"taxonomy":"post_tag","embeddable":true,"href":"https:\/\/agenciainfra.com\/blog\/wp-json\/wp\/v2\/tags?post=26020"}],"curies":[{"name":"wp","href":"https:\/\/api.w.org\/{rel}","templated":true}]}}