{"id":26051,"date":"2025-08-08T22:34:23","date_gmt":"2025-08-09T01:34:23","guid":{"rendered":"https:\/\/agenciainfra.com\/blog\/?p=26051"},"modified":"2025-08-11T19:48:32","modified_gmt":"2025-08-11T22:48:32","slug":"setor-de-transportes-critica-estrategia-do-governo-em-pl-do-licenciamento-nao-temos-tempo-de-voltar-a-estaca-zero-diz-moveinfra","status":"publish","type":"post","link":"https:\/\/agenciainfra.com\/blog\/setor-de-transportes-critica-estrategia-do-governo-em-pl-do-licenciamento-nao-temos-tempo-de-voltar-a-estaca-zero-diz-moveinfra\/","title":{"rendered":"Setor de transportes critica estrat\u00e9gia do governo em PL do Licenciamento"},"content":{"rendered":"\n<p class=\"has-text-align-right\"><strong>Amanda Pupo e Sheyla Santos, da Ag\u00eancia iNFRA<\/strong><\/p>\n\n\n\n<p>O segmento de transportes lamentou a escolha do governo Lula de fazer reparos ao PL (projeto de lei) do Licenciamento Ambiental por meio de uma nova proposta legislativa. A avalia\u00e7\u00e3o de representantes do mercado \u00e9 de que ajustes poderiam ter sido feitos por decretos e resolu\u00e7\u00f5es, sem retomar novamente as discuss\u00f5es no Congresso. \u201c\u00c9 um caminho muito ruim&#8221;, disse em entrevista \u00e0 <strong>Ag\u00eancia iNFRA<\/strong> o CEO do MoveInfra, Ronei Glanzmann. A entidade representa as seis maiores empresas do setor de infraestrutura do pa\u00eds (CCR, EcoRodovias, Hidrovias do Brasil, Rumo, Santos Brasil e Ultracargo).<\/p>\n\n\n\n<p>\u201cEsse tema ficou 20 anos no Congresso. Teve agora, este ano, um esfor\u00e7o herc\u00faleo do Congresso dos dois lados, direita e esquerda, na tentativa de constru\u00e7\u00e3o de um texto que pudesse ser aprovado nas duas Casas&#8221;, completou. Para Glanzmann, devolver o texto ao Legislativo \u00e9 quase como \u201crecome\u00e7ar o assunto\u201d. \u201cN\u00e3o conseguimos deslanchar um programa de concess\u00e3o de hidrovias porque n\u00e3o conseguimos fazer dragagem de manuten\u00e7\u00e3o, que \u00e9 uma coisa muito simples. O setor n\u00e3o tem mais esse tempo todo de voltar para o Congresso, voltar para a estaca zero&#8221;, apontou.<\/p>\n\n\n\n<p>O executivo afirmou que o governo tinha v\u00e1rios instrumentos mais assertivos para corrigir o que entendesse necess\u00e1rio, como a edi\u00e7\u00e3o de um decreto. Para ele, o balizamento sobre o uso da LAC (Licen\u00e7a Ambiental por Ades\u00e3o e Compromisso) em empreendimentos de m\u00e9dio potencial poluidor \u2013 aplica\u00e7\u00e3o que levou o Planalto a vetar a parte essencial sobre o tema na lei \u2013 poderia ser sido tratado, por exemplo, numa resolu\u00e7\u00e3o do Conama (Conselho Nacional do Meio Ambiente), \u00f3rg\u00e3o consultivo e deliberativo que disp\u00f5e sobre a Pol\u00edtica Nacional do Meio Ambiente.<\/p>\n\n\n\n<p>\u201cN\u00e3o dava para delimitar o m\u00e9dio potencial ou balizar o m\u00e9dio potencial por decreto ou por resolu\u00e7\u00e3o Conama?&#8221;, questionou.<\/p>\n\n\n\n<p>O governo Lula <a href=\"https:\/\/agenciainfra.com\/blog\/licenciamento-governo-retira-possibilidade-de-lac-ser-aplicada-para-projetos-de-medio-potencial-poluidor\/\">vetou<\/a> 63 dispositivos do PL 2.159\/2021, projeto de lei que trata das regras de Licenciamento Ambiental. O prazo para o presidente sancionar ou vetar o texto aprovado em julho na C\u00e2mara dos Deputados se encerrou nesta sexta. O governo decidiu enviar ao Congresso um PL propondo uma s\u00e9rie de ajustes \u00e0 proposta e uma MP para tratar da LAE (Licen\u00e7a Ambiental Especial). <\/p>\n\n\n\n<p>O presidente da ABCR (Associa\u00e7\u00e3o Brasileira de Concession\u00e1rias de Rodovias), Marco Aur\u00e9lio Barcelos, refor\u00e7ou o entendimento de que o governo tinha outras formas de lidar com o tema. \u201cSeria melhor que eventuais ajustes redacionais viessem via infralegal. Devolver um projeto de lei para o Congresso significa n\u00e3o virar a p\u00e1gina e reabrir uma discuss\u00e3o que perdurou por 20 anos. \u00c9 como reabrir a caixa de Pandora. N\u00e3o sabemos quando, nem como as propostas objeto de veto vir\u00e3o a existir mais&#8221;, avaliou.<\/p>\n\n\n\n<p>Barcelos afirmou que os vetos do governo atingiram ferramentas importantes para projetos de infraestrutura, a exemplo da LAC para a amplia\u00e7\u00e3o de capacidade e pavimenta\u00e7\u00e3o de rodovias, dentro das faixas de dom\u00ednio. Segundo ele, os atrasos no licenciamento para essas interven\u00e7\u00f5es v\u00eam impactando o cronograma de obras nas concess\u00f5es rodovi\u00e1rias, problema que, em sua avalia\u00e7\u00e3o, tende a agravar com o volume de novos leil\u00f5es e concess\u00f5es em curso.<\/p>\n\n\n\n<p>O novo projeto sugerido pelo governo retomou tanto a autoriza\u00e7\u00e3o do uso da LAC para obras de amplia\u00e7\u00e3o e reconstru\u00e7\u00e3o de pavimento como a dispensa de licen\u00e7a em casos, por exemplo, de manuten\u00e7\u00e3o. Mas, para os dois casos, condicionou essas vantagens \u00e0 necessidade de os projetos j\u00e1 terem tido algum licenciamento anterior. Na pr\u00e1tica, isso limita o alcance dos dispositivos, especialmente para obras de dragagem em hidrovias e no caso da BR-319, conforme mostrou a Ag\u00eancia iNFRA. Al\u00e9m disso, o texto precisar\u00e1 ser novamente discutido e aprovado pelo Congresso.<\/p>\n\n\n\n<p>No caso das rodovias, a proposta do governo pode surgir como uma alternativa porque todas as concess\u00f5es t\u00eam um licenciamento ambiental na \u201clargada\u201d, observou Glanzmann. Ele refor\u00e7ou, contudo, a preocupa\u00e7\u00e3o de que esse projeto ainda vai passar por mais debates no Legislativo. \u201c\u00c9 um tema complexo. Porque voc\u00ea tem ruralistas de um lado, ambientalistas do outro. Todos viram o trabalho que foi para aprovar o primeiro&#8221;, disse.<\/p>\n\n\n\n<p><\/p>\n","protected":false},"excerpt":{"rendered":"<p>Amanda Pupo e Sheyla Santos, da Ag\u00eancia iNFRA O segmento de transportes lamentou a escolha do governo Lula de fazer reparos ao PL (projeto de lei) do Licenciamento Ambiental por meio de uma nova proposta legislativa. A avalia\u00e7\u00e3o de representantes do mercado \u00e9 de que ajustes poderiam ter sido feitos por decretos e resolu\u00e7\u00f5es, sem [&hellip;]<\/p>\n","protected":false},"author":1,"featured_media":17793,"comment_status":"closed","ping_status":"closed","sticky":false,"template":"","format":"standard","meta":{"_monsterinsights_skip_tracking":false,"_monsterinsights_sitenote_active":false,"_monsterinsights_sitenote_note":"","_monsterinsights_sitenote_category":0,"footnotes":""},"categories":[1,7],"tags":[6141,13266,70],"class_list":["post-26051","post","type-post","status-publish","format-standard","has-post-thumbnail","hentry","category-geral","category-infratransporte","tag-moveinfra","tag-pl-do-licenciamento-ambiental","tag-transportes"],"yoast_head":"<!-- This site is optimized with the Yoast SEO Premium plugin v25.4 (Yoast SEO v26.0) - https:\/\/yoast.com\/wordpress\/plugins\/seo\/ -->\n<title>Setor de transportes critica estrat\u00e9gia do governo em PL do Licenciamento - Ag\u00eancia iNFRA<\/title>\n<meta name=\"robots\" content=\"index, follow, max-snippet:-1, max-image-preview:large, max-video-preview:-1\" \/>\n<link rel=\"canonical\" href=\"https:\/\/agenciainfra.com\/blog\/setor-de-transportes-critica-estrategia-do-governo-em-pl-do-licenciamento-nao-temos-tempo-de-voltar-a-estaca-zero-diz-moveinfra\/\" \/>\n<meta property=\"og:locale\" content=\"pt_BR\" \/>\n<meta property=\"og:type\" content=\"article\" \/>\n<meta property=\"og:title\" content=\"Setor de transportes critica estrat\u00e9gia do governo em PL do Licenciamento\" \/>\n<meta property=\"og:description\" content=\"Amanda Pupo e Sheyla Santos, da Ag\u00eancia iNFRA O segmento de transportes lamentou a escolha do governo Lula de fazer reparos ao PL (projeto de lei) do Licenciamento Ambiental por meio de uma nova proposta legislativa. A avalia\u00e7\u00e3o de representantes do mercado \u00e9 de que ajustes poderiam ter sido feitos por decretos e resolu\u00e7\u00f5es, sem [&hellip;]\" \/>\n<meta property=\"og:url\" content=\"https:\/\/agenciainfra.com\/blog\/setor-de-transportes-critica-estrategia-do-governo-em-pl-do-licenciamento-nao-temos-tempo-de-voltar-a-estaca-zero-diz-moveinfra\/\" \/>\n<meta property=\"og:site_name\" content=\"Ag\u00eancia iNFRA\" \/>\n<meta property=\"article:publisher\" content=\"https:\/\/www.facebook.com\/ageninfra\" \/>\n<meta property=\"article:published_time\" content=\"2025-08-09T01:34:23+00:00\" \/>\n<meta property=\"article:modified_time\" content=\"2025-08-11T22:48:32+00:00\" \/>\n<meta property=\"og:image\" content=\"https:\/\/agenciainfra.com\/blog\/wp-content\/uploads\/2024\/07\/debentures-verdes-estrada-rodovia-foto-pxhere.jpg\" \/>\n\t<meta property=\"og:image:width\" content=\"1202\" \/>\n\t<meta property=\"og:image:height\" content=\"801\" \/>\n\t<meta property=\"og:image:type\" content=\"image\/jpeg\" \/>\n<meta name=\"author\" content=\"Ag\u00eancia iNFRA\" \/>\n<meta name=\"twitter:card\" content=\"summary_large_image\" \/>\n<meta name=\"twitter:creator\" content=\"@agencia_infra\" \/>\n<meta name=\"twitter:site\" content=\"@agencia_infra\" \/>\n<meta name=\"twitter:label1\" content=\"Escrito por\" \/>\n\t<meta name=\"twitter:data1\" content=\"Ag\u00eancia iNFRA\" \/>\n\t<meta name=\"twitter:label2\" content=\"Est. tempo de leitura\" \/>\n\t<meta name=\"twitter:data2\" content=\"4 minutos\" \/>\n<script type=\"application\/ld+json\" class=\"yoast-schema-graph\">{\"@context\":\"https:\/\/schema.org\",\"@graph\":[{\"@type\":\"Article\",\"@id\":\"https:\/\/agenciainfra.com\/blog\/setor-de-transportes-critica-estrategia-do-governo-em-pl-do-licenciamento-nao-temos-tempo-de-voltar-a-estaca-zero-diz-moveinfra\/#article\",\"isPartOf\":{\"@id\":\"https:\/\/agenciainfra.com\/blog\/setor-de-transportes-critica-estrategia-do-governo-em-pl-do-licenciamento-nao-temos-tempo-de-voltar-a-estaca-zero-diz-moveinfra\/\"},\"author\":{\"name\":\"Ag\u00eancia iNFRA\",\"@id\":\"https:\/\/agenciainfra.com\/blog\/#\/schema\/person\/34af08dff6adea4cb22b06612ba7acfa\"},\"headline\":\"Setor de transportes critica estrat\u00e9gia do governo em PL do Licenciamento\",\"datePublished\":\"2025-08-09T01:34:23+00:00\",\"dateModified\":\"2025-08-11T22:48:32+00:00\",\"mainEntityOfPage\":{\"@id\":\"https:\/\/agenciainfra.com\/blog\/setor-de-transportes-critica-estrategia-do-governo-em-pl-do-licenciamento-nao-temos-tempo-de-voltar-a-estaca-zero-diz-moveinfra\/\"},\"wordCount\":731,\"publisher\":{\"@id\":\"https:\/\/agenciainfra.com\/blog\/#organization\"},\"image\":{\"@id\":\"https:\/\/agenciainfra.com\/blog\/setor-de-transportes-critica-estrategia-do-governo-em-pl-do-licenciamento-nao-temos-tempo-de-voltar-a-estaca-zero-diz-moveinfra\/#primaryimage\"},\"thumbnailUrl\":\"https:\/\/agenciainfra.com\/blog\/wp-content\/uploads\/2024\/07\/debentures-verdes-estrada-rodovia-foto-pxhere.jpg\",\"keywords\":[\"MoveInfra\",\"pl do licenciamento ambiental\",\"transportes\"],\"articleSection\":[\"Geral\",\"iNFRATransporte\"],\"inLanguage\":\"pt-BR\",\"copyrightYear\":\"2025\",\"copyrightHolder\":{\"@id\":\"https:\/\/agenciainfra.com\/blog\/#organization\"}},{\"@type\":\"WebPage\",\"@id\":\"https:\/\/agenciainfra.com\/blog\/setor-de-transportes-critica-estrategia-do-governo-em-pl-do-licenciamento-nao-temos-tempo-de-voltar-a-estaca-zero-diz-moveinfra\/\",\"url\":\"https:\/\/agenciainfra.com\/blog\/setor-de-transportes-critica-estrategia-do-governo-em-pl-do-licenciamento-nao-temos-tempo-de-voltar-a-estaca-zero-diz-moveinfra\/\",\"name\":\"Setor de transportes critica estrat\u00e9gia do governo em PL do Licenciamento - Ag\u00eancia iNFRA\",\"isPartOf\":{\"@id\":\"https:\/\/agenciainfra.com\/blog\/#website\"},\"primaryImageOfPage\":{\"@id\":\"https:\/\/agenciainfra.com\/blog\/setor-de-transportes-critica-estrategia-do-governo-em-pl-do-licenciamento-nao-temos-tempo-de-voltar-a-estaca-zero-diz-moveinfra\/#primaryimage\"},\"image\":{\"@id\":\"https:\/\/agenciainfra.com\/blog\/setor-de-transportes-critica-estrategia-do-governo-em-pl-do-licenciamento-nao-temos-tempo-de-voltar-a-estaca-zero-diz-moveinfra\/#primaryimage\"},\"thumbnailUrl\":\"https:\/\/agenciainfra.com\/blog\/wp-content\/uploads\/2024\/07\/debentures-verdes-estrada-rodovia-foto-pxhere.jpg\",\"datePublished\":\"2025-08-09T01:34:23+00:00\",\"dateModified\":\"2025-08-11T22:48:32+00:00\",\"breadcrumb\":{\"@id\":\"https:\/\/agenciainfra.com\/blog\/setor-de-transportes-critica-estrategia-do-governo-em-pl-do-licenciamento-nao-temos-tempo-de-voltar-a-estaca-zero-diz-moveinfra\/#breadcrumb\"},\"inLanguage\":\"pt-BR\",\"potentialAction\":[{\"@type\":\"ReadAction\",\"target\":[\"https:\/\/agenciainfra.com\/blog\/setor-de-transportes-critica-estrategia-do-governo-em-pl-do-licenciamento-nao-temos-tempo-de-voltar-a-estaca-zero-diz-moveinfra\/\"]}]},{\"@type\":\"ImageObject\",\"inLanguage\":\"pt-BR\",\"@id\":\"https:\/\/agenciainfra.com\/blog\/setor-de-transportes-critica-estrategia-do-governo-em-pl-do-licenciamento-nao-temos-tempo-de-voltar-a-estaca-zero-diz-moveinfra\/#primaryimage\",\"url\":\"https:\/\/agenciainfra.com\/blog\/wp-content\/uploads\/2024\/07\/debentures-verdes-estrada-rodovia-foto-pxhere.jpg\",\"contentUrl\":\"https:\/\/agenciainfra.com\/blog\/wp-content\/uploads\/2024\/07\/debentures-verdes-estrada-rodovia-foto-pxhere.jpg\",\"width\":1202,\"height\":801,\"caption\":\"Foto: PXHere\"},{\"@type\":\"BreadcrumbList\",\"@id\":\"https:\/\/agenciainfra.com\/blog\/setor-de-transportes-critica-estrategia-do-governo-em-pl-do-licenciamento-nao-temos-tempo-de-voltar-a-estaca-zero-diz-moveinfra\/#breadcrumb\",\"itemListElement\":[{\"@type\":\"ListItem\",\"position\":1,\"name\":\"In\u00edcio\",\"item\":\"https:\/\/agenciainfra.com\/blog\/\"},{\"@type\":\"ListItem\",\"position\":2,\"name\":\"Setor de transportes critica estrat\u00e9gia do governo em PL do Licenciamento\"}]},{\"@type\":\"WebSite\",\"@id\":\"https:\/\/agenciainfra.com\/blog\/#website\",\"url\":\"https:\/\/agenciainfra.com\/blog\/\",\"name\":\"Ag\u00eancia iNFRA\",\"description\":\"Multiplataforma de informa\u00e7\u00e3o jornal\u00edstica refer\u00eancia na \u00e1rea de infraestrutura no Brasil!\",\"publisher\":{\"@id\":\"https:\/\/agenciainfra.com\/blog\/#organization\"},\"potentialAction\":[{\"@type\":\"SearchAction\",\"target\":{\"@type\":\"EntryPoint\",\"urlTemplate\":\"https:\/\/agenciainfra.com\/blog\/?s={search_term_string}\"},\"query-input\":{\"@type\":\"PropertyValueSpecification\",\"valueRequired\":true,\"valueName\":\"search_term_string\"}}],\"inLanguage\":\"pt-BR\"},{\"@type\":\"Organization\",\"@id\":\"https:\/\/agenciainfra.com\/blog\/#organization\",\"name\":\"Ag\u00eancia iNFRA\",\"url\":\"https:\/\/agenciainfra.com\/blog\/\",\"logo\":{\"@type\":\"ImageObject\",\"inLanguage\":\"pt-BR\",\"@id\":\"https:\/\/agenciainfra.com\/blog\/#\/schema\/logo\/image\/\",\"url\":\"https:\/\/agenciainfra.com\/blog\/wp-content\/uploads\/2023\/09\/iNFRA_5-e1761735885940.png\",\"contentUrl\":\"https:\/\/agenciainfra.com\/blog\/wp-content\/uploads\/2023\/09\/iNFRA_5-e1761735885940.png\",\"width\":1672,\"height\":454,\"caption\":\"Ag\u00eancia iNFRA\"},\"image\":{\"@id\":\"https:\/\/agenciainfra.com\/blog\/#\/schema\/logo\/image\/\"},\"sameAs\":[\"https:\/\/www.facebook.com\/ageninfra\",\"https:\/\/x.com\/agencia_infra\",\"https:\/\/www.linkedin.com\/company\/ag\u00eanciainfra\/\",\"https:\/\/www.instagram.com\/agenciainfra\/\"]},{\"@type\":\"Person\",\"@id\":\"https:\/\/agenciainfra.com\/blog\/#\/schema\/person\/34af08dff6adea4cb22b06612ba7acfa\",\"name\":\"Ag\u00eancia iNFRA\",\"image\":{\"@type\":\"ImageObject\",\"inLanguage\":\"pt-BR\",\"@id\":\"https:\/\/agenciainfra.com\/blog\/#\/schema\/person\/image\/\",\"url\":\"https:\/\/secure.gravatar.com\/avatar\/d189e01678f06d8eb84d4e01f08eb848b3fffe3f8443818d3c356c66892f5be8?s=96&d=mm&r=g\",\"contentUrl\":\"https:\/\/secure.gravatar.com\/avatar\/d189e01678f06d8eb84d4e01f08eb848b3fffe3f8443818d3c356c66892f5be8?s=96&d=mm&r=g\",\"caption\":\"Ag\u00eancia iNFRA\"},\"url\":\"https:\/\/agenciainfra.com\/blog\/author\/admin\/\"}]}<\/script>\n<!-- \/ Yoast SEO Premium plugin. -->","yoast_head_json":{"title":"Setor de transportes critica estrat\u00e9gia do governo em PL do Licenciamento - Ag\u00eancia iNFRA","robots":{"index":"index","follow":"follow","max-snippet":"max-snippet:-1","max-image-preview":"max-image-preview:large","max-video-preview":"max-video-preview:-1"},"canonical":"https:\/\/agenciainfra.com\/blog\/setor-de-transportes-critica-estrategia-do-governo-em-pl-do-licenciamento-nao-temos-tempo-de-voltar-a-estaca-zero-diz-moveinfra\/","og_locale":"pt_BR","og_type":"article","og_title":"Setor de transportes critica estrat\u00e9gia do governo em PL do Licenciamento","og_description":"Amanda Pupo e Sheyla Santos, da Ag\u00eancia iNFRA O segmento de transportes lamentou a escolha do governo Lula de fazer reparos ao PL (projeto de lei) do Licenciamento Ambiental por meio de uma nova proposta legislativa. A avalia\u00e7\u00e3o de representantes do mercado \u00e9 de que ajustes poderiam ter sido feitos por decretos e resolu\u00e7\u00f5es, sem [&hellip;]","og_url":"https:\/\/agenciainfra.com\/blog\/setor-de-transportes-critica-estrategia-do-governo-em-pl-do-licenciamento-nao-temos-tempo-de-voltar-a-estaca-zero-diz-moveinfra\/","og_site_name":"Ag\u00eancia iNFRA","article_publisher":"https:\/\/www.facebook.com\/ageninfra","article_published_time":"2025-08-09T01:34:23+00:00","article_modified_time":"2025-08-11T22:48:32+00:00","og_image":[{"width":1202,"height":801,"url":"https:\/\/agenciainfra.com\/blog\/wp-content\/uploads\/2024\/07\/debentures-verdes-estrada-rodovia-foto-pxhere.jpg","type":"image\/jpeg"}],"author":"Ag\u00eancia iNFRA","twitter_card":"summary_large_image","twitter_creator":"@agencia_infra","twitter_site":"@agencia_infra","twitter_misc":{"Escrito por":"Ag\u00eancia iNFRA","Est. tempo de leitura":"4 minutos"},"schema":{"@context":"https:\/\/schema.org","@graph":[{"@type":"Article","@id":"https:\/\/agenciainfra.com\/blog\/setor-de-transportes-critica-estrategia-do-governo-em-pl-do-licenciamento-nao-temos-tempo-de-voltar-a-estaca-zero-diz-moveinfra\/#article","isPartOf":{"@id":"https:\/\/agenciainfra.com\/blog\/setor-de-transportes-critica-estrategia-do-governo-em-pl-do-licenciamento-nao-temos-tempo-de-voltar-a-estaca-zero-diz-moveinfra\/"},"author":{"name":"Ag\u00eancia iNFRA","@id":"https:\/\/agenciainfra.com\/blog\/#\/schema\/person\/34af08dff6adea4cb22b06612ba7acfa"},"headline":"Setor de transportes critica estrat\u00e9gia do governo em PL do Licenciamento","datePublished":"2025-08-09T01:34:23+00:00","dateModified":"2025-08-11T22:48:32+00:00","mainEntityOfPage":{"@id":"https:\/\/agenciainfra.com\/blog\/setor-de-transportes-critica-estrategia-do-governo-em-pl-do-licenciamento-nao-temos-tempo-de-voltar-a-estaca-zero-diz-moveinfra\/"},"wordCount":731,"publisher":{"@id":"https:\/\/agenciainfra.com\/blog\/#organization"},"image":{"@id":"https:\/\/agenciainfra.com\/blog\/setor-de-transportes-critica-estrategia-do-governo-em-pl-do-licenciamento-nao-temos-tempo-de-voltar-a-estaca-zero-diz-moveinfra\/#primaryimage"},"thumbnailUrl":"https:\/\/agenciainfra.com\/blog\/wp-content\/uploads\/2024\/07\/debentures-verdes-estrada-rodovia-foto-pxhere.jpg","keywords":["MoveInfra","pl do licenciamento ambiental","transportes"],"articleSection":["Geral","iNFRATransporte"],"inLanguage":"pt-BR","copyrightYear":"2025","copyrightHolder":{"@id":"https:\/\/agenciainfra.com\/blog\/#organization"}},{"@type":"WebPage","@id":"https:\/\/agenciainfra.com\/blog\/setor-de-transportes-critica-estrategia-do-governo-em-pl-do-licenciamento-nao-temos-tempo-de-voltar-a-estaca-zero-diz-moveinfra\/","url":"https:\/\/agenciainfra.com\/blog\/setor-de-transportes-critica-estrategia-do-governo-em-pl-do-licenciamento-nao-temos-tempo-de-voltar-a-estaca-zero-diz-moveinfra\/","name":"Setor de transportes critica estrat\u00e9gia do governo em PL do Licenciamento - Ag\u00eancia iNFRA","isPartOf":{"@id":"https:\/\/agenciainfra.com\/blog\/#website"},"primaryImageOfPage":{"@id":"https:\/\/agenciainfra.com\/blog\/setor-de-transportes-critica-estrategia-do-governo-em-pl-do-licenciamento-nao-temos-tempo-de-voltar-a-estaca-zero-diz-moveinfra\/#primaryimage"},"image":{"@id":"https:\/\/agenciainfra.com\/blog\/setor-de-transportes-critica-estrategia-do-governo-em-pl-do-licenciamento-nao-temos-tempo-de-voltar-a-estaca-zero-diz-moveinfra\/#primaryimage"},"thumbnailUrl":"https:\/\/agenciainfra.com\/blog\/wp-content\/uploads\/2024\/07\/debentures-verdes-estrada-rodovia-foto-pxhere.jpg","datePublished":"2025-08-09T01:34:23+00:00","dateModified":"2025-08-11T22:48:32+00:00","breadcrumb":{"@id":"https:\/\/agenciainfra.com\/blog\/setor-de-transportes-critica-estrategia-do-governo-em-pl-do-licenciamento-nao-temos-tempo-de-voltar-a-estaca-zero-diz-moveinfra\/#breadcrumb"},"inLanguage":"pt-BR","potentialAction":[{"@type":"ReadAction","target":["https:\/\/agenciainfra.com\/blog\/setor-de-transportes-critica-estrategia-do-governo-em-pl-do-licenciamento-nao-temos-tempo-de-voltar-a-estaca-zero-diz-moveinfra\/"]}]},{"@type":"ImageObject","inLanguage":"pt-BR","@id":"https:\/\/agenciainfra.com\/blog\/setor-de-transportes-critica-estrategia-do-governo-em-pl-do-licenciamento-nao-temos-tempo-de-voltar-a-estaca-zero-diz-moveinfra\/#primaryimage","url":"https:\/\/agenciainfra.com\/blog\/wp-content\/uploads\/2024\/07\/debentures-verdes-estrada-rodovia-foto-pxhere.jpg","contentUrl":"https:\/\/agenciainfra.com\/blog\/wp-content\/uploads\/2024\/07\/debentures-verdes-estrada-rodovia-foto-pxhere.jpg","width":1202,"height":801,"caption":"Foto: PXHere"},{"@type":"BreadcrumbList","@id":"https:\/\/agenciainfra.com\/blog\/setor-de-transportes-critica-estrategia-do-governo-em-pl-do-licenciamento-nao-temos-tempo-de-voltar-a-estaca-zero-diz-moveinfra\/#breadcrumb","itemListElement":[{"@type":"ListItem","position":1,"name":"In\u00edcio","item":"https:\/\/agenciainfra.com\/blog\/"},{"@type":"ListItem","position":2,"name":"Setor de transportes critica estrat\u00e9gia do governo em PL do Licenciamento"}]},{"@type":"WebSite","@id":"https:\/\/agenciainfra.com\/blog\/#website","url":"https:\/\/agenciainfra.com\/blog\/","name":"Ag\u00eancia iNFRA","description":"Multiplataforma de informa\u00e7\u00e3o jornal\u00edstica refer\u00eancia na \u00e1rea de infraestrutura no Brasil!","publisher":{"@id":"https:\/\/agenciainfra.com\/blog\/#organization"},"potentialAction":[{"@type":"SearchAction","target":{"@type":"EntryPoint","urlTemplate":"https:\/\/agenciainfra.com\/blog\/?s={search_term_string}"},"query-input":{"@type":"PropertyValueSpecification","valueRequired":true,"valueName":"search_term_string"}}],"inLanguage":"pt-BR"},{"@type":"Organization","@id":"https:\/\/agenciainfra.com\/blog\/#organization","name":"Ag\u00eancia iNFRA","url":"https:\/\/agenciainfra.com\/blog\/","logo":{"@type":"ImageObject","inLanguage":"pt-BR","@id":"https:\/\/agenciainfra.com\/blog\/#\/schema\/logo\/image\/","url":"https:\/\/agenciainfra.com\/blog\/wp-content\/uploads\/2023\/09\/iNFRA_5-e1761735885940.png","contentUrl":"https:\/\/agenciainfra.com\/blog\/wp-content\/uploads\/2023\/09\/iNFRA_5-e1761735885940.png","width":1672,"height":454,"caption":"Ag\u00eancia iNFRA"},"image":{"@id":"https:\/\/agenciainfra.com\/blog\/#\/schema\/logo\/image\/"},"sameAs":["https:\/\/www.facebook.com\/ageninfra","https:\/\/x.com\/agencia_infra","https:\/\/www.linkedin.com\/company\/ag\u00eanciainfra\/","https:\/\/www.instagram.com\/agenciainfra\/"]},{"@type":"Person","@id":"https:\/\/agenciainfra.com\/blog\/#\/schema\/person\/34af08dff6adea4cb22b06612ba7acfa","name":"Ag\u00eancia iNFRA","image":{"@type":"ImageObject","inLanguage":"pt-BR","@id":"https:\/\/agenciainfra.com\/blog\/#\/schema\/person\/image\/","url":"https:\/\/secure.gravatar.com\/avatar\/d189e01678f06d8eb84d4e01f08eb848b3fffe3f8443818d3c356c66892f5be8?s=96&d=mm&r=g","contentUrl":"https:\/\/secure.gravatar.com\/avatar\/d189e01678f06d8eb84d4e01f08eb848b3fffe3f8443818d3c356c66892f5be8?s=96&d=mm&r=g","caption":"Ag\u00eancia iNFRA"},"url":"https:\/\/agenciainfra.com\/blog\/author\/admin\/"}]}},"_links":{"self":[{"href":"https:\/\/agenciainfra.com\/blog\/wp-json\/wp\/v2\/posts\/26051","targetHints":{"allow":["GET"]}}],"collection":[{"href":"https:\/\/agenciainfra.com\/blog\/wp-json\/wp\/v2\/posts"}],"about":[{"href":"https:\/\/agenciainfra.com\/blog\/wp-json\/wp\/v2\/types\/post"}],"author":[{"embeddable":true,"href":"https:\/\/agenciainfra.com\/blog\/wp-json\/wp\/v2\/users\/1"}],"replies":[{"embeddable":true,"href":"https:\/\/agenciainfra.com\/blog\/wp-json\/wp\/v2\/comments?post=26051"}],"version-history":[{"count":2,"href":"https:\/\/agenciainfra.com\/blog\/wp-json\/wp\/v2\/posts\/26051\/revisions"}],"predecessor-version":[{"id":26103,"href":"https:\/\/agenciainfra.com\/blog\/wp-json\/wp\/v2\/posts\/26051\/revisions\/26103"}],"wp:featuredmedia":[{"embeddable":true,"href":"https:\/\/agenciainfra.com\/blog\/wp-json\/wp\/v2\/media\/17793"}],"wp:attachment":[{"href":"https:\/\/agenciainfra.com\/blog\/wp-json\/wp\/v2\/media?parent=26051"}],"wp:term":[{"taxonomy":"category","embeddable":true,"href":"https:\/\/agenciainfra.com\/blog\/wp-json\/wp\/v2\/categories?post=26051"},{"taxonomy":"post_tag","embeddable":true,"href":"https:\/\/agenciainfra.com\/blog\/wp-json\/wp\/v2\/tags?post=26051"}],"curies":[{"name":"wp","href":"https:\/\/api.w.org\/{rel}","templated":true}]}}