{"id":26064,"date":"2025-08-11T11:00:00","date_gmt":"2025-08-11T14:00:00","guid":{"rendered":"https:\/\/agenciainfra.com\/blog\/?p=26064"},"modified":"2025-08-12T14:15:25","modified_gmt":"2025-08-12T17:15:25","slug":"fi-fgts-voltara-a-fazer-investimentos-em-empresas-de-infraestrutura-anuncia-presidente-da-caixa","status":"publish","type":"post","link":"https:\/\/agenciainfra.com\/blog\/fi-fgts-voltara-a-fazer-investimentos-em-empresas-de-infraestrutura-anuncia-presidente-da-caixa\/","title":{"rendered":"FI-FGTS voltar\u00e1 a fazer investimentos em empresas de infraestrutura, anuncia presidente da Caixa"},"content":{"rendered":"\n<p class=\"has-text-align-right\"><strong>Dimmi Amora, da Ag\u00eancia iNFRA<\/strong><\/p>\n\n\n\n<p>O FI-FGTS (Fundo de Investimentos do FGTS) vai voltar a fazer aportes em empresas com projetos na \u00e1rea de infraestrutura. A decis\u00e3o foi anunciada pelo presidente da Caixa, Carlos Vieira, no \u00faltimo s\u00e1bado (9), durante o semin\u00e1rio Esfera Infra, promovido pela Esfera Brasil, em Recife (PE).<br><br>&#8220;Nosso objetivo \u00e9 revitalizar o FI-FGTS. Ele tem potencial para contribuir muito para a infraestrutura do pa\u00eds&#8221;, disse Vieira \u00e0 <strong>Ag\u00eancia iNFRA<\/strong> ap\u00f3s participar de mesa do encontro.<br><br>O presidente do banco estatal, que gerencia o fundo, disse que projetos de todos os setores de infraestrutura poder\u00e3o participar da retomada. Criado em 2007, atualmente, cerca de 30 empresas t\u00eam investimentos do fundo que, em geral, s\u00e3o mais baratos que outros instrumentos de financiamento, j\u00e1 que o FI vira um s\u00f3cio da companhia no projeto. O patrim\u00f4nio atual \u00e9 de quase R$ 20 bilh\u00f5es.\u00a0<br><br>Mas houve v\u00e1rias den\u00fancias de problemas de direcionamento e investimentos de baixa rentabilidade que praticamente paralisaram essas opera\u00e7\u00f5es h\u00e1 quase uma d\u00e9cada. Segundo Vieira, a Caixa, que gerencia o fundo, aprendeu com os problemas e implantou uma nova governan\u00e7a para esse tipo de a\u00e7\u00e3o.<br><br>&#8220;Governan\u00e7a ser\u00e1 fundamental. Vamos fazer com transpar\u00eancia, sele\u00e7\u00e3o adequada de projetos. Os erros do passado n\u00e3o s\u00e3o s\u00f3 para mem\u00f3ria. S\u00e3o processos que permitem aprimoramento das institui\u00e7\u00f5es&#8221;, defendeu Vieira, reconhecendo que alguns investimentos macularam a institui\u00e7\u00e3o.<br><br>O FI-FGTS \u00e9 s\u00f3cio ou tem deb\u00eantures de outros\u00a0fundos ou empresas como a Braskem, a Santo Antonio\u00a0Energia, a Brado, a VLI Log\u00edstica, a Prumo Log\u00edstica e a Concession\u00e1ria Rota das Bandeiras. Tamb\u00e9m h\u00e1 a\u00e7\u00f5es de empresas de grupos que foram acusados durante a opera\u00e7\u00e3o Lava Jato, como Odebrecht e OAS, de acordo com as demonstra\u00e7\u00f5es de resultados de 2024.<br><br>O presidente da Caixa explicou que os investimentos feitos pelo fundo s\u00e3o extremamente lucrativos. Ele informou que o FI-FGTS corresponde a cerca de 3,7% de todo o patrim\u00f4nio do FGTS, que \u00e9 de cerca de R$ 770 bilh\u00f5es. Mas em 2024 o fundo de investimentos foi respons\u00e1vel por 20% do lucro do FGTS.<br><br>&#8220;A rela\u00e7\u00e3o de contribui\u00e7\u00e3o ao trabalhador brasileiro, que \u00e9 o detentor do fundo, \u00e9 um potencial muito grande&#8221;, disse Vieira.<br><br><strong>Novas diretrizes<\/strong><br>Entre as novas diretrizes est\u00e1 uma pol\u00edtica para desinvestimentos do fundo, ou seja, venda de ativos que hoje j\u00e1 est\u00e3o maduros e d\u00e3o lucro ao fundo, para que possam ser feitos investimentos em novos ativos. Uma primeira empresa da \u00e1rea de energia j\u00e1 teve a decis\u00e3o de ser vendida. S\u00e3o cerca de 30 companhias que hoje t\u00eam investimentos do FI-FGTS.<br><br>Segundo ele, os crit\u00e9rios de sa\u00edda v\u00e3o obedecer a par\u00e2metros t\u00e9cnicos, citando a chamada &#8220;Curva Jota&#8221; (quando o valor das empresas alcan\u00e7am um patamar acima do que foi investido). As cotas podem passar aos parceiros do investimentos ou a outros interessados.<br><br>Vieira afirmou ainda que o Conselho Curador do FGTS tamb\u00e9m analisa o aporte de novos recursos para o FI fazer aquisi\u00e7\u00f5es. Para novos investimentos, est\u00e1 sendo constru\u00eddo, segundo Vieira, com o Conselho, um modelo de editais para que as empresas possam se habilitar para receber os recursos do FI.<br><br><strong>Saneamento em Pernambuco<\/strong><br>A governadora de Pernambuco, Raquel Lyra, afirmou que o edital de concess\u00e3o de saneamento do estado ser\u00e1 publicado ainda em agosto. Segundo Raquel, o leil\u00e3o deve acontecer em novembro e executar R$ 20 bilh\u00f5es em investimentos.<br><br>A informa\u00e7\u00e3o foi dada durante o semin\u00e1rio Esfera Infra. O ministro das Cidades, Jader Filho, destacou que essa concess\u00e3o de saneamento contar\u00e1 com com apoio do BNDES (Banco Nacional de Desenvolvimento Econ\u00f4mico e Social).<br><br>A governadora do Rio Grande do Norte, F\u00e1tima Bezerra, tamb\u00e9m anunciou que o governo local far\u00e1 uma PPP (Parceria P\u00fablico-Privada) de saneamento em 2026, com previs\u00e3o de investimentos na casa dos R$ 3 bilh\u00f5es.<br><br>No caso de Pernambuco, trata-se de um modelo de concess\u00e3o total dos servi\u00e7os de distribui\u00e7\u00e3o de \u00e1gua e coleta e tratamento de esgoto. A estatal estadual de saneamento, a Compesa, ficar\u00e1 com adu\u00e7\u00e3o e entrega da \u00e1gua \u00e0 companhia vencedora. O processo est\u00e1 sendo estruturado pelo BNDES, mas tem enfrentado resist\u00eancia pol\u00edtica local. No caso do Rio Grande do Norte, a estatal de saneamento vai passar os investimentos de implanta\u00e7\u00e3o de rede de esgoto por meio de PPP.<br><br><strong>Minha Casa, Minha Vida e CBTU<\/strong><br>O ministro Jader Filho informou no encontro que o governo federal entregar\u00e1 dois milh\u00f5es de im\u00f3veis no \u00e2mbito do Minha Casa, Minha Vida at\u00e9 o final de dezembro de 2025 \u2013 um ano antes do fim do governo Lula, prazo estabelecido para as entregas.<br><br>O chefe da pasta disse ainda que o governo trabalha para suprir a car\u00eancia de investimentos na CBTU (Companhia Brasileira de Trens Urbanos) de Pernambuco e que, sem isso, poder\u00e1 haver mortes nessa opera\u00e7\u00e3o. \u201cN\u00e3o temos como negar que n\u00f3s precisamos fazer investimentos no metr\u00f4 de Recife, porque se n\u00f3s n\u00e3o fizermos n\u00f3s vamos ter um problema grave, inclusive com possibilidade de mortes\u201d, afirmou.<br><br><strong>Ferrovia Transnordestina e Ponte A\u00e9rea<\/strong><br>O ministro de Portos e Aeroportos, Silvio Costa Filho, afirmou que o governo federal lan\u00e7a ainda neste ano a licita\u00e7\u00e3o para retomada das obras do trecho Pernambucano da Nova Transnordestina, com cerca de R$ 1 bilh\u00e3o em investimentos para a execu\u00e7\u00e3o de aproximadamente 200 quil\u00f4metros. A obra p\u00fablica antecipar\u00e1 a concess\u00e3o posterior do trecho que ligar\u00e1 Salgueiro a Suape.<br><br>No Semin\u00e1rio, tamb\u00e9m foi lan\u00e7ado o estudo \u201c<a href=\"https:\/\/agenciainfra.us14.list-manage.com\/track\/click?u=d460dd1bcf9ba0ae040e1fc0f&amp;id=cffb699dc0&amp;e=c099169394\" target=\"_blank\" rel=\"noreferrer noopener\">Como no Trem: an\u00e1lise da moderniza\u00e7\u00e3o do modelo de &#8216;ponte a\u00e9rea&#8217; para estimular o crescimento e a competitividade da avia\u00e7\u00e3o civil no Brasil<\/a>\u201c, realizado pelo Instituto Esfera. O relat\u00f3rio defende a redu\u00e7\u00e3o de custos para passageiros remarcarem passagens, o que pode ampliar o n\u00famero de voos entre S\u00e3o Paulo e Rio de Janeiro. A transmiss\u00e3o do evento pode ser vista\u00a0<a href=\"https:\/\/agenciainfra.us14.list-manage.com\/track\/click?u=d460dd1bcf9ba0ae040e1fc0f&amp;id=3ba6f041c5&amp;e=c099169394\" target=\"_blank\" rel=\"noreferrer noopener\">neste link<\/a>.<\/p>\n","protected":false},"excerpt":{"rendered":"<p>Dimmi Amora, da Ag\u00eancia iNFRA O FI-FGTS (Fundo de Investimentos do FGTS) vai voltar a fazer aportes em empresas com projetos na \u00e1rea de infraestrutura. A decis\u00e3o foi anunciada pelo presidente da Caixa, Carlos Vieira, no \u00faltimo s\u00e1bado (9), durante o semin\u00e1rio Esfera Infra, promovido pela Esfera Brasil, em Recife (PE). &#8220;Nosso objetivo \u00e9 revitalizar [&hellip;]<\/p>\n","protected":false},"author":1,"featured_media":26065,"comment_status":"closed","ping_status":"closed","sticky":false,"template":"","format":"standard","meta":{"_monsterinsights_skip_tracking":false,"_monsterinsights_sitenote_active":false,"_monsterinsights_sitenote_note":"","_monsterinsights_sitenote_category":0,"footnotes":""},"categories":[7250,1,7],"tags":[1052,14790,3198,1299,13232,2408,11309,187,34,32,5990,7041,504],"class_list":["post-26064","post","type-post","status-publish","format-standard","has-post-thumbnail","hentry","category-destaque-lista","category-geral","category-infratransporte","tag-caixa-economica-federal","tag-carlos-vieira","tag-cbtu","tag-dimmi-amora","tag-esfera-brasil","tag-fatima-bezerra","tag-fi-fgts","tag-financiamento","tag-infraestrutura","tag-investimentos","tag-minha-casa-minha-vida","tag-raquel-lyra","tag-transnordestina"],"yoast_head":"<!-- This site is optimized with the Yoast SEO Premium plugin v25.4 (Yoast SEO v26.0) - https:\/\/yoast.com\/wordpress\/plugins\/seo\/ -->\n<title>FI-FGTS voltar\u00e1 a fazer investimentos em empresas de infraestrutura, anuncia presidente da Caixa - Ag\u00eancia iNFRA<\/title>\n<meta name=\"robots\" content=\"index, follow, max-snippet:-1, max-image-preview:large, max-video-preview:-1\" \/>\n<link rel=\"canonical\" href=\"https:\/\/agenciainfra.com\/blog\/fi-fgts-voltara-a-fazer-investimentos-em-empresas-de-infraestrutura-anuncia-presidente-da-caixa\/\" \/>\n<meta property=\"og:locale\" content=\"pt_BR\" \/>\n<meta property=\"og:type\" content=\"article\" \/>\n<meta property=\"og:title\" content=\"FI-FGTS voltar\u00e1 a fazer investimentos em empresas de infraestrutura, anuncia presidente da Caixa\" \/>\n<meta property=\"og:description\" content=\"Dimmi Amora, da Ag\u00eancia iNFRA O FI-FGTS (Fundo de Investimentos do FGTS) vai voltar a fazer aportes em empresas com projetos na \u00e1rea de infraestrutura. A decis\u00e3o foi anunciada pelo presidente da Caixa, Carlos Vieira, no \u00faltimo s\u00e1bado (9), durante o semin\u00e1rio Esfera Infra, promovido pela Esfera Brasil, em Recife (PE). &#8220;Nosso objetivo \u00e9 revitalizar [&hellip;]\" \/>\n<meta property=\"og:url\" content=\"https:\/\/agenciainfra.com\/blog\/fi-fgts-voltara-a-fazer-investimentos-em-empresas-de-infraestrutura-anuncia-presidente-da-caixa\/\" \/>\n<meta property=\"og:site_name\" content=\"Ag\u00eancia iNFRA\" \/>\n<meta property=\"article:publisher\" content=\"https:\/\/www.facebook.com\/ageninfra\" \/>\n<meta property=\"article:published_time\" content=\"2025-08-11T14:00:00+00:00\" \/>\n<meta property=\"article:modified_time\" content=\"2025-08-12T17:15:25+00:00\" \/>\n<meta property=\"og:image\" content=\"https:\/\/agenciainfra.com\/blog\/wp-content\/uploads\/2025\/08\/carlos-vieira-foto-jose-cruz-agencia-brasil.png\" \/>\n\t<meta property=\"og:image:width\" content=\"1280\" \/>\n\t<meta property=\"og:image:height\" content=\"765\" \/>\n\t<meta property=\"og:image:type\" content=\"image\/png\" \/>\n<meta name=\"author\" content=\"Ag\u00eancia iNFRA\" \/>\n<meta name=\"twitter:card\" content=\"summary_large_image\" \/>\n<meta name=\"twitter:creator\" content=\"@agencia_infra\" \/>\n<meta name=\"twitter:site\" content=\"@agencia_infra\" \/>\n<meta name=\"twitter:label1\" content=\"Escrito por\" \/>\n\t<meta name=\"twitter:data1\" content=\"Ag\u00eancia iNFRA\" \/>\n\t<meta name=\"twitter:label2\" content=\"Est. tempo de leitura\" \/>\n\t<meta name=\"twitter:data2\" content=\"5 minutos\" \/>\n<script type=\"application\/ld+json\" class=\"yoast-schema-graph\">{\"@context\":\"https:\/\/schema.org\",\"@graph\":[{\"@type\":\"Article\",\"@id\":\"https:\/\/agenciainfra.com\/blog\/fi-fgts-voltara-a-fazer-investimentos-em-empresas-de-infraestrutura-anuncia-presidente-da-caixa\/#article\",\"isPartOf\":{\"@id\":\"https:\/\/agenciainfra.com\/blog\/fi-fgts-voltara-a-fazer-investimentos-em-empresas-de-infraestrutura-anuncia-presidente-da-caixa\/\"},\"author\":{\"name\":\"Ag\u00eancia iNFRA\",\"@id\":\"https:\/\/agenciainfra.com\/blog\/#\/schema\/person\/34af08dff6adea4cb22b06612ba7acfa\"},\"headline\":\"FI-FGTS voltar\u00e1 a fazer investimentos em empresas de infraestrutura, anuncia presidente da Caixa\",\"datePublished\":\"2025-08-11T14:00:00+00:00\",\"dateModified\":\"2025-08-12T17:15:25+00:00\",\"mainEntityOfPage\":{\"@id\":\"https:\/\/agenciainfra.com\/blog\/fi-fgts-voltara-a-fazer-investimentos-em-empresas-de-infraestrutura-anuncia-presidente-da-caixa\/\"},\"wordCount\":1036,\"publisher\":{\"@id\":\"https:\/\/agenciainfra.com\/blog\/#organization\"},\"image\":{\"@id\":\"https:\/\/agenciainfra.com\/blog\/fi-fgts-voltara-a-fazer-investimentos-em-empresas-de-infraestrutura-anuncia-presidente-da-caixa\/#primaryimage\"},\"thumbnailUrl\":\"https:\/\/agenciainfra.com\/blog\/wp-content\/uploads\/2025\/08\/carlos-vieira-foto-jose-cruz-agencia-brasil.png\",\"keywords\":[\"Caixa Econ\u00f4mica Federal\",\"Carlos Vieira\",\"CBTU\",\"Dimmi Amora\",\"esfera brasil\",\"F\u00e1tima Bezerra\",\"FI-FGTS\",\"financiamento\",\"Infraestrutura\",\"Investimentos\",\"Minha Casa Minha Vida\",\"Raquel Lyra\",\"Transnordestina\"],\"articleSection\":[\"Destaque lista\",\"Geral\",\"iNFRATransporte\"],\"inLanguage\":\"pt-BR\",\"copyrightYear\":\"2025\",\"copyrightHolder\":{\"@id\":\"https:\/\/agenciainfra.com\/blog\/#organization\"}},{\"@type\":\"WebPage\",\"@id\":\"https:\/\/agenciainfra.com\/blog\/fi-fgts-voltara-a-fazer-investimentos-em-empresas-de-infraestrutura-anuncia-presidente-da-caixa\/\",\"url\":\"https:\/\/agenciainfra.com\/blog\/fi-fgts-voltara-a-fazer-investimentos-em-empresas-de-infraestrutura-anuncia-presidente-da-caixa\/\",\"name\":\"FI-FGTS voltar\u00e1 a fazer investimentos em empresas de infraestrutura, anuncia presidente da Caixa - Ag\u00eancia iNFRA\",\"isPartOf\":{\"@id\":\"https:\/\/agenciainfra.com\/blog\/#website\"},\"primaryImageOfPage\":{\"@id\":\"https:\/\/agenciainfra.com\/blog\/fi-fgts-voltara-a-fazer-investimentos-em-empresas-de-infraestrutura-anuncia-presidente-da-caixa\/#primaryimage\"},\"image\":{\"@id\":\"https:\/\/agenciainfra.com\/blog\/fi-fgts-voltara-a-fazer-investimentos-em-empresas-de-infraestrutura-anuncia-presidente-da-caixa\/#primaryimage\"},\"thumbnailUrl\":\"https:\/\/agenciainfra.com\/blog\/wp-content\/uploads\/2025\/08\/carlos-vieira-foto-jose-cruz-agencia-brasil.png\",\"datePublished\":\"2025-08-11T14:00:00+00:00\",\"dateModified\":\"2025-08-12T17:15:25+00:00\",\"breadcrumb\":{\"@id\":\"https:\/\/agenciainfra.com\/blog\/fi-fgts-voltara-a-fazer-investimentos-em-empresas-de-infraestrutura-anuncia-presidente-da-caixa\/#breadcrumb\"},\"inLanguage\":\"pt-BR\",\"potentialAction\":[{\"@type\":\"ReadAction\",\"target\":[\"https:\/\/agenciainfra.com\/blog\/fi-fgts-voltara-a-fazer-investimentos-em-empresas-de-infraestrutura-anuncia-presidente-da-caixa\/\"]}]},{\"@type\":\"ImageObject\",\"inLanguage\":\"pt-BR\",\"@id\":\"https:\/\/agenciainfra.com\/blog\/fi-fgts-voltara-a-fazer-investimentos-em-empresas-de-infraestrutura-anuncia-presidente-da-caixa\/#primaryimage\",\"url\":\"https:\/\/agenciainfra.com\/blog\/wp-content\/uploads\/2025\/08\/carlos-vieira-foto-jose-cruz-agencia-brasil.png\",\"contentUrl\":\"https:\/\/agenciainfra.com\/blog\/wp-content\/uploads\/2025\/08\/carlos-vieira-foto-jose-cruz-agencia-brasil.png\",\"width\":1280,\"height\":765,\"caption\":\"Foto: Jos\u00e9 Cruz\/Ag\u00eancia Brasil\"},{\"@type\":\"BreadcrumbList\",\"@id\":\"https:\/\/agenciainfra.com\/blog\/fi-fgts-voltara-a-fazer-investimentos-em-empresas-de-infraestrutura-anuncia-presidente-da-caixa\/#breadcrumb\",\"itemListElement\":[{\"@type\":\"ListItem\",\"position\":1,\"name\":\"In\u00edcio\",\"item\":\"https:\/\/agenciainfra.com\/blog\/\"},{\"@type\":\"ListItem\",\"position\":2,\"name\":\"FI-FGTS voltar\u00e1 a fazer investimentos em empresas de infraestrutura, anuncia presidente da Caixa\"}]},{\"@type\":\"WebSite\",\"@id\":\"https:\/\/agenciainfra.com\/blog\/#website\",\"url\":\"https:\/\/agenciainfra.com\/blog\/\",\"name\":\"Ag\u00eancia iNFRA\",\"description\":\"Multiplataforma de informa\u00e7\u00e3o jornal\u00edstica refer\u00eancia na \u00e1rea de infraestrutura no Brasil!\",\"publisher\":{\"@id\":\"https:\/\/agenciainfra.com\/blog\/#organization\"},\"potentialAction\":[{\"@type\":\"SearchAction\",\"target\":{\"@type\":\"EntryPoint\",\"urlTemplate\":\"https:\/\/agenciainfra.com\/blog\/?s={search_term_string}\"},\"query-input\":{\"@type\":\"PropertyValueSpecification\",\"valueRequired\":true,\"valueName\":\"search_term_string\"}}],\"inLanguage\":\"pt-BR\"},{\"@type\":\"Organization\",\"@id\":\"https:\/\/agenciainfra.com\/blog\/#organization\",\"name\":\"Ag\u00eancia iNFRA\",\"url\":\"https:\/\/agenciainfra.com\/blog\/\",\"logo\":{\"@type\":\"ImageObject\",\"inLanguage\":\"pt-BR\",\"@id\":\"https:\/\/agenciainfra.com\/blog\/#\/schema\/logo\/image\/\",\"url\":\"https:\/\/agenciainfra.com\/blog\/wp-content\/uploads\/2023\/09\/iNFRA_5-e1761735885940.png\",\"contentUrl\":\"https:\/\/agenciainfra.com\/blog\/wp-content\/uploads\/2023\/09\/iNFRA_5-e1761735885940.png\",\"width\":1672,\"height\":454,\"caption\":\"Ag\u00eancia iNFRA\"},\"image\":{\"@id\":\"https:\/\/agenciainfra.com\/blog\/#\/schema\/logo\/image\/\"},\"sameAs\":[\"https:\/\/www.facebook.com\/ageninfra\",\"https:\/\/x.com\/agencia_infra\",\"https:\/\/www.linkedin.com\/company\/ag\u00eanciainfra\/\",\"https:\/\/www.instagram.com\/agenciainfra\/\"]},{\"@type\":\"Person\",\"@id\":\"https:\/\/agenciainfra.com\/blog\/#\/schema\/person\/34af08dff6adea4cb22b06612ba7acfa\",\"name\":\"Ag\u00eancia iNFRA\",\"image\":{\"@type\":\"ImageObject\",\"inLanguage\":\"pt-BR\",\"@id\":\"https:\/\/agenciainfra.com\/blog\/#\/schema\/person\/image\/\",\"url\":\"https:\/\/secure.gravatar.com\/avatar\/d189e01678f06d8eb84d4e01f08eb848b3fffe3f8443818d3c356c66892f5be8?s=96&d=mm&r=g\",\"contentUrl\":\"https:\/\/secure.gravatar.com\/avatar\/d189e01678f06d8eb84d4e01f08eb848b3fffe3f8443818d3c356c66892f5be8?s=96&d=mm&r=g\",\"caption\":\"Ag\u00eancia iNFRA\"},\"url\":\"https:\/\/agenciainfra.com\/blog\/author\/admin\/\"}]}<\/script>\n<!-- \/ Yoast SEO Premium plugin. -->","yoast_head_json":{"title":"FI-FGTS voltar\u00e1 a fazer investimentos em empresas de infraestrutura, anuncia presidente da Caixa - Ag\u00eancia iNFRA","robots":{"index":"index","follow":"follow","max-snippet":"max-snippet:-1","max-image-preview":"max-image-preview:large","max-video-preview":"max-video-preview:-1"},"canonical":"https:\/\/agenciainfra.com\/blog\/fi-fgts-voltara-a-fazer-investimentos-em-empresas-de-infraestrutura-anuncia-presidente-da-caixa\/","og_locale":"pt_BR","og_type":"article","og_title":"FI-FGTS voltar\u00e1 a fazer investimentos em empresas de infraestrutura, anuncia presidente da Caixa","og_description":"Dimmi Amora, da Ag\u00eancia iNFRA O FI-FGTS (Fundo de Investimentos do FGTS) vai voltar a fazer aportes em empresas com projetos na \u00e1rea de infraestrutura. A decis\u00e3o foi anunciada pelo presidente da Caixa, Carlos Vieira, no \u00faltimo s\u00e1bado (9), durante o semin\u00e1rio Esfera Infra, promovido pela Esfera Brasil, em Recife (PE). &#8220;Nosso objetivo \u00e9 revitalizar [&hellip;]","og_url":"https:\/\/agenciainfra.com\/blog\/fi-fgts-voltara-a-fazer-investimentos-em-empresas-de-infraestrutura-anuncia-presidente-da-caixa\/","og_site_name":"Ag\u00eancia iNFRA","article_publisher":"https:\/\/www.facebook.com\/ageninfra","article_published_time":"2025-08-11T14:00:00+00:00","article_modified_time":"2025-08-12T17:15:25+00:00","og_image":[{"width":1280,"height":765,"url":"https:\/\/agenciainfra.com\/blog\/wp-content\/uploads\/2025\/08\/carlos-vieira-foto-jose-cruz-agencia-brasil.png","type":"image\/png"}],"author":"Ag\u00eancia iNFRA","twitter_card":"summary_large_image","twitter_creator":"@agencia_infra","twitter_site":"@agencia_infra","twitter_misc":{"Escrito por":"Ag\u00eancia iNFRA","Est. tempo de leitura":"5 minutos"},"schema":{"@context":"https:\/\/schema.org","@graph":[{"@type":"Article","@id":"https:\/\/agenciainfra.com\/blog\/fi-fgts-voltara-a-fazer-investimentos-em-empresas-de-infraestrutura-anuncia-presidente-da-caixa\/#article","isPartOf":{"@id":"https:\/\/agenciainfra.com\/blog\/fi-fgts-voltara-a-fazer-investimentos-em-empresas-de-infraestrutura-anuncia-presidente-da-caixa\/"},"author":{"name":"Ag\u00eancia iNFRA","@id":"https:\/\/agenciainfra.com\/blog\/#\/schema\/person\/34af08dff6adea4cb22b06612ba7acfa"},"headline":"FI-FGTS voltar\u00e1 a fazer investimentos em empresas de infraestrutura, anuncia presidente da Caixa","datePublished":"2025-08-11T14:00:00+00:00","dateModified":"2025-08-12T17:15:25+00:00","mainEntityOfPage":{"@id":"https:\/\/agenciainfra.com\/blog\/fi-fgts-voltara-a-fazer-investimentos-em-empresas-de-infraestrutura-anuncia-presidente-da-caixa\/"},"wordCount":1036,"publisher":{"@id":"https:\/\/agenciainfra.com\/blog\/#organization"},"image":{"@id":"https:\/\/agenciainfra.com\/blog\/fi-fgts-voltara-a-fazer-investimentos-em-empresas-de-infraestrutura-anuncia-presidente-da-caixa\/#primaryimage"},"thumbnailUrl":"https:\/\/agenciainfra.com\/blog\/wp-content\/uploads\/2025\/08\/carlos-vieira-foto-jose-cruz-agencia-brasil.png","keywords":["Caixa Econ\u00f4mica Federal","Carlos Vieira","CBTU","Dimmi Amora","esfera brasil","F\u00e1tima Bezerra","FI-FGTS","financiamento","Infraestrutura","Investimentos","Minha Casa Minha Vida","Raquel Lyra","Transnordestina"],"articleSection":["Destaque lista","Geral","iNFRATransporte"],"inLanguage":"pt-BR","copyrightYear":"2025","copyrightHolder":{"@id":"https:\/\/agenciainfra.com\/blog\/#organization"}},{"@type":"WebPage","@id":"https:\/\/agenciainfra.com\/blog\/fi-fgts-voltara-a-fazer-investimentos-em-empresas-de-infraestrutura-anuncia-presidente-da-caixa\/","url":"https:\/\/agenciainfra.com\/blog\/fi-fgts-voltara-a-fazer-investimentos-em-empresas-de-infraestrutura-anuncia-presidente-da-caixa\/","name":"FI-FGTS voltar\u00e1 a fazer investimentos em empresas de infraestrutura, anuncia presidente da Caixa - Ag\u00eancia iNFRA","isPartOf":{"@id":"https:\/\/agenciainfra.com\/blog\/#website"},"primaryImageOfPage":{"@id":"https:\/\/agenciainfra.com\/blog\/fi-fgts-voltara-a-fazer-investimentos-em-empresas-de-infraestrutura-anuncia-presidente-da-caixa\/#primaryimage"},"image":{"@id":"https:\/\/agenciainfra.com\/blog\/fi-fgts-voltara-a-fazer-investimentos-em-empresas-de-infraestrutura-anuncia-presidente-da-caixa\/#primaryimage"},"thumbnailUrl":"https:\/\/agenciainfra.com\/blog\/wp-content\/uploads\/2025\/08\/carlos-vieira-foto-jose-cruz-agencia-brasil.png","datePublished":"2025-08-11T14:00:00+00:00","dateModified":"2025-08-12T17:15:25+00:00","breadcrumb":{"@id":"https:\/\/agenciainfra.com\/blog\/fi-fgts-voltara-a-fazer-investimentos-em-empresas-de-infraestrutura-anuncia-presidente-da-caixa\/#breadcrumb"},"inLanguage":"pt-BR","potentialAction":[{"@type":"ReadAction","target":["https:\/\/agenciainfra.com\/blog\/fi-fgts-voltara-a-fazer-investimentos-em-empresas-de-infraestrutura-anuncia-presidente-da-caixa\/"]}]},{"@type":"ImageObject","inLanguage":"pt-BR","@id":"https:\/\/agenciainfra.com\/blog\/fi-fgts-voltara-a-fazer-investimentos-em-empresas-de-infraestrutura-anuncia-presidente-da-caixa\/#primaryimage","url":"https:\/\/agenciainfra.com\/blog\/wp-content\/uploads\/2025\/08\/carlos-vieira-foto-jose-cruz-agencia-brasil.png","contentUrl":"https:\/\/agenciainfra.com\/blog\/wp-content\/uploads\/2025\/08\/carlos-vieira-foto-jose-cruz-agencia-brasil.png","width":1280,"height":765,"caption":"Foto: Jos\u00e9 Cruz\/Ag\u00eancia Brasil"},{"@type":"BreadcrumbList","@id":"https:\/\/agenciainfra.com\/blog\/fi-fgts-voltara-a-fazer-investimentos-em-empresas-de-infraestrutura-anuncia-presidente-da-caixa\/#breadcrumb","itemListElement":[{"@type":"ListItem","position":1,"name":"In\u00edcio","item":"https:\/\/agenciainfra.com\/blog\/"},{"@type":"ListItem","position":2,"name":"FI-FGTS voltar\u00e1 a fazer investimentos em empresas de infraestrutura, anuncia presidente da Caixa"}]},{"@type":"WebSite","@id":"https:\/\/agenciainfra.com\/blog\/#website","url":"https:\/\/agenciainfra.com\/blog\/","name":"Ag\u00eancia iNFRA","description":"Multiplataforma de informa\u00e7\u00e3o jornal\u00edstica refer\u00eancia na \u00e1rea de infraestrutura no Brasil!","publisher":{"@id":"https:\/\/agenciainfra.com\/blog\/#organization"},"potentialAction":[{"@type":"SearchAction","target":{"@type":"EntryPoint","urlTemplate":"https:\/\/agenciainfra.com\/blog\/?s={search_term_string}"},"query-input":{"@type":"PropertyValueSpecification","valueRequired":true,"valueName":"search_term_string"}}],"inLanguage":"pt-BR"},{"@type":"Organization","@id":"https:\/\/agenciainfra.com\/blog\/#organization","name":"Ag\u00eancia iNFRA","url":"https:\/\/agenciainfra.com\/blog\/","logo":{"@type":"ImageObject","inLanguage":"pt-BR","@id":"https:\/\/agenciainfra.com\/blog\/#\/schema\/logo\/image\/","url":"https:\/\/agenciainfra.com\/blog\/wp-content\/uploads\/2023\/09\/iNFRA_5-e1761735885940.png","contentUrl":"https:\/\/agenciainfra.com\/blog\/wp-content\/uploads\/2023\/09\/iNFRA_5-e1761735885940.png","width":1672,"height":454,"caption":"Ag\u00eancia iNFRA"},"image":{"@id":"https:\/\/agenciainfra.com\/blog\/#\/schema\/logo\/image\/"},"sameAs":["https:\/\/www.facebook.com\/ageninfra","https:\/\/x.com\/agencia_infra","https:\/\/www.linkedin.com\/company\/ag\u00eanciainfra\/","https:\/\/www.instagram.com\/agenciainfra\/"]},{"@type":"Person","@id":"https:\/\/agenciainfra.com\/blog\/#\/schema\/person\/34af08dff6adea4cb22b06612ba7acfa","name":"Ag\u00eancia iNFRA","image":{"@type":"ImageObject","inLanguage":"pt-BR","@id":"https:\/\/agenciainfra.com\/blog\/#\/schema\/person\/image\/","url":"https:\/\/secure.gravatar.com\/avatar\/d189e01678f06d8eb84d4e01f08eb848b3fffe3f8443818d3c356c66892f5be8?s=96&d=mm&r=g","contentUrl":"https:\/\/secure.gravatar.com\/avatar\/d189e01678f06d8eb84d4e01f08eb848b3fffe3f8443818d3c356c66892f5be8?s=96&d=mm&r=g","caption":"Ag\u00eancia iNFRA"},"url":"https:\/\/agenciainfra.com\/blog\/author\/admin\/"}]}},"_links":{"self":[{"href":"https:\/\/agenciainfra.com\/blog\/wp-json\/wp\/v2\/posts\/26064","targetHints":{"allow":["GET"]}}],"collection":[{"href":"https:\/\/agenciainfra.com\/blog\/wp-json\/wp\/v2\/posts"}],"about":[{"href":"https:\/\/agenciainfra.com\/blog\/wp-json\/wp\/v2\/types\/post"}],"author":[{"embeddable":true,"href":"https:\/\/agenciainfra.com\/blog\/wp-json\/wp\/v2\/users\/1"}],"replies":[{"embeddable":true,"href":"https:\/\/agenciainfra.com\/blog\/wp-json\/wp\/v2\/comments?post=26064"}],"version-history":[{"count":1,"href":"https:\/\/agenciainfra.com\/blog\/wp-json\/wp\/v2\/posts\/26064\/revisions"}],"predecessor-version":[{"id":26066,"href":"https:\/\/agenciainfra.com\/blog\/wp-json\/wp\/v2\/posts\/26064\/revisions\/26066"}],"wp:featuredmedia":[{"embeddable":true,"href":"https:\/\/agenciainfra.com\/blog\/wp-json\/wp\/v2\/media\/26065"}],"wp:attachment":[{"href":"https:\/\/agenciainfra.com\/blog\/wp-json\/wp\/v2\/media?parent=26064"}],"wp:term":[{"taxonomy":"category","embeddable":true,"href":"https:\/\/agenciainfra.com\/blog\/wp-json\/wp\/v2\/categories?post=26064"},{"taxonomy":"post_tag","embeddable":true,"href":"https:\/\/agenciainfra.com\/blog\/wp-json\/wp\/v2\/tags?post=26064"}],"curies":[{"name":"wp","href":"https:\/\/api.w.org\/{rel}","templated":true}]}}