{"id":2609,"date":"2018-11-13T04:00:03","date_gmt":"2018-11-13T07:00:03","guid":{"rendered":"http:\/\/www.agenciainfra.com\/blog\/?p=2609"},"modified":"2018-11-10T12:35:02","modified_gmt":"2018-11-10T15:35:02","slug":"disputa-por-terminal-em-sc-vai-ao-ministerio-dos-transportes","status":"publish","type":"post","link":"https:\/\/agenciainfra.com\/blog\/disputa-por-terminal-em-sc-vai-ao-ministerio-dos-transportes\/","title":{"rendered":"Disputa por terminal em SC vai ao Minist\u00e9rio dos Transportes"},"content":{"rendered":"<h5 style=\"text-align: right;\"><strong>da Ag\u00eancia iNFRA<\/strong><\/h5>\n<div>\n<p>A ANTAQ (Ag\u00eancia Nacional de Transportes Aquavi\u00e1rios) decidiu, em reuni\u00e3o de diretoria nesta quarta-feira (7) repassar ao minist\u00e9rio dos Transportes, Portos e Avia\u00e7\u00e3o Civil a decis\u00e3o sobre um conflito entre empresas do setor de navega\u00e7\u00e3o por \u00e1rea na Baia da Babitonga, em Santa Catarina.<\/p>\n<p>Conforme adiantou a Ag\u00eancia iNFRA em sua edi\u00e7\u00e3o 410, de 26 de outubro, a\u00a0Golar Power, empresa de transportes de gran\u00e9is l\u00edquidos, pediu para ter registrada na ag\u00eancia uma instala\u00e7\u00e3o de apoio portu\u00e1rio\u00a0para injetar g\u00e1s natural (GNL) de seus navios, que operam no mar.\u00a0H\u00e1, no entanto, uma coincid\u00eancia de \u00e1rea da instala\u00e7\u00e3o portu\u00e1ria\u00a0com\u00a0pedido para constru\u00e7\u00e3o de um TUP (Terminal de Uso Privado) na regi\u00e3o, o TBS (Terminal Brasil Sul), da World Port.<\/p>\n<p>O processo, relatado pelo diretor-geral, M\u00e1rio Povia,\u00a0havia sa\u00eddo de pauta na reuni\u00e3o anterior a pedido do diretor Adalberto Tokarski. Em seu voto proferido na reuni\u00e3o de ontem, Tokarski concordou com a decis\u00e3o de Povia de encaminhar a decis\u00e3o para o poder concedente, j\u00e1 que a ag\u00eancia pode dar as duas autoriza\u00e7\u00f5es, mas haveria conflito na utiliza\u00e7\u00e3o da \u00e1rea.<\/p>\n<p>De acordo com Tokarski, a ideia \u00e9 chamar as empresas para tentar uma solu\u00e7\u00e3o que possa manter os dois investimentos.<\/p>\n<p>Al\u00e9m desse processo, os diretores votaram autoriza\u00e7\u00f5es para que prefeituras de munic\u00edpios litor\u00e2neos como B\u00fazios, Angra dos Reis e Ubatuba\u00a0passam fazer os registros de trapiches usados para receber embarca\u00e7\u00f5es de apoio de turistas que fazer cruzeiros mar\u00edtimos. Os diretores da ag\u00eancia entenderam que esse tipo de estrutura pode ser registrada de maneira mais simplificada e de forma permanente.<\/p>\n<p>A diretoria tamb\u00e9m aprovou TUP (Terminal de Uso Privado) da\u00a0UTE GNA I Gera\u00e7\u00e3o de Energia\u00a0em S\u00e3o Jo\u00e3o da Barra (RJ) com 141 mil metros quadrados para movimenta\u00e7\u00e3o e armazenagem de granel l\u00edquido e gasoso.<\/p>\n<\/div>\n","protected":false},"excerpt":{"rendered":"<p>da Ag\u00eancia iNFRA A ANTAQ (Ag\u00eancia Nacional de Transportes Aquavi\u00e1rios) decidiu, em reuni\u00e3o de diretoria nesta quarta-feira (7) repassar ao minist\u00e9rio dos Transportes, Portos e Avia\u00e7\u00e3o Civil a decis\u00e3o sobre um conflito entre empresas do setor de navega\u00e7\u00e3o por \u00e1rea na Baia da Babitonga, em Santa Catarina. Conforme adiantou a Ag\u00eancia iNFRA em sua edi\u00e7\u00e3o [&hellip;]<\/p>\n","protected":false},"author":1,"featured_media":2577,"comment_status":"closed","ping_status":"open","sticky":false,"template":"","format":"standard","meta":{"_monsterinsights_skip_tracking":false,"_monsterinsights_sitenote_active":false,"_monsterinsights_sitenote_note":"","_monsterinsights_sitenote_category":0,"footnotes":""},"categories":[7],"tags":[656,667,34,106,669,668,104,657],"class_list":["post-2609","post","type-post","status-publish","format-standard","has-post-thumbnail","hentry","category-infratransporte","tag-babitonga","tag-golar","tag-infraestrutura","tag-navegacao","tag-navio","tag-santa-catarina","tag-terminal","tag-world-port"],"yoast_head":"<!-- This site is optimized with the Yoast SEO Premium plugin v25.4 (Yoast SEO v26.0) - https:\/\/yoast.com\/wordpress\/plugins\/seo\/ -->\n<title>Disputa por terminal em SC vai ao Minist\u00e9rio dos Transportes - Ag\u00eancia iNFRA<\/title>\n<meta name=\"robots\" content=\"index, follow, max-snippet:-1, max-image-preview:large, max-video-preview:-1\" \/>\n<link rel=\"canonical\" href=\"https:\/\/agenciainfra.com\/blog\/disputa-por-terminal-em-sc-vai-ao-ministerio-dos-transportes\/\" \/>\n<meta property=\"og:locale\" content=\"pt_BR\" \/>\n<meta property=\"og:type\" content=\"article\" \/>\n<meta property=\"og:title\" content=\"Disputa por terminal em SC vai ao Minist\u00e9rio dos Transportes\" \/>\n<meta property=\"og:description\" content=\"da Ag\u00eancia iNFRA A ANTAQ (Ag\u00eancia Nacional de Transportes Aquavi\u00e1rios) decidiu, em reuni\u00e3o de diretoria nesta quarta-feira (7) repassar ao minist\u00e9rio dos Transportes, Portos e Avia\u00e7\u00e3o Civil a decis\u00e3o sobre um conflito entre empresas do setor de navega\u00e7\u00e3o por \u00e1rea na Baia da Babitonga, em Santa Catarina. Conforme adiantou a Ag\u00eancia iNFRA em sua edi\u00e7\u00e3o [&hellip;]\" \/>\n<meta property=\"og:url\" content=\"https:\/\/agenciainfra.com\/blog\/disputa-por-terminal-em-sc-vai-ao-ministerio-dos-transportes\/\" \/>\n<meta property=\"og:site_name\" content=\"Ag\u00eancia iNFRA\" \/>\n<meta property=\"article:publisher\" content=\"https:\/\/www.facebook.com\/ageninfra\" \/>\n<meta property=\"article:published_time\" content=\"2018-11-13T07:00:03+00:00\" \/>\n<meta property=\"og:image\" content=\"https:\/\/agenciainfra.com\/blog\/wp-content\/uploads\/2018\/10\/portobrasisul_divulgacao.jpg\" \/>\n\t<meta property=\"og:image:width\" content=\"300\" \/>\n\t<meta property=\"og:image:height\" content=\"168\" \/>\n\t<meta property=\"og:image:type\" content=\"image\/jpeg\" \/>\n<meta name=\"author\" content=\"Ag\u00eancia iNFRA\" \/>\n<meta name=\"twitter:card\" content=\"summary_large_image\" \/>\n<meta name=\"twitter:creator\" content=\"@agencia_infra\" \/>\n<meta name=\"twitter:site\" content=\"@agencia_infra\" \/>\n<meta name=\"twitter:label1\" content=\"Escrito por\" \/>\n\t<meta name=\"twitter:data1\" content=\"Ag\u00eancia iNFRA\" \/>\n\t<meta name=\"twitter:label2\" content=\"Est. tempo de leitura\" \/>\n\t<meta name=\"twitter:data2\" content=\"2 minutos\" \/>\n<script type=\"application\/ld+json\" class=\"yoast-schema-graph\">{\"@context\":\"https:\/\/schema.org\",\"@graph\":[{\"@type\":\"Article\",\"@id\":\"https:\/\/agenciainfra.com\/blog\/disputa-por-terminal-em-sc-vai-ao-ministerio-dos-transportes\/#article\",\"isPartOf\":{\"@id\":\"https:\/\/agenciainfra.com\/blog\/disputa-por-terminal-em-sc-vai-ao-ministerio-dos-transportes\/\"},\"author\":{\"name\":\"Ag\u00eancia iNFRA\",\"@id\":\"https:\/\/agenciainfra.com\/blog\/#\/schema\/person\/34af08dff6adea4cb22b06612ba7acfa\"},\"headline\":\"Disputa por terminal em SC vai ao Minist\u00e9rio dos Transportes\",\"datePublished\":\"2018-11-13T07:00:03+00:00\",\"mainEntityOfPage\":{\"@id\":\"https:\/\/agenciainfra.com\/blog\/disputa-por-terminal-em-sc-vai-ao-ministerio-dos-transportes\/\"},\"wordCount\":348,\"publisher\":{\"@id\":\"https:\/\/agenciainfra.com\/blog\/#organization\"},\"image\":{\"@id\":\"https:\/\/agenciainfra.com\/blog\/disputa-por-terminal-em-sc-vai-ao-ministerio-dos-transportes\/#primaryimage\"},\"thumbnailUrl\":\"https:\/\/agenciainfra.com\/blog\/wp-content\/uploads\/2018\/10\/portobrasisul_divulgacao.jpg\",\"keywords\":[\"Babitonga\",\"Golar\",\"Infraestrutura\",\"Navega\u00e7\u00e3o\",\"Navio\",\"Santa Catarina\",\"Terminal\",\"World Port\"],\"articleSection\":[\"iNFRATransporte\"],\"inLanguage\":\"pt-BR\",\"copyrightYear\":\"2018\",\"copyrightHolder\":{\"@id\":\"https:\/\/agenciainfra.com\/blog\/#organization\"}},{\"@type\":\"WebPage\",\"@id\":\"https:\/\/agenciainfra.com\/blog\/disputa-por-terminal-em-sc-vai-ao-ministerio-dos-transportes\/\",\"url\":\"https:\/\/agenciainfra.com\/blog\/disputa-por-terminal-em-sc-vai-ao-ministerio-dos-transportes\/\",\"name\":\"Disputa por terminal em SC vai ao Minist\u00e9rio dos Transportes - Ag\u00eancia iNFRA\",\"isPartOf\":{\"@id\":\"https:\/\/agenciainfra.com\/blog\/#website\"},\"primaryImageOfPage\":{\"@id\":\"https:\/\/agenciainfra.com\/blog\/disputa-por-terminal-em-sc-vai-ao-ministerio-dos-transportes\/#primaryimage\"},\"image\":{\"@id\":\"https:\/\/agenciainfra.com\/blog\/disputa-por-terminal-em-sc-vai-ao-ministerio-dos-transportes\/#primaryimage\"},\"thumbnailUrl\":\"https:\/\/agenciainfra.com\/blog\/wp-content\/uploads\/2018\/10\/portobrasisul_divulgacao.jpg\",\"datePublished\":\"2018-11-13T07:00:03+00:00\",\"breadcrumb\":{\"@id\":\"https:\/\/agenciainfra.com\/blog\/disputa-por-terminal-em-sc-vai-ao-ministerio-dos-transportes\/#breadcrumb\"},\"inLanguage\":\"pt-BR\",\"potentialAction\":[{\"@type\":\"ReadAction\",\"target\":[\"https:\/\/agenciainfra.com\/blog\/disputa-por-terminal-em-sc-vai-ao-ministerio-dos-transportes\/\"]}]},{\"@type\":\"ImageObject\",\"inLanguage\":\"pt-BR\",\"@id\":\"https:\/\/agenciainfra.com\/blog\/disputa-por-terminal-em-sc-vai-ao-ministerio-dos-transportes\/#primaryimage\",\"url\":\"https:\/\/agenciainfra.com\/blog\/wp-content\/uploads\/2018\/10\/portobrasisul_divulgacao.jpg\",\"contentUrl\":\"https:\/\/agenciainfra.com\/blog\/wp-content\/uploads\/2018\/10\/portobrasisul_divulgacao.jpg\",\"width\":300,\"height\":168},{\"@type\":\"BreadcrumbList\",\"@id\":\"https:\/\/agenciainfra.com\/blog\/disputa-por-terminal-em-sc-vai-ao-ministerio-dos-transportes\/#breadcrumb\",\"itemListElement\":[{\"@type\":\"ListItem\",\"position\":1,\"name\":\"In\u00edcio\",\"item\":\"https:\/\/agenciainfra.com\/blog\/\"},{\"@type\":\"ListItem\",\"position\":2,\"name\":\"Disputa por terminal em SC vai ao Minist\u00e9rio dos Transportes\"}]},{\"@type\":\"WebSite\",\"@id\":\"https:\/\/agenciainfra.com\/blog\/#website\",\"url\":\"https:\/\/agenciainfra.com\/blog\/\",\"name\":\"Ag\u00eancia iNFRA\",\"description\":\"Multiplataforma de informa\u00e7\u00e3o jornal\u00edstica refer\u00eancia na \u00e1rea de infraestrutura no Brasil!\",\"publisher\":{\"@id\":\"https:\/\/agenciainfra.com\/blog\/#organization\"},\"potentialAction\":[{\"@type\":\"SearchAction\",\"target\":{\"@type\":\"EntryPoint\",\"urlTemplate\":\"https:\/\/agenciainfra.com\/blog\/?s={search_term_string}\"},\"query-input\":{\"@type\":\"PropertyValueSpecification\",\"valueRequired\":true,\"valueName\":\"search_term_string\"}}],\"inLanguage\":\"pt-BR\"},{\"@type\":\"Organization\",\"@id\":\"https:\/\/agenciainfra.com\/blog\/#organization\",\"name\":\"Ag\u00eancia iNFRA\",\"url\":\"https:\/\/agenciainfra.com\/blog\/\",\"logo\":{\"@type\":\"ImageObject\",\"inLanguage\":\"pt-BR\",\"@id\":\"https:\/\/agenciainfra.com\/blog\/#\/schema\/logo\/image\/\",\"url\":\"https:\/\/agenciainfra.com\/blog\/wp-content\/uploads\/2023\/09\/iNFRA_5-e1761735885940.png\",\"contentUrl\":\"https:\/\/agenciainfra.com\/blog\/wp-content\/uploads\/2023\/09\/iNFRA_5-e1761735885940.png\",\"width\":1672,\"height\":454,\"caption\":\"Ag\u00eancia iNFRA\"},\"image\":{\"@id\":\"https:\/\/agenciainfra.com\/blog\/#\/schema\/logo\/image\/\"},\"sameAs\":[\"https:\/\/www.facebook.com\/ageninfra\",\"https:\/\/x.com\/agencia_infra\",\"https:\/\/www.linkedin.com\/company\/ag\u00eanciainfra\/\",\"https:\/\/www.instagram.com\/agenciainfra\/\"]},{\"@type\":\"Person\",\"@id\":\"https:\/\/agenciainfra.com\/blog\/#\/schema\/person\/34af08dff6adea4cb22b06612ba7acfa\",\"name\":\"Ag\u00eancia iNFRA\",\"image\":{\"@type\":\"ImageObject\",\"inLanguage\":\"pt-BR\",\"@id\":\"https:\/\/agenciainfra.com\/blog\/#\/schema\/person\/image\/\",\"url\":\"https:\/\/secure.gravatar.com\/avatar\/d189e01678f06d8eb84d4e01f08eb848b3fffe3f8443818d3c356c66892f5be8?s=96&d=mm&r=g\",\"contentUrl\":\"https:\/\/secure.gravatar.com\/avatar\/d189e01678f06d8eb84d4e01f08eb848b3fffe3f8443818d3c356c66892f5be8?s=96&d=mm&r=g\",\"caption\":\"Ag\u00eancia iNFRA\"},\"url\":\"https:\/\/agenciainfra.com\/blog\/author\/admin\/\"}]}<\/script>\n<!-- \/ Yoast SEO Premium plugin. -->","yoast_head_json":{"title":"Disputa por terminal em SC vai ao Minist\u00e9rio dos Transportes - Ag\u00eancia iNFRA","robots":{"index":"index","follow":"follow","max-snippet":"max-snippet:-1","max-image-preview":"max-image-preview:large","max-video-preview":"max-video-preview:-1"},"canonical":"https:\/\/agenciainfra.com\/blog\/disputa-por-terminal-em-sc-vai-ao-ministerio-dos-transportes\/","og_locale":"pt_BR","og_type":"article","og_title":"Disputa por terminal em SC vai ao Minist\u00e9rio dos Transportes","og_description":"da Ag\u00eancia iNFRA A ANTAQ (Ag\u00eancia Nacional de Transportes Aquavi\u00e1rios) decidiu, em reuni\u00e3o de diretoria nesta quarta-feira (7) repassar ao minist\u00e9rio dos Transportes, Portos e Avia\u00e7\u00e3o Civil a decis\u00e3o sobre um conflito entre empresas do setor de navega\u00e7\u00e3o por \u00e1rea na Baia da Babitonga, em Santa Catarina. Conforme adiantou a Ag\u00eancia iNFRA em sua edi\u00e7\u00e3o [&hellip;]","og_url":"https:\/\/agenciainfra.com\/blog\/disputa-por-terminal-em-sc-vai-ao-ministerio-dos-transportes\/","og_site_name":"Ag\u00eancia iNFRA","article_publisher":"https:\/\/www.facebook.com\/ageninfra","article_published_time":"2018-11-13T07:00:03+00:00","og_image":[{"width":300,"height":168,"url":"https:\/\/agenciainfra.com\/blog\/wp-content\/uploads\/2018\/10\/portobrasisul_divulgacao.jpg","type":"image\/jpeg"}],"author":"Ag\u00eancia iNFRA","twitter_card":"summary_large_image","twitter_creator":"@agencia_infra","twitter_site":"@agencia_infra","twitter_misc":{"Escrito por":"Ag\u00eancia iNFRA","Est. tempo de leitura":"2 minutos"},"schema":{"@context":"https:\/\/schema.org","@graph":[{"@type":"Article","@id":"https:\/\/agenciainfra.com\/blog\/disputa-por-terminal-em-sc-vai-ao-ministerio-dos-transportes\/#article","isPartOf":{"@id":"https:\/\/agenciainfra.com\/blog\/disputa-por-terminal-em-sc-vai-ao-ministerio-dos-transportes\/"},"author":{"name":"Ag\u00eancia iNFRA","@id":"https:\/\/agenciainfra.com\/blog\/#\/schema\/person\/34af08dff6adea4cb22b06612ba7acfa"},"headline":"Disputa por terminal em SC vai ao Minist\u00e9rio dos Transportes","datePublished":"2018-11-13T07:00:03+00:00","mainEntityOfPage":{"@id":"https:\/\/agenciainfra.com\/blog\/disputa-por-terminal-em-sc-vai-ao-ministerio-dos-transportes\/"},"wordCount":348,"publisher":{"@id":"https:\/\/agenciainfra.com\/blog\/#organization"},"image":{"@id":"https:\/\/agenciainfra.com\/blog\/disputa-por-terminal-em-sc-vai-ao-ministerio-dos-transportes\/#primaryimage"},"thumbnailUrl":"https:\/\/agenciainfra.com\/blog\/wp-content\/uploads\/2018\/10\/portobrasisul_divulgacao.jpg","keywords":["Babitonga","Golar","Infraestrutura","Navega\u00e7\u00e3o","Navio","Santa Catarina","Terminal","World Port"],"articleSection":["iNFRATransporte"],"inLanguage":"pt-BR","copyrightYear":"2018","copyrightHolder":{"@id":"https:\/\/agenciainfra.com\/blog\/#organization"}},{"@type":"WebPage","@id":"https:\/\/agenciainfra.com\/blog\/disputa-por-terminal-em-sc-vai-ao-ministerio-dos-transportes\/","url":"https:\/\/agenciainfra.com\/blog\/disputa-por-terminal-em-sc-vai-ao-ministerio-dos-transportes\/","name":"Disputa por terminal em SC vai ao Minist\u00e9rio dos Transportes - Ag\u00eancia iNFRA","isPartOf":{"@id":"https:\/\/agenciainfra.com\/blog\/#website"},"primaryImageOfPage":{"@id":"https:\/\/agenciainfra.com\/blog\/disputa-por-terminal-em-sc-vai-ao-ministerio-dos-transportes\/#primaryimage"},"image":{"@id":"https:\/\/agenciainfra.com\/blog\/disputa-por-terminal-em-sc-vai-ao-ministerio-dos-transportes\/#primaryimage"},"thumbnailUrl":"https:\/\/agenciainfra.com\/blog\/wp-content\/uploads\/2018\/10\/portobrasisul_divulgacao.jpg","datePublished":"2018-11-13T07:00:03+00:00","breadcrumb":{"@id":"https:\/\/agenciainfra.com\/blog\/disputa-por-terminal-em-sc-vai-ao-ministerio-dos-transportes\/#breadcrumb"},"inLanguage":"pt-BR","potentialAction":[{"@type":"ReadAction","target":["https:\/\/agenciainfra.com\/blog\/disputa-por-terminal-em-sc-vai-ao-ministerio-dos-transportes\/"]}]},{"@type":"ImageObject","inLanguage":"pt-BR","@id":"https:\/\/agenciainfra.com\/blog\/disputa-por-terminal-em-sc-vai-ao-ministerio-dos-transportes\/#primaryimage","url":"https:\/\/agenciainfra.com\/blog\/wp-content\/uploads\/2018\/10\/portobrasisul_divulgacao.jpg","contentUrl":"https:\/\/agenciainfra.com\/blog\/wp-content\/uploads\/2018\/10\/portobrasisul_divulgacao.jpg","width":300,"height":168},{"@type":"BreadcrumbList","@id":"https:\/\/agenciainfra.com\/blog\/disputa-por-terminal-em-sc-vai-ao-ministerio-dos-transportes\/#breadcrumb","itemListElement":[{"@type":"ListItem","position":1,"name":"In\u00edcio","item":"https:\/\/agenciainfra.com\/blog\/"},{"@type":"ListItem","position":2,"name":"Disputa por terminal em SC vai ao Minist\u00e9rio dos Transportes"}]},{"@type":"WebSite","@id":"https:\/\/agenciainfra.com\/blog\/#website","url":"https:\/\/agenciainfra.com\/blog\/","name":"Ag\u00eancia iNFRA","description":"Multiplataforma de informa\u00e7\u00e3o jornal\u00edstica refer\u00eancia na \u00e1rea de infraestrutura no Brasil!","publisher":{"@id":"https:\/\/agenciainfra.com\/blog\/#organization"},"potentialAction":[{"@type":"SearchAction","target":{"@type":"EntryPoint","urlTemplate":"https:\/\/agenciainfra.com\/blog\/?s={search_term_string}"},"query-input":{"@type":"PropertyValueSpecification","valueRequired":true,"valueName":"search_term_string"}}],"inLanguage":"pt-BR"},{"@type":"Organization","@id":"https:\/\/agenciainfra.com\/blog\/#organization","name":"Ag\u00eancia iNFRA","url":"https:\/\/agenciainfra.com\/blog\/","logo":{"@type":"ImageObject","inLanguage":"pt-BR","@id":"https:\/\/agenciainfra.com\/blog\/#\/schema\/logo\/image\/","url":"https:\/\/agenciainfra.com\/blog\/wp-content\/uploads\/2023\/09\/iNFRA_5-e1761735885940.png","contentUrl":"https:\/\/agenciainfra.com\/blog\/wp-content\/uploads\/2023\/09\/iNFRA_5-e1761735885940.png","width":1672,"height":454,"caption":"Ag\u00eancia iNFRA"},"image":{"@id":"https:\/\/agenciainfra.com\/blog\/#\/schema\/logo\/image\/"},"sameAs":["https:\/\/www.facebook.com\/ageninfra","https:\/\/x.com\/agencia_infra","https:\/\/www.linkedin.com\/company\/ag\u00eanciainfra\/","https:\/\/www.instagram.com\/agenciainfra\/"]},{"@type":"Person","@id":"https:\/\/agenciainfra.com\/blog\/#\/schema\/person\/34af08dff6adea4cb22b06612ba7acfa","name":"Ag\u00eancia iNFRA","image":{"@type":"ImageObject","inLanguage":"pt-BR","@id":"https:\/\/agenciainfra.com\/blog\/#\/schema\/person\/image\/","url":"https:\/\/secure.gravatar.com\/avatar\/d189e01678f06d8eb84d4e01f08eb848b3fffe3f8443818d3c356c66892f5be8?s=96&d=mm&r=g","contentUrl":"https:\/\/secure.gravatar.com\/avatar\/d189e01678f06d8eb84d4e01f08eb848b3fffe3f8443818d3c356c66892f5be8?s=96&d=mm&r=g","caption":"Ag\u00eancia iNFRA"},"url":"https:\/\/agenciainfra.com\/blog\/author\/admin\/"}]}},"_links":{"self":[{"href":"https:\/\/agenciainfra.com\/blog\/wp-json\/wp\/v2\/posts\/2609","targetHints":{"allow":["GET"]}}],"collection":[{"href":"https:\/\/agenciainfra.com\/blog\/wp-json\/wp\/v2\/posts"}],"about":[{"href":"https:\/\/agenciainfra.com\/blog\/wp-json\/wp\/v2\/types\/post"}],"author":[{"embeddable":true,"href":"https:\/\/agenciainfra.com\/blog\/wp-json\/wp\/v2\/users\/1"}],"replies":[{"embeddable":true,"href":"https:\/\/agenciainfra.com\/blog\/wp-json\/wp\/v2\/comments?post=2609"}],"version-history":[{"count":0,"href":"https:\/\/agenciainfra.com\/blog\/wp-json\/wp\/v2\/posts\/2609\/revisions"}],"wp:featuredmedia":[{"embeddable":true,"href":"https:\/\/agenciainfra.com\/blog\/wp-json\/wp\/v2\/media\/2577"}],"wp:attachment":[{"href":"https:\/\/agenciainfra.com\/blog\/wp-json\/wp\/v2\/media?parent=2609"}],"wp:term":[{"taxonomy":"category","embeddable":true,"href":"https:\/\/agenciainfra.com\/blog\/wp-json\/wp\/v2\/categories?post=2609"},{"taxonomy":"post_tag","embeddable":true,"href":"https:\/\/agenciainfra.com\/blog\/wp-json\/wp\/v2\/tags?post=2609"}],"curies":[{"name":"wp","href":"https:\/\/api.w.org\/{rel}","templated":true}]}}