{"id":26104,"date":"2025-08-12T08:52:51","date_gmt":"2025-08-12T11:52:51","guid":{"rendered":"https:\/\/agenciainfra.com\/blog\/?p=26104"},"modified":"2025-08-12T20:21:26","modified_gmt":"2025-08-12T23:21:26","slug":"ministerio-de-portos-e-aeroportos-oficializa-substituicoes-em-secretarias","status":"publish","type":"post","link":"https:\/\/agenciainfra.com\/blog\/ministerio-de-portos-e-aeroportos-oficializa-substituicoes-em-secretarias\/","title":{"rendered":"Minist\u00e9rio de Portos e Aeroportos oficializa substitui\u00e7\u00f5es em secretarias"},"content":{"rendered":"\n<p class=\"has-text-align-right\"><strong>da Ag\u00eancia iNFRA<\/strong><\/p>\n\n\n\n<p>O Minist\u00e9rio de Portos e Aeroportos oficializou, nesta ter\u00e7a-feira (12), a exonera\u00e7\u00e3o de Mariana Pescatori do cargo de secret\u00e1ria-executiva, em <a href=\"https:\/\/pesquisa.in.gov.br\/imprensa\/jsp\/visualiza\/index.jsp?data=12\/08\/2025&amp;jornal=529&amp;pagina=2&amp;totalArquivos=91\">ato publicado<\/a> no Di\u00e1rio Oficial da Uni\u00e3o. Ela deixa o cargo e vai atuar no setor privado.<\/p>\n\n\n\n<p>Para seu lugar foi nomeado Tom\u00e9 Franca, atual secret\u00e1rio de Aeroportos da pasta, que ser\u00e1 substitu\u00eddo por Daniel Longo, ent\u00e3o diretor do Departamento de Outorgas da Secretaria de Aeroportos. Longo ser\u00e1 substitu\u00eddo por Clarissa Costa de Barros.<\/p>\n","protected":false},"excerpt":{"rendered":"<p>da Ag\u00eancia iNFRA O Minist\u00e9rio de Portos e Aeroportos oficializou, nesta ter\u00e7a-feira (12), a exonera\u00e7\u00e3o de Mariana Pescatori do cargo de secret\u00e1ria-executiva, em ato publicado no Di\u00e1rio Oficial da Uni\u00e3o. Ela deixa o cargo e vai atuar no setor privado. Para seu lugar foi nomeado Tom\u00e9 Franca, atual secret\u00e1rio de Aeroportos da pasta, que ser\u00e1 [&hellip;]<\/p>\n","protected":false},"author":1,"featured_media":23213,"comment_status":"closed","ping_status":"closed","sticky":false,"template":"","format":"standard","meta":{"_monsterinsights_skip_tracking":false,"_monsterinsights_sitenote_active":false,"_monsterinsights_sitenote_note":"","_monsterinsights_sitenote_category":0,"footnotes":""},"categories":[1,7],"tags":[14803,14455,4430,6257,14802,9832],"class_list":["post-26104","post","type-post","status-publish","format-standard","has-post-thumbnail","hentry","category-geral","category-infratransporte","tag-clarissa-costa-de-barros","tag-daniel-longo","tag-mariana-pescatori","tag-ministerio-de-portos-e-aeroportos","tag-secretaria-de-aeroportos","tag-tome-franca"],"yoast_head":"<!-- This site is optimized with the Yoast SEO Premium plugin v25.4 (Yoast SEO v26.0) - https:\/\/yoast.com\/wordpress\/plugins\/seo\/ -->\n<title>Minist\u00e9rio de Portos e Aeroportos oficializa substitui\u00e7\u00f5es em secretarias - Ag\u00eancia iNFRA<\/title>\n<meta name=\"robots\" content=\"index, follow, max-snippet:-1, max-image-preview:large, max-video-preview:-1\" \/>\n<link rel=\"canonical\" href=\"https:\/\/agenciainfra.com\/blog\/ministerio-de-portos-e-aeroportos-oficializa-substituicoes-em-secretarias\/\" \/>\n<meta property=\"og:locale\" content=\"pt_BR\" \/>\n<meta property=\"og:type\" content=\"article\" \/>\n<meta property=\"og:title\" content=\"Minist\u00e9rio de Portos e Aeroportos oficializa substitui\u00e7\u00f5es em secretarias\" \/>\n<meta property=\"og:description\" content=\"da Ag\u00eancia iNFRA O Minist\u00e9rio de Portos e Aeroportos oficializou, nesta ter\u00e7a-feira (12), a exonera\u00e7\u00e3o de Mariana Pescatori do cargo de secret\u00e1ria-executiva, em ato publicado no Di\u00e1rio Oficial da Uni\u00e3o. Ela deixa o cargo e vai atuar no setor privado. Para seu lugar foi nomeado Tom\u00e9 Franca, atual secret\u00e1rio de Aeroportos da pasta, que ser\u00e1 [&hellip;]\" \/>\n<meta property=\"og:url\" content=\"https:\/\/agenciainfra.com\/blog\/ministerio-de-portos-e-aeroportos-oficializa-substituicoes-em-secretarias\/\" \/>\n<meta property=\"og:site_name\" content=\"Ag\u00eancia iNFRA\" \/>\n<meta property=\"article:publisher\" content=\"https:\/\/www.facebook.com\/ageninfra\" \/>\n<meta property=\"article:published_time\" content=\"2025-08-12T11:52:51+00:00\" \/>\n<meta property=\"article:modified_time\" content=\"2025-08-12T23:21:26+00:00\" \/>\n<meta property=\"og:image\" content=\"https:\/\/agenciainfra.com\/blog\/wp-content\/uploads\/2025\/06\/Mariana-Pescatori-foto-Percio-Campos-scaled-e1750281806449.jpg\" \/>\n\t<meta property=\"og:image:width\" content=\"1280\" \/>\n\t<meta property=\"og:image:height\" content=\"854\" \/>\n\t<meta property=\"og:image:type\" content=\"image\/jpeg\" \/>\n<meta name=\"author\" content=\"Ag\u00eancia iNFRA\" \/>\n<meta name=\"twitter:card\" content=\"summary_large_image\" \/>\n<meta name=\"twitter:creator\" content=\"@agencia_infra\" \/>\n<meta name=\"twitter:site\" content=\"@agencia_infra\" \/>\n<meta name=\"twitter:label1\" content=\"Escrito por\" \/>\n\t<meta name=\"twitter:data1\" content=\"Ag\u00eancia iNFRA\" \/>\n<script type=\"application\/ld+json\" class=\"yoast-schema-graph\">{\"@context\":\"https:\/\/schema.org\",\"@graph\":[{\"@type\":\"Article\",\"@id\":\"https:\/\/agenciainfra.com\/blog\/ministerio-de-portos-e-aeroportos-oficializa-substituicoes-em-secretarias\/#article\",\"isPartOf\":{\"@id\":\"https:\/\/agenciainfra.com\/blog\/ministerio-de-portos-e-aeroportos-oficializa-substituicoes-em-secretarias\/\"},\"author\":{\"name\":\"Ag\u00eancia iNFRA\",\"@id\":\"https:\/\/agenciainfra.com\/blog\/#\/schema\/person\/34af08dff6adea4cb22b06612ba7acfa\"},\"headline\":\"Minist\u00e9rio de Portos e Aeroportos oficializa substitui\u00e7\u00f5es em secretarias\",\"datePublished\":\"2025-08-12T11:52:51+00:00\",\"dateModified\":\"2025-08-12T23:21:26+00:00\",\"mainEntityOfPage\":{\"@id\":\"https:\/\/agenciainfra.com\/blog\/ministerio-de-portos-e-aeroportos-oficializa-substituicoes-em-secretarias\/\"},\"wordCount\":98,\"publisher\":{\"@id\":\"https:\/\/agenciainfra.com\/blog\/#organization\"},\"image\":{\"@id\":\"https:\/\/agenciainfra.com\/blog\/ministerio-de-portos-e-aeroportos-oficializa-substituicoes-em-secretarias\/#primaryimage\"},\"thumbnailUrl\":\"https:\/\/agenciainfra.com\/blog\/wp-content\/uploads\/2025\/06\/Mariana-Pescatori-foto-Percio-Campos-scaled-e1750281806449.jpg\",\"keywords\":[\"Clarissa Costa de Barros\",\"Daniel Longo\",\"Mariana Pescatori\",\"Minist\u00e9rio de Portos e Aeroportos\",\"Secretaria de Aeroportos\",\"Tom\u00e9 Franca\"],\"articleSection\":[\"Geral\",\"iNFRATransporte\"],\"inLanguage\":\"pt-BR\",\"copyrightYear\":\"2025\",\"copyrightHolder\":{\"@id\":\"https:\/\/agenciainfra.com\/blog\/#organization\"}},{\"@type\":\"WebPage\",\"@id\":\"https:\/\/agenciainfra.com\/blog\/ministerio-de-portos-e-aeroportos-oficializa-substituicoes-em-secretarias\/\",\"url\":\"https:\/\/agenciainfra.com\/blog\/ministerio-de-portos-e-aeroportos-oficializa-substituicoes-em-secretarias\/\",\"name\":\"Minist\u00e9rio de Portos e Aeroportos oficializa substitui\u00e7\u00f5es em secretarias - Ag\u00eancia iNFRA\",\"isPartOf\":{\"@id\":\"https:\/\/agenciainfra.com\/blog\/#website\"},\"primaryImageOfPage\":{\"@id\":\"https:\/\/agenciainfra.com\/blog\/ministerio-de-portos-e-aeroportos-oficializa-substituicoes-em-secretarias\/#primaryimage\"},\"image\":{\"@id\":\"https:\/\/agenciainfra.com\/blog\/ministerio-de-portos-e-aeroportos-oficializa-substituicoes-em-secretarias\/#primaryimage\"},\"thumbnailUrl\":\"https:\/\/agenciainfra.com\/blog\/wp-content\/uploads\/2025\/06\/Mariana-Pescatori-foto-Percio-Campos-scaled-e1750281806449.jpg\",\"datePublished\":\"2025-08-12T11:52:51+00:00\",\"dateModified\":\"2025-08-12T23:21:26+00:00\",\"breadcrumb\":{\"@id\":\"https:\/\/agenciainfra.com\/blog\/ministerio-de-portos-e-aeroportos-oficializa-substituicoes-em-secretarias\/#breadcrumb\"},\"inLanguage\":\"pt-BR\",\"potentialAction\":[{\"@type\":\"ReadAction\",\"target\":[\"https:\/\/agenciainfra.com\/blog\/ministerio-de-portos-e-aeroportos-oficializa-substituicoes-em-secretarias\/\"]}]},{\"@type\":\"ImageObject\",\"inLanguage\":\"pt-BR\",\"@id\":\"https:\/\/agenciainfra.com\/blog\/ministerio-de-portos-e-aeroportos-oficializa-substituicoes-em-secretarias\/#primaryimage\",\"url\":\"https:\/\/agenciainfra.com\/blog\/wp-content\/uploads\/2025\/06\/Mariana-Pescatori-foto-Percio-Campos-scaled-e1750281806449.jpg\",\"contentUrl\":\"https:\/\/agenciainfra.com\/blog\/wp-content\/uploads\/2025\/06\/Mariana-Pescatori-foto-Percio-Campos-scaled-e1750281806449.jpg\",\"width\":1280,\"height\":854,\"caption\":\"Foto: Percio Campos\/Ag\u00eancia iNFRA\"},{\"@type\":\"BreadcrumbList\",\"@id\":\"https:\/\/agenciainfra.com\/blog\/ministerio-de-portos-e-aeroportos-oficializa-substituicoes-em-secretarias\/#breadcrumb\",\"itemListElement\":[{\"@type\":\"ListItem\",\"position\":1,\"name\":\"In\u00edcio\",\"item\":\"https:\/\/agenciainfra.com\/blog\/\"},{\"@type\":\"ListItem\",\"position\":2,\"name\":\"Minist\u00e9rio de Portos e Aeroportos oficializa substitui\u00e7\u00f5es em secretarias\"}]},{\"@type\":\"WebSite\",\"@id\":\"https:\/\/agenciainfra.com\/blog\/#website\",\"url\":\"https:\/\/agenciainfra.com\/blog\/\",\"name\":\"Ag\u00eancia iNFRA\",\"description\":\"Multiplataforma de informa\u00e7\u00e3o jornal\u00edstica refer\u00eancia na \u00e1rea de infraestrutura no Brasil!\",\"publisher\":{\"@id\":\"https:\/\/agenciainfra.com\/blog\/#organization\"},\"potentialAction\":[{\"@type\":\"SearchAction\",\"target\":{\"@type\":\"EntryPoint\",\"urlTemplate\":\"https:\/\/agenciainfra.com\/blog\/?s={search_term_string}\"},\"query-input\":{\"@type\":\"PropertyValueSpecification\",\"valueRequired\":true,\"valueName\":\"search_term_string\"}}],\"inLanguage\":\"pt-BR\"},{\"@type\":\"Organization\",\"@id\":\"https:\/\/agenciainfra.com\/blog\/#organization\",\"name\":\"Ag\u00eancia iNFRA\",\"url\":\"https:\/\/agenciainfra.com\/blog\/\",\"logo\":{\"@type\":\"ImageObject\",\"inLanguage\":\"pt-BR\",\"@id\":\"https:\/\/agenciainfra.com\/blog\/#\/schema\/logo\/image\/\",\"url\":\"https:\/\/agenciainfra.com\/blog\/wp-content\/uploads\/2023\/09\/iNFRA_5-e1761735885940.png\",\"contentUrl\":\"https:\/\/agenciainfra.com\/blog\/wp-content\/uploads\/2023\/09\/iNFRA_5-e1761735885940.png\",\"width\":1672,\"height\":454,\"caption\":\"Ag\u00eancia iNFRA\"},\"image\":{\"@id\":\"https:\/\/agenciainfra.com\/blog\/#\/schema\/logo\/image\/\"},\"sameAs\":[\"https:\/\/www.facebook.com\/ageninfra\",\"https:\/\/x.com\/agencia_infra\",\"https:\/\/www.linkedin.com\/company\/ag\u00eanciainfra\/\",\"https:\/\/www.instagram.com\/agenciainfra\/\"]},{\"@type\":\"Person\",\"@id\":\"https:\/\/agenciainfra.com\/blog\/#\/schema\/person\/34af08dff6adea4cb22b06612ba7acfa\",\"name\":\"Ag\u00eancia iNFRA\",\"image\":{\"@type\":\"ImageObject\",\"inLanguage\":\"pt-BR\",\"@id\":\"https:\/\/agenciainfra.com\/blog\/#\/schema\/person\/image\/\",\"url\":\"https:\/\/secure.gravatar.com\/avatar\/d189e01678f06d8eb84d4e01f08eb848b3fffe3f8443818d3c356c66892f5be8?s=96&d=mm&r=g\",\"contentUrl\":\"https:\/\/secure.gravatar.com\/avatar\/d189e01678f06d8eb84d4e01f08eb848b3fffe3f8443818d3c356c66892f5be8?s=96&d=mm&r=g\",\"caption\":\"Ag\u00eancia iNFRA\"},\"url\":\"https:\/\/agenciainfra.com\/blog\/author\/admin\/\"}]}<\/script>\n<!-- \/ Yoast SEO Premium plugin. -->","yoast_head_json":{"title":"Minist\u00e9rio de Portos e Aeroportos oficializa substitui\u00e7\u00f5es em secretarias - Ag\u00eancia iNFRA","robots":{"index":"index","follow":"follow","max-snippet":"max-snippet:-1","max-image-preview":"max-image-preview:large","max-video-preview":"max-video-preview:-1"},"canonical":"https:\/\/agenciainfra.com\/blog\/ministerio-de-portos-e-aeroportos-oficializa-substituicoes-em-secretarias\/","og_locale":"pt_BR","og_type":"article","og_title":"Minist\u00e9rio de Portos e Aeroportos oficializa substitui\u00e7\u00f5es em secretarias","og_description":"da Ag\u00eancia iNFRA O Minist\u00e9rio de Portos e Aeroportos oficializou, nesta ter\u00e7a-feira (12), a exonera\u00e7\u00e3o de Mariana Pescatori do cargo de secret\u00e1ria-executiva, em ato publicado no Di\u00e1rio Oficial da Uni\u00e3o. Ela deixa o cargo e vai atuar no setor privado. Para seu lugar foi nomeado Tom\u00e9 Franca, atual secret\u00e1rio de Aeroportos da pasta, que ser\u00e1 [&hellip;]","og_url":"https:\/\/agenciainfra.com\/blog\/ministerio-de-portos-e-aeroportos-oficializa-substituicoes-em-secretarias\/","og_site_name":"Ag\u00eancia iNFRA","article_publisher":"https:\/\/www.facebook.com\/ageninfra","article_published_time":"2025-08-12T11:52:51+00:00","article_modified_time":"2025-08-12T23:21:26+00:00","og_image":[{"width":1280,"height":854,"url":"https:\/\/agenciainfra.com\/blog\/wp-content\/uploads\/2025\/06\/Mariana-Pescatori-foto-Percio-Campos-scaled-e1750281806449.jpg","type":"image\/jpeg"}],"author":"Ag\u00eancia iNFRA","twitter_card":"summary_large_image","twitter_creator":"@agencia_infra","twitter_site":"@agencia_infra","twitter_misc":{"Escrito por":"Ag\u00eancia iNFRA"},"schema":{"@context":"https:\/\/schema.org","@graph":[{"@type":"Article","@id":"https:\/\/agenciainfra.com\/blog\/ministerio-de-portos-e-aeroportos-oficializa-substituicoes-em-secretarias\/#article","isPartOf":{"@id":"https:\/\/agenciainfra.com\/blog\/ministerio-de-portos-e-aeroportos-oficializa-substituicoes-em-secretarias\/"},"author":{"name":"Ag\u00eancia iNFRA","@id":"https:\/\/agenciainfra.com\/blog\/#\/schema\/person\/34af08dff6adea4cb22b06612ba7acfa"},"headline":"Minist\u00e9rio de Portos e Aeroportos oficializa substitui\u00e7\u00f5es em secretarias","datePublished":"2025-08-12T11:52:51+00:00","dateModified":"2025-08-12T23:21:26+00:00","mainEntityOfPage":{"@id":"https:\/\/agenciainfra.com\/blog\/ministerio-de-portos-e-aeroportos-oficializa-substituicoes-em-secretarias\/"},"wordCount":98,"publisher":{"@id":"https:\/\/agenciainfra.com\/blog\/#organization"},"image":{"@id":"https:\/\/agenciainfra.com\/blog\/ministerio-de-portos-e-aeroportos-oficializa-substituicoes-em-secretarias\/#primaryimage"},"thumbnailUrl":"https:\/\/agenciainfra.com\/blog\/wp-content\/uploads\/2025\/06\/Mariana-Pescatori-foto-Percio-Campos-scaled-e1750281806449.jpg","keywords":["Clarissa Costa de Barros","Daniel Longo","Mariana Pescatori","Minist\u00e9rio de Portos e Aeroportos","Secretaria de Aeroportos","Tom\u00e9 Franca"],"articleSection":["Geral","iNFRATransporte"],"inLanguage":"pt-BR","copyrightYear":"2025","copyrightHolder":{"@id":"https:\/\/agenciainfra.com\/blog\/#organization"}},{"@type":"WebPage","@id":"https:\/\/agenciainfra.com\/blog\/ministerio-de-portos-e-aeroportos-oficializa-substituicoes-em-secretarias\/","url":"https:\/\/agenciainfra.com\/blog\/ministerio-de-portos-e-aeroportos-oficializa-substituicoes-em-secretarias\/","name":"Minist\u00e9rio de Portos e Aeroportos oficializa substitui\u00e7\u00f5es em secretarias - Ag\u00eancia iNFRA","isPartOf":{"@id":"https:\/\/agenciainfra.com\/blog\/#website"},"primaryImageOfPage":{"@id":"https:\/\/agenciainfra.com\/blog\/ministerio-de-portos-e-aeroportos-oficializa-substituicoes-em-secretarias\/#primaryimage"},"image":{"@id":"https:\/\/agenciainfra.com\/blog\/ministerio-de-portos-e-aeroportos-oficializa-substituicoes-em-secretarias\/#primaryimage"},"thumbnailUrl":"https:\/\/agenciainfra.com\/blog\/wp-content\/uploads\/2025\/06\/Mariana-Pescatori-foto-Percio-Campos-scaled-e1750281806449.jpg","datePublished":"2025-08-12T11:52:51+00:00","dateModified":"2025-08-12T23:21:26+00:00","breadcrumb":{"@id":"https:\/\/agenciainfra.com\/blog\/ministerio-de-portos-e-aeroportos-oficializa-substituicoes-em-secretarias\/#breadcrumb"},"inLanguage":"pt-BR","potentialAction":[{"@type":"ReadAction","target":["https:\/\/agenciainfra.com\/blog\/ministerio-de-portos-e-aeroportos-oficializa-substituicoes-em-secretarias\/"]}]},{"@type":"ImageObject","inLanguage":"pt-BR","@id":"https:\/\/agenciainfra.com\/blog\/ministerio-de-portos-e-aeroportos-oficializa-substituicoes-em-secretarias\/#primaryimage","url":"https:\/\/agenciainfra.com\/blog\/wp-content\/uploads\/2025\/06\/Mariana-Pescatori-foto-Percio-Campos-scaled-e1750281806449.jpg","contentUrl":"https:\/\/agenciainfra.com\/blog\/wp-content\/uploads\/2025\/06\/Mariana-Pescatori-foto-Percio-Campos-scaled-e1750281806449.jpg","width":1280,"height":854,"caption":"Foto: Percio Campos\/Ag\u00eancia iNFRA"},{"@type":"BreadcrumbList","@id":"https:\/\/agenciainfra.com\/blog\/ministerio-de-portos-e-aeroportos-oficializa-substituicoes-em-secretarias\/#breadcrumb","itemListElement":[{"@type":"ListItem","position":1,"name":"In\u00edcio","item":"https:\/\/agenciainfra.com\/blog\/"},{"@type":"ListItem","position":2,"name":"Minist\u00e9rio de Portos e Aeroportos oficializa substitui\u00e7\u00f5es em secretarias"}]},{"@type":"WebSite","@id":"https:\/\/agenciainfra.com\/blog\/#website","url":"https:\/\/agenciainfra.com\/blog\/","name":"Ag\u00eancia iNFRA","description":"Multiplataforma de informa\u00e7\u00e3o jornal\u00edstica refer\u00eancia na \u00e1rea de infraestrutura no Brasil!","publisher":{"@id":"https:\/\/agenciainfra.com\/blog\/#organization"},"potentialAction":[{"@type":"SearchAction","target":{"@type":"EntryPoint","urlTemplate":"https:\/\/agenciainfra.com\/blog\/?s={search_term_string}"},"query-input":{"@type":"PropertyValueSpecification","valueRequired":true,"valueName":"search_term_string"}}],"inLanguage":"pt-BR"},{"@type":"Organization","@id":"https:\/\/agenciainfra.com\/blog\/#organization","name":"Ag\u00eancia iNFRA","url":"https:\/\/agenciainfra.com\/blog\/","logo":{"@type":"ImageObject","inLanguage":"pt-BR","@id":"https:\/\/agenciainfra.com\/blog\/#\/schema\/logo\/image\/","url":"https:\/\/agenciainfra.com\/blog\/wp-content\/uploads\/2023\/09\/iNFRA_5-e1761735885940.png","contentUrl":"https:\/\/agenciainfra.com\/blog\/wp-content\/uploads\/2023\/09\/iNFRA_5-e1761735885940.png","width":1672,"height":454,"caption":"Ag\u00eancia iNFRA"},"image":{"@id":"https:\/\/agenciainfra.com\/blog\/#\/schema\/logo\/image\/"},"sameAs":["https:\/\/www.facebook.com\/ageninfra","https:\/\/x.com\/agencia_infra","https:\/\/www.linkedin.com\/company\/ag\u00eanciainfra\/","https:\/\/www.instagram.com\/agenciainfra\/"]},{"@type":"Person","@id":"https:\/\/agenciainfra.com\/blog\/#\/schema\/person\/34af08dff6adea4cb22b06612ba7acfa","name":"Ag\u00eancia iNFRA","image":{"@type":"ImageObject","inLanguage":"pt-BR","@id":"https:\/\/agenciainfra.com\/blog\/#\/schema\/person\/image\/","url":"https:\/\/secure.gravatar.com\/avatar\/d189e01678f06d8eb84d4e01f08eb848b3fffe3f8443818d3c356c66892f5be8?s=96&d=mm&r=g","contentUrl":"https:\/\/secure.gravatar.com\/avatar\/d189e01678f06d8eb84d4e01f08eb848b3fffe3f8443818d3c356c66892f5be8?s=96&d=mm&r=g","caption":"Ag\u00eancia iNFRA"},"url":"https:\/\/agenciainfra.com\/blog\/author\/admin\/"}]}},"_links":{"self":[{"href":"https:\/\/agenciainfra.com\/blog\/wp-json\/wp\/v2\/posts\/26104","targetHints":{"allow":["GET"]}}],"collection":[{"href":"https:\/\/agenciainfra.com\/blog\/wp-json\/wp\/v2\/posts"}],"about":[{"href":"https:\/\/agenciainfra.com\/blog\/wp-json\/wp\/v2\/types\/post"}],"author":[{"embeddable":true,"href":"https:\/\/agenciainfra.com\/blog\/wp-json\/wp\/v2\/users\/1"}],"replies":[{"embeddable":true,"href":"https:\/\/agenciainfra.com\/blog\/wp-json\/wp\/v2\/comments?post=26104"}],"version-history":[{"count":1,"href":"https:\/\/agenciainfra.com\/blog\/wp-json\/wp\/v2\/posts\/26104\/revisions"}],"predecessor-version":[{"id":26105,"href":"https:\/\/agenciainfra.com\/blog\/wp-json\/wp\/v2\/posts\/26104\/revisions\/26105"}],"wp:featuredmedia":[{"embeddable":true,"href":"https:\/\/agenciainfra.com\/blog\/wp-json\/wp\/v2\/media\/23213"}],"wp:attachment":[{"href":"https:\/\/agenciainfra.com\/blog\/wp-json\/wp\/v2\/media?parent=26104"}],"wp:term":[{"taxonomy":"category","embeddable":true,"href":"https:\/\/agenciainfra.com\/blog\/wp-json\/wp\/v2\/categories?post=26104"},{"taxonomy":"post_tag","embeddable":true,"href":"https:\/\/agenciainfra.com\/blog\/wp-json\/wp\/v2\/tags?post=26104"}],"curies":[{"name":"wp","href":"https:\/\/api.w.org\/{rel}","templated":true}]}}