{"id":26116,"date":"2025-08-12T11:11:57","date_gmt":"2025-08-12T14:11:57","guid":{"rendered":"https:\/\/agenciainfra.com\/blog\/?p=26116"},"modified":"2025-08-13T09:03:09","modified_gmt":"2025-08-13T12:03:09","slug":"comissao-aprova-indicados-a-diretoria-da-agencia-de-aguas-e-saneamento","status":"publish","type":"post","link":"https:\/\/agenciainfra.com\/blog\/comissao-aprova-indicados-a-diretoria-da-agencia-de-aguas-e-saneamento\/","title":{"rendered":"Comiss\u00e3o aprova indicados a diretoria da Ag\u00eancia de \u00c1guas e Saneamento"},"content":{"rendered":"\n<p class=\"has-text-align-right\"><strong>Amanda Pupo, da Ag\u00eancia iNFRA<\/strong><\/p>\n\n\n\n<p>A CMA (Comiss\u00e3o de Meio Ambiente) do Senado aprovou nesta ter\u00e7a-feira (12) as tr\u00eas indica\u00e7\u00f5es do governo para ocupar a diretoria colegiada da ANA (Ag\u00eancia Nacional de \u00c1guas e Saneamento B\u00e1sico).<\/p>\n\n\n\n<p>Os nomes de Larissa de Oliveira R\u00eago, Cristiane Collet Battiston e Leonardo G\u00f3es Silva foram chancelados pelo colegiado e agora precisar\u00e3o passar pelo plen\u00e1rio do Senado para serem confirmados. A delibera\u00e7\u00e3o pode ocorrer na sess\u00e3o desta ter\u00e7a.<\/p>\n\n\n\n<p>Com a confirma\u00e7\u00e3o, Oliveira R\u00eago entrar\u00e1 na vaga deixada por Vitor Saback, que deixou a diretoria em abril de 2023. J\u00e1 Battiston ocupar\u00e1 a cadeira que era de Filipe de Mello Sampaio Cunha, cujo mandato terminou em janeiro deste ano. Silva vai para a vaga aberta com a sa\u00edda de Maur\u00edcio Abijaodi Lopes de Vasconcellos, que encerrou o mandato em janeiro do ano passado.<\/p>\n","protected":false},"excerpt":{"rendered":"<p>Amanda Pupo, da Ag\u00eancia iNFRA A CMA (Comiss\u00e3o de Meio Ambiente) do Senado aprovou nesta ter\u00e7a-feira (12) as tr\u00eas indica\u00e7\u00f5es do governo para ocupar a diretoria colegiada da ANA (Ag\u00eancia Nacional de \u00c1guas e Saneamento B\u00e1sico). Os nomes de Larissa de Oliveira R\u00eago, Cristiane Collet Battiston e Leonardo G\u00f3es Silva foram chancelados pelo colegiado e [&hellip;]<\/p>\n","protected":false},"author":1,"featured_media":26117,"comment_status":"closed","ping_status":"closed","sticky":false,"template":"","format":"standard","meta":{"_monsterinsights_skip_tracking":false,"_monsterinsights_sitenote_active":false,"_monsterinsights_sitenote_note":"","_monsterinsights_sitenote_category":0,"footnotes":""},"categories":[1],"tags":[3307,13354,77,1753,14808,14809],"class_list":["post-26116","post","type-post","status-publish","format-standard","has-post-thumbnail","hentry","category-geral","tag-agencia-nacional-de-aguas-e-saneamento-basico","tag-amanda-pupo","tag-ana","tag-comissao-de-meio-ambiente","tag-cristiane-collet-battiston","tag-leonardo-goes-silva"],"yoast_head":"<!-- This site is optimized with the Yoast SEO Premium plugin v25.4 (Yoast SEO v26.0) - https:\/\/yoast.com\/wordpress\/plugins\/seo\/ -->\n<title>Comiss\u00e3o aprova indicados a diretoria da Ag\u00eancia de \u00c1guas e Saneamento - Ag\u00eancia iNFRA<\/title>\n<meta name=\"robots\" content=\"index, follow, max-snippet:-1, max-image-preview:large, max-video-preview:-1\" \/>\n<link rel=\"canonical\" href=\"https:\/\/agenciainfra.com\/blog\/comissao-aprova-indicados-a-diretoria-da-agencia-de-aguas-e-saneamento\/\" \/>\n<meta property=\"og:locale\" content=\"pt_BR\" \/>\n<meta property=\"og:type\" content=\"article\" \/>\n<meta property=\"og:title\" content=\"Comiss\u00e3o aprova indicados a diretoria da Ag\u00eancia de \u00c1guas e Saneamento\" \/>\n<meta property=\"og:description\" content=\"Amanda Pupo, da Ag\u00eancia iNFRA A CMA (Comiss\u00e3o de Meio Ambiente) do Senado aprovou nesta ter\u00e7a-feira (12) as tr\u00eas indica\u00e7\u00f5es do governo para ocupar a diretoria colegiada da ANA (Ag\u00eancia Nacional de \u00c1guas e Saneamento B\u00e1sico). Os nomes de Larissa de Oliveira R\u00eago, Cristiane Collet Battiston e Leonardo G\u00f3es Silva foram chancelados pelo colegiado e [&hellip;]\" \/>\n<meta property=\"og:url\" content=\"https:\/\/agenciainfra.com\/blog\/comissao-aprova-indicados-a-diretoria-da-agencia-de-aguas-e-saneamento\/\" \/>\n<meta property=\"og:site_name\" content=\"Ag\u00eancia iNFRA\" \/>\n<meta property=\"article:publisher\" content=\"https:\/\/www.facebook.com\/ageninfra\" \/>\n<meta property=\"article:published_time\" content=\"2025-08-12T14:11:57+00:00\" \/>\n<meta property=\"article:modified_time\" content=\"2025-08-13T12:03:09+00:00\" \/>\n<meta property=\"og:image\" content=\"https:\/\/agenciainfra.com\/blog\/wp-content\/uploads\/2025\/08\/sabatina-ana-foto-andressa-anholete-agencia-senado.jpg\" \/>\n\t<meta property=\"og:image:width\" content=\"1280\" \/>\n\t<meta property=\"og:image:height\" content=\"853\" \/>\n\t<meta property=\"og:image:type\" content=\"image\/jpeg\" \/>\n<meta name=\"author\" content=\"Ag\u00eancia iNFRA\" \/>\n<meta name=\"twitter:card\" content=\"summary_large_image\" \/>\n<meta name=\"twitter:creator\" content=\"@agencia_infra\" \/>\n<meta name=\"twitter:site\" content=\"@agencia_infra\" \/>\n<meta name=\"twitter:label1\" content=\"Escrito por\" \/>\n\t<meta name=\"twitter:data1\" content=\"Ag\u00eancia iNFRA\" \/>\n\t<meta name=\"twitter:label2\" content=\"Est. tempo de leitura\" \/>\n\t<meta name=\"twitter:data2\" content=\"1 minuto\" \/>\n<script type=\"application\/ld+json\" class=\"yoast-schema-graph\">{\"@context\":\"https:\/\/schema.org\",\"@graph\":[{\"@type\":\"Article\",\"@id\":\"https:\/\/agenciainfra.com\/blog\/comissao-aprova-indicados-a-diretoria-da-agencia-de-aguas-e-saneamento\/#article\",\"isPartOf\":{\"@id\":\"https:\/\/agenciainfra.com\/blog\/comissao-aprova-indicados-a-diretoria-da-agencia-de-aguas-e-saneamento\/\"},\"author\":{\"name\":\"Ag\u00eancia iNFRA\",\"@id\":\"https:\/\/agenciainfra.com\/blog\/#\/schema\/person\/34af08dff6adea4cb22b06612ba7acfa\"},\"headline\":\"Comiss\u00e3o aprova indicados a diretoria da Ag\u00eancia de \u00c1guas e Saneamento\",\"datePublished\":\"2025-08-12T14:11:57+00:00\",\"dateModified\":\"2025-08-13T12:03:09+00:00\",\"mainEntityOfPage\":{\"@id\":\"https:\/\/agenciainfra.com\/blog\/comissao-aprova-indicados-a-diretoria-da-agencia-de-aguas-e-saneamento\/\"},\"wordCount\":166,\"publisher\":{\"@id\":\"https:\/\/agenciainfra.com\/blog\/#organization\"},\"image\":{\"@id\":\"https:\/\/agenciainfra.com\/blog\/comissao-aprova-indicados-a-diretoria-da-agencia-de-aguas-e-saneamento\/#primaryimage\"},\"thumbnailUrl\":\"https:\/\/agenciainfra.com\/blog\/wp-content\/uploads\/2025\/08\/sabatina-ana-foto-andressa-anholete-agencia-senado.jpg\",\"keywords\":[\"Ag\u00eancia Nacional de \u00c1guas e Saneamento B\u00e1sico\",\"Amanda Pupo\",\"ANA\",\"Comiss\u00e3o de Meio Ambiente\",\"Cristiane Collet Battiston\",\"Leonardo G\u00f3es Silva\"],\"articleSection\":[\"Geral\"],\"inLanguage\":\"pt-BR\",\"copyrightYear\":\"2025\",\"copyrightHolder\":{\"@id\":\"https:\/\/agenciainfra.com\/blog\/#organization\"}},{\"@type\":\"WebPage\",\"@id\":\"https:\/\/agenciainfra.com\/blog\/comissao-aprova-indicados-a-diretoria-da-agencia-de-aguas-e-saneamento\/\",\"url\":\"https:\/\/agenciainfra.com\/blog\/comissao-aprova-indicados-a-diretoria-da-agencia-de-aguas-e-saneamento\/\",\"name\":\"Comiss\u00e3o aprova indicados a diretoria da Ag\u00eancia de \u00c1guas e Saneamento - Ag\u00eancia iNFRA\",\"isPartOf\":{\"@id\":\"https:\/\/agenciainfra.com\/blog\/#website\"},\"primaryImageOfPage\":{\"@id\":\"https:\/\/agenciainfra.com\/blog\/comissao-aprova-indicados-a-diretoria-da-agencia-de-aguas-e-saneamento\/#primaryimage\"},\"image\":{\"@id\":\"https:\/\/agenciainfra.com\/blog\/comissao-aprova-indicados-a-diretoria-da-agencia-de-aguas-e-saneamento\/#primaryimage\"},\"thumbnailUrl\":\"https:\/\/agenciainfra.com\/blog\/wp-content\/uploads\/2025\/08\/sabatina-ana-foto-andressa-anholete-agencia-senado.jpg\",\"datePublished\":\"2025-08-12T14:11:57+00:00\",\"dateModified\":\"2025-08-13T12:03:09+00:00\",\"breadcrumb\":{\"@id\":\"https:\/\/agenciainfra.com\/blog\/comissao-aprova-indicados-a-diretoria-da-agencia-de-aguas-e-saneamento\/#breadcrumb\"},\"inLanguage\":\"pt-BR\",\"potentialAction\":[{\"@type\":\"ReadAction\",\"target\":[\"https:\/\/agenciainfra.com\/blog\/comissao-aprova-indicados-a-diretoria-da-agencia-de-aguas-e-saneamento\/\"]}]},{\"@type\":\"ImageObject\",\"inLanguage\":\"pt-BR\",\"@id\":\"https:\/\/agenciainfra.com\/blog\/comissao-aprova-indicados-a-diretoria-da-agencia-de-aguas-e-saneamento\/#primaryimage\",\"url\":\"https:\/\/agenciainfra.com\/blog\/wp-content\/uploads\/2025\/08\/sabatina-ana-foto-andressa-anholete-agencia-senado.jpg\",\"contentUrl\":\"https:\/\/agenciainfra.com\/blog\/wp-content\/uploads\/2025\/08\/sabatina-ana-foto-andressa-anholete-agencia-senado.jpg\",\"width\":1280,\"height\":853,\"caption\":\"Foto: Andressa Anholete\/Ag\u00eancia Senado\"},{\"@type\":\"BreadcrumbList\",\"@id\":\"https:\/\/agenciainfra.com\/blog\/comissao-aprova-indicados-a-diretoria-da-agencia-de-aguas-e-saneamento\/#breadcrumb\",\"itemListElement\":[{\"@type\":\"ListItem\",\"position\":1,\"name\":\"In\u00edcio\",\"item\":\"https:\/\/agenciainfra.com\/blog\/\"},{\"@type\":\"ListItem\",\"position\":2,\"name\":\"Comiss\u00e3o aprova indicados a diretoria da Ag\u00eancia de \u00c1guas e Saneamento\"}]},{\"@type\":\"WebSite\",\"@id\":\"https:\/\/agenciainfra.com\/blog\/#website\",\"url\":\"https:\/\/agenciainfra.com\/blog\/\",\"name\":\"Ag\u00eancia iNFRA\",\"description\":\"Multiplataforma de informa\u00e7\u00e3o jornal\u00edstica refer\u00eancia na \u00e1rea de infraestrutura no Brasil!\",\"publisher\":{\"@id\":\"https:\/\/agenciainfra.com\/blog\/#organization\"},\"potentialAction\":[{\"@type\":\"SearchAction\",\"target\":{\"@type\":\"EntryPoint\",\"urlTemplate\":\"https:\/\/agenciainfra.com\/blog\/?s={search_term_string}\"},\"query-input\":{\"@type\":\"PropertyValueSpecification\",\"valueRequired\":true,\"valueName\":\"search_term_string\"}}],\"inLanguage\":\"pt-BR\"},{\"@type\":\"Organization\",\"@id\":\"https:\/\/agenciainfra.com\/blog\/#organization\",\"name\":\"Ag\u00eancia iNFRA\",\"url\":\"https:\/\/agenciainfra.com\/blog\/\",\"logo\":{\"@type\":\"ImageObject\",\"inLanguage\":\"pt-BR\",\"@id\":\"https:\/\/agenciainfra.com\/blog\/#\/schema\/logo\/image\/\",\"url\":\"https:\/\/agenciainfra.com\/blog\/wp-content\/uploads\/2023\/09\/iNFRA_5-e1761735885940.png\",\"contentUrl\":\"https:\/\/agenciainfra.com\/blog\/wp-content\/uploads\/2023\/09\/iNFRA_5-e1761735885940.png\",\"width\":1672,\"height\":454,\"caption\":\"Ag\u00eancia iNFRA\"},\"image\":{\"@id\":\"https:\/\/agenciainfra.com\/blog\/#\/schema\/logo\/image\/\"},\"sameAs\":[\"https:\/\/www.facebook.com\/ageninfra\",\"https:\/\/x.com\/agencia_infra\",\"https:\/\/www.linkedin.com\/company\/ag\u00eanciainfra\/\",\"https:\/\/www.instagram.com\/agenciainfra\/\"]},{\"@type\":\"Person\",\"@id\":\"https:\/\/agenciainfra.com\/blog\/#\/schema\/person\/34af08dff6adea4cb22b06612ba7acfa\",\"name\":\"Ag\u00eancia iNFRA\",\"image\":{\"@type\":\"ImageObject\",\"inLanguage\":\"pt-BR\",\"@id\":\"https:\/\/agenciainfra.com\/blog\/#\/schema\/person\/image\/\",\"url\":\"https:\/\/secure.gravatar.com\/avatar\/d189e01678f06d8eb84d4e01f08eb848b3fffe3f8443818d3c356c66892f5be8?s=96&d=mm&r=g\",\"contentUrl\":\"https:\/\/secure.gravatar.com\/avatar\/d189e01678f06d8eb84d4e01f08eb848b3fffe3f8443818d3c356c66892f5be8?s=96&d=mm&r=g\",\"caption\":\"Ag\u00eancia iNFRA\"},\"url\":\"https:\/\/agenciainfra.com\/blog\/author\/admin\/\"}]}<\/script>\n<!-- \/ Yoast SEO Premium plugin. -->","yoast_head_json":{"title":"Comiss\u00e3o aprova indicados a diretoria da Ag\u00eancia de \u00c1guas e Saneamento - Ag\u00eancia iNFRA","robots":{"index":"index","follow":"follow","max-snippet":"max-snippet:-1","max-image-preview":"max-image-preview:large","max-video-preview":"max-video-preview:-1"},"canonical":"https:\/\/agenciainfra.com\/blog\/comissao-aprova-indicados-a-diretoria-da-agencia-de-aguas-e-saneamento\/","og_locale":"pt_BR","og_type":"article","og_title":"Comiss\u00e3o aprova indicados a diretoria da Ag\u00eancia de \u00c1guas e Saneamento","og_description":"Amanda Pupo, da Ag\u00eancia iNFRA A CMA (Comiss\u00e3o de Meio Ambiente) do Senado aprovou nesta ter\u00e7a-feira (12) as tr\u00eas indica\u00e7\u00f5es do governo para ocupar a diretoria colegiada da ANA (Ag\u00eancia Nacional de \u00c1guas e Saneamento B\u00e1sico). Os nomes de Larissa de Oliveira R\u00eago, Cristiane Collet Battiston e Leonardo G\u00f3es Silva foram chancelados pelo colegiado e [&hellip;]","og_url":"https:\/\/agenciainfra.com\/blog\/comissao-aprova-indicados-a-diretoria-da-agencia-de-aguas-e-saneamento\/","og_site_name":"Ag\u00eancia iNFRA","article_publisher":"https:\/\/www.facebook.com\/ageninfra","article_published_time":"2025-08-12T14:11:57+00:00","article_modified_time":"2025-08-13T12:03:09+00:00","og_image":[{"width":1280,"height":853,"url":"https:\/\/agenciainfra.com\/blog\/wp-content\/uploads\/2025\/08\/sabatina-ana-foto-andressa-anholete-agencia-senado.jpg","type":"image\/jpeg"}],"author":"Ag\u00eancia iNFRA","twitter_card":"summary_large_image","twitter_creator":"@agencia_infra","twitter_site":"@agencia_infra","twitter_misc":{"Escrito por":"Ag\u00eancia iNFRA","Est. tempo de leitura":"1 minuto"},"schema":{"@context":"https:\/\/schema.org","@graph":[{"@type":"Article","@id":"https:\/\/agenciainfra.com\/blog\/comissao-aprova-indicados-a-diretoria-da-agencia-de-aguas-e-saneamento\/#article","isPartOf":{"@id":"https:\/\/agenciainfra.com\/blog\/comissao-aprova-indicados-a-diretoria-da-agencia-de-aguas-e-saneamento\/"},"author":{"name":"Ag\u00eancia iNFRA","@id":"https:\/\/agenciainfra.com\/blog\/#\/schema\/person\/34af08dff6adea4cb22b06612ba7acfa"},"headline":"Comiss\u00e3o aprova indicados a diretoria da Ag\u00eancia de \u00c1guas e Saneamento","datePublished":"2025-08-12T14:11:57+00:00","dateModified":"2025-08-13T12:03:09+00:00","mainEntityOfPage":{"@id":"https:\/\/agenciainfra.com\/blog\/comissao-aprova-indicados-a-diretoria-da-agencia-de-aguas-e-saneamento\/"},"wordCount":166,"publisher":{"@id":"https:\/\/agenciainfra.com\/blog\/#organization"},"image":{"@id":"https:\/\/agenciainfra.com\/blog\/comissao-aprova-indicados-a-diretoria-da-agencia-de-aguas-e-saneamento\/#primaryimage"},"thumbnailUrl":"https:\/\/agenciainfra.com\/blog\/wp-content\/uploads\/2025\/08\/sabatina-ana-foto-andressa-anholete-agencia-senado.jpg","keywords":["Ag\u00eancia Nacional de \u00c1guas e Saneamento B\u00e1sico","Amanda Pupo","ANA","Comiss\u00e3o de Meio Ambiente","Cristiane Collet Battiston","Leonardo G\u00f3es Silva"],"articleSection":["Geral"],"inLanguage":"pt-BR","copyrightYear":"2025","copyrightHolder":{"@id":"https:\/\/agenciainfra.com\/blog\/#organization"}},{"@type":"WebPage","@id":"https:\/\/agenciainfra.com\/blog\/comissao-aprova-indicados-a-diretoria-da-agencia-de-aguas-e-saneamento\/","url":"https:\/\/agenciainfra.com\/blog\/comissao-aprova-indicados-a-diretoria-da-agencia-de-aguas-e-saneamento\/","name":"Comiss\u00e3o aprova indicados a diretoria da Ag\u00eancia de \u00c1guas e Saneamento - Ag\u00eancia iNFRA","isPartOf":{"@id":"https:\/\/agenciainfra.com\/blog\/#website"},"primaryImageOfPage":{"@id":"https:\/\/agenciainfra.com\/blog\/comissao-aprova-indicados-a-diretoria-da-agencia-de-aguas-e-saneamento\/#primaryimage"},"image":{"@id":"https:\/\/agenciainfra.com\/blog\/comissao-aprova-indicados-a-diretoria-da-agencia-de-aguas-e-saneamento\/#primaryimage"},"thumbnailUrl":"https:\/\/agenciainfra.com\/blog\/wp-content\/uploads\/2025\/08\/sabatina-ana-foto-andressa-anholete-agencia-senado.jpg","datePublished":"2025-08-12T14:11:57+00:00","dateModified":"2025-08-13T12:03:09+00:00","breadcrumb":{"@id":"https:\/\/agenciainfra.com\/blog\/comissao-aprova-indicados-a-diretoria-da-agencia-de-aguas-e-saneamento\/#breadcrumb"},"inLanguage":"pt-BR","potentialAction":[{"@type":"ReadAction","target":["https:\/\/agenciainfra.com\/blog\/comissao-aprova-indicados-a-diretoria-da-agencia-de-aguas-e-saneamento\/"]}]},{"@type":"ImageObject","inLanguage":"pt-BR","@id":"https:\/\/agenciainfra.com\/blog\/comissao-aprova-indicados-a-diretoria-da-agencia-de-aguas-e-saneamento\/#primaryimage","url":"https:\/\/agenciainfra.com\/blog\/wp-content\/uploads\/2025\/08\/sabatina-ana-foto-andressa-anholete-agencia-senado.jpg","contentUrl":"https:\/\/agenciainfra.com\/blog\/wp-content\/uploads\/2025\/08\/sabatina-ana-foto-andressa-anholete-agencia-senado.jpg","width":1280,"height":853,"caption":"Foto: Andressa Anholete\/Ag\u00eancia Senado"},{"@type":"BreadcrumbList","@id":"https:\/\/agenciainfra.com\/blog\/comissao-aprova-indicados-a-diretoria-da-agencia-de-aguas-e-saneamento\/#breadcrumb","itemListElement":[{"@type":"ListItem","position":1,"name":"In\u00edcio","item":"https:\/\/agenciainfra.com\/blog\/"},{"@type":"ListItem","position":2,"name":"Comiss\u00e3o aprova indicados a diretoria da Ag\u00eancia de \u00c1guas e Saneamento"}]},{"@type":"WebSite","@id":"https:\/\/agenciainfra.com\/blog\/#website","url":"https:\/\/agenciainfra.com\/blog\/","name":"Ag\u00eancia iNFRA","description":"Multiplataforma de informa\u00e7\u00e3o jornal\u00edstica refer\u00eancia na \u00e1rea de infraestrutura no Brasil!","publisher":{"@id":"https:\/\/agenciainfra.com\/blog\/#organization"},"potentialAction":[{"@type":"SearchAction","target":{"@type":"EntryPoint","urlTemplate":"https:\/\/agenciainfra.com\/blog\/?s={search_term_string}"},"query-input":{"@type":"PropertyValueSpecification","valueRequired":true,"valueName":"search_term_string"}}],"inLanguage":"pt-BR"},{"@type":"Organization","@id":"https:\/\/agenciainfra.com\/blog\/#organization","name":"Ag\u00eancia iNFRA","url":"https:\/\/agenciainfra.com\/blog\/","logo":{"@type":"ImageObject","inLanguage":"pt-BR","@id":"https:\/\/agenciainfra.com\/blog\/#\/schema\/logo\/image\/","url":"https:\/\/agenciainfra.com\/blog\/wp-content\/uploads\/2023\/09\/iNFRA_5-e1761735885940.png","contentUrl":"https:\/\/agenciainfra.com\/blog\/wp-content\/uploads\/2023\/09\/iNFRA_5-e1761735885940.png","width":1672,"height":454,"caption":"Ag\u00eancia iNFRA"},"image":{"@id":"https:\/\/agenciainfra.com\/blog\/#\/schema\/logo\/image\/"},"sameAs":["https:\/\/www.facebook.com\/ageninfra","https:\/\/x.com\/agencia_infra","https:\/\/www.linkedin.com\/company\/ag\u00eanciainfra\/","https:\/\/www.instagram.com\/agenciainfra\/"]},{"@type":"Person","@id":"https:\/\/agenciainfra.com\/blog\/#\/schema\/person\/34af08dff6adea4cb22b06612ba7acfa","name":"Ag\u00eancia iNFRA","image":{"@type":"ImageObject","inLanguage":"pt-BR","@id":"https:\/\/agenciainfra.com\/blog\/#\/schema\/person\/image\/","url":"https:\/\/secure.gravatar.com\/avatar\/d189e01678f06d8eb84d4e01f08eb848b3fffe3f8443818d3c356c66892f5be8?s=96&d=mm&r=g","contentUrl":"https:\/\/secure.gravatar.com\/avatar\/d189e01678f06d8eb84d4e01f08eb848b3fffe3f8443818d3c356c66892f5be8?s=96&d=mm&r=g","caption":"Ag\u00eancia iNFRA"},"url":"https:\/\/agenciainfra.com\/blog\/author\/admin\/"}]}},"_links":{"self":[{"href":"https:\/\/agenciainfra.com\/blog\/wp-json\/wp\/v2\/posts\/26116","targetHints":{"allow":["GET"]}}],"collection":[{"href":"https:\/\/agenciainfra.com\/blog\/wp-json\/wp\/v2\/posts"}],"about":[{"href":"https:\/\/agenciainfra.com\/blog\/wp-json\/wp\/v2\/types\/post"}],"author":[{"embeddable":true,"href":"https:\/\/agenciainfra.com\/blog\/wp-json\/wp\/v2\/users\/1"}],"replies":[{"embeddable":true,"href":"https:\/\/agenciainfra.com\/blog\/wp-json\/wp\/v2\/comments?post=26116"}],"version-history":[{"count":2,"href":"https:\/\/agenciainfra.com\/blog\/wp-json\/wp\/v2\/posts\/26116\/revisions"}],"predecessor-version":[{"id":26125,"href":"https:\/\/agenciainfra.com\/blog\/wp-json\/wp\/v2\/posts\/26116\/revisions\/26125"}],"wp:featuredmedia":[{"embeddable":true,"href":"https:\/\/agenciainfra.com\/blog\/wp-json\/wp\/v2\/media\/26117"}],"wp:attachment":[{"href":"https:\/\/agenciainfra.com\/blog\/wp-json\/wp\/v2\/media?parent=26116"}],"wp:term":[{"taxonomy":"category","embeddable":true,"href":"https:\/\/agenciainfra.com\/blog\/wp-json\/wp\/v2\/categories?post=26116"},{"taxonomy":"post_tag","embeddable":true,"href":"https:\/\/agenciainfra.com\/blog\/wp-json\/wp\/v2\/tags?post=26116"}],"curies":[{"name":"wp","href":"https:\/\/api.w.org\/{rel}","templated":true}]}}