{"id":26124,"date":"2025-08-12T12:44:14","date_gmt":"2025-08-12T15:44:14","guid":{"rendered":"https:\/\/agenciainfra.com\/blog\/?p=26124"},"modified":"2025-08-13T08:29:52","modified_gmt":"2025-08-13T11:29:52","slug":"ci-pode-convocar-extraordinaria-para-avaliar-indicacoes-a-agencias","status":"publish","type":"post","link":"https:\/\/agenciainfra.com\/blog\/ci-pode-convocar-extraordinaria-para-avaliar-indicacoes-a-agencias\/","title":{"rendered":"CI pode convocar extraordin\u00e1ria para avaliar indica\u00e7\u00f5es a ag\u00eancias"},"content":{"rendered":"\n<p class=\"has-text-align-right\"><strong>Amanda Pupo, da Ag\u00eancia iNFRA<\/strong><\/p>\n\n\n\n<p>A CI (Comiss\u00e3o de Infraestrutura) do Senado pode convocar reuni\u00e3o extraordin\u00e1ria nesta semana para leitura de relat\u00f3rios de indica\u00e7\u00f5es a ag\u00eancias reguladoras se houver defini\u00e7\u00f5es pelo governo em torno da escolha de dois nomes, que, por motivos diferentes, ainda travam as vota\u00e7\u00f5es.<\/p>\n\n\n\n<p>Segundo apurou a <strong>Ag\u00eancia iNFRA<\/strong>, no caso da indica\u00e7\u00e3o de Guilherme Sampaio para o comando da ANTT (Ag\u00eancia Nacional de Transportes Terrestres), a expectativa \u00e9 de que o Executivo corrija a mensagem da indica\u00e7\u00e3o para prever que o mandato de Sampaio como diretor-geral seja integral, e n\u00e3o apenas no tempo remanescente da cadeira de diretor que ocupa atualmente, at\u00e9 fevereiro do pr\u00f3ximo ano. H\u00e1 possibilidade de o ajuste ocorrer ainda nesta ter\u00e7a-feira (12).<\/p>\n\n\n\n<p>No caso de Pietro Mendes para a diretoria da ANP (Ag\u00eancia Nacional do Petr\u00f3leo, G\u00e1s Natural e Biocombust\u00edveis), se for confirmada a indica\u00e7\u00e3o, a relatoria pode ser despachada ainda nesta ter\u00e7a, disseram fontes. Regimentalmente, \u00e9 poss\u00edvel trocar o nome mesmo depois da relatoria definida, mas a avalia\u00e7\u00e3o feita entre senadores \u00e9 de que o Executivo precisa bater o martelo o quanto antes sobre a indica\u00e7\u00e3o para a ANP.<\/p>\n\n\n\n<p>A convoca\u00e7\u00e3o de uma reuni\u00e3o extraordin\u00e1ria nesta semana para leitura dos relat\u00f3rios ainda dependeria de os pareceres ficarem prontos a tempo. Se isso ocorrer, a vota\u00e7\u00e3o dos nomes poder\u00e1 acontecer na pr\u00f3xima semana. Caso contr\u00e1rio, a previs\u00e3o do momento \u00e9 de que a leitura ocorra apenas na semana que vem, com delibera\u00e7\u00e3o pela CI na \u00faltima semana de agosto.<\/p>\n","protected":false},"excerpt":{"rendered":"<p>Amanda Pupo, da Ag\u00eancia iNFRA A CI (Comiss\u00e3o de Infraestrutura) do Senado pode convocar reuni\u00e3o extraordin\u00e1ria nesta semana para leitura de relat\u00f3rios de indica\u00e7\u00f5es a ag\u00eancias reguladoras se houver defini\u00e7\u00f5es pelo governo em torno da escolha de dois nomes, que, por motivos diferentes, ainda travam as vota\u00e7\u00f5es. Segundo apurou a Ag\u00eancia iNFRA, no caso da [&hellip;]<\/p>\n","protected":false},"author":1,"featured_media":26128,"comment_status":"closed","ping_status":"closed","sticky":false,"template":"","format":"standard","meta":{"_monsterinsights_skip_tracking":false,"_monsterinsights_sitenote_active":false,"_monsterinsights_sitenote_note":"","_monsterinsights_sitenote_category":0,"footnotes":""},"categories":[1,7],"tags":[46,13354,1101,19,1498,4168,6335],"class_list":["post-26124","post","type-post","status-publish","format-standard","has-post-thumbnail","hentry","category-geral","category-infratransporte","tag-agencias-reguladoras","tag-amanda-pupo","tag-anp","tag-antt","tag-comissao-de-infraestrutura","tag-guilherme-sampaio","tag-pietro-mendes"],"yoast_head":"<!-- This site is optimized with the Yoast SEO Premium plugin v25.4 (Yoast SEO v26.0) - https:\/\/yoast.com\/wordpress\/plugins\/seo\/ -->\n<title>CI pode convocar extraordin\u00e1ria para avaliar indica\u00e7\u00f5es a ag\u00eancias - Ag\u00eancia iNFRA<\/title>\n<meta name=\"robots\" content=\"index, follow, max-snippet:-1, max-image-preview:large, max-video-preview:-1\" \/>\n<link rel=\"canonical\" href=\"https:\/\/agenciainfra.com\/blog\/ci-pode-convocar-extraordinaria-para-avaliar-indicacoes-a-agencias\/\" \/>\n<meta property=\"og:locale\" content=\"pt_BR\" \/>\n<meta property=\"og:type\" content=\"article\" \/>\n<meta property=\"og:title\" content=\"CI pode convocar extraordin\u00e1ria para avaliar indica\u00e7\u00f5es a ag\u00eancias\" \/>\n<meta property=\"og:description\" content=\"Amanda Pupo, da Ag\u00eancia iNFRA A CI (Comiss\u00e3o de Infraestrutura) do Senado pode convocar reuni\u00e3o extraordin\u00e1ria nesta semana para leitura de relat\u00f3rios de indica\u00e7\u00f5es a ag\u00eancias reguladoras se houver defini\u00e7\u00f5es pelo governo em torno da escolha de dois nomes, que, por motivos diferentes, ainda travam as vota\u00e7\u00f5es. Segundo apurou a Ag\u00eancia iNFRA, no caso da [&hellip;]\" \/>\n<meta property=\"og:url\" content=\"https:\/\/agenciainfra.com\/blog\/ci-pode-convocar-extraordinaria-para-avaliar-indicacoes-a-agencias\/\" \/>\n<meta property=\"og:site_name\" content=\"Ag\u00eancia iNFRA\" \/>\n<meta property=\"article:publisher\" content=\"https:\/\/www.facebook.com\/ageninfra\" \/>\n<meta property=\"article:published_time\" content=\"2025-08-12T15:44:14+00:00\" \/>\n<meta property=\"article:modified_time\" content=\"2025-08-13T11:29:52+00:00\" \/>\n<meta property=\"og:image\" content=\"https:\/\/agenciainfra.com\/blog\/wp-content\/uploads\/2025\/08\/pietro-mendes-e-guilherme-sampaio-foto-jefferson-rudy-e-roque-de-sa-agencia-senado.png\" \/>\n\t<meta property=\"og:image:width\" content=\"1280\" \/>\n\t<meta property=\"og:image:height\" content=\"774\" \/>\n\t<meta property=\"og:image:type\" content=\"image\/png\" \/>\n<meta name=\"author\" content=\"Ag\u00eancia iNFRA\" \/>\n<meta name=\"twitter:card\" content=\"summary_large_image\" \/>\n<meta name=\"twitter:creator\" content=\"@agencia_infra\" \/>\n<meta name=\"twitter:site\" content=\"@agencia_infra\" \/>\n<meta name=\"twitter:label1\" content=\"Escrito por\" \/>\n\t<meta name=\"twitter:data1\" content=\"Ag\u00eancia iNFRA\" \/>\n\t<meta name=\"twitter:label2\" content=\"Est. tempo de leitura\" \/>\n\t<meta name=\"twitter:data2\" content=\"1 minuto\" \/>\n<script type=\"application\/ld+json\" class=\"yoast-schema-graph\">{\"@context\":\"https:\/\/schema.org\",\"@graph\":[{\"@type\":\"Article\",\"@id\":\"https:\/\/agenciainfra.com\/blog\/ci-pode-convocar-extraordinaria-para-avaliar-indicacoes-a-agencias\/#article\",\"isPartOf\":{\"@id\":\"https:\/\/agenciainfra.com\/blog\/ci-pode-convocar-extraordinaria-para-avaliar-indicacoes-a-agencias\/\"},\"author\":{\"name\":\"Ag\u00eancia iNFRA\",\"@id\":\"https:\/\/agenciainfra.com\/blog\/#\/schema\/person\/34af08dff6adea4cb22b06612ba7acfa\"},\"headline\":\"CI pode convocar extraordin\u00e1ria para avaliar indica\u00e7\u00f5es a ag\u00eancias\",\"datePublished\":\"2025-08-12T15:44:14+00:00\",\"dateModified\":\"2025-08-13T11:29:52+00:00\",\"mainEntityOfPage\":{\"@id\":\"https:\/\/agenciainfra.com\/blog\/ci-pode-convocar-extraordinaria-para-avaliar-indicacoes-a-agencias\/\"},\"wordCount\":288,\"publisher\":{\"@id\":\"https:\/\/agenciainfra.com\/blog\/#organization\"},\"image\":{\"@id\":\"https:\/\/agenciainfra.com\/blog\/ci-pode-convocar-extraordinaria-para-avaliar-indicacoes-a-agencias\/#primaryimage\"},\"thumbnailUrl\":\"https:\/\/agenciainfra.com\/blog\/wp-content\/uploads\/2025\/08\/pietro-mendes-e-guilherme-sampaio-foto-jefferson-rudy-e-roque-de-sa-agencia-senado.png\",\"keywords\":[\"Ag\u00eancias Reguladoras\",\"Amanda Pupo\",\"ANP\",\"ANTT\",\"Comiss\u00e3o de Infraestrutura\",\"Guilherme Sampaio\",\"Pietro Mendes\"],\"articleSection\":[\"Geral\",\"iNFRATransporte\"],\"inLanguage\":\"pt-BR\",\"copyrightYear\":\"2025\",\"copyrightHolder\":{\"@id\":\"https:\/\/agenciainfra.com\/blog\/#organization\"}},{\"@type\":\"WebPage\",\"@id\":\"https:\/\/agenciainfra.com\/blog\/ci-pode-convocar-extraordinaria-para-avaliar-indicacoes-a-agencias\/\",\"url\":\"https:\/\/agenciainfra.com\/blog\/ci-pode-convocar-extraordinaria-para-avaliar-indicacoes-a-agencias\/\",\"name\":\"CI pode convocar extraordin\u00e1ria para avaliar indica\u00e7\u00f5es a ag\u00eancias - Ag\u00eancia iNFRA\",\"isPartOf\":{\"@id\":\"https:\/\/agenciainfra.com\/blog\/#website\"},\"primaryImageOfPage\":{\"@id\":\"https:\/\/agenciainfra.com\/blog\/ci-pode-convocar-extraordinaria-para-avaliar-indicacoes-a-agencias\/#primaryimage\"},\"image\":{\"@id\":\"https:\/\/agenciainfra.com\/blog\/ci-pode-convocar-extraordinaria-para-avaliar-indicacoes-a-agencias\/#primaryimage\"},\"thumbnailUrl\":\"https:\/\/agenciainfra.com\/blog\/wp-content\/uploads\/2025\/08\/pietro-mendes-e-guilherme-sampaio-foto-jefferson-rudy-e-roque-de-sa-agencia-senado.png\",\"datePublished\":\"2025-08-12T15:44:14+00:00\",\"dateModified\":\"2025-08-13T11:29:52+00:00\",\"breadcrumb\":{\"@id\":\"https:\/\/agenciainfra.com\/blog\/ci-pode-convocar-extraordinaria-para-avaliar-indicacoes-a-agencias\/#breadcrumb\"},\"inLanguage\":\"pt-BR\",\"potentialAction\":[{\"@type\":\"ReadAction\",\"target\":[\"https:\/\/agenciainfra.com\/blog\/ci-pode-convocar-extraordinaria-para-avaliar-indicacoes-a-agencias\/\"]}]},{\"@type\":\"ImageObject\",\"inLanguage\":\"pt-BR\",\"@id\":\"https:\/\/agenciainfra.com\/blog\/ci-pode-convocar-extraordinaria-para-avaliar-indicacoes-a-agencias\/#primaryimage\",\"url\":\"https:\/\/agenciainfra.com\/blog\/wp-content\/uploads\/2025\/08\/pietro-mendes-e-guilherme-sampaio-foto-jefferson-rudy-e-roque-de-sa-agencia-senado.png\",\"contentUrl\":\"https:\/\/agenciainfra.com\/blog\/wp-content\/uploads\/2025\/08\/pietro-mendes-e-guilherme-sampaio-foto-jefferson-rudy-e-roque-de-sa-agencia-senado.png\",\"width\":1280,\"height\":774,\"caption\":\"Foto: Jefferson Rudy\/Roque de S\u00e1\/Ag\u00eancia Senado\"},{\"@type\":\"BreadcrumbList\",\"@id\":\"https:\/\/agenciainfra.com\/blog\/ci-pode-convocar-extraordinaria-para-avaliar-indicacoes-a-agencias\/#breadcrumb\",\"itemListElement\":[{\"@type\":\"ListItem\",\"position\":1,\"name\":\"In\u00edcio\",\"item\":\"https:\/\/agenciainfra.com\/blog\/\"},{\"@type\":\"ListItem\",\"position\":2,\"name\":\"CI pode convocar extraordin\u00e1ria para avaliar indica\u00e7\u00f5es a ag\u00eancias\"}]},{\"@type\":\"WebSite\",\"@id\":\"https:\/\/agenciainfra.com\/blog\/#website\",\"url\":\"https:\/\/agenciainfra.com\/blog\/\",\"name\":\"Ag\u00eancia iNFRA\",\"description\":\"Multiplataforma de informa\u00e7\u00e3o jornal\u00edstica refer\u00eancia na \u00e1rea de infraestrutura no Brasil!\",\"publisher\":{\"@id\":\"https:\/\/agenciainfra.com\/blog\/#organization\"},\"potentialAction\":[{\"@type\":\"SearchAction\",\"target\":{\"@type\":\"EntryPoint\",\"urlTemplate\":\"https:\/\/agenciainfra.com\/blog\/?s={search_term_string}\"},\"query-input\":{\"@type\":\"PropertyValueSpecification\",\"valueRequired\":true,\"valueName\":\"search_term_string\"}}],\"inLanguage\":\"pt-BR\"},{\"@type\":\"Organization\",\"@id\":\"https:\/\/agenciainfra.com\/blog\/#organization\",\"name\":\"Ag\u00eancia iNFRA\",\"url\":\"https:\/\/agenciainfra.com\/blog\/\",\"logo\":{\"@type\":\"ImageObject\",\"inLanguage\":\"pt-BR\",\"@id\":\"https:\/\/agenciainfra.com\/blog\/#\/schema\/logo\/image\/\",\"url\":\"https:\/\/agenciainfra.com\/blog\/wp-content\/uploads\/2023\/09\/iNFRA_5-e1761735885940.png\",\"contentUrl\":\"https:\/\/agenciainfra.com\/blog\/wp-content\/uploads\/2023\/09\/iNFRA_5-e1761735885940.png\",\"width\":1672,\"height\":454,\"caption\":\"Ag\u00eancia iNFRA\"},\"image\":{\"@id\":\"https:\/\/agenciainfra.com\/blog\/#\/schema\/logo\/image\/\"},\"sameAs\":[\"https:\/\/www.facebook.com\/ageninfra\",\"https:\/\/x.com\/agencia_infra\",\"https:\/\/www.linkedin.com\/company\/ag\u00eanciainfra\/\",\"https:\/\/www.instagram.com\/agenciainfra\/\"]},{\"@type\":\"Person\",\"@id\":\"https:\/\/agenciainfra.com\/blog\/#\/schema\/person\/34af08dff6adea4cb22b06612ba7acfa\",\"name\":\"Ag\u00eancia iNFRA\",\"image\":{\"@type\":\"ImageObject\",\"inLanguage\":\"pt-BR\",\"@id\":\"https:\/\/agenciainfra.com\/blog\/#\/schema\/person\/image\/\",\"url\":\"https:\/\/secure.gravatar.com\/avatar\/d189e01678f06d8eb84d4e01f08eb848b3fffe3f8443818d3c356c66892f5be8?s=96&d=mm&r=g\",\"contentUrl\":\"https:\/\/secure.gravatar.com\/avatar\/d189e01678f06d8eb84d4e01f08eb848b3fffe3f8443818d3c356c66892f5be8?s=96&d=mm&r=g\",\"caption\":\"Ag\u00eancia iNFRA\"},\"url\":\"https:\/\/agenciainfra.com\/blog\/author\/admin\/\"}]}<\/script>\n<!-- \/ Yoast SEO Premium plugin. -->","yoast_head_json":{"title":"CI pode convocar extraordin\u00e1ria para avaliar indica\u00e7\u00f5es a ag\u00eancias - Ag\u00eancia iNFRA","robots":{"index":"index","follow":"follow","max-snippet":"max-snippet:-1","max-image-preview":"max-image-preview:large","max-video-preview":"max-video-preview:-1"},"canonical":"https:\/\/agenciainfra.com\/blog\/ci-pode-convocar-extraordinaria-para-avaliar-indicacoes-a-agencias\/","og_locale":"pt_BR","og_type":"article","og_title":"CI pode convocar extraordin\u00e1ria para avaliar indica\u00e7\u00f5es a ag\u00eancias","og_description":"Amanda Pupo, da Ag\u00eancia iNFRA A CI (Comiss\u00e3o de Infraestrutura) do Senado pode convocar reuni\u00e3o extraordin\u00e1ria nesta semana para leitura de relat\u00f3rios de indica\u00e7\u00f5es a ag\u00eancias reguladoras se houver defini\u00e7\u00f5es pelo governo em torno da escolha de dois nomes, que, por motivos diferentes, ainda travam as vota\u00e7\u00f5es. Segundo apurou a Ag\u00eancia iNFRA, no caso da [&hellip;]","og_url":"https:\/\/agenciainfra.com\/blog\/ci-pode-convocar-extraordinaria-para-avaliar-indicacoes-a-agencias\/","og_site_name":"Ag\u00eancia iNFRA","article_publisher":"https:\/\/www.facebook.com\/ageninfra","article_published_time":"2025-08-12T15:44:14+00:00","article_modified_time":"2025-08-13T11:29:52+00:00","og_image":[{"width":1280,"height":774,"url":"https:\/\/agenciainfra.com\/blog\/wp-content\/uploads\/2025\/08\/pietro-mendes-e-guilherme-sampaio-foto-jefferson-rudy-e-roque-de-sa-agencia-senado.png","type":"image\/png"}],"author":"Ag\u00eancia iNFRA","twitter_card":"summary_large_image","twitter_creator":"@agencia_infra","twitter_site":"@agencia_infra","twitter_misc":{"Escrito por":"Ag\u00eancia iNFRA","Est. tempo de leitura":"1 minuto"},"schema":{"@context":"https:\/\/schema.org","@graph":[{"@type":"Article","@id":"https:\/\/agenciainfra.com\/blog\/ci-pode-convocar-extraordinaria-para-avaliar-indicacoes-a-agencias\/#article","isPartOf":{"@id":"https:\/\/agenciainfra.com\/blog\/ci-pode-convocar-extraordinaria-para-avaliar-indicacoes-a-agencias\/"},"author":{"name":"Ag\u00eancia iNFRA","@id":"https:\/\/agenciainfra.com\/blog\/#\/schema\/person\/34af08dff6adea4cb22b06612ba7acfa"},"headline":"CI pode convocar extraordin\u00e1ria para avaliar indica\u00e7\u00f5es a ag\u00eancias","datePublished":"2025-08-12T15:44:14+00:00","dateModified":"2025-08-13T11:29:52+00:00","mainEntityOfPage":{"@id":"https:\/\/agenciainfra.com\/blog\/ci-pode-convocar-extraordinaria-para-avaliar-indicacoes-a-agencias\/"},"wordCount":288,"publisher":{"@id":"https:\/\/agenciainfra.com\/blog\/#organization"},"image":{"@id":"https:\/\/agenciainfra.com\/blog\/ci-pode-convocar-extraordinaria-para-avaliar-indicacoes-a-agencias\/#primaryimage"},"thumbnailUrl":"https:\/\/agenciainfra.com\/blog\/wp-content\/uploads\/2025\/08\/pietro-mendes-e-guilherme-sampaio-foto-jefferson-rudy-e-roque-de-sa-agencia-senado.png","keywords":["Ag\u00eancias Reguladoras","Amanda Pupo","ANP","ANTT","Comiss\u00e3o de Infraestrutura","Guilherme Sampaio","Pietro Mendes"],"articleSection":["Geral","iNFRATransporte"],"inLanguage":"pt-BR","copyrightYear":"2025","copyrightHolder":{"@id":"https:\/\/agenciainfra.com\/blog\/#organization"}},{"@type":"WebPage","@id":"https:\/\/agenciainfra.com\/blog\/ci-pode-convocar-extraordinaria-para-avaliar-indicacoes-a-agencias\/","url":"https:\/\/agenciainfra.com\/blog\/ci-pode-convocar-extraordinaria-para-avaliar-indicacoes-a-agencias\/","name":"CI pode convocar extraordin\u00e1ria para avaliar indica\u00e7\u00f5es a ag\u00eancias - Ag\u00eancia iNFRA","isPartOf":{"@id":"https:\/\/agenciainfra.com\/blog\/#website"},"primaryImageOfPage":{"@id":"https:\/\/agenciainfra.com\/blog\/ci-pode-convocar-extraordinaria-para-avaliar-indicacoes-a-agencias\/#primaryimage"},"image":{"@id":"https:\/\/agenciainfra.com\/blog\/ci-pode-convocar-extraordinaria-para-avaliar-indicacoes-a-agencias\/#primaryimage"},"thumbnailUrl":"https:\/\/agenciainfra.com\/blog\/wp-content\/uploads\/2025\/08\/pietro-mendes-e-guilherme-sampaio-foto-jefferson-rudy-e-roque-de-sa-agencia-senado.png","datePublished":"2025-08-12T15:44:14+00:00","dateModified":"2025-08-13T11:29:52+00:00","breadcrumb":{"@id":"https:\/\/agenciainfra.com\/blog\/ci-pode-convocar-extraordinaria-para-avaliar-indicacoes-a-agencias\/#breadcrumb"},"inLanguage":"pt-BR","potentialAction":[{"@type":"ReadAction","target":["https:\/\/agenciainfra.com\/blog\/ci-pode-convocar-extraordinaria-para-avaliar-indicacoes-a-agencias\/"]}]},{"@type":"ImageObject","inLanguage":"pt-BR","@id":"https:\/\/agenciainfra.com\/blog\/ci-pode-convocar-extraordinaria-para-avaliar-indicacoes-a-agencias\/#primaryimage","url":"https:\/\/agenciainfra.com\/blog\/wp-content\/uploads\/2025\/08\/pietro-mendes-e-guilherme-sampaio-foto-jefferson-rudy-e-roque-de-sa-agencia-senado.png","contentUrl":"https:\/\/agenciainfra.com\/blog\/wp-content\/uploads\/2025\/08\/pietro-mendes-e-guilherme-sampaio-foto-jefferson-rudy-e-roque-de-sa-agencia-senado.png","width":1280,"height":774,"caption":"Foto: Jefferson Rudy\/Roque de S\u00e1\/Ag\u00eancia Senado"},{"@type":"BreadcrumbList","@id":"https:\/\/agenciainfra.com\/blog\/ci-pode-convocar-extraordinaria-para-avaliar-indicacoes-a-agencias\/#breadcrumb","itemListElement":[{"@type":"ListItem","position":1,"name":"In\u00edcio","item":"https:\/\/agenciainfra.com\/blog\/"},{"@type":"ListItem","position":2,"name":"CI pode convocar extraordin\u00e1ria para avaliar indica\u00e7\u00f5es a ag\u00eancias"}]},{"@type":"WebSite","@id":"https:\/\/agenciainfra.com\/blog\/#website","url":"https:\/\/agenciainfra.com\/blog\/","name":"Ag\u00eancia iNFRA","description":"Multiplataforma de informa\u00e7\u00e3o jornal\u00edstica refer\u00eancia na \u00e1rea de infraestrutura no Brasil!","publisher":{"@id":"https:\/\/agenciainfra.com\/blog\/#organization"},"potentialAction":[{"@type":"SearchAction","target":{"@type":"EntryPoint","urlTemplate":"https:\/\/agenciainfra.com\/blog\/?s={search_term_string}"},"query-input":{"@type":"PropertyValueSpecification","valueRequired":true,"valueName":"search_term_string"}}],"inLanguage":"pt-BR"},{"@type":"Organization","@id":"https:\/\/agenciainfra.com\/blog\/#organization","name":"Ag\u00eancia iNFRA","url":"https:\/\/agenciainfra.com\/blog\/","logo":{"@type":"ImageObject","inLanguage":"pt-BR","@id":"https:\/\/agenciainfra.com\/blog\/#\/schema\/logo\/image\/","url":"https:\/\/agenciainfra.com\/blog\/wp-content\/uploads\/2023\/09\/iNFRA_5-e1761735885940.png","contentUrl":"https:\/\/agenciainfra.com\/blog\/wp-content\/uploads\/2023\/09\/iNFRA_5-e1761735885940.png","width":1672,"height":454,"caption":"Ag\u00eancia iNFRA"},"image":{"@id":"https:\/\/agenciainfra.com\/blog\/#\/schema\/logo\/image\/"},"sameAs":["https:\/\/www.facebook.com\/ageninfra","https:\/\/x.com\/agencia_infra","https:\/\/www.linkedin.com\/company\/ag\u00eanciainfra\/","https:\/\/www.instagram.com\/agenciainfra\/"]},{"@type":"Person","@id":"https:\/\/agenciainfra.com\/blog\/#\/schema\/person\/34af08dff6adea4cb22b06612ba7acfa","name":"Ag\u00eancia iNFRA","image":{"@type":"ImageObject","inLanguage":"pt-BR","@id":"https:\/\/agenciainfra.com\/blog\/#\/schema\/person\/image\/","url":"https:\/\/secure.gravatar.com\/avatar\/d189e01678f06d8eb84d4e01f08eb848b3fffe3f8443818d3c356c66892f5be8?s=96&d=mm&r=g","contentUrl":"https:\/\/secure.gravatar.com\/avatar\/d189e01678f06d8eb84d4e01f08eb848b3fffe3f8443818d3c356c66892f5be8?s=96&d=mm&r=g","caption":"Ag\u00eancia iNFRA"},"url":"https:\/\/agenciainfra.com\/blog\/author\/admin\/"}]}},"_links":{"self":[{"href":"https:\/\/agenciainfra.com\/blog\/wp-json\/wp\/v2\/posts\/26124","targetHints":{"allow":["GET"]}}],"collection":[{"href":"https:\/\/agenciainfra.com\/blog\/wp-json\/wp\/v2\/posts"}],"about":[{"href":"https:\/\/agenciainfra.com\/blog\/wp-json\/wp\/v2\/types\/post"}],"author":[{"embeddable":true,"href":"https:\/\/agenciainfra.com\/blog\/wp-json\/wp\/v2\/users\/1"}],"replies":[{"embeddable":true,"href":"https:\/\/agenciainfra.com\/blog\/wp-json\/wp\/v2\/comments?post=26124"}],"version-history":[{"count":1,"href":"https:\/\/agenciainfra.com\/blog\/wp-json\/wp\/v2\/posts\/26124\/revisions"}],"predecessor-version":[{"id":26127,"href":"https:\/\/agenciainfra.com\/blog\/wp-json\/wp\/v2\/posts\/26124\/revisions\/26127"}],"wp:featuredmedia":[{"embeddable":true,"href":"https:\/\/agenciainfra.com\/blog\/wp-json\/wp\/v2\/media\/26128"}],"wp:attachment":[{"href":"https:\/\/agenciainfra.com\/blog\/wp-json\/wp\/v2\/media?parent=26124"}],"wp:term":[{"taxonomy":"category","embeddable":true,"href":"https:\/\/agenciainfra.com\/blog\/wp-json\/wp\/v2\/categories?post=26124"},{"taxonomy":"post_tag","embeddable":true,"href":"https:\/\/agenciainfra.com\/blog\/wp-json\/wp\/v2\/tags?post=26124"}],"curies":[{"name":"wp","href":"https:\/\/api.w.org\/{rel}","templated":true}]}}