{"id":2614,"date":"2018-11-14T09:46:44","date_gmt":"2018-11-14T12:46:44","guid":{"rendered":"http:\/\/www.agenciainfra.com\/blog\/?p=2614"},"modified":"2018-11-14T09:48:35","modified_gmt":"2018-11-14T12:48:35","slug":"relicitacao-da-dutra-devera-ter-outorga-e-inclusao-de-novos-trechos","status":"publish","type":"post","link":"https:\/\/agenciainfra.com\/blog\/relicitacao-da-dutra-devera-ter-outorga-e-inclusao-de-novos-trechos\/","title":{"rendered":"Relicita\u00e7\u00e3o da Dutra dever\u00e1 ter outorga e inclus\u00e3o de novos trechos"},"content":{"rendered":"<div>\n<h5 style=\"text-align: right;\"><strong>Dimmi Amora,\u00a0da Ag\u00eancia iNFRA<\/strong><\/h5>\n<p>O governo prepara a relicita\u00e7\u00e3o da Rodovia Presidente Dutra num modelo pr\u00f3prio, provavelmente com a cobran\u00e7a pela outorga do vencedor da licita\u00e7\u00e3o, e com a amplia\u00e7\u00e3o da \u00e1rea que a concession\u00e1ria ter\u00e1 que cuidar.<\/p>\n<p>\u201cN\u00e3o faz sentido [o ped\u00e1gio da] principal liga\u00e7\u00e3o do pa\u00eds ser em centavos\u201d, disse nesta sexta-feira (9) o secret\u00e1rio de Fomento do minist\u00e9rio dos Transportes, Portos e Avia\u00e7\u00e3o Civil, Dino Antunes, em evento da ANTT (Ag\u00eancia Nacional de Transportes Terrestres) com investidores.<\/p>\n<p>A Dutra liga S\u00e3o Paulo ao Rio de Janeiro. \u00c9 a principal concess\u00e3o do pa\u00eds cujo vencimento termina em 2021. O governo j\u00e1 determinou ao IFC (Internacional Finance Corportation), do Banco Mundial, que realize os estudos para nova concess\u00e3o, e a inten\u00e7\u00e3o \u00e9 faz\u00ea-la em 2019.<\/p>\n<p>Segundo Antunes, o IFC j\u00e1 apontou 17 itens de melhoria no modelo de concess\u00e3o federal, ao analisar os dados para a concess\u00e3o da Dutra e de outras tr\u00eas rodovias federais cujas concess\u00f5es vencem em 2021 ou foram retomadas (Rio-Juiz de Fora, Rio-Teres\u00f3polis e BR-153\/GO-TO) e ser\u00e3o relicitadas.<\/p>\n<p>De acordo com ele, essas melhorias regulat\u00f3rias v\u00e3o ser implantadas passo a passo nas pr\u00f3ximas concess\u00f5es para testar a aceita\u00e7\u00e3o no mercado. A pr\u00f3xima concess\u00e3o, a da BR-364-365\/GO-MT, dever\u00e1 ter uma modelagem bem semelhante \u00e0 da RIS (Rodovia de Integra\u00e7\u00e3o do Sul) cujo sucesso do leil\u00e3o realizado h\u00e1 duas semanas foi comemorado pelos integrantes do governo.<\/p>\n<p><strong>Pipeline de projetos<\/strong><br \/>\nSegundo Antunes, outra preocupa\u00e7\u00e3o do governo \u00e9 a de n\u00e3o colocar projetos demais ao mesmo tempo e, por isso, o governo pretende conversar com estados como Minas Gerais e S\u00e3o Paulo, que tamb\u00e9m t\u00eam programas de concess\u00f5es em andamento. Dino tamb\u00e9m afirmou que o minist\u00e9rio pretende apresentar um quadro pr\u00e9vio de rodovias que est\u00e3o em an\u00e1lise para concess\u00e3o.<\/p>\n<p>Esse quadro seria diferente do que existe hoje no PPI (Programa de Parceria de Investimentos), em que os projetos qualificados t\u00eam praticamente 100% de certeza de que s\u00e3o vi\u00e1veis e que v\u00e3o ser licitados. Nesse quadro, projetos ainda em an\u00e1lise, que podem n\u00e3o ser vi\u00e1veis ap\u00f3s o fim do estudo, estariam listados. A inten\u00e7\u00e3o \u00e9 ter um pipeline mais longo para atrair empresas estrangeiras que querem investir no longo prazo no pa\u00eds.<\/p>\n<p><strong>Investimentos privados<\/strong><br \/>\nDino lembrou que o pa\u00eds vai precisar de investimentos privados para a malha rodovi\u00e1ria nos pr\u00f3ximos anos. Segundo ele, o pr\u00f3prio DNIT j\u00e1 apresentou relat\u00f3rios mostrando que, com o atual n\u00edvel de investimentos, a malha rodovi\u00e1ria federal vai se deteriorar nos pr\u00f3ximos anos.<\/p>\n<p>A superintendente de infraestrutura do BNDES, Lucieni Machado, lembrou que o pa\u00eds tem uma malha heterog\u00eanea e que ter\u00e3o que ser encontradas solu\u00e7\u00f5es diferentes para rodovias com caracter\u00edsticas diferentes, inclusive com formatos em subs\u00eddio cruzado, como o que foi estudado pelo governo este ano mas que n\u00e3o avan\u00e7ou.<\/p>\n<p>Uma das rodovias que deve entrar em concess\u00e3o no ano que vem \u00e9 a BR-163\/MT-PA. Segundo Antunes, duas empresas apresentar\u00e3o estudos para uma concess\u00e3o simplificada desse trecho, num per\u00edodo at\u00e9 que a Ferrogr\u00e3o, ferrovia que corre o mesmo trecho, esteja conclu\u00edda. Segundo Antunes, a inten\u00e7\u00e3o \u00e9 fazer a concess\u00e3o\u00a0em 2019.<\/p>\n<\/div>\n","protected":false},"excerpt":{"rendered":"<p>Dimmi Amora,\u00a0da Ag\u00eancia iNFRA O governo prepara a relicita\u00e7\u00e3o da Rodovia Presidente Dutra num modelo pr\u00f3prio, provavelmente com a cobran\u00e7a pela outorga do vencedor da licita\u00e7\u00e3o, e com a amplia\u00e7\u00e3o da \u00e1rea que a concession\u00e1ria ter\u00e1 que cuidar. \u201cN\u00e3o faz sentido [o ped\u00e1gio da] principal liga\u00e7\u00e3o do pa\u00eds ser em centavos\u201d, disse nesta sexta-feira (9) [&hellip;]<\/p>\n","protected":false},"author":1,"featured_media":2215,"comment_status":"closed","ping_status":"open","sticky":false,"template":"","format":"standard","meta":{"_monsterinsights_skip_tracking":false,"_monsterinsights_sitenote_active":false,"_monsterinsights_sitenote_note":"","_monsterinsights_sitenote_category":0,"footnotes":""},"categories":[7],"tags":[19,588,22,521,34,671,36,21,670],"class_list":["post-2614","post","type-post","status-publish","format-standard","has-post-thumbnail","hentry","category-infratransporte","tag-antt","tag-ccr","tag-concessao","tag-ifc","tag-infraestrutura","tag-ministerio","tag-ppi","tag-rodovia","tag-via-dutra"],"yoast_head":"<!-- This site is optimized with the Yoast SEO Premium plugin v25.4 (Yoast SEO v26.0) - https:\/\/yoast.com\/wordpress\/plugins\/seo\/ -->\n<title>Relicita\u00e7\u00e3o da Dutra dever\u00e1 ter outorga e inclus\u00e3o de novos trechos - Ag\u00eancia iNFRA<\/title>\n<meta name=\"robots\" content=\"index, follow, max-snippet:-1, max-image-preview:large, max-video-preview:-1\" \/>\n<link rel=\"canonical\" href=\"https:\/\/agenciainfra.com\/blog\/relicitacao-da-dutra-devera-ter-outorga-e-inclusao-de-novos-trechos\/\" \/>\n<meta property=\"og:locale\" content=\"pt_BR\" \/>\n<meta property=\"og:type\" content=\"article\" \/>\n<meta property=\"og:title\" content=\"Relicita\u00e7\u00e3o da Dutra dever\u00e1 ter outorga e inclus\u00e3o de novos trechos\" \/>\n<meta property=\"og:description\" content=\"Dimmi Amora,\u00a0da Ag\u00eancia iNFRA O governo prepara a relicita\u00e7\u00e3o da Rodovia Presidente Dutra num modelo pr\u00f3prio, provavelmente com a cobran\u00e7a pela outorga do vencedor da licita\u00e7\u00e3o, e com a amplia\u00e7\u00e3o da \u00e1rea que a concession\u00e1ria ter\u00e1 que cuidar. \u201cN\u00e3o faz sentido [o ped\u00e1gio da] principal liga\u00e7\u00e3o do pa\u00eds ser em centavos\u201d, disse nesta sexta-feira (9) [&hellip;]\" \/>\n<meta property=\"og:url\" content=\"https:\/\/agenciainfra.com\/blog\/relicitacao-da-dutra-devera-ter-outorga-e-inclusao-de-novos-trechos\/\" \/>\n<meta property=\"og:site_name\" content=\"Ag\u00eancia iNFRA\" \/>\n<meta property=\"article:publisher\" content=\"https:\/\/www.facebook.com\/ageninfra\" \/>\n<meta property=\"article:published_time\" content=\"2018-11-14T12:46:44+00:00\" \/>\n<meta property=\"article:modified_time\" content=\"2018-11-14T12:48:35+00:00\" \/>\n<meta property=\"og:image\" content=\"https:\/\/agenciainfra.com\/blog\/wp-content\/uploads\/2018\/07\/br290_divulgacao_concepa.jpg\" \/>\n\t<meta property=\"og:image:width\" content=\"700\" \/>\n\t<meta property=\"og:image:height\" content=\"466\" \/>\n\t<meta property=\"og:image:type\" content=\"image\/jpeg\" \/>\n<meta name=\"author\" content=\"Ag\u00eancia iNFRA\" \/>\n<meta name=\"twitter:card\" content=\"summary_large_image\" \/>\n<meta name=\"twitter:creator\" content=\"@agencia_infra\" \/>\n<meta name=\"twitter:site\" content=\"@agencia_infra\" \/>\n<meta name=\"twitter:label1\" content=\"Escrito por\" \/>\n\t<meta name=\"twitter:data1\" content=\"Ag\u00eancia iNFRA\" \/>\n\t<meta name=\"twitter:label2\" content=\"Est. tempo de leitura\" \/>\n\t<meta name=\"twitter:data2\" content=\"3 minutos\" \/>\n<script type=\"application\/ld+json\" class=\"yoast-schema-graph\">{\"@context\":\"https:\/\/schema.org\",\"@graph\":[{\"@type\":\"Article\",\"@id\":\"https:\/\/agenciainfra.com\/blog\/relicitacao-da-dutra-devera-ter-outorga-e-inclusao-de-novos-trechos\/#article\",\"isPartOf\":{\"@id\":\"https:\/\/agenciainfra.com\/blog\/relicitacao-da-dutra-devera-ter-outorga-e-inclusao-de-novos-trechos\/\"},\"author\":{\"name\":\"Ag\u00eancia iNFRA\",\"@id\":\"https:\/\/agenciainfra.com\/blog\/#\/schema\/person\/34af08dff6adea4cb22b06612ba7acfa\"},\"headline\":\"Relicita\u00e7\u00e3o da Dutra dever\u00e1 ter outorga e inclus\u00e3o de novos trechos\",\"datePublished\":\"2018-11-14T12:46:44+00:00\",\"dateModified\":\"2018-11-14T12:48:35+00:00\",\"mainEntityOfPage\":{\"@id\":\"https:\/\/agenciainfra.com\/blog\/relicitacao-da-dutra-devera-ter-outorga-e-inclusao-de-novos-trechos\/\"},\"wordCount\":592,\"publisher\":{\"@id\":\"https:\/\/agenciainfra.com\/blog\/#organization\"},\"image\":{\"@id\":\"https:\/\/agenciainfra.com\/blog\/relicitacao-da-dutra-devera-ter-outorga-e-inclusao-de-novos-trechos\/#primaryimage\"},\"thumbnailUrl\":\"https:\/\/agenciainfra.com\/blog\/wp-content\/uploads\/2018\/07\/br290_divulgacao_concepa.jpg\",\"keywords\":[\"ANTT\",\"CCR\",\"Concess\u00e3o\",\"IFC\",\"Infraestrutura\",\"Minist\u00e9rio\",\"PPI\",\"Rodovia\",\"Via Dutra\"],\"articleSection\":[\"iNFRATransporte\"],\"inLanguage\":\"pt-BR\",\"copyrightYear\":\"2018\",\"copyrightHolder\":{\"@id\":\"https:\/\/agenciainfra.com\/blog\/#organization\"}},{\"@type\":\"WebPage\",\"@id\":\"https:\/\/agenciainfra.com\/blog\/relicitacao-da-dutra-devera-ter-outorga-e-inclusao-de-novos-trechos\/\",\"url\":\"https:\/\/agenciainfra.com\/blog\/relicitacao-da-dutra-devera-ter-outorga-e-inclusao-de-novos-trechos\/\",\"name\":\"Relicita\u00e7\u00e3o da Dutra dever\u00e1 ter outorga e inclus\u00e3o de novos trechos - Ag\u00eancia iNFRA\",\"isPartOf\":{\"@id\":\"https:\/\/agenciainfra.com\/blog\/#website\"},\"primaryImageOfPage\":{\"@id\":\"https:\/\/agenciainfra.com\/blog\/relicitacao-da-dutra-devera-ter-outorga-e-inclusao-de-novos-trechos\/#primaryimage\"},\"image\":{\"@id\":\"https:\/\/agenciainfra.com\/blog\/relicitacao-da-dutra-devera-ter-outorga-e-inclusao-de-novos-trechos\/#primaryimage\"},\"thumbnailUrl\":\"https:\/\/agenciainfra.com\/blog\/wp-content\/uploads\/2018\/07\/br290_divulgacao_concepa.jpg\",\"datePublished\":\"2018-11-14T12:46:44+00:00\",\"dateModified\":\"2018-11-14T12:48:35+00:00\",\"breadcrumb\":{\"@id\":\"https:\/\/agenciainfra.com\/blog\/relicitacao-da-dutra-devera-ter-outorga-e-inclusao-de-novos-trechos\/#breadcrumb\"},\"inLanguage\":\"pt-BR\",\"potentialAction\":[{\"@type\":\"ReadAction\",\"target\":[\"https:\/\/agenciainfra.com\/blog\/relicitacao-da-dutra-devera-ter-outorga-e-inclusao-de-novos-trechos\/\"]}]},{\"@type\":\"ImageObject\",\"inLanguage\":\"pt-BR\",\"@id\":\"https:\/\/agenciainfra.com\/blog\/relicitacao-da-dutra-devera-ter-outorga-e-inclusao-de-novos-trechos\/#primaryimage\",\"url\":\"https:\/\/agenciainfra.com\/blog\/wp-content\/uploads\/2018\/07\/br290_divulgacao_concepa.jpg\",\"contentUrl\":\"https:\/\/agenciainfra.com\/blog\/wp-content\/uploads\/2018\/07\/br290_divulgacao_concepa.jpg\",\"width\":700,\"height\":466},{\"@type\":\"BreadcrumbList\",\"@id\":\"https:\/\/agenciainfra.com\/blog\/relicitacao-da-dutra-devera-ter-outorga-e-inclusao-de-novos-trechos\/#breadcrumb\",\"itemListElement\":[{\"@type\":\"ListItem\",\"position\":1,\"name\":\"In\u00edcio\",\"item\":\"https:\/\/agenciainfra.com\/blog\/\"},{\"@type\":\"ListItem\",\"position\":2,\"name\":\"Relicita\u00e7\u00e3o da Dutra dever\u00e1 ter outorga e inclus\u00e3o de novos trechos\"}]},{\"@type\":\"WebSite\",\"@id\":\"https:\/\/agenciainfra.com\/blog\/#website\",\"url\":\"https:\/\/agenciainfra.com\/blog\/\",\"name\":\"Ag\u00eancia iNFRA\",\"description\":\"Multiplataforma de informa\u00e7\u00e3o jornal\u00edstica refer\u00eancia na \u00e1rea de infraestrutura no Brasil!\",\"publisher\":{\"@id\":\"https:\/\/agenciainfra.com\/blog\/#organization\"},\"potentialAction\":[{\"@type\":\"SearchAction\",\"target\":{\"@type\":\"EntryPoint\",\"urlTemplate\":\"https:\/\/agenciainfra.com\/blog\/?s={search_term_string}\"},\"query-input\":{\"@type\":\"PropertyValueSpecification\",\"valueRequired\":true,\"valueName\":\"search_term_string\"}}],\"inLanguage\":\"pt-BR\"},{\"@type\":\"Organization\",\"@id\":\"https:\/\/agenciainfra.com\/blog\/#organization\",\"name\":\"Ag\u00eancia iNFRA\",\"url\":\"https:\/\/agenciainfra.com\/blog\/\",\"logo\":{\"@type\":\"ImageObject\",\"inLanguage\":\"pt-BR\",\"@id\":\"https:\/\/agenciainfra.com\/blog\/#\/schema\/logo\/image\/\",\"url\":\"https:\/\/agenciainfra.com\/blog\/wp-content\/uploads\/2023\/09\/iNFRA_5-e1761735885940.png\",\"contentUrl\":\"https:\/\/agenciainfra.com\/blog\/wp-content\/uploads\/2023\/09\/iNFRA_5-e1761735885940.png\",\"width\":1672,\"height\":454,\"caption\":\"Ag\u00eancia iNFRA\"},\"image\":{\"@id\":\"https:\/\/agenciainfra.com\/blog\/#\/schema\/logo\/image\/\"},\"sameAs\":[\"https:\/\/www.facebook.com\/ageninfra\",\"https:\/\/x.com\/agencia_infra\",\"https:\/\/www.linkedin.com\/company\/ag\u00eanciainfra\/\",\"https:\/\/www.instagram.com\/agenciainfra\/\"]},{\"@type\":\"Person\",\"@id\":\"https:\/\/agenciainfra.com\/blog\/#\/schema\/person\/34af08dff6adea4cb22b06612ba7acfa\",\"name\":\"Ag\u00eancia iNFRA\",\"image\":{\"@type\":\"ImageObject\",\"inLanguage\":\"pt-BR\",\"@id\":\"https:\/\/agenciainfra.com\/blog\/#\/schema\/person\/image\/\",\"url\":\"https:\/\/secure.gravatar.com\/avatar\/d189e01678f06d8eb84d4e01f08eb848b3fffe3f8443818d3c356c66892f5be8?s=96&d=mm&r=g\",\"contentUrl\":\"https:\/\/secure.gravatar.com\/avatar\/d189e01678f06d8eb84d4e01f08eb848b3fffe3f8443818d3c356c66892f5be8?s=96&d=mm&r=g\",\"caption\":\"Ag\u00eancia iNFRA\"},\"url\":\"https:\/\/agenciainfra.com\/blog\/author\/admin\/\"}]}<\/script>\n<!-- \/ Yoast SEO Premium plugin. -->","yoast_head_json":{"title":"Relicita\u00e7\u00e3o da Dutra dever\u00e1 ter outorga e inclus\u00e3o de novos trechos - Ag\u00eancia iNFRA","robots":{"index":"index","follow":"follow","max-snippet":"max-snippet:-1","max-image-preview":"max-image-preview:large","max-video-preview":"max-video-preview:-1"},"canonical":"https:\/\/agenciainfra.com\/blog\/relicitacao-da-dutra-devera-ter-outorga-e-inclusao-de-novos-trechos\/","og_locale":"pt_BR","og_type":"article","og_title":"Relicita\u00e7\u00e3o da Dutra dever\u00e1 ter outorga e inclus\u00e3o de novos trechos","og_description":"Dimmi Amora,\u00a0da Ag\u00eancia iNFRA O governo prepara a relicita\u00e7\u00e3o da Rodovia Presidente Dutra num modelo pr\u00f3prio, provavelmente com a cobran\u00e7a pela outorga do vencedor da licita\u00e7\u00e3o, e com a amplia\u00e7\u00e3o da \u00e1rea que a concession\u00e1ria ter\u00e1 que cuidar. \u201cN\u00e3o faz sentido [o ped\u00e1gio da] principal liga\u00e7\u00e3o do pa\u00eds ser em centavos\u201d, disse nesta sexta-feira (9) [&hellip;]","og_url":"https:\/\/agenciainfra.com\/blog\/relicitacao-da-dutra-devera-ter-outorga-e-inclusao-de-novos-trechos\/","og_site_name":"Ag\u00eancia iNFRA","article_publisher":"https:\/\/www.facebook.com\/ageninfra","article_published_time":"2018-11-14T12:46:44+00:00","article_modified_time":"2018-11-14T12:48:35+00:00","og_image":[{"width":700,"height":466,"url":"https:\/\/agenciainfra.com\/blog\/wp-content\/uploads\/2018\/07\/br290_divulgacao_concepa.jpg","type":"image\/jpeg"}],"author":"Ag\u00eancia iNFRA","twitter_card":"summary_large_image","twitter_creator":"@agencia_infra","twitter_site":"@agencia_infra","twitter_misc":{"Escrito por":"Ag\u00eancia iNFRA","Est. tempo de leitura":"3 minutos"},"schema":{"@context":"https:\/\/schema.org","@graph":[{"@type":"Article","@id":"https:\/\/agenciainfra.com\/blog\/relicitacao-da-dutra-devera-ter-outorga-e-inclusao-de-novos-trechos\/#article","isPartOf":{"@id":"https:\/\/agenciainfra.com\/blog\/relicitacao-da-dutra-devera-ter-outorga-e-inclusao-de-novos-trechos\/"},"author":{"name":"Ag\u00eancia iNFRA","@id":"https:\/\/agenciainfra.com\/blog\/#\/schema\/person\/34af08dff6adea4cb22b06612ba7acfa"},"headline":"Relicita\u00e7\u00e3o da Dutra dever\u00e1 ter outorga e inclus\u00e3o de novos trechos","datePublished":"2018-11-14T12:46:44+00:00","dateModified":"2018-11-14T12:48:35+00:00","mainEntityOfPage":{"@id":"https:\/\/agenciainfra.com\/blog\/relicitacao-da-dutra-devera-ter-outorga-e-inclusao-de-novos-trechos\/"},"wordCount":592,"publisher":{"@id":"https:\/\/agenciainfra.com\/blog\/#organization"},"image":{"@id":"https:\/\/agenciainfra.com\/blog\/relicitacao-da-dutra-devera-ter-outorga-e-inclusao-de-novos-trechos\/#primaryimage"},"thumbnailUrl":"https:\/\/agenciainfra.com\/blog\/wp-content\/uploads\/2018\/07\/br290_divulgacao_concepa.jpg","keywords":["ANTT","CCR","Concess\u00e3o","IFC","Infraestrutura","Minist\u00e9rio","PPI","Rodovia","Via Dutra"],"articleSection":["iNFRATransporte"],"inLanguage":"pt-BR","copyrightYear":"2018","copyrightHolder":{"@id":"https:\/\/agenciainfra.com\/blog\/#organization"}},{"@type":"WebPage","@id":"https:\/\/agenciainfra.com\/blog\/relicitacao-da-dutra-devera-ter-outorga-e-inclusao-de-novos-trechos\/","url":"https:\/\/agenciainfra.com\/blog\/relicitacao-da-dutra-devera-ter-outorga-e-inclusao-de-novos-trechos\/","name":"Relicita\u00e7\u00e3o da Dutra dever\u00e1 ter outorga e inclus\u00e3o de novos trechos - Ag\u00eancia iNFRA","isPartOf":{"@id":"https:\/\/agenciainfra.com\/blog\/#website"},"primaryImageOfPage":{"@id":"https:\/\/agenciainfra.com\/blog\/relicitacao-da-dutra-devera-ter-outorga-e-inclusao-de-novos-trechos\/#primaryimage"},"image":{"@id":"https:\/\/agenciainfra.com\/blog\/relicitacao-da-dutra-devera-ter-outorga-e-inclusao-de-novos-trechos\/#primaryimage"},"thumbnailUrl":"https:\/\/agenciainfra.com\/blog\/wp-content\/uploads\/2018\/07\/br290_divulgacao_concepa.jpg","datePublished":"2018-11-14T12:46:44+00:00","dateModified":"2018-11-14T12:48:35+00:00","breadcrumb":{"@id":"https:\/\/agenciainfra.com\/blog\/relicitacao-da-dutra-devera-ter-outorga-e-inclusao-de-novos-trechos\/#breadcrumb"},"inLanguage":"pt-BR","potentialAction":[{"@type":"ReadAction","target":["https:\/\/agenciainfra.com\/blog\/relicitacao-da-dutra-devera-ter-outorga-e-inclusao-de-novos-trechos\/"]}]},{"@type":"ImageObject","inLanguage":"pt-BR","@id":"https:\/\/agenciainfra.com\/blog\/relicitacao-da-dutra-devera-ter-outorga-e-inclusao-de-novos-trechos\/#primaryimage","url":"https:\/\/agenciainfra.com\/blog\/wp-content\/uploads\/2018\/07\/br290_divulgacao_concepa.jpg","contentUrl":"https:\/\/agenciainfra.com\/blog\/wp-content\/uploads\/2018\/07\/br290_divulgacao_concepa.jpg","width":700,"height":466},{"@type":"BreadcrumbList","@id":"https:\/\/agenciainfra.com\/blog\/relicitacao-da-dutra-devera-ter-outorga-e-inclusao-de-novos-trechos\/#breadcrumb","itemListElement":[{"@type":"ListItem","position":1,"name":"In\u00edcio","item":"https:\/\/agenciainfra.com\/blog\/"},{"@type":"ListItem","position":2,"name":"Relicita\u00e7\u00e3o da Dutra dever\u00e1 ter outorga e inclus\u00e3o de novos trechos"}]},{"@type":"WebSite","@id":"https:\/\/agenciainfra.com\/blog\/#website","url":"https:\/\/agenciainfra.com\/blog\/","name":"Ag\u00eancia iNFRA","description":"Multiplataforma de informa\u00e7\u00e3o jornal\u00edstica refer\u00eancia na \u00e1rea de infraestrutura no Brasil!","publisher":{"@id":"https:\/\/agenciainfra.com\/blog\/#organization"},"potentialAction":[{"@type":"SearchAction","target":{"@type":"EntryPoint","urlTemplate":"https:\/\/agenciainfra.com\/blog\/?s={search_term_string}"},"query-input":{"@type":"PropertyValueSpecification","valueRequired":true,"valueName":"search_term_string"}}],"inLanguage":"pt-BR"},{"@type":"Organization","@id":"https:\/\/agenciainfra.com\/blog\/#organization","name":"Ag\u00eancia iNFRA","url":"https:\/\/agenciainfra.com\/blog\/","logo":{"@type":"ImageObject","inLanguage":"pt-BR","@id":"https:\/\/agenciainfra.com\/blog\/#\/schema\/logo\/image\/","url":"https:\/\/agenciainfra.com\/blog\/wp-content\/uploads\/2023\/09\/iNFRA_5-e1761735885940.png","contentUrl":"https:\/\/agenciainfra.com\/blog\/wp-content\/uploads\/2023\/09\/iNFRA_5-e1761735885940.png","width":1672,"height":454,"caption":"Ag\u00eancia iNFRA"},"image":{"@id":"https:\/\/agenciainfra.com\/blog\/#\/schema\/logo\/image\/"},"sameAs":["https:\/\/www.facebook.com\/ageninfra","https:\/\/x.com\/agencia_infra","https:\/\/www.linkedin.com\/company\/ag\u00eanciainfra\/","https:\/\/www.instagram.com\/agenciainfra\/"]},{"@type":"Person","@id":"https:\/\/agenciainfra.com\/blog\/#\/schema\/person\/34af08dff6adea4cb22b06612ba7acfa","name":"Ag\u00eancia iNFRA","image":{"@type":"ImageObject","inLanguage":"pt-BR","@id":"https:\/\/agenciainfra.com\/blog\/#\/schema\/person\/image\/","url":"https:\/\/secure.gravatar.com\/avatar\/d189e01678f06d8eb84d4e01f08eb848b3fffe3f8443818d3c356c66892f5be8?s=96&d=mm&r=g","contentUrl":"https:\/\/secure.gravatar.com\/avatar\/d189e01678f06d8eb84d4e01f08eb848b3fffe3f8443818d3c356c66892f5be8?s=96&d=mm&r=g","caption":"Ag\u00eancia iNFRA"},"url":"https:\/\/agenciainfra.com\/blog\/author\/admin\/"}]}},"_links":{"self":[{"href":"https:\/\/agenciainfra.com\/blog\/wp-json\/wp\/v2\/posts\/2614","targetHints":{"allow":["GET"]}}],"collection":[{"href":"https:\/\/agenciainfra.com\/blog\/wp-json\/wp\/v2\/posts"}],"about":[{"href":"https:\/\/agenciainfra.com\/blog\/wp-json\/wp\/v2\/types\/post"}],"author":[{"embeddable":true,"href":"https:\/\/agenciainfra.com\/blog\/wp-json\/wp\/v2\/users\/1"}],"replies":[{"embeddable":true,"href":"https:\/\/agenciainfra.com\/blog\/wp-json\/wp\/v2\/comments?post=2614"}],"version-history":[{"count":0,"href":"https:\/\/agenciainfra.com\/blog\/wp-json\/wp\/v2\/posts\/2614\/revisions"}],"wp:featuredmedia":[{"embeddable":true,"href":"https:\/\/agenciainfra.com\/blog\/wp-json\/wp\/v2\/media\/2215"}],"wp:attachment":[{"href":"https:\/\/agenciainfra.com\/blog\/wp-json\/wp\/v2\/media?parent=2614"}],"wp:term":[{"taxonomy":"category","embeddable":true,"href":"https:\/\/agenciainfra.com\/blog\/wp-json\/wp\/v2\/categories?post=2614"},{"taxonomy":"post_tag","embeddable":true,"href":"https:\/\/agenciainfra.com\/blog\/wp-json\/wp\/v2\/tags?post=2614"}],"curies":[{"name":"wp","href":"https:\/\/api.w.org\/{rel}","templated":true}]}}