{"id":26166,"date":"2025-08-12T20:33:31","date_gmt":"2025-08-12T23:33:31","guid":{"rendered":"https:\/\/agenciainfra.com\/blog\/?p=26166"},"modified":"2025-08-12T20:33:33","modified_gmt":"2025-08-12T23:33:33","slug":"apos-decisao-do-stf-rodovia-do-aco-segue-administrada-pela-uniao","status":"publish","type":"post","link":"https:\/\/agenciainfra.com\/blog\/apos-decisao-do-stf-rodovia-do-aco-segue-administrada-pela-uniao\/","title":{"rendered":"Ap\u00f3s decis\u00e3o do STF, Rodovia do A\u00e7o segue administrada pela Uni\u00e3o"},"content":{"rendered":"\n<p class=\"has-text-align-right\"><strong>da Ag\u00eancia iNFRA<\/strong><\/p>\n\n\n\n<p>O ministro Gilmar Mendes, do STF (Supremo Tribunal Federal), decidiu nesta ter\u00e7a-feira (12) pela continuidade da Uni\u00e3o na opera\u00e7\u00e3o e controle da Rodovia do A\u00e7o, a BR-393\/RJ, antes concedida \u00e0 empresa K-Infra. Dessa forma, o DNIT (Departamento Nacional de Infraestrutura de Transportes) mant\u00e9m a administra\u00e7\u00e3o da via, at\u00e9 que um novo modelo de concess\u00e3o seja elaborado.<\/p>\n\n\n\n<p>Em junho, o governo decretou a caducidade do contrato de concess\u00e3o da estrada, em raz\u00e3o de reiterados descumprimentos legais e contratuais identificados em processo administrativo conduzido pela ANTT (Ag\u00eancia Nacional de Transportes Terrestres), que apontou falhas estruturais, atrasos em obras e manuten\u00e7\u00e3o prec\u00e1ria da via.<\/p>\n\n\n\n<p>A decis\u00e3o do STF estabelece ainda que a Uni\u00e3o finalize, at\u00e9 novembro, os c\u00e1lculos de indeniza\u00e7\u00e3o devidos pela concession\u00e1ria ao poder p\u00fablico.<\/p>\n\n\n\n<p><\/p>\n","protected":false},"excerpt":{"rendered":"<p>da Ag\u00eancia iNFRA O ministro Gilmar Mendes, do STF (Supremo Tribunal Federal), decidiu nesta ter\u00e7a-feira (12) pela continuidade da Uni\u00e3o na opera\u00e7\u00e3o e controle da Rodovia do A\u00e7o, a BR-393\/RJ, antes concedida \u00e0 empresa K-Infra. Dessa forma, o DNIT (Departamento Nacional de Infraestrutura de Transportes) mant\u00e9m a administra\u00e7\u00e3o da via, at\u00e9 que um novo modelo [&hellip;]<\/p>\n","protected":false},"author":1,"featured_media":18719,"comment_status":"closed","ping_status":"closed","sticky":false,"template":"","format":"standard","meta":{"_monsterinsights_skip_tracking":false,"_monsterinsights_sitenote_active":false,"_monsterinsights_sitenote_note":"","_monsterinsights_sitenote_category":0,"footnotes":""},"categories":[1,13576],"tags":[3485,328,6071,14816,372],"class_list":["post-26166","post","type-post","status-publish","format-standard","has-post-thumbnail","hentry","category-geral","category-giro-infra","tag-br-393","tag-dnit","tag-k-infra","tag-rota-do-aco","tag-stf"],"yoast_head":"<!-- This site is optimized with the Yoast SEO Premium plugin v25.4 (Yoast SEO v26.0) - https:\/\/yoast.com\/wordpress\/plugins\/seo\/ -->\n<title>Ap\u00f3s decis\u00e3o do STF, Rodovia do A\u00e7o segue administrada pela Uni\u00e3o - Ag\u00eancia iNFRA<\/title>\n<meta name=\"robots\" content=\"index, follow, max-snippet:-1, max-image-preview:large, max-video-preview:-1\" \/>\n<link rel=\"canonical\" href=\"https:\/\/agenciainfra.com\/blog\/apos-decisao-do-stf-rodovia-do-aco-segue-administrada-pela-uniao\/\" \/>\n<meta property=\"og:locale\" content=\"pt_BR\" \/>\n<meta property=\"og:type\" content=\"article\" \/>\n<meta property=\"og:title\" content=\"Ap\u00f3s decis\u00e3o do STF, Rodovia do A\u00e7o segue administrada pela Uni\u00e3o\" \/>\n<meta property=\"og:description\" content=\"da Ag\u00eancia iNFRA O ministro Gilmar Mendes, do STF (Supremo Tribunal Federal), decidiu nesta ter\u00e7a-feira (12) pela continuidade da Uni\u00e3o na opera\u00e7\u00e3o e controle da Rodovia do A\u00e7o, a BR-393\/RJ, antes concedida \u00e0 empresa K-Infra. Dessa forma, o DNIT (Departamento Nacional de Infraestrutura de Transportes) mant\u00e9m a administra\u00e7\u00e3o da via, at\u00e9 que um novo modelo [&hellip;]\" \/>\n<meta property=\"og:url\" content=\"https:\/\/agenciainfra.com\/blog\/apos-decisao-do-stf-rodovia-do-aco-segue-administrada-pela-uniao\/\" \/>\n<meta property=\"og:site_name\" content=\"Ag\u00eancia iNFRA\" \/>\n<meta property=\"article:publisher\" content=\"https:\/\/www.facebook.com\/ageninfra\" \/>\n<meta property=\"article:published_time\" content=\"2025-08-12T23:33:31+00:00\" \/>\n<meta property=\"article:modified_time\" content=\"2025-08-12T23:33:33+00:00\" \/>\n<meta property=\"og:image\" content=\"https:\/\/agenciainfra.com\/blog\/wp-content\/uploads\/2024\/10\/rodovia-do-aco-kinfra-foto-antt-1.png\" \/>\n\t<meta property=\"og:image:width\" content=\"768\" \/>\n\t<meta property=\"og:image:height\" content=\"432\" \/>\n\t<meta property=\"og:image:type\" content=\"image\/png\" \/>\n<meta name=\"author\" content=\"Ag\u00eancia iNFRA\" \/>\n<meta name=\"twitter:card\" content=\"summary_large_image\" \/>\n<meta name=\"twitter:creator\" content=\"@agencia_infra\" \/>\n<meta name=\"twitter:site\" content=\"@agencia_infra\" \/>\n<meta name=\"twitter:label1\" content=\"Escrito por\" \/>\n\t<meta name=\"twitter:data1\" content=\"Ag\u00eancia iNFRA\" \/>\n\t<meta name=\"twitter:label2\" content=\"Est. tempo de leitura\" \/>\n\t<meta name=\"twitter:data2\" content=\"1 minuto\" \/>\n<script type=\"application\/ld+json\" class=\"yoast-schema-graph\">{\"@context\":\"https:\/\/schema.org\",\"@graph\":[{\"@type\":\"Article\",\"@id\":\"https:\/\/agenciainfra.com\/blog\/apos-decisao-do-stf-rodovia-do-aco-segue-administrada-pela-uniao\/#article\",\"isPartOf\":{\"@id\":\"https:\/\/agenciainfra.com\/blog\/apos-decisao-do-stf-rodovia-do-aco-segue-administrada-pela-uniao\/\"},\"author\":{\"name\":\"Ag\u00eancia iNFRA\",\"@id\":\"https:\/\/agenciainfra.com\/blog\/#\/schema\/person\/34af08dff6adea4cb22b06612ba7acfa\"},\"headline\":\"Ap\u00f3s decis\u00e3o do STF, Rodovia do A\u00e7o segue administrada pela Uni\u00e3o\",\"datePublished\":\"2025-08-12T23:33:31+00:00\",\"dateModified\":\"2025-08-12T23:33:33+00:00\",\"mainEntityOfPage\":{\"@id\":\"https:\/\/agenciainfra.com\/blog\/apos-decisao-do-stf-rodovia-do-aco-segue-administrada-pela-uniao\/\"},\"wordCount\":159,\"publisher\":{\"@id\":\"https:\/\/agenciainfra.com\/blog\/#organization\"},\"image\":{\"@id\":\"https:\/\/agenciainfra.com\/blog\/apos-decisao-do-stf-rodovia-do-aco-segue-administrada-pela-uniao\/#primaryimage\"},\"thumbnailUrl\":\"https:\/\/agenciainfra.com\/blog\/wp-content\/uploads\/2024\/10\/rodovia-do-aco-kinfra-foto-antt-1.png\",\"keywords\":[\"BR-393\",\"DNIT\",\"K-Infra\",\"Rota do A\u00e7o\",\"STF\"],\"articleSection\":[\"Geral\",\"Giro iNFRA\"],\"inLanguage\":\"pt-BR\",\"copyrightYear\":\"2025\",\"copyrightHolder\":{\"@id\":\"https:\/\/agenciainfra.com\/blog\/#organization\"}},{\"@type\":\"WebPage\",\"@id\":\"https:\/\/agenciainfra.com\/blog\/apos-decisao-do-stf-rodovia-do-aco-segue-administrada-pela-uniao\/\",\"url\":\"https:\/\/agenciainfra.com\/blog\/apos-decisao-do-stf-rodovia-do-aco-segue-administrada-pela-uniao\/\",\"name\":\"Ap\u00f3s decis\u00e3o do STF, Rodovia do A\u00e7o segue administrada pela Uni\u00e3o - Ag\u00eancia iNFRA\",\"isPartOf\":{\"@id\":\"https:\/\/agenciainfra.com\/blog\/#website\"},\"primaryImageOfPage\":{\"@id\":\"https:\/\/agenciainfra.com\/blog\/apos-decisao-do-stf-rodovia-do-aco-segue-administrada-pela-uniao\/#primaryimage\"},\"image\":{\"@id\":\"https:\/\/agenciainfra.com\/blog\/apos-decisao-do-stf-rodovia-do-aco-segue-administrada-pela-uniao\/#primaryimage\"},\"thumbnailUrl\":\"https:\/\/agenciainfra.com\/blog\/wp-content\/uploads\/2024\/10\/rodovia-do-aco-kinfra-foto-antt-1.png\",\"datePublished\":\"2025-08-12T23:33:31+00:00\",\"dateModified\":\"2025-08-12T23:33:33+00:00\",\"breadcrumb\":{\"@id\":\"https:\/\/agenciainfra.com\/blog\/apos-decisao-do-stf-rodovia-do-aco-segue-administrada-pela-uniao\/#breadcrumb\"},\"inLanguage\":\"pt-BR\",\"potentialAction\":[{\"@type\":\"ReadAction\",\"target\":[\"https:\/\/agenciainfra.com\/blog\/apos-decisao-do-stf-rodovia-do-aco-segue-administrada-pela-uniao\/\"]}]},{\"@type\":\"ImageObject\",\"inLanguage\":\"pt-BR\",\"@id\":\"https:\/\/agenciainfra.com\/blog\/apos-decisao-do-stf-rodovia-do-aco-segue-administrada-pela-uniao\/#primaryimage\",\"url\":\"https:\/\/agenciainfra.com\/blog\/wp-content\/uploads\/2024\/10\/rodovia-do-aco-kinfra-foto-antt-1.png\",\"contentUrl\":\"https:\/\/agenciainfra.com\/blog\/wp-content\/uploads\/2024\/10\/rodovia-do-aco-kinfra-foto-antt-1.png\",\"width\":768,\"height\":432,\"caption\":\"Foto: ANTT\"},{\"@type\":\"BreadcrumbList\",\"@id\":\"https:\/\/agenciainfra.com\/blog\/apos-decisao-do-stf-rodovia-do-aco-segue-administrada-pela-uniao\/#breadcrumb\",\"itemListElement\":[{\"@type\":\"ListItem\",\"position\":1,\"name\":\"In\u00edcio\",\"item\":\"https:\/\/agenciainfra.com\/blog\/\"},{\"@type\":\"ListItem\",\"position\":2,\"name\":\"Ap\u00f3s decis\u00e3o do STF, Rodovia do A\u00e7o segue administrada pela Uni\u00e3o\"}]},{\"@type\":\"WebSite\",\"@id\":\"https:\/\/agenciainfra.com\/blog\/#website\",\"url\":\"https:\/\/agenciainfra.com\/blog\/\",\"name\":\"Ag\u00eancia iNFRA\",\"description\":\"Multiplataforma de informa\u00e7\u00e3o jornal\u00edstica refer\u00eancia na \u00e1rea de infraestrutura no Brasil!\",\"publisher\":{\"@id\":\"https:\/\/agenciainfra.com\/blog\/#organization\"},\"potentialAction\":[{\"@type\":\"SearchAction\",\"target\":{\"@type\":\"EntryPoint\",\"urlTemplate\":\"https:\/\/agenciainfra.com\/blog\/?s={search_term_string}\"},\"query-input\":{\"@type\":\"PropertyValueSpecification\",\"valueRequired\":true,\"valueName\":\"search_term_string\"}}],\"inLanguage\":\"pt-BR\"},{\"@type\":\"Organization\",\"@id\":\"https:\/\/agenciainfra.com\/blog\/#organization\",\"name\":\"Ag\u00eancia iNFRA\",\"url\":\"https:\/\/agenciainfra.com\/blog\/\",\"logo\":{\"@type\":\"ImageObject\",\"inLanguage\":\"pt-BR\",\"@id\":\"https:\/\/agenciainfra.com\/blog\/#\/schema\/logo\/image\/\",\"url\":\"https:\/\/agenciainfra.com\/blog\/wp-content\/uploads\/2023\/09\/iNFRA_5-e1761735885940.png\",\"contentUrl\":\"https:\/\/agenciainfra.com\/blog\/wp-content\/uploads\/2023\/09\/iNFRA_5-e1761735885940.png\",\"width\":1672,\"height\":454,\"caption\":\"Ag\u00eancia iNFRA\"},\"image\":{\"@id\":\"https:\/\/agenciainfra.com\/blog\/#\/schema\/logo\/image\/\"},\"sameAs\":[\"https:\/\/www.facebook.com\/ageninfra\",\"https:\/\/x.com\/agencia_infra\",\"https:\/\/www.linkedin.com\/company\/ag\u00eanciainfra\/\",\"https:\/\/www.instagram.com\/agenciainfra\/\"]},{\"@type\":\"Person\",\"@id\":\"https:\/\/agenciainfra.com\/blog\/#\/schema\/person\/34af08dff6adea4cb22b06612ba7acfa\",\"name\":\"Ag\u00eancia iNFRA\",\"image\":{\"@type\":\"ImageObject\",\"inLanguage\":\"pt-BR\",\"@id\":\"https:\/\/agenciainfra.com\/blog\/#\/schema\/person\/image\/\",\"url\":\"https:\/\/secure.gravatar.com\/avatar\/d189e01678f06d8eb84d4e01f08eb848b3fffe3f8443818d3c356c66892f5be8?s=96&d=mm&r=g\",\"contentUrl\":\"https:\/\/secure.gravatar.com\/avatar\/d189e01678f06d8eb84d4e01f08eb848b3fffe3f8443818d3c356c66892f5be8?s=96&d=mm&r=g\",\"caption\":\"Ag\u00eancia iNFRA\"},\"url\":\"https:\/\/agenciainfra.com\/blog\/author\/admin\/\"}]}<\/script>\n<!-- \/ Yoast SEO Premium plugin. -->","yoast_head_json":{"title":"Ap\u00f3s decis\u00e3o do STF, Rodovia do A\u00e7o segue administrada pela Uni\u00e3o - Ag\u00eancia iNFRA","robots":{"index":"index","follow":"follow","max-snippet":"max-snippet:-1","max-image-preview":"max-image-preview:large","max-video-preview":"max-video-preview:-1"},"canonical":"https:\/\/agenciainfra.com\/blog\/apos-decisao-do-stf-rodovia-do-aco-segue-administrada-pela-uniao\/","og_locale":"pt_BR","og_type":"article","og_title":"Ap\u00f3s decis\u00e3o do STF, Rodovia do A\u00e7o segue administrada pela Uni\u00e3o","og_description":"da Ag\u00eancia iNFRA O ministro Gilmar Mendes, do STF (Supremo Tribunal Federal), decidiu nesta ter\u00e7a-feira (12) pela continuidade da Uni\u00e3o na opera\u00e7\u00e3o e controle da Rodovia do A\u00e7o, a BR-393\/RJ, antes concedida \u00e0 empresa K-Infra. Dessa forma, o DNIT (Departamento Nacional de Infraestrutura de Transportes) mant\u00e9m a administra\u00e7\u00e3o da via, at\u00e9 que um novo modelo [&hellip;]","og_url":"https:\/\/agenciainfra.com\/blog\/apos-decisao-do-stf-rodovia-do-aco-segue-administrada-pela-uniao\/","og_site_name":"Ag\u00eancia iNFRA","article_publisher":"https:\/\/www.facebook.com\/ageninfra","article_published_time":"2025-08-12T23:33:31+00:00","article_modified_time":"2025-08-12T23:33:33+00:00","og_image":[{"width":768,"height":432,"url":"https:\/\/agenciainfra.com\/blog\/wp-content\/uploads\/2024\/10\/rodovia-do-aco-kinfra-foto-antt-1.png","type":"image\/png"}],"author":"Ag\u00eancia iNFRA","twitter_card":"summary_large_image","twitter_creator":"@agencia_infra","twitter_site":"@agencia_infra","twitter_misc":{"Escrito por":"Ag\u00eancia iNFRA","Est. tempo de leitura":"1 minuto"},"schema":{"@context":"https:\/\/schema.org","@graph":[{"@type":"Article","@id":"https:\/\/agenciainfra.com\/blog\/apos-decisao-do-stf-rodovia-do-aco-segue-administrada-pela-uniao\/#article","isPartOf":{"@id":"https:\/\/agenciainfra.com\/blog\/apos-decisao-do-stf-rodovia-do-aco-segue-administrada-pela-uniao\/"},"author":{"name":"Ag\u00eancia iNFRA","@id":"https:\/\/agenciainfra.com\/blog\/#\/schema\/person\/34af08dff6adea4cb22b06612ba7acfa"},"headline":"Ap\u00f3s decis\u00e3o do STF, Rodovia do A\u00e7o segue administrada pela Uni\u00e3o","datePublished":"2025-08-12T23:33:31+00:00","dateModified":"2025-08-12T23:33:33+00:00","mainEntityOfPage":{"@id":"https:\/\/agenciainfra.com\/blog\/apos-decisao-do-stf-rodovia-do-aco-segue-administrada-pela-uniao\/"},"wordCount":159,"publisher":{"@id":"https:\/\/agenciainfra.com\/blog\/#organization"},"image":{"@id":"https:\/\/agenciainfra.com\/blog\/apos-decisao-do-stf-rodovia-do-aco-segue-administrada-pela-uniao\/#primaryimage"},"thumbnailUrl":"https:\/\/agenciainfra.com\/blog\/wp-content\/uploads\/2024\/10\/rodovia-do-aco-kinfra-foto-antt-1.png","keywords":["BR-393","DNIT","K-Infra","Rota do A\u00e7o","STF"],"articleSection":["Geral","Giro iNFRA"],"inLanguage":"pt-BR","copyrightYear":"2025","copyrightHolder":{"@id":"https:\/\/agenciainfra.com\/blog\/#organization"}},{"@type":"WebPage","@id":"https:\/\/agenciainfra.com\/blog\/apos-decisao-do-stf-rodovia-do-aco-segue-administrada-pela-uniao\/","url":"https:\/\/agenciainfra.com\/blog\/apos-decisao-do-stf-rodovia-do-aco-segue-administrada-pela-uniao\/","name":"Ap\u00f3s decis\u00e3o do STF, Rodovia do A\u00e7o segue administrada pela Uni\u00e3o - Ag\u00eancia iNFRA","isPartOf":{"@id":"https:\/\/agenciainfra.com\/blog\/#website"},"primaryImageOfPage":{"@id":"https:\/\/agenciainfra.com\/blog\/apos-decisao-do-stf-rodovia-do-aco-segue-administrada-pela-uniao\/#primaryimage"},"image":{"@id":"https:\/\/agenciainfra.com\/blog\/apos-decisao-do-stf-rodovia-do-aco-segue-administrada-pela-uniao\/#primaryimage"},"thumbnailUrl":"https:\/\/agenciainfra.com\/blog\/wp-content\/uploads\/2024\/10\/rodovia-do-aco-kinfra-foto-antt-1.png","datePublished":"2025-08-12T23:33:31+00:00","dateModified":"2025-08-12T23:33:33+00:00","breadcrumb":{"@id":"https:\/\/agenciainfra.com\/blog\/apos-decisao-do-stf-rodovia-do-aco-segue-administrada-pela-uniao\/#breadcrumb"},"inLanguage":"pt-BR","potentialAction":[{"@type":"ReadAction","target":["https:\/\/agenciainfra.com\/blog\/apos-decisao-do-stf-rodovia-do-aco-segue-administrada-pela-uniao\/"]}]},{"@type":"ImageObject","inLanguage":"pt-BR","@id":"https:\/\/agenciainfra.com\/blog\/apos-decisao-do-stf-rodovia-do-aco-segue-administrada-pela-uniao\/#primaryimage","url":"https:\/\/agenciainfra.com\/blog\/wp-content\/uploads\/2024\/10\/rodovia-do-aco-kinfra-foto-antt-1.png","contentUrl":"https:\/\/agenciainfra.com\/blog\/wp-content\/uploads\/2024\/10\/rodovia-do-aco-kinfra-foto-antt-1.png","width":768,"height":432,"caption":"Foto: ANTT"},{"@type":"BreadcrumbList","@id":"https:\/\/agenciainfra.com\/blog\/apos-decisao-do-stf-rodovia-do-aco-segue-administrada-pela-uniao\/#breadcrumb","itemListElement":[{"@type":"ListItem","position":1,"name":"In\u00edcio","item":"https:\/\/agenciainfra.com\/blog\/"},{"@type":"ListItem","position":2,"name":"Ap\u00f3s decis\u00e3o do STF, Rodovia do A\u00e7o segue administrada pela Uni\u00e3o"}]},{"@type":"WebSite","@id":"https:\/\/agenciainfra.com\/blog\/#website","url":"https:\/\/agenciainfra.com\/blog\/","name":"Ag\u00eancia iNFRA","description":"Multiplataforma de informa\u00e7\u00e3o jornal\u00edstica refer\u00eancia na \u00e1rea de infraestrutura no Brasil!","publisher":{"@id":"https:\/\/agenciainfra.com\/blog\/#organization"},"potentialAction":[{"@type":"SearchAction","target":{"@type":"EntryPoint","urlTemplate":"https:\/\/agenciainfra.com\/blog\/?s={search_term_string}"},"query-input":{"@type":"PropertyValueSpecification","valueRequired":true,"valueName":"search_term_string"}}],"inLanguage":"pt-BR"},{"@type":"Organization","@id":"https:\/\/agenciainfra.com\/blog\/#organization","name":"Ag\u00eancia iNFRA","url":"https:\/\/agenciainfra.com\/blog\/","logo":{"@type":"ImageObject","inLanguage":"pt-BR","@id":"https:\/\/agenciainfra.com\/blog\/#\/schema\/logo\/image\/","url":"https:\/\/agenciainfra.com\/blog\/wp-content\/uploads\/2023\/09\/iNFRA_5-e1761735885940.png","contentUrl":"https:\/\/agenciainfra.com\/blog\/wp-content\/uploads\/2023\/09\/iNFRA_5-e1761735885940.png","width":1672,"height":454,"caption":"Ag\u00eancia iNFRA"},"image":{"@id":"https:\/\/agenciainfra.com\/blog\/#\/schema\/logo\/image\/"},"sameAs":["https:\/\/www.facebook.com\/ageninfra","https:\/\/x.com\/agencia_infra","https:\/\/www.linkedin.com\/company\/ag\u00eanciainfra\/","https:\/\/www.instagram.com\/agenciainfra\/"]},{"@type":"Person","@id":"https:\/\/agenciainfra.com\/blog\/#\/schema\/person\/34af08dff6adea4cb22b06612ba7acfa","name":"Ag\u00eancia iNFRA","image":{"@type":"ImageObject","inLanguage":"pt-BR","@id":"https:\/\/agenciainfra.com\/blog\/#\/schema\/person\/image\/","url":"https:\/\/secure.gravatar.com\/avatar\/d189e01678f06d8eb84d4e01f08eb848b3fffe3f8443818d3c356c66892f5be8?s=96&d=mm&r=g","contentUrl":"https:\/\/secure.gravatar.com\/avatar\/d189e01678f06d8eb84d4e01f08eb848b3fffe3f8443818d3c356c66892f5be8?s=96&d=mm&r=g","caption":"Ag\u00eancia iNFRA"},"url":"https:\/\/agenciainfra.com\/blog\/author\/admin\/"}]}},"_links":{"self":[{"href":"https:\/\/agenciainfra.com\/blog\/wp-json\/wp\/v2\/posts\/26166","targetHints":{"allow":["GET"]}}],"collection":[{"href":"https:\/\/agenciainfra.com\/blog\/wp-json\/wp\/v2\/posts"}],"about":[{"href":"https:\/\/agenciainfra.com\/blog\/wp-json\/wp\/v2\/types\/post"}],"author":[{"embeddable":true,"href":"https:\/\/agenciainfra.com\/blog\/wp-json\/wp\/v2\/users\/1"}],"replies":[{"embeddable":true,"href":"https:\/\/agenciainfra.com\/blog\/wp-json\/wp\/v2\/comments?post=26166"}],"version-history":[{"count":1,"href":"https:\/\/agenciainfra.com\/blog\/wp-json\/wp\/v2\/posts\/26166\/revisions"}],"predecessor-version":[{"id":26168,"href":"https:\/\/agenciainfra.com\/blog\/wp-json\/wp\/v2\/posts\/26166\/revisions\/26168"}],"wp:featuredmedia":[{"embeddable":true,"href":"https:\/\/agenciainfra.com\/blog\/wp-json\/wp\/v2\/media\/18719"}],"wp:attachment":[{"href":"https:\/\/agenciainfra.com\/blog\/wp-json\/wp\/v2\/media?parent=26166"}],"wp:term":[{"taxonomy":"category","embeddable":true,"href":"https:\/\/agenciainfra.com\/blog\/wp-json\/wp\/v2\/categories?post=26166"},{"taxonomy":"post_tag","embeddable":true,"href":"https:\/\/agenciainfra.com\/blog\/wp-json\/wp\/v2\/tags?post=26166"}],"curies":[{"name":"wp","href":"https:\/\/api.w.org\/{rel}","templated":true}]}}