{"id":26167,"date":"2025-08-12T20:39:34","date_gmt":"2025-08-12T23:39:34","guid":{"rendered":"https:\/\/agenciainfra.com\/blog\/?p=26167"},"modified":"2025-08-13T18:32:30","modified_gmt":"2025-08-13T21:32:30","slug":"alcolumbre-simulado-da-petrobras-na-margem-equatorial-provavelmente-sera-em-24-de-agosto","status":"publish","type":"post","link":"https:\/\/agenciainfra.com\/blog\/alcolumbre-simulado-da-petrobras-na-margem-equatorial-provavelmente-sera-em-24-de-agosto\/","title":{"rendered":"Alcolumbre: &#8216;Simulado da Petrobras na Margem Equatorial provavelmente ser\u00e1 em 24 de agosto&#8217;"},"content":{"rendered":"\n<p class=\"has-text-align-right\"><strong>Gabriel Vasconcelos, da Ag\u00eancia iNFRA<\/strong><\/p>\n\n\n\n<p>O simulado de emerg\u00eancia com sonda no litoral do Amap\u00e1, dentro da Margem Equatorial, deve acontecer no pr\u00f3ximo dia 24 de agosto, disse em nota o presidente do Senado, Davi Alcolumbre. N\u00e3o se trata de uma data fechada para a APO (Avalia\u00e7\u00e3o Pr\u00e9-Operacional), mas de uma previs\u00e3o obtida em reuni\u00e3o nesta ter\u00e7a-feira (12), entre t\u00e9cnicos do Ibama e da Petrobras. Segundo fontes, a sonda, atualmente no litoral do Par\u00e1, foi autorizada pelo Ibama a se deslocar para o ponto de perfura\u00e7\u00e3o pretendido, no chamado bloco FZA-M-59, na altura do Amap\u00e1.&nbsp;<\/p>\n\n\n\n<p>&#8220;Foi definida a realiza\u00e7\u00e3o de um exerc\u00edcio de simula\u00e7\u00e3o, com dura\u00e7\u00e3o estimada de tr\u00eas a quatro dias, para testar a capacidade de resposta das equipes. A data para a avalia\u00e7\u00e3o pr\u00e9-operacional&nbsp; provavelmente ser\u00e1 no pr\u00f3ximo dia 24, a depender da avalia\u00e7\u00e3o dos t\u00e9cnicos do Ibama e da Petrobras&#8221;, escreveu Alcolumbre. Na nota, ele sa\u00fada o acordo entre as partes sobre a realiza\u00e7\u00e3o do teste.&nbsp;<\/p>\n\n\n\n<p>O senador Randolfe Rodrigues (PT-AP) tamb\u00e9m divulgou em suas redes sociais que o teste deve ocorrer em 24 de outubro. Ele disse ter recebido a informa\u00e7\u00e3o sobre o aval ao APO da presidente da Petrobras, Magda Chambriard, mas n\u00e3o ficou claro se isso inclu\u00eda a data.<\/p>\n\n\n\n<p>De sua parte, a Petrobras apenas confirmou o aval do Ibama para o teste. A autarquia ambiental informou que &#8220;decis\u00f5es relacionadas \u00e0 APO ser\u00e3o registradas &#8220;oportunamente&#8221; no referido processo de licenciamento, via SEI [sistema eletr\u00f4nico de informa\u00e7\u00f5es]. A realiza\u00e7\u00e3o da APO \u00e9 a \u00faltima etapa do licenciamento ambiental para que a Petrobras procure petr\u00f3leo na regi\u00e3o. H\u00e1 mais de dois anos a Petrobras tenta reverter a negativa \u00e0 realiza\u00e7\u00e3o dessa APO.<\/p>\n","protected":false},"excerpt":{"rendered":"<p>Gabriel Vasconcelos, da Ag\u00eancia iNFRA O simulado de emerg\u00eancia com sonda no litoral do Amap\u00e1, dentro da Margem Equatorial, deve acontecer no pr\u00f3ximo dia 24 de agosto, disse em nota o presidente do Senado, Davi Alcolumbre. N\u00e3o se trata de uma data fechada para a APO (Avalia\u00e7\u00e3o Pr\u00e9-Operacional), mas de uma previs\u00e3o obtida em reuni\u00e3o [&hellip;]<\/p>\n","protected":false},"author":1,"featured_media":22426,"comment_status":"closed","ping_status":"closed","sticky":false,"template":"","format":"standard","meta":{"_monsterinsights_skip_tracking":false,"_monsterinsights_sitenote_active":false,"_monsterinsights_sitenote_note":"","_monsterinsights_sitenote_category":0,"footnotes":""},"categories":[1,13271],"tags":[1228,13339,13251,749,223,13269,3191,143],"class_list":["post-26167","post","type-post","status-publish","format-standard","has-post-thumbnail","hentry","category-geral","category-oleo-gas","tag-davi-alcolumbre","tag-exploracao-de-petroleo","tag-gabriel-vasconcelos","tag-ibama","tag-licenciamento-ambiental","tag-margem-equatorial","tag-oleo-e-gas","tag-petrobras"],"yoast_head":"<!-- This site is optimized with the Yoast SEO Premium plugin v25.4 (Yoast SEO v26.0) - https:\/\/yoast.com\/wordpress\/plugins\/seo\/ -->\n<title>Alcolumbre: &#039;Simulado da Petrobras na Margem Equatorial provavelmente ser\u00e1 em 24 de agosto&#039; - Ag\u00eancia iNFRA<\/title>\n<meta name=\"robots\" content=\"index, follow, max-snippet:-1, max-image-preview:large, max-video-preview:-1\" \/>\n<link rel=\"canonical\" href=\"https:\/\/agenciainfra.com\/blog\/alcolumbre-simulado-da-petrobras-na-margem-equatorial-provavelmente-sera-em-24-de-agosto\/\" \/>\n<meta property=\"og:locale\" content=\"pt_BR\" \/>\n<meta property=\"og:type\" content=\"article\" \/>\n<meta property=\"og:title\" content=\"Alcolumbre: &#039;Simulado da Petrobras na Margem Equatorial provavelmente ser\u00e1 em 24 de agosto&#039;\" \/>\n<meta property=\"og:description\" content=\"Gabriel Vasconcelos, da Ag\u00eancia iNFRA O simulado de emerg\u00eancia com sonda no litoral do Amap\u00e1, dentro da Margem Equatorial, deve acontecer no pr\u00f3ximo dia 24 de agosto, disse em nota o presidente do Senado, Davi Alcolumbre. N\u00e3o se trata de uma data fechada para a APO (Avalia\u00e7\u00e3o Pr\u00e9-Operacional), mas de uma previs\u00e3o obtida em reuni\u00e3o [&hellip;]\" \/>\n<meta property=\"og:url\" content=\"https:\/\/agenciainfra.com\/blog\/alcolumbre-simulado-da-petrobras-na-margem-equatorial-provavelmente-sera-em-24-de-agosto\/\" \/>\n<meta property=\"og:site_name\" content=\"Ag\u00eancia iNFRA\" \/>\n<meta property=\"article:publisher\" content=\"https:\/\/www.facebook.com\/ageninfra\" \/>\n<meta property=\"article:published_time\" content=\"2025-08-12T23:39:34+00:00\" \/>\n<meta property=\"article:modified_time\" content=\"2025-08-13T21:32:30+00:00\" \/>\n<meta property=\"og:image\" content=\"https:\/\/agenciainfra.com\/blog\/wp-content\/uploads\/2025\/06\/ODN-II-scaled-e1748980273156.jpeg\" \/>\n\t<meta property=\"og:image:width\" content=\"1280\" \/>\n\t<meta property=\"og:image:height\" content=\"720\" \/>\n\t<meta property=\"og:image:type\" content=\"image\/jpeg\" \/>\n<meta name=\"author\" content=\"Ag\u00eancia iNFRA\" \/>\n<meta name=\"twitter:card\" content=\"summary_large_image\" \/>\n<meta name=\"twitter:creator\" content=\"@agencia_infra\" \/>\n<meta name=\"twitter:site\" content=\"@agencia_infra\" \/>\n<meta name=\"twitter:label1\" content=\"Escrito por\" \/>\n\t<meta name=\"twitter:data1\" content=\"Ag\u00eancia iNFRA\" \/>\n\t<meta name=\"twitter:label2\" content=\"Est. tempo de leitura\" \/>\n\t<meta name=\"twitter:data2\" content=\"2 minutos\" \/>\n<script type=\"application\/ld+json\" class=\"yoast-schema-graph\">{\"@context\":\"https:\/\/schema.org\",\"@graph\":[{\"@type\":\"Article\",\"@id\":\"https:\/\/agenciainfra.com\/blog\/alcolumbre-simulado-da-petrobras-na-margem-equatorial-provavelmente-sera-em-24-de-agosto\/#article\",\"isPartOf\":{\"@id\":\"https:\/\/agenciainfra.com\/blog\/alcolumbre-simulado-da-petrobras-na-margem-equatorial-provavelmente-sera-em-24-de-agosto\/\"},\"author\":{\"name\":\"Ag\u00eancia iNFRA\",\"@id\":\"https:\/\/agenciainfra.com\/blog\/#\/schema\/person\/34af08dff6adea4cb22b06612ba7acfa\"},\"headline\":\"Alcolumbre: &#8216;Simulado da Petrobras na Margem Equatorial provavelmente ser\u00e1 em 24 de agosto&#8217;\",\"datePublished\":\"2025-08-12T23:39:34+00:00\",\"dateModified\":\"2025-08-13T21:32:30+00:00\",\"mainEntityOfPage\":{\"@id\":\"https:\/\/agenciainfra.com\/blog\/alcolumbre-simulado-da-petrobras-na-margem-equatorial-provavelmente-sera-em-24-de-agosto\/\"},\"wordCount\":319,\"publisher\":{\"@id\":\"https:\/\/agenciainfra.com\/blog\/#organization\"},\"image\":{\"@id\":\"https:\/\/agenciainfra.com\/blog\/alcolumbre-simulado-da-petrobras-na-margem-equatorial-provavelmente-sera-em-24-de-agosto\/#primaryimage\"},\"thumbnailUrl\":\"https:\/\/agenciainfra.com\/blog\/wp-content\/uploads\/2025\/06\/ODN-II-scaled-e1748980273156.jpeg\",\"keywords\":[\"Davi Alcolumbre\",\"explora\u00e7\u00e3o de petr\u00f3leo\",\"Gabriel Vasconcelos\",\"Ibama\",\"Licenciamento ambiental\",\"margem equatorial\",\"\u00f3leo e g\u00e1s\",\"Petrobras\"],\"articleSection\":[\"Geral\",\"\u00d3leo &amp; G\u00e1s\"],\"inLanguage\":\"pt-BR\",\"copyrightYear\":\"2025\",\"copyrightHolder\":{\"@id\":\"https:\/\/agenciainfra.com\/blog\/#organization\"}},{\"@type\":\"WebPage\",\"@id\":\"https:\/\/agenciainfra.com\/blog\/alcolumbre-simulado-da-petrobras-na-margem-equatorial-provavelmente-sera-em-24-de-agosto\/\",\"url\":\"https:\/\/agenciainfra.com\/blog\/alcolumbre-simulado-da-petrobras-na-margem-equatorial-provavelmente-sera-em-24-de-agosto\/\",\"name\":\"Alcolumbre: 'Simulado da Petrobras na Margem Equatorial provavelmente ser\u00e1 em 24 de agosto' - Ag\u00eancia iNFRA\",\"isPartOf\":{\"@id\":\"https:\/\/agenciainfra.com\/blog\/#website\"},\"primaryImageOfPage\":{\"@id\":\"https:\/\/agenciainfra.com\/blog\/alcolumbre-simulado-da-petrobras-na-margem-equatorial-provavelmente-sera-em-24-de-agosto\/#primaryimage\"},\"image\":{\"@id\":\"https:\/\/agenciainfra.com\/blog\/alcolumbre-simulado-da-petrobras-na-margem-equatorial-provavelmente-sera-em-24-de-agosto\/#primaryimage\"},\"thumbnailUrl\":\"https:\/\/agenciainfra.com\/blog\/wp-content\/uploads\/2025\/06\/ODN-II-scaled-e1748980273156.jpeg\",\"datePublished\":\"2025-08-12T23:39:34+00:00\",\"dateModified\":\"2025-08-13T21:32:30+00:00\",\"breadcrumb\":{\"@id\":\"https:\/\/agenciainfra.com\/blog\/alcolumbre-simulado-da-petrobras-na-margem-equatorial-provavelmente-sera-em-24-de-agosto\/#breadcrumb\"},\"inLanguage\":\"pt-BR\",\"potentialAction\":[{\"@type\":\"ReadAction\",\"target\":[\"https:\/\/agenciainfra.com\/blog\/alcolumbre-simulado-da-petrobras-na-margem-equatorial-provavelmente-sera-em-24-de-agosto\/\"]}]},{\"@type\":\"ImageObject\",\"inLanguage\":\"pt-BR\",\"@id\":\"https:\/\/agenciainfra.com\/blog\/alcolumbre-simulado-da-petrobras-na-margem-equatorial-provavelmente-sera-em-24-de-agosto\/#primaryimage\",\"url\":\"https:\/\/agenciainfra.com\/blog\/wp-content\/uploads\/2025\/06\/ODN-II-scaled-e1748980273156.jpeg\",\"contentUrl\":\"https:\/\/agenciainfra.com\/blog\/wp-content\/uploads\/2025\/06\/ODN-II-scaled-e1748980273156.jpeg\",\"width\":1280,\"height\":720,\"caption\":\"Foto: Marinha do Brasil\/Divulga\u00e7\u00e3o\"},{\"@type\":\"BreadcrumbList\",\"@id\":\"https:\/\/agenciainfra.com\/blog\/alcolumbre-simulado-da-petrobras-na-margem-equatorial-provavelmente-sera-em-24-de-agosto\/#breadcrumb\",\"itemListElement\":[{\"@type\":\"ListItem\",\"position\":1,\"name\":\"In\u00edcio\",\"item\":\"https:\/\/agenciainfra.com\/blog\/\"},{\"@type\":\"ListItem\",\"position\":2,\"name\":\"Alcolumbre: &#8216;Simulado da Petrobras na Margem Equatorial provavelmente ser\u00e1 em 24 de agosto&#8217;\"}]},{\"@type\":\"WebSite\",\"@id\":\"https:\/\/agenciainfra.com\/blog\/#website\",\"url\":\"https:\/\/agenciainfra.com\/blog\/\",\"name\":\"Ag\u00eancia iNFRA\",\"description\":\"Multiplataforma de informa\u00e7\u00e3o jornal\u00edstica refer\u00eancia na \u00e1rea de infraestrutura no Brasil!\",\"publisher\":{\"@id\":\"https:\/\/agenciainfra.com\/blog\/#organization\"},\"potentialAction\":[{\"@type\":\"SearchAction\",\"target\":{\"@type\":\"EntryPoint\",\"urlTemplate\":\"https:\/\/agenciainfra.com\/blog\/?s={search_term_string}\"},\"query-input\":{\"@type\":\"PropertyValueSpecification\",\"valueRequired\":true,\"valueName\":\"search_term_string\"}}],\"inLanguage\":\"pt-BR\"},{\"@type\":\"Organization\",\"@id\":\"https:\/\/agenciainfra.com\/blog\/#organization\",\"name\":\"Ag\u00eancia iNFRA\",\"url\":\"https:\/\/agenciainfra.com\/blog\/\",\"logo\":{\"@type\":\"ImageObject\",\"inLanguage\":\"pt-BR\",\"@id\":\"https:\/\/agenciainfra.com\/blog\/#\/schema\/logo\/image\/\",\"url\":\"https:\/\/agenciainfra.com\/blog\/wp-content\/uploads\/2023\/09\/iNFRA_5-e1761735885940.png\",\"contentUrl\":\"https:\/\/agenciainfra.com\/blog\/wp-content\/uploads\/2023\/09\/iNFRA_5-e1761735885940.png\",\"width\":1672,\"height\":454,\"caption\":\"Ag\u00eancia iNFRA\"},\"image\":{\"@id\":\"https:\/\/agenciainfra.com\/blog\/#\/schema\/logo\/image\/\"},\"sameAs\":[\"https:\/\/www.facebook.com\/ageninfra\",\"https:\/\/x.com\/agencia_infra\",\"https:\/\/www.linkedin.com\/company\/ag\u00eanciainfra\/\",\"https:\/\/www.instagram.com\/agenciainfra\/\"]},{\"@type\":\"Person\",\"@id\":\"https:\/\/agenciainfra.com\/blog\/#\/schema\/person\/34af08dff6adea4cb22b06612ba7acfa\",\"name\":\"Ag\u00eancia iNFRA\",\"image\":{\"@type\":\"ImageObject\",\"inLanguage\":\"pt-BR\",\"@id\":\"https:\/\/agenciainfra.com\/blog\/#\/schema\/person\/image\/\",\"url\":\"https:\/\/secure.gravatar.com\/avatar\/d189e01678f06d8eb84d4e01f08eb848b3fffe3f8443818d3c356c66892f5be8?s=96&d=mm&r=g\",\"contentUrl\":\"https:\/\/secure.gravatar.com\/avatar\/d189e01678f06d8eb84d4e01f08eb848b3fffe3f8443818d3c356c66892f5be8?s=96&d=mm&r=g\",\"caption\":\"Ag\u00eancia iNFRA\"},\"url\":\"https:\/\/agenciainfra.com\/blog\/author\/admin\/\"}]}<\/script>\n<!-- \/ Yoast SEO Premium plugin. -->","yoast_head_json":{"title":"Alcolumbre: 'Simulado da Petrobras na Margem Equatorial provavelmente ser\u00e1 em 24 de agosto' - Ag\u00eancia iNFRA","robots":{"index":"index","follow":"follow","max-snippet":"max-snippet:-1","max-image-preview":"max-image-preview:large","max-video-preview":"max-video-preview:-1"},"canonical":"https:\/\/agenciainfra.com\/blog\/alcolumbre-simulado-da-petrobras-na-margem-equatorial-provavelmente-sera-em-24-de-agosto\/","og_locale":"pt_BR","og_type":"article","og_title":"Alcolumbre: 'Simulado da Petrobras na Margem Equatorial provavelmente ser\u00e1 em 24 de agosto'","og_description":"Gabriel Vasconcelos, da Ag\u00eancia iNFRA O simulado de emerg\u00eancia com sonda no litoral do Amap\u00e1, dentro da Margem Equatorial, deve acontecer no pr\u00f3ximo dia 24 de agosto, disse em nota o presidente do Senado, Davi Alcolumbre. N\u00e3o se trata de uma data fechada para a APO (Avalia\u00e7\u00e3o Pr\u00e9-Operacional), mas de uma previs\u00e3o obtida em reuni\u00e3o [&hellip;]","og_url":"https:\/\/agenciainfra.com\/blog\/alcolumbre-simulado-da-petrobras-na-margem-equatorial-provavelmente-sera-em-24-de-agosto\/","og_site_name":"Ag\u00eancia iNFRA","article_publisher":"https:\/\/www.facebook.com\/ageninfra","article_published_time":"2025-08-12T23:39:34+00:00","article_modified_time":"2025-08-13T21:32:30+00:00","og_image":[{"width":1280,"height":720,"url":"https:\/\/agenciainfra.com\/blog\/wp-content\/uploads\/2025\/06\/ODN-II-scaled-e1748980273156.jpeg","type":"image\/jpeg"}],"author":"Ag\u00eancia iNFRA","twitter_card":"summary_large_image","twitter_creator":"@agencia_infra","twitter_site":"@agencia_infra","twitter_misc":{"Escrito por":"Ag\u00eancia iNFRA","Est. tempo de leitura":"2 minutos"},"schema":{"@context":"https:\/\/schema.org","@graph":[{"@type":"Article","@id":"https:\/\/agenciainfra.com\/blog\/alcolumbre-simulado-da-petrobras-na-margem-equatorial-provavelmente-sera-em-24-de-agosto\/#article","isPartOf":{"@id":"https:\/\/agenciainfra.com\/blog\/alcolumbre-simulado-da-petrobras-na-margem-equatorial-provavelmente-sera-em-24-de-agosto\/"},"author":{"name":"Ag\u00eancia iNFRA","@id":"https:\/\/agenciainfra.com\/blog\/#\/schema\/person\/34af08dff6adea4cb22b06612ba7acfa"},"headline":"Alcolumbre: &#8216;Simulado da Petrobras na Margem Equatorial provavelmente ser\u00e1 em 24 de agosto&#8217;","datePublished":"2025-08-12T23:39:34+00:00","dateModified":"2025-08-13T21:32:30+00:00","mainEntityOfPage":{"@id":"https:\/\/agenciainfra.com\/blog\/alcolumbre-simulado-da-petrobras-na-margem-equatorial-provavelmente-sera-em-24-de-agosto\/"},"wordCount":319,"publisher":{"@id":"https:\/\/agenciainfra.com\/blog\/#organization"},"image":{"@id":"https:\/\/agenciainfra.com\/blog\/alcolumbre-simulado-da-petrobras-na-margem-equatorial-provavelmente-sera-em-24-de-agosto\/#primaryimage"},"thumbnailUrl":"https:\/\/agenciainfra.com\/blog\/wp-content\/uploads\/2025\/06\/ODN-II-scaled-e1748980273156.jpeg","keywords":["Davi Alcolumbre","explora\u00e7\u00e3o de petr\u00f3leo","Gabriel Vasconcelos","Ibama","Licenciamento ambiental","margem equatorial","\u00f3leo e g\u00e1s","Petrobras"],"articleSection":["Geral","\u00d3leo &amp; G\u00e1s"],"inLanguage":"pt-BR","copyrightYear":"2025","copyrightHolder":{"@id":"https:\/\/agenciainfra.com\/blog\/#organization"}},{"@type":"WebPage","@id":"https:\/\/agenciainfra.com\/blog\/alcolumbre-simulado-da-petrobras-na-margem-equatorial-provavelmente-sera-em-24-de-agosto\/","url":"https:\/\/agenciainfra.com\/blog\/alcolumbre-simulado-da-petrobras-na-margem-equatorial-provavelmente-sera-em-24-de-agosto\/","name":"Alcolumbre: 'Simulado da Petrobras na Margem Equatorial provavelmente ser\u00e1 em 24 de agosto' - Ag\u00eancia iNFRA","isPartOf":{"@id":"https:\/\/agenciainfra.com\/blog\/#website"},"primaryImageOfPage":{"@id":"https:\/\/agenciainfra.com\/blog\/alcolumbre-simulado-da-petrobras-na-margem-equatorial-provavelmente-sera-em-24-de-agosto\/#primaryimage"},"image":{"@id":"https:\/\/agenciainfra.com\/blog\/alcolumbre-simulado-da-petrobras-na-margem-equatorial-provavelmente-sera-em-24-de-agosto\/#primaryimage"},"thumbnailUrl":"https:\/\/agenciainfra.com\/blog\/wp-content\/uploads\/2025\/06\/ODN-II-scaled-e1748980273156.jpeg","datePublished":"2025-08-12T23:39:34+00:00","dateModified":"2025-08-13T21:32:30+00:00","breadcrumb":{"@id":"https:\/\/agenciainfra.com\/blog\/alcolumbre-simulado-da-petrobras-na-margem-equatorial-provavelmente-sera-em-24-de-agosto\/#breadcrumb"},"inLanguage":"pt-BR","potentialAction":[{"@type":"ReadAction","target":["https:\/\/agenciainfra.com\/blog\/alcolumbre-simulado-da-petrobras-na-margem-equatorial-provavelmente-sera-em-24-de-agosto\/"]}]},{"@type":"ImageObject","inLanguage":"pt-BR","@id":"https:\/\/agenciainfra.com\/blog\/alcolumbre-simulado-da-petrobras-na-margem-equatorial-provavelmente-sera-em-24-de-agosto\/#primaryimage","url":"https:\/\/agenciainfra.com\/blog\/wp-content\/uploads\/2025\/06\/ODN-II-scaled-e1748980273156.jpeg","contentUrl":"https:\/\/agenciainfra.com\/blog\/wp-content\/uploads\/2025\/06\/ODN-II-scaled-e1748980273156.jpeg","width":1280,"height":720,"caption":"Foto: Marinha do Brasil\/Divulga\u00e7\u00e3o"},{"@type":"BreadcrumbList","@id":"https:\/\/agenciainfra.com\/blog\/alcolumbre-simulado-da-petrobras-na-margem-equatorial-provavelmente-sera-em-24-de-agosto\/#breadcrumb","itemListElement":[{"@type":"ListItem","position":1,"name":"In\u00edcio","item":"https:\/\/agenciainfra.com\/blog\/"},{"@type":"ListItem","position":2,"name":"Alcolumbre: &#8216;Simulado da Petrobras na Margem Equatorial provavelmente ser\u00e1 em 24 de agosto&#8217;"}]},{"@type":"WebSite","@id":"https:\/\/agenciainfra.com\/blog\/#website","url":"https:\/\/agenciainfra.com\/blog\/","name":"Ag\u00eancia iNFRA","description":"Multiplataforma de informa\u00e7\u00e3o jornal\u00edstica refer\u00eancia na \u00e1rea de infraestrutura no Brasil!","publisher":{"@id":"https:\/\/agenciainfra.com\/blog\/#organization"},"potentialAction":[{"@type":"SearchAction","target":{"@type":"EntryPoint","urlTemplate":"https:\/\/agenciainfra.com\/blog\/?s={search_term_string}"},"query-input":{"@type":"PropertyValueSpecification","valueRequired":true,"valueName":"search_term_string"}}],"inLanguage":"pt-BR"},{"@type":"Organization","@id":"https:\/\/agenciainfra.com\/blog\/#organization","name":"Ag\u00eancia iNFRA","url":"https:\/\/agenciainfra.com\/blog\/","logo":{"@type":"ImageObject","inLanguage":"pt-BR","@id":"https:\/\/agenciainfra.com\/blog\/#\/schema\/logo\/image\/","url":"https:\/\/agenciainfra.com\/blog\/wp-content\/uploads\/2023\/09\/iNFRA_5-e1761735885940.png","contentUrl":"https:\/\/agenciainfra.com\/blog\/wp-content\/uploads\/2023\/09\/iNFRA_5-e1761735885940.png","width":1672,"height":454,"caption":"Ag\u00eancia iNFRA"},"image":{"@id":"https:\/\/agenciainfra.com\/blog\/#\/schema\/logo\/image\/"},"sameAs":["https:\/\/www.facebook.com\/ageninfra","https:\/\/x.com\/agencia_infra","https:\/\/www.linkedin.com\/company\/ag\u00eanciainfra\/","https:\/\/www.instagram.com\/agenciainfra\/"]},{"@type":"Person","@id":"https:\/\/agenciainfra.com\/blog\/#\/schema\/person\/34af08dff6adea4cb22b06612ba7acfa","name":"Ag\u00eancia iNFRA","image":{"@type":"ImageObject","inLanguage":"pt-BR","@id":"https:\/\/agenciainfra.com\/blog\/#\/schema\/person\/image\/","url":"https:\/\/secure.gravatar.com\/avatar\/d189e01678f06d8eb84d4e01f08eb848b3fffe3f8443818d3c356c66892f5be8?s=96&d=mm&r=g","contentUrl":"https:\/\/secure.gravatar.com\/avatar\/d189e01678f06d8eb84d4e01f08eb848b3fffe3f8443818d3c356c66892f5be8?s=96&d=mm&r=g","caption":"Ag\u00eancia iNFRA"},"url":"https:\/\/agenciainfra.com\/blog\/author\/admin\/"}]}},"_links":{"self":[{"href":"https:\/\/agenciainfra.com\/blog\/wp-json\/wp\/v2\/posts\/26167","targetHints":{"allow":["GET"]}}],"collection":[{"href":"https:\/\/agenciainfra.com\/blog\/wp-json\/wp\/v2\/posts"}],"about":[{"href":"https:\/\/agenciainfra.com\/blog\/wp-json\/wp\/v2\/types\/post"}],"author":[{"embeddable":true,"href":"https:\/\/agenciainfra.com\/blog\/wp-json\/wp\/v2\/users\/1"}],"replies":[{"embeddable":true,"href":"https:\/\/agenciainfra.com\/blog\/wp-json\/wp\/v2\/comments?post=26167"}],"version-history":[{"count":2,"href":"https:\/\/agenciainfra.com\/blog\/wp-json\/wp\/v2\/posts\/26167\/revisions"}],"predecessor-version":[{"id":26175,"href":"https:\/\/agenciainfra.com\/blog\/wp-json\/wp\/v2\/posts\/26167\/revisions\/26175"}],"wp:featuredmedia":[{"embeddable":true,"href":"https:\/\/agenciainfra.com\/blog\/wp-json\/wp\/v2\/media\/22426"}],"wp:attachment":[{"href":"https:\/\/agenciainfra.com\/blog\/wp-json\/wp\/v2\/media?parent=26167"}],"wp:term":[{"taxonomy":"category","embeddable":true,"href":"https:\/\/agenciainfra.com\/blog\/wp-json\/wp\/v2\/categories?post=26167"},{"taxonomy":"post_tag","embeddable":true,"href":"https:\/\/agenciainfra.com\/blog\/wp-json\/wp\/v2\/tags?post=26167"}],"curies":[{"name":"wp","href":"https:\/\/api.w.org\/{rel}","templated":true}]}}