{"id":26176,"date":"2025-08-13T08:58:30","date_gmt":"2025-08-13T11:58:30","guid":{"rendered":"https:\/\/agenciainfra.com\/blog\/?p=26176"},"modified":"2025-08-14T08:09:43","modified_gmt":"2025-08-14T11:09:43","slug":"comissao-do-senado-aprova-tres-indicados-de-lula-para-diretoria-da-ana","status":"publish","type":"post","link":"https:\/\/agenciainfra.com\/blog\/comissao-do-senado-aprova-tres-indicados-de-lula-para-diretoria-da-ana\/","title":{"rendered":"Comiss\u00e3o do Senado aprova tr\u00eas indicados de Lula para diretoria da ANA"},"content":{"rendered":"\n<p class=\"has-text-align-right\"><strong>da Ag\u00eancia iNFRA<\/strong><\/p>\n\n\n\n<p>A ANA (Ag\u00eancia Nacional de \u00c1guas e Saneamento)\u00a0voltar\u00e1 a funcionar com a diretoria completa, sem substitutos, ap\u00f3s mais de dois anos. A\u00a0CMA (Comiss\u00e3o de Meio Ambiente) do Senado aprovou nesta ter\u00e7a-feira (12) as tr\u00eas escolhas do governo Lula, que tinham sido enviadas ao Legislativo no final do ano passado. Larissa de Oliveira R\u00eago, Cristiane Collet Battiston e Leonardo G\u00f3es Silva dever\u00e3o se juntar \u00e0 diretoria da ANA, que hoje tem duas titulares: Veronica S\u00e1nchez, presidente, e Ana Carolina Argolo Nascimento de Castro.<br><br>Os nomes ainda precisam ser confirmados pelo plen\u00e1rio do Senado. Embora houvesse possibilidade de que a aprova\u00e7\u00e3o acontecesse na pr\u00f3pria ter\u00e7a, uma nova sess\u00e3o foi agendada para esta quarta-feira (13), \u00e0s 14h, e a expectativa \u00e9 de que os nomes da ANA sejam chancelados pelos demais senadores.\u00a0<br><br>Os novos nomes foram sabatinados na CMA\u00a0numa sess\u00e3o tranquila e com poucas perguntas aos indicados.\u00a0Oliveira R\u00eago entrar\u00e1 na vaga de Vitor Saback, que deixou a diretoria em abril de 2023 para ocupar um posto no MME (Minist\u00e9rio de Minas e Energia), cargo no qual n\u00e3o est\u00e1 mais desde maio. J\u00e1 Battiston ficar\u00e1 na cadeira que era de Filipe de Mello Sampaio Cunha, cujo mandato terminou em janeiro. Silva ir\u00e1 para a vaga aberta com a sa\u00edda de Maur\u00edcio Abijaodi Lopes de Vasconcellos, que encerrou o mandato em janeiro do ano passado.\u00a0<br><br><strong>Curr\u00edculo<\/strong><br>Larissa de Oliveira R\u00eago \u00e9 formada em Direito e mestranda em Pol\u00edticas P\u00fablicas e Governo. Ela ocupa desde maio de 2023 o cargo de diretora do Departamento de Irriga\u00e7\u00e3o da Secretaria Nacional de Seguran\u00e7a H\u00eddrica do MIDR (Minist\u00e9rio da Integra\u00e7\u00e3o e do Desenvolvimento Regional). Tamb\u00e9m atuou como Coordenadora na C\u00e2mara T\u00e9cnica de Outorga e Cobran\u00e7a pelo Uso de Recursos H\u00eddricos, do CNRH (Conselho Nacional de Recursos H\u00eddricos).\u00a0<br><br>\u201cSempre procurei pautar minha atua\u00e7\u00e3o considerando a irriga\u00e7\u00e3o como elemento essencial e estrat\u00e9gico para o desenvolvimento regional, gera\u00e7\u00e3o de empregos e renda, bem como a produ\u00e7\u00e3o de alimentos, fibras e bioenergia, aliada a pr\u00e1ticas inovadoras e sustent\u00e1veis&#8221;, afirmou durante a sabatina.\u00a0<br><br>J\u00e1 Cristiane Collet Battiston \u00e9 desde 2023 secret\u00e1ria adjunta de Recursos H\u00eddricos da Secretaria Especial de Articula\u00e7\u00e3o e Monitoramento da Casa Civil. Na fun\u00e7\u00e3o, a engenheira civil exerceu atividades de articula\u00e7\u00e3o, coordena\u00e7\u00e3o, planejamento e monitoramento de empreendimentos de infraestrutura h\u00eddrica, acesso a \u00e1gua e revitaliza\u00e7\u00e3o de bacias hidrogr\u00e1ficas. \u201cToda a minha trajet\u00f3ria profissional foi voltada \u00e0s pol\u00edticas p\u00fablicas de recursos h\u00eddricos, saneamento b\u00e1sico e infraestrutura do nosso pa\u00eds&#8221;, disse na CMA.<br><br>Battiston tem mestrado e doutorado em Recursos H\u00eddricos e Saneamento Ambiental. De 2020 a 2022, ela foi coordenadora-geral de Gest\u00e3o Integrada da Secretaria Nacional de Seguran\u00e7a H\u00eddrica no antigo MDR (Minist\u00e9rio do Desenvolvimento Regional). Tamb\u00e9m j\u00e1 teve passagens em outros cargos do governo, como coordenadora-geral de Recursos H\u00eddricos, Saneamento e Preven\u00e7\u00e3o em \u00c1reas de Risco.<br><br>Leonardo G\u00f3es Silva \u00e9 engenheiro agr\u00f4nomo e em janeiro de 2023 chegou a ocupar o cargo de secret\u00e1rio da Secretaria Nacional de Seguran\u00e7a H\u00eddrica do MIDR. Mas logo em seguida assumiu a presid\u00eancia da Embasa (Empresa Baiana de \u00c1guas e Saneamento), onde ficou at\u00e9 ser indicado para a diretoria da ANA. \u201cSempre atuei, at\u00e9 pela minha forma\u00e7\u00e3o, na media\u00e7\u00e3o de conflitos, na constru\u00e7\u00e3o de consensos e na busca de solu\u00e7\u00f5es t\u00e9cnicas que conciliem desenvolvimento sustent\u00e1vel, gera\u00e7\u00e3o de empregos e inclus\u00e3o social, sobretudo nas \u00e1reas rurais&#8221;, disse durante a sabatina.<br><br>Silva \u00e9 mestre em Ci\u00eancias Agr\u00e1rias e p\u00f3s-graduado em Concess\u00f5es e PPPs. Entre 2019 e 2022, foi secret\u00e1rio de Infraestrutura H\u00eddrica e Saneamento do estado da Bahia, durante o governo de Rui Costa (PT), hoje ministro da Casa Civil. Na \u00e9poca, foi tamb\u00e9m presidente do Conselho de Administra\u00e7\u00e3o da Companhia de Engenharia H\u00eddrica e de Saneamento da Bahia e conselheiro da Companhia Habita\u00e7\u00e3o e Urbaniza\u00e7\u00e3o da Bahia S\/A.<\/p>\n","protected":false},"excerpt":{"rendered":"<p>da Ag\u00eancia iNFRA A ANA (Ag\u00eancia Nacional de \u00c1guas e Saneamento)\u00a0voltar\u00e1 a funcionar com a diretoria completa, sem substitutos, ap\u00f3s mais de dois anos. A\u00a0CMA (Comiss\u00e3o de Meio Ambiente) do Senado aprovou nesta ter\u00e7a-feira (12) as tr\u00eas escolhas do governo Lula, que tinham sido enviadas ao Legislativo no final do ano passado. Larissa de Oliveira [&hellip;]<\/p>\n","protected":false},"author":1,"featured_media":20021,"comment_status":"closed","ping_status":"closed","sticky":false,"template":"","format":"standard","meta":{"_monsterinsights_skip_tracking":false,"_monsterinsights_sitenote_active":false,"_monsterinsights_sitenote_note":"","_monsterinsights_sitenote_category":0,"footnotes":""},"categories":[1,7827],"tags":[3307,77,1753,14808,14807,14809],"class_list":["post-26176","post","type-post","status-publish","format-standard","has-post-thumbnail","hentry","category-geral","category-infrasaneamento","tag-agencia-nacional-de-aguas-e-saneamento-basico","tag-ana","tag-comissao-de-meio-ambiente","tag-cristiane-collet-battiston","tag-larissa-de-oliveira-rego","tag-leonardo-goes-silva"],"yoast_head":"<!-- This site is optimized with the Yoast SEO Premium plugin v25.4 (Yoast SEO v26.0) - https:\/\/yoast.com\/wordpress\/plugins\/seo\/ -->\n<title>Comiss\u00e3o do Senado aprova tr\u00eas indicados de Lula para diretoria da ANA - Ag\u00eancia iNFRA<\/title>\n<meta name=\"robots\" content=\"index, follow, max-snippet:-1, max-image-preview:large, max-video-preview:-1\" \/>\n<link rel=\"canonical\" href=\"https:\/\/agenciainfra.com\/blog\/comissao-do-senado-aprova-tres-indicados-de-lula-para-diretoria-da-ana\/\" \/>\n<meta property=\"og:locale\" content=\"pt_BR\" \/>\n<meta property=\"og:type\" content=\"article\" \/>\n<meta property=\"og:title\" content=\"Comiss\u00e3o do Senado aprova tr\u00eas indicados de Lula para diretoria da ANA\" \/>\n<meta property=\"og:description\" content=\"da Ag\u00eancia iNFRA A ANA (Ag\u00eancia Nacional de \u00c1guas e Saneamento)\u00a0voltar\u00e1 a funcionar com a diretoria completa, sem substitutos, ap\u00f3s mais de dois anos. A\u00a0CMA (Comiss\u00e3o de Meio Ambiente) do Senado aprovou nesta ter\u00e7a-feira (12) as tr\u00eas escolhas do governo Lula, que tinham sido enviadas ao Legislativo no final do ano passado. Larissa de Oliveira [&hellip;]\" \/>\n<meta property=\"og:url\" content=\"https:\/\/agenciainfra.com\/blog\/comissao-do-senado-aprova-tres-indicados-de-lula-para-diretoria-da-ana\/\" \/>\n<meta property=\"og:site_name\" content=\"Ag\u00eancia iNFRA\" \/>\n<meta property=\"article:publisher\" content=\"https:\/\/www.facebook.com\/ageninfra\" \/>\n<meta property=\"article:published_time\" content=\"2025-08-13T11:58:30+00:00\" \/>\n<meta property=\"article:modified_time\" content=\"2025-08-14T11:09:43+00:00\" \/>\n<meta property=\"og:image\" content=\"https:\/\/agenciainfra.com\/blog\/wp-content\/uploads\/2025\/01\/fachadaana-foto-ana-1.jpeg\" \/>\n\t<meta property=\"og:image:width\" content=\"1208\" \/>\n\t<meta property=\"og:image:height\" content=\"805\" \/>\n\t<meta property=\"og:image:type\" content=\"image\/jpeg\" \/>\n<meta name=\"author\" content=\"Ag\u00eancia iNFRA\" \/>\n<meta name=\"twitter:card\" content=\"summary_large_image\" \/>\n<meta name=\"twitter:creator\" content=\"@agencia_infra\" \/>\n<meta name=\"twitter:site\" content=\"@agencia_infra\" \/>\n<meta name=\"twitter:label1\" content=\"Escrito por\" \/>\n\t<meta name=\"twitter:data1\" content=\"Ag\u00eancia iNFRA\" \/>\n\t<meta name=\"twitter:label2\" content=\"Est. tempo de leitura\" \/>\n\t<meta name=\"twitter:data2\" content=\"3 minutos\" \/>\n<script type=\"application\/ld+json\" class=\"yoast-schema-graph\">{\"@context\":\"https:\/\/schema.org\",\"@graph\":[{\"@type\":\"Article\",\"@id\":\"https:\/\/agenciainfra.com\/blog\/comissao-do-senado-aprova-tres-indicados-de-lula-para-diretoria-da-ana\/#article\",\"isPartOf\":{\"@id\":\"https:\/\/agenciainfra.com\/blog\/comissao-do-senado-aprova-tres-indicados-de-lula-para-diretoria-da-ana\/\"},\"author\":{\"name\":\"Ag\u00eancia iNFRA\",\"@id\":\"https:\/\/agenciainfra.com\/blog\/#\/schema\/person\/34af08dff6adea4cb22b06612ba7acfa\"},\"headline\":\"Comiss\u00e3o do Senado aprova tr\u00eas indicados de Lula para diretoria da ANA\",\"datePublished\":\"2025-08-13T11:58:30+00:00\",\"dateModified\":\"2025-08-14T11:09:43+00:00\",\"mainEntityOfPage\":{\"@id\":\"https:\/\/agenciainfra.com\/blog\/comissao-do-senado-aprova-tres-indicados-de-lula-para-diretoria-da-ana\/\"},\"wordCount\":709,\"publisher\":{\"@id\":\"https:\/\/agenciainfra.com\/blog\/#organization\"},\"image\":{\"@id\":\"https:\/\/agenciainfra.com\/blog\/comissao-do-senado-aprova-tres-indicados-de-lula-para-diretoria-da-ana\/#primaryimage\"},\"thumbnailUrl\":\"https:\/\/agenciainfra.com\/blog\/wp-content\/uploads\/2025\/01\/fachadaana-foto-ana-1.jpeg\",\"keywords\":[\"Ag\u00eancia Nacional de \u00c1guas e Saneamento B\u00e1sico\",\"ANA\",\"Comiss\u00e3o de Meio Ambiente\",\"Cristiane Collet Battiston\",\"Larissa de Oliveira R\u00eago\",\"Leonardo G\u00f3es Silva\"],\"articleSection\":[\"Geral\",\"iNFRASaneamento\"],\"inLanguage\":\"pt-BR\",\"copyrightYear\":\"2025\",\"copyrightHolder\":{\"@id\":\"https:\/\/agenciainfra.com\/blog\/#organization\"}},{\"@type\":\"WebPage\",\"@id\":\"https:\/\/agenciainfra.com\/blog\/comissao-do-senado-aprova-tres-indicados-de-lula-para-diretoria-da-ana\/\",\"url\":\"https:\/\/agenciainfra.com\/blog\/comissao-do-senado-aprova-tres-indicados-de-lula-para-diretoria-da-ana\/\",\"name\":\"Comiss\u00e3o do Senado aprova tr\u00eas indicados de Lula para diretoria da ANA - Ag\u00eancia iNFRA\",\"isPartOf\":{\"@id\":\"https:\/\/agenciainfra.com\/blog\/#website\"},\"primaryImageOfPage\":{\"@id\":\"https:\/\/agenciainfra.com\/blog\/comissao-do-senado-aprova-tres-indicados-de-lula-para-diretoria-da-ana\/#primaryimage\"},\"image\":{\"@id\":\"https:\/\/agenciainfra.com\/blog\/comissao-do-senado-aprova-tres-indicados-de-lula-para-diretoria-da-ana\/#primaryimage\"},\"thumbnailUrl\":\"https:\/\/agenciainfra.com\/blog\/wp-content\/uploads\/2025\/01\/fachadaana-foto-ana-1.jpeg\",\"datePublished\":\"2025-08-13T11:58:30+00:00\",\"dateModified\":\"2025-08-14T11:09:43+00:00\",\"breadcrumb\":{\"@id\":\"https:\/\/agenciainfra.com\/blog\/comissao-do-senado-aprova-tres-indicados-de-lula-para-diretoria-da-ana\/#breadcrumb\"},\"inLanguage\":\"pt-BR\",\"potentialAction\":[{\"@type\":\"ReadAction\",\"target\":[\"https:\/\/agenciainfra.com\/blog\/comissao-do-senado-aprova-tres-indicados-de-lula-para-diretoria-da-ana\/\"]}]},{\"@type\":\"ImageObject\",\"inLanguage\":\"pt-BR\",\"@id\":\"https:\/\/agenciainfra.com\/blog\/comissao-do-senado-aprova-tres-indicados-de-lula-para-diretoria-da-ana\/#primaryimage\",\"url\":\"https:\/\/agenciainfra.com\/blog\/wp-content\/uploads\/2025\/01\/fachadaana-foto-ana-1.jpeg\",\"contentUrl\":\"https:\/\/agenciainfra.com\/blog\/wp-content\/uploads\/2025\/01\/fachadaana-foto-ana-1.jpeg\",\"width\":1208,\"height\":805,\"caption\":\"Foto: ANA\"},{\"@type\":\"BreadcrumbList\",\"@id\":\"https:\/\/agenciainfra.com\/blog\/comissao-do-senado-aprova-tres-indicados-de-lula-para-diretoria-da-ana\/#breadcrumb\",\"itemListElement\":[{\"@type\":\"ListItem\",\"position\":1,\"name\":\"In\u00edcio\",\"item\":\"https:\/\/agenciainfra.com\/blog\/\"},{\"@type\":\"ListItem\",\"position\":2,\"name\":\"Comiss\u00e3o do Senado aprova tr\u00eas indicados de Lula para diretoria da ANA\"}]},{\"@type\":\"WebSite\",\"@id\":\"https:\/\/agenciainfra.com\/blog\/#website\",\"url\":\"https:\/\/agenciainfra.com\/blog\/\",\"name\":\"Ag\u00eancia iNFRA\",\"description\":\"Multiplataforma de informa\u00e7\u00e3o jornal\u00edstica refer\u00eancia na \u00e1rea de infraestrutura no Brasil!\",\"publisher\":{\"@id\":\"https:\/\/agenciainfra.com\/blog\/#organization\"},\"potentialAction\":[{\"@type\":\"SearchAction\",\"target\":{\"@type\":\"EntryPoint\",\"urlTemplate\":\"https:\/\/agenciainfra.com\/blog\/?s={search_term_string}\"},\"query-input\":{\"@type\":\"PropertyValueSpecification\",\"valueRequired\":true,\"valueName\":\"search_term_string\"}}],\"inLanguage\":\"pt-BR\"},{\"@type\":\"Organization\",\"@id\":\"https:\/\/agenciainfra.com\/blog\/#organization\",\"name\":\"Ag\u00eancia iNFRA\",\"url\":\"https:\/\/agenciainfra.com\/blog\/\",\"logo\":{\"@type\":\"ImageObject\",\"inLanguage\":\"pt-BR\",\"@id\":\"https:\/\/agenciainfra.com\/blog\/#\/schema\/logo\/image\/\",\"url\":\"https:\/\/agenciainfra.com\/blog\/wp-content\/uploads\/2023\/09\/iNFRA_5-e1761735885940.png\",\"contentUrl\":\"https:\/\/agenciainfra.com\/blog\/wp-content\/uploads\/2023\/09\/iNFRA_5-e1761735885940.png\",\"width\":1672,\"height\":454,\"caption\":\"Ag\u00eancia iNFRA\"},\"image\":{\"@id\":\"https:\/\/agenciainfra.com\/blog\/#\/schema\/logo\/image\/\"},\"sameAs\":[\"https:\/\/www.facebook.com\/ageninfra\",\"https:\/\/x.com\/agencia_infra\",\"https:\/\/www.linkedin.com\/company\/ag\u00eanciainfra\/\",\"https:\/\/www.instagram.com\/agenciainfra\/\"]},{\"@type\":\"Person\",\"@id\":\"https:\/\/agenciainfra.com\/blog\/#\/schema\/person\/34af08dff6adea4cb22b06612ba7acfa\",\"name\":\"Ag\u00eancia iNFRA\",\"image\":{\"@type\":\"ImageObject\",\"inLanguage\":\"pt-BR\",\"@id\":\"https:\/\/agenciainfra.com\/blog\/#\/schema\/person\/image\/\",\"url\":\"https:\/\/secure.gravatar.com\/avatar\/d189e01678f06d8eb84d4e01f08eb848b3fffe3f8443818d3c356c66892f5be8?s=96&d=mm&r=g\",\"contentUrl\":\"https:\/\/secure.gravatar.com\/avatar\/d189e01678f06d8eb84d4e01f08eb848b3fffe3f8443818d3c356c66892f5be8?s=96&d=mm&r=g\",\"caption\":\"Ag\u00eancia iNFRA\"},\"url\":\"https:\/\/agenciainfra.com\/blog\/author\/admin\/\"}]}<\/script>\n<!-- \/ Yoast SEO Premium plugin. -->","yoast_head_json":{"title":"Comiss\u00e3o do Senado aprova tr\u00eas indicados de Lula para diretoria da ANA - Ag\u00eancia iNFRA","robots":{"index":"index","follow":"follow","max-snippet":"max-snippet:-1","max-image-preview":"max-image-preview:large","max-video-preview":"max-video-preview:-1"},"canonical":"https:\/\/agenciainfra.com\/blog\/comissao-do-senado-aprova-tres-indicados-de-lula-para-diretoria-da-ana\/","og_locale":"pt_BR","og_type":"article","og_title":"Comiss\u00e3o do Senado aprova tr\u00eas indicados de Lula para diretoria da ANA","og_description":"da Ag\u00eancia iNFRA A ANA (Ag\u00eancia Nacional de \u00c1guas e Saneamento)\u00a0voltar\u00e1 a funcionar com a diretoria completa, sem substitutos, ap\u00f3s mais de dois anos. A\u00a0CMA (Comiss\u00e3o de Meio Ambiente) do Senado aprovou nesta ter\u00e7a-feira (12) as tr\u00eas escolhas do governo Lula, que tinham sido enviadas ao Legislativo no final do ano passado. Larissa de Oliveira [&hellip;]","og_url":"https:\/\/agenciainfra.com\/blog\/comissao-do-senado-aprova-tres-indicados-de-lula-para-diretoria-da-ana\/","og_site_name":"Ag\u00eancia iNFRA","article_publisher":"https:\/\/www.facebook.com\/ageninfra","article_published_time":"2025-08-13T11:58:30+00:00","article_modified_time":"2025-08-14T11:09:43+00:00","og_image":[{"width":1208,"height":805,"url":"https:\/\/agenciainfra.com\/blog\/wp-content\/uploads\/2025\/01\/fachadaana-foto-ana-1.jpeg","type":"image\/jpeg"}],"author":"Ag\u00eancia iNFRA","twitter_card":"summary_large_image","twitter_creator":"@agencia_infra","twitter_site":"@agencia_infra","twitter_misc":{"Escrito por":"Ag\u00eancia iNFRA","Est. tempo de leitura":"3 minutos"},"schema":{"@context":"https:\/\/schema.org","@graph":[{"@type":"Article","@id":"https:\/\/agenciainfra.com\/blog\/comissao-do-senado-aprova-tres-indicados-de-lula-para-diretoria-da-ana\/#article","isPartOf":{"@id":"https:\/\/agenciainfra.com\/blog\/comissao-do-senado-aprova-tres-indicados-de-lula-para-diretoria-da-ana\/"},"author":{"name":"Ag\u00eancia iNFRA","@id":"https:\/\/agenciainfra.com\/blog\/#\/schema\/person\/34af08dff6adea4cb22b06612ba7acfa"},"headline":"Comiss\u00e3o do Senado aprova tr\u00eas indicados de Lula para diretoria da ANA","datePublished":"2025-08-13T11:58:30+00:00","dateModified":"2025-08-14T11:09:43+00:00","mainEntityOfPage":{"@id":"https:\/\/agenciainfra.com\/blog\/comissao-do-senado-aprova-tres-indicados-de-lula-para-diretoria-da-ana\/"},"wordCount":709,"publisher":{"@id":"https:\/\/agenciainfra.com\/blog\/#organization"},"image":{"@id":"https:\/\/agenciainfra.com\/blog\/comissao-do-senado-aprova-tres-indicados-de-lula-para-diretoria-da-ana\/#primaryimage"},"thumbnailUrl":"https:\/\/agenciainfra.com\/blog\/wp-content\/uploads\/2025\/01\/fachadaana-foto-ana-1.jpeg","keywords":["Ag\u00eancia Nacional de \u00c1guas e Saneamento B\u00e1sico","ANA","Comiss\u00e3o de Meio Ambiente","Cristiane Collet Battiston","Larissa de Oliveira R\u00eago","Leonardo G\u00f3es Silva"],"articleSection":["Geral","iNFRASaneamento"],"inLanguage":"pt-BR","copyrightYear":"2025","copyrightHolder":{"@id":"https:\/\/agenciainfra.com\/blog\/#organization"}},{"@type":"WebPage","@id":"https:\/\/agenciainfra.com\/blog\/comissao-do-senado-aprova-tres-indicados-de-lula-para-diretoria-da-ana\/","url":"https:\/\/agenciainfra.com\/blog\/comissao-do-senado-aprova-tres-indicados-de-lula-para-diretoria-da-ana\/","name":"Comiss\u00e3o do Senado aprova tr\u00eas indicados de Lula para diretoria da ANA - Ag\u00eancia iNFRA","isPartOf":{"@id":"https:\/\/agenciainfra.com\/blog\/#website"},"primaryImageOfPage":{"@id":"https:\/\/agenciainfra.com\/blog\/comissao-do-senado-aprova-tres-indicados-de-lula-para-diretoria-da-ana\/#primaryimage"},"image":{"@id":"https:\/\/agenciainfra.com\/blog\/comissao-do-senado-aprova-tres-indicados-de-lula-para-diretoria-da-ana\/#primaryimage"},"thumbnailUrl":"https:\/\/agenciainfra.com\/blog\/wp-content\/uploads\/2025\/01\/fachadaana-foto-ana-1.jpeg","datePublished":"2025-08-13T11:58:30+00:00","dateModified":"2025-08-14T11:09:43+00:00","breadcrumb":{"@id":"https:\/\/agenciainfra.com\/blog\/comissao-do-senado-aprova-tres-indicados-de-lula-para-diretoria-da-ana\/#breadcrumb"},"inLanguage":"pt-BR","potentialAction":[{"@type":"ReadAction","target":["https:\/\/agenciainfra.com\/blog\/comissao-do-senado-aprova-tres-indicados-de-lula-para-diretoria-da-ana\/"]}]},{"@type":"ImageObject","inLanguage":"pt-BR","@id":"https:\/\/agenciainfra.com\/blog\/comissao-do-senado-aprova-tres-indicados-de-lula-para-diretoria-da-ana\/#primaryimage","url":"https:\/\/agenciainfra.com\/blog\/wp-content\/uploads\/2025\/01\/fachadaana-foto-ana-1.jpeg","contentUrl":"https:\/\/agenciainfra.com\/blog\/wp-content\/uploads\/2025\/01\/fachadaana-foto-ana-1.jpeg","width":1208,"height":805,"caption":"Foto: ANA"},{"@type":"BreadcrumbList","@id":"https:\/\/agenciainfra.com\/blog\/comissao-do-senado-aprova-tres-indicados-de-lula-para-diretoria-da-ana\/#breadcrumb","itemListElement":[{"@type":"ListItem","position":1,"name":"In\u00edcio","item":"https:\/\/agenciainfra.com\/blog\/"},{"@type":"ListItem","position":2,"name":"Comiss\u00e3o do Senado aprova tr\u00eas indicados de Lula para diretoria da ANA"}]},{"@type":"WebSite","@id":"https:\/\/agenciainfra.com\/blog\/#website","url":"https:\/\/agenciainfra.com\/blog\/","name":"Ag\u00eancia iNFRA","description":"Multiplataforma de informa\u00e7\u00e3o jornal\u00edstica refer\u00eancia na \u00e1rea de infraestrutura no Brasil!","publisher":{"@id":"https:\/\/agenciainfra.com\/blog\/#organization"},"potentialAction":[{"@type":"SearchAction","target":{"@type":"EntryPoint","urlTemplate":"https:\/\/agenciainfra.com\/blog\/?s={search_term_string}"},"query-input":{"@type":"PropertyValueSpecification","valueRequired":true,"valueName":"search_term_string"}}],"inLanguage":"pt-BR"},{"@type":"Organization","@id":"https:\/\/agenciainfra.com\/blog\/#organization","name":"Ag\u00eancia iNFRA","url":"https:\/\/agenciainfra.com\/blog\/","logo":{"@type":"ImageObject","inLanguage":"pt-BR","@id":"https:\/\/agenciainfra.com\/blog\/#\/schema\/logo\/image\/","url":"https:\/\/agenciainfra.com\/blog\/wp-content\/uploads\/2023\/09\/iNFRA_5-e1761735885940.png","contentUrl":"https:\/\/agenciainfra.com\/blog\/wp-content\/uploads\/2023\/09\/iNFRA_5-e1761735885940.png","width":1672,"height":454,"caption":"Ag\u00eancia iNFRA"},"image":{"@id":"https:\/\/agenciainfra.com\/blog\/#\/schema\/logo\/image\/"},"sameAs":["https:\/\/www.facebook.com\/ageninfra","https:\/\/x.com\/agencia_infra","https:\/\/www.linkedin.com\/company\/ag\u00eanciainfra\/","https:\/\/www.instagram.com\/agenciainfra\/"]},{"@type":"Person","@id":"https:\/\/agenciainfra.com\/blog\/#\/schema\/person\/34af08dff6adea4cb22b06612ba7acfa","name":"Ag\u00eancia iNFRA","image":{"@type":"ImageObject","inLanguage":"pt-BR","@id":"https:\/\/agenciainfra.com\/blog\/#\/schema\/person\/image\/","url":"https:\/\/secure.gravatar.com\/avatar\/d189e01678f06d8eb84d4e01f08eb848b3fffe3f8443818d3c356c66892f5be8?s=96&d=mm&r=g","contentUrl":"https:\/\/secure.gravatar.com\/avatar\/d189e01678f06d8eb84d4e01f08eb848b3fffe3f8443818d3c356c66892f5be8?s=96&d=mm&r=g","caption":"Ag\u00eancia iNFRA"},"url":"https:\/\/agenciainfra.com\/blog\/author\/admin\/"}]}},"_links":{"self":[{"href":"https:\/\/agenciainfra.com\/blog\/wp-json\/wp\/v2\/posts\/26176","targetHints":{"allow":["GET"]}}],"collection":[{"href":"https:\/\/agenciainfra.com\/blog\/wp-json\/wp\/v2\/posts"}],"about":[{"href":"https:\/\/agenciainfra.com\/blog\/wp-json\/wp\/v2\/types\/post"}],"author":[{"embeddable":true,"href":"https:\/\/agenciainfra.com\/blog\/wp-json\/wp\/v2\/users\/1"}],"replies":[{"embeddable":true,"href":"https:\/\/agenciainfra.com\/blog\/wp-json\/wp\/v2\/comments?post=26176"}],"version-history":[{"count":1,"href":"https:\/\/agenciainfra.com\/blog\/wp-json\/wp\/v2\/posts\/26176\/revisions"}],"predecessor-version":[{"id":26177,"href":"https:\/\/agenciainfra.com\/blog\/wp-json\/wp\/v2\/posts\/26176\/revisions\/26177"}],"wp:featuredmedia":[{"embeddable":true,"href":"https:\/\/agenciainfra.com\/blog\/wp-json\/wp\/v2\/media\/20021"}],"wp:attachment":[{"href":"https:\/\/agenciainfra.com\/blog\/wp-json\/wp\/v2\/media?parent=26176"}],"wp:term":[{"taxonomy":"category","embeddable":true,"href":"https:\/\/agenciainfra.com\/blog\/wp-json\/wp\/v2\/categories?post=26176"},{"taxonomy":"post_tag","embeddable":true,"href":"https:\/\/agenciainfra.com\/blog\/wp-json\/wp\/v2\/tags?post=26176"}],"curies":[{"name":"wp","href":"https:\/\/api.w.org\/{rel}","templated":true}]}}