{"id":26178,"date":"2025-08-13T10:00:00","date_gmt":"2025-08-13T13:00:00","guid":{"rendered":"https:\/\/agenciainfra.com\/blog\/?p=26178"},"modified":"2025-08-14T09:05:58","modified_gmt":"2025-08-14T12:05:58","slug":"cautelar-a-leilao-do-gsf-no-tcu-e-negada-mas-vai-para-analise-tecnica","status":"publish","type":"post","link":"https:\/\/agenciainfra.com\/blog\/cautelar-a-leilao-do-gsf-no-tcu-e-negada-mas-vai-para-analise-tecnica\/","title":{"rendered":"Cautelar a leil\u00e3o do GSF no TCU \u00e9 negada, mas vai para an\u00e1lise t\u00e9cnica"},"content":{"rendered":"\n<p class=\"has-text-align-right\"><strong>Marisa Wanzeller e Geraldo Campos Jr., da Ag\u00eancia iNFRA<\/strong><\/p>\n\n\n\n<p>O ministro Jorge Oliveira, do TCU (Tribunal de Contas da Uni\u00e3o),\u00a0negou\u00a0pedido de cautelar para suspender o leil\u00e3o do GSF (risco hidrol\u00f3gico), mas encaminhou o debate acerca da taxa de desconto (WACC) utilizada no certame para an\u00e1lise t\u00e9cnica. A representa\u00e7\u00e3o em an\u00e1lise foi protocolada pelo subprocurador-geral do MPTU (Minist\u00e9rio P\u00fablico junto ao TCU), Lucas Furtado.<br><br>Segundo o ministro, n\u00e3o h\u00e1 risco ao interesse p\u00fablico que justifique a suspens\u00e3o do leil\u00e3o. Ele ressalta que \u201cem termos concretos\u201d, considerando os lances e os \u00e1gios, a taxa de desconto m\u00e9dia do certame realizado em 1\u00ba de agosto foi de 7,5%, inferior ao desconto aplicado em 2015, que era de 9,63%.<br><br>\u201cOu seja, em fun\u00e7\u00e3o da competitividade do certame, obteve-se uma taxa m\u00e9dia de desconto inferior at\u00e9 mesmo \u00e0quela apontada como \u00fanica poss\u00edvel pelo diretor da ANEEL [Ag\u00eancia Nacional de Energia El\u00e9trica] que discordou da interpreta\u00e7\u00e3o do MME [Minist\u00e9rio de Minas e Energia]&#8221;, diz o relator, referindo-se aos questionamentos levantados pelo diretor Fernando Mosna.<br><br>A decis\u00e3o do ministro seguiu a\u00a0instru\u00e7\u00e3o t\u00e9cnica\u00a0da AudEl\u00e9trica, que afirmou que \u201cn\u00e3o se vislumbra no texto legal uma veda\u00e7\u00e3o a que o MME realizasse esses c\u00e1lculos e atualiza\u00e7\u00f5es, buscando, inclusive, aplicar regras regulat\u00f3rias mais aprimoradas que as de 2015&#8243;, destacam. Mosna argumentava que deveria ser aplicada a taxa de 2015 conforme determinava a MP (Medida Provis\u00f3ria) 1.300\/2025, de 9,63%, e n\u00e3o a estabelecida pelo MME para este ano, de 10,94%.<br><br>Os t\u00e9cnicos analisam que, apesar da alega\u00e7\u00e3o do diretor de que o MME utilizou uma metodologia diferente da de 2015 para calcular a taxa de retorno do mecanismo deste ano, verificou-se que a metodologia atual decorre de aprimoramentos nos c\u00e1lculos conforme resultado de consulta p\u00fablica realizada pela reguladora.<\/p>\n","protected":false},"excerpt":{"rendered":"<p>Marisa Wanzeller e Geraldo Campos Jr., da Ag\u00eancia iNFRA O ministro Jorge Oliveira, do TCU (Tribunal de Contas da Uni\u00e3o),\u00a0negou\u00a0pedido de cautelar para suspender o leil\u00e3o do GSF (risco hidrol\u00f3gico), mas encaminhou o debate acerca da taxa de desconto (WACC) utilizada no certame para an\u00e1lise t\u00e9cnica. A representa\u00e7\u00e3o em an\u00e1lise foi protocolada pelo subprocurador-geral do [&hellip;]<\/p>\n","protected":false},"author":1,"featured_media":14854,"comment_status":"closed","ping_status":"closed","sticky":false,"template":"","format":"standard","meta":{"_monsterinsights_skip_tracking":false,"_monsterinsights_sitenote_active":false,"_monsterinsights_sitenote_note":"","_monsterinsights_sitenote_category":0,"footnotes":""},"categories":[1,10],"tags":[11594,13851,7366,193,18],"class_list":["post-26178","post","type-post","status-publish","format-standard","has-post-thumbnail","hentry","category-geral","category-infraenergia","tag-geraldo-campos-jr","tag-leilao-do-gsf","tag-marisa-wanzeller","tag-risco-hidrologico","tag-tcu"],"yoast_head":"<!-- This site is optimized with the Yoast SEO Premium plugin v25.4 (Yoast SEO v26.0) - https:\/\/yoast.com\/wordpress\/plugins\/seo\/ -->\n<title>Cautelar a leil\u00e3o do GSF no TCU \u00e9 negada, mas vai para an\u00e1lise t\u00e9cnica - Ag\u00eancia iNFRA<\/title>\n<meta name=\"robots\" content=\"index, follow, max-snippet:-1, max-image-preview:large, max-video-preview:-1\" \/>\n<link rel=\"canonical\" href=\"https:\/\/agenciainfra.com\/blog\/cautelar-a-leilao-do-gsf-no-tcu-e-negada-mas-vai-para-analise-tecnica\/\" \/>\n<meta property=\"og:locale\" content=\"pt_BR\" \/>\n<meta property=\"og:type\" content=\"article\" \/>\n<meta property=\"og:title\" content=\"Cautelar a leil\u00e3o do GSF no TCU \u00e9 negada, mas vai para an\u00e1lise t\u00e9cnica\" \/>\n<meta property=\"og:description\" content=\"Marisa Wanzeller e Geraldo Campos Jr., da Ag\u00eancia iNFRA O ministro Jorge Oliveira, do TCU (Tribunal de Contas da Uni\u00e3o),\u00a0negou\u00a0pedido de cautelar para suspender o leil\u00e3o do GSF (risco hidrol\u00f3gico), mas encaminhou o debate acerca da taxa de desconto (WACC) utilizada no certame para an\u00e1lise t\u00e9cnica. A representa\u00e7\u00e3o em an\u00e1lise foi protocolada pelo subprocurador-geral do [&hellip;]\" \/>\n<meta property=\"og:url\" content=\"https:\/\/agenciainfra.com\/blog\/cautelar-a-leilao-do-gsf-no-tcu-e-negada-mas-vai-para-analise-tecnica\/\" \/>\n<meta property=\"og:site_name\" content=\"Ag\u00eancia iNFRA\" \/>\n<meta property=\"article:publisher\" content=\"https:\/\/www.facebook.com\/ageninfra\" \/>\n<meta property=\"article:published_time\" content=\"2025-08-13T13:00:00+00:00\" \/>\n<meta property=\"article:modified_time\" content=\"2025-08-14T12:05:58+00:00\" \/>\n<meta property=\"og:image\" content=\"https:\/\/agenciainfra.com\/blog\/wp-content\/uploads\/2023\/11\/ministro-jorge-oliveira-flickr-tcu.jpg\" \/>\n\t<meta property=\"og:image:width\" content=\"1202\" \/>\n\t<meta property=\"og:image:height\" content=\"801\" \/>\n\t<meta property=\"og:image:type\" content=\"image\/jpeg\" \/>\n<meta name=\"author\" content=\"Ag\u00eancia iNFRA\" \/>\n<meta name=\"twitter:card\" content=\"summary_large_image\" \/>\n<meta name=\"twitter:creator\" content=\"@agencia_infra\" \/>\n<meta name=\"twitter:site\" content=\"@agencia_infra\" \/>\n<meta name=\"twitter:label1\" content=\"Escrito por\" \/>\n\t<meta name=\"twitter:data1\" content=\"Ag\u00eancia iNFRA\" \/>\n\t<meta name=\"twitter:label2\" content=\"Est. tempo de leitura\" \/>\n\t<meta name=\"twitter:data2\" content=\"2 minutos\" \/>\n<script type=\"application\/ld+json\" class=\"yoast-schema-graph\">{\"@context\":\"https:\/\/schema.org\",\"@graph\":[{\"@type\":\"Article\",\"@id\":\"https:\/\/agenciainfra.com\/blog\/cautelar-a-leilao-do-gsf-no-tcu-e-negada-mas-vai-para-analise-tecnica\/#article\",\"isPartOf\":{\"@id\":\"https:\/\/agenciainfra.com\/blog\/cautelar-a-leilao-do-gsf-no-tcu-e-negada-mas-vai-para-analise-tecnica\/\"},\"author\":{\"name\":\"Ag\u00eancia iNFRA\",\"@id\":\"https:\/\/agenciainfra.com\/blog\/#\/schema\/person\/34af08dff6adea4cb22b06612ba7acfa\"},\"headline\":\"Cautelar a leil\u00e3o do GSF no TCU \u00e9 negada, mas vai para an\u00e1lise t\u00e9cnica\",\"datePublished\":\"2025-08-13T13:00:00+00:00\",\"dateModified\":\"2025-08-14T12:05:58+00:00\",\"mainEntityOfPage\":{\"@id\":\"https:\/\/agenciainfra.com\/blog\/cautelar-a-leilao-do-gsf-no-tcu-e-negada-mas-vai-para-analise-tecnica\/\"},\"wordCount\":333,\"publisher\":{\"@id\":\"https:\/\/agenciainfra.com\/blog\/#organization\"},\"image\":{\"@id\":\"https:\/\/agenciainfra.com\/blog\/cautelar-a-leilao-do-gsf-no-tcu-e-negada-mas-vai-para-analise-tecnica\/#primaryimage\"},\"thumbnailUrl\":\"https:\/\/agenciainfra.com\/blog\/wp-content\/uploads\/2023\/11\/ministro-jorge-oliveira-flickr-tcu.jpg\",\"keywords\":[\"Geraldo Campos Jr.\",\"leil\u00e3o do GSF\",\"Marisa Wanzeller\",\"risco hidrol\u00f3gico\",\"TCU\"],\"articleSection\":[\"Geral\",\"iNFRAEnergia\"],\"inLanguage\":\"pt-BR\",\"copyrightYear\":\"2025\",\"copyrightHolder\":{\"@id\":\"https:\/\/agenciainfra.com\/blog\/#organization\"}},{\"@type\":\"WebPage\",\"@id\":\"https:\/\/agenciainfra.com\/blog\/cautelar-a-leilao-do-gsf-no-tcu-e-negada-mas-vai-para-analise-tecnica\/\",\"url\":\"https:\/\/agenciainfra.com\/blog\/cautelar-a-leilao-do-gsf-no-tcu-e-negada-mas-vai-para-analise-tecnica\/\",\"name\":\"Cautelar a leil\u00e3o do GSF no TCU \u00e9 negada, mas vai para an\u00e1lise t\u00e9cnica - Ag\u00eancia iNFRA\",\"isPartOf\":{\"@id\":\"https:\/\/agenciainfra.com\/blog\/#website\"},\"primaryImageOfPage\":{\"@id\":\"https:\/\/agenciainfra.com\/blog\/cautelar-a-leilao-do-gsf-no-tcu-e-negada-mas-vai-para-analise-tecnica\/#primaryimage\"},\"image\":{\"@id\":\"https:\/\/agenciainfra.com\/blog\/cautelar-a-leilao-do-gsf-no-tcu-e-negada-mas-vai-para-analise-tecnica\/#primaryimage\"},\"thumbnailUrl\":\"https:\/\/agenciainfra.com\/blog\/wp-content\/uploads\/2023\/11\/ministro-jorge-oliveira-flickr-tcu.jpg\",\"datePublished\":\"2025-08-13T13:00:00+00:00\",\"dateModified\":\"2025-08-14T12:05:58+00:00\",\"breadcrumb\":{\"@id\":\"https:\/\/agenciainfra.com\/blog\/cautelar-a-leilao-do-gsf-no-tcu-e-negada-mas-vai-para-analise-tecnica\/#breadcrumb\"},\"inLanguage\":\"pt-BR\",\"potentialAction\":[{\"@type\":\"ReadAction\",\"target\":[\"https:\/\/agenciainfra.com\/blog\/cautelar-a-leilao-do-gsf-no-tcu-e-negada-mas-vai-para-analise-tecnica\/\"]}]},{\"@type\":\"ImageObject\",\"inLanguage\":\"pt-BR\",\"@id\":\"https:\/\/agenciainfra.com\/blog\/cautelar-a-leilao-do-gsf-no-tcu-e-negada-mas-vai-para-analise-tecnica\/#primaryimage\",\"url\":\"https:\/\/agenciainfra.com\/blog\/wp-content\/uploads\/2023\/11\/ministro-jorge-oliveira-flickr-tcu.jpg\",\"contentUrl\":\"https:\/\/agenciainfra.com\/blog\/wp-content\/uploads\/2023\/11\/ministro-jorge-oliveira-flickr-tcu.jpg\",\"width\":1202,\"height\":801,\"caption\":\"Foto: TCU\"},{\"@type\":\"BreadcrumbList\",\"@id\":\"https:\/\/agenciainfra.com\/blog\/cautelar-a-leilao-do-gsf-no-tcu-e-negada-mas-vai-para-analise-tecnica\/#breadcrumb\",\"itemListElement\":[{\"@type\":\"ListItem\",\"position\":1,\"name\":\"In\u00edcio\",\"item\":\"https:\/\/agenciainfra.com\/blog\/\"},{\"@type\":\"ListItem\",\"position\":2,\"name\":\"Cautelar a leil\u00e3o do GSF no TCU \u00e9 negada, mas vai para an\u00e1lise t\u00e9cnica\"}]},{\"@type\":\"WebSite\",\"@id\":\"https:\/\/agenciainfra.com\/blog\/#website\",\"url\":\"https:\/\/agenciainfra.com\/blog\/\",\"name\":\"Ag\u00eancia iNFRA\",\"description\":\"Multiplataforma de informa\u00e7\u00e3o jornal\u00edstica refer\u00eancia na \u00e1rea de infraestrutura no Brasil!\",\"publisher\":{\"@id\":\"https:\/\/agenciainfra.com\/blog\/#organization\"},\"potentialAction\":[{\"@type\":\"SearchAction\",\"target\":{\"@type\":\"EntryPoint\",\"urlTemplate\":\"https:\/\/agenciainfra.com\/blog\/?s={search_term_string}\"},\"query-input\":{\"@type\":\"PropertyValueSpecification\",\"valueRequired\":true,\"valueName\":\"search_term_string\"}}],\"inLanguage\":\"pt-BR\"},{\"@type\":\"Organization\",\"@id\":\"https:\/\/agenciainfra.com\/blog\/#organization\",\"name\":\"Ag\u00eancia iNFRA\",\"url\":\"https:\/\/agenciainfra.com\/blog\/\",\"logo\":{\"@type\":\"ImageObject\",\"inLanguage\":\"pt-BR\",\"@id\":\"https:\/\/agenciainfra.com\/blog\/#\/schema\/logo\/image\/\",\"url\":\"https:\/\/agenciainfra.com\/blog\/wp-content\/uploads\/2023\/09\/iNFRA_5-e1761735885940.png\",\"contentUrl\":\"https:\/\/agenciainfra.com\/blog\/wp-content\/uploads\/2023\/09\/iNFRA_5-e1761735885940.png\",\"width\":1672,\"height\":454,\"caption\":\"Ag\u00eancia iNFRA\"},\"image\":{\"@id\":\"https:\/\/agenciainfra.com\/blog\/#\/schema\/logo\/image\/\"},\"sameAs\":[\"https:\/\/www.facebook.com\/ageninfra\",\"https:\/\/x.com\/agencia_infra\",\"https:\/\/www.linkedin.com\/company\/ag\u00eanciainfra\/\",\"https:\/\/www.instagram.com\/agenciainfra\/\"]},{\"@type\":\"Person\",\"@id\":\"https:\/\/agenciainfra.com\/blog\/#\/schema\/person\/34af08dff6adea4cb22b06612ba7acfa\",\"name\":\"Ag\u00eancia iNFRA\",\"image\":{\"@type\":\"ImageObject\",\"inLanguage\":\"pt-BR\",\"@id\":\"https:\/\/agenciainfra.com\/blog\/#\/schema\/person\/image\/\",\"url\":\"https:\/\/secure.gravatar.com\/avatar\/d189e01678f06d8eb84d4e01f08eb848b3fffe3f8443818d3c356c66892f5be8?s=96&d=mm&r=g\",\"contentUrl\":\"https:\/\/secure.gravatar.com\/avatar\/d189e01678f06d8eb84d4e01f08eb848b3fffe3f8443818d3c356c66892f5be8?s=96&d=mm&r=g\",\"caption\":\"Ag\u00eancia iNFRA\"},\"url\":\"https:\/\/agenciainfra.com\/blog\/author\/admin\/\"}]}<\/script>\n<!-- \/ Yoast SEO Premium plugin. -->","yoast_head_json":{"title":"Cautelar a leil\u00e3o do GSF no TCU \u00e9 negada, mas vai para an\u00e1lise t\u00e9cnica - Ag\u00eancia iNFRA","robots":{"index":"index","follow":"follow","max-snippet":"max-snippet:-1","max-image-preview":"max-image-preview:large","max-video-preview":"max-video-preview:-1"},"canonical":"https:\/\/agenciainfra.com\/blog\/cautelar-a-leilao-do-gsf-no-tcu-e-negada-mas-vai-para-analise-tecnica\/","og_locale":"pt_BR","og_type":"article","og_title":"Cautelar a leil\u00e3o do GSF no TCU \u00e9 negada, mas vai para an\u00e1lise t\u00e9cnica","og_description":"Marisa Wanzeller e Geraldo Campos Jr., da Ag\u00eancia iNFRA O ministro Jorge Oliveira, do TCU (Tribunal de Contas da Uni\u00e3o),\u00a0negou\u00a0pedido de cautelar para suspender o leil\u00e3o do GSF (risco hidrol\u00f3gico), mas encaminhou o debate acerca da taxa de desconto (WACC) utilizada no certame para an\u00e1lise t\u00e9cnica. A representa\u00e7\u00e3o em an\u00e1lise foi protocolada pelo subprocurador-geral do [&hellip;]","og_url":"https:\/\/agenciainfra.com\/blog\/cautelar-a-leilao-do-gsf-no-tcu-e-negada-mas-vai-para-analise-tecnica\/","og_site_name":"Ag\u00eancia iNFRA","article_publisher":"https:\/\/www.facebook.com\/ageninfra","article_published_time":"2025-08-13T13:00:00+00:00","article_modified_time":"2025-08-14T12:05:58+00:00","og_image":[{"width":1202,"height":801,"url":"https:\/\/agenciainfra.com\/blog\/wp-content\/uploads\/2023\/11\/ministro-jorge-oliveira-flickr-tcu.jpg","type":"image\/jpeg"}],"author":"Ag\u00eancia iNFRA","twitter_card":"summary_large_image","twitter_creator":"@agencia_infra","twitter_site":"@agencia_infra","twitter_misc":{"Escrito por":"Ag\u00eancia iNFRA","Est. tempo de leitura":"2 minutos"},"schema":{"@context":"https:\/\/schema.org","@graph":[{"@type":"Article","@id":"https:\/\/agenciainfra.com\/blog\/cautelar-a-leilao-do-gsf-no-tcu-e-negada-mas-vai-para-analise-tecnica\/#article","isPartOf":{"@id":"https:\/\/agenciainfra.com\/blog\/cautelar-a-leilao-do-gsf-no-tcu-e-negada-mas-vai-para-analise-tecnica\/"},"author":{"name":"Ag\u00eancia iNFRA","@id":"https:\/\/agenciainfra.com\/blog\/#\/schema\/person\/34af08dff6adea4cb22b06612ba7acfa"},"headline":"Cautelar a leil\u00e3o do GSF no TCU \u00e9 negada, mas vai para an\u00e1lise t\u00e9cnica","datePublished":"2025-08-13T13:00:00+00:00","dateModified":"2025-08-14T12:05:58+00:00","mainEntityOfPage":{"@id":"https:\/\/agenciainfra.com\/blog\/cautelar-a-leilao-do-gsf-no-tcu-e-negada-mas-vai-para-analise-tecnica\/"},"wordCount":333,"publisher":{"@id":"https:\/\/agenciainfra.com\/blog\/#organization"},"image":{"@id":"https:\/\/agenciainfra.com\/blog\/cautelar-a-leilao-do-gsf-no-tcu-e-negada-mas-vai-para-analise-tecnica\/#primaryimage"},"thumbnailUrl":"https:\/\/agenciainfra.com\/blog\/wp-content\/uploads\/2023\/11\/ministro-jorge-oliveira-flickr-tcu.jpg","keywords":["Geraldo Campos Jr.","leil\u00e3o do GSF","Marisa Wanzeller","risco hidrol\u00f3gico","TCU"],"articleSection":["Geral","iNFRAEnergia"],"inLanguage":"pt-BR","copyrightYear":"2025","copyrightHolder":{"@id":"https:\/\/agenciainfra.com\/blog\/#organization"}},{"@type":"WebPage","@id":"https:\/\/agenciainfra.com\/blog\/cautelar-a-leilao-do-gsf-no-tcu-e-negada-mas-vai-para-analise-tecnica\/","url":"https:\/\/agenciainfra.com\/blog\/cautelar-a-leilao-do-gsf-no-tcu-e-negada-mas-vai-para-analise-tecnica\/","name":"Cautelar a leil\u00e3o do GSF no TCU \u00e9 negada, mas vai para an\u00e1lise t\u00e9cnica - Ag\u00eancia iNFRA","isPartOf":{"@id":"https:\/\/agenciainfra.com\/blog\/#website"},"primaryImageOfPage":{"@id":"https:\/\/agenciainfra.com\/blog\/cautelar-a-leilao-do-gsf-no-tcu-e-negada-mas-vai-para-analise-tecnica\/#primaryimage"},"image":{"@id":"https:\/\/agenciainfra.com\/blog\/cautelar-a-leilao-do-gsf-no-tcu-e-negada-mas-vai-para-analise-tecnica\/#primaryimage"},"thumbnailUrl":"https:\/\/agenciainfra.com\/blog\/wp-content\/uploads\/2023\/11\/ministro-jorge-oliveira-flickr-tcu.jpg","datePublished":"2025-08-13T13:00:00+00:00","dateModified":"2025-08-14T12:05:58+00:00","breadcrumb":{"@id":"https:\/\/agenciainfra.com\/blog\/cautelar-a-leilao-do-gsf-no-tcu-e-negada-mas-vai-para-analise-tecnica\/#breadcrumb"},"inLanguage":"pt-BR","potentialAction":[{"@type":"ReadAction","target":["https:\/\/agenciainfra.com\/blog\/cautelar-a-leilao-do-gsf-no-tcu-e-negada-mas-vai-para-analise-tecnica\/"]}]},{"@type":"ImageObject","inLanguage":"pt-BR","@id":"https:\/\/agenciainfra.com\/blog\/cautelar-a-leilao-do-gsf-no-tcu-e-negada-mas-vai-para-analise-tecnica\/#primaryimage","url":"https:\/\/agenciainfra.com\/blog\/wp-content\/uploads\/2023\/11\/ministro-jorge-oliveira-flickr-tcu.jpg","contentUrl":"https:\/\/agenciainfra.com\/blog\/wp-content\/uploads\/2023\/11\/ministro-jorge-oliveira-flickr-tcu.jpg","width":1202,"height":801,"caption":"Foto: TCU"},{"@type":"BreadcrumbList","@id":"https:\/\/agenciainfra.com\/blog\/cautelar-a-leilao-do-gsf-no-tcu-e-negada-mas-vai-para-analise-tecnica\/#breadcrumb","itemListElement":[{"@type":"ListItem","position":1,"name":"In\u00edcio","item":"https:\/\/agenciainfra.com\/blog\/"},{"@type":"ListItem","position":2,"name":"Cautelar a leil\u00e3o do GSF no TCU \u00e9 negada, mas vai para an\u00e1lise t\u00e9cnica"}]},{"@type":"WebSite","@id":"https:\/\/agenciainfra.com\/blog\/#website","url":"https:\/\/agenciainfra.com\/blog\/","name":"Ag\u00eancia iNFRA","description":"Multiplataforma de informa\u00e7\u00e3o jornal\u00edstica refer\u00eancia na \u00e1rea de infraestrutura no Brasil!","publisher":{"@id":"https:\/\/agenciainfra.com\/blog\/#organization"},"potentialAction":[{"@type":"SearchAction","target":{"@type":"EntryPoint","urlTemplate":"https:\/\/agenciainfra.com\/blog\/?s={search_term_string}"},"query-input":{"@type":"PropertyValueSpecification","valueRequired":true,"valueName":"search_term_string"}}],"inLanguage":"pt-BR"},{"@type":"Organization","@id":"https:\/\/agenciainfra.com\/blog\/#organization","name":"Ag\u00eancia iNFRA","url":"https:\/\/agenciainfra.com\/blog\/","logo":{"@type":"ImageObject","inLanguage":"pt-BR","@id":"https:\/\/agenciainfra.com\/blog\/#\/schema\/logo\/image\/","url":"https:\/\/agenciainfra.com\/blog\/wp-content\/uploads\/2023\/09\/iNFRA_5-e1761735885940.png","contentUrl":"https:\/\/agenciainfra.com\/blog\/wp-content\/uploads\/2023\/09\/iNFRA_5-e1761735885940.png","width":1672,"height":454,"caption":"Ag\u00eancia iNFRA"},"image":{"@id":"https:\/\/agenciainfra.com\/blog\/#\/schema\/logo\/image\/"},"sameAs":["https:\/\/www.facebook.com\/ageninfra","https:\/\/x.com\/agencia_infra","https:\/\/www.linkedin.com\/company\/ag\u00eanciainfra\/","https:\/\/www.instagram.com\/agenciainfra\/"]},{"@type":"Person","@id":"https:\/\/agenciainfra.com\/blog\/#\/schema\/person\/34af08dff6adea4cb22b06612ba7acfa","name":"Ag\u00eancia iNFRA","image":{"@type":"ImageObject","inLanguage":"pt-BR","@id":"https:\/\/agenciainfra.com\/blog\/#\/schema\/person\/image\/","url":"https:\/\/secure.gravatar.com\/avatar\/d189e01678f06d8eb84d4e01f08eb848b3fffe3f8443818d3c356c66892f5be8?s=96&d=mm&r=g","contentUrl":"https:\/\/secure.gravatar.com\/avatar\/d189e01678f06d8eb84d4e01f08eb848b3fffe3f8443818d3c356c66892f5be8?s=96&d=mm&r=g","caption":"Ag\u00eancia iNFRA"},"url":"https:\/\/agenciainfra.com\/blog\/author\/admin\/"}]}},"_links":{"self":[{"href":"https:\/\/agenciainfra.com\/blog\/wp-json\/wp\/v2\/posts\/26178","targetHints":{"allow":["GET"]}}],"collection":[{"href":"https:\/\/agenciainfra.com\/blog\/wp-json\/wp\/v2\/posts"}],"about":[{"href":"https:\/\/agenciainfra.com\/blog\/wp-json\/wp\/v2\/types\/post"}],"author":[{"embeddable":true,"href":"https:\/\/agenciainfra.com\/blog\/wp-json\/wp\/v2\/users\/1"}],"replies":[{"embeddable":true,"href":"https:\/\/agenciainfra.com\/blog\/wp-json\/wp\/v2\/comments?post=26178"}],"version-history":[{"count":1,"href":"https:\/\/agenciainfra.com\/blog\/wp-json\/wp\/v2\/posts\/26178\/revisions"}],"predecessor-version":[{"id":26179,"href":"https:\/\/agenciainfra.com\/blog\/wp-json\/wp\/v2\/posts\/26178\/revisions\/26179"}],"wp:featuredmedia":[{"embeddable":true,"href":"https:\/\/agenciainfra.com\/blog\/wp-json\/wp\/v2\/media\/14854"}],"wp:attachment":[{"href":"https:\/\/agenciainfra.com\/blog\/wp-json\/wp\/v2\/media?parent=26178"}],"wp:term":[{"taxonomy":"category","embeddable":true,"href":"https:\/\/agenciainfra.com\/blog\/wp-json\/wp\/v2\/categories?post=26178"},{"taxonomy":"post_tag","embeddable":true,"href":"https:\/\/agenciainfra.com\/blog\/wp-json\/wp\/v2\/tags?post=26178"}],"curies":[{"name":"wp","href":"https:\/\/api.w.org\/{rel}","templated":true}]}}