{"id":26196,"date":"2025-08-13T14:00:45","date_gmt":"2025-08-13T17:00:45","guid":{"rendered":"https:\/\/agenciainfra.com\/blog\/?p=26196"},"modified":"2025-08-14T12:01:28","modified_gmt":"2025-08-14T15:01:28","slug":"marcos-rogerio-pede-analise-sobre-quando-indicados-a-reguladoras-devem-renunciar-a-cargos-com-conflito-de-interesses","status":"publish","type":"post","link":"https:\/\/agenciainfra.com\/blog\/marcos-rogerio-pede-analise-sobre-quando-indicados-a-reguladoras-devem-renunciar-a-cargos-com-conflito-de-interesses\/","title":{"rendered":"Marcos Rog\u00e9rio pede an\u00e1lise sobre quando indicados a reguladoras devem renunciar a cargos com conflito de interesses"},"content":{"rendered":"\n<p class=\"has-text-align-right\"><strong>Lais Carregosa e Marisa Wanzeller, da Ag\u00eancia iNFRA\u00a0<\/strong><\/p>\n\n\n\n<p>O presidente da CI (Comiss\u00e3o de Servi\u00e7os de Infraestrutura), Marcos Rog\u00e9rio (PL-RO), disse nesta quarta-feira (13) que ir\u00e1 solicitar an\u00e1lise t\u00e9cnica quanto \u00e0 necessidade dos indicados \u00e0s ag\u00eancias reguladoras se desvincularem de cargos com conflitos antes das sabatinas na comiss\u00e3o ou antes da posse, portanto, ap\u00f3s a aprova\u00e7\u00e3o do Senado.&nbsp;<\/p>\n\n\n\n<p>Durante o debate, dois casos foram citados: Pietro Mendes, indicado \u00e0 ANP (Ag\u00eancia Nacional do Petr\u00f3leo, G\u00e1s Natural e Biocombust\u00edveis), que atualmente preside o Conselho de Administra\u00e7\u00e3o da Petrobras; Tiago Chagas Faierstein, indicado \u00e0 ANAC (Ag\u00eancia Nacional de Avia\u00e7\u00e3o Civil), que \u00e9 diretor da Infraero. Contudo, segundo o senador, h\u00e1 mais casos de conflitos, que n\u00e3o foram mencionados de forma direta nos relat\u00f3rios. <\/p>\n\n\n\n<p>\u201cEu vou pedir \u00e0 consultoria que fa\u00e7a essa an\u00e1lise em rela\u00e7\u00e3o a esses dois crit\u00e9rios: [se a desincompatibiliza\u00e7\u00e3o deve ser feita] antes da sabatina em si e com o exaurimento do prazo at\u00e9 a vota\u00e7\u00e3o pelo plen\u00e1rio do Senado Federal. E uma segunda hip\u00f3tese, [que ocorra] at\u00e9 o ato de posse\u201d, disse Marcos Rog\u00e9rio.<\/p>\n\n\n\n<p>De acordo com o presidente da CI, as duas hip\u00f3teses ser\u00e3o apresentadas aos senadores na ter\u00e7a-feira (19), para debate. Para ele, o pedido de desvincula\u00e7\u00e3o dos cargos atuais dos indicados (em casos de conflito de interesses) deve ser feito at\u00e9 a sabatina na pr\u00f3xima semana, mas a sa\u00edda efetiva depende da avalia\u00e7\u00e3o dos senadores.<\/p>\n\n\n\n<p>&#8220;De todos [os indicados] aqui, parece-me que todos j\u00e1 solicitaram a desincompatibiliza\u00e7\u00e3o, pelo menos com os relatores com quem falei, j\u00e1 h\u00e1 o pedido de desincompatibiliza\u00e7\u00e3o. E acredito que at\u00e9 o momento da sabatina, se n\u00e3o todos, pelo menos a maioria j\u00e1 vai estar com essa quest\u00e3o resolvida. Ent\u00e3o, n\u00e3o vejo isso nesse momento como um impedimento&#8221;, afirmou.<\/p>\n\n\n\n<p>Para Marcos Rog\u00e9rio, os indicados devem deixar efetivamente os seus cargos at\u00e9 o momento da aprova\u00e7\u00e3o no plen\u00e1rio do Senado. &#8220;\u00c9 a minha opini\u00e3o, a minha sugest\u00e3o, mas vou submeter aos pares da comiss\u00e3o.&#8221;<\/p>\n","protected":false},"excerpt":{"rendered":"<p>Lais Carregosa e Marisa Wanzeller, da Ag\u00eancia iNFRA\u00a0 O presidente da CI (Comiss\u00e3o de Servi\u00e7os de Infraestrutura), Marcos Rog\u00e9rio (PL-RO), disse nesta quarta-feira (13) que ir\u00e1 solicitar an\u00e1lise t\u00e9cnica quanto \u00e0 necessidade dos indicados \u00e0s ag\u00eancias reguladoras se desvincularem de cargos com conflitos antes das sabatinas na comiss\u00e3o ou antes da posse, portanto, ap\u00f3s a [&hellip;]<\/p>\n","protected":false},"author":1,"featured_media":24252,"comment_status":"closed","ping_status":"closed","sticky":false,"template":"","format":"standard","meta":{"_monsterinsights_skip_tracking":false,"_monsterinsights_sitenote_active":false,"_monsterinsights_sitenote_note":"","_monsterinsights_sitenote_category":0,"footnotes":""},"categories":[1,10],"tags":[46,242,1101,1498,10138,14109,13132,1193,6335,14756,12029],"class_list":["post-26196","post","type-post","status-publish","format-standard","has-post-thumbnail","hentry","category-geral","category-infraenergia","tag-agencias-reguladoras","tag-anac","tag-anp","tag-comissao-de-infraestrutura","tag-conflito-de-interesse","tag-indicacoes-as-agencias","tag-lais-carregosa","tag-marcos-rogerio","tag-pietro-mendes","tag-sabatinas-das-agencias","tag-tiago-faierstein"],"yoast_head":"<!-- This site is optimized with the Yoast SEO Premium plugin v25.4 (Yoast SEO v26.0) - https:\/\/yoast.com\/wordpress\/plugins\/seo\/ -->\n<title>Marcos Rog\u00e9rio pede an\u00e1lise sobre quando indicados a reguladoras devem renunciar a cargos com conflito de interesses - Ag\u00eancia iNFRA<\/title>\n<meta name=\"robots\" content=\"index, follow, max-snippet:-1, max-image-preview:large, max-video-preview:-1\" \/>\n<link rel=\"canonical\" href=\"https:\/\/agenciainfra.com\/blog\/marcos-rogerio-pede-analise-sobre-quando-indicados-a-reguladoras-devem-renunciar-a-cargos-com-conflito-de-interesses\/\" \/>\n<meta property=\"og:locale\" content=\"pt_BR\" \/>\n<meta property=\"og:type\" content=\"article\" \/>\n<meta property=\"og:title\" content=\"Marcos Rog\u00e9rio pede an\u00e1lise sobre quando indicados a reguladoras devem renunciar a cargos com conflito de interesses\" \/>\n<meta property=\"og:description\" content=\"Lais Carregosa e Marisa Wanzeller, da Ag\u00eancia iNFRA\u00a0 O presidente da CI (Comiss\u00e3o de Servi\u00e7os de Infraestrutura), Marcos Rog\u00e9rio (PL-RO), disse nesta quarta-feira (13) que ir\u00e1 solicitar an\u00e1lise t\u00e9cnica quanto \u00e0 necessidade dos indicados \u00e0s ag\u00eancias reguladoras se desvincularem de cargos com conflitos antes das sabatinas na comiss\u00e3o ou antes da posse, portanto, ap\u00f3s a [&hellip;]\" \/>\n<meta property=\"og:url\" content=\"https:\/\/agenciainfra.com\/blog\/marcos-rogerio-pede-analise-sobre-quando-indicados-a-reguladoras-devem-renunciar-a-cargos-com-conflito-de-interesses\/\" \/>\n<meta property=\"og:site_name\" content=\"Ag\u00eancia iNFRA\" \/>\n<meta property=\"article:publisher\" content=\"https:\/\/www.facebook.com\/ageninfra\" \/>\n<meta property=\"article:published_time\" content=\"2025-08-13T17:00:45+00:00\" \/>\n<meta property=\"article:modified_time\" content=\"2025-08-14T15:01:28+00:00\" \/>\n<meta property=\"og:image\" content=\"https:\/\/agenciainfra.com\/blog\/wp-content\/uploads\/2025\/07\/marcos-rogerio-foto-andressa-anholete-agencia-senado.jpg\" \/>\n\t<meta property=\"og:image:width\" content=\"1280\" \/>\n\t<meta property=\"og:image:height\" content=\"853\" \/>\n\t<meta property=\"og:image:type\" content=\"image\/jpeg\" \/>\n<meta name=\"author\" content=\"Ag\u00eancia iNFRA\" \/>\n<meta name=\"twitter:card\" content=\"summary_large_image\" \/>\n<meta name=\"twitter:creator\" content=\"@agencia_infra\" \/>\n<meta name=\"twitter:site\" content=\"@agencia_infra\" \/>\n<meta name=\"twitter:label1\" content=\"Escrito por\" \/>\n\t<meta name=\"twitter:data1\" content=\"Ag\u00eancia iNFRA\" \/>\n\t<meta name=\"twitter:label2\" content=\"Est. tempo de leitura\" \/>\n\t<meta name=\"twitter:data2\" content=\"2 minutos\" \/>\n<script type=\"application\/ld+json\" class=\"yoast-schema-graph\">{\"@context\":\"https:\/\/schema.org\",\"@graph\":[{\"@type\":\"Article\",\"@id\":\"https:\/\/agenciainfra.com\/blog\/marcos-rogerio-pede-analise-sobre-quando-indicados-a-reguladoras-devem-renunciar-a-cargos-com-conflito-de-interesses\/#article\",\"isPartOf\":{\"@id\":\"https:\/\/agenciainfra.com\/blog\/marcos-rogerio-pede-analise-sobre-quando-indicados-a-reguladoras-devem-renunciar-a-cargos-com-conflito-de-interesses\/\"},\"author\":{\"name\":\"Ag\u00eancia iNFRA\",\"@id\":\"https:\/\/agenciainfra.com\/blog\/#\/schema\/person\/34af08dff6adea4cb22b06612ba7acfa\"},\"headline\":\"Marcos Rog\u00e9rio pede an\u00e1lise sobre quando indicados a reguladoras devem renunciar a cargos com conflito de interesses\",\"datePublished\":\"2025-08-13T17:00:45+00:00\",\"dateModified\":\"2025-08-14T15:01:28+00:00\",\"mainEntityOfPage\":{\"@id\":\"https:\/\/agenciainfra.com\/blog\/marcos-rogerio-pede-analise-sobre-quando-indicados-a-reguladoras-devem-renunciar-a-cargos-com-conflito-de-interesses\/\"},\"wordCount\":380,\"publisher\":{\"@id\":\"https:\/\/agenciainfra.com\/blog\/#organization\"},\"image\":{\"@id\":\"https:\/\/agenciainfra.com\/blog\/marcos-rogerio-pede-analise-sobre-quando-indicados-a-reguladoras-devem-renunciar-a-cargos-com-conflito-de-interesses\/#primaryimage\"},\"thumbnailUrl\":\"https:\/\/agenciainfra.com\/blog\/wp-content\/uploads\/2025\/07\/marcos-rogerio-foto-andressa-anholete-agencia-senado.jpg\",\"keywords\":[\"Ag\u00eancias Reguladoras\",\"ANAC\",\"ANP\",\"Comiss\u00e3o de Infraestrutura\",\"conflito de interesse\",\"indica\u00e7\u00f5es \u00e0s ag\u00eancias\",\"Lais Carregosa\",\"Marcos Rog\u00e9rio\",\"Pietro Mendes\",\"sabatinas das ag\u00eancias\",\"Tiago Faierstein\"],\"articleSection\":[\"Geral\",\"iNFRAEnergia\"],\"inLanguage\":\"pt-BR\",\"copyrightYear\":\"2025\",\"copyrightHolder\":{\"@id\":\"https:\/\/agenciainfra.com\/blog\/#organization\"}},{\"@type\":\"WebPage\",\"@id\":\"https:\/\/agenciainfra.com\/blog\/marcos-rogerio-pede-analise-sobre-quando-indicados-a-reguladoras-devem-renunciar-a-cargos-com-conflito-de-interesses\/\",\"url\":\"https:\/\/agenciainfra.com\/blog\/marcos-rogerio-pede-analise-sobre-quando-indicados-a-reguladoras-devem-renunciar-a-cargos-com-conflito-de-interesses\/\",\"name\":\"Marcos Rog\u00e9rio pede an\u00e1lise sobre quando indicados a reguladoras devem renunciar a cargos com conflito de interesses - Ag\u00eancia iNFRA\",\"isPartOf\":{\"@id\":\"https:\/\/agenciainfra.com\/blog\/#website\"},\"primaryImageOfPage\":{\"@id\":\"https:\/\/agenciainfra.com\/blog\/marcos-rogerio-pede-analise-sobre-quando-indicados-a-reguladoras-devem-renunciar-a-cargos-com-conflito-de-interesses\/#primaryimage\"},\"image\":{\"@id\":\"https:\/\/agenciainfra.com\/blog\/marcos-rogerio-pede-analise-sobre-quando-indicados-a-reguladoras-devem-renunciar-a-cargos-com-conflito-de-interesses\/#primaryimage\"},\"thumbnailUrl\":\"https:\/\/agenciainfra.com\/blog\/wp-content\/uploads\/2025\/07\/marcos-rogerio-foto-andressa-anholete-agencia-senado.jpg\",\"datePublished\":\"2025-08-13T17:00:45+00:00\",\"dateModified\":\"2025-08-14T15:01:28+00:00\",\"breadcrumb\":{\"@id\":\"https:\/\/agenciainfra.com\/blog\/marcos-rogerio-pede-analise-sobre-quando-indicados-a-reguladoras-devem-renunciar-a-cargos-com-conflito-de-interesses\/#breadcrumb\"},\"inLanguage\":\"pt-BR\",\"potentialAction\":[{\"@type\":\"ReadAction\",\"target\":[\"https:\/\/agenciainfra.com\/blog\/marcos-rogerio-pede-analise-sobre-quando-indicados-a-reguladoras-devem-renunciar-a-cargos-com-conflito-de-interesses\/\"]}]},{\"@type\":\"ImageObject\",\"inLanguage\":\"pt-BR\",\"@id\":\"https:\/\/agenciainfra.com\/blog\/marcos-rogerio-pede-analise-sobre-quando-indicados-a-reguladoras-devem-renunciar-a-cargos-com-conflito-de-interesses\/#primaryimage\",\"url\":\"https:\/\/agenciainfra.com\/blog\/wp-content\/uploads\/2025\/07\/marcos-rogerio-foto-andressa-anholete-agencia-senado.jpg\",\"contentUrl\":\"https:\/\/agenciainfra.com\/blog\/wp-content\/uploads\/2025\/07\/marcos-rogerio-foto-andressa-anholete-agencia-senado.jpg\",\"width\":1280,\"height\":853,\"caption\":\"Foto: Andressa Anholete\/Ag\u00eancia Senado\"},{\"@type\":\"BreadcrumbList\",\"@id\":\"https:\/\/agenciainfra.com\/blog\/marcos-rogerio-pede-analise-sobre-quando-indicados-a-reguladoras-devem-renunciar-a-cargos-com-conflito-de-interesses\/#breadcrumb\",\"itemListElement\":[{\"@type\":\"ListItem\",\"position\":1,\"name\":\"In\u00edcio\",\"item\":\"https:\/\/agenciainfra.com\/blog\/\"},{\"@type\":\"ListItem\",\"position\":2,\"name\":\"Marcos Rog\u00e9rio pede an\u00e1lise sobre quando indicados a reguladoras devem renunciar a cargos com conflito de interesses\"}]},{\"@type\":\"WebSite\",\"@id\":\"https:\/\/agenciainfra.com\/blog\/#website\",\"url\":\"https:\/\/agenciainfra.com\/blog\/\",\"name\":\"Ag\u00eancia iNFRA\",\"description\":\"Multiplataforma de informa\u00e7\u00e3o jornal\u00edstica refer\u00eancia na \u00e1rea de infraestrutura no Brasil!\",\"publisher\":{\"@id\":\"https:\/\/agenciainfra.com\/blog\/#organization\"},\"potentialAction\":[{\"@type\":\"SearchAction\",\"target\":{\"@type\":\"EntryPoint\",\"urlTemplate\":\"https:\/\/agenciainfra.com\/blog\/?s={search_term_string}\"},\"query-input\":{\"@type\":\"PropertyValueSpecification\",\"valueRequired\":true,\"valueName\":\"search_term_string\"}}],\"inLanguage\":\"pt-BR\"},{\"@type\":\"Organization\",\"@id\":\"https:\/\/agenciainfra.com\/blog\/#organization\",\"name\":\"Ag\u00eancia iNFRA\",\"url\":\"https:\/\/agenciainfra.com\/blog\/\",\"logo\":{\"@type\":\"ImageObject\",\"inLanguage\":\"pt-BR\",\"@id\":\"https:\/\/agenciainfra.com\/blog\/#\/schema\/logo\/image\/\",\"url\":\"https:\/\/agenciainfra.com\/blog\/wp-content\/uploads\/2023\/09\/iNFRA_5-e1761735885940.png\",\"contentUrl\":\"https:\/\/agenciainfra.com\/blog\/wp-content\/uploads\/2023\/09\/iNFRA_5-e1761735885940.png\",\"width\":1672,\"height\":454,\"caption\":\"Ag\u00eancia iNFRA\"},\"image\":{\"@id\":\"https:\/\/agenciainfra.com\/blog\/#\/schema\/logo\/image\/\"},\"sameAs\":[\"https:\/\/www.facebook.com\/ageninfra\",\"https:\/\/x.com\/agencia_infra\",\"https:\/\/www.linkedin.com\/company\/ag\u00eanciainfra\/\",\"https:\/\/www.instagram.com\/agenciainfra\/\"]},{\"@type\":\"Person\",\"@id\":\"https:\/\/agenciainfra.com\/blog\/#\/schema\/person\/34af08dff6adea4cb22b06612ba7acfa\",\"name\":\"Ag\u00eancia iNFRA\",\"image\":{\"@type\":\"ImageObject\",\"inLanguage\":\"pt-BR\",\"@id\":\"https:\/\/agenciainfra.com\/blog\/#\/schema\/person\/image\/\",\"url\":\"https:\/\/secure.gravatar.com\/avatar\/d189e01678f06d8eb84d4e01f08eb848b3fffe3f8443818d3c356c66892f5be8?s=96&d=mm&r=g\",\"contentUrl\":\"https:\/\/secure.gravatar.com\/avatar\/d189e01678f06d8eb84d4e01f08eb848b3fffe3f8443818d3c356c66892f5be8?s=96&d=mm&r=g\",\"caption\":\"Ag\u00eancia iNFRA\"},\"url\":\"https:\/\/agenciainfra.com\/blog\/author\/admin\/\"}]}<\/script>\n<!-- \/ Yoast SEO Premium plugin. -->","yoast_head_json":{"title":"Marcos Rog\u00e9rio pede an\u00e1lise sobre quando indicados a reguladoras devem renunciar a cargos com conflito de interesses - Ag\u00eancia iNFRA","robots":{"index":"index","follow":"follow","max-snippet":"max-snippet:-1","max-image-preview":"max-image-preview:large","max-video-preview":"max-video-preview:-1"},"canonical":"https:\/\/agenciainfra.com\/blog\/marcos-rogerio-pede-analise-sobre-quando-indicados-a-reguladoras-devem-renunciar-a-cargos-com-conflito-de-interesses\/","og_locale":"pt_BR","og_type":"article","og_title":"Marcos Rog\u00e9rio pede an\u00e1lise sobre quando indicados a reguladoras devem renunciar a cargos com conflito de interesses","og_description":"Lais Carregosa e Marisa Wanzeller, da Ag\u00eancia iNFRA\u00a0 O presidente da CI (Comiss\u00e3o de Servi\u00e7os de Infraestrutura), Marcos Rog\u00e9rio (PL-RO), disse nesta quarta-feira (13) que ir\u00e1 solicitar an\u00e1lise t\u00e9cnica quanto \u00e0 necessidade dos indicados \u00e0s ag\u00eancias reguladoras se desvincularem de cargos com conflitos antes das sabatinas na comiss\u00e3o ou antes da posse, portanto, ap\u00f3s a [&hellip;]","og_url":"https:\/\/agenciainfra.com\/blog\/marcos-rogerio-pede-analise-sobre-quando-indicados-a-reguladoras-devem-renunciar-a-cargos-com-conflito-de-interesses\/","og_site_name":"Ag\u00eancia iNFRA","article_publisher":"https:\/\/www.facebook.com\/ageninfra","article_published_time":"2025-08-13T17:00:45+00:00","article_modified_time":"2025-08-14T15:01:28+00:00","og_image":[{"width":1280,"height":853,"url":"https:\/\/agenciainfra.com\/blog\/wp-content\/uploads\/2025\/07\/marcos-rogerio-foto-andressa-anholete-agencia-senado.jpg","type":"image\/jpeg"}],"author":"Ag\u00eancia iNFRA","twitter_card":"summary_large_image","twitter_creator":"@agencia_infra","twitter_site":"@agencia_infra","twitter_misc":{"Escrito por":"Ag\u00eancia iNFRA","Est. tempo de leitura":"2 minutos"},"schema":{"@context":"https:\/\/schema.org","@graph":[{"@type":"Article","@id":"https:\/\/agenciainfra.com\/blog\/marcos-rogerio-pede-analise-sobre-quando-indicados-a-reguladoras-devem-renunciar-a-cargos-com-conflito-de-interesses\/#article","isPartOf":{"@id":"https:\/\/agenciainfra.com\/blog\/marcos-rogerio-pede-analise-sobre-quando-indicados-a-reguladoras-devem-renunciar-a-cargos-com-conflito-de-interesses\/"},"author":{"name":"Ag\u00eancia iNFRA","@id":"https:\/\/agenciainfra.com\/blog\/#\/schema\/person\/34af08dff6adea4cb22b06612ba7acfa"},"headline":"Marcos Rog\u00e9rio pede an\u00e1lise sobre quando indicados a reguladoras devem renunciar a cargos com conflito de interesses","datePublished":"2025-08-13T17:00:45+00:00","dateModified":"2025-08-14T15:01:28+00:00","mainEntityOfPage":{"@id":"https:\/\/agenciainfra.com\/blog\/marcos-rogerio-pede-analise-sobre-quando-indicados-a-reguladoras-devem-renunciar-a-cargos-com-conflito-de-interesses\/"},"wordCount":380,"publisher":{"@id":"https:\/\/agenciainfra.com\/blog\/#organization"},"image":{"@id":"https:\/\/agenciainfra.com\/blog\/marcos-rogerio-pede-analise-sobre-quando-indicados-a-reguladoras-devem-renunciar-a-cargos-com-conflito-de-interesses\/#primaryimage"},"thumbnailUrl":"https:\/\/agenciainfra.com\/blog\/wp-content\/uploads\/2025\/07\/marcos-rogerio-foto-andressa-anholete-agencia-senado.jpg","keywords":["Ag\u00eancias Reguladoras","ANAC","ANP","Comiss\u00e3o de Infraestrutura","conflito de interesse","indica\u00e7\u00f5es \u00e0s ag\u00eancias","Lais Carregosa","Marcos Rog\u00e9rio","Pietro Mendes","sabatinas das ag\u00eancias","Tiago Faierstein"],"articleSection":["Geral","iNFRAEnergia"],"inLanguage":"pt-BR","copyrightYear":"2025","copyrightHolder":{"@id":"https:\/\/agenciainfra.com\/blog\/#organization"}},{"@type":"WebPage","@id":"https:\/\/agenciainfra.com\/blog\/marcos-rogerio-pede-analise-sobre-quando-indicados-a-reguladoras-devem-renunciar-a-cargos-com-conflito-de-interesses\/","url":"https:\/\/agenciainfra.com\/blog\/marcos-rogerio-pede-analise-sobre-quando-indicados-a-reguladoras-devem-renunciar-a-cargos-com-conflito-de-interesses\/","name":"Marcos Rog\u00e9rio pede an\u00e1lise sobre quando indicados a reguladoras devem renunciar a cargos com conflito de interesses - Ag\u00eancia iNFRA","isPartOf":{"@id":"https:\/\/agenciainfra.com\/blog\/#website"},"primaryImageOfPage":{"@id":"https:\/\/agenciainfra.com\/blog\/marcos-rogerio-pede-analise-sobre-quando-indicados-a-reguladoras-devem-renunciar-a-cargos-com-conflito-de-interesses\/#primaryimage"},"image":{"@id":"https:\/\/agenciainfra.com\/blog\/marcos-rogerio-pede-analise-sobre-quando-indicados-a-reguladoras-devem-renunciar-a-cargos-com-conflito-de-interesses\/#primaryimage"},"thumbnailUrl":"https:\/\/agenciainfra.com\/blog\/wp-content\/uploads\/2025\/07\/marcos-rogerio-foto-andressa-anholete-agencia-senado.jpg","datePublished":"2025-08-13T17:00:45+00:00","dateModified":"2025-08-14T15:01:28+00:00","breadcrumb":{"@id":"https:\/\/agenciainfra.com\/blog\/marcos-rogerio-pede-analise-sobre-quando-indicados-a-reguladoras-devem-renunciar-a-cargos-com-conflito-de-interesses\/#breadcrumb"},"inLanguage":"pt-BR","potentialAction":[{"@type":"ReadAction","target":["https:\/\/agenciainfra.com\/blog\/marcos-rogerio-pede-analise-sobre-quando-indicados-a-reguladoras-devem-renunciar-a-cargos-com-conflito-de-interesses\/"]}]},{"@type":"ImageObject","inLanguage":"pt-BR","@id":"https:\/\/agenciainfra.com\/blog\/marcos-rogerio-pede-analise-sobre-quando-indicados-a-reguladoras-devem-renunciar-a-cargos-com-conflito-de-interesses\/#primaryimage","url":"https:\/\/agenciainfra.com\/blog\/wp-content\/uploads\/2025\/07\/marcos-rogerio-foto-andressa-anholete-agencia-senado.jpg","contentUrl":"https:\/\/agenciainfra.com\/blog\/wp-content\/uploads\/2025\/07\/marcos-rogerio-foto-andressa-anholete-agencia-senado.jpg","width":1280,"height":853,"caption":"Foto: Andressa Anholete\/Ag\u00eancia Senado"},{"@type":"BreadcrumbList","@id":"https:\/\/agenciainfra.com\/blog\/marcos-rogerio-pede-analise-sobre-quando-indicados-a-reguladoras-devem-renunciar-a-cargos-com-conflito-de-interesses\/#breadcrumb","itemListElement":[{"@type":"ListItem","position":1,"name":"In\u00edcio","item":"https:\/\/agenciainfra.com\/blog\/"},{"@type":"ListItem","position":2,"name":"Marcos Rog\u00e9rio pede an\u00e1lise sobre quando indicados a reguladoras devem renunciar a cargos com conflito de interesses"}]},{"@type":"WebSite","@id":"https:\/\/agenciainfra.com\/blog\/#website","url":"https:\/\/agenciainfra.com\/blog\/","name":"Ag\u00eancia iNFRA","description":"Multiplataforma de informa\u00e7\u00e3o jornal\u00edstica refer\u00eancia na \u00e1rea de infraestrutura no Brasil!","publisher":{"@id":"https:\/\/agenciainfra.com\/blog\/#organization"},"potentialAction":[{"@type":"SearchAction","target":{"@type":"EntryPoint","urlTemplate":"https:\/\/agenciainfra.com\/blog\/?s={search_term_string}"},"query-input":{"@type":"PropertyValueSpecification","valueRequired":true,"valueName":"search_term_string"}}],"inLanguage":"pt-BR"},{"@type":"Organization","@id":"https:\/\/agenciainfra.com\/blog\/#organization","name":"Ag\u00eancia iNFRA","url":"https:\/\/agenciainfra.com\/blog\/","logo":{"@type":"ImageObject","inLanguage":"pt-BR","@id":"https:\/\/agenciainfra.com\/blog\/#\/schema\/logo\/image\/","url":"https:\/\/agenciainfra.com\/blog\/wp-content\/uploads\/2023\/09\/iNFRA_5-e1761735885940.png","contentUrl":"https:\/\/agenciainfra.com\/blog\/wp-content\/uploads\/2023\/09\/iNFRA_5-e1761735885940.png","width":1672,"height":454,"caption":"Ag\u00eancia iNFRA"},"image":{"@id":"https:\/\/agenciainfra.com\/blog\/#\/schema\/logo\/image\/"},"sameAs":["https:\/\/www.facebook.com\/ageninfra","https:\/\/x.com\/agencia_infra","https:\/\/www.linkedin.com\/company\/ag\u00eanciainfra\/","https:\/\/www.instagram.com\/agenciainfra\/"]},{"@type":"Person","@id":"https:\/\/agenciainfra.com\/blog\/#\/schema\/person\/34af08dff6adea4cb22b06612ba7acfa","name":"Ag\u00eancia iNFRA","image":{"@type":"ImageObject","inLanguage":"pt-BR","@id":"https:\/\/agenciainfra.com\/blog\/#\/schema\/person\/image\/","url":"https:\/\/secure.gravatar.com\/avatar\/d189e01678f06d8eb84d4e01f08eb848b3fffe3f8443818d3c356c66892f5be8?s=96&d=mm&r=g","contentUrl":"https:\/\/secure.gravatar.com\/avatar\/d189e01678f06d8eb84d4e01f08eb848b3fffe3f8443818d3c356c66892f5be8?s=96&d=mm&r=g","caption":"Ag\u00eancia iNFRA"},"url":"https:\/\/agenciainfra.com\/blog\/author\/admin\/"}]}},"_links":{"self":[{"href":"https:\/\/agenciainfra.com\/blog\/wp-json\/wp\/v2\/posts\/26196","targetHints":{"allow":["GET"]}}],"collection":[{"href":"https:\/\/agenciainfra.com\/blog\/wp-json\/wp\/v2\/posts"}],"about":[{"href":"https:\/\/agenciainfra.com\/blog\/wp-json\/wp\/v2\/types\/post"}],"author":[{"embeddable":true,"href":"https:\/\/agenciainfra.com\/blog\/wp-json\/wp\/v2\/users\/1"}],"replies":[{"embeddable":true,"href":"https:\/\/agenciainfra.com\/blog\/wp-json\/wp\/v2\/comments?post=26196"}],"version-history":[{"count":2,"href":"https:\/\/agenciainfra.com\/blog\/wp-json\/wp\/v2\/posts\/26196\/revisions"}],"predecessor-version":[{"id":26203,"href":"https:\/\/agenciainfra.com\/blog\/wp-json\/wp\/v2\/posts\/26196\/revisions\/26203"}],"wp:featuredmedia":[{"embeddable":true,"href":"https:\/\/agenciainfra.com\/blog\/wp-json\/wp\/v2\/media\/24252"}],"wp:attachment":[{"href":"https:\/\/agenciainfra.com\/blog\/wp-json\/wp\/v2\/media?parent=26196"}],"wp:term":[{"taxonomy":"category","embeddable":true,"href":"https:\/\/agenciainfra.com\/blog\/wp-json\/wp\/v2\/categories?post=26196"},{"taxonomy":"post_tag","embeddable":true,"href":"https:\/\/agenciainfra.com\/blog\/wp-json\/wp\/v2\/tags?post=26196"}],"curies":[{"name":"wp","href":"https:\/\/api.w.org\/{rel}","templated":true}]}}