{"id":26199,"date":"2025-08-13T15:45:31","date_gmt":"2025-08-13T18:45:31","guid":{"rendered":"https:\/\/agenciainfra.com\/blog\/?p=26199"},"modified":"2025-08-14T14:59:31","modified_gmt":"2025-08-14T17:59:31","slug":"senado-destrava-indicacoes-para-aneel-e-anp-sabatinas-devem-ocorrer-na-proxima-semana","status":"publish","type":"post","link":"https:\/\/agenciainfra.com\/blog\/senado-destrava-indicacoes-para-aneel-e-anp-sabatinas-devem-ocorrer-na-proxima-semana\/","title":{"rendered":"Senado destrava indica\u00e7\u00f5es para ANEEL e ANP; sabatinas devem ocorrer na pr\u00f3xima semana"},"content":{"rendered":"\n<p class=\"has-text-align-right\"><strong>Lais Carregosa, Geraldo Campos Jr. e Amanda Pupo*, da Ag\u00eancia iNFRA<\/strong><\/p>\n\n\n\n<p>As indica\u00e7\u00f5es para as ag\u00eancias reguladoras foram destravadas no Senado. Os indicados \u00e0 ANEEL (Ag\u00eancia Nacional de Energia El\u00e9trica) e \u00e0 ANP (Ag\u00eancia Nacional do Petr\u00f3leo, G\u00e1s Natural e Biocombust\u00edveis) tiveram seus relat\u00f3rios lidos na CI (Comiss\u00e3o de Infraestrutura) nesta quarta-feira (13), em reuni\u00e3o extraordin\u00e1ria convocada pelo presidente, senador Marcos Rog\u00e9rio (PL-RO).\u00a0<\/p>\n\n\n\n<p>Durante a reuni\u00e3o, Marcos Rog\u00e9rio disse que deve concluir a leitura das indica\u00e7\u00f5es para as ag\u00eancias reguladoras na pr\u00f3xima ter\u00e7a-feira (19). Assim, as sabatinas dos indicados devem ser realizadas na pr\u00f3xima ter\u00e7a e quarta (20), afirmou.\u00a0<\/p>\n\n\n\n<p>A primeira leva de indica\u00e7\u00f5es lida nesta quarta (13) incluiu os nomes de Willamy Frota e Gentil Nogueira, para a ANEEL, e de Pietro Mendes e Artur Watt para a ANP, al\u00e9m de indicados para a ANSN (Autoridade Nacional de Seguran\u00e7a Nuclear) e demais ag\u00eancias de transporte e telecomunica\u00e7\u00f5es. Ap\u00f3s a leitura dos relat\u00f3rios, foi concedida vista coletiva de uma semana.<br><br><strong>Pietro na ANP<br><\/strong>O nome do secret\u00e1rio Pietro Mendes era cercado de incertezas, em especial quanto a uma poss\u00edvel troca da indica\u00e7\u00e3o pelo governo, contudo, ganhou for\u00e7a ap\u00f3s ter relator designado nesta ter\u00e7a-feira (12): o senador La\u00e9rcio Oliveira (PP-SE). O senador sergipano \u00e9 pr\u00f3ximo a Pietro Mendes e disse \u00e0 <strong>Ag\u00eancia iNFRA<\/strong> que o nome do secret\u00e1rio n\u00e3o s\u00f3 est\u00e1 mantido como ele j\u00e1 publicou seu parecer sobre sua indica\u00e7\u00e3o, favor\u00e1vel.<br><br>A leitura feita nos corredores do Senado \u00e9 que o nome de Pietro Mendes ganhou for\u00e7a ap\u00f3s o senador La\u00e9rcio Oliveira ter assumido explicitamente o apadrinhamento do secret\u00e1rio. Isso teria reduzido a resist\u00eancia \u00e0 indica\u00e7\u00e3o, feita originalmente pelo ministro de Minas e Energia, Alexandre Silveira, que \u00e9 desafeto pol\u00edtico do presidente do Senado, Davi Alcolumbre (Uni\u00e3o-AP).<br><br>Nos bastidores, fontes dizem que, uma vez que o processo voltou a caminhar, o governo est\u00e1 contando que tem votos necess\u00e1rios para a aprova\u00e7\u00e3o do indicado no plen\u00e1rio do Senado. At\u00e9 ent\u00e3o, vinha sendo costurada a substitui\u00e7\u00e3o da indica\u00e7\u00e3o pelo nome do advogado \u00c2ngelo Rezende, ligado ao PT da Bahia e ao senador Jaques Wagner (PT-BA), l\u00edder do governo no Senado.<br><br>Segundo fontes, o l\u00edder do governo tentava articular uma troca, para que Pietro Mendes fosse sabatinado, mas s\u00f3 assumisse vaga que ser\u00e1 aberta na diretoria em 2026. Nesse caso, \u00c2ngelo Rezende seria o indicado do governo para a cadeira que j\u00e1 est\u00e1 vaga na ANP, assumindo o mandato imediatamente.<br><br>Contudo, interlocutores disseram \u00e0 <strong>Ag\u00eancia iNFRA<\/strong> que foi fechado um acordo, intermediado por Alcolumbre, para que a indica\u00e7\u00e3o de Pietro seja levada adiante para a vaga em aberto, e \u00c2ngelo seja indicado para a pr\u00f3xima vaga na ANP, no ano que vem.<br><br><strong>ANTT E ANA<\/strong><br>Agora, os senadores aguardam uma solu\u00e7\u00e3o sobre o tempo de mandato do indicado \u00e0 diretoria-geral da ANTT (Ag\u00eancia Nacional de Transportes Terrestres), Guilherme Sampaio. Segundo fontes, o nome deve ser reencaminhado com uma corre\u00e7\u00e3o, prevendo cinco anos.<br><br>A mensagem original enviada pelo governo determina o fim do mandato em 18 de fevereiro do pr\u00f3ximo ano. O formato, contudo, \u00e9 alvo de reclama\u00e7\u00e3o por senadores, que pedem que o per\u00edodo de Sampaio na chefia da ANTT seja de cinco anos, e n\u00e3o apenas remanescente do tempo que ele ainda teria na ag\u00eancia como diretor. Agora, o governo teria concordado em fazer a altera\u00e7\u00e3o, disseram fontes.<br><br>J\u00e1 no caso da ANA (Ag\u00eancia Nacional de \u00c1guas e Saneamento B\u00e1sico), os nomes dos tr\u00eas indicados foram aprovados sem dificuldades nesta ter\u00e7a-feira na CMA (Comiss\u00e3o de Meio Ambiente), ap\u00f3s a realiza\u00e7\u00e3o das sabatinas.\u00a0<\/p>\n\n\n\n<p><em>*Colaboraram: Mar\u00edlia Sena e Marisa Wanzeller.<\/em><\/p>\n\n\n\n<p><\/p>\n","protected":false},"excerpt":{"rendered":"<p>Lais Carregosa, Geraldo Campos Jr. e Amanda Pupo*, da Ag\u00eancia iNFRA As indica\u00e7\u00f5es para as ag\u00eancias reguladoras foram destravadas no Senado. Os indicados \u00e0 ANEEL (Ag\u00eancia Nacional de Energia El\u00e9trica) e \u00e0 ANP (Ag\u00eancia Nacional do Petr\u00f3leo, G\u00e1s Natural e Biocombust\u00edveis) tiveram seus relat\u00f3rios lidos na CI (Comiss\u00e3o de Infraestrutura) nesta quarta-feira (13), em reuni\u00e3o [&hellip;]<\/p>\n","protected":false},"author":1,"featured_media":17920,"comment_status":"closed","ping_status":"closed","sticky":false,"template":"","format":"standard","meta":{"_monsterinsights_skip_tracking":false,"_monsterinsights_sitenote_active":false,"_monsterinsights_sitenote_note":"","_monsterinsights_sitenote_category":0,"footnotes":""},"categories":[7250,1,10],"tags":[46,13354,53,1101,1498,6781,11594,14109,13132,6335,14756],"class_list":["post-26199","post","type-post","status-publish","format-standard","has-post-thumbnail","hentry","category-destaque-lista","category-geral","category-infraenergia","tag-agencias-reguladoras","tag-amanda-pupo","tag-aneel","tag-anp","tag-comissao-de-infraestrutura","tag-gentil-nogueira","tag-geraldo-campos-jr","tag-indicacoes-as-agencias","tag-lais-carregosa","tag-pietro-mendes","tag-sabatinas-das-agencias"],"yoast_head":"<!-- This site is optimized with the Yoast SEO Premium plugin v25.4 (Yoast SEO v26.0) - https:\/\/yoast.com\/wordpress\/plugins\/seo\/ -->\n<title>Senado destrava indica\u00e7\u00f5es para ANEEL e ANP; sabatinas devem ocorrer na pr\u00f3xima semana - Ag\u00eancia iNFRA<\/title>\n<meta name=\"robots\" content=\"index, follow, max-snippet:-1, max-image-preview:large, max-video-preview:-1\" \/>\n<link rel=\"canonical\" href=\"https:\/\/agenciainfra.com\/blog\/senado-destrava-indicacoes-para-aneel-e-anp-sabatinas-devem-ocorrer-na-proxima-semana\/\" \/>\n<meta property=\"og:locale\" content=\"pt_BR\" \/>\n<meta property=\"og:type\" content=\"article\" \/>\n<meta property=\"og:title\" content=\"Senado destrava indica\u00e7\u00f5es para ANEEL e ANP; sabatinas devem ocorrer na pr\u00f3xima semana\" \/>\n<meta property=\"og:description\" content=\"Lais Carregosa, Geraldo Campos Jr. e Amanda Pupo*, da Ag\u00eancia iNFRA As indica\u00e7\u00f5es para as ag\u00eancias reguladoras foram destravadas no Senado. Os indicados \u00e0 ANEEL (Ag\u00eancia Nacional de Energia El\u00e9trica) e \u00e0 ANP (Ag\u00eancia Nacional do Petr\u00f3leo, G\u00e1s Natural e Biocombust\u00edveis) tiveram seus relat\u00f3rios lidos na CI (Comiss\u00e3o de Infraestrutura) nesta quarta-feira (13), em reuni\u00e3o [&hellip;]\" \/>\n<meta property=\"og:url\" content=\"https:\/\/agenciainfra.com\/blog\/senado-destrava-indicacoes-para-aneel-e-anp-sabatinas-devem-ocorrer-na-proxima-semana\/\" \/>\n<meta property=\"og:site_name\" content=\"Ag\u00eancia iNFRA\" \/>\n<meta property=\"article:publisher\" content=\"https:\/\/www.facebook.com\/ageninfra\" \/>\n<meta property=\"article:published_time\" content=\"2025-08-13T18:45:31+00:00\" \/>\n<meta property=\"article:modified_time\" content=\"2025-08-14T17:59:31+00:00\" \/>\n<meta property=\"og:image\" content=\"https:\/\/agenciainfra.com\/blog\/wp-content\/uploads\/2024\/07\/plenario-senado-foto-agencia-senado-saulo-cruz.jpg\" \/>\n\t<meta property=\"og:image:width\" content=\"1202\" \/>\n\t<meta property=\"og:image:height\" content=\"801\" \/>\n\t<meta property=\"og:image:type\" content=\"image\/jpeg\" \/>\n<meta name=\"author\" content=\"Ag\u00eancia iNFRA\" \/>\n<meta name=\"twitter:card\" content=\"summary_large_image\" \/>\n<meta name=\"twitter:creator\" content=\"@agencia_infra\" \/>\n<meta name=\"twitter:site\" content=\"@agencia_infra\" \/>\n<meta name=\"twitter:label1\" content=\"Escrito por\" \/>\n\t<meta name=\"twitter:data1\" content=\"Ag\u00eancia iNFRA\" \/>\n\t<meta name=\"twitter:label2\" content=\"Est. tempo de leitura\" \/>\n\t<meta name=\"twitter:data2\" content=\"3 minutos\" \/>\n<script type=\"application\/ld+json\" class=\"yoast-schema-graph\">{\"@context\":\"https:\/\/schema.org\",\"@graph\":[{\"@type\":\"Article\",\"@id\":\"https:\/\/agenciainfra.com\/blog\/senado-destrava-indicacoes-para-aneel-e-anp-sabatinas-devem-ocorrer-na-proxima-semana\/#article\",\"isPartOf\":{\"@id\":\"https:\/\/agenciainfra.com\/blog\/senado-destrava-indicacoes-para-aneel-e-anp-sabatinas-devem-ocorrer-na-proxima-semana\/\"},\"author\":{\"name\":\"Ag\u00eancia iNFRA\",\"@id\":\"https:\/\/agenciainfra.com\/blog\/#\/schema\/person\/34af08dff6adea4cb22b06612ba7acfa\"},\"headline\":\"Senado destrava indica\u00e7\u00f5es para ANEEL e ANP; sabatinas devem ocorrer na pr\u00f3xima semana\",\"datePublished\":\"2025-08-13T18:45:31+00:00\",\"dateModified\":\"2025-08-14T17:59:31+00:00\",\"mainEntityOfPage\":{\"@id\":\"https:\/\/agenciainfra.com\/blog\/senado-destrava-indicacoes-para-aneel-e-anp-sabatinas-devem-ocorrer-na-proxima-semana\/\"},\"wordCount\":662,\"publisher\":{\"@id\":\"https:\/\/agenciainfra.com\/blog\/#organization\"},\"image\":{\"@id\":\"https:\/\/agenciainfra.com\/blog\/senado-destrava-indicacoes-para-aneel-e-anp-sabatinas-devem-ocorrer-na-proxima-semana\/#primaryimage\"},\"thumbnailUrl\":\"https:\/\/agenciainfra.com\/blog\/wp-content\/uploads\/2024\/07\/plenario-senado-foto-agencia-senado-saulo-cruz.jpg\",\"keywords\":[\"Ag\u00eancias Reguladoras\",\"Amanda Pupo\",\"ANEEL\",\"ANP\",\"Comiss\u00e3o de Infraestrutura\",\"Gentil Nogueira\",\"Geraldo Campos Jr.\",\"indica\u00e7\u00f5es \u00e0s ag\u00eancias\",\"Lais Carregosa\",\"Pietro Mendes\",\"sabatinas das ag\u00eancias\"],\"articleSection\":[\"Destaque lista\",\"Geral\",\"iNFRAEnergia\"],\"inLanguage\":\"pt-BR\",\"copyrightYear\":\"2025\",\"copyrightHolder\":{\"@id\":\"https:\/\/agenciainfra.com\/blog\/#organization\"}},{\"@type\":\"WebPage\",\"@id\":\"https:\/\/agenciainfra.com\/blog\/senado-destrava-indicacoes-para-aneel-e-anp-sabatinas-devem-ocorrer-na-proxima-semana\/\",\"url\":\"https:\/\/agenciainfra.com\/blog\/senado-destrava-indicacoes-para-aneel-e-anp-sabatinas-devem-ocorrer-na-proxima-semana\/\",\"name\":\"Senado destrava indica\u00e7\u00f5es para ANEEL e ANP; sabatinas devem ocorrer na pr\u00f3xima semana - Ag\u00eancia iNFRA\",\"isPartOf\":{\"@id\":\"https:\/\/agenciainfra.com\/blog\/#website\"},\"primaryImageOfPage\":{\"@id\":\"https:\/\/agenciainfra.com\/blog\/senado-destrava-indicacoes-para-aneel-e-anp-sabatinas-devem-ocorrer-na-proxima-semana\/#primaryimage\"},\"image\":{\"@id\":\"https:\/\/agenciainfra.com\/blog\/senado-destrava-indicacoes-para-aneel-e-anp-sabatinas-devem-ocorrer-na-proxima-semana\/#primaryimage\"},\"thumbnailUrl\":\"https:\/\/agenciainfra.com\/blog\/wp-content\/uploads\/2024\/07\/plenario-senado-foto-agencia-senado-saulo-cruz.jpg\",\"datePublished\":\"2025-08-13T18:45:31+00:00\",\"dateModified\":\"2025-08-14T17:59:31+00:00\",\"breadcrumb\":{\"@id\":\"https:\/\/agenciainfra.com\/blog\/senado-destrava-indicacoes-para-aneel-e-anp-sabatinas-devem-ocorrer-na-proxima-semana\/#breadcrumb\"},\"inLanguage\":\"pt-BR\",\"potentialAction\":[{\"@type\":\"ReadAction\",\"target\":[\"https:\/\/agenciainfra.com\/blog\/senado-destrava-indicacoes-para-aneel-e-anp-sabatinas-devem-ocorrer-na-proxima-semana\/\"]}]},{\"@type\":\"ImageObject\",\"inLanguage\":\"pt-BR\",\"@id\":\"https:\/\/agenciainfra.com\/blog\/senado-destrava-indicacoes-para-aneel-e-anp-sabatinas-devem-ocorrer-na-proxima-semana\/#primaryimage\",\"url\":\"https:\/\/agenciainfra.com\/blog\/wp-content\/uploads\/2024\/07\/plenario-senado-foto-agencia-senado-saulo-cruz.jpg\",\"contentUrl\":\"https:\/\/agenciainfra.com\/blog\/wp-content\/uploads\/2024\/07\/plenario-senado-foto-agencia-senado-saulo-cruz.jpg\",\"width\":1202,\"height\":801,\"caption\":\"Foto: Saulo Cruz\/Ag\u00eancia Senado\"},{\"@type\":\"BreadcrumbList\",\"@id\":\"https:\/\/agenciainfra.com\/blog\/senado-destrava-indicacoes-para-aneel-e-anp-sabatinas-devem-ocorrer-na-proxima-semana\/#breadcrumb\",\"itemListElement\":[{\"@type\":\"ListItem\",\"position\":1,\"name\":\"In\u00edcio\",\"item\":\"https:\/\/agenciainfra.com\/blog\/\"},{\"@type\":\"ListItem\",\"position\":2,\"name\":\"Senado destrava indica\u00e7\u00f5es para ANEEL e ANP; sabatinas devem ocorrer na pr\u00f3xima semana\"}]},{\"@type\":\"WebSite\",\"@id\":\"https:\/\/agenciainfra.com\/blog\/#website\",\"url\":\"https:\/\/agenciainfra.com\/blog\/\",\"name\":\"Ag\u00eancia iNFRA\",\"description\":\"Multiplataforma de informa\u00e7\u00e3o jornal\u00edstica refer\u00eancia na \u00e1rea de infraestrutura no Brasil!\",\"publisher\":{\"@id\":\"https:\/\/agenciainfra.com\/blog\/#organization\"},\"potentialAction\":[{\"@type\":\"SearchAction\",\"target\":{\"@type\":\"EntryPoint\",\"urlTemplate\":\"https:\/\/agenciainfra.com\/blog\/?s={search_term_string}\"},\"query-input\":{\"@type\":\"PropertyValueSpecification\",\"valueRequired\":true,\"valueName\":\"search_term_string\"}}],\"inLanguage\":\"pt-BR\"},{\"@type\":\"Organization\",\"@id\":\"https:\/\/agenciainfra.com\/blog\/#organization\",\"name\":\"Ag\u00eancia iNFRA\",\"url\":\"https:\/\/agenciainfra.com\/blog\/\",\"logo\":{\"@type\":\"ImageObject\",\"inLanguage\":\"pt-BR\",\"@id\":\"https:\/\/agenciainfra.com\/blog\/#\/schema\/logo\/image\/\",\"url\":\"https:\/\/agenciainfra.com\/blog\/wp-content\/uploads\/2023\/09\/iNFRA_5-e1761735885940.png\",\"contentUrl\":\"https:\/\/agenciainfra.com\/blog\/wp-content\/uploads\/2023\/09\/iNFRA_5-e1761735885940.png\",\"width\":1672,\"height\":454,\"caption\":\"Ag\u00eancia iNFRA\"},\"image\":{\"@id\":\"https:\/\/agenciainfra.com\/blog\/#\/schema\/logo\/image\/\"},\"sameAs\":[\"https:\/\/www.facebook.com\/ageninfra\",\"https:\/\/x.com\/agencia_infra\",\"https:\/\/www.linkedin.com\/company\/ag\u00eanciainfra\/\",\"https:\/\/www.instagram.com\/agenciainfra\/\"]},{\"@type\":\"Person\",\"@id\":\"https:\/\/agenciainfra.com\/blog\/#\/schema\/person\/34af08dff6adea4cb22b06612ba7acfa\",\"name\":\"Ag\u00eancia iNFRA\",\"image\":{\"@type\":\"ImageObject\",\"inLanguage\":\"pt-BR\",\"@id\":\"https:\/\/agenciainfra.com\/blog\/#\/schema\/person\/image\/\",\"url\":\"https:\/\/secure.gravatar.com\/avatar\/d189e01678f06d8eb84d4e01f08eb848b3fffe3f8443818d3c356c66892f5be8?s=96&d=mm&r=g\",\"contentUrl\":\"https:\/\/secure.gravatar.com\/avatar\/d189e01678f06d8eb84d4e01f08eb848b3fffe3f8443818d3c356c66892f5be8?s=96&d=mm&r=g\",\"caption\":\"Ag\u00eancia iNFRA\"},\"url\":\"https:\/\/agenciainfra.com\/blog\/author\/admin\/\"}]}<\/script>\n<!-- \/ Yoast SEO Premium plugin. -->","yoast_head_json":{"title":"Senado destrava indica\u00e7\u00f5es para ANEEL e ANP; sabatinas devem ocorrer na pr\u00f3xima semana - Ag\u00eancia iNFRA","robots":{"index":"index","follow":"follow","max-snippet":"max-snippet:-1","max-image-preview":"max-image-preview:large","max-video-preview":"max-video-preview:-1"},"canonical":"https:\/\/agenciainfra.com\/blog\/senado-destrava-indicacoes-para-aneel-e-anp-sabatinas-devem-ocorrer-na-proxima-semana\/","og_locale":"pt_BR","og_type":"article","og_title":"Senado destrava indica\u00e7\u00f5es para ANEEL e ANP; sabatinas devem ocorrer na pr\u00f3xima semana","og_description":"Lais Carregosa, Geraldo Campos Jr. e Amanda Pupo*, da Ag\u00eancia iNFRA As indica\u00e7\u00f5es para as ag\u00eancias reguladoras foram destravadas no Senado. Os indicados \u00e0 ANEEL (Ag\u00eancia Nacional de Energia El\u00e9trica) e \u00e0 ANP (Ag\u00eancia Nacional do Petr\u00f3leo, G\u00e1s Natural e Biocombust\u00edveis) tiveram seus relat\u00f3rios lidos na CI (Comiss\u00e3o de Infraestrutura) nesta quarta-feira (13), em reuni\u00e3o [&hellip;]","og_url":"https:\/\/agenciainfra.com\/blog\/senado-destrava-indicacoes-para-aneel-e-anp-sabatinas-devem-ocorrer-na-proxima-semana\/","og_site_name":"Ag\u00eancia iNFRA","article_publisher":"https:\/\/www.facebook.com\/ageninfra","article_published_time":"2025-08-13T18:45:31+00:00","article_modified_time":"2025-08-14T17:59:31+00:00","og_image":[{"width":1202,"height":801,"url":"https:\/\/agenciainfra.com\/blog\/wp-content\/uploads\/2024\/07\/plenario-senado-foto-agencia-senado-saulo-cruz.jpg","type":"image\/jpeg"}],"author":"Ag\u00eancia iNFRA","twitter_card":"summary_large_image","twitter_creator":"@agencia_infra","twitter_site":"@agencia_infra","twitter_misc":{"Escrito por":"Ag\u00eancia iNFRA","Est. tempo de leitura":"3 minutos"},"schema":{"@context":"https:\/\/schema.org","@graph":[{"@type":"Article","@id":"https:\/\/agenciainfra.com\/blog\/senado-destrava-indicacoes-para-aneel-e-anp-sabatinas-devem-ocorrer-na-proxima-semana\/#article","isPartOf":{"@id":"https:\/\/agenciainfra.com\/blog\/senado-destrava-indicacoes-para-aneel-e-anp-sabatinas-devem-ocorrer-na-proxima-semana\/"},"author":{"name":"Ag\u00eancia iNFRA","@id":"https:\/\/agenciainfra.com\/blog\/#\/schema\/person\/34af08dff6adea4cb22b06612ba7acfa"},"headline":"Senado destrava indica\u00e7\u00f5es para ANEEL e ANP; sabatinas devem ocorrer na pr\u00f3xima semana","datePublished":"2025-08-13T18:45:31+00:00","dateModified":"2025-08-14T17:59:31+00:00","mainEntityOfPage":{"@id":"https:\/\/agenciainfra.com\/blog\/senado-destrava-indicacoes-para-aneel-e-anp-sabatinas-devem-ocorrer-na-proxima-semana\/"},"wordCount":662,"publisher":{"@id":"https:\/\/agenciainfra.com\/blog\/#organization"},"image":{"@id":"https:\/\/agenciainfra.com\/blog\/senado-destrava-indicacoes-para-aneel-e-anp-sabatinas-devem-ocorrer-na-proxima-semana\/#primaryimage"},"thumbnailUrl":"https:\/\/agenciainfra.com\/blog\/wp-content\/uploads\/2024\/07\/plenario-senado-foto-agencia-senado-saulo-cruz.jpg","keywords":["Ag\u00eancias Reguladoras","Amanda Pupo","ANEEL","ANP","Comiss\u00e3o de Infraestrutura","Gentil Nogueira","Geraldo Campos Jr.","indica\u00e7\u00f5es \u00e0s ag\u00eancias","Lais Carregosa","Pietro Mendes","sabatinas das ag\u00eancias"],"articleSection":["Destaque lista","Geral","iNFRAEnergia"],"inLanguage":"pt-BR","copyrightYear":"2025","copyrightHolder":{"@id":"https:\/\/agenciainfra.com\/blog\/#organization"}},{"@type":"WebPage","@id":"https:\/\/agenciainfra.com\/blog\/senado-destrava-indicacoes-para-aneel-e-anp-sabatinas-devem-ocorrer-na-proxima-semana\/","url":"https:\/\/agenciainfra.com\/blog\/senado-destrava-indicacoes-para-aneel-e-anp-sabatinas-devem-ocorrer-na-proxima-semana\/","name":"Senado destrava indica\u00e7\u00f5es para ANEEL e ANP; sabatinas devem ocorrer na pr\u00f3xima semana - Ag\u00eancia iNFRA","isPartOf":{"@id":"https:\/\/agenciainfra.com\/blog\/#website"},"primaryImageOfPage":{"@id":"https:\/\/agenciainfra.com\/blog\/senado-destrava-indicacoes-para-aneel-e-anp-sabatinas-devem-ocorrer-na-proxima-semana\/#primaryimage"},"image":{"@id":"https:\/\/agenciainfra.com\/blog\/senado-destrava-indicacoes-para-aneel-e-anp-sabatinas-devem-ocorrer-na-proxima-semana\/#primaryimage"},"thumbnailUrl":"https:\/\/agenciainfra.com\/blog\/wp-content\/uploads\/2024\/07\/plenario-senado-foto-agencia-senado-saulo-cruz.jpg","datePublished":"2025-08-13T18:45:31+00:00","dateModified":"2025-08-14T17:59:31+00:00","breadcrumb":{"@id":"https:\/\/agenciainfra.com\/blog\/senado-destrava-indicacoes-para-aneel-e-anp-sabatinas-devem-ocorrer-na-proxima-semana\/#breadcrumb"},"inLanguage":"pt-BR","potentialAction":[{"@type":"ReadAction","target":["https:\/\/agenciainfra.com\/blog\/senado-destrava-indicacoes-para-aneel-e-anp-sabatinas-devem-ocorrer-na-proxima-semana\/"]}]},{"@type":"ImageObject","inLanguage":"pt-BR","@id":"https:\/\/agenciainfra.com\/blog\/senado-destrava-indicacoes-para-aneel-e-anp-sabatinas-devem-ocorrer-na-proxima-semana\/#primaryimage","url":"https:\/\/agenciainfra.com\/blog\/wp-content\/uploads\/2024\/07\/plenario-senado-foto-agencia-senado-saulo-cruz.jpg","contentUrl":"https:\/\/agenciainfra.com\/blog\/wp-content\/uploads\/2024\/07\/plenario-senado-foto-agencia-senado-saulo-cruz.jpg","width":1202,"height":801,"caption":"Foto: Saulo Cruz\/Ag\u00eancia Senado"},{"@type":"BreadcrumbList","@id":"https:\/\/agenciainfra.com\/blog\/senado-destrava-indicacoes-para-aneel-e-anp-sabatinas-devem-ocorrer-na-proxima-semana\/#breadcrumb","itemListElement":[{"@type":"ListItem","position":1,"name":"In\u00edcio","item":"https:\/\/agenciainfra.com\/blog\/"},{"@type":"ListItem","position":2,"name":"Senado destrava indica\u00e7\u00f5es para ANEEL e ANP; sabatinas devem ocorrer na pr\u00f3xima semana"}]},{"@type":"WebSite","@id":"https:\/\/agenciainfra.com\/blog\/#website","url":"https:\/\/agenciainfra.com\/blog\/","name":"Ag\u00eancia iNFRA","description":"Multiplataforma de informa\u00e7\u00e3o jornal\u00edstica refer\u00eancia na \u00e1rea de infraestrutura no Brasil!","publisher":{"@id":"https:\/\/agenciainfra.com\/blog\/#organization"},"potentialAction":[{"@type":"SearchAction","target":{"@type":"EntryPoint","urlTemplate":"https:\/\/agenciainfra.com\/blog\/?s={search_term_string}"},"query-input":{"@type":"PropertyValueSpecification","valueRequired":true,"valueName":"search_term_string"}}],"inLanguage":"pt-BR"},{"@type":"Organization","@id":"https:\/\/agenciainfra.com\/blog\/#organization","name":"Ag\u00eancia iNFRA","url":"https:\/\/agenciainfra.com\/blog\/","logo":{"@type":"ImageObject","inLanguage":"pt-BR","@id":"https:\/\/agenciainfra.com\/blog\/#\/schema\/logo\/image\/","url":"https:\/\/agenciainfra.com\/blog\/wp-content\/uploads\/2023\/09\/iNFRA_5-e1761735885940.png","contentUrl":"https:\/\/agenciainfra.com\/blog\/wp-content\/uploads\/2023\/09\/iNFRA_5-e1761735885940.png","width":1672,"height":454,"caption":"Ag\u00eancia iNFRA"},"image":{"@id":"https:\/\/agenciainfra.com\/blog\/#\/schema\/logo\/image\/"},"sameAs":["https:\/\/www.facebook.com\/ageninfra","https:\/\/x.com\/agencia_infra","https:\/\/www.linkedin.com\/company\/ag\u00eanciainfra\/","https:\/\/www.instagram.com\/agenciainfra\/"]},{"@type":"Person","@id":"https:\/\/agenciainfra.com\/blog\/#\/schema\/person\/34af08dff6adea4cb22b06612ba7acfa","name":"Ag\u00eancia iNFRA","image":{"@type":"ImageObject","inLanguage":"pt-BR","@id":"https:\/\/agenciainfra.com\/blog\/#\/schema\/person\/image\/","url":"https:\/\/secure.gravatar.com\/avatar\/d189e01678f06d8eb84d4e01f08eb848b3fffe3f8443818d3c356c66892f5be8?s=96&d=mm&r=g","contentUrl":"https:\/\/secure.gravatar.com\/avatar\/d189e01678f06d8eb84d4e01f08eb848b3fffe3f8443818d3c356c66892f5be8?s=96&d=mm&r=g","caption":"Ag\u00eancia iNFRA"},"url":"https:\/\/agenciainfra.com\/blog\/author\/admin\/"}]}},"_links":{"self":[{"href":"https:\/\/agenciainfra.com\/blog\/wp-json\/wp\/v2\/posts\/26199","targetHints":{"allow":["GET"]}}],"collection":[{"href":"https:\/\/agenciainfra.com\/blog\/wp-json\/wp\/v2\/posts"}],"about":[{"href":"https:\/\/agenciainfra.com\/blog\/wp-json\/wp\/v2\/types\/post"}],"author":[{"embeddable":true,"href":"https:\/\/agenciainfra.com\/blog\/wp-json\/wp\/v2\/users\/1"}],"replies":[{"embeddable":true,"href":"https:\/\/agenciainfra.com\/blog\/wp-json\/wp\/v2\/comments?post=26199"}],"version-history":[{"count":1,"href":"https:\/\/agenciainfra.com\/blog\/wp-json\/wp\/v2\/posts\/26199\/revisions"}],"predecessor-version":[{"id":26205,"href":"https:\/\/agenciainfra.com\/blog\/wp-json\/wp\/v2\/posts\/26199\/revisions\/26205"}],"wp:featuredmedia":[{"embeddable":true,"href":"https:\/\/agenciainfra.com\/blog\/wp-json\/wp\/v2\/media\/17920"}],"wp:attachment":[{"href":"https:\/\/agenciainfra.com\/blog\/wp-json\/wp\/v2\/media?parent=26199"}],"wp:term":[{"taxonomy":"category","embeddable":true,"href":"https:\/\/agenciainfra.com\/blog\/wp-json\/wp\/v2\/categories?post=26199"},{"taxonomy":"post_tag","embeddable":true,"href":"https:\/\/agenciainfra.com\/blog\/wp-json\/wp\/v2\/tags?post=26199"}],"curies":[{"name":"wp","href":"https:\/\/api.w.org\/{rel}","templated":true}]}}