{"id":2623,"date":"2018-11-20T04:00:31","date_gmt":"2018-11-20T07:00:31","guid":{"rendered":"http:\/\/www.agenciainfra.com\/blog\/?p=2623"},"modified":"2018-11-19T09:07:35","modified_gmt":"2018-11-19T12:07:35","slug":"oposicao-politica-ao-nome-de-pedrosa-embaralha-decisao-para-ministerio-de-minas-e-energia","status":"publish","type":"post","link":"https:\/\/agenciainfra.com\/blog\/oposicao-politica-ao-nome-de-pedrosa-embaralha-decisao-para-ministerio-de-minas-e-energia\/","title":{"rendered":"Oposi\u00e7\u00e3o pol\u00edtica ao nome de Pedrosa embaralha decis\u00e3o para minist\u00e9rio de Minas e Energia"},"content":{"rendered":"<h5 style=\"text-align: right;\"><strong>Leila Coimbra,\u00a0da Ag\u00eancia iNFRA<\/strong><\/h5>\n<p>As movimenta\u00e7\u00f5es nos bastidores pol\u00edticos foram intensas na semana passada, na busca de indica\u00e7\u00f5es para compor o Minist\u00e9rio de Minas e Energia. Paulo Pedrosa, ex-secret\u00e1rio-executivo da pasta, era tido como o nome certo para assumir a fun\u00e7\u00e3o de ministro do futuro governo de Jair Bolsonaro, h\u00e1 pouco mais de uma semana. Mas foi perdendo o favoritismo ao longo dos dias, e chegou no fim da semana passada em desvantagem na prefer\u00eancia da equipe de transi\u00e7\u00e3o para Adriano Pires, diretor e s\u00f3cio do CBIE (Centro Brasileiro de Infraestrutura).<\/p>\n<p>O nome de Pedrosa perdeu for\u00e7a, segundo apurou a\u00a0<strong>Ag\u00eancia iNFRA,\u00a0<\/strong>devido a uma grande movimenta\u00e7\u00e3o pol\u00edtica que ocorreu no CCBB (Centro Cultural Banco do Brasil), onde a equipe de transi\u00e7\u00e3o trabalha, na semana passada: deputados, senadores e outras autoridades pol\u00edticas foram l\u00e1\u00a0dizer que a indica\u00e7\u00e3o\u00a0do ex-secret\u00e1rio do MME n\u00e3o era do seu agrado, e que isso poderia prejudicar a tramita\u00e7\u00e3o dos projetos do setor no Congresso Nacional.<\/p>\n<p><strong>Mais do mesmo<\/strong><br \/>\nEsse mesmo movimento ocorreu em abril passado, quando o ent\u00e3o ministro de Minas e Energia, Fernando Coelho Filho, deixou a pasta para concorrer \u00e0 reelei\u00e7\u00e3o como deputado federal. Pedrosa era o seu bra\u00e7o-direito, e candidato natural para suced\u00ea-lo. Seu nome tamb\u00e9m contava com o apoio de parte dos agentes do setor el\u00e9trico, mas sofreu forte oposi\u00e7\u00e3o pol\u00edtica na ocasi\u00e3o, inclusive por membros da equipe pol\u00edtica do Pal\u00e1cio do Planalto.<\/p>\n<p>Na semana passada, esse mesmo movimento ressurgiu em Bras\u00edlia, com ainda mais for\u00e7a. Houve uma peregrina\u00e7\u00e3o de autoridades de v\u00e1rios partidos, principalmente do DEM e do MDB, ao quartel-general do futuro governo. Reuni\u00f5es foram feitas com o pr\u00f3ximo ministro da Casa Civil, Onyx Lorenzoni, e tamb\u00e9m com Paulo Guedes, que comandar\u00e1 o superminist\u00e9rio da Economia, al\u00e9m dos generais que fazem parte da equipe de transi\u00e7\u00e3o. Nestes encontros, os pol\u00edticos mostraram sua insatisfa\u00e7\u00e3o com a poss\u00edvel indica\u00e7\u00e3o de Pedrosa.<\/p>\n<p>Questionados pela<strong>\u00a0iNFRA<\/strong>\u00a0sobre o motivo da oposi\u00e7\u00e3o, alguns pol\u00edticos que confirmaram que se encontraram com Onyx, e com outros integrantes da equipe, disseram que o principal problema do ex-secret\u00e1rio \u00e9 a sua falta de traquejo para lidar politicamente com as quest\u00f5es do setor no Legislativo. As autoridades pol\u00edticas aceitaram falar sobre as discuss\u00f5es com a equipe de transi\u00e7\u00e3o em torno das indica\u00e7\u00f5es ao MME, mas pediram que seus nomes n\u00e3o fossem divulgados.<\/p>\n<p>Alguns disseram que Pedrosa se isolou em um pequeno grupo do PSDB, sem alian\u00e7as de outros partidos. E que esse grupo tucano perdeu muito da\u00a0sua for\u00e7a pol\u00edtica nos \u00faltimos dois anos, e hoje n\u00e3o possui relev\u00e2ncia no cen\u00e1rio nacional. \u201cO PSDB est\u00e1 morto, e ele n\u00e3o tem apadrinhamento pol\u00edtico de relev\u00e2ncia\u201d, disse um experiente pol\u00edtico.<\/p>\n<p>A atua\u00e7\u00e3o de Pedrosa no Minist\u00e9rio de Minas e Energia tamb\u00e9m deixou inimigos ao tentar minar o poder dos tradicionais caciques do MDB na pasta sem, no entanto, conseguir compor novos apoios pol\u00edticos de peso, na avalia\u00e7\u00e3o de uma fonte. O ex-ministro Fernando Coelho Filho, hoje no DEM, \u00e9 considerado novo no partido e sem for\u00e7a para bancar a sua indica\u00e7\u00e3o.<\/p>\n<p><strong>Nome alternativo<\/strong><br \/>\nNa \u00faltima ter\u00e7a-feira (13), quando j\u00e1 havia restri\u00e7\u00f5es da \u00e1rea pol\u00edtica\u00a0ao nome de Pedrosa, Paulo Guedes pediu ent\u00e3o a Onyx que fosse apresentado um outro nome com perfil t\u00e9cnico para a vaga de Ministro de Minas e Energia, mas com bom tr\u00e2nsito pol\u00edtico. Foi quando o futuro ministro da Casa Civil aventou a possibilidade de se colocar Adriano Pires no cargo, disseram fontes.<\/p>\n<p>Pires ent\u00e3o foi chamado a se reunir com Paulo Guedes e os militares da equipe de transi\u00e7\u00e3o na quarta-feira (14). O diretor do CBIE transita com desenvoltura na \u00e1rea pol\u00edtica: \u00e9 amigo pessoal de v\u00e1rias autoridades que frequentam o CCBB, como o presidente da C\u00e2mara, Rodrigo Maia (DEM-RJ), e o senador Ronaldo Caiado, que foi eleito governador de Goi\u00e1s pelo DEM, dentre outros. Roberto Castello Branco, que participa da equipe de transi\u00e7\u00e3o nos assuntos relacionados a \u00f3leo e g\u00e1s, tamb\u00e9m defende o nome de Pires no cargo.<\/p>\n<p>O diretor do CBIE j\u00e1 esteve em um encontro com o pr\u00f3prio Jair Bolsonaro pouco antes do segundo turno eleitoral, em uma reuni\u00e3o que foi organizada por Onyx, e contou com a presen\u00e7a de outros executivos do setor el\u00e9trico, como o diretor-geral da ANEEL (Ag\u00eancia Nacional de Energia El\u00e9trica), Andr\u00e9 Pepitone.<\/p>\n<p><strong>Secret\u00e1rio-executivo<\/strong><br \/>\nLuciano de Castro, que trabalha no programa da \u00e1rea de energia de Jair Bolsonaro desde o in\u00edcio da campanha eleitoral, e que tamb\u00e9m foi cogitado para ser ministro de Minas e Energia, \u00e9 agora o nome certo para ocupar o cargo de secret\u00e1rio-executivo da pasta. Esse arranjo foi discutido dentro da equipe de transi\u00e7\u00e3o, com os militares e Paulo Guedes, e conta com a simpatia do pr\u00f3prio Castro, que tem um perfil t\u00e9cnico e n\u00e3o pol\u00edtico.<\/p>\n<p>Na secretaria-executiva do MME, Luciano de Castro teria mais liberdade para focar nas quest\u00f5es espec\u00edficas do setor, deixando para o futuro ministro a responsabilidade de interlocu\u00e7\u00e3o dentro do governo, e tamb\u00e9m com o Legislativo e o Judici\u00e1rio, uma fun\u00e7\u00e3o mais pol\u00edtica. Nesta conjuntura, Castro ter\u00e1 papel decisivo na decis\u00e3o pelo nome do futuro ministro, segundo apurou a\u00a0<strong>iNFRA,<\/strong>\u00a0pois ir\u00e1 trabalhar diretamente com ele a partir de 2019.<\/p>\n<p><strong>Militares<\/strong><br \/>\nSem apoio pol\u00edtico suficiente para bancar sua nomea\u00e7\u00e3o j\u00e1 na semana passada, Paulo Pedrosa contou com a simpatia do grupo militar mais pr\u00f3ximo de Jair Bolsonaro para manter-se ainda na disputa pela vaga de ministro. Pedrosa tem militares na fam\u00edlia, alguns deles amigos dos generais que estar\u00e3o no poder, dentre eles o vice-presidente Hamilton Mour\u00e3o. O general Oswaldo Ferreira, que seria o ministro da Infraestrutura, mas acabou desistindo, tamb\u00e9m era simp\u00e1tico ao ex-secret\u00e1rio.<\/p>\n<p>O ministro da Fazenda, Eduardo Guardia, que \u00e9 amigo pessoal de Pedrosa, \u00e9 outro nome de peso que defende a sua indica\u00e7\u00e3o junto ao grupo de transi\u00e7\u00e3o. Diante da confus\u00e3o, com gente apoiando e um grupo pol\u00edtico fazendo oposi\u00e7\u00e3o, a escolha do pr\u00f3ximo comandante da pasta de Minas e Energia seguiu indefinida nos \u00faltimos dias.<\/p>\n","protected":false},"excerpt":{"rendered":"<p>Leila Coimbra,\u00a0da Ag\u00eancia iNFRA As movimenta\u00e7\u00f5es nos bastidores pol\u00edticos foram intensas na semana passada, na busca de indica\u00e7\u00f5es para compor o Minist\u00e9rio de Minas e Energia. Paulo Pedrosa, ex-secret\u00e1rio-executivo da pasta, era tido como o nome certo para assumir a fun\u00e7\u00e3o de ministro do futuro governo de Jair Bolsonaro, h\u00e1 pouco mais de uma semana. [&hellip;]<\/p>\n","protected":false},"author":1,"featured_media":2437,"comment_status":"closed","ping_status":"open","sticky":false,"template":"","format":"standard","meta":{"_monsterinsights_skip_tracking":false,"_monsterinsights_sitenote_active":false,"_monsterinsights_sitenote_note":"","_monsterinsights_sitenote_category":0,"footnotes":""},"categories":[10],"tags":[581,25,34,519],"class_list":["post-2623","post","type-post","status-publish","format-standard","has-post-thumbnail","hentry","category-infraenergia","tag-bolsonaro","tag-energia","tag-infraestrutura","tag-minas-e-energia"],"yoast_head":"<!-- This site is optimized with the Yoast SEO Premium plugin v25.4 (Yoast SEO v26.0) - https:\/\/yoast.com\/wordpress\/plugins\/seo\/ -->\n<title>Oposi\u00e7\u00e3o pol\u00edtica ao nome de Pedrosa embaralha decis\u00e3o para minist\u00e9rio de Minas e Energia - Ag\u00eancia iNFRA<\/title>\n<meta name=\"robots\" content=\"index, follow, max-snippet:-1, max-image-preview:large, max-video-preview:-1\" \/>\n<link rel=\"canonical\" href=\"https:\/\/agenciainfra.com\/blog\/oposicao-politica-ao-nome-de-pedrosa-embaralha-decisao-para-ministerio-de-minas-e-energia\/\" \/>\n<meta property=\"og:locale\" content=\"pt_BR\" \/>\n<meta property=\"og:type\" content=\"article\" \/>\n<meta property=\"og:title\" content=\"Oposi\u00e7\u00e3o pol\u00edtica ao nome de Pedrosa embaralha decis\u00e3o para minist\u00e9rio de Minas e Energia\" \/>\n<meta property=\"og:description\" content=\"Leila Coimbra,\u00a0da Ag\u00eancia iNFRA As movimenta\u00e7\u00f5es nos bastidores pol\u00edticos foram intensas na semana passada, na busca de indica\u00e7\u00f5es para compor o Minist\u00e9rio de Minas e Energia. Paulo Pedrosa, ex-secret\u00e1rio-executivo da pasta, era tido como o nome certo para assumir a fun\u00e7\u00e3o de ministro do futuro governo de Jair Bolsonaro, h\u00e1 pouco mais de uma semana. [&hellip;]\" \/>\n<meta property=\"og:url\" content=\"https:\/\/agenciainfra.com\/blog\/oposicao-politica-ao-nome-de-pedrosa-embaralha-decisao-para-ministerio-de-minas-e-energia\/\" \/>\n<meta property=\"og:site_name\" content=\"Ag\u00eancia iNFRA\" \/>\n<meta property=\"article:publisher\" content=\"https:\/\/www.facebook.com\/ageninfra\" \/>\n<meta property=\"article:published_time\" content=\"2018-11-20T07:00:31+00:00\" \/>\n<meta property=\"og:image\" content=\"https:\/\/agenciainfra.com\/blog\/wp-content\/uploads\/2018\/09\/22_04_16_fachada_ministerio_do_turismo.jpg\" \/>\n\t<meta property=\"og:image:width\" content=\"746\" \/>\n\t<meta property=\"og:image:height\" content=\"423\" \/>\n\t<meta property=\"og:image:type\" content=\"image\/jpeg\" \/>\n<meta name=\"author\" content=\"Ag\u00eancia iNFRA\" \/>\n<meta name=\"twitter:card\" content=\"summary_large_image\" \/>\n<meta name=\"twitter:creator\" content=\"@agencia_infra\" \/>\n<meta name=\"twitter:site\" content=\"@agencia_infra\" \/>\n<meta name=\"twitter:label1\" content=\"Escrito por\" \/>\n\t<meta name=\"twitter:data1\" content=\"Ag\u00eancia iNFRA\" \/>\n\t<meta name=\"twitter:label2\" content=\"Est. tempo de leitura\" \/>\n\t<meta name=\"twitter:data2\" content=\"5 minutos\" \/>\n<script type=\"application\/ld+json\" class=\"yoast-schema-graph\">{\"@context\":\"https:\/\/schema.org\",\"@graph\":[{\"@type\":\"Article\",\"@id\":\"https:\/\/agenciainfra.com\/blog\/oposicao-politica-ao-nome-de-pedrosa-embaralha-decisao-para-ministerio-de-minas-e-energia\/#article\",\"isPartOf\":{\"@id\":\"https:\/\/agenciainfra.com\/blog\/oposicao-politica-ao-nome-de-pedrosa-embaralha-decisao-para-ministerio-de-minas-e-energia\/\"},\"author\":{\"name\":\"Ag\u00eancia iNFRA\",\"@id\":\"https:\/\/agenciainfra.com\/blog\/#\/schema\/person\/34af08dff6adea4cb22b06612ba7acfa\"},\"headline\":\"Oposi\u00e7\u00e3o pol\u00edtica ao nome de Pedrosa embaralha decis\u00e3o para minist\u00e9rio de Minas e Energia\",\"datePublished\":\"2018-11-20T07:00:31+00:00\",\"mainEntityOfPage\":{\"@id\":\"https:\/\/agenciainfra.com\/blog\/oposicao-politica-ao-nome-de-pedrosa-embaralha-decisao-para-ministerio-de-minas-e-energia\/\"},\"wordCount\":1113,\"publisher\":{\"@id\":\"https:\/\/agenciainfra.com\/blog\/#organization\"},\"image\":{\"@id\":\"https:\/\/agenciainfra.com\/blog\/oposicao-politica-ao-nome-de-pedrosa-embaralha-decisao-para-ministerio-de-minas-e-energia\/#primaryimage\"},\"thumbnailUrl\":\"https:\/\/agenciainfra.com\/blog\/wp-content\/uploads\/2018\/09\/22_04_16_fachada_ministerio_do_turismo.jpg\",\"keywords\":[\"Bolsonaro\",\"energia\",\"Infraestrutura\",\"Minas e Energia\"],\"articleSection\":[\"iNFRAEnergia\"],\"inLanguage\":\"pt-BR\",\"copyrightYear\":\"2018\",\"copyrightHolder\":{\"@id\":\"https:\/\/agenciainfra.com\/blog\/#organization\"}},{\"@type\":\"WebPage\",\"@id\":\"https:\/\/agenciainfra.com\/blog\/oposicao-politica-ao-nome-de-pedrosa-embaralha-decisao-para-ministerio-de-minas-e-energia\/\",\"url\":\"https:\/\/agenciainfra.com\/blog\/oposicao-politica-ao-nome-de-pedrosa-embaralha-decisao-para-ministerio-de-minas-e-energia\/\",\"name\":\"Oposi\u00e7\u00e3o pol\u00edtica ao nome de Pedrosa embaralha decis\u00e3o para minist\u00e9rio de Minas e Energia - Ag\u00eancia iNFRA\",\"isPartOf\":{\"@id\":\"https:\/\/agenciainfra.com\/blog\/#website\"},\"primaryImageOfPage\":{\"@id\":\"https:\/\/agenciainfra.com\/blog\/oposicao-politica-ao-nome-de-pedrosa-embaralha-decisao-para-ministerio-de-minas-e-energia\/#primaryimage\"},\"image\":{\"@id\":\"https:\/\/agenciainfra.com\/blog\/oposicao-politica-ao-nome-de-pedrosa-embaralha-decisao-para-ministerio-de-minas-e-energia\/#primaryimage\"},\"thumbnailUrl\":\"https:\/\/agenciainfra.com\/blog\/wp-content\/uploads\/2018\/09\/22_04_16_fachada_ministerio_do_turismo.jpg\",\"datePublished\":\"2018-11-20T07:00:31+00:00\",\"breadcrumb\":{\"@id\":\"https:\/\/agenciainfra.com\/blog\/oposicao-politica-ao-nome-de-pedrosa-embaralha-decisao-para-ministerio-de-minas-e-energia\/#breadcrumb\"},\"inLanguage\":\"pt-BR\",\"potentialAction\":[{\"@type\":\"ReadAction\",\"target\":[\"https:\/\/agenciainfra.com\/blog\/oposicao-politica-ao-nome-de-pedrosa-embaralha-decisao-para-ministerio-de-minas-e-energia\/\"]}]},{\"@type\":\"ImageObject\",\"inLanguage\":\"pt-BR\",\"@id\":\"https:\/\/agenciainfra.com\/blog\/oposicao-politica-ao-nome-de-pedrosa-embaralha-decisao-para-ministerio-de-minas-e-energia\/#primaryimage\",\"url\":\"https:\/\/agenciainfra.com\/blog\/wp-content\/uploads\/2018\/09\/22_04_16_fachada_ministerio_do_turismo.jpg\",\"contentUrl\":\"https:\/\/agenciainfra.com\/blog\/wp-content\/uploads\/2018\/09\/22_04_16_fachada_ministerio_do_turismo.jpg\",\"width\":746,\"height\":423},{\"@type\":\"BreadcrumbList\",\"@id\":\"https:\/\/agenciainfra.com\/blog\/oposicao-politica-ao-nome-de-pedrosa-embaralha-decisao-para-ministerio-de-minas-e-energia\/#breadcrumb\",\"itemListElement\":[{\"@type\":\"ListItem\",\"position\":1,\"name\":\"In\u00edcio\",\"item\":\"https:\/\/agenciainfra.com\/blog\/\"},{\"@type\":\"ListItem\",\"position\":2,\"name\":\"Oposi\u00e7\u00e3o pol\u00edtica ao nome de Pedrosa embaralha decis\u00e3o para minist\u00e9rio de Minas e Energia\"}]},{\"@type\":\"WebSite\",\"@id\":\"https:\/\/agenciainfra.com\/blog\/#website\",\"url\":\"https:\/\/agenciainfra.com\/blog\/\",\"name\":\"Ag\u00eancia iNFRA\",\"description\":\"Multiplataforma de informa\u00e7\u00e3o jornal\u00edstica refer\u00eancia na \u00e1rea de infraestrutura no Brasil!\",\"publisher\":{\"@id\":\"https:\/\/agenciainfra.com\/blog\/#organization\"},\"potentialAction\":[{\"@type\":\"SearchAction\",\"target\":{\"@type\":\"EntryPoint\",\"urlTemplate\":\"https:\/\/agenciainfra.com\/blog\/?s={search_term_string}\"},\"query-input\":{\"@type\":\"PropertyValueSpecification\",\"valueRequired\":true,\"valueName\":\"search_term_string\"}}],\"inLanguage\":\"pt-BR\"},{\"@type\":\"Organization\",\"@id\":\"https:\/\/agenciainfra.com\/blog\/#organization\",\"name\":\"Ag\u00eancia iNFRA\",\"url\":\"https:\/\/agenciainfra.com\/blog\/\",\"logo\":{\"@type\":\"ImageObject\",\"inLanguage\":\"pt-BR\",\"@id\":\"https:\/\/agenciainfra.com\/blog\/#\/schema\/logo\/image\/\",\"url\":\"https:\/\/agenciainfra.com\/blog\/wp-content\/uploads\/2023\/09\/iNFRA_5-e1761735885940.png\",\"contentUrl\":\"https:\/\/agenciainfra.com\/blog\/wp-content\/uploads\/2023\/09\/iNFRA_5-e1761735885940.png\",\"width\":1672,\"height\":454,\"caption\":\"Ag\u00eancia iNFRA\"},\"image\":{\"@id\":\"https:\/\/agenciainfra.com\/blog\/#\/schema\/logo\/image\/\"},\"sameAs\":[\"https:\/\/www.facebook.com\/ageninfra\",\"https:\/\/x.com\/agencia_infra\",\"https:\/\/www.linkedin.com\/company\/ag\u00eanciainfra\/\",\"https:\/\/www.instagram.com\/agenciainfra\/\"]},{\"@type\":\"Person\",\"@id\":\"https:\/\/agenciainfra.com\/blog\/#\/schema\/person\/34af08dff6adea4cb22b06612ba7acfa\",\"name\":\"Ag\u00eancia iNFRA\",\"image\":{\"@type\":\"ImageObject\",\"inLanguage\":\"pt-BR\",\"@id\":\"https:\/\/agenciainfra.com\/blog\/#\/schema\/person\/image\/\",\"url\":\"https:\/\/secure.gravatar.com\/avatar\/d189e01678f06d8eb84d4e01f08eb848b3fffe3f8443818d3c356c66892f5be8?s=96&d=mm&r=g\",\"contentUrl\":\"https:\/\/secure.gravatar.com\/avatar\/d189e01678f06d8eb84d4e01f08eb848b3fffe3f8443818d3c356c66892f5be8?s=96&d=mm&r=g\",\"caption\":\"Ag\u00eancia iNFRA\"},\"url\":\"https:\/\/agenciainfra.com\/blog\/author\/admin\/\"}]}<\/script>\n<!-- \/ Yoast SEO Premium plugin. -->","yoast_head_json":{"title":"Oposi\u00e7\u00e3o pol\u00edtica ao nome de Pedrosa embaralha decis\u00e3o para minist\u00e9rio de Minas e Energia - Ag\u00eancia iNFRA","robots":{"index":"index","follow":"follow","max-snippet":"max-snippet:-1","max-image-preview":"max-image-preview:large","max-video-preview":"max-video-preview:-1"},"canonical":"https:\/\/agenciainfra.com\/blog\/oposicao-politica-ao-nome-de-pedrosa-embaralha-decisao-para-ministerio-de-minas-e-energia\/","og_locale":"pt_BR","og_type":"article","og_title":"Oposi\u00e7\u00e3o pol\u00edtica ao nome de Pedrosa embaralha decis\u00e3o para minist\u00e9rio de Minas e Energia","og_description":"Leila Coimbra,\u00a0da Ag\u00eancia iNFRA As movimenta\u00e7\u00f5es nos bastidores pol\u00edticos foram intensas na semana passada, na busca de indica\u00e7\u00f5es para compor o Minist\u00e9rio de Minas e Energia. Paulo Pedrosa, ex-secret\u00e1rio-executivo da pasta, era tido como o nome certo para assumir a fun\u00e7\u00e3o de ministro do futuro governo de Jair Bolsonaro, h\u00e1 pouco mais de uma semana. [&hellip;]","og_url":"https:\/\/agenciainfra.com\/blog\/oposicao-politica-ao-nome-de-pedrosa-embaralha-decisao-para-ministerio-de-minas-e-energia\/","og_site_name":"Ag\u00eancia iNFRA","article_publisher":"https:\/\/www.facebook.com\/ageninfra","article_published_time":"2018-11-20T07:00:31+00:00","og_image":[{"width":746,"height":423,"url":"https:\/\/agenciainfra.com\/blog\/wp-content\/uploads\/2018\/09\/22_04_16_fachada_ministerio_do_turismo.jpg","type":"image\/jpeg"}],"author":"Ag\u00eancia iNFRA","twitter_card":"summary_large_image","twitter_creator":"@agencia_infra","twitter_site":"@agencia_infra","twitter_misc":{"Escrito por":"Ag\u00eancia iNFRA","Est. tempo de leitura":"5 minutos"},"schema":{"@context":"https:\/\/schema.org","@graph":[{"@type":"Article","@id":"https:\/\/agenciainfra.com\/blog\/oposicao-politica-ao-nome-de-pedrosa-embaralha-decisao-para-ministerio-de-minas-e-energia\/#article","isPartOf":{"@id":"https:\/\/agenciainfra.com\/blog\/oposicao-politica-ao-nome-de-pedrosa-embaralha-decisao-para-ministerio-de-minas-e-energia\/"},"author":{"name":"Ag\u00eancia iNFRA","@id":"https:\/\/agenciainfra.com\/blog\/#\/schema\/person\/34af08dff6adea4cb22b06612ba7acfa"},"headline":"Oposi\u00e7\u00e3o pol\u00edtica ao nome de Pedrosa embaralha decis\u00e3o para minist\u00e9rio de Minas e Energia","datePublished":"2018-11-20T07:00:31+00:00","mainEntityOfPage":{"@id":"https:\/\/agenciainfra.com\/blog\/oposicao-politica-ao-nome-de-pedrosa-embaralha-decisao-para-ministerio-de-minas-e-energia\/"},"wordCount":1113,"publisher":{"@id":"https:\/\/agenciainfra.com\/blog\/#organization"},"image":{"@id":"https:\/\/agenciainfra.com\/blog\/oposicao-politica-ao-nome-de-pedrosa-embaralha-decisao-para-ministerio-de-minas-e-energia\/#primaryimage"},"thumbnailUrl":"https:\/\/agenciainfra.com\/blog\/wp-content\/uploads\/2018\/09\/22_04_16_fachada_ministerio_do_turismo.jpg","keywords":["Bolsonaro","energia","Infraestrutura","Minas e Energia"],"articleSection":["iNFRAEnergia"],"inLanguage":"pt-BR","copyrightYear":"2018","copyrightHolder":{"@id":"https:\/\/agenciainfra.com\/blog\/#organization"}},{"@type":"WebPage","@id":"https:\/\/agenciainfra.com\/blog\/oposicao-politica-ao-nome-de-pedrosa-embaralha-decisao-para-ministerio-de-minas-e-energia\/","url":"https:\/\/agenciainfra.com\/blog\/oposicao-politica-ao-nome-de-pedrosa-embaralha-decisao-para-ministerio-de-minas-e-energia\/","name":"Oposi\u00e7\u00e3o pol\u00edtica ao nome de Pedrosa embaralha decis\u00e3o para minist\u00e9rio de Minas e Energia - Ag\u00eancia iNFRA","isPartOf":{"@id":"https:\/\/agenciainfra.com\/blog\/#website"},"primaryImageOfPage":{"@id":"https:\/\/agenciainfra.com\/blog\/oposicao-politica-ao-nome-de-pedrosa-embaralha-decisao-para-ministerio-de-minas-e-energia\/#primaryimage"},"image":{"@id":"https:\/\/agenciainfra.com\/blog\/oposicao-politica-ao-nome-de-pedrosa-embaralha-decisao-para-ministerio-de-minas-e-energia\/#primaryimage"},"thumbnailUrl":"https:\/\/agenciainfra.com\/blog\/wp-content\/uploads\/2018\/09\/22_04_16_fachada_ministerio_do_turismo.jpg","datePublished":"2018-11-20T07:00:31+00:00","breadcrumb":{"@id":"https:\/\/agenciainfra.com\/blog\/oposicao-politica-ao-nome-de-pedrosa-embaralha-decisao-para-ministerio-de-minas-e-energia\/#breadcrumb"},"inLanguage":"pt-BR","potentialAction":[{"@type":"ReadAction","target":["https:\/\/agenciainfra.com\/blog\/oposicao-politica-ao-nome-de-pedrosa-embaralha-decisao-para-ministerio-de-minas-e-energia\/"]}]},{"@type":"ImageObject","inLanguage":"pt-BR","@id":"https:\/\/agenciainfra.com\/blog\/oposicao-politica-ao-nome-de-pedrosa-embaralha-decisao-para-ministerio-de-minas-e-energia\/#primaryimage","url":"https:\/\/agenciainfra.com\/blog\/wp-content\/uploads\/2018\/09\/22_04_16_fachada_ministerio_do_turismo.jpg","contentUrl":"https:\/\/agenciainfra.com\/blog\/wp-content\/uploads\/2018\/09\/22_04_16_fachada_ministerio_do_turismo.jpg","width":746,"height":423},{"@type":"BreadcrumbList","@id":"https:\/\/agenciainfra.com\/blog\/oposicao-politica-ao-nome-de-pedrosa-embaralha-decisao-para-ministerio-de-minas-e-energia\/#breadcrumb","itemListElement":[{"@type":"ListItem","position":1,"name":"In\u00edcio","item":"https:\/\/agenciainfra.com\/blog\/"},{"@type":"ListItem","position":2,"name":"Oposi\u00e7\u00e3o pol\u00edtica ao nome de Pedrosa embaralha decis\u00e3o para minist\u00e9rio de Minas e Energia"}]},{"@type":"WebSite","@id":"https:\/\/agenciainfra.com\/blog\/#website","url":"https:\/\/agenciainfra.com\/blog\/","name":"Ag\u00eancia iNFRA","description":"Multiplataforma de informa\u00e7\u00e3o jornal\u00edstica refer\u00eancia na \u00e1rea de infraestrutura no Brasil!","publisher":{"@id":"https:\/\/agenciainfra.com\/blog\/#organization"},"potentialAction":[{"@type":"SearchAction","target":{"@type":"EntryPoint","urlTemplate":"https:\/\/agenciainfra.com\/blog\/?s={search_term_string}"},"query-input":{"@type":"PropertyValueSpecification","valueRequired":true,"valueName":"search_term_string"}}],"inLanguage":"pt-BR"},{"@type":"Organization","@id":"https:\/\/agenciainfra.com\/blog\/#organization","name":"Ag\u00eancia iNFRA","url":"https:\/\/agenciainfra.com\/blog\/","logo":{"@type":"ImageObject","inLanguage":"pt-BR","@id":"https:\/\/agenciainfra.com\/blog\/#\/schema\/logo\/image\/","url":"https:\/\/agenciainfra.com\/blog\/wp-content\/uploads\/2023\/09\/iNFRA_5-e1761735885940.png","contentUrl":"https:\/\/agenciainfra.com\/blog\/wp-content\/uploads\/2023\/09\/iNFRA_5-e1761735885940.png","width":1672,"height":454,"caption":"Ag\u00eancia iNFRA"},"image":{"@id":"https:\/\/agenciainfra.com\/blog\/#\/schema\/logo\/image\/"},"sameAs":["https:\/\/www.facebook.com\/ageninfra","https:\/\/x.com\/agencia_infra","https:\/\/www.linkedin.com\/company\/ag\u00eanciainfra\/","https:\/\/www.instagram.com\/agenciainfra\/"]},{"@type":"Person","@id":"https:\/\/agenciainfra.com\/blog\/#\/schema\/person\/34af08dff6adea4cb22b06612ba7acfa","name":"Ag\u00eancia iNFRA","image":{"@type":"ImageObject","inLanguage":"pt-BR","@id":"https:\/\/agenciainfra.com\/blog\/#\/schema\/person\/image\/","url":"https:\/\/secure.gravatar.com\/avatar\/d189e01678f06d8eb84d4e01f08eb848b3fffe3f8443818d3c356c66892f5be8?s=96&d=mm&r=g","contentUrl":"https:\/\/secure.gravatar.com\/avatar\/d189e01678f06d8eb84d4e01f08eb848b3fffe3f8443818d3c356c66892f5be8?s=96&d=mm&r=g","caption":"Ag\u00eancia iNFRA"},"url":"https:\/\/agenciainfra.com\/blog\/author\/admin\/"}]}},"_links":{"self":[{"href":"https:\/\/agenciainfra.com\/blog\/wp-json\/wp\/v2\/posts\/2623","targetHints":{"allow":["GET"]}}],"collection":[{"href":"https:\/\/agenciainfra.com\/blog\/wp-json\/wp\/v2\/posts"}],"about":[{"href":"https:\/\/agenciainfra.com\/blog\/wp-json\/wp\/v2\/types\/post"}],"author":[{"embeddable":true,"href":"https:\/\/agenciainfra.com\/blog\/wp-json\/wp\/v2\/users\/1"}],"replies":[{"embeddable":true,"href":"https:\/\/agenciainfra.com\/blog\/wp-json\/wp\/v2\/comments?post=2623"}],"version-history":[{"count":0,"href":"https:\/\/agenciainfra.com\/blog\/wp-json\/wp\/v2\/posts\/2623\/revisions"}],"wp:featuredmedia":[{"embeddable":true,"href":"https:\/\/agenciainfra.com\/blog\/wp-json\/wp\/v2\/media\/2437"}],"wp:attachment":[{"href":"https:\/\/agenciainfra.com\/blog\/wp-json\/wp\/v2\/media?parent=2623"}],"wp:term":[{"taxonomy":"category","embeddable":true,"href":"https:\/\/agenciainfra.com\/blog\/wp-json\/wp\/v2\/categories?post=2623"},{"taxonomy":"post_tag","embeddable":true,"href":"https:\/\/agenciainfra.com\/blog\/wp-json\/wp\/v2\/tags?post=2623"}],"curies":[{"name":"wp","href":"https:\/\/api.w.org\/{rel}","templated":true}]}}