{"id":26254,"date":"2025-08-14T14:26:45","date_gmt":"2025-08-14T17:26:45","guid":{"rendered":"https:\/\/agenciainfra.com\/blog\/?p=26254"},"modified":"2025-08-14T14:26:47","modified_gmt":"2025-08-14T17:26:47","slug":"mpor-avanca-na-criacao-de-seguro-contra-riscos-climaticos-em-portos-e-aeroportos","status":"publish","type":"post","link":"https:\/\/agenciainfra.com\/blog\/mpor-avanca-na-criacao-de-seguro-contra-riscos-climaticos-em-portos-e-aeroportos\/","title":{"rendered":"MPor avan\u00e7a na cria\u00e7\u00e3o de seguro contra riscos clim\u00e1ticos em portos e aeroportos\u00a0"},"content":{"rendered":"\n<p class=\"has-text-align-right\"><strong>da Ag\u00eancia iNFRA<\/strong><\/p>\n\n\n\n<p>O MPor (Minist\u00e9rio de Portos e Aeroportos) assinou, nesta quarta-feira (13), em Bras\u00edlia, um protocolo de inten\u00e7\u00f5es com a CNseg (Confedera\u00e7\u00e3o Nacional das Seguradoras) e a SEPPI (Secretaria Especial do Programa de Parcerias de Investimentos) da Casa Civil para viabilizar a cria\u00e7\u00e3o de um seguro espec\u00edfico contra riscos clim\u00e1ticos voltado ao setor portu\u00e1rio e aeroportu\u00e1rio.&nbsp;<\/p>\n\n\n\n<p>O protocolo prev\u00ea a cria\u00e7\u00e3o de um grupo de trabalho com representantes da pasta, da CNseg, das ag\u00eancias reguladoras ANTAQ (Ag\u00eancia Nacional de Transportes Aquavi\u00e1rios) e ANAC (Ag\u00eancia Nacional de Avia\u00e7\u00e3o Civil), al\u00e9m de concession\u00e1rias e operadores do setor, para definir os par\u00e2metros t\u00e9cnicos de implementa\u00e7\u00e3o do seguro e os crit\u00e9rios de ades\u00e3o. A proposta \u00e9 encontrar solu\u00e7\u00f5es que minimizem os impactos de eventos extremos, como enchentes, tempestades e secas sobre a log\u00edstica, mobilidade e economia, garantindo a reposi\u00e7\u00e3o de equipamentos, reparos emergenciais e manuten\u00e7\u00e3o dos padr\u00f5es de seguran\u00e7a e efici\u00eancia.&nbsp;&nbsp;<\/p>\n\n\n\n<p>Segundo o ministro de Portos e Aeroportos, Silvio Costa Filho, j\u00e1 est\u00e1 em andamento um levantamento das principais demandas junto \u00e0s associa\u00e7\u00f5es de operadores, com o objetivo de estruturar medidas que possam ser disponibilizadas at\u00e9 o fim deste ano. \u201cNosso objetivo \u00e9 refor\u00e7ar a infraestrutura, minimizar preju\u00edzos financeiros e preservar a continuidade das opera\u00e7\u00f5es em situa\u00e7\u00f5es adversas, como a cat\u00e1strofe clim\u00e1tica que atingiu o Rio Grande do Sul no ano passado\u201d, disse.<\/p>\n\n\n\n<p>O presidente da CNseg, Dyogo Oliveira, afirmou que a iniciativa representa mudan\u00e7a na l\u00f3gica das concess\u00f5es, voltada \u00e0 preserva\u00e7\u00e3o de ativos p\u00fablicos no longo prazo. Para ele, a ado\u00e7\u00e3o de seguros claros e eficientes garante que a infraestrutura seja devolvida em boas condi\u00e7\u00f5es, mesmo ap\u00f3s situa\u00e7\u00f5es adversas. J\u00e1 o secret\u00e1rio da SEPPI, Marcus Cavalcanti, ressaltou que a inclus\u00e3o de seguros nas licita\u00e7\u00f5es amplia a seguran\u00e7a jur\u00eddica e fortalece o ambiente de neg\u00f3cios, oferecendo maior prote\u00e7\u00e3o aos investidores e mais agilidade \u00e0s opera\u00e7\u00f5es.<\/p>\n\n\n\n<p><strong>Concess\u00f5es e PPPs<\/strong><br>Como resultado da parceria, o governo federal j\u00e1 est\u00e1 elaborando o \u201cGuia Pr\u00e1tico de Seguros e Capitaliza\u00e7\u00e3o para Contratos de Concess\u00f5es e PPPs\u201d. O documento, que contar\u00e1 com solu\u00e7\u00f5es para editais nas \u00e1reas de Portos e Aeroportos,\u00a0deve ser lan\u00e7ado durante a COP30, em novembro.<\/p>\n\n\n\n<p><\/p>\n","protected":false},"excerpt":{"rendered":"<p>da Ag\u00eancia iNFRA O MPor (Minist\u00e9rio de Portos e Aeroportos) assinou, nesta quarta-feira (13), em Bras\u00edlia, um protocolo de inten\u00e7\u00f5es com a CNseg (Confedera\u00e7\u00e3o Nacional das Seguradoras) e a SEPPI (Secretaria Especial do Programa de Parcerias de Investimentos) da Casa Civil para viabilizar a cria\u00e7\u00e3o de um seguro espec\u00edfico contra riscos clim\u00e1ticos voltado ao setor [&hellip;]<\/p>\n","protected":false},"author":1,"featured_media":26255,"comment_status":"closed","ping_status":"closed","sticky":false,"template":"","format":"standard","meta":{"_monsterinsights_skip_tracking":false,"_monsterinsights_sitenote_active":false,"_monsterinsights_sitenote_note":"","_monsterinsights_sitenote_category":0,"footnotes":""},"categories":[1,13576],"tags":[107,7587,6972,6257,310,36,14838,6929,7467],"class_list":["post-26254","post","type-post","status-publish","format-standard","has-post-thumbnail","hentry","category-geral","category-giro-infra","tag-aeroportos","tag-cnseg","tag-eventos-climaticos","tag-ministerio-de-portos-e-aeroportos","tag-portos","tag-ppi","tag-riscos-climaticos","tag-seguros","tag-silvio-costa-filho"],"yoast_head":"<!-- This site is optimized with the Yoast SEO Premium plugin v25.4 (Yoast SEO v26.0) - https:\/\/yoast.com\/wordpress\/plugins\/seo\/ -->\n<title>MPor avan\u00e7a na cria\u00e7\u00e3o de seguro contra riscos clim\u00e1ticos em portos e aeroportos\u00a0 - Ag\u00eancia iNFRA<\/title>\n<meta name=\"robots\" content=\"index, follow, max-snippet:-1, max-image-preview:large, max-video-preview:-1\" \/>\n<link rel=\"canonical\" href=\"https:\/\/agenciainfra.com\/blog\/mpor-avanca-na-criacao-de-seguro-contra-riscos-climaticos-em-portos-e-aeroportos\/\" \/>\n<meta property=\"og:locale\" content=\"pt_BR\" \/>\n<meta property=\"og:type\" content=\"article\" \/>\n<meta property=\"og:title\" content=\"MPor avan\u00e7a na cria\u00e7\u00e3o de seguro contra riscos clim\u00e1ticos em portos e aeroportos\u00a0\" \/>\n<meta property=\"og:description\" content=\"da Ag\u00eancia iNFRA O MPor (Minist\u00e9rio de Portos e Aeroportos) assinou, nesta quarta-feira (13), em Bras\u00edlia, um protocolo de inten\u00e7\u00f5es com a CNseg (Confedera\u00e7\u00e3o Nacional das Seguradoras) e a SEPPI (Secretaria Especial do Programa de Parcerias de Investimentos) da Casa Civil para viabilizar a cria\u00e7\u00e3o de um seguro espec\u00edfico contra riscos clim\u00e1ticos voltado ao setor [&hellip;]\" \/>\n<meta property=\"og:url\" content=\"https:\/\/agenciainfra.com\/blog\/mpor-avanca-na-criacao-de-seguro-contra-riscos-climaticos-em-portos-e-aeroportos\/\" \/>\n<meta property=\"og:site_name\" content=\"Ag\u00eancia iNFRA\" \/>\n<meta property=\"article:publisher\" content=\"https:\/\/www.facebook.com\/ageninfra\" \/>\n<meta property=\"article:published_time\" content=\"2025-08-14T17:26:45+00:00\" \/>\n<meta property=\"article:modified_time\" content=\"2025-08-14T17:26:47+00:00\" \/>\n<meta property=\"og:image\" content=\"https:\/\/agenciainfra.com\/blog\/wp-content\/uploads\/2025\/08\/54719480300_f9a5fe9155_c.jpg\" \/>\n\t<meta property=\"og:image:width\" content=\"799\" \/>\n\t<meta property=\"og:image:height\" content=\"559\" \/>\n\t<meta property=\"og:image:type\" content=\"image\/jpeg\" \/>\n<meta name=\"author\" content=\"Ag\u00eancia iNFRA\" \/>\n<meta name=\"twitter:card\" content=\"summary_large_image\" \/>\n<meta name=\"twitter:creator\" content=\"@agencia_infra\" \/>\n<meta name=\"twitter:site\" content=\"@agencia_infra\" \/>\n<meta name=\"twitter:label1\" content=\"Escrito por\" \/>\n\t<meta name=\"twitter:data1\" content=\"Ag\u00eancia iNFRA\" \/>\n\t<meta name=\"twitter:label2\" content=\"Est. tempo de leitura\" \/>\n\t<meta name=\"twitter:data2\" content=\"2 minutos\" \/>\n<script type=\"application\/ld+json\" class=\"yoast-schema-graph\">{\"@context\":\"https:\/\/schema.org\",\"@graph\":[{\"@type\":\"Article\",\"@id\":\"https:\/\/agenciainfra.com\/blog\/mpor-avanca-na-criacao-de-seguro-contra-riscos-climaticos-em-portos-e-aeroportos\/#article\",\"isPartOf\":{\"@id\":\"https:\/\/agenciainfra.com\/blog\/mpor-avanca-na-criacao-de-seguro-contra-riscos-climaticos-em-portos-e-aeroportos\/\"},\"author\":{\"name\":\"Ag\u00eancia iNFRA\",\"@id\":\"https:\/\/agenciainfra.com\/blog\/#\/schema\/person\/34af08dff6adea4cb22b06612ba7acfa\"},\"headline\":\"MPor avan\u00e7a na cria\u00e7\u00e3o de seguro contra riscos clim\u00e1ticos em portos e aeroportos\u00a0\",\"datePublished\":\"2025-08-14T17:26:45+00:00\",\"dateModified\":\"2025-08-14T17:26:47+00:00\",\"mainEntityOfPage\":{\"@id\":\"https:\/\/agenciainfra.com\/blog\/mpor-avanca-na-criacao-de-seguro-contra-riscos-climaticos-em-portos-e-aeroportos\/\"},\"wordCount\":426,\"publisher\":{\"@id\":\"https:\/\/agenciainfra.com\/blog\/#organization\"},\"image\":{\"@id\":\"https:\/\/agenciainfra.com\/blog\/mpor-avanca-na-criacao-de-seguro-contra-riscos-climaticos-em-portos-e-aeroportos\/#primaryimage\"},\"thumbnailUrl\":\"https:\/\/agenciainfra.com\/blog\/wp-content\/uploads\/2025\/08\/54719480300_f9a5fe9155_c.jpg\",\"keywords\":[\"aeroportos\",\"CNseg\",\"eventos clim\u00e1ticos\",\"Minist\u00e9rio de Portos e Aeroportos\",\"portos\",\"PPI\",\"riscos clim\u00e1ticos\",\"seguros\",\"Silvio Costa Filho\"],\"articleSection\":[\"Geral\",\"Giro iNFRA\"],\"inLanguage\":\"pt-BR\",\"copyrightYear\":\"2025\",\"copyrightHolder\":{\"@id\":\"https:\/\/agenciainfra.com\/blog\/#organization\"}},{\"@type\":\"WebPage\",\"@id\":\"https:\/\/agenciainfra.com\/blog\/mpor-avanca-na-criacao-de-seguro-contra-riscos-climaticos-em-portos-e-aeroportos\/\",\"url\":\"https:\/\/agenciainfra.com\/blog\/mpor-avanca-na-criacao-de-seguro-contra-riscos-climaticos-em-portos-e-aeroportos\/\",\"name\":\"MPor avan\u00e7a na cria\u00e7\u00e3o de seguro contra riscos clim\u00e1ticos em portos e aeroportos\u00a0 - Ag\u00eancia iNFRA\",\"isPartOf\":{\"@id\":\"https:\/\/agenciainfra.com\/blog\/#website\"},\"primaryImageOfPage\":{\"@id\":\"https:\/\/agenciainfra.com\/blog\/mpor-avanca-na-criacao-de-seguro-contra-riscos-climaticos-em-portos-e-aeroportos\/#primaryimage\"},\"image\":{\"@id\":\"https:\/\/agenciainfra.com\/blog\/mpor-avanca-na-criacao-de-seguro-contra-riscos-climaticos-em-portos-e-aeroportos\/#primaryimage\"},\"thumbnailUrl\":\"https:\/\/agenciainfra.com\/blog\/wp-content\/uploads\/2025\/08\/54719480300_f9a5fe9155_c.jpg\",\"datePublished\":\"2025-08-14T17:26:45+00:00\",\"dateModified\":\"2025-08-14T17:26:47+00:00\",\"breadcrumb\":{\"@id\":\"https:\/\/agenciainfra.com\/blog\/mpor-avanca-na-criacao-de-seguro-contra-riscos-climaticos-em-portos-e-aeroportos\/#breadcrumb\"},\"inLanguage\":\"pt-BR\",\"potentialAction\":[{\"@type\":\"ReadAction\",\"target\":[\"https:\/\/agenciainfra.com\/blog\/mpor-avanca-na-criacao-de-seguro-contra-riscos-climaticos-em-portos-e-aeroportos\/\"]}]},{\"@type\":\"ImageObject\",\"inLanguage\":\"pt-BR\",\"@id\":\"https:\/\/agenciainfra.com\/blog\/mpor-avanca-na-criacao-de-seguro-contra-riscos-climaticos-em-portos-e-aeroportos\/#primaryimage\",\"url\":\"https:\/\/agenciainfra.com\/blog\/wp-content\/uploads\/2025\/08\/54719480300_f9a5fe9155_c.jpg\",\"contentUrl\":\"https:\/\/agenciainfra.com\/blog\/wp-content\/uploads\/2025\/08\/54719480300_f9a5fe9155_c.jpg\",\"width\":799,\"height\":559,\"caption\":\"Foto: S\u00e9rgio Franc\u00eas\/MPor\"},{\"@type\":\"BreadcrumbList\",\"@id\":\"https:\/\/agenciainfra.com\/blog\/mpor-avanca-na-criacao-de-seguro-contra-riscos-climaticos-em-portos-e-aeroportos\/#breadcrumb\",\"itemListElement\":[{\"@type\":\"ListItem\",\"position\":1,\"name\":\"In\u00edcio\",\"item\":\"https:\/\/agenciainfra.com\/blog\/\"},{\"@type\":\"ListItem\",\"position\":2,\"name\":\"MPor avan\u00e7a na cria\u00e7\u00e3o de seguro contra riscos clim\u00e1ticos em portos e aeroportos\u00a0\"}]},{\"@type\":\"WebSite\",\"@id\":\"https:\/\/agenciainfra.com\/blog\/#website\",\"url\":\"https:\/\/agenciainfra.com\/blog\/\",\"name\":\"Ag\u00eancia iNFRA\",\"description\":\"Multiplataforma de informa\u00e7\u00e3o jornal\u00edstica refer\u00eancia na \u00e1rea de infraestrutura no Brasil!\",\"publisher\":{\"@id\":\"https:\/\/agenciainfra.com\/blog\/#organization\"},\"potentialAction\":[{\"@type\":\"SearchAction\",\"target\":{\"@type\":\"EntryPoint\",\"urlTemplate\":\"https:\/\/agenciainfra.com\/blog\/?s={search_term_string}\"},\"query-input\":{\"@type\":\"PropertyValueSpecification\",\"valueRequired\":true,\"valueName\":\"search_term_string\"}}],\"inLanguage\":\"pt-BR\"},{\"@type\":\"Organization\",\"@id\":\"https:\/\/agenciainfra.com\/blog\/#organization\",\"name\":\"Ag\u00eancia iNFRA\",\"url\":\"https:\/\/agenciainfra.com\/blog\/\",\"logo\":{\"@type\":\"ImageObject\",\"inLanguage\":\"pt-BR\",\"@id\":\"https:\/\/agenciainfra.com\/blog\/#\/schema\/logo\/image\/\",\"url\":\"https:\/\/agenciainfra.com\/blog\/wp-content\/uploads\/2023\/09\/iNFRA_5-e1761735885940.png\",\"contentUrl\":\"https:\/\/agenciainfra.com\/blog\/wp-content\/uploads\/2023\/09\/iNFRA_5-e1761735885940.png\",\"width\":1672,\"height\":454,\"caption\":\"Ag\u00eancia iNFRA\"},\"image\":{\"@id\":\"https:\/\/agenciainfra.com\/blog\/#\/schema\/logo\/image\/\"},\"sameAs\":[\"https:\/\/www.facebook.com\/ageninfra\",\"https:\/\/x.com\/agencia_infra\",\"https:\/\/www.linkedin.com\/company\/ag\u00eanciainfra\/\",\"https:\/\/www.instagram.com\/agenciainfra\/\"]},{\"@type\":\"Person\",\"@id\":\"https:\/\/agenciainfra.com\/blog\/#\/schema\/person\/34af08dff6adea4cb22b06612ba7acfa\",\"name\":\"Ag\u00eancia iNFRA\",\"image\":{\"@type\":\"ImageObject\",\"inLanguage\":\"pt-BR\",\"@id\":\"https:\/\/agenciainfra.com\/blog\/#\/schema\/person\/image\/\",\"url\":\"https:\/\/secure.gravatar.com\/avatar\/d189e01678f06d8eb84d4e01f08eb848b3fffe3f8443818d3c356c66892f5be8?s=96&d=mm&r=g\",\"contentUrl\":\"https:\/\/secure.gravatar.com\/avatar\/d189e01678f06d8eb84d4e01f08eb848b3fffe3f8443818d3c356c66892f5be8?s=96&d=mm&r=g\",\"caption\":\"Ag\u00eancia iNFRA\"},\"url\":\"https:\/\/agenciainfra.com\/blog\/author\/admin\/\"}]}<\/script>\n<!-- \/ Yoast SEO Premium plugin. -->","yoast_head_json":{"title":"MPor avan\u00e7a na cria\u00e7\u00e3o de seguro contra riscos clim\u00e1ticos em portos e aeroportos\u00a0 - Ag\u00eancia iNFRA","robots":{"index":"index","follow":"follow","max-snippet":"max-snippet:-1","max-image-preview":"max-image-preview:large","max-video-preview":"max-video-preview:-1"},"canonical":"https:\/\/agenciainfra.com\/blog\/mpor-avanca-na-criacao-de-seguro-contra-riscos-climaticos-em-portos-e-aeroportos\/","og_locale":"pt_BR","og_type":"article","og_title":"MPor avan\u00e7a na cria\u00e7\u00e3o de seguro contra riscos clim\u00e1ticos em portos e aeroportos\u00a0","og_description":"da Ag\u00eancia iNFRA O MPor (Minist\u00e9rio de Portos e Aeroportos) assinou, nesta quarta-feira (13), em Bras\u00edlia, um protocolo de inten\u00e7\u00f5es com a CNseg (Confedera\u00e7\u00e3o Nacional das Seguradoras) e a SEPPI (Secretaria Especial do Programa de Parcerias de Investimentos) da Casa Civil para viabilizar a cria\u00e7\u00e3o de um seguro espec\u00edfico contra riscos clim\u00e1ticos voltado ao setor [&hellip;]","og_url":"https:\/\/agenciainfra.com\/blog\/mpor-avanca-na-criacao-de-seguro-contra-riscos-climaticos-em-portos-e-aeroportos\/","og_site_name":"Ag\u00eancia iNFRA","article_publisher":"https:\/\/www.facebook.com\/ageninfra","article_published_time":"2025-08-14T17:26:45+00:00","article_modified_time":"2025-08-14T17:26:47+00:00","og_image":[{"width":799,"height":559,"url":"https:\/\/agenciainfra.com\/blog\/wp-content\/uploads\/2025\/08\/54719480300_f9a5fe9155_c.jpg","type":"image\/jpeg"}],"author":"Ag\u00eancia iNFRA","twitter_card":"summary_large_image","twitter_creator":"@agencia_infra","twitter_site":"@agencia_infra","twitter_misc":{"Escrito por":"Ag\u00eancia iNFRA","Est. tempo de leitura":"2 minutos"},"schema":{"@context":"https:\/\/schema.org","@graph":[{"@type":"Article","@id":"https:\/\/agenciainfra.com\/blog\/mpor-avanca-na-criacao-de-seguro-contra-riscos-climaticos-em-portos-e-aeroportos\/#article","isPartOf":{"@id":"https:\/\/agenciainfra.com\/blog\/mpor-avanca-na-criacao-de-seguro-contra-riscos-climaticos-em-portos-e-aeroportos\/"},"author":{"name":"Ag\u00eancia iNFRA","@id":"https:\/\/agenciainfra.com\/blog\/#\/schema\/person\/34af08dff6adea4cb22b06612ba7acfa"},"headline":"MPor avan\u00e7a na cria\u00e7\u00e3o de seguro contra riscos clim\u00e1ticos em portos e aeroportos\u00a0","datePublished":"2025-08-14T17:26:45+00:00","dateModified":"2025-08-14T17:26:47+00:00","mainEntityOfPage":{"@id":"https:\/\/agenciainfra.com\/blog\/mpor-avanca-na-criacao-de-seguro-contra-riscos-climaticos-em-portos-e-aeroportos\/"},"wordCount":426,"publisher":{"@id":"https:\/\/agenciainfra.com\/blog\/#organization"},"image":{"@id":"https:\/\/agenciainfra.com\/blog\/mpor-avanca-na-criacao-de-seguro-contra-riscos-climaticos-em-portos-e-aeroportos\/#primaryimage"},"thumbnailUrl":"https:\/\/agenciainfra.com\/blog\/wp-content\/uploads\/2025\/08\/54719480300_f9a5fe9155_c.jpg","keywords":["aeroportos","CNseg","eventos clim\u00e1ticos","Minist\u00e9rio de Portos e Aeroportos","portos","PPI","riscos clim\u00e1ticos","seguros","Silvio Costa Filho"],"articleSection":["Geral","Giro iNFRA"],"inLanguage":"pt-BR","copyrightYear":"2025","copyrightHolder":{"@id":"https:\/\/agenciainfra.com\/blog\/#organization"}},{"@type":"WebPage","@id":"https:\/\/agenciainfra.com\/blog\/mpor-avanca-na-criacao-de-seguro-contra-riscos-climaticos-em-portos-e-aeroportos\/","url":"https:\/\/agenciainfra.com\/blog\/mpor-avanca-na-criacao-de-seguro-contra-riscos-climaticos-em-portos-e-aeroportos\/","name":"MPor avan\u00e7a na cria\u00e7\u00e3o de seguro contra riscos clim\u00e1ticos em portos e aeroportos\u00a0 - Ag\u00eancia iNFRA","isPartOf":{"@id":"https:\/\/agenciainfra.com\/blog\/#website"},"primaryImageOfPage":{"@id":"https:\/\/agenciainfra.com\/blog\/mpor-avanca-na-criacao-de-seguro-contra-riscos-climaticos-em-portos-e-aeroportos\/#primaryimage"},"image":{"@id":"https:\/\/agenciainfra.com\/blog\/mpor-avanca-na-criacao-de-seguro-contra-riscos-climaticos-em-portos-e-aeroportos\/#primaryimage"},"thumbnailUrl":"https:\/\/agenciainfra.com\/blog\/wp-content\/uploads\/2025\/08\/54719480300_f9a5fe9155_c.jpg","datePublished":"2025-08-14T17:26:45+00:00","dateModified":"2025-08-14T17:26:47+00:00","breadcrumb":{"@id":"https:\/\/agenciainfra.com\/blog\/mpor-avanca-na-criacao-de-seguro-contra-riscos-climaticos-em-portos-e-aeroportos\/#breadcrumb"},"inLanguage":"pt-BR","potentialAction":[{"@type":"ReadAction","target":["https:\/\/agenciainfra.com\/blog\/mpor-avanca-na-criacao-de-seguro-contra-riscos-climaticos-em-portos-e-aeroportos\/"]}]},{"@type":"ImageObject","inLanguage":"pt-BR","@id":"https:\/\/agenciainfra.com\/blog\/mpor-avanca-na-criacao-de-seguro-contra-riscos-climaticos-em-portos-e-aeroportos\/#primaryimage","url":"https:\/\/agenciainfra.com\/blog\/wp-content\/uploads\/2025\/08\/54719480300_f9a5fe9155_c.jpg","contentUrl":"https:\/\/agenciainfra.com\/blog\/wp-content\/uploads\/2025\/08\/54719480300_f9a5fe9155_c.jpg","width":799,"height":559,"caption":"Foto: S\u00e9rgio Franc\u00eas\/MPor"},{"@type":"BreadcrumbList","@id":"https:\/\/agenciainfra.com\/blog\/mpor-avanca-na-criacao-de-seguro-contra-riscos-climaticos-em-portos-e-aeroportos\/#breadcrumb","itemListElement":[{"@type":"ListItem","position":1,"name":"In\u00edcio","item":"https:\/\/agenciainfra.com\/blog\/"},{"@type":"ListItem","position":2,"name":"MPor avan\u00e7a na cria\u00e7\u00e3o de seguro contra riscos clim\u00e1ticos em portos e aeroportos\u00a0"}]},{"@type":"WebSite","@id":"https:\/\/agenciainfra.com\/blog\/#website","url":"https:\/\/agenciainfra.com\/blog\/","name":"Ag\u00eancia iNFRA","description":"Multiplataforma de informa\u00e7\u00e3o jornal\u00edstica refer\u00eancia na \u00e1rea de infraestrutura no Brasil!","publisher":{"@id":"https:\/\/agenciainfra.com\/blog\/#organization"},"potentialAction":[{"@type":"SearchAction","target":{"@type":"EntryPoint","urlTemplate":"https:\/\/agenciainfra.com\/blog\/?s={search_term_string}"},"query-input":{"@type":"PropertyValueSpecification","valueRequired":true,"valueName":"search_term_string"}}],"inLanguage":"pt-BR"},{"@type":"Organization","@id":"https:\/\/agenciainfra.com\/blog\/#organization","name":"Ag\u00eancia iNFRA","url":"https:\/\/agenciainfra.com\/blog\/","logo":{"@type":"ImageObject","inLanguage":"pt-BR","@id":"https:\/\/agenciainfra.com\/blog\/#\/schema\/logo\/image\/","url":"https:\/\/agenciainfra.com\/blog\/wp-content\/uploads\/2023\/09\/iNFRA_5-e1761735885940.png","contentUrl":"https:\/\/agenciainfra.com\/blog\/wp-content\/uploads\/2023\/09\/iNFRA_5-e1761735885940.png","width":1672,"height":454,"caption":"Ag\u00eancia iNFRA"},"image":{"@id":"https:\/\/agenciainfra.com\/blog\/#\/schema\/logo\/image\/"},"sameAs":["https:\/\/www.facebook.com\/ageninfra","https:\/\/x.com\/agencia_infra","https:\/\/www.linkedin.com\/company\/ag\u00eanciainfra\/","https:\/\/www.instagram.com\/agenciainfra\/"]},{"@type":"Person","@id":"https:\/\/agenciainfra.com\/blog\/#\/schema\/person\/34af08dff6adea4cb22b06612ba7acfa","name":"Ag\u00eancia iNFRA","image":{"@type":"ImageObject","inLanguage":"pt-BR","@id":"https:\/\/agenciainfra.com\/blog\/#\/schema\/person\/image\/","url":"https:\/\/secure.gravatar.com\/avatar\/d189e01678f06d8eb84d4e01f08eb848b3fffe3f8443818d3c356c66892f5be8?s=96&d=mm&r=g","contentUrl":"https:\/\/secure.gravatar.com\/avatar\/d189e01678f06d8eb84d4e01f08eb848b3fffe3f8443818d3c356c66892f5be8?s=96&d=mm&r=g","caption":"Ag\u00eancia iNFRA"},"url":"https:\/\/agenciainfra.com\/blog\/author\/admin\/"}]}},"_links":{"self":[{"href":"https:\/\/agenciainfra.com\/blog\/wp-json\/wp\/v2\/posts\/26254","targetHints":{"allow":["GET"]}}],"collection":[{"href":"https:\/\/agenciainfra.com\/blog\/wp-json\/wp\/v2\/posts"}],"about":[{"href":"https:\/\/agenciainfra.com\/blog\/wp-json\/wp\/v2\/types\/post"}],"author":[{"embeddable":true,"href":"https:\/\/agenciainfra.com\/blog\/wp-json\/wp\/v2\/users\/1"}],"replies":[{"embeddable":true,"href":"https:\/\/agenciainfra.com\/blog\/wp-json\/wp\/v2\/comments?post=26254"}],"version-history":[{"count":1,"href":"https:\/\/agenciainfra.com\/blog\/wp-json\/wp\/v2\/posts\/26254\/revisions"}],"predecessor-version":[{"id":26256,"href":"https:\/\/agenciainfra.com\/blog\/wp-json\/wp\/v2\/posts\/26254\/revisions\/26256"}],"wp:featuredmedia":[{"embeddable":true,"href":"https:\/\/agenciainfra.com\/blog\/wp-json\/wp\/v2\/media\/26255"}],"wp:attachment":[{"href":"https:\/\/agenciainfra.com\/blog\/wp-json\/wp\/v2\/media?parent=26254"}],"wp:term":[{"taxonomy":"category","embeddable":true,"href":"https:\/\/agenciainfra.com\/blog\/wp-json\/wp\/v2\/categories?post=26254"},{"taxonomy":"post_tag","embeddable":true,"href":"https:\/\/agenciainfra.com\/blog\/wp-json\/wp\/v2\/tags?post=26254"}],"curies":[{"name":"wp","href":"https:\/\/api.w.org\/{rel}","templated":true}]}}