{"id":2626,"date":"2018-11-21T04:08:49","date_gmt":"2018-11-21T07:08:49","guid":{"rendered":"http:\/\/www.agenciainfra.com\/blog\/?p=2626"},"modified":"2018-11-19T09:38:06","modified_gmt":"2018-11-19T12:38:06","slug":"justica-de-sp-nega-pedido-de-seguradoras-e-anac-pode-executar-garantias-de-viracopos","status":"publish","type":"post","link":"https:\/\/agenciainfra.com\/blog\/justica-de-sp-nega-pedido-de-seguradoras-e-anac-pode-executar-garantias-de-viracopos\/","title":{"rendered":"Justi\u00e7a de SP nega pedido de seguradoras e ANAC pode executar garantias de Viracopos"},"content":{"rendered":"<div>\n<h5 style=\"text-align: right;\"><strong>da Ag\u00eancia iNFRA<\/strong><\/h5>\n<p>Em decis\u00e3o desta ter\u00e7a-feira (13), a Ju\u00edza da 8\u00aa\u00a0Vara C\u00edvel de Campinas Bruna Marchese e Silva negou pedido da\u00a0seguradora\u00a0da concess\u00e3o do Aeroporto de Viracopos (SP), Swiss Re Corporate Solucition Brasil,\u00a0para n\u00e3o serem obrigadas a pagar \u00e0 ANAC (Ag\u00eancia Nacional de Avia\u00e7\u00e3o Civil) pelo seguro garantia referente a execu\u00e7\u00e3o do contrato de concess\u00e3o. A informa\u00e7\u00e3o foi antecipada pelo servi\u00e7o de mensagens da\u00a0<strong>Ag\u00eancia iNFRA<\/strong>.<\/p>\n<p>As seguradoras est\u00e3o sendo cobradas\u00a0pelo n\u00e3o pagamento das outorgas do Aeroporto vencidas\u00a0em 2017 e devidas pela Aeroportos Brasil Viracopos, empresa em recupera\u00e7\u00e3o judicial.<\/p>\n<p>A ju\u00edza, que \u00e9 respons\u00e1vel pelo processo de recupera\u00e7\u00e3o judicial da concession\u00e1ria,\u00a0entendeu que a Ag\u00eancia tem o direito de manter os processos e cobran\u00e7as\u00a0referentes ao aeroporto mesmo correndo a a\u00e7\u00e3o de recupera\u00e7\u00e3o judicial. As empresas alegavam que a recupera\u00e7\u00e3o judicial suspenderia a execu\u00e7\u00e3o do seguro, mas a ju\u00edza entendeu este n\u00e3o ser um item entre os que est\u00e3o protegidos de execu\u00e7\u00e3o pela ag\u00eancia.<\/p>\n<p>Com isso, a ANAC, que j\u00e1\u00a0inscreveu no Cadin (Cadastro de Inadimplentes)\u00a0e ajuizou execu\u00e7\u00f5es fiscais, vai seguir os procedimentos para cobrar o valor total de\u00a0R$ 316 milh\u00f5es contra a\u00a0Swiss Re Corporate Solucition Brasil.<\/p>\n<\/div>\n","protected":false},"excerpt":{"rendered":"<p>da Ag\u00eancia iNFRA Em decis\u00e3o desta ter\u00e7a-feira (13), a Ju\u00edza da 8\u00aa\u00a0Vara C\u00edvel de Campinas Bruna Marchese e Silva negou pedido da\u00a0seguradora\u00a0da concess\u00e3o do Aeroporto de Viracopos (SP), Swiss Re Corporate Solucition Brasil,\u00a0para n\u00e3o serem obrigadas a pagar \u00e0 ANAC (Ag\u00eancia Nacional de Avia\u00e7\u00e3o Civil) pelo seguro garantia referente a execu\u00e7\u00e3o do contrato de concess\u00e3o. [&hellip;]<\/p>\n","protected":false},"author":1,"featured_media":1947,"comment_status":"closed","ping_status":"open","sticky":false,"template":"","format":"standard","meta":{"_monsterinsights_skip_tracking":false,"_monsterinsights_sitenote_active":false,"_monsterinsights_sitenote_note":"","_monsterinsights_sitenote_category":0,"footnotes":""},"categories":[7],"tags":[60,78,34,677,241],"class_list":["post-2626","post","type-post","status-publish","format-standard","has-post-thumbnail","hentry","category-infratransporte","tag-aeroporto","tag-concessoes","tag-infraestrutura","tag-seguro-garantia","tag-viracopos"],"yoast_head":"<!-- This site is optimized with the Yoast SEO Premium plugin v25.4 (Yoast SEO v26.0) - https:\/\/yoast.com\/wordpress\/plugins\/seo\/ -->\n<title>Justi\u00e7a de SP nega pedido de seguradoras e ANAC pode executar garantias de Viracopos - Ag\u00eancia iNFRA<\/title>\n<meta name=\"robots\" content=\"index, follow, max-snippet:-1, max-image-preview:large, max-video-preview:-1\" \/>\n<link rel=\"canonical\" href=\"https:\/\/agenciainfra.com\/blog\/justica-de-sp-nega-pedido-de-seguradoras-e-anac-pode-executar-garantias-de-viracopos\/\" \/>\n<meta property=\"og:locale\" content=\"pt_BR\" \/>\n<meta property=\"og:type\" content=\"article\" \/>\n<meta property=\"og:title\" content=\"Justi\u00e7a de SP nega pedido de seguradoras e ANAC pode executar garantias de Viracopos\" \/>\n<meta property=\"og:description\" content=\"da Ag\u00eancia iNFRA Em decis\u00e3o desta ter\u00e7a-feira (13), a Ju\u00edza da 8\u00aa\u00a0Vara C\u00edvel de Campinas Bruna Marchese e Silva negou pedido da\u00a0seguradora\u00a0da concess\u00e3o do Aeroporto de Viracopos (SP), Swiss Re Corporate Solucition Brasil,\u00a0para n\u00e3o serem obrigadas a pagar \u00e0 ANAC (Ag\u00eancia Nacional de Avia\u00e7\u00e3o Civil) pelo seguro garantia referente a execu\u00e7\u00e3o do contrato de concess\u00e3o. [&hellip;]\" \/>\n<meta property=\"og:url\" content=\"https:\/\/agenciainfra.com\/blog\/justica-de-sp-nega-pedido-de-seguradoras-e-anac-pode-executar-garantias-de-viracopos\/\" \/>\n<meta property=\"og:site_name\" content=\"Ag\u00eancia iNFRA\" \/>\n<meta property=\"article:publisher\" content=\"https:\/\/www.facebook.com\/ageninfra\" \/>\n<meta property=\"article:published_time\" content=\"2018-11-21T07:08:49+00:00\" \/>\n<meta property=\"og:image\" content=\"https:\/\/agenciainfra.com\/blog\/wp-content\/uploads\/2018\/06\/aviacao_-anuario_do_-transportes_CNT_010617_divulgacao_CNT.jpg\" \/>\n\t<meta property=\"og:image:width\" content=\"1920\" \/>\n\t<meta property=\"og:image:height\" content=\"1080\" \/>\n\t<meta property=\"og:image:type\" content=\"image\/jpeg\" \/>\n<meta name=\"author\" content=\"Ag\u00eancia iNFRA\" \/>\n<meta name=\"twitter:card\" content=\"summary_large_image\" \/>\n<meta name=\"twitter:creator\" content=\"@agencia_infra\" \/>\n<meta name=\"twitter:site\" content=\"@agencia_infra\" \/>\n<meta name=\"twitter:label1\" content=\"Escrito por\" \/>\n\t<meta name=\"twitter:data1\" content=\"Ag\u00eancia iNFRA\" \/>\n\t<meta name=\"twitter:label2\" content=\"Est. tempo de leitura\" \/>\n\t<meta name=\"twitter:data2\" content=\"1 minuto\" \/>\n<script type=\"application\/ld+json\" class=\"yoast-schema-graph\">{\"@context\":\"https:\/\/schema.org\",\"@graph\":[{\"@type\":\"Article\",\"@id\":\"https:\/\/agenciainfra.com\/blog\/justica-de-sp-nega-pedido-de-seguradoras-e-anac-pode-executar-garantias-de-viracopos\/#article\",\"isPartOf\":{\"@id\":\"https:\/\/agenciainfra.com\/blog\/justica-de-sp-nega-pedido-de-seguradoras-e-anac-pode-executar-garantias-de-viracopos\/\"},\"author\":{\"name\":\"Ag\u00eancia iNFRA\",\"@id\":\"https:\/\/agenciainfra.com\/blog\/#\/schema\/person\/34af08dff6adea4cb22b06612ba7acfa\"},\"headline\":\"Justi\u00e7a de SP nega pedido de seguradoras e ANAC pode executar garantias de Viracopos\",\"datePublished\":\"2018-11-21T07:08:49+00:00\",\"mainEntityOfPage\":{\"@id\":\"https:\/\/agenciainfra.com\/blog\/justica-de-sp-nega-pedido-de-seguradoras-e-anac-pode-executar-garantias-de-viracopos\/\"},\"wordCount\":239,\"publisher\":{\"@id\":\"https:\/\/agenciainfra.com\/blog\/#organization\"},\"image\":{\"@id\":\"https:\/\/agenciainfra.com\/blog\/justica-de-sp-nega-pedido-de-seguradoras-e-anac-pode-executar-garantias-de-viracopos\/#primaryimage\"},\"thumbnailUrl\":\"https:\/\/agenciainfra.com\/blog\/wp-content\/uploads\/2018\/06\/aviacao_-anuario_do_-transportes_CNT_010617_divulgacao_CNT-e1748515836440.jpg\",\"keywords\":[\"aeroporto\",\"concess\u00f5es\",\"Infraestrutura\",\"seguro garantia\",\"Viracopos\"],\"articleSection\":[\"iNFRATransporte\"],\"inLanguage\":\"pt-BR\",\"copyrightYear\":\"2018\",\"copyrightHolder\":{\"@id\":\"https:\/\/agenciainfra.com\/blog\/#organization\"}},{\"@type\":\"WebPage\",\"@id\":\"https:\/\/agenciainfra.com\/blog\/justica-de-sp-nega-pedido-de-seguradoras-e-anac-pode-executar-garantias-de-viracopos\/\",\"url\":\"https:\/\/agenciainfra.com\/blog\/justica-de-sp-nega-pedido-de-seguradoras-e-anac-pode-executar-garantias-de-viracopos\/\",\"name\":\"Justi\u00e7a de SP nega pedido de seguradoras e ANAC pode executar garantias de Viracopos - Ag\u00eancia iNFRA\",\"isPartOf\":{\"@id\":\"https:\/\/agenciainfra.com\/blog\/#website\"},\"primaryImageOfPage\":{\"@id\":\"https:\/\/agenciainfra.com\/blog\/justica-de-sp-nega-pedido-de-seguradoras-e-anac-pode-executar-garantias-de-viracopos\/#primaryimage\"},\"image\":{\"@id\":\"https:\/\/agenciainfra.com\/blog\/justica-de-sp-nega-pedido-de-seguradoras-e-anac-pode-executar-garantias-de-viracopos\/#primaryimage\"},\"thumbnailUrl\":\"https:\/\/agenciainfra.com\/blog\/wp-content\/uploads\/2018\/06\/aviacao_-anuario_do_-transportes_CNT_010617_divulgacao_CNT-e1748515836440.jpg\",\"datePublished\":\"2018-11-21T07:08:49+00:00\",\"breadcrumb\":{\"@id\":\"https:\/\/agenciainfra.com\/blog\/justica-de-sp-nega-pedido-de-seguradoras-e-anac-pode-executar-garantias-de-viracopos\/#breadcrumb\"},\"inLanguage\":\"pt-BR\",\"potentialAction\":[{\"@type\":\"ReadAction\",\"target\":[\"https:\/\/agenciainfra.com\/blog\/justica-de-sp-nega-pedido-de-seguradoras-e-anac-pode-executar-garantias-de-viracopos\/\"]}]},{\"@type\":\"ImageObject\",\"inLanguage\":\"pt-BR\",\"@id\":\"https:\/\/agenciainfra.com\/blog\/justica-de-sp-nega-pedido-de-seguradoras-e-anac-pode-executar-garantias-de-viracopos\/#primaryimage\",\"url\":\"https:\/\/agenciainfra.com\/blog\/wp-content\/uploads\/2018\/06\/aviacao_-anuario_do_-transportes_CNT_010617_divulgacao_CNT-e1748515836440.jpg\",\"contentUrl\":\"https:\/\/agenciainfra.com\/blog\/wp-content\/uploads\/2018\/06\/aviacao_-anuario_do_-transportes_CNT_010617_divulgacao_CNT-e1748515836440.jpg\",\"width\":1280,\"height\":720,\"caption\":\"Foto: CNT\/Divulga\u00e7\u00e3o\"},{\"@type\":\"BreadcrumbList\",\"@id\":\"https:\/\/agenciainfra.com\/blog\/justica-de-sp-nega-pedido-de-seguradoras-e-anac-pode-executar-garantias-de-viracopos\/#breadcrumb\",\"itemListElement\":[{\"@type\":\"ListItem\",\"position\":1,\"name\":\"In\u00edcio\",\"item\":\"https:\/\/agenciainfra.com\/blog\/\"},{\"@type\":\"ListItem\",\"position\":2,\"name\":\"Justi\u00e7a de SP nega pedido de seguradoras e ANAC pode executar garantias de Viracopos\"}]},{\"@type\":\"WebSite\",\"@id\":\"https:\/\/agenciainfra.com\/blog\/#website\",\"url\":\"https:\/\/agenciainfra.com\/blog\/\",\"name\":\"Ag\u00eancia iNFRA\",\"description\":\"Multiplataforma de informa\u00e7\u00e3o jornal\u00edstica refer\u00eancia na \u00e1rea de infraestrutura no Brasil!\",\"publisher\":{\"@id\":\"https:\/\/agenciainfra.com\/blog\/#organization\"},\"potentialAction\":[{\"@type\":\"SearchAction\",\"target\":{\"@type\":\"EntryPoint\",\"urlTemplate\":\"https:\/\/agenciainfra.com\/blog\/?s={search_term_string}\"},\"query-input\":{\"@type\":\"PropertyValueSpecification\",\"valueRequired\":true,\"valueName\":\"search_term_string\"}}],\"inLanguage\":\"pt-BR\"},{\"@type\":\"Organization\",\"@id\":\"https:\/\/agenciainfra.com\/blog\/#organization\",\"name\":\"Ag\u00eancia iNFRA\",\"url\":\"https:\/\/agenciainfra.com\/blog\/\",\"logo\":{\"@type\":\"ImageObject\",\"inLanguage\":\"pt-BR\",\"@id\":\"https:\/\/agenciainfra.com\/blog\/#\/schema\/logo\/image\/\",\"url\":\"https:\/\/agenciainfra.com\/blog\/wp-content\/uploads\/2023\/09\/iNFRA_5-e1761735885940.png\",\"contentUrl\":\"https:\/\/agenciainfra.com\/blog\/wp-content\/uploads\/2023\/09\/iNFRA_5-e1761735885940.png\",\"width\":1672,\"height\":454,\"caption\":\"Ag\u00eancia iNFRA\"},\"image\":{\"@id\":\"https:\/\/agenciainfra.com\/blog\/#\/schema\/logo\/image\/\"},\"sameAs\":[\"https:\/\/www.facebook.com\/ageninfra\",\"https:\/\/x.com\/agencia_infra\",\"https:\/\/www.linkedin.com\/company\/ag\u00eanciainfra\/\",\"https:\/\/www.instagram.com\/agenciainfra\/\"]},{\"@type\":\"Person\",\"@id\":\"https:\/\/agenciainfra.com\/blog\/#\/schema\/person\/34af08dff6adea4cb22b06612ba7acfa\",\"name\":\"Ag\u00eancia iNFRA\",\"image\":{\"@type\":\"ImageObject\",\"inLanguage\":\"pt-BR\",\"@id\":\"https:\/\/agenciainfra.com\/blog\/#\/schema\/person\/image\/\",\"url\":\"https:\/\/secure.gravatar.com\/avatar\/d189e01678f06d8eb84d4e01f08eb848b3fffe3f8443818d3c356c66892f5be8?s=96&d=mm&r=g\",\"contentUrl\":\"https:\/\/secure.gravatar.com\/avatar\/d189e01678f06d8eb84d4e01f08eb848b3fffe3f8443818d3c356c66892f5be8?s=96&d=mm&r=g\",\"caption\":\"Ag\u00eancia iNFRA\"},\"url\":\"https:\/\/agenciainfra.com\/blog\/author\/admin\/\"}]}<\/script>\n<!-- \/ Yoast SEO Premium plugin. -->","yoast_head_json":{"title":"Justi\u00e7a de SP nega pedido de seguradoras e ANAC pode executar garantias de Viracopos - Ag\u00eancia iNFRA","robots":{"index":"index","follow":"follow","max-snippet":"max-snippet:-1","max-image-preview":"max-image-preview:large","max-video-preview":"max-video-preview:-1"},"canonical":"https:\/\/agenciainfra.com\/blog\/justica-de-sp-nega-pedido-de-seguradoras-e-anac-pode-executar-garantias-de-viracopos\/","og_locale":"pt_BR","og_type":"article","og_title":"Justi\u00e7a de SP nega pedido de seguradoras e ANAC pode executar garantias de Viracopos","og_description":"da Ag\u00eancia iNFRA Em decis\u00e3o desta ter\u00e7a-feira (13), a Ju\u00edza da 8\u00aa\u00a0Vara C\u00edvel de Campinas Bruna Marchese e Silva negou pedido da\u00a0seguradora\u00a0da concess\u00e3o do Aeroporto de Viracopos (SP), Swiss Re Corporate Solucition Brasil,\u00a0para n\u00e3o serem obrigadas a pagar \u00e0 ANAC (Ag\u00eancia Nacional de Avia\u00e7\u00e3o Civil) pelo seguro garantia referente a execu\u00e7\u00e3o do contrato de concess\u00e3o. [&hellip;]","og_url":"https:\/\/agenciainfra.com\/blog\/justica-de-sp-nega-pedido-de-seguradoras-e-anac-pode-executar-garantias-de-viracopos\/","og_site_name":"Ag\u00eancia iNFRA","article_publisher":"https:\/\/www.facebook.com\/ageninfra","article_published_time":"2018-11-21T07:08:49+00:00","og_image":[{"width":1920,"height":1080,"url":"https:\/\/agenciainfra.com\/blog\/wp-content\/uploads\/2018\/06\/aviacao_-anuario_do_-transportes_CNT_010617_divulgacao_CNT.jpg","type":"image\/jpeg"}],"author":"Ag\u00eancia iNFRA","twitter_card":"summary_large_image","twitter_creator":"@agencia_infra","twitter_site":"@agencia_infra","twitter_misc":{"Escrito por":"Ag\u00eancia iNFRA","Est. tempo de leitura":"1 minuto"},"schema":{"@context":"https:\/\/schema.org","@graph":[{"@type":"Article","@id":"https:\/\/agenciainfra.com\/blog\/justica-de-sp-nega-pedido-de-seguradoras-e-anac-pode-executar-garantias-de-viracopos\/#article","isPartOf":{"@id":"https:\/\/agenciainfra.com\/blog\/justica-de-sp-nega-pedido-de-seguradoras-e-anac-pode-executar-garantias-de-viracopos\/"},"author":{"name":"Ag\u00eancia iNFRA","@id":"https:\/\/agenciainfra.com\/blog\/#\/schema\/person\/34af08dff6adea4cb22b06612ba7acfa"},"headline":"Justi\u00e7a de SP nega pedido de seguradoras e ANAC pode executar garantias de Viracopos","datePublished":"2018-11-21T07:08:49+00:00","mainEntityOfPage":{"@id":"https:\/\/agenciainfra.com\/blog\/justica-de-sp-nega-pedido-de-seguradoras-e-anac-pode-executar-garantias-de-viracopos\/"},"wordCount":239,"publisher":{"@id":"https:\/\/agenciainfra.com\/blog\/#organization"},"image":{"@id":"https:\/\/agenciainfra.com\/blog\/justica-de-sp-nega-pedido-de-seguradoras-e-anac-pode-executar-garantias-de-viracopos\/#primaryimage"},"thumbnailUrl":"https:\/\/agenciainfra.com\/blog\/wp-content\/uploads\/2018\/06\/aviacao_-anuario_do_-transportes_CNT_010617_divulgacao_CNT-e1748515836440.jpg","keywords":["aeroporto","concess\u00f5es","Infraestrutura","seguro garantia","Viracopos"],"articleSection":["iNFRATransporte"],"inLanguage":"pt-BR","copyrightYear":"2018","copyrightHolder":{"@id":"https:\/\/agenciainfra.com\/blog\/#organization"}},{"@type":"WebPage","@id":"https:\/\/agenciainfra.com\/blog\/justica-de-sp-nega-pedido-de-seguradoras-e-anac-pode-executar-garantias-de-viracopos\/","url":"https:\/\/agenciainfra.com\/blog\/justica-de-sp-nega-pedido-de-seguradoras-e-anac-pode-executar-garantias-de-viracopos\/","name":"Justi\u00e7a de SP nega pedido de seguradoras e ANAC pode executar garantias de Viracopos - Ag\u00eancia iNFRA","isPartOf":{"@id":"https:\/\/agenciainfra.com\/blog\/#website"},"primaryImageOfPage":{"@id":"https:\/\/agenciainfra.com\/blog\/justica-de-sp-nega-pedido-de-seguradoras-e-anac-pode-executar-garantias-de-viracopos\/#primaryimage"},"image":{"@id":"https:\/\/agenciainfra.com\/blog\/justica-de-sp-nega-pedido-de-seguradoras-e-anac-pode-executar-garantias-de-viracopos\/#primaryimage"},"thumbnailUrl":"https:\/\/agenciainfra.com\/blog\/wp-content\/uploads\/2018\/06\/aviacao_-anuario_do_-transportes_CNT_010617_divulgacao_CNT-e1748515836440.jpg","datePublished":"2018-11-21T07:08:49+00:00","breadcrumb":{"@id":"https:\/\/agenciainfra.com\/blog\/justica-de-sp-nega-pedido-de-seguradoras-e-anac-pode-executar-garantias-de-viracopos\/#breadcrumb"},"inLanguage":"pt-BR","potentialAction":[{"@type":"ReadAction","target":["https:\/\/agenciainfra.com\/blog\/justica-de-sp-nega-pedido-de-seguradoras-e-anac-pode-executar-garantias-de-viracopos\/"]}]},{"@type":"ImageObject","inLanguage":"pt-BR","@id":"https:\/\/agenciainfra.com\/blog\/justica-de-sp-nega-pedido-de-seguradoras-e-anac-pode-executar-garantias-de-viracopos\/#primaryimage","url":"https:\/\/agenciainfra.com\/blog\/wp-content\/uploads\/2018\/06\/aviacao_-anuario_do_-transportes_CNT_010617_divulgacao_CNT-e1748515836440.jpg","contentUrl":"https:\/\/agenciainfra.com\/blog\/wp-content\/uploads\/2018\/06\/aviacao_-anuario_do_-transportes_CNT_010617_divulgacao_CNT-e1748515836440.jpg","width":1280,"height":720,"caption":"Foto: CNT\/Divulga\u00e7\u00e3o"},{"@type":"BreadcrumbList","@id":"https:\/\/agenciainfra.com\/blog\/justica-de-sp-nega-pedido-de-seguradoras-e-anac-pode-executar-garantias-de-viracopos\/#breadcrumb","itemListElement":[{"@type":"ListItem","position":1,"name":"In\u00edcio","item":"https:\/\/agenciainfra.com\/blog\/"},{"@type":"ListItem","position":2,"name":"Justi\u00e7a de SP nega pedido de seguradoras e ANAC pode executar garantias de Viracopos"}]},{"@type":"WebSite","@id":"https:\/\/agenciainfra.com\/blog\/#website","url":"https:\/\/agenciainfra.com\/blog\/","name":"Ag\u00eancia iNFRA","description":"Multiplataforma de informa\u00e7\u00e3o jornal\u00edstica refer\u00eancia na \u00e1rea de infraestrutura no Brasil!","publisher":{"@id":"https:\/\/agenciainfra.com\/blog\/#organization"},"potentialAction":[{"@type":"SearchAction","target":{"@type":"EntryPoint","urlTemplate":"https:\/\/agenciainfra.com\/blog\/?s={search_term_string}"},"query-input":{"@type":"PropertyValueSpecification","valueRequired":true,"valueName":"search_term_string"}}],"inLanguage":"pt-BR"},{"@type":"Organization","@id":"https:\/\/agenciainfra.com\/blog\/#organization","name":"Ag\u00eancia iNFRA","url":"https:\/\/agenciainfra.com\/blog\/","logo":{"@type":"ImageObject","inLanguage":"pt-BR","@id":"https:\/\/agenciainfra.com\/blog\/#\/schema\/logo\/image\/","url":"https:\/\/agenciainfra.com\/blog\/wp-content\/uploads\/2023\/09\/iNFRA_5-e1761735885940.png","contentUrl":"https:\/\/agenciainfra.com\/blog\/wp-content\/uploads\/2023\/09\/iNFRA_5-e1761735885940.png","width":1672,"height":454,"caption":"Ag\u00eancia iNFRA"},"image":{"@id":"https:\/\/agenciainfra.com\/blog\/#\/schema\/logo\/image\/"},"sameAs":["https:\/\/www.facebook.com\/ageninfra","https:\/\/x.com\/agencia_infra","https:\/\/www.linkedin.com\/company\/ag\u00eanciainfra\/","https:\/\/www.instagram.com\/agenciainfra\/"]},{"@type":"Person","@id":"https:\/\/agenciainfra.com\/blog\/#\/schema\/person\/34af08dff6adea4cb22b06612ba7acfa","name":"Ag\u00eancia iNFRA","image":{"@type":"ImageObject","inLanguage":"pt-BR","@id":"https:\/\/agenciainfra.com\/blog\/#\/schema\/person\/image\/","url":"https:\/\/secure.gravatar.com\/avatar\/d189e01678f06d8eb84d4e01f08eb848b3fffe3f8443818d3c356c66892f5be8?s=96&d=mm&r=g","contentUrl":"https:\/\/secure.gravatar.com\/avatar\/d189e01678f06d8eb84d4e01f08eb848b3fffe3f8443818d3c356c66892f5be8?s=96&d=mm&r=g","caption":"Ag\u00eancia iNFRA"},"url":"https:\/\/agenciainfra.com\/blog\/author\/admin\/"}]}},"_links":{"self":[{"href":"https:\/\/agenciainfra.com\/blog\/wp-json\/wp\/v2\/posts\/2626","targetHints":{"allow":["GET"]}}],"collection":[{"href":"https:\/\/agenciainfra.com\/blog\/wp-json\/wp\/v2\/posts"}],"about":[{"href":"https:\/\/agenciainfra.com\/blog\/wp-json\/wp\/v2\/types\/post"}],"author":[{"embeddable":true,"href":"https:\/\/agenciainfra.com\/blog\/wp-json\/wp\/v2\/users\/1"}],"replies":[{"embeddable":true,"href":"https:\/\/agenciainfra.com\/blog\/wp-json\/wp\/v2\/comments?post=2626"}],"version-history":[{"count":0,"href":"https:\/\/agenciainfra.com\/blog\/wp-json\/wp\/v2\/posts\/2626\/revisions"}],"wp:featuredmedia":[{"embeddable":true,"href":"https:\/\/agenciainfra.com\/blog\/wp-json\/wp\/v2\/media\/1947"}],"wp:attachment":[{"href":"https:\/\/agenciainfra.com\/blog\/wp-json\/wp\/v2\/media?parent=2626"}],"wp:term":[{"taxonomy":"category","embeddable":true,"href":"https:\/\/agenciainfra.com\/blog\/wp-json\/wp\/v2\/categories?post=2626"},{"taxonomy":"post_tag","embeddable":true,"href":"https:\/\/agenciainfra.com\/blog\/wp-json\/wp\/v2\/tags?post=2626"}],"curies":[{"name":"wp","href":"https:\/\/api.w.org\/{rel}","templated":true}]}}