{"id":26273,"date":"2025-08-14T17:17:49","date_gmt":"2025-08-14T20:17:49","guid":{"rendered":"https:\/\/agenciainfra.com\/blog\/?p=26273"},"modified":"2025-08-18T09:07:14","modified_gmt":"2025-08-18T12:07:14","slug":"aeroporto-de-brasilia-secexconsenso-discute-investimentos-e-alteracao-de-modelo-de-outorga","status":"publish","type":"post","link":"https:\/\/agenciainfra.com\/blog\/aeroporto-de-brasilia-secexconsenso-discute-investimentos-e-alteracao-de-modelo-de-outorga\/","title":{"rendered":"Aeroporto de Bras\u00edlia: SecexConsenso discute investimentos e altera\u00e7\u00e3o de modelo de outorga"},"content":{"rendered":"\n<p class=\"has-text-align-right\"><strong>Sheyla Santos, da Ag\u00eancia iNFRA<\/strong><\/p>\n\n\n\n<p>A repactua\u00e7\u00e3o do contrato de concess\u00e3o do aeroporto de Bras\u00edlia pode prever uma altera\u00e7\u00e3o do modelo de pagamento de outorgas e novos investimentos n\u00e3o obrigat\u00f3rios para o s\u00edtio aeroportu\u00e1rio, al\u00e9m de incorporar moderniza\u00e7\u00f5es regulat\u00f3rias. Para a SecexConsenso do TCU (Tribunal de Contas da Uni\u00e3o), que avalia o caso em uma comiss\u00e3o desde julho, as controv\u00e9rsias que levaram o ativo a uma tentativa de solu\u00e7\u00e3o consensual s\u00e3o complexas e materialmente relevantes.<\/p>\n\n\n\n<p>O principal pleito apresentado pela concession\u00e1ria para a negocia\u00e7\u00e3o no TCU envolve o impacto severo na demanda de passageiros que gerou sucessivos resultados operacionais negativos, contrariando substancialmente os estudos de viabilidade t\u00e9cnica, econ\u00f4mica e ambiental que subsidiaram a precifica\u00e7\u00e3o da concess\u00e3o.<\/p>\n\n\n\n<p>De acordo com o pedido de repactua\u00e7\u00e3o, pesam sobre a viabilidade econ\u00f4mico-financeira da concess\u00e3o as crises pol\u00edticas e financeiras de 2014 a 2016, a pandemia de Covid-19, a situa\u00e7\u00e3o financeira das companhias a\u00e9reas e as mudan\u00e7as na malha a\u00e9rea nacional. O aeroporto registrou em 2024 uma movimenta\u00e7\u00e3o total de aproximadamente 15,2 milh\u00f5es de passageiros e 140 mil opera\u00e7\u00f5es de avi\u00f5es.<\/p>\n\n\n\n<p>A comiss\u00e3o sobre o tema no TCU tem como prazo ordin\u00e1rio a data de 20 de outubro. O prazo \u00e9 prorrog\u00e1vel, segundo as diretrizes da corte.<\/p>\n\n\n\n<p>O Aeroporto de Bras\u00edlia foi transferido para a iniciativa privada em 2012, na primeira grande rodada de concess\u00f5es e, por isso, ainda \u00e9 estruturado no modelo em que a Infraero \u00e9 s\u00f3cia de 49% da concession\u00e1ria. Na remodelagem do Aeroporto do Gale\u00e3o (RJ), que no setor aeroportu\u00e1rio foi o primeiro a ter a tratativa de repactua\u00e7\u00e3o aprovada pelo TCU, ficou definida a sa\u00edda da Infraero.<\/p>\n\n\n\n<p>Nas negocia\u00e7\u00f5es do Gale\u00e3o tamb\u00e9m houve altera\u00e7\u00e3o no modelo de pagamento de outorgas, que deixaram de ser fixas. O contrato repactuado prev\u00ea que a concession\u00e1ria que adquirir o direito de explora\u00e7\u00e3o do terminal ter\u00e1 de pagar \u00e0 Uni\u00e3o uma contribui\u00e7\u00e3o vari\u00e1vel anual equivalente a 20% do faturamento bruto da concess\u00e3o at\u00e9 2039.<\/p>\n","protected":false},"excerpt":{"rendered":"<p>Sheyla Santos, da Ag\u00eancia iNFRA A repactua\u00e7\u00e3o do contrato de concess\u00e3o do aeroporto de Bras\u00edlia pode prever uma altera\u00e7\u00e3o do modelo de pagamento de outorgas e novos investimentos n\u00e3o obrigat\u00f3rios para o s\u00edtio aeroportu\u00e1rio, al\u00e9m de incorporar moderniza\u00e7\u00f5es regulat\u00f3rias. Para a SecexConsenso do TCU (Tribunal de Contas da Uni\u00e3o), que avalia o caso em uma [&hellip;]<\/p>\n","protected":false},"author":1,"featured_media":24926,"comment_status":"closed","ping_status":"closed","sticky":false,"template":"","format":"standard","meta":{"_monsterinsights_skip_tracking":false,"_monsterinsights_sitenote_active":false,"_monsterinsights_sitenote_note":"","_monsterinsights_sitenote_category":0,"footnotes":""},"categories":[1,7],"tags":[6120,6068,61,32,5182,7218,8838,18],"class_list":["post-26273","post","type-post","status-publish","format-standard","has-post-thumbnail","hentry","category-geral","category-infratransporte","tag-aeroporto-de-brasilia","tag-concessao-de-aeroportos","tag-infraero","tag-investimentos","tag-outorgas","tag-secexconsenso","tag-sheyla-santos","tag-tcu"],"yoast_head":"<!-- This site is optimized with the Yoast SEO Premium plugin v25.4 (Yoast SEO v26.0) - https:\/\/yoast.com\/wordpress\/plugins\/seo\/ -->\n<title>Aeroporto de Bras\u00edlia: SecexConsenso discute investimentos e altera\u00e7\u00e3o de modelo de outorga - Ag\u00eancia iNFRA<\/title>\n<meta name=\"robots\" content=\"index, follow, max-snippet:-1, max-image-preview:large, max-video-preview:-1\" \/>\n<link rel=\"canonical\" href=\"https:\/\/agenciainfra.com\/blog\/aeroporto-de-brasilia-secexconsenso-discute-investimentos-e-alteracao-de-modelo-de-outorga\/\" \/>\n<meta property=\"og:locale\" content=\"pt_BR\" \/>\n<meta property=\"og:type\" content=\"article\" \/>\n<meta property=\"og:title\" content=\"Aeroporto de Bras\u00edlia: SecexConsenso discute investimentos e altera\u00e7\u00e3o de modelo de outorga\" \/>\n<meta property=\"og:description\" content=\"Sheyla Santos, da Ag\u00eancia iNFRA A repactua\u00e7\u00e3o do contrato de concess\u00e3o do aeroporto de Bras\u00edlia pode prever uma altera\u00e7\u00e3o do modelo de pagamento de outorgas e novos investimentos n\u00e3o obrigat\u00f3rios para o s\u00edtio aeroportu\u00e1rio, al\u00e9m de incorporar moderniza\u00e7\u00f5es regulat\u00f3rias. Para a SecexConsenso do TCU (Tribunal de Contas da Uni\u00e3o), que avalia o caso em uma [&hellip;]\" \/>\n<meta property=\"og:url\" content=\"https:\/\/agenciainfra.com\/blog\/aeroporto-de-brasilia-secexconsenso-discute-investimentos-e-alteracao-de-modelo-de-outorga\/\" \/>\n<meta property=\"og:site_name\" content=\"Ag\u00eancia iNFRA\" \/>\n<meta property=\"article:publisher\" content=\"https:\/\/www.facebook.com\/ageninfra\" \/>\n<meta property=\"article:published_time\" content=\"2025-08-14T20:17:49+00:00\" \/>\n<meta property=\"article:modified_time\" content=\"2025-08-18T12:07:14+00:00\" \/>\n<meta property=\"og:image\" content=\"https:\/\/agenciainfra.com\/blog\/wp-content\/uploads\/2025\/07\/aeroporto-de-brasilia-foto-inframerica.jpg\" \/>\n\t<meta property=\"og:image:width\" content=\"1280\" \/>\n\t<meta property=\"og:image:height\" content=\"853\" \/>\n\t<meta property=\"og:image:type\" content=\"image\/jpeg\" \/>\n<meta name=\"author\" content=\"Ag\u00eancia iNFRA\" \/>\n<meta name=\"twitter:card\" content=\"summary_large_image\" \/>\n<meta name=\"twitter:creator\" content=\"@agencia_infra\" \/>\n<meta name=\"twitter:site\" content=\"@agencia_infra\" \/>\n<meta name=\"twitter:label1\" content=\"Escrito por\" \/>\n\t<meta name=\"twitter:data1\" content=\"Ag\u00eancia iNFRA\" \/>\n\t<meta name=\"twitter:label2\" content=\"Est. tempo de leitura\" \/>\n\t<meta name=\"twitter:data2\" content=\"2 minutos\" \/>\n<script type=\"application\/ld+json\" class=\"yoast-schema-graph\">{\"@context\":\"https:\/\/schema.org\",\"@graph\":[{\"@type\":\"Article\",\"@id\":\"https:\/\/agenciainfra.com\/blog\/aeroporto-de-brasilia-secexconsenso-discute-investimentos-e-alteracao-de-modelo-de-outorga\/#article\",\"isPartOf\":{\"@id\":\"https:\/\/agenciainfra.com\/blog\/aeroporto-de-brasilia-secexconsenso-discute-investimentos-e-alteracao-de-modelo-de-outorga\/\"},\"author\":{\"name\":\"Ag\u00eancia iNFRA\",\"@id\":\"https:\/\/agenciainfra.com\/blog\/#\/schema\/person\/34af08dff6adea4cb22b06612ba7acfa\"},\"headline\":\"Aeroporto de Bras\u00edlia: SecexConsenso discute investimentos e altera\u00e7\u00e3o de modelo de outorga\",\"datePublished\":\"2025-08-14T20:17:49+00:00\",\"dateModified\":\"2025-08-18T12:07:14+00:00\",\"mainEntityOfPage\":{\"@id\":\"https:\/\/agenciainfra.com\/blog\/aeroporto-de-brasilia-secexconsenso-discute-investimentos-e-alteracao-de-modelo-de-outorga\/\"},\"wordCount\":375,\"publisher\":{\"@id\":\"https:\/\/agenciainfra.com\/blog\/#organization\"},\"image\":{\"@id\":\"https:\/\/agenciainfra.com\/blog\/aeroporto-de-brasilia-secexconsenso-discute-investimentos-e-alteracao-de-modelo-de-outorga\/#primaryimage\"},\"thumbnailUrl\":\"https:\/\/agenciainfra.com\/blog\/wp-content\/uploads\/2025\/07\/aeroporto-de-brasilia-foto-inframerica.jpg\",\"keywords\":[\"Aeroporto de Bras\u00edlia\",\"concess\u00e3o de aeroportos\",\"Infraero\",\"Investimentos\",\"outorgas\",\"SecexConsenso\",\"Sheyla Santos\",\"TCU\"],\"articleSection\":[\"Geral\",\"iNFRATransporte\"],\"inLanguage\":\"pt-BR\",\"copyrightYear\":\"2025\",\"copyrightHolder\":{\"@id\":\"https:\/\/agenciainfra.com\/blog\/#organization\"}},{\"@type\":\"WebPage\",\"@id\":\"https:\/\/agenciainfra.com\/blog\/aeroporto-de-brasilia-secexconsenso-discute-investimentos-e-alteracao-de-modelo-de-outorga\/\",\"url\":\"https:\/\/agenciainfra.com\/blog\/aeroporto-de-brasilia-secexconsenso-discute-investimentos-e-alteracao-de-modelo-de-outorga\/\",\"name\":\"Aeroporto de Bras\u00edlia: SecexConsenso discute investimentos e altera\u00e7\u00e3o de modelo de outorga - Ag\u00eancia iNFRA\",\"isPartOf\":{\"@id\":\"https:\/\/agenciainfra.com\/blog\/#website\"},\"primaryImageOfPage\":{\"@id\":\"https:\/\/agenciainfra.com\/blog\/aeroporto-de-brasilia-secexconsenso-discute-investimentos-e-alteracao-de-modelo-de-outorga\/#primaryimage\"},\"image\":{\"@id\":\"https:\/\/agenciainfra.com\/blog\/aeroporto-de-brasilia-secexconsenso-discute-investimentos-e-alteracao-de-modelo-de-outorga\/#primaryimage\"},\"thumbnailUrl\":\"https:\/\/agenciainfra.com\/blog\/wp-content\/uploads\/2025\/07\/aeroporto-de-brasilia-foto-inframerica.jpg\",\"datePublished\":\"2025-08-14T20:17:49+00:00\",\"dateModified\":\"2025-08-18T12:07:14+00:00\",\"breadcrumb\":{\"@id\":\"https:\/\/agenciainfra.com\/blog\/aeroporto-de-brasilia-secexconsenso-discute-investimentos-e-alteracao-de-modelo-de-outorga\/#breadcrumb\"},\"inLanguage\":\"pt-BR\",\"potentialAction\":[{\"@type\":\"ReadAction\",\"target\":[\"https:\/\/agenciainfra.com\/blog\/aeroporto-de-brasilia-secexconsenso-discute-investimentos-e-alteracao-de-modelo-de-outorga\/\"]}]},{\"@type\":\"ImageObject\",\"inLanguage\":\"pt-BR\",\"@id\":\"https:\/\/agenciainfra.com\/blog\/aeroporto-de-brasilia-secexconsenso-discute-investimentos-e-alteracao-de-modelo-de-outorga\/#primaryimage\",\"url\":\"https:\/\/agenciainfra.com\/blog\/wp-content\/uploads\/2025\/07\/aeroporto-de-brasilia-foto-inframerica.jpg\",\"contentUrl\":\"https:\/\/agenciainfra.com\/blog\/wp-content\/uploads\/2025\/07\/aeroporto-de-brasilia-foto-inframerica.jpg\",\"width\":1280,\"height\":853,\"caption\":\"Foto: Inframerica\"},{\"@type\":\"BreadcrumbList\",\"@id\":\"https:\/\/agenciainfra.com\/blog\/aeroporto-de-brasilia-secexconsenso-discute-investimentos-e-alteracao-de-modelo-de-outorga\/#breadcrumb\",\"itemListElement\":[{\"@type\":\"ListItem\",\"position\":1,\"name\":\"In\u00edcio\",\"item\":\"https:\/\/agenciainfra.com\/blog\/\"},{\"@type\":\"ListItem\",\"position\":2,\"name\":\"Aeroporto de Bras\u00edlia: SecexConsenso discute investimentos e altera\u00e7\u00e3o de modelo de outorga\"}]},{\"@type\":\"WebSite\",\"@id\":\"https:\/\/agenciainfra.com\/blog\/#website\",\"url\":\"https:\/\/agenciainfra.com\/blog\/\",\"name\":\"Ag\u00eancia iNFRA\",\"description\":\"Multiplataforma de informa\u00e7\u00e3o jornal\u00edstica refer\u00eancia na \u00e1rea de infraestrutura no Brasil!\",\"publisher\":{\"@id\":\"https:\/\/agenciainfra.com\/blog\/#organization\"},\"potentialAction\":[{\"@type\":\"SearchAction\",\"target\":{\"@type\":\"EntryPoint\",\"urlTemplate\":\"https:\/\/agenciainfra.com\/blog\/?s={search_term_string}\"},\"query-input\":{\"@type\":\"PropertyValueSpecification\",\"valueRequired\":true,\"valueName\":\"search_term_string\"}}],\"inLanguage\":\"pt-BR\"},{\"@type\":\"Organization\",\"@id\":\"https:\/\/agenciainfra.com\/blog\/#organization\",\"name\":\"Ag\u00eancia iNFRA\",\"url\":\"https:\/\/agenciainfra.com\/blog\/\",\"logo\":{\"@type\":\"ImageObject\",\"inLanguage\":\"pt-BR\",\"@id\":\"https:\/\/agenciainfra.com\/blog\/#\/schema\/logo\/image\/\",\"url\":\"https:\/\/agenciainfra.com\/blog\/wp-content\/uploads\/2023\/09\/iNFRA_5-e1761735885940.png\",\"contentUrl\":\"https:\/\/agenciainfra.com\/blog\/wp-content\/uploads\/2023\/09\/iNFRA_5-e1761735885940.png\",\"width\":1672,\"height\":454,\"caption\":\"Ag\u00eancia iNFRA\"},\"image\":{\"@id\":\"https:\/\/agenciainfra.com\/blog\/#\/schema\/logo\/image\/\"},\"sameAs\":[\"https:\/\/www.facebook.com\/ageninfra\",\"https:\/\/x.com\/agencia_infra\",\"https:\/\/www.linkedin.com\/company\/ag\u00eanciainfra\/\",\"https:\/\/www.instagram.com\/agenciainfra\/\"]},{\"@type\":\"Person\",\"@id\":\"https:\/\/agenciainfra.com\/blog\/#\/schema\/person\/34af08dff6adea4cb22b06612ba7acfa\",\"name\":\"Ag\u00eancia iNFRA\",\"image\":{\"@type\":\"ImageObject\",\"inLanguage\":\"pt-BR\",\"@id\":\"https:\/\/agenciainfra.com\/blog\/#\/schema\/person\/image\/\",\"url\":\"https:\/\/secure.gravatar.com\/avatar\/d189e01678f06d8eb84d4e01f08eb848b3fffe3f8443818d3c356c66892f5be8?s=96&d=mm&r=g\",\"contentUrl\":\"https:\/\/secure.gravatar.com\/avatar\/d189e01678f06d8eb84d4e01f08eb848b3fffe3f8443818d3c356c66892f5be8?s=96&d=mm&r=g\",\"caption\":\"Ag\u00eancia iNFRA\"},\"url\":\"https:\/\/agenciainfra.com\/blog\/author\/admin\/\"}]}<\/script>\n<!-- \/ Yoast SEO Premium plugin. -->","yoast_head_json":{"title":"Aeroporto de Bras\u00edlia: SecexConsenso discute investimentos e altera\u00e7\u00e3o de modelo de outorga - Ag\u00eancia iNFRA","robots":{"index":"index","follow":"follow","max-snippet":"max-snippet:-1","max-image-preview":"max-image-preview:large","max-video-preview":"max-video-preview:-1"},"canonical":"https:\/\/agenciainfra.com\/blog\/aeroporto-de-brasilia-secexconsenso-discute-investimentos-e-alteracao-de-modelo-de-outorga\/","og_locale":"pt_BR","og_type":"article","og_title":"Aeroporto de Bras\u00edlia: SecexConsenso discute investimentos e altera\u00e7\u00e3o de modelo de outorga","og_description":"Sheyla Santos, da Ag\u00eancia iNFRA A repactua\u00e7\u00e3o do contrato de concess\u00e3o do aeroporto de Bras\u00edlia pode prever uma altera\u00e7\u00e3o do modelo de pagamento de outorgas e novos investimentos n\u00e3o obrigat\u00f3rios para o s\u00edtio aeroportu\u00e1rio, al\u00e9m de incorporar moderniza\u00e7\u00f5es regulat\u00f3rias. Para a SecexConsenso do TCU (Tribunal de Contas da Uni\u00e3o), que avalia o caso em uma [&hellip;]","og_url":"https:\/\/agenciainfra.com\/blog\/aeroporto-de-brasilia-secexconsenso-discute-investimentos-e-alteracao-de-modelo-de-outorga\/","og_site_name":"Ag\u00eancia iNFRA","article_publisher":"https:\/\/www.facebook.com\/ageninfra","article_published_time":"2025-08-14T20:17:49+00:00","article_modified_time":"2025-08-18T12:07:14+00:00","og_image":[{"width":1280,"height":853,"url":"https:\/\/agenciainfra.com\/blog\/wp-content\/uploads\/2025\/07\/aeroporto-de-brasilia-foto-inframerica.jpg","type":"image\/jpeg"}],"author":"Ag\u00eancia iNFRA","twitter_card":"summary_large_image","twitter_creator":"@agencia_infra","twitter_site":"@agencia_infra","twitter_misc":{"Escrito por":"Ag\u00eancia iNFRA","Est. tempo de leitura":"2 minutos"},"schema":{"@context":"https:\/\/schema.org","@graph":[{"@type":"Article","@id":"https:\/\/agenciainfra.com\/blog\/aeroporto-de-brasilia-secexconsenso-discute-investimentos-e-alteracao-de-modelo-de-outorga\/#article","isPartOf":{"@id":"https:\/\/agenciainfra.com\/blog\/aeroporto-de-brasilia-secexconsenso-discute-investimentos-e-alteracao-de-modelo-de-outorga\/"},"author":{"name":"Ag\u00eancia iNFRA","@id":"https:\/\/agenciainfra.com\/blog\/#\/schema\/person\/34af08dff6adea4cb22b06612ba7acfa"},"headline":"Aeroporto de Bras\u00edlia: SecexConsenso discute investimentos e altera\u00e7\u00e3o de modelo de outorga","datePublished":"2025-08-14T20:17:49+00:00","dateModified":"2025-08-18T12:07:14+00:00","mainEntityOfPage":{"@id":"https:\/\/agenciainfra.com\/blog\/aeroporto-de-brasilia-secexconsenso-discute-investimentos-e-alteracao-de-modelo-de-outorga\/"},"wordCount":375,"publisher":{"@id":"https:\/\/agenciainfra.com\/blog\/#organization"},"image":{"@id":"https:\/\/agenciainfra.com\/blog\/aeroporto-de-brasilia-secexconsenso-discute-investimentos-e-alteracao-de-modelo-de-outorga\/#primaryimage"},"thumbnailUrl":"https:\/\/agenciainfra.com\/blog\/wp-content\/uploads\/2025\/07\/aeroporto-de-brasilia-foto-inframerica.jpg","keywords":["Aeroporto de Bras\u00edlia","concess\u00e3o de aeroportos","Infraero","Investimentos","outorgas","SecexConsenso","Sheyla Santos","TCU"],"articleSection":["Geral","iNFRATransporte"],"inLanguage":"pt-BR","copyrightYear":"2025","copyrightHolder":{"@id":"https:\/\/agenciainfra.com\/blog\/#organization"}},{"@type":"WebPage","@id":"https:\/\/agenciainfra.com\/blog\/aeroporto-de-brasilia-secexconsenso-discute-investimentos-e-alteracao-de-modelo-de-outorga\/","url":"https:\/\/agenciainfra.com\/blog\/aeroporto-de-brasilia-secexconsenso-discute-investimentos-e-alteracao-de-modelo-de-outorga\/","name":"Aeroporto de Bras\u00edlia: SecexConsenso discute investimentos e altera\u00e7\u00e3o de modelo de outorga - Ag\u00eancia iNFRA","isPartOf":{"@id":"https:\/\/agenciainfra.com\/blog\/#website"},"primaryImageOfPage":{"@id":"https:\/\/agenciainfra.com\/blog\/aeroporto-de-brasilia-secexconsenso-discute-investimentos-e-alteracao-de-modelo-de-outorga\/#primaryimage"},"image":{"@id":"https:\/\/agenciainfra.com\/blog\/aeroporto-de-brasilia-secexconsenso-discute-investimentos-e-alteracao-de-modelo-de-outorga\/#primaryimage"},"thumbnailUrl":"https:\/\/agenciainfra.com\/blog\/wp-content\/uploads\/2025\/07\/aeroporto-de-brasilia-foto-inframerica.jpg","datePublished":"2025-08-14T20:17:49+00:00","dateModified":"2025-08-18T12:07:14+00:00","breadcrumb":{"@id":"https:\/\/agenciainfra.com\/blog\/aeroporto-de-brasilia-secexconsenso-discute-investimentos-e-alteracao-de-modelo-de-outorga\/#breadcrumb"},"inLanguage":"pt-BR","potentialAction":[{"@type":"ReadAction","target":["https:\/\/agenciainfra.com\/blog\/aeroporto-de-brasilia-secexconsenso-discute-investimentos-e-alteracao-de-modelo-de-outorga\/"]}]},{"@type":"ImageObject","inLanguage":"pt-BR","@id":"https:\/\/agenciainfra.com\/blog\/aeroporto-de-brasilia-secexconsenso-discute-investimentos-e-alteracao-de-modelo-de-outorga\/#primaryimage","url":"https:\/\/agenciainfra.com\/blog\/wp-content\/uploads\/2025\/07\/aeroporto-de-brasilia-foto-inframerica.jpg","contentUrl":"https:\/\/agenciainfra.com\/blog\/wp-content\/uploads\/2025\/07\/aeroporto-de-brasilia-foto-inframerica.jpg","width":1280,"height":853,"caption":"Foto: Inframerica"},{"@type":"BreadcrumbList","@id":"https:\/\/agenciainfra.com\/blog\/aeroporto-de-brasilia-secexconsenso-discute-investimentos-e-alteracao-de-modelo-de-outorga\/#breadcrumb","itemListElement":[{"@type":"ListItem","position":1,"name":"In\u00edcio","item":"https:\/\/agenciainfra.com\/blog\/"},{"@type":"ListItem","position":2,"name":"Aeroporto de Bras\u00edlia: SecexConsenso discute investimentos e altera\u00e7\u00e3o de modelo de outorga"}]},{"@type":"WebSite","@id":"https:\/\/agenciainfra.com\/blog\/#website","url":"https:\/\/agenciainfra.com\/blog\/","name":"Ag\u00eancia iNFRA","description":"Multiplataforma de informa\u00e7\u00e3o jornal\u00edstica refer\u00eancia na \u00e1rea de infraestrutura no Brasil!","publisher":{"@id":"https:\/\/agenciainfra.com\/blog\/#organization"},"potentialAction":[{"@type":"SearchAction","target":{"@type":"EntryPoint","urlTemplate":"https:\/\/agenciainfra.com\/blog\/?s={search_term_string}"},"query-input":{"@type":"PropertyValueSpecification","valueRequired":true,"valueName":"search_term_string"}}],"inLanguage":"pt-BR"},{"@type":"Organization","@id":"https:\/\/agenciainfra.com\/blog\/#organization","name":"Ag\u00eancia iNFRA","url":"https:\/\/agenciainfra.com\/blog\/","logo":{"@type":"ImageObject","inLanguage":"pt-BR","@id":"https:\/\/agenciainfra.com\/blog\/#\/schema\/logo\/image\/","url":"https:\/\/agenciainfra.com\/blog\/wp-content\/uploads\/2023\/09\/iNFRA_5-e1761735885940.png","contentUrl":"https:\/\/agenciainfra.com\/blog\/wp-content\/uploads\/2023\/09\/iNFRA_5-e1761735885940.png","width":1672,"height":454,"caption":"Ag\u00eancia iNFRA"},"image":{"@id":"https:\/\/agenciainfra.com\/blog\/#\/schema\/logo\/image\/"},"sameAs":["https:\/\/www.facebook.com\/ageninfra","https:\/\/x.com\/agencia_infra","https:\/\/www.linkedin.com\/company\/ag\u00eanciainfra\/","https:\/\/www.instagram.com\/agenciainfra\/"]},{"@type":"Person","@id":"https:\/\/agenciainfra.com\/blog\/#\/schema\/person\/34af08dff6adea4cb22b06612ba7acfa","name":"Ag\u00eancia iNFRA","image":{"@type":"ImageObject","inLanguage":"pt-BR","@id":"https:\/\/agenciainfra.com\/blog\/#\/schema\/person\/image\/","url":"https:\/\/secure.gravatar.com\/avatar\/d189e01678f06d8eb84d4e01f08eb848b3fffe3f8443818d3c356c66892f5be8?s=96&d=mm&r=g","contentUrl":"https:\/\/secure.gravatar.com\/avatar\/d189e01678f06d8eb84d4e01f08eb848b3fffe3f8443818d3c356c66892f5be8?s=96&d=mm&r=g","caption":"Ag\u00eancia iNFRA"},"url":"https:\/\/agenciainfra.com\/blog\/author\/admin\/"}]}},"_links":{"self":[{"href":"https:\/\/agenciainfra.com\/blog\/wp-json\/wp\/v2\/posts\/26273","targetHints":{"allow":["GET"]}}],"collection":[{"href":"https:\/\/agenciainfra.com\/blog\/wp-json\/wp\/v2\/posts"}],"about":[{"href":"https:\/\/agenciainfra.com\/blog\/wp-json\/wp\/v2\/types\/post"}],"author":[{"embeddable":true,"href":"https:\/\/agenciainfra.com\/blog\/wp-json\/wp\/v2\/users\/1"}],"replies":[{"embeddable":true,"href":"https:\/\/agenciainfra.com\/blog\/wp-json\/wp\/v2\/comments?post=26273"}],"version-history":[{"count":1,"href":"https:\/\/agenciainfra.com\/blog\/wp-json\/wp\/v2\/posts\/26273\/revisions"}],"predecessor-version":[{"id":26275,"href":"https:\/\/agenciainfra.com\/blog\/wp-json\/wp\/v2\/posts\/26273\/revisions\/26275"}],"wp:featuredmedia":[{"embeddable":true,"href":"https:\/\/agenciainfra.com\/blog\/wp-json\/wp\/v2\/media\/24926"}],"wp:attachment":[{"href":"https:\/\/agenciainfra.com\/blog\/wp-json\/wp\/v2\/media?parent=26273"}],"wp:term":[{"taxonomy":"category","embeddable":true,"href":"https:\/\/agenciainfra.com\/blog\/wp-json\/wp\/v2\/categories?post=26273"},{"taxonomy":"post_tag","embeddable":true,"href":"https:\/\/agenciainfra.com\/blog\/wp-json\/wp\/v2\/tags?post=26273"}],"curies":[{"name":"wp","href":"https:\/\/api.w.org\/{rel}","templated":true}]}}