{"id":26274,"date":"2025-08-14T17:15:34","date_gmt":"2025-08-14T20:15:34","guid":{"rendered":"https:\/\/agenciainfra.com\/blog\/?p=26274"},"modified":"2025-08-14T17:15:37","modified_gmt":"2025-08-14T20:15:37","slug":"bndes-anuncia-investimento-de-us-749-milhoes-na-eve","status":"publish","type":"post","link":"https:\/\/agenciainfra.com\/blog\/bndes-anuncia-investimento-de-us-749-milhoes-na-eve\/","title":{"rendered":"BNDES anuncia investimento de US$ 74,9 milh\u00f5es na Eve"},"content":{"rendered":"\n<p class=\"has-text-align-right\"><strong>da Ag\u00eancia iNFRA<\/strong><\/p>\n\n\n\n<p>A BNDES Participa\u00e7\u00f5es S.A. aprovou um investimento de US$ 74,9 milh\u00f5es (R$ 405,3 milh\u00f5es) na Eve Air Mobility, subsidi\u00e1ria da Embraer que est\u00e1 desenvolvendo um modelo de eVTOL (carro voador), que ser\u00e1 fabricado em Taubat\u00e9, no Vale do Para\u00edba paulista.<\/p>\n\n\n\n<p>O investimento ser\u00e1 realizado por meio da subscri\u00e7\u00e3o de BDRs (Brazilian depositary receipts), certificados emitidos no Brasil, lastreados em a\u00e7\u00f5es ordin\u00e1rias emitidas pela Eve nos EUA, em uma oferta privada liderada pela BNDESPAR.<\/p>\n\n\n\n<p>A Eve planeja disponibilizar a negocia\u00e7\u00e3o de BDRs na B3 para investidores locais, ap\u00f3s a conclus\u00e3o da oferta privada. As BDRs ter\u00e3o liquidez di\u00e1ria assegurada por um market maker.<\/p>\n\n\n\n<p>O eVTOL desenvolvido pela Eve acomoda cinco pessoas (quatro passageiros e um piloto) com 100 km de autonomia, que permite cobrir trajetos urbanos, como conex\u00f5es entre centros comerciais, bairros residenciais e hubs de transporte. A Eve planeja constru\u00e7\u00e3o da unidade fabril em Taubat\u00e9 para produ\u00e7\u00e3o comercial de eVTOLs a partir da obten\u00e7\u00e3o da Certifica\u00e7\u00e3o de Tipo exigida pela ANAC (Ag\u00eancia Nacional de Avia\u00e7\u00e3o Civil).<\/p>\n\n\n\n<p><\/p>\n","protected":false},"excerpt":{"rendered":"<p>da Ag\u00eancia iNFRA A BNDES Participa\u00e7\u00f5es S.A. aprovou um investimento de US$ 74,9 milh\u00f5es (R$ 405,3 milh\u00f5es) na Eve Air Mobility, subsidi\u00e1ria da Embraer que est\u00e1 desenvolvendo um modelo de eVTOL (carro voador), que ser\u00e1 fabricado em Taubat\u00e9, no Vale do Para\u00edba paulista. O investimento ser\u00e1 realizado por meio da subscri\u00e7\u00e3o de BDRs (Brazilian depositary [&hellip;]<\/p>\n","protected":false},"author":1,"featured_media":8336,"comment_status":"closed","ping_status":"closed","sticky":false,"template":"","format":"standard","meta":{"_monsterinsights_skip_tracking":false,"_monsterinsights_sitenote_active":false,"_monsterinsights_sitenote_note":"","_monsterinsights_sitenote_category":0,"footnotes":""},"categories":[1,13576],"tags":[6636,242,103,7232,4729],"class_list":["post-26274","post","type-post","status-publish","format-standard","has-post-thumbnail","hentry","category-geral","category-giro-infra","tag-agencia-nacional-de-aviacao-civil","tag-anac","tag-bndes","tag-eve-air-mobility","tag-evtol"],"yoast_head":"<!-- This site is optimized with the Yoast SEO Premium plugin v25.4 (Yoast SEO v26.0) - https:\/\/yoast.com\/wordpress\/plugins\/seo\/ -->\n<title>BNDES anuncia investimento de US$ 74,9 milh\u00f5es na Eve - Ag\u00eancia iNFRA<\/title>\n<meta name=\"robots\" content=\"index, follow, max-snippet:-1, max-image-preview:large, max-video-preview:-1\" \/>\n<link rel=\"canonical\" href=\"https:\/\/agenciainfra.com\/blog\/bndes-anuncia-investimento-de-us-749-milhoes-na-eve\/\" \/>\n<meta property=\"og:locale\" content=\"pt_BR\" \/>\n<meta property=\"og:type\" content=\"article\" \/>\n<meta property=\"og:title\" content=\"BNDES anuncia investimento de US$ 74,9 milh\u00f5es na Eve\" \/>\n<meta property=\"og:description\" content=\"da Ag\u00eancia iNFRA A BNDES Participa\u00e7\u00f5es S.A. aprovou um investimento de US$ 74,9 milh\u00f5es (R$ 405,3 milh\u00f5es) na Eve Air Mobility, subsidi\u00e1ria da Embraer que est\u00e1 desenvolvendo um modelo de eVTOL (carro voador), que ser\u00e1 fabricado em Taubat\u00e9, no Vale do Para\u00edba paulista. O investimento ser\u00e1 realizado por meio da subscri\u00e7\u00e3o de BDRs (Brazilian depositary [&hellip;]\" \/>\n<meta property=\"og:url\" content=\"https:\/\/agenciainfra.com\/blog\/bndes-anuncia-investimento-de-us-749-milhoes-na-eve\/\" \/>\n<meta property=\"og:site_name\" content=\"Ag\u00eancia iNFRA\" \/>\n<meta property=\"article:publisher\" content=\"https:\/\/www.facebook.com\/ageninfra\" \/>\n<meta property=\"article:published_time\" content=\"2025-08-14T20:15:34+00:00\" \/>\n<meta property=\"article:modified_time\" content=\"2025-08-14T20:15:37+00:00\" \/>\n<meta property=\"og:image\" content=\"https:\/\/agenciainfra.com\/blog\/wp-content\/uploads\/2021\/09\/evtol-uam-foto-embraer.jpg\" \/>\n\t<meta property=\"og:image:width\" content=\"1200\" \/>\n\t<meta property=\"og:image:height\" content=\"800\" \/>\n\t<meta property=\"og:image:type\" content=\"image\/jpeg\" \/>\n<meta name=\"author\" content=\"Ag\u00eancia iNFRA\" \/>\n<meta name=\"twitter:card\" content=\"summary_large_image\" \/>\n<meta name=\"twitter:creator\" content=\"@agencia_infra\" \/>\n<meta name=\"twitter:site\" content=\"@agencia_infra\" \/>\n<meta name=\"twitter:label1\" content=\"Escrito por\" \/>\n\t<meta name=\"twitter:data1\" content=\"Ag\u00eancia iNFRA\" \/>\n\t<meta name=\"twitter:label2\" content=\"Est. tempo de leitura\" \/>\n\t<meta name=\"twitter:data2\" content=\"1 minuto\" \/>\n<script type=\"application\/ld+json\" class=\"yoast-schema-graph\">{\"@context\":\"https:\/\/schema.org\",\"@graph\":[{\"@type\":\"Article\",\"@id\":\"https:\/\/agenciainfra.com\/blog\/bndes-anuncia-investimento-de-us-749-milhoes-na-eve\/#article\",\"isPartOf\":{\"@id\":\"https:\/\/agenciainfra.com\/blog\/bndes-anuncia-investimento-de-us-749-milhoes-na-eve\/\"},\"author\":{\"name\":\"Ag\u00eancia iNFRA\",\"@id\":\"https:\/\/agenciainfra.com\/blog\/#\/schema\/person\/34af08dff6adea4cb22b06612ba7acfa\"},\"headline\":\"BNDES anuncia investimento de US$ 74,9 milh\u00f5es na Eve\",\"datePublished\":\"2025-08-14T20:15:34+00:00\",\"dateModified\":\"2025-08-14T20:15:37+00:00\",\"mainEntityOfPage\":{\"@id\":\"https:\/\/agenciainfra.com\/blog\/bndes-anuncia-investimento-de-us-749-milhoes-na-eve\/\"},\"wordCount\":197,\"publisher\":{\"@id\":\"https:\/\/agenciainfra.com\/blog\/#organization\"},\"image\":{\"@id\":\"https:\/\/agenciainfra.com\/blog\/bndes-anuncia-investimento-de-us-749-milhoes-na-eve\/#primaryimage\"},\"thumbnailUrl\":\"https:\/\/agenciainfra.com\/blog\/wp-content\/uploads\/2021\/09\/evtol-uam-foto-embraer.jpg\",\"keywords\":[\"Ag\u00eancia Nacional de Avia\u00e7\u00e3o Civil\",\"ANAC\",\"BNDES\",\"Eve Air Mobility\",\"eVTOL\"],\"articleSection\":[\"Geral\",\"Giro iNFRA\"],\"inLanguage\":\"pt-BR\",\"copyrightYear\":\"2025\",\"copyrightHolder\":{\"@id\":\"https:\/\/agenciainfra.com\/blog\/#organization\"}},{\"@type\":\"WebPage\",\"@id\":\"https:\/\/agenciainfra.com\/blog\/bndes-anuncia-investimento-de-us-749-milhoes-na-eve\/\",\"url\":\"https:\/\/agenciainfra.com\/blog\/bndes-anuncia-investimento-de-us-749-milhoes-na-eve\/\",\"name\":\"BNDES anuncia investimento de US$ 74,9 milh\u00f5es na Eve - Ag\u00eancia iNFRA\",\"isPartOf\":{\"@id\":\"https:\/\/agenciainfra.com\/blog\/#website\"},\"primaryImageOfPage\":{\"@id\":\"https:\/\/agenciainfra.com\/blog\/bndes-anuncia-investimento-de-us-749-milhoes-na-eve\/#primaryimage\"},\"image\":{\"@id\":\"https:\/\/agenciainfra.com\/blog\/bndes-anuncia-investimento-de-us-749-milhoes-na-eve\/#primaryimage\"},\"thumbnailUrl\":\"https:\/\/agenciainfra.com\/blog\/wp-content\/uploads\/2021\/09\/evtol-uam-foto-embraer.jpg\",\"datePublished\":\"2025-08-14T20:15:34+00:00\",\"dateModified\":\"2025-08-14T20:15:37+00:00\",\"breadcrumb\":{\"@id\":\"https:\/\/agenciainfra.com\/blog\/bndes-anuncia-investimento-de-us-749-milhoes-na-eve\/#breadcrumb\"},\"inLanguage\":\"pt-BR\",\"potentialAction\":[{\"@type\":\"ReadAction\",\"target\":[\"https:\/\/agenciainfra.com\/blog\/bndes-anuncia-investimento-de-us-749-milhoes-na-eve\/\"]}]},{\"@type\":\"ImageObject\",\"inLanguage\":\"pt-BR\",\"@id\":\"https:\/\/agenciainfra.com\/blog\/bndes-anuncia-investimento-de-us-749-milhoes-na-eve\/#primaryimage\",\"url\":\"https:\/\/agenciainfra.com\/blog\/wp-content\/uploads\/2021\/09\/evtol-uam-foto-embraer.jpg\",\"contentUrl\":\"https:\/\/agenciainfra.com\/blog\/wp-content\/uploads\/2021\/09\/evtol-uam-foto-embraer.jpg\",\"width\":1200,\"height\":800,\"caption\":\"Foto: Embraer\"},{\"@type\":\"BreadcrumbList\",\"@id\":\"https:\/\/agenciainfra.com\/blog\/bndes-anuncia-investimento-de-us-749-milhoes-na-eve\/#breadcrumb\",\"itemListElement\":[{\"@type\":\"ListItem\",\"position\":1,\"name\":\"In\u00edcio\",\"item\":\"https:\/\/agenciainfra.com\/blog\/\"},{\"@type\":\"ListItem\",\"position\":2,\"name\":\"BNDES anuncia investimento de US$ 74,9 milh\u00f5es na Eve\"}]},{\"@type\":\"WebSite\",\"@id\":\"https:\/\/agenciainfra.com\/blog\/#website\",\"url\":\"https:\/\/agenciainfra.com\/blog\/\",\"name\":\"Ag\u00eancia iNFRA\",\"description\":\"Multiplataforma de informa\u00e7\u00e3o jornal\u00edstica refer\u00eancia na \u00e1rea de infraestrutura no Brasil!\",\"publisher\":{\"@id\":\"https:\/\/agenciainfra.com\/blog\/#organization\"},\"potentialAction\":[{\"@type\":\"SearchAction\",\"target\":{\"@type\":\"EntryPoint\",\"urlTemplate\":\"https:\/\/agenciainfra.com\/blog\/?s={search_term_string}\"},\"query-input\":{\"@type\":\"PropertyValueSpecification\",\"valueRequired\":true,\"valueName\":\"search_term_string\"}}],\"inLanguage\":\"pt-BR\"},{\"@type\":\"Organization\",\"@id\":\"https:\/\/agenciainfra.com\/blog\/#organization\",\"name\":\"Ag\u00eancia iNFRA\",\"url\":\"https:\/\/agenciainfra.com\/blog\/\",\"logo\":{\"@type\":\"ImageObject\",\"inLanguage\":\"pt-BR\",\"@id\":\"https:\/\/agenciainfra.com\/blog\/#\/schema\/logo\/image\/\",\"url\":\"https:\/\/agenciainfra.com\/blog\/wp-content\/uploads\/2023\/09\/iNFRA_5-e1761735885940.png\",\"contentUrl\":\"https:\/\/agenciainfra.com\/blog\/wp-content\/uploads\/2023\/09\/iNFRA_5-e1761735885940.png\",\"width\":1672,\"height\":454,\"caption\":\"Ag\u00eancia iNFRA\"},\"image\":{\"@id\":\"https:\/\/agenciainfra.com\/blog\/#\/schema\/logo\/image\/\"},\"sameAs\":[\"https:\/\/www.facebook.com\/ageninfra\",\"https:\/\/x.com\/agencia_infra\",\"https:\/\/www.linkedin.com\/company\/ag\u00eanciainfra\/\",\"https:\/\/www.instagram.com\/agenciainfra\/\"]},{\"@type\":\"Person\",\"@id\":\"https:\/\/agenciainfra.com\/blog\/#\/schema\/person\/34af08dff6adea4cb22b06612ba7acfa\",\"name\":\"Ag\u00eancia iNFRA\",\"image\":{\"@type\":\"ImageObject\",\"inLanguage\":\"pt-BR\",\"@id\":\"https:\/\/agenciainfra.com\/blog\/#\/schema\/person\/image\/\",\"url\":\"https:\/\/secure.gravatar.com\/avatar\/d189e01678f06d8eb84d4e01f08eb848b3fffe3f8443818d3c356c66892f5be8?s=96&d=mm&r=g\",\"contentUrl\":\"https:\/\/secure.gravatar.com\/avatar\/d189e01678f06d8eb84d4e01f08eb848b3fffe3f8443818d3c356c66892f5be8?s=96&d=mm&r=g\",\"caption\":\"Ag\u00eancia iNFRA\"},\"url\":\"https:\/\/agenciainfra.com\/blog\/author\/admin\/\"}]}<\/script>\n<!-- \/ Yoast SEO Premium plugin. -->","yoast_head_json":{"title":"BNDES anuncia investimento de US$ 74,9 milh\u00f5es na Eve - Ag\u00eancia iNFRA","robots":{"index":"index","follow":"follow","max-snippet":"max-snippet:-1","max-image-preview":"max-image-preview:large","max-video-preview":"max-video-preview:-1"},"canonical":"https:\/\/agenciainfra.com\/blog\/bndes-anuncia-investimento-de-us-749-milhoes-na-eve\/","og_locale":"pt_BR","og_type":"article","og_title":"BNDES anuncia investimento de US$ 74,9 milh\u00f5es na Eve","og_description":"da Ag\u00eancia iNFRA A BNDES Participa\u00e7\u00f5es S.A. aprovou um investimento de US$ 74,9 milh\u00f5es (R$ 405,3 milh\u00f5es) na Eve Air Mobility, subsidi\u00e1ria da Embraer que est\u00e1 desenvolvendo um modelo de eVTOL (carro voador), que ser\u00e1 fabricado em Taubat\u00e9, no Vale do Para\u00edba paulista. O investimento ser\u00e1 realizado por meio da subscri\u00e7\u00e3o de BDRs (Brazilian depositary [&hellip;]","og_url":"https:\/\/agenciainfra.com\/blog\/bndes-anuncia-investimento-de-us-749-milhoes-na-eve\/","og_site_name":"Ag\u00eancia iNFRA","article_publisher":"https:\/\/www.facebook.com\/ageninfra","article_published_time":"2025-08-14T20:15:34+00:00","article_modified_time":"2025-08-14T20:15:37+00:00","og_image":[{"width":1200,"height":800,"url":"https:\/\/agenciainfra.com\/blog\/wp-content\/uploads\/2021\/09\/evtol-uam-foto-embraer.jpg","type":"image\/jpeg"}],"author":"Ag\u00eancia iNFRA","twitter_card":"summary_large_image","twitter_creator":"@agencia_infra","twitter_site":"@agencia_infra","twitter_misc":{"Escrito por":"Ag\u00eancia iNFRA","Est. tempo de leitura":"1 minuto"},"schema":{"@context":"https:\/\/schema.org","@graph":[{"@type":"Article","@id":"https:\/\/agenciainfra.com\/blog\/bndes-anuncia-investimento-de-us-749-milhoes-na-eve\/#article","isPartOf":{"@id":"https:\/\/agenciainfra.com\/blog\/bndes-anuncia-investimento-de-us-749-milhoes-na-eve\/"},"author":{"name":"Ag\u00eancia iNFRA","@id":"https:\/\/agenciainfra.com\/blog\/#\/schema\/person\/34af08dff6adea4cb22b06612ba7acfa"},"headline":"BNDES anuncia investimento de US$ 74,9 milh\u00f5es na Eve","datePublished":"2025-08-14T20:15:34+00:00","dateModified":"2025-08-14T20:15:37+00:00","mainEntityOfPage":{"@id":"https:\/\/agenciainfra.com\/blog\/bndes-anuncia-investimento-de-us-749-milhoes-na-eve\/"},"wordCount":197,"publisher":{"@id":"https:\/\/agenciainfra.com\/blog\/#organization"},"image":{"@id":"https:\/\/agenciainfra.com\/blog\/bndes-anuncia-investimento-de-us-749-milhoes-na-eve\/#primaryimage"},"thumbnailUrl":"https:\/\/agenciainfra.com\/blog\/wp-content\/uploads\/2021\/09\/evtol-uam-foto-embraer.jpg","keywords":["Ag\u00eancia Nacional de Avia\u00e7\u00e3o Civil","ANAC","BNDES","Eve Air Mobility","eVTOL"],"articleSection":["Geral","Giro iNFRA"],"inLanguage":"pt-BR","copyrightYear":"2025","copyrightHolder":{"@id":"https:\/\/agenciainfra.com\/blog\/#organization"}},{"@type":"WebPage","@id":"https:\/\/agenciainfra.com\/blog\/bndes-anuncia-investimento-de-us-749-milhoes-na-eve\/","url":"https:\/\/agenciainfra.com\/blog\/bndes-anuncia-investimento-de-us-749-milhoes-na-eve\/","name":"BNDES anuncia investimento de US$ 74,9 milh\u00f5es na Eve - Ag\u00eancia iNFRA","isPartOf":{"@id":"https:\/\/agenciainfra.com\/blog\/#website"},"primaryImageOfPage":{"@id":"https:\/\/agenciainfra.com\/blog\/bndes-anuncia-investimento-de-us-749-milhoes-na-eve\/#primaryimage"},"image":{"@id":"https:\/\/agenciainfra.com\/blog\/bndes-anuncia-investimento-de-us-749-milhoes-na-eve\/#primaryimage"},"thumbnailUrl":"https:\/\/agenciainfra.com\/blog\/wp-content\/uploads\/2021\/09\/evtol-uam-foto-embraer.jpg","datePublished":"2025-08-14T20:15:34+00:00","dateModified":"2025-08-14T20:15:37+00:00","breadcrumb":{"@id":"https:\/\/agenciainfra.com\/blog\/bndes-anuncia-investimento-de-us-749-milhoes-na-eve\/#breadcrumb"},"inLanguage":"pt-BR","potentialAction":[{"@type":"ReadAction","target":["https:\/\/agenciainfra.com\/blog\/bndes-anuncia-investimento-de-us-749-milhoes-na-eve\/"]}]},{"@type":"ImageObject","inLanguage":"pt-BR","@id":"https:\/\/agenciainfra.com\/blog\/bndes-anuncia-investimento-de-us-749-milhoes-na-eve\/#primaryimage","url":"https:\/\/agenciainfra.com\/blog\/wp-content\/uploads\/2021\/09\/evtol-uam-foto-embraer.jpg","contentUrl":"https:\/\/agenciainfra.com\/blog\/wp-content\/uploads\/2021\/09\/evtol-uam-foto-embraer.jpg","width":1200,"height":800,"caption":"Foto: Embraer"},{"@type":"BreadcrumbList","@id":"https:\/\/agenciainfra.com\/blog\/bndes-anuncia-investimento-de-us-749-milhoes-na-eve\/#breadcrumb","itemListElement":[{"@type":"ListItem","position":1,"name":"In\u00edcio","item":"https:\/\/agenciainfra.com\/blog\/"},{"@type":"ListItem","position":2,"name":"BNDES anuncia investimento de US$ 74,9 milh\u00f5es na Eve"}]},{"@type":"WebSite","@id":"https:\/\/agenciainfra.com\/blog\/#website","url":"https:\/\/agenciainfra.com\/blog\/","name":"Ag\u00eancia iNFRA","description":"Multiplataforma de informa\u00e7\u00e3o jornal\u00edstica refer\u00eancia na \u00e1rea de infraestrutura no Brasil!","publisher":{"@id":"https:\/\/agenciainfra.com\/blog\/#organization"},"potentialAction":[{"@type":"SearchAction","target":{"@type":"EntryPoint","urlTemplate":"https:\/\/agenciainfra.com\/blog\/?s={search_term_string}"},"query-input":{"@type":"PropertyValueSpecification","valueRequired":true,"valueName":"search_term_string"}}],"inLanguage":"pt-BR"},{"@type":"Organization","@id":"https:\/\/agenciainfra.com\/blog\/#organization","name":"Ag\u00eancia iNFRA","url":"https:\/\/agenciainfra.com\/blog\/","logo":{"@type":"ImageObject","inLanguage":"pt-BR","@id":"https:\/\/agenciainfra.com\/blog\/#\/schema\/logo\/image\/","url":"https:\/\/agenciainfra.com\/blog\/wp-content\/uploads\/2023\/09\/iNFRA_5-e1761735885940.png","contentUrl":"https:\/\/agenciainfra.com\/blog\/wp-content\/uploads\/2023\/09\/iNFRA_5-e1761735885940.png","width":1672,"height":454,"caption":"Ag\u00eancia iNFRA"},"image":{"@id":"https:\/\/agenciainfra.com\/blog\/#\/schema\/logo\/image\/"},"sameAs":["https:\/\/www.facebook.com\/ageninfra","https:\/\/x.com\/agencia_infra","https:\/\/www.linkedin.com\/company\/ag\u00eanciainfra\/","https:\/\/www.instagram.com\/agenciainfra\/"]},{"@type":"Person","@id":"https:\/\/agenciainfra.com\/blog\/#\/schema\/person\/34af08dff6adea4cb22b06612ba7acfa","name":"Ag\u00eancia iNFRA","image":{"@type":"ImageObject","inLanguage":"pt-BR","@id":"https:\/\/agenciainfra.com\/blog\/#\/schema\/person\/image\/","url":"https:\/\/secure.gravatar.com\/avatar\/d189e01678f06d8eb84d4e01f08eb848b3fffe3f8443818d3c356c66892f5be8?s=96&d=mm&r=g","contentUrl":"https:\/\/secure.gravatar.com\/avatar\/d189e01678f06d8eb84d4e01f08eb848b3fffe3f8443818d3c356c66892f5be8?s=96&d=mm&r=g","caption":"Ag\u00eancia iNFRA"},"url":"https:\/\/agenciainfra.com\/blog\/author\/admin\/"}]}},"_links":{"self":[{"href":"https:\/\/agenciainfra.com\/blog\/wp-json\/wp\/v2\/posts\/26274","targetHints":{"allow":["GET"]}}],"collection":[{"href":"https:\/\/agenciainfra.com\/blog\/wp-json\/wp\/v2\/posts"}],"about":[{"href":"https:\/\/agenciainfra.com\/blog\/wp-json\/wp\/v2\/types\/post"}],"author":[{"embeddable":true,"href":"https:\/\/agenciainfra.com\/blog\/wp-json\/wp\/v2\/users\/1"}],"replies":[{"embeddable":true,"href":"https:\/\/agenciainfra.com\/blog\/wp-json\/wp\/v2\/comments?post=26274"}],"version-history":[{"count":1,"href":"https:\/\/agenciainfra.com\/blog\/wp-json\/wp\/v2\/posts\/26274\/revisions"}],"predecessor-version":[{"id":26276,"href":"https:\/\/agenciainfra.com\/blog\/wp-json\/wp\/v2\/posts\/26274\/revisions\/26276"}],"wp:featuredmedia":[{"embeddable":true,"href":"https:\/\/agenciainfra.com\/blog\/wp-json\/wp\/v2\/media\/8336"}],"wp:attachment":[{"href":"https:\/\/agenciainfra.com\/blog\/wp-json\/wp\/v2\/media?parent=26274"}],"wp:term":[{"taxonomy":"category","embeddable":true,"href":"https:\/\/agenciainfra.com\/blog\/wp-json\/wp\/v2\/categories?post=26274"},{"taxonomy":"post_tag","embeddable":true,"href":"https:\/\/agenciainfra.com\/blog\/wp-json\/wp\/v2\/tags?post=26274"}],"curies":[{"name":"wp","href":"https:\/\/api.w.org\/{rel}","templated":true}]}}