{"id":26291,"date":"2025-08-15T10:00:00","date_gmt":"2025-08-15T13:00:00","guid":{"rendered":"https:\/\/agenciainfra.com\/blog\/?p=26291"},"modified":"2025-08-18T11:42:16","modified_gmt":"2025-08-18T14:42:16","slug":"decisao-sobre-devolucao-do-icms-na-conta-de-luz-deixa-duvidas-no-setor","status":"publish","type":"post","link":"https:\/\/agenciainfra.com\/blog\/decisao-sobre-devolucao-do-icms-na-conta-de-luz-deixa-duvidas-no-setor\/","title":{"rendered":"Decis\u00e3o sobre devolu\u00e7\u00e3o do ICMS na conta de luz deixa d\u00favidas no setor"},"content":{"rendered":"\n<p class=\"has-text-align-right\"><strong>Marisa Wanzeller e Geraldo Campos Jr., da Ag\u00eancia iNFRA<\/strong><\/p>\n\n\n\n<p>A decis\u00e3o desta quinta-feira (14) do STF (Supremo Tribunal Federal) sobre a devolu\u00e7\u00e3o do ICMS cobrado por distribuidoras de energia na conta de luz sobre o PIS\/Cofins deixou d\u00favidas no setor el\u00e9trico. Para os especialistas consultados, est\u00e1 incerto como ocorrer\u00e1 a aplica\u00e7\u00e3o do marco inicial para a contagem do prazo fixado para consumidores poderem reaver valores cobrados, disseram fontes.<br><br>O STF fixou dez anos para a prescri\u00e7\u00e3o, decis\u00e3o aprovada por nove dos onze ministros da corte. No entanto, o marco inicial da contagem que prevaleceu, por cinco votos a quatro, foi \u201ca partir da data da efetiva restitui\u00e7\u00e3o do ind\u00e9bito \u00e0s distribuidoras ou da homologa\u00e7\u00e3o definitiva da compensa\u00e7\u00e3o por elas realizadas&#8221;. A tese \u00e9 do presidente da corte, ministro Lu\u00eds Roberto Barroso, que afirmou que significava contar \u201ca partir de quando entrou no caixa da empresa o proveito que n\u00e3o caberia a ela reter\u201d.<br><br>H\u00e1 pelo menos duas interpreta\u00e7\u00f5es sobre a aplica\u00e7\u00e3o do marco: se a prescri\u00e7\u00e3o ocorrer\u00e1 contados at\u00e9 10 anos antes da publica\u00e7\u00e3o da\u00a0<a href=\"https:\/\/agenciainfra.us14.list-manage.com\/track\/click?u=d460dd1bcf9ba0ae040e1fc0f&amp;id=24d8e89172&amp;e=c099169394\" target=\"_blank\" rel=\"noreferrer noopener\">Lei 14.385\/2022<\/a>, ou seja, at\u00e9 2012; ou se contar\u00e1 a partir da cobran\u00e7a \u201cindevida\u201d do tributo, que teria come\u00e7ado em meados de 2018, em diante.\u00a0<br><br>Com isso, diferentes especialistas apostam que as partes \u2013 Abradee (Associa\u00e7\u00e3o Brasileira de Distribuidores de Energia) ou a Uni\u00e3o \u2013 devem entrar com embargos de declara\u00e7\u00e3o para que a Corte possa esclarecer a quest\u00e3o. Tudo depender\u00e1 da reda\u00e7\u00e3o final que ser\u00e1 dada pelo STF, o que n\u00e3o tem prazo para sair, mas, segundo fontes, pode levar de 15 a 30 dias.<br><br>A Abradee questionava no Supremo a constitucionalidade da lei, que permitiu que a ANEEL (Ag\u00eancia Nacional de Energia El\u00e9trica) operacionalizasse o ressarcimento dos valores recolhidos pelas distribuidoras ap\u00f3s decis\u00e3o de 2017 do STF que excluiu o ICMS da base de c\u00e1lculo do PIS\/Cofins. Os onze ministros da corte reconheceram a legalidade da legisla\u00e7\u00e3o.<br><br>As distribuidoras preferiam o prazo de cinco anos para devolu\u00e7\u00e3o, tese que s\u00f3 foi acolhida por dois dos ministros do STF. Isso porque dez anos representa um volume maior de recursos que precisar\u00e1 ser devolvido. No entanto, o setor j\u00e1 dava como certo que o entendimento do prazo maior venceria, mas havia d\u00favida sobre a partir de quando.<br><br><strong>Implica\u00e7\u00f5es do marco inicial<\/strong><br>As duas interpreta\u00e7\u00f5es sobre o marco inicial de contagem do prazo teriam impactos diferentes para o segmento de distribui\u00e7\u00e3o. Fontes explicaram que caso sejam contados dez anos antes, os valores que porventura tenham sido recolhidos antes de 2012 ficariam com as distribuidoras, sem obriga\u00e7\u00e3o de devolu\u00e7\u00e3o.<br><br>No segundo cen\u00e1rio, de serem contabilizados os dez anos para a frente, estaria garantido o direito a devolu\u00e7\u00e3o at\u00e9 cerca de 2028, avaliam advogados a par do assunto. Quem defende essa tese justifica o uso do \u201ca partir de\u201d, o que sinalizaria para a frente. Por outro lado, h\u00e1 quem afirme que por se tratar de um prazo de prescri\u00e7\u00e3o, o correto seria a contagem para tr\u00e1s.<br><br>Uma fala do ministro Cristiano Zanin no final da sess\u00e3o contribuiu para os questionamentos. Ele relatou que a AGU (Advocacia Geral da Uni\u00e3o) e a ANEEL informaram ao tribunal que alguns consumidores j\u00e1 teriam sido ressarcidos \u201cpara al\u00e9m do prazo prescricional&#8221;. \u201cEnt\u00e3o, nesse caso, eu acho que n\u00f3s devemos determinar que n\u00e3o houvesse repeti\u00e7\u00e3o daqueles que receberam devolu\u00e7\u00e3o de boa-f\u00e9\u201d, afirmou. A ideia foi acolhida pelos demais ministros no voto final.<br><br>A d\u00favida que paira \u00e9 se o dispositivo impede que as distribuidoras recolham valores que porventura tenham sido devolvidos a mais aos consumidores nas contas, al\u00e9m do marco inicial, o que poderia levar a um aumento nas tarifas.<br><br><strong>Mercado<\/strong><br>Segundo fontes, h\u00e1 uma avalia\u00e7\u00e3o no mercado de que a decis\u00e3o foi positiva para as distribuidoras. Os reflexos podem ser vistos, por exemplo, nas a\u00e7\u00f5es da Light, uma das companhias mais interessadas na decis\u00e3o.<br><br>As a\u00e7\u00f5es ca\u00edram de R$ 7 \u00e0s 15h30 para R$ 5,87 \u00e0s 16h15, quando o tribunal formou maioria para o prazo de dez anos de prescri\u00e7\u00e3o para consumidores poderem reaver valores. Depois, os pap\u00e9is voltaram a subir, fechando o dia com uma alta de 6,22%.\u00a0<br><br>Al\u00e9m da Light, Enel Rio, Cemig e Copel est\u00e3o entre aquelas que podem ser mais\u00a0<a href=\"https:\/\/agenciainfra.us14.list-manage.com\/track\/click?u=d460dd1bcf9ba0ae040e1fc0f&amp;id=8cd37b3c11&amp;e=c099169394\" target=\"_blank\" rel=\"noreferrer noopener\">impactadas pela decis\u00e3o da corte<\/a>, com valores bilion\u00e1rios, segundo fontes.\u00a0<\/p>\n","protected":false},"excerpt":{"rendered":"<p>Marisa Wanzeller e Geraldo Campos Jr., da Ag\u00eancia iNFRA A decis\u00e3o desta quinta-feira (14) do STF (Supremo Tribunal Federal) sobre a devolu\u00e7\u00e3o do ICMS cobrado por distribuidoras de energia na conta de luz sobre o PIS\/Cofins deixou d\u00favidas no setor el\u00e9trico. Para os especialistas consultados, est\u00e1 incerto como ocorrer\u00e1 a aplica\u00e7\u00e3o do marco inicial para [&hellip;]<\/p>\n","protected":false},"author":1,"featured_media":26292,"comment_status":"closed","ping_status":"closed","sticky":false,"template":"","format":"standard","meta":{"_monsterinsights_skip_tracking":false,"_monsterinsights_sitenote_active":false,"_monsterinsights_sitenote_note":"","_monsterinsights_sitenote_category":0,"footnotes":""},"categories":[1,10],"tags":[494,302,122,534,7401,7090,11594,1521,1867,9815,7366,54,372],"class_list":["post-26291","post","type-post","status-publish","format-standard","has-post-thumbnail","hentry","category-geral","category-infraenergia","tag-abradee","tag-cemig","tag-conta-de-luz","tag-copel","tag-cristiano-zanin","tag-enel-rio","tag-geraldo-campos-jr","tag-icms","tag-light","tag-luis-roberto-barroso","tag-marisa-wanzeller","tag-setor-eletrico","tag-stf"],"yoast_head":"<!-- This site is optimized with the Yoast SEO Premium plugin v25.4 (Yoast SEO v26.0) - https:\/\/yoast.com\/wordpress\/plugins\/seo\/ -->\n<title>Decis\u00e3o sobre devolu\u00e7\u00e3o do ICMS na conta de luz deixa d\u00favidas no setor - Ag\u00eancia iNFRA<\/title>\n<meta name=\"robots\" content=\"index, follow, max-snippet:-1, max-image-preview:large, max-video-preview:-1\" \/>\n<link rel=\"canonical\" href=\"https:\/\/agenciainfra.com\/blog\/decisao-sobre-devolucao-do-icms-na-conta-de-luz-deixa-duvidas-no-setor\/\" \/>\n<meta property=\"og:locale\" content=\"pt_BR\" \/>\n<meta property=\"og:type\" content=\"article\" \/>\n<meta property=\"og:title\" content=\"Decis\u00e3o sobre devolu\u00e7\u00e3o do ICMS na conta de luz deixa d\u00favidas no setor\" \/>\n<meta property=\"og:description\" content=\"Marisa Wanzeller e Geraldo Campos Jr., da Ag\u00eancia iNFRA A decis\u00e3o desta quinta-feira (14) do STF (Supremo Tribunal Federal) sobre a devolu\u00e7\u00e3o do ICMS cobrado por distribuidoras de energia na conta de luz sobre o PIS\/Cofins deixou d\u00favidas no setor el\u00e9trico. Para os especialistas consultados, est\u00e1 incerto como ocorrer\u00e1 a aplica\u00e7\u00e3o do marco inicial para [&hellip;]\" \/>\n<meta property=\"og:url\" content=\"https:\/\/agenciainfra.com\/blog\/decisao-sobre-devolucao-do-icms-na-conta-de-luz-deixa-duvidas-no-setor\/\" \/>\n<meta property=\"og:site_name\" content=\"Ag\u00eancia iNFRA\" \/>\n<meta property=\"article:publisher\" content=\"https:\/\/www.facebook.com\/ageninfra\" \/>\n<meta property=\"article:published_time\" content=\"2025-08-15T13:00:00+00:00\" \/>\n<meta property=\"article:modified_time\" content=\"2025-08-18T14:42:16+00:00\" \/>\n<meta property=\"og:image\" content=\"https:\/\/agenciainfra.com\/blog\/wp-content\/uploads\/2025\/08\/stf-supremo-tribunal-federal-foto-gustavo-moreno-stf.jpg\" \/>\n\t<meta property=\"og:image:width\" content=\"1280\" \/>\n\t<meta property=\"og:image:height\" content=\"854\" \/>\n\t<meta property=\"og:image:type\" content=\"image\/jpeg\" \/>\n<meta name=\"author\" content=\"Ag\u00eancia iNFRA\" \/>\n<meta name=\"twitter:card\" content=\"summary_large_image\" \/>\n<meta name=\"twitter:creator\" content=\"@agencia_infra\" \/>\n<meta name=\"twitter:site\" content=\"@agencia_infra\" \/>\n<meta name=\"twitter:label1\" content=\"Escrito por\" \/>\n\t<meta name=\"twitter:data1\" content=\"Ag\u00eancia iNFRA\" \/>\n\t<meta name=\"twitter:label2\" content=\"Est. tempo de leitura\" \/>\n\t<meta name=\"twitter:data2\" content=\"4 minutos\" \/>\n<script type=\"application\/ld+json\" class=\"yoast-schema-graph\">{\"@context\":\"https:\/\/schema.org\",\"@graph\":[{\"@type\":\"Article\",\"@id\":\"https:\/\/agenciainfra.com\/blog\/decisao-sobre-devolucao-do-icms-na-conta-de-luz-deixa-duvidas-no-setor\/#article\",\"isPartOf\":{\"@id\":\"https:\/\/agenciainfra.com\/blog\/decisao-sobre-devolucao-do-icms-na-conta-de-luz-deixa-duvidas-no-setor\/\"},\"author\":{\"name\":\"Ag\u00eancia iNFRA\",\"@id\":\"https:\/\/agenciainfra.com\/blog\/#\/schema\/person\/34af08dff6adea4cb22b06612ba7acfa\"},\"headline\":\"Decis\u00e3o sobre devolu\u00e7\u00e3o do ICMS na conta de luz deixa d\u00favidas no setor\",\"datePublished\":\"2025-08-15T13:00:00+00:00\",\"dateModified\":\"2025-08-18T14:42:16+00:00\",\"mainEntityOfPage\":{\"@id\":\"https:\/\/agenciainfra.com\/blog\/decisao-sobre-devolucao-do-icms-na-conta-de-luz-deixa-duvidas-no-setor\/\"},\"wordCount\":769,\"publisher\":{\"@id\":\"https:\/\/agenciainfra.com\/blog\/#organization\"},\"image\":{\"@id\":\"https:\/\/agenciainfra.com\/blog\/decisao-sobre-devolucao-do-icms-na-conta-de-luz-deixa-duvidas-no-setor\/#primaryimage\"},\"thumbnailUrl\":\"https:\/\/agenciainfra.com\/blog\/wp-content\/uploads\/2025\/08\/stf-supremo-tribunal-federal-foto-gustavo-moreno-stf.jpg\",\"keywords\":[\"Abradee\",\"CEMIG\",\"Conta de Luz\",\"Copel\",\"Cristiano Zanin\",\"Enel Rio\",\"Geraldo Campos Jr.\",\"ICMS\",\"Light\",\"Lu\u00eds Roberto Barroso\",\"Marisa Wanzeller\",\"Setor El\u00e9trico\",\"STF\"],\"articleSection\":[\"Geral\",\"iNFRAEnergia\"],\"inLanguage\":\"pt-BR\",\"copyrightYear\":\"2025\",\"copyrightHolder\":{\"@id\":\"https:\/\/agenciainfra.com\/blog\/#organization\"}},{\"@type\":\"WebPage\",\"@id\":\"https:\/\/agenciainfra.com\/blog\/decisao-sobre-devolucao-do-icms-na-conta-de-luz-deixa-duvidas-no-setor\/\",\"url\":\"https:\/\/agenciainfra.com\/blog\/decisao-sobre-devolucao-do-icms-na-conta-de-luz-deixa-duvidas-no-setor\/\",\"name\":\"Decis\u00e3o sobre devolu\u00e7\u00e3o do ICMS na conta de luz deixa d\u00favidas no setor - Ag\u00eancia iNFRA\",\"isPartOf\":{\"@id\":\"https:\/\/agenciainfra.com\/blog\/#website\"},\"primaryImageOfPage\":{\"@id\":\"https:\/\/agenciainfra.com\/blog\/decisao-sobre-devolucao-do-icms-na-conta-de-luz-deixa-duvidas-no-setor\/#primaryimage\"},\"image\":{\"@id\":\"https:\/\/agenciainfra.com\/blog\/decisao-sobre-devolucao-do-icms-na-conta-de-luz-deixa-duvidas-no-setor\/#primaryimage\"},\"thumbnailUrl\":\"https:\/\/agenciainfra.com\/blog\/wp-content\/uploads\/2025\/08\/stf-supremo-tribunal-federal-foto-gustavo-moreno-stf.jpg\",\"datePublished\":\"2025-08-15T13:00:00+00:00\",\"dateModified\":\"2025-08-18T14:42:16+00:00\",\"breadcrumb\":{\"@id\":\"https:\/\/agenciainfra.com\/blog\/decisao-sobre-devolucao-do-icms-na-conta-de-luz-deixa-duvidas-no-setor\/#breadcrumb\"},\"inLanguage\":\"pt-BR\",\"potentialAction\":[{\"@type\":\"ReadAction\",\"target\":[\"https:\/\/agenciainfra.com\/blog\/decisao-sobre-devolucao-do-icms-na-conta-de-luz-deixa-duvidas-no-setor\/\"]}]},{\"@type\":\"ImageObject\",\"inLanguage\":\"pt-BR\",\"@id\":\"https:\/\/agenciainfra.com\/blog\/decisao-sobre-devolucao-do-icms-na-conta-de-luz-deixa-duvidas-no-setor\/#primaryimage\",\"url\":\"https:\/\/agenciainfra.com\/blog\/wp-content\/uploads\/2025\/08\/stf-supremo-tribunal-federal-foto-gustavo-moreno-stf.jpg\",\"contentUrl\":\"https:\/\/agenciainfra.com\/blog\/wp-content\/uploads\/2025\/08\/stf-supremo-tribunal-federal-foto-gustavo-moreno-stf.jpg\",\"width\":1280,\"height\":854,\"caption\":\"Foto: Gustavo Moreno\/STF\"},{\"@type\":\"BreadcrumbList\",\"@id\":\"https:\/\/agenciainfra.com\/blog\/decisao-sobre-devolucao-do-icms-na-conta-de-luz-deixa-duvidas-no-setor\/#breadcrumb\",\"itemListElement\":[{\"@type\":\"ListItem\",\"position\":1,\"name\":\"In\u00edcio\",\"item\":\"https:\/\/agenciainfra.com\/blog\/\"},{\"@type\":\"ListItem\",\"position\":2,\"name\":\"Decis\u00e3o sobre devolu\u00e7\u00e3o do ICMS na conta de luz deixa d\u00favidas no setor\"}]},{\"@type\":\"WebSite\",\"@id\":\"https:\/\/agenciainfra.com\/blog\/#website\",\"url\":\"https:\/\/agenciainfra.com\/blog\/\",\"name\":\"Ag\u00eancia iNFRA\",\"description\":\"Multiplataforma de informa\u00e7\u00e3o jornal\u00edstica refer\u00eancia na \u00e1rea de infraestrutura no Brasil!\",\"publisher\":{\"@id\":\"https:\/\/agenciainfra.com\/blog\/#organization\"},\"potentialAction\":[{\"@type\":\"SearchAction\",\"target\":{\"@type\":\"EntryPoint\",\"urlTemplate\":\"https:\/\/agenciainfra.com\/blog\/?s={search_term_string}\"},\"query-input\":{\"@type\":\"PropertyValueSpecification\",\"valueRequired\":true,\"valueName\":\"search_term_string\"}}],\"inLanguage\":\"pt-BR\"},{\"@type\":\"Organization\",\"@id\":\"https:\/\/agenciainfra.com\/blog\/#organization\",\"name\":\"Ag\u00eancia iNFRA\",\"url\":\"https:\/\/agenciainfra.com\/blog\/\",\"logo\":{\"@type\":\"ImageObject\",\"inLanguage\":\"pt-BR\",\"@id\":\"https:\/\/agenciainfra.com\/blog\/#\/schema\/logo\/image\/\",\"url\":\"https:\/\/agenciainfra.com\/blog\/wp-content\/uploads\/2023\/09\/iNFRA_5-e1761735885940.png\",\"contentUrl\":\"https:\/\/agenciainfra.com\/blog\/wp-content\/uploads\/2023\/09\/iNFRA_5-e1761735885940.png\",\"width\":1672,\"height\":454,\"caption\":\"Ag\u00eancia iNFRA\"},\"image\":{\"@id\":\"https:\/\/agenciainfra.com\/blog\/#\/schema\/logo\/image\/\"},\"sameAs\":[\"https:\/\/www.facebook.com\/ageninfra\",\"https:\/\/x.com\/agencia_infra\",\"https:\/\/www.linkedin.com\/company\/ag\u00eanciainfra\/\",\"https:\/\/www.instagram.com\/agenciainfra\/\"]},{\"@type\":\"Person\",\"@id\":\"https:\/\/agenciainfra.com\/blog\/#\/schema\/person\/34af08dff6adea4cb22b06612ba7acfa\",\"name\":\"Ag\u00eancia iNFRA\",\"image\":{\"@type\":\"ImageObject\",\"inLanguage\":\"pt-BR\",\"@id\":\"https:\/\/agenciainfra.com\/blog\/#\/schema\/person\/image\/\",\"url\":\"https:\/\/secure.gravatar.com\/avatar\/d189e01678f06d8eb84d4e01f08eb848b3fffe3f8443818d3c356c66892f5be8?s=96&d=mm&r=g\",\"contentUrl\":\"https:\/\/secure.gravatar.com\/avatar\/d189e01678f06d8eb84d4e01f08eb848b3fffe3f8443818d3c356c66892f5be8?s=96&d=mm&r=g\",\"caption\":\"Ag\u00eancia iNFRA\"},\"url\":\"https:\/\/agenciainfra.com\/blog\/author\/admin\/\"}]}<\/script>\n<!-- \/ Yoast SEO Premium plugin. -->","yoast_head_json":{"title":"Decis\u00e3o sobre devolu\u00e7\u00e3o do ICMS na conta de luz deixa d\u00favidas no setor - Ag\u00eancia iNFRA","robots":{"index":"index","follow":"follow","max-snippet":"max-snippet:-1","max-image-preview":"max-image-preview:large","max-video-preview":"max-video-preview:-1"},"canonical":"https:\/\/agenciainfra.com\/blog\/decisao-sobre-devolucao-do-icms-na-conta-de-luz-deixa-duvidas-no-setor\/","og_locale":"pt_BR","og_type":"article","og_title":"Decis\u00e3o sobre devolu\u00e7\u00e3o do ICMS na conta de luz deixa d\u00favidas no setor","og_description":"Marisa Wanzeller e Geraldo Campos Jr., da Ag\u00eancia iNFRA A decis\u00e3o desta quinta-feira (14) do STF (Supremo Tribunal Federal) sobre a devolu\u00e7\u00e3o do ICMS cobrado por distribuidoras de energia na conta de luz sobre o PIS\/Cofins deixou d\u00favidas no setor el\u00e9trico. Para os especialistas consultados, est\u00e1 incerto como ocorrer\u00e1 a aplica\u00e7\u00e3o do marco inicial para [&hellip;]","og_url":"https:\/\/agenciainfra.com\/blog\/decisao-sobre-devolucao-do-icms-na-conta-de-luz-deixa-duvidas-no-setor\/","og_site_name":"Ag\u00eancia iNFRA","article_publisher":"https:\/\/www.facebook.com\/ageninfra","article_published_time":"2025-08-15T13:00:00+00:00","article_modified_time":"2025-08-18T14:42:16+00:00","og_image":[{"width":1280,"height":854,"url":"https:\/\/agenciainfra.com\/blog\/wp-content\/uploads\/2025\/08\/stf-supremo-tribunal-federal-foto-gustavo-moreno-stf.jpg","type":"image\/jpeg"}],"author":"Ag\u00eancia iNFRA","twitter_card":"summary_large_image","twitter_creator":"@agencia_infra","twitter_site":"@agencia_infra","twitter_misc":{"Escrito por":"Ag\u00eancia iNFRA","Est. tempo de leitura":"4 minutos"},"schema":{"@context":"https:\/\/schema.org","@graph":[{"@type":"Article","@id":"https:\/\/agenciainfra.com\/blog\/decisao-sobre-devolucao-do-icms-na-conta-de-luz-deixa-duvidas-no-setor\/#article","isPartOf":{"@id":"https:\/\/agenciainfra.com\/blog\/decisao-sobre-devolucao-do-icms-na-conta-de-luz-deixa-duvidas-no-setor\/"},"author":{"name":"Ag\u00eancia iNFRA","@id":"https:\/\/agenciainfra.com\/blog\/#\/schema\/person\/34af08dff6adea4cb22b06612ba7acfa"},"headline":"Decis\u00e3o sobre devolu\u00e7\u00e3o do ICMS na conta de luz deixa d\u00favidas no setor","datePublished":"2025-08-15T13:00:00+00:00","dateModified":"2025-08-18T14:42:16+00:00","mainEntityOfPage":{"@id":"https:\/\/agenciainfra.com\/blog\/decisao-sobre-devolucao-do-icms-na-conta-de-luz-deixa-duvidas-no-setor\/"},"wordCount":769,"publisher":{"@id":"https:\/\/agenciainfra.com\/blog\/#organization"},"image":{"@id":"https:\/\/agenciainfra.com\/blog\/decisao-sobre-devolucao-do-icms-na-conta-de-luz-deixa-duvidas-no-setor\/#primaryimage"},"thumbnailUrl":"https:\/\/agenciainfra.com\/blog\/wp-content\/uploads\/2025\/08\/stf-supremo-tribunal-federal-foto-gustavo-moreno-stf.jpg","keywords":["Abradee","CEMIG","Conta de Luz","Copel","Cristiano Zanin","Enel Rio","Geraldo Campos Jr.","ICMS","Light","Lu\u00eds Roberto Barroso","Marisa Wanzeller","Setor El\u00e9trico","STF"],"articleSection":["Geral","iNFRAEnergia"],"inLanguage":"pt-BR","copyrightYear":"2025","copyrightHolder":{"@id":"https:\/\/agenciainfra.com\/blog\/#organization"}},{"@type":"WebPage","@id":"https:\/\/agenciainfra.com\/blog\/decisao-sobre-devolucao-do-icms-na-conta-de-luz-deixa-duvidas-no-setor\/","url":"https:\/\/agenciainfra.com\/blog\/decisao-sobre-devolucao-do-icms-na-conta-de-luz-deixa-duvidas-no-setor\/","name":"Decis\u00e3o sobre devolu\u00e7\u00e3o do ICMS na conta de luz deixa d\u00favidas no setor - Ag\u00eancia iNFRA","isPartOf":{"@id":"https:\/\/agenciainfra.com\/blog\/#website"},"primaryImageOfPage":{"@id":"https:\/\/agenciainfra.com\/blog\/decisao-sobre-devolucao-do-icms-na-conta-de-luz-deixa-duvidas-no-setor\/#primaryimage"},"image":{"@id":"https:\/\/agenciainfra.com\/blog\/decisao-sobre-devolucao-do-icms-na-conta-de-luz-deixa-duvidas-no-setor\/#primaryimage"},"thumbnailUrl":"https:\/\/agenciainfra.com\/blog\/wp-content\/uploads\/2025\/08\/stf-supremo-tribunal-federal-foto-gustavo-moreno-stf.jpg","datePublished":"2025-08-15T13:00:00+00:00","dateModified":"2025-08-18T14:42:16+00:00","breadcrumb":{"@id":"https:\/\/agenciainfra.com\/blog\/decisao-sobre-devolucao-do-icms-na-conta-de-luz-deixa-duvidas-no-setor\/#breadcrumb"},"inLanguage":"pt-BR","potentialAction":[{"@type":"ReadAction","target":["https:\/\/agenciainfra.com\/blog\/decisao-sobre-devolucao-do-icms-na-conta-de-luz-deixa-duvidas-no-setor\/"]}]},{"@type":"ImageObject","inLanguage":"pt-BR","@id":"https:\/\/agenciainfra.com\/blog\/decisao-sobre-devolucao-do-icms-na-conta-de-luz-deixa-duvidas-no-setor\/#primaryimage","url":"https:\/\/agenciainfra.com\/blog\/wp-content\/uploads\/2025\/08\/stf-supremo-tribunal-federal-foto-gustavo-moreno-stf.jpg","contentUrl":"https:\/\/agenciainfra.com\/blog\/wp-content\/uploads\/2025\/08\/stf-supremo-tribunal-federal-foto-gustavo-moreno-stf.jpg","width":1280,"height":854,"caption":"Foto: Gustavo Moreno\/STF"},{"@type":"BreadcrumbList","@id":"https:\/\/agenciainfra.com\/blog\/decisao-sobre-devolucao-do-icms-na-conta-de-luz-deixa-duvidas-no-setor\/#breadcrumb","itemListElement":[{"@type":"ListItem","position":1,"name":"In\u00edcio","item":"https:\/\/agenciainfra.com\/blog\/"},{"@type":"ListItem","position":2,"name":"Decis\u00e3o sobre devolu\u00e7\u00e3o do ICMS na conta de luz deixa d\u00favidas no setor"}]},{"@type":"WebSite","@id":"https:\/\/agenciainfra.com\/blog\/#website","url":"https:\/\/agenciainfra.com\/blog\/","name":"Ag\u00eancia iNFRA","description":"Multiplataforma de informa\u00e7\u00e3o jornal\u00edstica refer\u00eancia na \u00e1rea de infraestrutura no Brasil!","publisher":{"@id":"https:\/\/agenciainfra.com\/blog\/#organization"},"potentialAction":[{"@type":"SearchAction","target":{"@type":"EntryPoint","urlTemplate":"https:\/\/agenciainfra.com\/blog\/?s={search_term_string}"},"query-input":{"@type":"PropertyValueSpecification","valueRequired":true,"valueName":"search_term_string"}}],"inLanguage":"pt-BR"},{"@type":"Organization","@id":"https:\/\/agenciainfra.com\/blog\/#organization","name":"Ag\u00eancia iNFRA","url":"https:\/\/agenciainfra.com\/blog\/","logo":{"@type":"ImageObject","inLanguage":"pt-BR","@id":"https:\/\/agenciainfra.com\/blog\/#\/schema\/logo\/image\/","url":"https:\/\/agenciainfra.com\/blog\/wp-content\/uploads\/2023\/09\/iNFRA_5-e1761735885940.png","contentUrl":"https:\/\/agenciainfra.com\/blog\/wp-content\/uploads\/2023\/09\/iNFRA_5-e1761735885940.png","width":1672,"height":454,"caption":"Ag\u00eancia iNFRA"},"image":{"@id":"https:\/\/agenciainfra.com\/blog\/#\/schema\/logo\/image\/"},"sameAs":["https:\/\/www.facebook.com\/ageninfra","https:\/\/x.com\/agencia_infra","https:\/\/www.linkedin.com\/company\/ag\u00eanciainfra\/","https:\/\/www.instagram.com\/agenciainfra\/"]},{"@type":"Person","@id":"https:\/\/agenciainfra.com\/blog\/#\/schema\/person\/34af08dff6adea4cb22b06612ba7acfa","name":"Ag\u00eancia iNFRA","image":{"@type":"ImageObject","inLanguage":"pt-BR","@id":"https:\/\/agenciainfra.com\/blog\/#\/schema\/person\/image\/","url":"https:\/\/secure.gravatar.com\/avatar\/d189e01678f06d8eb84d4e01f08eb848b3fffe3f8443818d3c356c66892f5be8?s=96&d=mm&r=g","contentUrl":"https:\/\/secure.gravatar.com\/avatar\/d189e01678f06d8eb84d4e01f08eb848b3fffe3f8443818d3c356c66892f5be8?s=96&d=mm&r=g","caption":"Ag\u00eancia iNFRA"},"url":"https:\/\/agenciainfra.com\/blog\/author\/admin\/"}]}},"_links":{"self":[{"href":"https:\/\/agenciainfra.com\/blog\/wp-json\/wp\/v2\/posts\/26291","targetHints":{"allow":["GET"]}}],"collection":[{"href":"https:\/\/agenciainfra.com\/blog\/wp-json\/wp\/v2\/posts"}],"about":[{"href":"https:\/\/agenciainfra.com\/blog\/wp-json\/wp\/v2\/types\/post"}],"author":[{"embeddable":true,"href":"https:\/\/agenciainfra.com\/blog\/wp-json\/wp\/v2\/users\/1"}],"replies":[{"embeddable":true,"href":"https:\/\/agenciainfra.com\/blog\/wp-json\/wp\/v2\/comments?post=26291"}],"version-history":[{"count":1,"href":"https:\/\/agenciainfra.com\/blog\/wp-json\/wp\/v2\/posts\/26291\/revisions"}],"predecessor-version":[{"id":26293,"href":"https:\/\/agenciainfra.com\/blog\/wp-json\/wp\/v2\/posts\/26291\/revisions\/26293"}],"wp:featuredmedia":[{"embeddable":true,"href":"https:\/\/agenciainfra.com\/blog\/wp-json\/wp\/v2\/media\/26292"}],"wp:attachment":[{"href":"https:\/\/agenciainfra.com\/blog\/wp-json\/wp\/v2\/media?parent=26291"}],"wp:term":[{"taxonomy":"category","embeddable":true,"href":"https:\/\/agenciainfra.com\/blog\/wp-json\/wp\/v2\/categories?post=26291"},{"taxonomy":"post_tag","embeddable":true,"href":"https:\/\/agenciainfra.com\/blog\/wp-json\/wp\/v2\/tags?post=26291"}],"curies":[{"name":"wp","href":"https:\/\/api.w.org\/{rel}","templated":true}]}}