{"id":26300,"date":"2025-08-15T11:30:24","date_gmt":"2025-08-15T14:30:24","guid":{"rendered":"https:\/\/agenciainfra.com\/blog\/?p=26300"},"modified":"2025-08-15T11:30:42","modified_gmt":"2025-08-15T14:30:42","slug":"eletrobras-coloca-hidreletrica-em-alerta-e-reduz-nivel-de-reservatorio","status":"publish","type":"post","link":"https:\/\/agenciainfra.com\/blog\/eletrobras-coloca-hidreletrica-em-alerta-e-reduz-nivel-de-reservatorio\/","title":{"rendered":"Eletrobras coloca hidrel\u00e9trica em alerta e reduz n\u00edvel de reservat\u00f3rio"},"content":{"rendered":"\n<p class=\"has-text-align-right\"><strong>da Ag\u00eancia iNFRA<\/strong><\/p>\n\n\n\n<p>A Eletrobras <a href=\"https:\/\/www.rad.cvm.gov.br\/ENET\/frmExibirArquivoIPEExterno.aspx?NumeroProtocoloEntrega=1413951\">informou<\/a>, nesta sexta-feira (15), que decidiu alterar o n\u00edvel de seguran\u00e7a da barragem da Usina Hidrel\u00e9trica de Col\u00edder, no Mato Grosso, para &#8220;alerta&#8221;, devido a recorrentes eventos relacionados a danos nos drenos do sistema da usina. A companhia tamb\u00e9m orientou a Copel, que opera a usina de forma transit\u00f3ria, a tomar as provid\u00eancias para reduzir o n\u00edvel do reservat\u00f3rio da hidrel\u00e9trica.<\/p>\n\n\n\n<p>Segundo o comunicado, um painel de especialistas externos contratado pela Eletrobras recomendou a imediata redu\u00e7\u00e3o do n\u00edvel do reservat\u00f3rio a fim de resguardar a integridade da usina, permitir uma avalia\u00e7\u00e3o mais precisa do cen\u00e1rio e definir um plano de a\u00e7\u00e3o para retomar a condi\u00e7\u00e3o da barragem no n\u00edvel &#8220;normal&#8221;.<\/p>\n\n\n\n<p>A Usina de Col\u00edder, localizada no rio Teles Pires (MT), foi adquirida pela Eletrobras em maio deste ano, por meio de uma opera\u00e7\u00e3o de troca de ativos com a Copel. Na ocasi\u00e3o, a usina estava em n\u00edvel de seguran\u00e7a de barragem de &#8220;aten\u00e7\u00e3o&#8221;. Os n\u00edveis de classifica\u00e7\u00e3o para estes casos s\u00e3o quatro: &#8220;normal&#8221;, &#8220;aten\u00e7\u00e3o&#8221;, &#8220;alerta&#8221; e \u2013\u00a0o mais cr\u00edtico \u2013\u00a0&#8220;emerg\u00eancia&#8221;.<\/p>\n","protected":false},"excerpt":{"rendered":"<p>da Ag\u00eancia iNFRA A Eletrobras informou, nesta sexta-feira (15), que decidiu alterar o n\u00edvel de seguran\u00e7a da barragem da Usina Hidrel\u00e9trica de Col\u00edder, no Mato Grosso, para &#8220;alerta&#8221;, devido a recorrentes eventos relacionados a danos nos drenos do sistema da usina. A companhia tamb\u00e9m orientou a Copel, que opera a usina de forma transit\u00f3ria, a [&hellip;]<\/p>\n","protected":false},"author":1,"featured_media":26302,"comment_status":"closed","ping_status":"closed","sticky":false,"template":"","format":"standard","meta":{"_monsterinsights_skip_tracking":false,"_monsterinsights_sitenote_active":false,"_monsterinsights_sitenote_note":"","_monsterinsights_sitenote_category":0,"footnotes":""},"categories":[1,13576],"tags":[534,50,14853,14854,4609],"class_list":["post-26300","post","type-post","status-publish","format-standard","has-post-thumbnail","hentry","category-geral","category-giro-infra","tag-copel","tag-eletrobras","tag-seguranca-da-barragem","tag-usina-de-colider","tag-usina-hidreletrica"],"yoast_head":"<!-- This site is optimized with the Yoast SEO Premium plugin v25.4 (Yoast SEO v26.0) - https:\/\/yoast.com\/wordpress\/plugins\/seo\/ -->\n<title>Eletrobras coloca hidrel\u00e9trica em alerta e reduz n\u00edvel de reservat\u00f3rio - Ag\u00eancia iNFRA<\/title>\n<meta name=\"robots\" content=\"index, follow, max-snippet:-1, max-image-preview:large, max-video-preview:-1\" \/>\n<link rel=\"canonical\" href=\"https:\/\/agenciainfra.com\/blog\/eletrobras-coloca-hidreletrica-em-alerta-e-reduz-nivel-de-reservatorio\/\" \/>\n<meta property=\"og:locale\" content=\"pt_BR\" \/>\n<meta property=\"og:type\" content=\"article\" \/>\n<meta property=\"og:title\" content=\"Eletrobras coloca hidrel\u00e9trica em alerta e reduz n\u00edvel de reservat\u00f3rio\" \/>\n<meta property=\"og:description\" content=\"da Ag\u00eancia iNFRA A Eletrobras informou, nesta sexta-feira (15), que decidiu alterar o n\u00edvel de seguran\u00e7a da barragem da Usina Hidrel\u00e9trica de Col\u00edder, no Mato Grosso, para &#8220;alerta&#8221;, devido a recorrentes eventos relacionados a danos nos drenos do sistema da usina. A companhia tamb\u00e9m orientou a Copel, que opera a usina de forma transit\u00f3ria, a [&hellip;]\" \/>\n<meta property=\"og:url\" content=\"https:\/\/agenciainfra.com\/blog\/eletrobras-coloca-hidreletrica-em-alerta-e-reduz-nivel-de-reservatorio\/\" \/>\n<meta property=\"og:site_name\" content=\"Ag\u00eancia iNFRA\" \/>\n<meta property=\"article:publisher\" content=\"https:\/\/www.facebook.com\/ageninfra\" \/>\n<meta property=\"article:published_time\" content=\"2025-08-15T14:30:24+00:00\" \/>\n<meta property=\"article:modified_time\" content=\"2025-08-15T14:30:42+00:00\" \/>\n<meta property=\"og:image\" content=\"https:\/\/agenciainfra.com\/blog\/wp-content\/uploads\/2025\/08\/usina-hidreletrica-colider-foto-copel.jpg\" \/>\n\t<meta property=\"og:image:width\" content=\"1280\" \/>\n\t<meta property=\"og:image:height\" content=\"853\" \/>\n\t<meta property=\"og:image:type\" content=\"image\/jpeg\" \/>\n<meta name=\"author\" content=\"Ag\u00eancia iNFRA\" \/>\n<meta name=\"twitter:card\" content=\"summary_large_image\" \/>\n<meta name=\"twitter:creator\" content=\"@agencia_infra\" \/>\n<meta name=\"twitter:site\" content=\"@agencia_infra\" \/>\n<meta name=\"twitter:label1\" content=\"Escrito por\" \/>\n\t<meta name=\"twitter:data1\" content=\"Ag\u00eancia iNFRA\" \/>\n\t<meta name=\"twitter:label2\" content=\"Est. tempo de leitura\" \/>\n\t<meta name=\"twitter:data2\" content=\"1 minuto\" \/>\n<script type=\"application\/ld+json\" class=\"yoast-schema-graph\">{\"@context\":\"https:\/\/schema.org\",\"@graph\":[{\"@type\":\"Article\",\"@id\":\"https:\/\/agenciainfra.com\/blog\/eletrobras-coloca-hidreletrica-em-alerta-e-reduz-nivel-de-reservatorio\/#article\",\"isPartOf\":{\"@id\":\"https:\/\/agenciainfra.com\/blog\/eletrobras-coloca-hidreletrica-em-alerta-e-reduz-nivel-de-reservatorio\/\"},\"author\":{\"name\":\"Ag\u00eancia iNFRA\",\"@id\":\"https:\/\/agenciainfra.com\/blog\/#\/schema\/person\/34af08dff6adea4cb22b06612ba7acfa\"},\"headline\":\"Eletrobras coloca hidrel\u00e9trica em alerta e reduz n\u00edvel de reservat\u00f3rio\",\"datePublished\":\"2025-08-15T14:30:24+00:00\",\"dateModified\":\"2025-08-15T14:30:42+00:00\",\"mainEntityOfPage\":{\"@id\":\"https:\/\/agenciainfra.com\/blog\/eletrobras-coloca-hidreletrica-em-alerta-e-reduz-nivel-de-reservatorio\/\"},\"wordCount\":218,\"publisher\":{\"@id\":\"https:\/\/agenciainfra.com\/blog\/#organization\"},\"image\":{\"@id\":\"https:\/\/agenciainfra.com\/blog\/eletrobras-coloca-hidreletrica-em-alerta-e-reduz-nivel-de-reservatorio\/#primaryimage\"},\"thumbnailUrl\":\"https:\/\/agenciainfra.com\/blog\/wp-content\/uploads\/2025\/08\/usina-hidreletrica-colider-foto-copel.jpg\",\"keywords\":[\"Copel\",\"Eletrobras\",\"seguran\u00e7a da barragem\",\"Usina de Col\u00edder\",\"usina hidrel\u00e9trica\"],\"articleSection\":[\"Geral\",\"Giro iNFRA\"],\"inLanguage\":\"pt-BR\",\"copyrightYear\":\"2025\",\"copyrightHolder\":{\"@id\":\"https:\/\/agenciainfra.com\/blog\/#organization\"}},{\"@type\":\"WebPage\",\"@id\":\"https:\/\/agenciainfra.com\/blog\/eletrobras-coloca-hidreletrica-em-alerta-e-reduz-nivel-de-reservatorio\/\",\"url\":\"https:\/\/agenciainfra.com\/blog\/eletrobras-coloca-hidreletrica-em-alerta-e-reduz-nivel-de-reservatorio\/\",\"name\":\"Eletrobras coloca hidrel\u00e9trica em alerta e reduz n\u00edvel de reservat\u00f3rio - Ag\u00eancia iNFRA\",\"isPartOf\":{\"@id\":\"https:\/\/agenciainfra.com\/blog\/#website\"},\"primaryImageOfPage\":{\"@id\":\"https:\/\/agenciainfra.com\/blog\/eletrobras-coloca-hidreletrica-em-alerta-e-reduz-nivel-de-reservatorio\/#primaryimage\"},\"image\":{\"@id\":\"https:\/\/agenciainfra.com\/blog\/eletrobras-coloca-hidreletrica-em-alerta-e-reduz-nivel-de-reservatorio\/#primaryimage\"},\"thumbnailUrl\":\"https:\/\/agenciainfra.com\/blog\/wp-content\/uploads\/2025\/08\/usina-hidreletrica-colider-foto-copel.jpg\",\"datePublished\":\"2025-08-15T14:30:24+00:00\",\"dateModified\":\"2025-08-15T14:30:42+00:00\",\"breadcrumb\":{\"@id\":\"https:\/\/agenciainfra.com\/blog\/eletrobras-coloca-hidreletrica-em-alerta-e-reduz-nivel-de-reservatorio\/#breadcrumb\"},\"inLanguage\":\"pt-BR\",\"potentialAction\":[{\"@type\":\"ReadAction\",\"target\":[\"https:\/\/agenciainfra.com\/blog\/eletrobras-coloca-hidreletrica-em-alerta-e-reduz-nivel-de-reservatorio\/\"]}]},{\"@type\":\"ImageObject\",\"inLanguage\":\"pt-BR\",\"@id\":\"https:\/\/agenciainfra.com\/blog\/eletrobras-coloca-hidreletrica-em-alerta-e-reduz-nivel-de-reservatorio\/#primaryimage\",\"url\":\"https:\/\/agenciainfra.com\/blog\/wp-content\/uploads\/2025\/08\/usina-hidreletrica-colider-foto-copel.jpg\",\"contentUrl\":\"https:\/\/agenciainfra.com\/blog\/wp-content\/uploads\/2025\/08\/usina-hidreletrica-colider-foto-copel.jpg\",\"width\":1280,\"height\":853,\"caption\":\"Foto: Copel\"},{\"@type\":\"BreadcrumbList\",\"@id\":\"https:\/\/agenciainfra.com\/blog\/eletrobras-coloca-hidreletrica-em-alerta-e-reduz-nivel-de-reservatorio\/#breadcrumb\",\"itemListElement\":[{\"@type\":\"ListItem\",\"position\":1,\"name\":\"In\u00edcio\",\"item\":\"https:\/\/agenciainfra.com\/blog\/\"},{\"@type\":\"ListItem\",\"position\":2,\"name\":\"Eletrobras coloca hidrel\u00e9trica em alerta e reduz n\u00edvel de reservat\u00f3rio\"}]},{\"@type\":\"WebSite\",\"@id\":\"https:\/\/agenciainfra.com\/blog\/#website\",\"url\":\"https:\/\/agenciainfra.com\/blog\/\",\"name\":\"Ag\u00eancia iNFRA\",\"description\":\"Multiplataforma de informa\u00e7\u00e3o jornal\u00edstica refer\u00eancia na \u00e1rea de infraestrutura no Brasil!\",\"publisher\":{\"@id\":\"https:\/\/agenciainfra.com\/blog\/#organization\"},\"potentialAction\":[{\"@type\":\"SearchAction\",\"target\":{\"@type\":\"EntryPoint\",\"urlTemplate\":\"https:\/\/agenciainfra.com\/blog\/?s={search_term_string}\"},\"query-input\":{\"@type\":\"PropertyValueSpecification\",\"valueRequired\":true,\"valueName\":\"search_term_string\"}}],\"inLanguage\":\"pt-BR\"},{\"@type\":\"Organization\",\"@id\":\"https:\/\/agenciainfra.com\/blog\/#organization\",\"name\":\"Ag\u00eancia iNFRA\",\"url\":\"https:\/\/agenciainfra.com\/blog\/\",\"logo\":{\"@type\":\"ImageObject\",\"inLanguage\":\"pt-BR\",\"@id\":\"https:\/\/agenciainfra.com\/blog\/#\/schema\/logo\/image\/\",\"url\":\"https:\/\/agenciainfra.com\/blog\/wp-content\/uploads\/2023\/09\/iNFRA_5-e1761735885940.png\",\"contentUrl\":\"https:\/\/agenciainfra.com\/blog\/wp-content\/uploads\/2023\/09\/iNFRA_5-e1761735885940.png\",\"width\":1672,\"height\":454,\"caption\":\"Ag\u00eancia iNFRA\"},\"image\":{\"@id\":\"https:\/\/agenciainfra.com\/blog\/#\/schema\/logo\/image\/\"},\"sameAs\":[\"https:\/\/www.facebook.com\/ageninfra\",\"https:\/\/x.com\/agencia_infra\",\"https:\/\/www.linkedin.com\/company\/ag\u00eanciainfra\/\",\"https:\/\/www.instagram.com\/agenciainfra\/\"]},{\"@type\":\"Person\",\"@id\":\"https:\/\/agenciainfra.com\/blog\/#\/schema\/person\/34af08dff6adea4cb22b06612ba7acfa\",\"name\":\"Ag\u00eancia iNFRA\",\"image\":{\"@type\":\"ImageObject\",\"inLanguage\":\"pt-BR\",\"@id\":\"https:\/\/agenciainfra.com\/blog\/#\/schema\/person\/image\/\",\"url\":\"https:\/\/secure.gravatar.com\/avatar\/d189e01678f06d8eb84d4e01f08eb848b3fffe3f8443818d3c356c66892f5be8?s=96&d=mm&r=g\",\"contentUrl\":\"https:\/\/secure.gravatar.com\/avatar\/d189e01678f06d8eb84d4e01f08eb848b3fffe3f8443818d3c356c66892f5be8?s=96&d=mm&r=g\",\"caption\":\"Ag\u00eancia iNFRA\"},\"url\":\"https:\/\/agenciainfra.com\/blog\/author\/admin\/\"}]}<\/script>\n<!-- \/ Yoast SEO Premium plugin. -->","yoast_head_json":{"title":"Eletrobras coloca hidrel\u00e9trica em alerta e reduz n\u00edvel de reservat\u00f3rio - Ag\u00eancia iNFRA","robots":{"index":"index","follow":"follow","max-snippet":"max-snippet:-1","max-image-preview":"max-image-preview:large","max-video-preview":"max-video-preview:-1"},"canonical":"https:\/\/agenciainfra.com\/blog\/eletrobras-coloca-hidreletrica-em-alerta-e-reduz-nivel-de-reservatorio\/","og_locale":"pt_BR","og_type":"article","og_title":"Eletrobras coloca hidrel\u00e9trica em alerta e reduz n\u00edvel de reservat\u00f3rio","og_description":"da Ag\u00eancia iNFRA A Eletrobras informou, nesta sexta-feira (15), que decidiu alterar o n\u00edvel de seguran\u00e7a da barragem da Usina Hidrel\u00e9trica de Col\u00edder, no Mato Grosso, para &#8220;alerta&#8221;, devido a recorrentes eventos relacionados a danos nos drenos do sistema da usina. A companhia tamb\u00e9m orientou a Copel, que opera a usina de forma transit\u00f3ria, a [&hellip;]","og_url":"https:\/\/agenciainfra.com\/blog\/eletrobras-coloca-hidreletrica-em-alerta-e-reduz-nivel-de-reservatorio\/","og_site_name":"Ag\u00eancia iNFRA","article_publisher":"https:\/\/www.facebook.com\/ageninfra","article_published_time":"2025-08-15T14:30:24+00:00","article_modified_time":"2025-08-15T14:30:42+00:00","og_image":[{"width":1280,"height":853,"url":"https:\/\/agenciainfra.com\/blog\/wp-content\/uploads\/2025\/08\/usina-hidreletrica-colider-foto-copel.jpg","type":"image\/jpeg"}],"author":"Ag\u00eancia iNFRA","twitter_card":"summary_large_image","twitter_creator":"@agencia_infra","twitter_site":"@agencia_infra","twitter_misc":{"Escrito por":"Ag\u00eancia iNFRA","Est. tempo de leitura":"1 minuto"},"schema":{"@context":"https:\/\/schema.org","@graph":[{"@type":"Article","@id":"https:\/\/agenciainfra.com\/blog\/eletrobras-coloca-hidreletrica-em-alerta-e-reduz-nivel-de-reservatorio\/#article","isPartOf":{"@id":"https:\/\/agenciainfra.com\/blog\/eletrobras-coloca-hidreletrica-em-alerta-e-reduz-nivel-de-reservatorio\/"},"author":{"name":"Ag\u00eancia iNFRA","@id":"https:\/\/agenciainfra.com\/blog\/#\/schema\/person\/34af08dff6adea4cb22b06612ba7acfa"},"headline":"Eletrobras coloca hidrel\u00e9trica em alerta e reduz n\u00edvel de reservat\u00f3rio","datePublished":"2025-08-15T14:30:24+00:00","dateModified":"2025-08-15T14:30:42+00:00","mainEntityOfPage":{"@id":"https:\/\/agenciainfra.com\/blog\/eletrobras-coloca-hidreletrica-em-alerta-e-reduz-nivel-de-reservatorio\/"},"wordCount":218,"publisher":{"@id":"https:\/\/agenciainfra.com\/blog\/#organization"},"image":{"@id":"https:\/\/agenciainfra.com\/blog\/eletrobras-coloca-hidreletrica-em-alerta-e-reduz-nivel-de-reservatorio\/#primaryimage"},"thumbnailUrl":"https:\/\/agenciainfra.com\/blog\/wp-content\/uploads\/2025\/08\/usina-hidreletrica-colider-foto-copel.jpg","keywords":["Copel","Eletrobras","seguran\u00e7a da barragem","Usina de Col\u00edder","usina hidrel\u00e9trica"],"articleSection":["Geral","Giro iNFRA"],"inLanguage":"pt-BR","copyrightYear":"2025","copyrightHolder":{"@id":"https:\/\/agenciainfra.com\/blog\/#organization"}},{"@type":"WebPage","@id":"https:\/\/agenciainfra.com\/blog\/eletrobras-coloca-hidreletrica-em-alerta-e-reduz-nivel-de-reservatorio\/","url":"https:\/\/agenciainfra.com\/blog\/eletrobras-coloca-hidreletrica-em-alerta-e-reduz-nivel-de-reservatorio\/","name":"Eletrobras coloca hidrel\u00e9trica em alerta e reduz n\u00edvel de reservat\u00f3rio - Ag\u00eancia iNFRA","isPartOf":{"@id":"https:\/\/agenciainfra.com\/blog\/#website"},"primaryImageOfPage":{"@id":"https:\/\/agenciainfra.com\/blog\/eletrobras-coloca-hidreletrica-em-alerta-e-reduz-nivel-de-reservatorio\/#primaryimage"},"image":{"@id":"https:\/\/agenciainfra.com\/blog\/eletrobras-coloca-hidreletrica-em-alerta-e-reduz-nivel-de-reservatorio\/#primaryimage"},"thumbnailUrl":"https:\/\/agenciainfra.com\/blog\/wp-content\/uploads\/2025\/08\/usina-hidreletrica-colider-foto-copel.jpg","datePublished":"2025-08-15T14:30:24+00:00","dateModified":"2025-08-15T14:30:42+00:00","breadcrumb":{"@id":"https:\/\/agenciainfra.com\/blog\/eletrobras-coloca-hidreletrica-em-alerta-e-reduz-nivel-de-reservatorio\/#breadcrumb"},"inLanguage":"pt-BR","potentialAction":[{"@type":"ReadAction","target":["https:\/\/agenciainfra.com\/blog\/eletrobras-coloca-hidreletrica-em-alerta-e-reduz-nivel-de-reservatorio\/"]}]},{"@type":"ImageObject","inLanguage":"pt-BR","@id":"https:\/\/agenciainfra.com\/blog\/eletrobras-coloca-hidreletrica-em-alerta-e-reduz-nivel-de-reservatorio\/#primaryimage","url":"https:\/\/agenciainfra.com\/blog\/wp-content\/uploads\/2025\/08\/usina-hidreletrica-colider-foto-copel.jpg","contentUrl":"https:\/\/agenciainfra.com\/blog\/wp-content\/uploads\/2025\/08\/usina-hidreletrica-colider-foto-copel.jpg","width":1280,"height":853,"caption":"Foto: Copel"},{"@type":"BreadcrumbList","@id":"https:\/\/agenciainfra.com\/blog\/eletrobras-coloca-hidreletrica-em-alerta-e-reduz-nivel-de-reservatorio\/#breadcrumb","itemListElement":[{"@type":"ListItem","position":1,"name":"In\u00edcio","item":"https:\/\/agenciainfra.com\/blog\/"},{"@type":"ListItem","position":2,"name":"Eletrobras coloca hidrel\u00e9trica em alerta e reduz n\u00edvel de reservat\u00f3rio"}]},{"@type":"WebSite","@id":"https:\/\/agenciainfra.com\/blog\/#website","url":"https:\/\/agenciainfra.com\/blog\/","name":"Ag\u00eancia iNFRA","description":"Multiplataforma de informa\u00e7\u00e3o jornal\u00edstica refer\u00eancia na \u00e1rea de infraestrutura no Brasil!","publisher":{"@id":"https:\/\/agenciainfra.com\/blog\/#organization"},"potentialAction":[{"@type":"SearchAction","target":{"@type":"EntryPoint","urlTemplate":"https:\/\/agenciainfra.com\/blog\/?s={search_term_string}"},"query-input":{"@type":"PropertyValueSpecification","valueRequired":true,"valueName":"search_term_string"}}],"inLanguage":"pt-BR"},{"@type":"Organization","@id":"https:\/\/agenciainfra.com\/blog\/#organization","name":"Ag\u00eancia iNFRA","url":"https:\/\/agenciainfra.com\/blog\/","logo":{"@type":"ImageObject","inLanguage":"pt-BR","@id":"https:\/\/agenciainfra.com\/blog\/#\/schema\/logo\/image\/","url":"https:\/\/agenciainfra.com\/blog\/wp-content\/uploads\/2023\/09\/iNFRA_5-e1761735885940.png","contentUrl":"https:\/\/agenciainfra.com\/blog\/wp-content\/uploads\/2023\/09\/iNFRA_5-e1761735885940.png","width":1672,"height":454,"caption":"Ag\u00eancia iNFRA"},"image":{"@id":"https:\/\/agenciainfra.com\/blog\/#\/schema\/logo\/image\/"},"sameAs":["https:\/\/www.facebook.com\/ageninfra","https:\/\/x.com\/agencia_infra","https:\/\/www.linkedin.com\/company\/ag\u00eanciainfra\/","https:\/\/www.instagram.com\/agenciainfra\/"]},{"@type":"Person","@id":"https:\/\/agenciainfra.com\/blog\/#\/schema\/person\/34af08dff6adea4cb22b06612ba7acfa","name":"Ag\u00eancia iNFRA","image":{"@type":"ImageObject","inLanguage":"pt-BR","@id":"https:\/\/agenciainfra.com\/blog\/#\/schema\/person\/image\/","url":"https:\/\/secure.gravatar.com\/avatar\/d189e01678f06d8eb84d4e01f08eb848b3fffe3f8443818d3c356c66892f5be8?s=96&d=mm&r=g","contentUrl":"https:\/\/secure.gravatar.com\/avatar\/d189e01678f06d8eb84d4e01f08eb848b3fffe3f8443818d3c356c66892f5be8?s=96&d=mm&r=g","caption":"Ag\u00eancia iNFRA"},"url":"https:\/\/agenciainfra.com\/blog\/author\/admin\/"}]}},"_links":{"self":[{"href":"https:\/\/agenciainfra.com\/blog\/wp-json\/wp\/v2\/posts\/26300","targetHints":{"allow":["GET"]}}],"collection":[{"href":"https:\/\/agenciainfra.com\/blog\/wp-json\/wp\/v2\/posts"}],"about":[{"href":"https:\/\/agenciainfra.com\/blog\/wp-json\/wp\/v2\/types\/post"}],"author":[{"embeddable":true,"href":"https:\/\/agenciainfra.com\/blog\/wp-json\/wp\/v2\/users\/1"}],"replies":[{"embeddable":true,"href":"https:\/\/agenciainfra.com\/blog\/wp-json\/wp\/v2\/comments?post=26300"}],"version-history":[{"count":2,"href":"https:\/\/agenciainfra.com\/blog\/wp-json\/wp\/v2\/posts\/26300\/revisions"}],"predecessor-version":[{"id":26305,"href":"https:\/\/agenciainfra.com\/blog\/wp-json\/wp\/v2\/posts\/26300\/revisions\/26305"}],"wp:featuredmedia":[{"embeddable":true,"href":"https:\/\/agenciainfra.com\/blog\/wp-json\/wp\/v2\/media\/26302"}],"wp:attachment":[{"href":"https:\/\/agenciainfra.com\/blog\/wp-json\/wp\/v2\/media?parent=26300"}],"wp:term":[{"taxonomy":"category","embeddable":true,"href":"https:\/\/agenciainfra.com\/blog\/wp-json\/wp\/v2\/categories?post=26300"},{"taxonomy":"post_tag","embeddable":true,"href":"https:\/\/agenciainfra.com\/blog\/wp-json\/wp\/v2\/tags?post=26300"}],"curies":[{"name":"wp","href":"https:\/\/api.w.org\/{rel}","templated":true}]}}