{"id":2633,"date":"2018-11-23T04:00:41","date_gmt":"2018-11-23T07:00:41","guid":{"rendered":"http:\/\/www.agenciainfra.com\/blog\/?p=2633"},"modified":"2018-11-22T08:58:49","modified_gmt":"2018-11-22T11:58:49","slug":"mp-do-fundo-ferroviario-nao-e-votada-e-devera-perder-validade","status":"publish","type":"post","link":"https:\/\/agenciainfra.com\/blog\/mp-do-fundo-ferroviario-nao-e-votada-e-devera-perder-validade\/","title":{"rendered":"MP do Fundo Ferrovi\u00e1rio n\u00e3o \u00e9 votada e dever\u00e1 perder validade"},"content":{"rendered":"<div>\n<h5 style=\"text-align: right;\"><strong>Dimmi Amora e Bernardo Gonzaga,\u00a0da Ag\u00eancia iNFRA<\/strong><\/h5>\n<p>Os deputados federais n\u00e3o votaram a MP 845, que instituiu o Fundo Nacional de Desenvolvimento Ferrovi\u00e1rio. A medida perde a validade na pr\u00f3xima semana e, se aprovada na C\u00e2mara, ainda precisar\u00e1 ser votada pelos senadores, sem altera\u00e7\u00f5es, para ir a san\u00e7\u00e3o presidencial.<\/p>\n<p>Os deputados preferiram votar na ter\u00e7a-feira (20) a MP 846, que repassa recursos de Loterias para o Fundo Nacional de Seguran\u00e7a P\u00fablica. A MP foi aprovada em sua integralidade e vai ao Senado. J\u00e1 a MP do Fundo Ferrovi\u00e1rio n\u00e3o chegou a ser analisada, por falta de acordo entre as lideran\u00e7as. Na quarta-feira (21), houve uma tentativa de votar a medida que acabou n\u00e3o se concretizando.<\/p>\n<p>O relat\u00f3rio da MP 845 foi aprovado pela comiss\u00e3o especial de an\u00e1lise na semana passada, ap\u00f3s acordo entre deputados de v\u00e1rios partidos, que modificaram a proposta original do governo, basicamente permitindo uma nova divis\u00e3o dos recursos que v\u00e3o para o fundo, criado para receber recursos que ser\u00e3o pagos em concess\u00f5es para fazer novas ferrovias.<\/p>\n<p>Agora, o risco da MP perder a validade \u00e9 quase total, visto que \u2013 caso seja aprovada na C\u00e2mara, ter\u00e1 poucos dias para tramitar no Senado, o que em geral causa rea\u00e7\u00e3o dos senadores, que se sentem pressionados a votar um projeto sem pode analis\u00e1-lo.<\/p>\n<p>Caso a MP perca a validade, ser\u00e1 a terceira medida desse tipo do setor de infraestrutura que a C\u00e2mara n\u00e3o consegue votar este ano. No primeiro semestre, os deputados n\u00e3o analisaram a MP 800, que tratava sobre contratos de concess\u00e3o de rodovias, e ela acabou perdendo a validade. Na semana passada, perdeu validade a MP 844, que alterava o marco regulat\u00f3rio do Saneamento B\u00e1sico.<\/p>\n<\/div>\n","protected":false},"excerpt":{"rendered":"<p>Dimmi Amora e Bernardo Gonzaga,\u00a0da Ag\u00eancia iNFRA Os deputados federais n\u00e3o votaram a MP 845, que instituiu o Fundo Nacional de Desenvolvimento Ferrovi\u00e1rio. A medida perde a validade na pr\u00f3xima semana e, se aprovada na C\u00e2mara, ainda precisar\u00e1 ser votada pelos senadores, sem altera\u00e7\u00f5es, para ir a san\u00e7\u00e3o presidencial. Os deputados preferiram votar na ter\u00e7a-feira [&hellip;]<\/p>\n","protected":false},"author":1,"featured_media":2175,"comment_status":"closed","ping_status":"open","sticky":false,"template":"","format":"standard","meta":{"_monsterinsights_skip_tracking":false,"_monsterinsights_sitenote_active":false,"_monsterinsights_sitenote_note":"","_monsterinsights_sitenote_category":0,"footnotes":""},"categories":[7],"tags":[78,79,551,34,76],"class_list":["post-2633","post","type-post","status-publish","format-standard","has-post-thumbnail","hentry","category-infratransporte","tag-concessoes","tag-ferrovia","tag-fundo-ferroviario","tag-infraestrutura","tag-medida-provisoria"],"yoast_head":"<!-- This site is optimized with the Yoast SEO Premium plugin v25.4 (Yoast SEO v26.0) - https:\/\/yoast.com\/wordpress\/plugins\/seo\/ -->\n<title>MP do Fundo Ferrovi\u00e1rio n\u00e3o \u00e9 votada e dever\u00e1 perder validade - Ag\u00eancia iNFRA<\/title>\n<meta name=\"robots\" content=\"index, follow, max-snippet:-1, max-image-preview:large, max-video-preview:-1\" \/>\n<link rel=\"canonical\" href=\"https:\/\/agenciainfra.com\/blog\/mp-do-fundo-ferroviario-nao-e-votada-e-devera-perder-validade\/\" \/>\n<meta property=\"og:locale\" content=\"pt_BR\" \/>\n<meta property=\"og:type\" content=\"article\" \/>\n<meta property=\"og:title\" content=\"MP do Fundo Ferrovi\u00e1rio n\u00e3o \u00e9 votada e dever\u00e1 perder validade\" \/>\n<meta property=\"og:description\" content=\"Dimmi Amora e Bernardo Gonzaga,\u00a0da Ag\u00eancia iNFRA Os deputados federais n\u00e3o votaram a MP 845, que instituiu o Fundo Nacional de Desenvolvimento Ferrovi\u00e1rio. A medida perde a validade na pr\u00f3xima semana e, se aprovada na C\u00e2mara, ainda precisar\u00e1 ser votada pelos senadores, sem altera\u00e7\u00f5es, para ir a san\u00e7\u00e3o presidencial. Os deputados preferiram votar na ter\u00e7a-feira [&hellip;]\" \/>\n<meta property=\"og:url\" content=\"https:\/\/agenciainfra.com\/blog\/mp-do-fundo-ferroviario-nao-e-votada-e-devera-perder-validade\/\" \/>\n<meta property=\"og:site_name\" content=\"Ag\u00eancia iNFRA\" \/>\n<meta property=\"article:publisher\" content=\"https:\/\/www.facebook.com\/ageninfra\" \/>\n<meta property=\"article:published_time\" content=\"2018-11-23T07:00:41+00:00\" \/>\n<meta property=\"og:image\" content=\"https:\/\/agenciainfra.com\/blog\/wp-content\/uploads\/2018\/07\/fns_divulgacao_valec.jpg\" \/>\n\t<meta property=\"og:image:width\" content=\"1400\" \/>\n\t<meta property=\"og:image:height\" content=\"937\" \/>\n\t<meta property=\"og:image:type\" content=\"image\/jpeg\" \/>\n<meta name=\"author\" content=\"Ag\u00eancia iNFRA\" \/>\n<meta name=\"twitter:card\" content=\"summary_large_image\" \/>\n<meta name=\"twitter:creator\" content=\"@agencia_infra\" \/>\n<meta name=\"twitter:site\" content=\"@agencia_infra\" \/>\n<meta name=\"twitter:label1\" content=\"Escrito por\" \/>\n\t<meta name=\"twitter:data1\" content=\"Ag\u00eancia iNFRA\" \/>\n\t<meta name=\"twitter:label2\" content=\"Est. tempo de leitura\" \/>\n\t<meta name=\"twitter:data2\" content=\"2 minutos\" \/>\n<script type=\"application\/ld+json\" class=\"yoast-schema-graph\">{\"@context\":\"https:\/\/schema.org\",\"@graph\":[{\"@type\":\"Article\",\"@id\":\"https:\/\/agenciainfra.com\/blog\/mp-do-fundo-ferroviario-nao-e-votada-e-devera-perder-validade\/#article\",\"isPartOf\":{\"@id\":\"https:\/\/agenciainfra.com\/blog\/mp-do-fundo-ferroviario-nao-e-votada-e-devera-perder-validade\/\"},\"author\":{\"name\":\"Ag\u00eancia iNFRA\",\"@id\":\"https:\/\/agenciainfra.com\/blog\/#\/schema\/person\/34af08dff6adea4cb22b06612ba7acfa\"},\"headline\":\"MP do Fundo Ferrovi\u00e1rio n\u00e3o \u00e9 votada e dever\u00e1 perder validade\",\"datePublished\":\"2018-11-23T07:00:41+00:00\",\"mainEntityOfPage\":{\"@id\":\"https:\/\/agenciainfra.com\/blog\/mp-do-fundo-ferroviario-nao-e-votada-e-devera-perder-validade\/\"},\"wordCount\":314,\"publisher\":{\"@id\":\"https:\/\/agenciainfra.com\/blog\/#organization\"},\"image\":{\"@id\":\"https:\/\/agenciainfra.com\/blog\/mp-do-fundo-ferroviario-nao-e-votada-e-devera-perder-validade\/#primaryimage\"},\"thumbnailUrl\":\"https:\/\/agenciainfra.com\/blog\/wp-content\/uploads\/2018\/07\/fns_divulgacao_valec.jpg\",\"keywords\":[\"concess\u00f5es\",\"Ferrovia\",\"Fundo Ferrovi\u00e1rio\",\"Infraestrutura\",\"Medida Provis\u00f3ria\"],\"articleSection\":[\"iNFRATransporte\"],\"inLanguage\":\"pt-BR\",\"copyrightYear\":\"2018\",\"copyrightHolder\":{\"@id\":\"https:\/\/agenciainfra.com\/blog\/#organization\"}},{\"@type\":\"WebPage\",\"@id\":\"https:\/\/agenciainfra.com\/blog\/mp-do-fundo-ferroviario-nao-e-votada-e-devera-perder-validade\/\",\"url\":\"https:\/\/agenciainfra.com\/blog\/mp-do-fundo-ferroviario-nao-e-votada-e-devera-perder-validade\/\",\"name\":\"MP do Fundo Ferrovi\u00e1rio n\u00e3o \u00e9 votada e dever\u00e1 perder validade - Ag\u00eancia iNFRA\",\"isPartOf\":{\"@id\":\"https:\/\/agenciainfra.com\/blog\/#website\"},\"primaryImageOfPage\":{\"@id\":\"https:\/\/agenciainfra.com\/blog\/mp-do-fundo-ferroviario-nao-e-votada-e-devera-perder-validade\/#primaryimage\"},\"image\":{\"@id\":\"https:\/\/agenciainfra.com\/blog\/mp-do-fundo-ferroviario-nao-e-votada-e-devera-perder-validade\/#primaryimage\"},\"thumbnailUrl\":\"https:\/\/agenciainfra.com\/blog\/wp-content\/uploads\/2018\/07\/fns_divulgacao_valec.jpg\",\"datePublished\":\"2018-11-23T07:00:41+00:00\",\"breadcrumb\":{\"@id\":\"https:\/\/agenciainfra.com\/blog\/mp-do-fundo-ferroviario-nao-e-votada-e-devera-perder-validade\/#breadcrumb\"},\"inLanguage\":\"pt-BR\",\"potentialAction\":[{\"@type\":\"ReadAction\",\"target\":[\"https:\/\/agenciainfra.com\/blog\/mp-do-fundo-ferroviario-nao-e-votada-e-devera-perder-validade\/\"]}]},{\"@type\":\"ImageObject\",\"inLanguage\":\"pt-BR\",\"@id\":\"https:\/\/agenciainfra.com\/blog\/mp-do-fundo-ferroviario-nao-e-votada-e-devera-perder-validade\/#primaryimage\",\"url\":\"https:\/\/agenciainfra.com\/blog\/wp-content\/uploads\/2018\/07\/fns_divulgacao_valec.jpg\",\"contentUrl\":\"https:\/\/agenciainfra.com\/blog\/wp-content\/uploads\/2018\/07\/fns_divulgacao_valec.jpg\",\"width\":1400,\"height\":937},{\"@type\":\"BreadcrumbList\",\"@id\":\"https:\/\/agenciainfra.com\/blog\/mp-do-fundo-ferroviario-nao-e-votada-e-devera-perder-validade\/#breadcrumb\",\"itemListElement\":[{\"@type\":\"ListItem\",\"position\":1,\"name\":\"In\u00edcio\",\"item\":\"https:\/\/agenciainfra.com\/blog\/\"},{\"@type\":\"ListItem\",\"position\":2,\"name\":\"MP do Fundo Ferrovi\u00e1rio n\u00e3o \u00e9 votada e dever\u00e1 perder validade\"}]},{\"@type\":\"WebSite\",\"@id\":\"https:\/\/agenciainfra.com\/blog\/#website\",\"url\":\"https:\/\/agenciainfra.com\/blog\/\",\"name\":\"Ag\u00eancia iNFRA\",\"description\":\"Multiplataforma de informa\u00e7\u00e3o jornal\u00edstica refer\u00eancia na \u00e1rea de infraestrutura no Brasil!\",\"publisher\":{\"@id\":\"https:\/\/agenciainfra.com\/blog\/#organization\"},\"potentialAction\":[{\"@type\":\"SearchAction\",\"target\":{\"@type\":\"EntryPoint\",\"urlTemplate\":\"https:\/\/agenciainfra.com\/blog\/?s={search_term_string}\"},\"query-input\":{\"@type\":\"PropertyValueSpecification\",\"valueRequired\":true,\"valueName\":\"search_term_string\"}}],\"inLanguage\":\"pt-BR\"},{\"@type\":\"Organization\",\"@id\":\"https:\/\/agenciainfra.com\/blog\/#organization\",\"name\":\"Ag\u00eancia iNFRA\",\"url\":\"https:\/\/agenciainfra.com\/blog\/\",\"logo\":{\"@type\":\"ImageObject\",\"inLanguage\":\"pt-BR\",\"@id\":\"https:\/\/agenciainfra.com\/blog\/#\/schema\/logo\/image\/\",\"url\":\"https:\/\/agenciainfra.com\/blog\/wp-content\/uploads\/2023\/09\/iNFRA_5-e1761735885940.png\",\"contentUrl\":\"https:\/\/agenciainfra.com\/blog\/wp-content\/uploads\/2023\/09\/iNFRA_5-e1761735885940.png\",\"width\":1672,\"height\":454,\"caption\":\"Ag\u00eancia iNFRA\"},\"image\":{\"@id\":\"https:\/\/agenciainfra.com\/blog\/#\/schema\/logo\/image\/\"},\"sameAs\":[\"https:\/\/www.facebook.com\/ageninfra\",\"https:\/\/x.com\/agencia_infra\",\"https:\/\/www.linkedin.com\/company\/ag\u00eanciainfra\/\",\"https:\/\/www.instagram.com\/agenciainfra\/\"]},{\"@type\":\"Person\",\"@id\":\"https:\/\/agenciainfra.com\/blog\/#\/schema\/person\/34af08dff6adea4cb22b06612ba7acfa\",\"name\":\"Ag\u00eancia iNFRA\",\"image\":{\"@type\":\"ImageObject\",\"inLanguage\":\"pt-BR\",\"@id\":\"https:\/\/agenciainfra.com\/blog\/#\/schema\/person\/image\/\",\"url\":\"https:\/\/secure.gravatar.com\/avatar\/d189e01678f06d8eb84d4e01f08eb848b3fffe3f8443818d3c356c66892f5be8?s=96&d=mm&r=g\",\"contentUrl\":\"https:\/\/secure.gravatar.com\/avatar\/d189e01678f06d8eb84d4e01f08eb848b3fffe3f8443818d3c356c66892f5be8?s=96&d=mm&r=g\",\"caption\":\"Ag\u00eancia iNFRA\"},\"url\":\"https:\/\/agenciainfra.com\/blog\/author\/admin\/\"}]}<\/script>\n<!-- \/ Yoast SEO Premium plugin. -->","yoast_head_json":{"title":"MP do Fundo Ferrovi\u00e1rio n\u00e3o \u00e9 votada e dever\u00e1 perder validade - Ag\u00eancia iNFRA","robots":{"index":"index","follow":"follow","max-snippet":"max-snippet:-1","max-image-preview":"max-image-preview:large","max-video-preview":"max-video-preview:-1"},"canonical":"https:\/\/agenciainfra.com\/blog\/mp-do-fundo-ferroviario-nao-e-votada-e-devera-perder-validade\/","og_locale":"pt_BR","og_type":"article","og_title":"MP do Fundo Ferrovi\u00e1rio n\u00e3o \u00e9 votada e dever\u00e1 perder validade","og_description":"Dimmi Amora e Bernardo Gonzaga,\u00a0da Ag\u00eancia iNFRA Os deputados federais n\u00e3o votaram a MP 845, que instituiu o Fundo Nacional de Desenvolvimento Ferrovi\u00e1rio. A medida perde a validade na pr\u00f3xima semana e, se aprovada na C\u00e2mara, ainda precisar\u00e1 ser votada pelos senadores, sem altera\u00e7\u00f5es, para ir a san\u00e7\u00e3o presidencial. Os deputados preferiram votar na ter\u00e7a-feira [&hellip;]","og_url":"https:\/\/agenciainfra.com\/blog\/mp-do-fundo-ferroviario-nao-e-votada-e-devera-perder-validade\/","og_site_name":"Ag\u00eancia iNFRA","article_publisher":"https:\/\/www.facebook.com\/ageninfra","article_published_time":"2018-11-23T07:00:41+00:00","og_image":[{"width":1400,"height":937,"url":"https:\/\/agenciainfra.com\/blog\/wp-content\/uploads\/2018\/07\/fns_divulgacao_valec.jpg","type":"image\/jpeg"}],"author":"Ag\u00eancia iNFRA","twitter_card":"summary_large_image","twitter_creator":"@agencia_infra","twitter_site":"@agencia_infra","twitter_misc":{"Escrito por":"Ag\u00eancia iNFRA","Est. tempo de leitura":"2 minutos"},"schema":{"@context":"https:\/\/schema.org","@graph":[{"@type":"Article","@id":"https:\/\/agenciainfra.com\/blog\/mp-do-fundo-ferroviario-nao-e-votada-e-devera-perder-validade\/#article","isPartOf":{"@id":"https:\/\/agenciainfra.com\/blog\/mp-do-fundo-ferroviario-nao-e-votada-e-devera-perder-validade\/"},"author":{"name":"Ag\u00eancia iNFRA","@id":"https:\/\/agenciainfra.com\/blog\/#\/schema\/person\/34af08dff6adea4cb22b06612ba7acfa"},"headline":"MP do Fundo Ferrovi\u00e1rio n\u00e3o \u00e9 votada e dever\u00e1 perder validade","datePublished":"2018-11-23T07:00:41+00:00","mainEntityOfPage":{"@id":"https:\/\/agenciainfra.com\/blog\/mp-do-fundo-ferroviario-nao-e-votada-e-devera-perder-validade\/"},"wordCount":314,"publisher":{"@id":"https:\/\/agenciainfra.com\/blog\/#organization"},"image":{"@id":"https:\/\/agenciainfra.com\/blog\/mp-do-fundo-ferroviario-nao-e-votada-e-devera-perder-validade\/#primaryimage"},"thumbnailUrl":"https:\/\/agenciainfra.com\/blog\/wp-content\/uploads\/2018\/07\/fns_divulgacao_valec.jpg","keywords":["concess\u00f5es","Ferrovia","Fundo Ferrovi\u00e1rio","Infraestrutura","Medida Provis\u00f3ria"],"articleSection":["iNFRATransporte"],"inLanguage":"pt-BR","copyrightYear":"2018","copyrightHolder":{"@id":"https:\/\/agenciainfra.com\/blog\/#organization"}},{"@type":"WebPage","@id":"https:\/\/agenciainfra.com\/blog\/mp-do-fundo-ferroviario-nao-e-votada-e-devera-perder-validade\/","url":"https:\/\/agenciainfra.com\/blog\/mp-do-fundo-ferroviario-nao-e-votada-e-devera-perder-validade\/","name":"MP do Fundo Ferrovi\u00e1rio n\u00e3o \u00e9 votada e dever\u00e1 perder validade - Ag\u00eancia iNFRA","isPartOf":{"@id":"https:\/\/agenciainfra.com\/blog\/#website"},"primaryImageOfPage":{"@id":"https:\/\/agenciainfra.com\/blog\/mp-do-fundo-ferroviario-nao-e-votada-e-devera-perder-validade\/#primaryimage"},"image":{"@id":"https:\/\/agenciainfra.com\/blog\/mp-do-fundo-ferroviario-nao-e-votada-e-devera-perder-validade\/#primaryimage"},"thumbnailUrl":"https:\/\/agenciainfra.com\/blog\/wp-content\/uploads\/2018\/07\/fns_divulgacao_valec.jpg","datePublished":"2018-11-23T07:00:41+00:00","breadcrumb":{"@id":"https:\/\/agenciainfra.com\/blog\/mp-do-fundo-ferroviario-nao-e-votada-e-devera-perder-validade\/#breadcrumb"},"inLanguage":"pt-BR","potentialAction":[{"@type":"ReadAction","target":["https:\/\/agenciainfra.com\/blog\/mp-do-fundo-ferroviario-nao-e-votada-e-devera-perder-validade\/"]}]},{"@type":"ImageObject","inLanguage":"pt-BR","@id":"https:\/\/agenciainfra.com\/blog\/mp-do-fundo-ferroviario-nao-e-votada-e-devera-perder-validade\/#primaryimage","url":"https:\/\/agenciainfra.com\/blog\/wp-content\/uploads\/2018\/07\/fns_divulgacao_valec.jpg","contentUrl":"https:\/\/agenciainfra.com\/blog\/wp-content\/uploads\/2018\/07\/fns_divulgacao_valec.jpg","width":1400,"height":937},{"@type":"BreadcrumbList","@id":"https:\/\/agenciainfra.com\/blog\/mp-do-fundo-ferroviario-nao-e-votada-e-devera-perder-validade\/#breadcrumb","itemListElement":[{"@type":"ListItem","position":1,"name":"In\u00edcio","item":"https:\/\/agenciainfra.com\/blog\/"},{"@type":"ListItem","position":2,"name":"MP do Fundo Ferrovi\u00e1rio n\u00e3o \u00e9 votada e dever\u00e1 perder validade"}]},{"@type":"WebSite","@id":"https:\/\/agenciainfra.com\/blog\/#website","url":"https:\/\/agenciainfra.com\/blog\/","name":"Ag\u00eancia iNFRA","description":"Multiplataforma de informa\u00e7\u00e3o jornal\u00edstica refer\u00eancia na \u00e1rea de infraestrutura no Brasil!","publisher":{"@id":"https:\/\/agenciainfra.com\/blog\/#organization"},"potentialAction":[{"@type":"SearchAction","target":{"@type":"EntryPoint","urlTemplate":"https:\/\/agenciainfra.com\/blog\/?s={search_term_string}"},"query-input":{"@type":"PropertyValueSpecification","valueRequired":true,"valueName":"search_term_string"}}],"inLanguage":"pt-BR"},{"@type":"Organization","@id":"https:\/\/agenciainfra.com\/blog\/#organization","name":"Ag\u00eancia iNFRA","url":"https:\/\/agenciainfra.com\/blog\/","logo":{"@type":"ImageObject","inLanguage":"pt-BR","@id":"https:\/\/agenciainfra.com\/blog\/#\/schema\/logo\/image\/","url":"https:\/\/agenciainfra.com\/blog\/wp-content\/uploads\/2023\/09\/iNFRA_5-e1761735885940.png","contentUrl":"https:\/\/agenciainfra.com\/blog\/wp-content\/uploads\/2023\/09\/iNFRA_5-e1761735885940.png","width":1672,"height":454,"caption":"Ag\u00eancia iNFRA"},"image":{"@id":"https:\/\/agenciainfra.com\/blog\/#\/schema\/logo\/image\/"},"sameAs":["https:\/\/www.facebook.com\/ageninfra","https:\/\/x.com\/agencia_infra","https:\/\/www.linkedin.com\/company\/ag\u00eanciainfra\/","https:\/\/www.instagram.com\/agenciainfra\/"]},{"@type":"Person","@id":"https:\/\/agenciainfra.com\/blog\/#\/schema\/person\/34af08dff6adea4cb22b06612ba7acfa","name":"Ag\u00eancia iNFRA","image":{"@type":"ImageObject","inLanguage":"pt-BR","@id":"https:\/\/agenciainfra.com\/blog\/#\/schema\/person\/image\/","url":"https:\/\/secure.gravatar.com\/avatar\/d189e01678f06d8eb84d4e01f08eb848b3fffe3f8443818d3c356c66892f5be8?s=96&d=mm&r=g","contentUrl":"https:\/\/secure.gravatar.com\/avatar\/d189e01678f06d8eb84d4e01f08eb848b3fffe3f8443818d3c356c66892f5be8?s=96&d=mm&r=g","caption":"Ag\u00eancia iNFRA"},"url":"https:\/\/agenciainfra.com\/blog\/author\/admin\/"}]}},"_links":{"self":[{"href":"https:\/\/agenciainfra.com\/blog\/wp-json\/wp\/v2\/posts\/2633","targetHints":{"allow":["GET"]}}],"collection":[{"href":"https:\/\/agenciainfra.com\/blog\/wp-json\/wp\/v2\/posts"}],"about":[{"href":"https:\/\/agenciainfra.com\/blog\/wp-json\/wp\/v2\/types\/post"}],"author":[{"embeddable":true,"href":"https:\/\/agenciainfra.com\/blog\/wp-json\/wp\/v2\/users\/1"}],"replies":[{"embeddable":true,"href":"https:\/\/agenciainfra.com\/blog\/wp-json\/wp\/v2\/comments?post=2633"}],"version-history":[{"count":0,"href":"https:\/\/agenciainfra.com\/blog\/wp-json\/wp\/v2\/posts\/2633\/revisions"}],"wp:featuredmedia":[{"embeddable":true,"href":"https:\/\/agenciainfra.com\/blog\/wp-json\/wp\/v2\/media\/2175"}],"wp:attachment":[{"href":"https:\/\/agenciainfra.com\/blog\/wp-json\/wp\/v2\/media?parent=2633"}],"wp:term":[{"taxonomy":"category","embeddable":true,"href":"https:\/\/agenciainfra.com\/blog\/wp-json\/wp\/v2\/categories?post=2633"},{"taxonomy":"post_tag","embeddable":true,"href":"https:\/\/agenciainfra.com\/blog\/wp-json\/wp\/v2\/tags?post=2633"}],"curies":[{"name":"wp","href":"https:\/\/api.w.org\/{rel}","templated":true}]}}