{"id":26334,"date":"2025-08-15T19:02:59","date_gmt":"2025-08-15T22:02:59","guid":{"rendered":"https:\/\/agenciainfra.com\/blog\/?p=26334"},"modified":"2025-08-18T16:20:06","modified_gmt":"2025-08-18T19:20:06","slug":"anm-superintendentes-perdem-cargos-ao-recusar-trabalho-presencial-em-brasilia","status":"publish","type":"post","link":"https:\/\/agenciainfra.com\/blog\/anm-superintendentes-perdem-cargos-ao-recusar-trabalho-presencial-em-brasilia\/","title":{"rendered":"ANM: Superintendentes perdem cargos ao recusar trabalho presencial em Bras\u00edlia"},"content":{"rendered":"\n<p class=\"has-text-align-right\"><strong>Rafael Bitencourt, da Ag\u00eancia iNFRA<\/strong><\/p>\n\n\n\n<p>Dois superintendentes deixaram o cargo esta semana como desdobramento da reestrutura\u00e7\u00e3o em curso na ANM (Ag\u00eancia Nacional de Minera\u00e7\u00e3o). Os dois servidores perderam os cargos para poderem permanecer nos estados onde est\u00e3o baseados e, assim, n\u00e3o terem que mudar para Bras\u00edlia.<\/p>\n\n\n\n<p>Rui Alberto Carvalho Giordani deixou o cargo de superintendente de Arrecada\u00e7\u00e3o e Fiscaliza\u00e7\u00e3o de Receitas para continuar morando no Rio Grande do Sul. Ele passa a atuar como gerente de distribui\u00e7\u00e3o, inova\u00e7\u00e3o e transpar\u00eancia na mesma superintend\u00eancia.<\/p>\n\n\n\n<p>J\u00e1 o superintendente de Fiscaliza\u00e7\u00e3o da ANM, Jos\u00e9 Carneiro de Jesus Neto, abriu m\u00e3o do cargo para permanecer em Pernambuco. Neste caso, o ex-superintendente foi realocado como gerente de Fiscaliza\u00e7\u00e3o da Atividade Mineral na mesma unidade.<\/p>\n\n\n\n<p>Houve ainda a troca de posi\u00e7\u00e3o de um terceiro superintendente, J\u00falio C\u00e9sar Rodrigues. Ele se comprometeu a mudar de S\u00e3o Paulo para Bras\u00edlia para garantir a perman\u00eancia em posto equivalente. Saiu da chefia da Superintend\u00eancia Executiva e passou a liderar a Superintend\u00eancia de Planejamento e Estrat\u00e9gia, a partir da capital.<\/p>\n\n\n\n<p><strong>Troca de cadeiras<\/strong><\/p>\n\n\n\n<p>As exonera\u00e7\u00f5es dos superintendentes constam na Portaria 342\/2025, na \u00faltima ter\u00e7a-feira (12), em edi\u00e7\u00e3o do \u201cDi\u00e1rio Oficial da Uni\u00e3o\u201d. Ao todo, o documento trouxe 237 exonera\u00e7\u00f5es. Boa parte dos nomes desligados, contudo, apareceram novamente na Portaria 344\/2025, em 293 novas nomea\u00e7\u00f5es ou designa\u00e7\u00f5es de cargos e fun\u00e7\u00f5es na ANM.<\/p>\n\n\n\n<p>Os ajustes est\u00e3o sendo demandados pela ampla revis\u00e3o dos cargos e carreiras prevista na reestrutura\u00e7\u00e3o do \u00f3rg\u00e3o.<\/p>\n\n\n\n<p><strong>Sem estresse<\/strong><\/p>\n\n\n\n<p>Integrantes do comando da ANM afirmam que, apesar de provocarem queda nas posi\u00e7\u00f5es hier\u00e1rquicas de superintendentes, todas as mudan\u00e7as foram consensuais, sem maiores desgastes, assegurou uma fonte oficial ligada \u00e0 ag\u00eancia.<\/p>\n\n\n\n<p>A ordem de manter todo o segundo escal\u00e3o em trabalho presencial na sede do \u00f3rg\u00e3o partiu do comando da ANM, conforme apurou a Ag\u00eancia iNFRA. O colegiado, segundo relatos, entende que as intera\u00e7\u00f5es permanentes no formato on-line comprometem a qualidade do trabalho.<\/p>\n\n\n\n<p>Em breve verifica\u00e7\u00e3o no sistema de agendas da Controladoria-Geral da Uni\u00e3o (CGU), \u00e9 poss\u00edvel notar que grande parte das reuni\u00f5es de Giordani com a diretoria da ANM nos \u00faltimos meses foi \u201ctelepresencial\u201d, por exemplo.<\/p>\n\n\n\n<p>O esfor\u00e7o de centralizar decis\u00f5es estrat\u00e9gicas veio acompanhado da ordem para que servidores em cargos comissionados tenham que retomar o trabalho presencial. A decis\u00e3o tende a impactar principalmente o quadro de funcion\u00e1rios que ocupam a posi\u00e7\u00e3o de gerente nas representa\u00e7\u00f5es estaduais ou regionais da ANM espalhadas pelo pa\u00eds. Parte da ades\u00e3o ao teletrabalho na pandemia ainda n\u00e3o havia sido desfeita nesses locais.<\/p>\n\n\n\n<p><strong>\u201cRedutos de poder\u201d<\/strong><\/p>\n\n\n\n<p>Com a reestrutura\u00e7\u00e3o em curso, a diretoria da ANM aproveitou para combater a cultura de empoderamento das representa\u00e7\u00f5es nos estados, criada na \u00e9poca do antigo DNPM (Departamento Nacional de Produ\u00e7\u00e3o Mineral) \u2013 \u00f3rg\u00e3o extinto para dar lugar \u00e0 ANM. As mudan\u00e7as tendem a refor\u00e7ar o papel dos gerentes de cada unidade com um representante institucional da ag\u00eancia, sem autonomia para tomar decis\u00e3o \u00e0 revelia da diretoria colegiada em Bras\u00edlia.<\/p>\n\n\n\n<p>No momento antigo, a disputa pol\u00edtica em torno da chefia de algumas unidades locais do DNPM chegavam a ser mais disputadas do que os cargos de comando em Bras\u00edlia. Isso ocorre especialmente nos estados mineradores, como Minas Gerais e Par\u00e1. Na \u00e9poca, essa configura\u00e7\u00e3o criava \u201credutos de poder\u201d, conforme informou uma fonte, sem respeitar comandos as orienta\u00e7\u00f5es que partiam da diretoria ou \u00f3rg\u00e3os de hierarquia superior&nbsp;em&nbsp;Bras\u00edlia.<\/p>\n","protected":false},"excerpt":{"rendered":"<p>Rafael Bitencourt, da Ag\u00eancia iNFRA Dois superintendentes deixaram o cargo esta semana como desdobramento da reestrutura\u00e7\u00e3o em curso na ANM (Ag\u00eancia Nacional de Minera\u00e7\u00e3o). Os dois servidores perderam os cargos para poderem permanecer nos estados onde est\u00e3o baseados e, assim, n\u00e3o terem que mudar para Bras\u00edlia. Rui Alberto Carvalho Giordani deixou o cargo de superintendente [&hellip;]<\/p>\n","protected":false},"author":1,"featured_media":22901,"comment_status":"closed","ping_status":"closed","sticky":false,"template":"","format":"standard","meta":{"_monsterinsights_skip_tracking":false,"_monsterinsights_sitenote_active":false,"_monsterinsights_sitenote_note":"","_monsterinsights_sitenote_category":0,"footnotes":""},"categories":[7250,1,13239],"tags":[340,756,839,14861,13813,6515,2867],"class_list":["post-26334","post","type-post","status-publish","format-standard","has-post-thumbnail","hentry","category-destaque-lista","category-geral","category-mineracao","tag-anm","tag-brasilia","tag-mineracao","tag-presencial","tag-rafael-bitencourt","tag-reestruturacao","tag-teletrabalho"],"yoast_head":"<!-- This site is optimized with the Yoast SEO Premium plugin v25.4 (Yoast SEO v26.0) - https:\/\/yoast.com\/wordpress\/plugins\/seo\/ -->\n<title>ANM: Superintendentes perdem cargos ao recusar trabalho presencial em Bras\u00edlia - Ag\u00eancia iNFRA<\/title>\n<meta name=\"robots\" content=\"index, follow, max-snippet:-1, max-image-preview:large, max-video-preview:-1\" \/>\n<link rel=\"canonical\" href=\"https:\/\/agenciainfra.com\/blog\/anm-superintendentes-perdem-cargos-ao-recusar-trabalho-presencial-em-brasilia\/\" \/>\n<meta property=\"og:locale\" content=\"pt_BR\" \/>\n<meta property=\"og:type\" content=\"article\" \/>\n<meta property=\"og:title\" content=\"ANM: Superintendentes perdem cargos ao recusar trabalho presencial em Bras\u00edlia\" \/>\n<meta property=\"og:description\" content=\"Rafael Bitencourt, da Ag\u00eancia iNFRA Dois superintendentes deixaram o cargo esta semana como desdobramento da reestrutura\u00e7\u00e3o em curso na ANM (Ag\u00eancia Nacional de Minera\u00e7\u00e3o). Os dois servidores perderam os cargos para poderem permanecer nos estados onde est\u00e3o baseados e, assim, n\u00e3o terem que mudar para Bras\u00edlia. Rui Alberto Carvalho Giordani deixou o cargo de superintendente [&hellip;]\" \/>\n<meta property=\"og:url\" content=\"https:\/\/agenciainfra.com\/blog\/anm-superintendentes-perdem-cargos-ao-recusar-trabalho-presencial-em-brasilia\/\" \/>\n<meta property=\"og:site_name\" content=\"Ag\u00eancia iNFRA\" \/>\n<meta property=\"article:publisher\" content=\"https:\/\/www.facebook.com\/ageninfra\" \/>\n<meta property=\"article:published_time\" content=\"2025-08-15T22:02:59+00:00\" \/>\n<meta property=\"article:modified_time\" content=\"2025-08-18T19:20:06+00:00\" \/>\n<meta property=\"og:image\" content=\"https:\/\/agenciainfra.com\/blog\/wp-content\/uploads\/2025\/06\/anm-foto-divulgacao.png\" \/>\n\t<meta property=\"og:image:width\" content=\"964\" \/>\n\t<meta property=\"og:image:height\" content=\"592\" \/>\n\t<meta property=\"og:image:type\" content=\"image\/png\" \/>\n<meta name=\"author\" content=\"Ag\u00eancia iNFRA\" \/>\n<meta name=\"twitter:card\" content=\"summary_large_image\" \/>\n<meta name=\"twitter:creator\" content=\"@agencia_infra\" \/>\n<meta name=\"twitter:site\" content=\"@agencia_infra\" \/>\n<meta name=\"twitter:label1\" content=\"Escrito por\" \/>\n\t<meta name=\"twitter:data1\" content=\"Ag\u00eancia iNFRA\" \/>\n\t<meta name=\"twitter:label2\" content=\"Est. tempo de leitura\" \/>\n\t<meta name=\"twitter:data2\" content=\"3 minutos\" \/>\n<script type=\"application\/ld+json\" class=\"yoast-schema-graph\">{\"@context\":\"https:\/\/schema.org\",\"@graph\":[{\"@type\":\"Article\",\"@id\":\"https:\/\/agenciainfra.com\/blog\/anm-superintendentes-perdem-cargos-ao-recusar-trabalho-presencial-em-brasilia\/#article\",\"isPartOf\":{\"@id\":\"https:\/\/agenciainfra.com\/blog\/anm-superintendentes-perdem-cargos-ao-recusar-trabalho-presencial-em-brasilia\/\"},\"author\":{\"name\":\"Ag\u00eancia iNFRA\",\"@id\":\"https:\/\/agenciainfra.com\/blog\/#\/schema\/person\/34af08dff6adea4cb22b06612ba7acfa\"},\"headline\":\"ANM: Superintendentes perdem cargos ao recusar trabalho presencial em Bras\u00edlia\",\"datePublished\":\"2025-08-15T22:02:59+00:00\",\"dateModified\":\"2025-08-18T19:20:06+00:00\",\"mainEntityOfPage\":{\"@id\":\"https:\/\/agenciainfra.com\/blog\/anm-superintendentes-perdem-cargos-ao-recusar-trabalho-presencial-em-brasilia\/\"},\"wordCount\":627,\"publisher\":{\"@id\":\"https:\/\/agenciainfra.com\/blog\/#organization\"},\"image\":{\"@id\":\"https:\/\/agenciainfra.com\/blog\/anm-superintendentes-perdem-cargos-ao-recusar-trabalho-presencial-em-brasilia\/#primaryimage\"},\"thumbnailUrl\":\"https:\/\/agenciainfra.com\/blog\/wp-content\/uploads\/2025\/06\/anm-foto-divulgacao.png\",\"keywords\":[\"ANM\",\"Bras\u00edlia\",\"minera\u00e7\u00e3o\",\"presencial\",\"Rafael Bitencourt\",\"reestrutura\u00e7\u00e3o\",\"teletrabalho\"],\"articleSection\":[\"Destaque lista\",\"Geral\",\"Minera\u00e7\u00e3o\"],\"inLanguage\":\"pt-BR\",\"copyrightYear\":\"2025\",\"copyrightHolder\":{\"@id\":\"https:\/\/agenciainfra.com\/blog\/#organization\"}},{\"@type\":\"WebPage\",\"@id\":\"https:\/\/agenciainfra.com\/blog\/anm-superintendentes-perdem-cargos-ao-recusar-trabalho-presencial-em-brasilia\/\",\"url\":\"https:\/\/agenciainfra.com\/blog\/anm-superintendentes-perdem-cargos-ao-recusar-trabalho-presencial-em-brasilia\/\",\"name\":\"ANM: Superintendentes perdem cargos ao recusar trabalho presencial em Bras\u00edlia - Ag\u00eancia iNFRA\",\"isPartOf\":{\"@id\":\"https:\/\/agenciainfra.com\/blog\/#website\"},\"primaryImageOfPage\":{\"@id\":\"https:\/\/agenciainfra.com\/blog\/anm-superintendentes-perdem-cargos-ao-recusar-trabalho-presencial-em-brasilia\/#primaryimage\"},\"image\":{\"@id\":\"https:\/\/agenciainfra.com\/blog\/anm-superintendentes-perdem-cargos-ao-recusar-trabalho-presencial-em-brasilia\/#primaryimage\"},\"thumbnailUrl\":\"https:\/\/agenciainfra.com\/blog\/wp-content\/uploads\/2025\/06\/anm-foto-divulgacao.png\",\"datePublished\":\"2025-08-15T22:02:59+00:00\",\"dateModified\":\"2025-08-18T19:20:06+00:00\",\"breadcrumb\":{\"@id\":\"https:\/\/agenciainfra.com\/blog\/anm-superintendentes-perdem-cargos-ao-recusar-trabalho-presencial-em-brasilia\/#breadcrumb\"},\"inLanguage\":\"pt-BR\",\"potentialAction\":[{\"@type\":\"ReadAction\",\"target\":[\"https:\/\/agenciainfra.com\/blog\/anm-superintendentes-perdem-cargos-ao-recusar-trabalho-presencial-em-brasilia\/\"]}]},{\"@type\":\"ImageObject\",\"inLanguage\":\"pt-BR\",\"@id\":\"https:\/\/agenciainfra.com\/blog\/anm-superintendentes-perdem-cargos-ao-recusar-trabalho-presencial-em-brasilia\/#primaryimage\",\"url\":\"https:\/\/agenciainfra.com\/blog\/wp-content\/uploads\/2025\/06\/anm-foto-divulgacao.png\",\"contentUrl\":\"https:\/\/agenciainfra.com\/blog\/wp-content\/uploads\/2025\/06\/anm-foto-divulgacao.png\",\"width\":964,\"height\":592,\"caption\":\"Foto: ANM\/Divulga\u00e7\u00e3o\"},{\"@type\":\"BreadcrumbList\",\"@id\":\"https:\/\/agenciainfra.com\/blog\/anm-superintendentes-perdem-cargos-ao-recusar-trabalho-presencial-em-brasilia\/#breadcrumb\",\"itemListElement\":[{\"@type\":\"ListItem\",\"position\":1,\"name\":\"In\u00edcio\",\"item\":\"https:\/\/agenciainfra.com\/blog\/\"},{\"@type\":\"ListItem\",\"position\":2,\"name\":\"ANM: Superintendentes perdem cargos ao recusar trabalho presencial em Bras\u00edlia\"}]},{\"@type\":\"WebSite\",\"@id\":\"https:\/\/agenciainfra.com\/blog\/#website\",\"url\":\"https:\/\/agenciainfra.com\/blog\/\",\"name\":\"Ag\u00eancia iNFRA\",\"description\":\"Multiplataforma de informa\u00e7\u00e3o jornal\u00edstica refer\u00eancia na \u00e1rea de infraestrutura no Brasil!\",\"publisher\":{\"@id\":\"https:\/\/agenciainfra.com\/blog\/#organization\"},\"potentialAction\":[{\"@type\":\"SearchAction\",\"target\":{\"@type\":\"EntryPoint\",\"urlTemplate\":\"https:\/\/agenciainfra.com\/blog\/?s={search_term_string}\"},\"query-input\":{\"@type\":\"PropertyValueSpecification\",\"valueRequired\":true,\"valueName\":\"search_term_string\"}}],\"inLanguage\":\"pt-BR\"},{\"@type\":\"Organization\",\"@id\":\"https:\/\/agenciainfra.com\/blog\/#organization\",\"name\":\"Ag\u00eancia iNFRA\",\"url\":\"https:\/\/agenciainfra.com\/blog\/\",\"logo\":{\"@type\":\"ImageObject\",\"inLanguage\":\"pt-BR\",\"@id\":\"https:\/\/agenciainfra.com\/blog\/#\/schema\/logo\/image\/\",\"url\":\"https:\/\/agenciainfra.com\/blog\/wp-content\/uploads\/2023\/09\/iNFRA_5-e1761735885940.png\",\"contentUrl\":\"https:\/\/agenciainfra.com\/blog\/wp-content\/uploads\/2023\/09\/iNFRA_5-e1761735885940.png\",\"width\":1672,\"height\":454,\"caption\":\"Ag\u00eancia iNFRA\"},\"image\":{\"@id\":\"https:\/\/agenciainfra.com\/blog\/#\/schema\/logo\/image\/\"},\"sameAs\":[\"https:\/\/www.facebook.com\/ageninfra\",\"https:\/\/x.com\/agencia_infra\",\"https:\/\/www.linkedin.com\/company\/ag\u00eanciainfra\/\",\"https:\/\/www.instagram.com\/agenciainfra\/\"]},{\"@type\":\"Person\",\"@id\":\"https:\/\/agenciainfra.com\/blog\/#\/schema\/person\/34af08dff6adea4cb22b06612ba7acfa\",\"name\":\"Ag\u00eancia iNFRA\",\"image\":{\"@type\":\"ImageObject\",\"inLanguage\":\"pt-BR\",\"@id\":\"https:\/\/agenciainfra.com\/blog\/#\/schema\/person\/image\/\",\"url\":\"https:\/\/secure.gravatar.com\/avatar\/d189e01678f06d8eb84d4e01f08eb848b3fffe3f8443818d3c356c66892f5be8?s=96&d=mm&r=g\",\"contentUrl\":\"https:\/\/secure.gravatar.com\/avatar\/d189e01678f06d8eb84d4e01f08eb848b3fffe3f8443818d3c356c66892f5be8?s=96&d=mm&r=g\",\"caption\":\"Ag\u00eancia iNFRA\"},\"url\":\"https:\/\/agenciainfra.com\/blog\/author\/admin\/\"}]}<\/script>\n<!-- \/ Yoast SEO Premium plugin. -->","yoast_head_json":{"title":"ANM: Superintendentes perdem cargos ao recusar trabalho presencial em Bras\u00edlia - Ag\u00eancia iNFRA","robots":{"index":"index","follow":"follow","max-snippet":"max-snippet:-1","max-image-preview":"max-image-preview:large","max-video-preview":"max-video-preview:-1"},"canonical":"https:\/\/agenciainfra.com\/blog\/anm-superintendentes-perdem-cargos-ao-recusar-trabalho-presencial-em-brasilia\/","og_locale":"pt_BR","og_type":"article","og_title":"ANM: Superintendentes perdem cargos ao recusar trabalho presencial em Bras\u00edlia","og_description":"Rafael Bitencourt, da Ag\u00eancia iNFRA Dois superintendentes deixaram o cargo esta semana como desdobramento da reestrutura\u00e7\u00e3o em curso na ANM (Ag\u00eancia Nacional de Minera\u00e7\u00e3o). Os dois servidores perderam os cargos para poderem permanecer nos estados onde est\u00e3o baseados e, assim, n\u00e3o terem que mudar para Bras\u00edlia. Rui Alberto Carvalho Giordani deixou o cargo de superintendente [&hellip;]","og_url":"https:\/\/agenciainfra.com\/blog\/anm-superintendentes-perdem-cargos-ao-recusar-trabalho-presencial-em-brasilia\/","og_site_name":"Ag\u00eancia iNFRA","article_publisher":"https:\/\/www.facebook.com\/ageninfra","article_published_time":"2025-08-15T22:02:59+00:00","article_modified_time":"2025-08-18T19:20:06+00:00","og_image":[{"width":964,"height":592,"url":"https:\/\/agenciainfra.com\/blog\/wp-content\/uploads\/2025\/06\/anm-foto-divulgacao.png","type":"image\/png"}],"author":"Ag\u00eancia iNFRA","twitter_card":"summary_large_image","twitter_creator":"@agencia_infra","twitter_site":"@agencia_infra","twitter_misc":{"Escrito por":"Ag\u00eancia iNFRA","Est. tempo de leitura":"3 minutos"},"schema":{"@context":"https:\/\/schema.org","@graph":[{"@type":"Article","@id":"https:\/\/agenciainfra.com\/blog\/anm-superintendentes-perdem-cargos-ao-recusar-trabalho-presencial-em-brasilia\/#article","isPartOf":{"@id":"https:\/\/agenciainfra.com\/blog\/anm-superintendentes-perdem-cargos-ao-recusar-trabalho-presencial-em-brasilia\/"},"author":{"name":"Ag\u00eancia iNFRA","@id":"https:\/\/agenciainfra.com\/blog\/#\/schema\/person\/34af08dff6adea4cb22b06612ba7acfa"},"headline":"ANM: Superintendentes perdem cargos ao recusar trabalho presencial em Bras\u00edlia","datePublished":"2025-08-15T22:02:59+00:00","dateModified":"2025-08-18T19:20:06+00:00","mainEntityOfPage":{"@id":"https:\/\/agenciainfra.com\/blog\/anm-superintendentes-perdem-cargos-ao-recusar-trabalho-presencial-em-brasilia\/"},"wordCount":627,"publisher":{"@id":"https:\/\/agenciainfra.com\/blog\/#organization"},"image":{"@id":"https:\/\/agenciainfra.com\/blog\/anm-superintendentes-perdem-cargos-ao-recusar-trabalho-presencial-em-brasilia\/#primaryimage"},"thumbnailUrl":"https:\/\/agenciainfra.com\/blog\/wp-content\/uploads\/2025\/06\/anm-foto-divulgacao.png","keywords":["ANM","Bras\u00edlia","minera\u00e7\u00e3o","presencial","Rafael Bitencourt","reestrutura\u00e7\u00e3o","teletrabalho"],"articleSection":["Destaque lista","Geral","Minera\u00e7\u00e3o"],"inLanguage":"pt-BR","copyrightYear":"2025","copyrightHolder":{"@id":"https:\/\/agenciainfra.com\/blog\/#organization"}},{"@type":"WebPage","@id":"https:\/\/agenciainfra.com\/blog\/anm-superintendentes-perdem-cargos-ao-recusar-trabalho-presencial-em-brasilia\/","url":"https:\/\/agenciainfra.com\/blog\/anm-superintendentes-perdem-cargos-ao-recusar-trabalho-presencial-em-brasilia\/","name":"ANM: Superintendentes perdem cargos ao recusar trabalho presencial em Bras\u00edlia - Ag\u00eancia iNFRA","isPartOf":{"@id":"https:\/\/agenciainfra.com\/blog\/#website"},"primaryImageOfPage":{"@id":"https:\/\/agenciainfra.com\/blog\/anm-superintendentes-perdem-cargos-ao-recusar-trabalho-presencial-em-brasilia\/#primaryimage"},"image":{"@id":"https:\/\/agenciainfra.com\/blog\/anm-superintendentes-perdem-cargos-ao-recusar-trabalho-presencial-em-brasilia\/#primaryimage"},"thumbnailUrl":"https:\/\/agenciainfra.com\/blog\/wp-content\/uploads\/2025\/06\/anm-foto-divulgacao.png","datePublished":"2025-08-15T22:02:59+00:00","dateModified":"2025-08-18T19:20:06+00:00","breadcrumb":{"@id":"https:\/\/agenciainfra.com\/blog\/anm-superintendentes-perdem-cargos-ao-recusar-trabalho-presencial-em-brasilia\/#breadcrumb"},"inLanguage":"pt-BR","potentialAction":[{"@type":"ReadAction","target":["https:\/\/agenciainfra.com\/blog\/anm-superintendentes-perdem-cargos-ao-recusar-trabalho-presencial-em-brasilia\/"]}]},{"@type":"ImageObject","inLanguage":"pt-BR","@id":"https:\/\/agenciainfra.com\/blog\/anm-superintendentes-perdem-cargos-ao-recusar-trabalho-presencial-em-brasilia\/#primaryimage","url":"https:\/\/agenciainfra.com\/blog\/wp-content\/uploads\/2025\/06\/anm-foto-divulgacao.png","contentUrl":"https:\/\/agenciainfra.com\/blog\/wp-content\/uploads\/2025\/06\/anm-foto-divulgacao.png","width":964,"height":592,"caption":"Foto: ANM\/Divulga\u00e7\u00e3o"},{"@type":"BreadcrumbList","@id":"https:\/\/agenciainfra.com\/blog\/anm-superintendentes-perdem-cargos-ao-recusar-trabalho-presencial-em-brasilia\/#breadcrumb","itemListElement":[{"@type":"ListItem","position":1,"name":"In\u00edcio","item":"https:\/\/agenciainfra.com\/blog\/"},{"@type":"ListItem","position":2,"name":"ANM: Superintendentes perdem cargos ao recusar trabalho presencial em Bras\u00edlia"}]},{"@type":"WebSite","@id":"https:\/\/agenciainfra.com\/blog\/#website","url":"https:\/\/agenciainfra.com\/blog\/","name":"Ag\u00eancia iNFRA","description":"Multiplataforma de informa\u00e7\u00e3o jornal\u00edstica refer\u00eancia na \u00e1rea de infraestrutura no Brasil!","publisher":{"@id":"https:\/\/agenciainfra.com\/blog\/#organization"},"potentialAction":[{"@type":"SearchAction","target":{"@type":"EntryPoint","urlTemplate":"https:\/\/agenciainfra.com\/blog\/?s={search_term_string}"},"query-input":{"@type":"PropertyValueSpecification","valueRequired":true,"valueName":"search_term_string"}}],"inLanguage":"pt-BR"},{"@type":"Organization","@id":"https:\/\/agenciainfra.com\/blog\/#organization","name":"Ag\u00eancia iNFRA","url":"https:\/\/agenciainfra.com\/blog\/","logo":{"@type":"ImageObject","inLanguage":"pt-BR","@id":"https:\/\/agenciainfra.com\/blog\/#\/schema\/logo\/image\/","url":"https:\/\/agenciainfra.com\/blog\/wp-content\/uploads\/2023\/09\/iNFRA_5-e1761735885940.png","contentUrl":"https:\/\/agenciainfra.com\/blog\/wp-content\/uploads\/2023\/09\/iNFRA_5-e1761735885940.png","width":1672,"height":454,"caption":"Ag\u00eancia iNFRA"},"image":{"@id":"https:\/\/agenciainfra.com\/blog\/#\/schema\/logo\/image\/"},"sameAs":["https:\/\/www.facebook.com\/ageninfra","https:\/\/x.com\/agencia_infra","https:\/\/www.linkedin.com\/company\/ag\u00eanciainfra\/","https:\/\/www.instagram.com\/agenciainfra\/"]},{"@type":"Person","@id":"https:\/\/agenciainfra.com\/blog\/#\/schema\/person\/34af08dff6adea4cb22b06612ba7acfa","name":"Ag\u00eancia iNFRA","image":{"@type":"ImageObject","inLanguage":"pt-BR","@id":"https:\/\/agenciainfra.com\/blog\/#\/schema\/person\/image\/","url":"https:\/\/secure.gravatar.com\/avatar\/d189e01678f06d8eb84d4e01f08eb848b3fffe3f8443818d3c356c66892f5be8?s=96&d=mm&r=g","contentUrl":"https:\/\/secure.gravatar.com\/avatar\/d189e01678f06d8eb84d4e01f08eb848b3fffe3f8443818d3c356c66892f5be8?s=96&d=mm&r=g","caption":"Ag\u00eancia iNFRA"},"url":"https:\/\/agenciainfra.com\/blog\/author\/admin\/"}]}},"_links":{"self":[{"href":"https:\/\/agenciainfra.com\/blog\/wp-json\/wp\/v2\/posts\/26334","targetHints":{"allow":["GET"]}}],"collection":[{"href":"https:\/\/agenciainfra.com\/blog\/wp-json\/wp\/v2\/posts"}],"about":[{"href":"https:\/\/agenciainfra.com\/blog\/wp-json\/wp\/v2\/types\/post"}],"author":[{"embeddable":true,"href":"https:\/\/agenciainfra.com\/blog\/wp-json\/wp\/v2\/users\/1"}],"replies":[{"embeddable":true,"href":"https:\/\/agenciainfra.com\/blog\/wp-json\/wp\/v2\/comments?post=26334"}],"version-history":[{"count":1,"href":"https:\/\/agenciainfra.com\/blog\/wp-json\/wp\/v2\/posts\/26334\/revisions"}],"predecessor-version":[{"id":26335,"href":"https:\/\/agenciainfra.com\/blog\/wp-json\/wp\/v2\/posts\/26334\/revisions\/26335"}],"wp:featuredmedia":[{"embeddable":true,"href":"https:\/\/agenciainfra.com\/blog\/wp-json\/wp\/v2\/media\/22901"}],"wp:attachment":[{"href":"https:\/\/agenciainfra.com\/blog\/wp-json\/wp\/v2\/media?parent=26334"}],"wp:term":[{"taxonomy":"category","embeddable":true,"href":"https:\/\/agenciainfra.com\/blog\/wp-json\/wp\/v2\/categories?post=26334"},{"taxonomy":"post_tag","embeddable":true,"href":"https:\/\/agenciainfra.com\/blog\/wp-json\/wp\/v2\/tags?post=26334"}],"curies":[{"name":"wp","href":"https:\/\/api.w.org\/{rel}","templated":true}]}}