{"id":26340,"date":"2025-08-18T09:00:00","date_gmt":"2025-08-18T12:00:00","guid":{"rendered":"https:\/\/agenciainfra.com\/blog\/?p=26340"},"modified":"2025-08-18T20:18:46","modified_gmt":"2025-08-18T23:18:46","slug":"leilao-do-gsf-mme-pode-estender-outorgas-se-processo-emperrar-na-aneel","status":"publish","type":"post","link":"https:\/\/agenciainfra.com\/blog\/leilao-do-gsf-mme-pode-estender-outorgas-se-processo-emperrar-na-aneel\/","title":{"rendered":"Leil\u00e3o do GSF: MME pode estender outorgas se processo emperrar na ANEEL"},"content":{"rendered":"\n<p class=\"has-text-align-right\"><strong>Geraldo Campos Jr., Marisa Wanzeller e Lais Carregosa, da Ag\u00eancia iNFRA<\/strong><\/p>\n\n\n\n<p>O MME (Minist\u00e9rio de Minas e Energia) pode avocar para si a compet\u00eancia para realizar as extens\u00f5es de outorga para as usinas hidrel\u00e9tricas que venceram o leil\u00e3o do GSF (sigla para risco hidrol\u00f3gico), caso os processos emperrem na ANEEL (Ag\u00eancia Nacional de Energia El\u00e9trica), afirmaram fontes \u00e0\u00a0<strong>Ag\u00eancia iNFRA<\/strong>. O objetivo seria garantir que os contratos sejam assinados antes de a\u00a0<a href=\"https:\/\/agenciainfra.us14.list-manage.com\/track\/click?u=d460dd1bcf9ba0ae040e1fc0f&amp;id=b592604f36&amp;e=c099169394\" target=\"_blank\" rel=\"noreferrer noopener\">MP (Medida Provis\u00f3ria) 1.300\/2025<\/a>, que cria o certame, perder a vig\u00eancia,\u00a0em 17 de setembro.\u00a0<br><br>O entendimento \u00e9 que a fun\u00e7\u00e3o de efetivar a extens\u00e3o das outorgas est\u00e1 apenas delegada \u00e0 ag\u00eancia, mas que a fun\u00e7\u00e3o de celebrar os contratos de concess\u00e3o cabe originalmente ao poder concedente. No entanto, interlocutores ponderam que, embora o MME tenha a prerrogativa, \u00e9 a ANEEL que tem a expertise na an\u00e1lise dessas repactua\u00e7\u00f5es, o que simplificaria o processo.<br><br>Na semana passada, a CCEE (C\u00e2mara de Comercializa\u00e7\u00e3o de Energia) <a href=\"https:\/\/agenciainfra.com\/blog\/leilao-do-gsf-apos-pagamentos-ccee-conclui-liquidacao-extraordinaria\/\">recebeu os pagamentos<\/a> de todas as empresas vencedoras do leil\u00e3o. Desta forma, foi conclu\u00edda a liquida\u00e7\u00e3o extraordin\u00e1ria com arrecada\u00e7\u00e3o de R$ 1,34 bilh\u00e3o do leil\u00e3o, considerando t\u00edtulos comprados pelos lances classificados e marginais.\u00a0<br><br>Agora, a c\u00e2mara tem at\u00e9 quarta-feira (20) para encaminhar \u00e0 ANEEL os c\u00e1lculos relativos \u00e0 extens\u00e3o das outorgas das usinas vencedoras. Desta forma, a reguladora teria pouco menos de um m\u00eas para analisar todo o tr\u00e2mite e assinar os contratos, tempo considerado suficiente, segundo avaliam fontes.\u00a0<br><br><strong>Caminhos na ANEEL<\/strong><br>A preocupa\u00e7\u00e3o do governo se d\u00e1 pelo risco de que as diverg\u00eancias abertas na diretoria sobre a taxa de desconto (WACC) do leil\u00e3o sejam retomadas e travem a conclus\u00e3o do processo. H\u00e1 o entendimento de que os contratos ser\u00e3o apreciados em processos separados na reguladora, podendo cada extens\u00e3o ser sorteada a diferentes relatores.\u00a0<br><br>A avalia\u00e7\u00e3o \u00e9 que os diretores teriam ent\u00e3o tr\u00eas caminhos a seguir: 1) utilizar a taxa estabelecida (10,94%) e manter os n\u00fameros de extens\u00e3o enviados pela CCEE; 2) alterar a taxa de retorno e refazer os c\u00e1lculos de extens\u00e3o da outorga; e 3) sobrestar o leil\u00e3o atrasando as assinaturas at\u00e9 que o TCU (Tribunal de Contas da Uni\u00e3o) avalie o m\u00e9rito do caso.<br><br>Neste \u00faltimo cen\u00e1rio, as extens\u00f5es acabariam ficando travadas at\u00e9 o desfecho do julgamento, o que n\u00e3o tem data para acontecer, e assim poderia acabar ultrapassando a data de vig\u00eancia da MP.<br><br>Na avalia\u00e7\u00e3o de advogados consultados pela\u00a0<strong>Ag\u00eancia iNFRA<\/strong>, apenas a assinatura dos contratos com a extens\u00e3o de outorga e a ren\u00fancia das a\u00e7\u00f5es judiciais configuraria um ato jur\u00eddico perfeito, que n\u00e3o seria questionado mesmo que a MP perca a vig\u00eancia sem ser aprovada pelo Congresso, o que precisa ser feito at\u00e9 17 de setembro.\u00a0<br><br>Caso contr\u00e1rio, os agentes poderiam recorrer \u00e0 Justi\u00e7a para ter os contratos assinados ap\u00f3s o per\u00edodo de vig\u00eancia, mas a avalia\u00e7\u00e3o \u00e9 que as chances de sucesso seriam menores. Desta forma, se a MP caducar antes da assinatura dos contratos, o valor de R$ 1,34 bilh\u00e3o seria devolvido aos agentes, avaliam fontes.<br><br><strong>TCU<\/strong><br>O ministro da corte de contas Jorge Oliveira negou pedido de cautelar para suspender o leil\u00e3o ap\u00f3s d\u00favidas levantadas pelo diretor Fernando Mosna, da ANEEL, sobre a taxa de desconto determinada pelo MME para o certame. Apesar de entender que n\u00e3o h\u00e1 risco ao interesse p\u00fablico que justifique a cautelar, <a href=\"https:\/\/agenciainfra.com\/blog\/cautelar-a-leilao-do-gsf-no-tcu-e-negada-mas-vai-para-analise-tecnica\/\">encaminhou o caso<\/a> para an\u00e1lise t\u00e9cnica sobre o m\u00e9rito.\u00a0<br><br>Fontes avaliam que a instru\u00e7\u00e3o t\u00e9cnica da \u00e1rea de auditoria especializada (AudEl\u00e9trica), que orientou a decis\u00e3o do relator e o pr\u00f3prio despacho do ministro, j\u00e1 indicam que n\u00e3o haver\u00e1 mudan\u00e7a no WACC por parte do tribunal.\u00a0<br><br>A decis\u00e3o do ministro seguiu a instru\u00e7\u00e3o t\u00e9cnica da AudEl\u00e9trica, que afirmou que \u201cn\u00e3o se vislumbra no texto legal uma veda\u00e7\u00e3o a que o MME realizasse esses c\u00e1lculos e atualiza\u00e7\u00f5es, buscando, inclusive, aplicar regras regulat\u00f3rias mais aprimoradas que as de 2015\u2033, destacam. O diretor da ANEEL Fernando Mosna argumentava que deveria ser aplicada a taxa de 2015 conforme determinava a MP\u00a01.300, de 9,63%, e n\u00e3o a estabelecida pelo MME para este ano, de 10,94%.<\/p>\n","protected":false},"excerpt":{"rendered":"<p>Geraldo Campos Jr., Marisa Wanzeller e Lais Carregosa, da Ag\u00eancia iNFRA O MME (Minist\u00e9rio de Minas e Energia) pode avocar para si a compet\u00eancia para realizar as extens\u00f5es de outorga para as usinas hidrel\u00e9tricas que venceram o leil\u00e3o do GSF (sigla para risco hidrol\u00f3gico), caso os processos emperrem na ANEEL (Ag\u00eancia Nacional de Energia El\u00e9trica), [&hellip;]<\/p>\n","protected":false},"author":1,"featured_media":24104,"comment_status":"closed","ping_status":"closed","sticky":false,"template":"","format":"standard","meta":{"_monsterinsights_skip_tracking":false,"_monsterinsights_sitenote_active":false,"_monsterinsights_sitenote_note":"","_monsterinsights_sitenote_category":0,"footnotes":""},"categories":[1,10],"tags":[53,14,7014,11594,7784,13132,13851,7366,96,13449,193,18],"class_list":["post-26340","post","type-post","status-publish","format-standard","has-post-thumbnail","hentry","category-geral","category-infraenergia","tag-aneel","tag-ccee","tag-fernando-mosna","tag-geraldo-campos-jr","tag-jorge-oliveira","tag-lais-carregosa","tag-leilao-do-gsf","tag-marisa-wanzeller","tag-ministerio-de-minas-e-energia","tag-mp-1-300","tag-risco-hidrologico","tag-tcu"],"yoast_head":"<!-- This site is optimized with the Yoast SEO Premium plugin v25.4 (Yoast SEO v26.0) - https:\/\/yoast.com\/wordpress\/plugins\/seo\/ -->\n<title>Leil\u00e3o do GSF: MME pode estender outorgas se processo emperrar na ANEEL - Ag\u00eancia iNFRA<\/title>\n<meta name=\"robots\" content=\"index, follow, max-snippet:-1, max-image-preview:large, max-video-preview:-1\" \/>\n<link rel=\"canonical\" href=\"https:\/\/agenciainfra.com\/blog\/leilao-do-gsf-mme-pode-estender-outorgas-se-processo-emperrar-na-aneel\/\" \/>\n<meta property=\"og:locale\" content=\"pt_BR\" \/>\n<meta property=\"og:type\" content=\"article\" \/>\n<meta property=\"og:title\" content=\"Leil\u00e3o do GSF: MME pode estender outorgas se processo emperrar na ANEEL\" \/>\n<meta property=\"og:description\" content=\"Geraldo Campos Jr., Marisa Wanzeller e Lais Carregosa, da Ag\u00eancia iNFRA O MME (Minist\u00e9rio de Minas e Energia) pode avocar para si a compet\u00eancia para realizar as extens\u00f5es de outorga para as usinas hidrel\u00e9tricas que venceram o leil\u00e3o do GSF (sigla para risco hidrol\u00f3gico), caso os processos emperrem na ANEEL (Ag\u00eancia Nacional de Energia El\u00e9trica), [&hellip;]\" \/>\n<meta property=\"og:url\" content=\"https:\/\/agenciainfra.com\/blog\/leilao-do-gsf-mme-pode-estender-outorgas-se-processo-emperrar-na-aneel\/\" \/>\n<meta property=\"og:site_name\" content=\"Ag\u00eancia iNFRA\" \/>\n<meta property=\"article:publisher\" content=\"https:\/\/www.facebook.com\/ageninfra\" \/>\n<meta property=\"article:published_time\" content=\"2025-08-18T12:00:00+00:00\" \/>\n<meta property=\"article:modified_time\" content=\"2025-08-18T23:18:46+00:00\" \/>\n<meta property=\"og:image\" content=\"https:\/\/agenciainfra.com\/blog\/wp-content\/uploads\/2025\/07\/ministerio-minas-energia-mme-foto-marcelo-camargo-agencia-brasil.jpg\" \/>\n\t<meta property=\"og:image:width\" content=\"1280\" \/>\n\t<meta property=\"og:image:height\" content=\"853\" \/>\n\t<meta property=\"og:image:type\" content=\"image\/jpeg\" \/>\n<meta name=\"author\" content=\"Ag\u00eancia iNFRA\" \/>\n<meta name=\"twitter:card\" content=\"summary_large_image\" \/>\n<meta name=\"twitter:creator\" content=\"@agencia_infra\" \/>\n<meta name=\"twitter:site\" content=\"@agencia_infra\" \/>\n<meta name=\"twitter:label1\" content=\"Escrito por\" \/>\n\t<meta name=\"twitter:data1\" content=\"Ag\u00eancia iNFRA\" \/>\n\t<meta name=\"twitter:label2\" content=\"Est. tempo de leitura\" \/>\n\t<meta name=\"twitter:data2\" content=\"4 minutos\" \/>\n<script type=\"application\/ld+json\" class=\"yoast-schema-graph\">{\"@context\":\"https:\/\/schema.org\",\"@graph\":[{\"@type\":\"Article\",\"@id\":\"https:\/\/agenciainfra.com\/blog\/leilao-do-gsf-mme-pode-estender-outorgas-se-processo-emperrar-na-aneel\/#article\",\"isPartOf\":{\"@id\":\"https:\/\/agenciainfra.com\/blog\/leilao-do-gsf-mme-pode-estender-outorgas-se-processo-emperrar-na-aneel\/\"},\"author\":{\"name\":\"Ag\u00eancia iNFRA\",\"@id\":\"https:\/\/agenciainfra.com\/blog\/#\/schema\/person\/34af08dff6adea4cb22b06612ba7acfa\"},\"headline\":\"Leil\u00e3o do GSF: MME pode estender outorgas se processo emperrar na ANEEL\",\"datePublished\":\"2025-08-18T12:00:00+00:00\",\"dateModified\":\"2025-08-18T23:18:46+00:00\",\"mainEntityOfPage\":{\"@id\":\"https:\/\/agenciainfra.com\/blog\/leilao-do-gsf-mme-pode-estender-outorgas-se-processo-emperrar-na-aneel\/\"},\"wordCount\":745,\"publisher\":{\"@id\":\"https:\/\/agenciainfra.com\/blog\/#organization\"},\"image\":{\"@id\":\"https:\/\/agenciainfra.com\/blog\/leilao-do-gsf-mme-pode-estender-outorgas-se-processo-emperrar-na-aneel\/#primaryimage\"},\"thumbnailUrl\":\"https:\/\/agenciainfra.com\/blog\/wp-content\/uploads\/2025\/07\/ministerio-minas-energia-mme-foto-marcelo-camargo-agencia-brasil.jpg\",\"keywords\":[\"ANEEL\",\"ccee\",\"Fernando Mosna\",\"Geraldo Campos Jr.\",\"Jorge Oliveira\",\"Lais Carregosa\",\"leil\u00e3o do GSF\",\"Marisa Wanzeller\",\"Minist\u00e9rio de Minas e Energia\",\"mp 1.300\",\"risco hidrol\u00f3gico\",\"TCU\"],\"articleSection\":[\"Geral\",\"iNFRAEnergia\"],\"inLanguage\":\"pt-BR\",\"copyrightYear\":\"2025\",\"copyrightHolder\":{\"@id\":\"https:\/\/agenciainfra.com\/blog\/#organization\"}},{\"@type\":\"WebPage\",\"@id\":\"https:\/\/agenciainfra.com\/blog\/leilao-do-gsf-mme-pode-estender-outorgas-se-processo-emperrar-na-aneel\/\",\"url\":\"https:\/\/agenciainfra.com\/blog\/leilao-do-gsf-mme-pode-estender-outorgas-se-processo-emperrar-na-aneel\/\",\"name\":\"Leil\u00e3o do GSF: MME pode estender outorgas se processo emperrar na ANEEL - Ag\u00eancia iNFRA\",\"isPartOf\":{\"@id\":\"https:\/\/agenciainfra.com\/blog\/#website\"},\"primaryImageOfPage\":{\"@id\":\"https:\/\/agenciainfra.com\/blog\/leilao-do-gsf-mme-pode-estender-outorgas-se-processo-emperrar-na-aneel\/#primaryimage\"},\"image\":{\"@id\":\"https:\/\/agenciainfra.com\/blog\/leilao-do-gsf-mme-pode-estender-outorgas-se-processo-emperrar-na-aneel\/#primaryimage\"},\"thumbnailUrl\":\"https:\/\/agenciainfra.com\/blog\/wp-content\/uploads\/2025\/07\/ministerio-minas-energia-mme-foto-marcelo-camargo-agencia-brasil.jpg\",\"datePublished\":\"2025-08-18T12:00:00+00:00\",\"dateModified\":\"2025-08-18T23:18:46+00:00\",\"breadcrumb\":{\"@id\":\"https:\/\/agenciainfra.com\/blog\/leilao-do-gsf-mme-pode-estender-outorgas-se-processo-emperrar-na-aneel\/#breadcrumb\"},\"inLanguage\":\"pt-BR\",\"potentialAction\":[{\"@type\":\"ReadAction\",\"target\":[\"https:\/\/agenciainfra.com\/blog\/leilao-do-gsf-mme-pode-estender-outorgas-se-processo-emperrar-na-aneel\/\"]}]},{\"@type\":\"ImageObject\",\"inLanguage\":\"pt-BR\",\"@id\":\"https:\/\/agenciainfra.com\/blog\/leilao-do-gsf-mme-pode-estender-outorgas-se-processo-emperrar-na-aneel\/#primaryimage\",\"url\":\"https:\/\/agenciainfra.com\/blog\/wp-content\/uploads\/2025\/07\/ministerio-minas-energia-mme-foto-marcelo-camargo-agencia-brasil.jpg\",\"contentUrl\":\"https:\/\/agenciainfra.com\/blog\/wp-content\/uploads\/2025\/07\/ministerio-minas-energia-mme-foto-marcelo-camargo-agencia-brasil.jpg\",\"width\":1280,\"height\":853,\"caption\":\"Foto: Marcelo Camargo\/Ag\u00eancia Brasil\"},{\"@type\":\"BreadcrumbList\",\"@id\":\"https:\/\/agenciainfra.com\/blog\/leilao-do-gsf-mme-pode-estender-outorgas-se-processo-emperrar-na-aneel\/#breadcrumb\",\"itemListElement\":[{\"@type\":\"ListItem\",\"position\":1,\"name\":\"In\u00edcio\",\"item\":\"https:\/\/agenciainfra.com\/blog\/\"},{\"@type\":\"ListItem\",\"position\":2,\"name\":\"Leil\u00e3o do GSF: MME pode estender outorgas se processo emperrar na ANEEL\"}]},{\"@type\":\"WebSite\",\"@id\":\"https:\/\/agenciainfra.com\/blog\/#website\",\"url\":\"https:\/\/agenciainfra.com\/blog\/\",\"name\":\"Ag\u00eancia iNFRA\",\"description\":\"Multiplataforma de informa\u00e7\u00e3o jornal\u00edstica refer\u00eancia na \u00e1rea de infraestrutura no Brasil!\",\"publisher\":{\"@id\":\"https:\/\/agenciainfra.com\/blog\/#organization\"},\"potentialAction\":[{\"@type\":\"SearchAction\",\"target\":{\"@type\":\"EntryPoint\",\"urlTemplate\":\"https:\/\/agenciainfra.com\/blog\/?s={search_term_string}\"},\"query-input\":{\"@type\":\"PropertyValueSpecification\",\"valueRequired\":true,\"valueName\":\"search_term_string\"}}],\"inLanguage\":\"pt-BR\"},{\"@type\":\"Organization\",\"@id\":\"https:\/\/agenciainfra.com\/blog\/#organization\",\"name\":\"Ag\u00eancia iNFRA\",\"url\":\"https:\/\/agenciainfra.com\/blog\/\",\"logo\":{\"@type\":\"ImageObject\",\"inLanguage\":\"pt-BR\",\"@id\":\"https:\/\/agenciainfra.com\/blog\/#\/schema\/logo\/image\/\",\"url\":\"https:\/\/agenciainfra.com\/blog\/wp-content\/uploads\/2023\/09\/iNFRA_5-e1761735885940.png\",\"contentUrl\":\"https:\/\/agenciainfra.com\/blog\/wp-content\/uploads\/2023\/09\/iNFRA_5-e1761735885940.png\",\"width\":1672,\"height\":454,\"caption\":\"Ag\u00eancia iNFRA\"},\"image\":{\"@id\":\"https:\/\/agenciainfra.com\/blog\/#\/schema\/logo\/image\/\"},\"sameAs\":[\"https:\/\/www.facebook.com\/ageninfra\",\"https:\/\/x.com\/agencia_infra\",\"https:\/\/www.linkedin.com\/company\/ag\u00eanciainfra\/\",\"https:\/\/www.instagram.com\/agenciainfra\/\"]},{\"@type\":\"Person\",\"@id\":\"https:\/\/agenciainfra.com\/blog\/#\/schema\/person\/34af08dff6adea4cb22b06612ba7acfa\",\"name\":\"Ag\u00eancia iNFRA\",\"image\":{\"@type\":\"ImageObject\",\"inLanguage\":\"pt-BR\",\"@id\":\"https:\/\/agenciainfra.com\/blog\/#\/schema\/person\/image\/\",\"url\":\"https:\/\/secure.gravatar.com\/avatar\/d189e01678f06d8eb84d4e01f08eb848b3fffe3f8443818d3c356c66892f5be8?s=96&d=mm&r=g\",\"contentUrl\":\"https:\/\/secure.gravatar.com\/avatar\/d189e01678f06d8eb84d4e01f08eb848b3fffe3f8443818d3c356c66892f5be8?s=96&d=mm&r=g\",\"caption\":\"Ag\u00eancia iNFRA\"},\"url\":\"https:\/\/agenciainfra.com\/blog\/author\/admin\/\"}]}<\/script>\n<!-- \/ Yoast SEO Premium plugin. -->","yoast_head_json":{"title":"Leil\u00e3o do GSF: MME pode estender outorgas se processo emperrar na ANEEL - Ag\u00eancia iNFRA","robots":{"index":"index","follow":"follow","max-snippet":"max-snippet:-1","max-image-preview":"max-image-preview:large","max-video-preview":"max-video-preview:-1"},"canonical":"https:\/\/agenciainfra.com\/blog\/leilao-do-gsf-mme-pode-estender-outorgas-se-processo-emperrar-na-aneel\/","og_locale":"pt_BR","og_type":"article","og_title":"Leil\u00e3o do GSF: MME pode estender outorgas se processo emperrar na ANEEL","og_description":"Geraldo Campos Jr., Marisa Wanzeller e Lais Carregosa, da Ag\u00eancia iNFRA O MME (Minist\u00e9rio de Minas e Energia) pode avocar para si a compet\u00eancia para realizar as extens\u00f5es de outorga para as usinas hidrel\u00e9tricas que venceram o leil\u00e3o do GSF (sigla para risco hidrol\u00f3gico), caso os processos emperrem na ANEEL (Ag\u00eancia Nacional de Energia El\u00e9trica), [&hellip;]","og_url":"https:\/\/agenciainfra.com\/blog\/leilao-do-gsf-mme-pode-estender-outorgas-se-processo-emperrar-na-aneel\/","og_site_name":"Ag\u00eancia iNFRA","article_publisher":"https:\/\/www.facebook.com\/ageninfra","article_published_time":"2025-08-18T12:00:00+00:00","article_modified_time":"2025-08-18T23:18:46+00:00","og_image":[{"width":1280,"height":853,"url":"https:\/\/agenciainfra.com\/blog\/wp-content\/uploads\/2025\/07\/ministerio-minas-energia-mme-foto-marcelo-camargo-agencia-brasil.jpg","type":"image\/jpeg"}],"author":"Ag\u00eancia iNFRA","twitter_card":"summary_large_image","twitter_creator":"@agencia_infra","twitter_site":"@agencia_infra","twitter_misc":{"Escrito por":"Ag\u00eancia iNFRA","Est. tempo de leitura":"4 minutos"},"schema":{"@context":"https:\/\/schema.org","@graph":[{"@type":"Article","@id":"https:\/\/agenciainfra.com\/blog\/leilao-do-gsf-mme-pode-estender-outorgas-se-processo-emperrar-na-aneel\/#article","isPartOf":{"@id":"https:\/\/agenciainfra.com\/blog\/leilao-do-gsf-mme-pode-estender-outorgas-se-processo-emperrar-na-aneel\/"},"author":{"name":"Ag\u00eancia iNFRA","@id":"https:\/\/agenciainfra.com\/blog\/#\/schema\/person\/34af08dff6adea4cb22b06612ba7acfa"},"headline":"Leil\u00e3o do GSF: MME pode estender outorgas se processo emperrar na ANEEL","datePublished":"2025-08-18T12:00:00+00:00","dateModified":"2025-08-18T23:18:46+00:00","mainEntityOfPage":{"@id":"https:\/\/agenciainfra.com\/blog\/leilao-do-gsf-mme-pode-estender-outorgas-se-processo-emperrar-na-aneel\/"},"wordCount":745,"publisher":{"@id":"https:\/\/agenciainfra.com\/blog\/#organization"},"image":{"@id":"https:\/\/agenciainfra.com\/blog\/leilao-do-gsf-mme-pode-estender-outorgas-se-processo-emperrar-na-aneel\/#primaryimage"},"thumbnailUrl":"https:\/\/agenciainfra.com\/blog\/wp-content\/uploads\/2025\/07\/ministerio-minas-energia-mme-foto-marcelo-camargo-agencia-brasil.jpg","keywords":["ANEEL","ccee","Fernando Mosna","Geraldo Campos Jr.","Jorge Oliveira","Lais Carregosa","leil\u00e3o do GSF","Marisa Wanzeller","Minist\u00e9rio de Minas e Energia","mp 1.300","risco hidrol\u00f3gico","TCU"],"articleSection":["Geral","iNFRAEnergia"],"inLanguage":"pt-BR","copyrightYear":"2025","copyrightHolder":{"@id":"https:\/\/agenciainfra.com\/blog\/#organization"}},{"@type":"WebPage","@id":"https:\/\/agenciainfra.com\/blog\/leilao-do-gsf-mme-pode-estender-outorgas-se-processo-emperrar-na-aneel\/","url":"https:\/\/agenciainfra.com\/blog\/leilao-do-gsf-mme-pode-estender-outorgas-se-processo-emperrar-na-aneel\/","name":"Leil\u00e3o do GSF: MME pode estender outorgas se processo emperrar na ANEEL - Ag\u00eancia iNFRA","isPartOf":{"@id":"https:\/\/agenciainfra.com\/blog\/#website"},"primaryImageOfPage":{"@id":"https:\/\/agenciainfra.com\/blog\/leilao-do-gsf-mme-pode-estender-outorgas-se-processo-emperrar-na-aneel\/#primaryimage"},"image":{"@id":"https:\/\/agenciainfra.com\/blog\/leilao-do-gsf-mme-pode-estender-outorgas-se-processo-emperrar-na-aneel\/#primaryimage"},"thumbnailUrl":"https:\/\/agenciainfra.com\/blog\/wp-content\/uploads\/2025\/07\/ministerio-minas-energia-mme-foto-marcelo-camargo-agencia-brasil.jpg","datePublished":"2025-08-18T12:00:00+00:00","dateModified":"2025-08-18T23:18:46+00:00","breadcrumb":{"@id":"https:\/\/agenciainfra.com\/blog\/leilao-do-gsf-mme-pode-estender-outorgas-se-processo-emperrar-na-aneel\/#breadcrumb"},"inLanguage":"pt-BR","potentialAction":[{"@type":"ReadAction","target":["https:\/\/agenciainfra.com\/blog\/leilao-do-gsf-mme-pode-estender-outorgas-se-processo-emperrar-na-aneel\/"]}]},{"@type":"ImageObject","inLanguage":"pt-BR","@id":"https:\/\/agenciainfra.com\/blog\/leilao-do-gsf-mme-pode-estender-outorgas-se-processo-emperrar-na-aneel\/#primaryimage","url":"https:\/\/agenciainfra.com\/blog\/wp-content\/uploads\/2025\/07\/ministerio-minas-energia-mme-foto-marcelo-camargo-agencia-brasil.jpg","contentUrl":"https:\/\/agenciainfra.com\/blog\/wp-content\/uploads\/2025\/07\/ministerio-minas-energia-mme-foto-marcelo-camargo-agencia-brasil.jpg","width":1280,"height":853,"caption":"Foto: Marcelo Camargo\/Ag\u00eancia Brasil"},{"@type":"BreadcrumbList","@id":"https:\/\/agenciainfra.com\/blog\/leilao-do-gsf-mme-pode-estender-outorgas-se-processo-emperrar-na-aneel\/#breadcrumb","itemListElement":[{"@type":"ListItem","position":1,"name":"In\u00edcio","item":"https:\/\/agenciainfra.com\/blog\/"},{"@type":"ListItem","position":2,"name":"Leil\u00e3o do GSF: MME pode estender outorgas se processo emperrar na ANEEL"}]},{"@type":"WebSite","@id":"https:\/\/agenciainfra.com\/blog\/#website","url":"https:\/\/agenciainfra.com\/blog\/","name":"Ag\u00eancia iNFRA","description":"Multiplataforma de informa\u00e7\u00e3o jornal\u00edstica refer\u00eancia na \u00e1rea de infraestrutura no Brasil!","publisher":{"@id":"https:\/\/agenciainfra.com\/blog\/#organization"},"potentialAction":[{"@type":"SearchAction","target":{"@type":"EntryPoint","urlTemplate":"https:\/\/agenciainfra.com\/blog\/?s={search_term_string}"},"query-input":{"@type":"PropertyValueSpecification","valueRequired":true,"valueName":"search_term_string"}}],"inLanguage":"pt-BR"},{"@type":"Organization","@id":"https:\/\/agenciainfra.com\/blog\/#organization","name":"Ag\u00eancia iNFRA","url":"https:\/\/agenciainfra.com\/blog\/","logo":{"@type":"ImageObject","inLanguage":"pt-BR","@id":"https:\/\/agenciainfra.com\/blog\/#\/schema\/logo\/image\/","url":"https:\/\/agenciainfra.com\/blog\/wp-content\/uploads\/2023\/09\/iNFRA_5-e1761735885940.png","contentUrl":"https:\/\/agenciainfra.com\/blog\/wp-content\/uploads\/2023\/09\/iNFRA_5-e1761735885940.png","width":1672,"height":454,"caption":"Ag\u00eancia iNFRA"},"image":{"@id":"https:\/\/agenciainfra.com\/blog\/#\/schema\/logo\/image\/"},"sameAs":["https:\/\/www.facebook.com\/ageninfra","https:\/\/x.com\/agencia_infra","https:\/\/www.linkedin.com\/company\/ag\u00eanciainfra\/","https:\/\/www.instagram.com\/agenciainfra\/"]},{"@type":"Person","@id":"https:\/\/agenciainfra.com\/blog\/#\/schema\/person\/34af08dff6adea4cb22b06612ba7acfa","name":"Ag\u00eancia iNFRA","image":{"@type":"ImageObject","inLanguage":"pt-BR","@id":"https:\/\/agenciainfra.com\/blog\/#\/schema\/person\/image\/","url":"https:\/\/secure.gravatar.com\/avatar\/d189e01678f06d8eb84d4e01f08eb848b3fffe3f8443818d3c356c66892f5be8?s=96&d=mm&r=g","contentUrl":"https:\/\/secure.gravatar.com\/avatar\/d189e01678f06d8eb84d4e01f08eb848b3fffe3f8443818d3c356c66892f5be8?s=96&d=mm&r=g","caption":"Ag\u00eancia iNFRA"},"url":"https:\/\/agenciainfra.com\/blog\/author\/admin\/"}]}},"_links":{"self":[{"href":"https:\/\/agenciainfra.com\/blog\/wp-json\/wp\/v2\/posts\/26340","targetHints":{"allow":["GET"]}}],"collection":[{"href":"https:\/\/agenciainfra.com\/blog\/wp-json\/wp\/v2\/posts"}],"about":[{"href":"https:\/\/agenciainfra.com\/blog\/wp-json\/wp\/v2\/types\/post"}],"author":[{"embeddable":true,"href":"https:\/\/agenciainfra.com\/blog\/wp-json\/wp\/v2\/users\/1"}],"replies":[{"embeddable":true,"href":"https:\/\/agenciainfra.com\/blog\/wp-json\/wp\/v2\/comments?post=26340"}],"version-history":[{"count":1,"href":"https:\/\/agenciainfra.com\/blog\/wp-json\/wp\/v2\/posts\/26340\/revisions"}],"predecessor-version":[{"id":26341,"href":"https:\/\/agenciainfra.com\/blog\/wp-json\/wp\/v2\/posts\/26340\/revisions\/26341"}],"wp:featuredmedia":[{"embeddable":true,"href":"https:\/\/agenciainfra.com\/blog\/wp-json\/wp\/v2\/media\/24104"}],"wp:attachment":[{"href":"https:\/\/agenciainfra.com\/blog\/wp-json\/wp\/v2\/media?parent=26340"}],"wp:term":[{"taxonomy":"category","embeddable":true,"href":"https:\/\/agenciainfra.com\/blog\/wp-json\/wp\/v2\/categories?post=26340"},{"taxonomy":"post_tag","embeddable":true,"href":"https:\/\/agenciainfra.com\/blog\/wp-json\/wp\/v2\/tags?post=26340"}],"curies":[{"name":"wp","href":"https:\/\/api.w.org\/{rel}","templated":true}]}}