{"id":26358,"date":"2025-08-18T13:13:30","date_gmt":"2025-08-18T16:13:30","guid":{"rendered":"https:\/\/agenciainfra.com\/blog\/?p=26358"},"modified":"2025-08-19T12:48:26","modified_gmt":"2025-08-19T15:48:26","slug":"proposta-de-credito-do-fnac-para-aereas-deve-avancar-em-setembro","status":"publish","type":"post","link":"https:\/\/agenciainfra.com\/blog\/proposta-de-credito-do-fnac-para-aereas-deve-avancar-em-setembro\/","title":{"rendered":"Proposta de cr\u00e9dito do FNAC para a\u00e9reas deve avan\u00e7ar em setembro"},"content":{"rendered":"\n<p class=\"has-text-align-right\"><strong>Amanda Pupo e Mar\u00edlia Sena, da Ag\u00eancia iNFRA<\/strong><\/p>\n\n\n\n<p>O governo federal pode aprovar no pr\u00f3ximo m\u00eas as condi\u00e7\u00f5es do financiamento elaborado para as empresas a\u00e9reas com R$ 4 bilh\u00f5es de recursos do FNAC (Fundo Nacional de Avia\u00e7\u00e3o Civil). Contando com oito linhas de cr\u00e9dito e taxas de juros subsidiadas, a proposta foi finalizada pelo comit\u00ea-gestor do fundo, e a expectativa do MPor (Minist\u00e9rio de Portos e Aeroportos) \u00e9 de que toda a documenta\u00e7\u00e3o necess\u00e1ria seja encaminhada em tempo h\u00e1bil para o Minist\u00e9rio da Fazenda levar o assunto \u00e0 reuni\u00e3o do CMN (Conselho Monet\u00e1rio Nacional) de setembro.\u00a0<br><br>As etapas seguintes que ainda precisar\u00e3o ser cumpridas devem jogar a assinatura dos primeiros contratos para 2026. \u201cO fechamento dos contratos vai depender n\u00e3o s\u00f3 do banco, mas de as empresas comprovarem as condi\u00e7\u00f5es de acesso. \u00c9 algo novo\u201d, disse \u00e0\u00a0<strong>Ag\u00eancia iNFRA\u00a0<\/strong>a diretora de Planejamento e Fomento da Secretaria de Avia\u00e7\u00e3o Civil da pasta, J\u00falia Lopes.<br><br>Mas a aprova\u00e7\u00e3o das regras pelo CMN j\u00e1 \u00e9 considerada um marco importante, porque a partir dela as companhias a\u00e9reas ter\u00e3o as informa\u00e7\u00f5es essenciais para preparar suas propostas, avalia o MPor. As taxas ser\u00e3o divulgadas assim que o conselho monet\u00e1rio chancelar a minuta do comit\u00ea-gestor do FNAC, mas Lopes adianta que o governo trabalha com um piso de juros semelhante ao custo de financiamento do Fundo Clima, hoje em 6,5% ao ano \u2013 bem abaixo da Selic, hoje em 15%.\u00a0<br><br>Haver\u00e1 uma diferencia\u00e7\u00e3o das taxas aplicada para cada linha do financiamento. \u201cTer\u00e1 linha para infraestrutura, como constru\u00e7\u00e3o de hangares, tem linha para SAF [combust\u00edvel sustent\u00e1vel de avia\u00e7\u00e3o], linha para aquisi\u00e7\u00e3o de aeronaves, linha para manuten\u00e7\u00e3o de motores e equipamentos, por exemplo\u201d, contou o secret\u00e1rio nacional de Avia\u00e7\u00e3o Civil do MPor, Daniel Longo.\u00a0<br><br>O socorro financeiro para as a\u00e9reas, que reclamam do alto custo de opera\u00e7\u00e3o no Brasil, \u00e9 arquitetado desde 2024. A autoriza\u00e7\u00e3o pelo Congresso ocorreu em agosto do ano passado, e os R$ 4 bilh\u00f5es disponibilizados\u00a0para este primeiro momento tiveram aval dos parlamentares em dezembro. Com isso, o Executivo chegou a prever que as opera\u00e7\u00f5es poderiam ser fechadas ainda nos primeiros meses deste ano. O debate sobre as condi\u00e7\u00f5es e as garantias que ser\u00e3o aceitas, por sua vez, alongou os prazos.\u00a0<br><br>Parte do governo chegou a avaliar a possibilidade de o FGE (Fundo de Garantia \u00e0 Exporta\u00e7\u00e3o) ser usado como garantidor nos empr\u00e9stimos, mas a solu\u00e7\u00e3o n\u00e3o foi para frente nesta primeira fase. Com isso, as empresas ter\u00e3o de buscar uma solu\u00e7\u00e3o privada para apresentarem ao BNDES (Banco Nacional de Desenvolvimento Econ\u00f4mico e Social), que ser\u00e1 o operador do programa, ou a outros bancos que poder\u00e3o ser habilitados.<br><br>\u201cAt\u00e9 pensamos em voltar com essa discuss\u00e3o [do FGE] mais para frente a partir do momento em que j\u00e1 estiver rodando. Mas, por ora, nesse primeiro ano pelo menos, elas v\u00e3o ter que buscar uma solu\u00e7\u00e3o privada mesmo, uma carta de cr\u00e9dito, uma carta de fian\u00e7a. Vai ser um custo, mas ainda assim a gente entende que o financiamento vai valer a pena\u201d, disse Lopes.<br><br><strong>Cr\u00e9dito em real\u00a0<\/strong><br>Na avalia\u00e7\u00e3o da SAC, um dos destaques do programa \u00e9 que todas as linhas ser\u00e3o ofertadas em real, e n\u00e3o em d\u00f3lar, o que reduz a exposi\u00e7\u00e3o do setor \u00e0 volatilidade do c\u00e2mbio. No Brasil, as a\u00e9reas pagam uma parcela\u00a0alta de despesa dolarizada, enquanto as receitas entram em real, o que fragiliza o caixa especialmente em per\u00edodos de desvaloriza\u00e7\u00e3o da moeda local. Quando elas captam recursos em d\u00f3lar, as companhias ficam \u201cduplamente sujeitas ao risco cambial\u201d, apontou\u00a0Longo.\u00a0\u201cAgora, quando se financiam em moeda corrente, o risco operacional vinculado ao c\u00e2mbio continua a existir, mas o risco para o financiamento fica mitigado\u201d, explicou.<br><br>Nos \u00faltimos dez anos, as companhias\u00a0enfrentaram problemas econ\u00f4micos e financeiros que levaram as tr\u00eas grandes a\u00e9reas dom\u00e9sticas a buscar reestrutura\u00e7\u00f5es em processos de recupera\u00e7\u00e3o judicial \u2013 o mais recente, da Azul. Neste contexto, as empresas t\u00eam esperado a operacionaliza\u00e7\u00e3o do empr\u00e9stimo do FNAC com a expectativa de que a medida seja estruturante e gere efeitos no\u00a0longo prazo.\u00a0<br><br>A libera\u00e7\u00e3o dos recursos do fundo para essa finalidade precisar\u00e1 ser aprovada no or\u00e7amento ano a ano. O MPor diz que trabalha para reservar uma fatia de recursos na pe\u00e7a or\u00e7ament\u00e1ria de 2026, em elabora\u00e7\u00e3o para ser enviada ao Congresso at\u00e9 o fim de agosto. \u201cEstamos solicitando nos tr\u00e2mites comuns\u201d, contou a diretora de Planejamento e Fomento, para quem o espa\u00e7o do financiamento no futuro tamb\u00e9m vai depender de como ser\u00e1 a demanda nesta estreia e do pr\u00f3prio saldo do FNAC.\u00a0<br><br>Embora os R$ 4 bilh\u00f5es j\u00e1 garantidos tenham sido aprovados no fim de 2024, o uso dos recursos agora n\u00e3o vai depender de um novo PLN (Projeto de Lei do Congresso Nacional), apenas de um procedimento junto \u00e0 SOF (Secretaria do Or\u00e7amento Federal).\u00a0<br><br>Ap\u00f3s a defini\u00e7\u00e3o das regras pelo CMN, o comit\u00ea-gestor do FNAC ainda precisar\u00e1 aprovar a resolu\u00e7\u00e3o que vai dispor, por exemplo, sobre a divis\u00e3o dos recursos entre as empresas. Em paralelo, a pasta discute o conv\u00eanio que vai possibilitar que o BNDES seja o agente operador. Quando as linhas j\u00e1 estiverem rodando, as empresas primeiro apresentar\u00e3o a proposta ao minist\u00e9rio, que levar\u00e1 para aprova\u00e7\u00e3o do comit\u00ea-gestor, que ent\u00e3o vai liberar ao BNDES os recursos chancelados. \u00a0<br><br><strong>Avia\u00e7\u00e3o Regional<\/strong><br>Para acessar este cr\u00e9dito subsidiado, as a\u00e9reas ter\u00e3o de se adequar a contrapartidas relacionadas \u00e0\u00a0sustentabilidade e \u00e0 avia\u00e7\u00e3o regional. Por isso, o MPor considera que o programa\u00a0\u00e9 complementar ao AmpliAR, pol\u00edtica de concess\u00e3o de aeroportos regionais que vai estrear neste ano. Como <a href=\"https:\/\/agenciainfra.com\/blog\/doze-aeroportos-do-ampliar-nao-tem-voos-regulares-governo-conta-com-investimento-privado-para-atrair-aereas\/\">mostrou<\/a> a\u00a0<strong>Ag\u00eancia iNFRA<\/strong>, um dos grandes desafios do AmpliAR \u00e9 a\u00a0aus\u00eancia\u00a0de rotas regulares na grande maioria dos 19 terminais que ser\u00e3o ofertados na primeira licita\u00e7\u00e3o, localizados na Amaz\u00f4nia Legal e no Nordeste.<br><br>O secret\u00e1rio de Avia\u00e7\u00e3o Civil reconhece o desafio, mas avaliou que h\u00e1 \u201ctiming\u201d adequado para testar o projeto e amadurec\u00ea-lo, assim como aconteceu com as rodadas de concess\u00e3o dos grandes aeroportos.<br><br>\u201cDe um lado, com o AmpliAR, tentamos adequar a infraestrutura para que as empresas consigam expandir suas opera\u00e7\u00f5es para localidades que hoje n\u00e3o s\u00e3o atendidas ou n\u00e3o s\u00e3o suficientemente atendidas. E de outro,\u00a0tentemos reduzir o custo de capital das empresas a\u00e9reas para dot\u00e1-las de um pouco mais\u00a0de sa\u00fade financeira e para elas conseguirem expandir sua malha\u201d, comentou Longo, que \u00e9 especialista em regula\u00e7\u00e3o da ANAC (Ag\u00eancia Nacional de Avia\u00e7\u00e3o Civil) e assumiu recentemente a SAC ap\u00f3s Tom\u00e9 Franca ir para a Secretaria-Executiva do MPor. Antes, Longo era diretor de Outorgas, Patrim\u00f4nio e Pol\u00edticas Regulat\u00f3rias Aeroportu\u00e1rias da pasta.\u00a0<br><br>Para ele, embora as empresas hoje estejam num momento de retra\u00e7\u00e3o de malha e de estabiliza\u00e7\u00e3o no resultado financeiro, a expectativa \u00e9 de que esse cen\u00e1rio anteceda uma trajet\u00f3ria de crescimento. \u201cDesde o ano passado as empresas voltaram a ter resultado operacional positivo, embora duas delas ainda tenham custo de capital bastante elevado\u201d, avaliou.<\/p>\n","protected":false},"excerpt":{"rendered":"<p>Amanda Pupo e Mar\u00edlia Sena, da Ag\u00eancia iNFRA O governo federal pode aprovar no pr\u00f3ximo m\u00eas as condi\u00e7\u00f5es do financiamento elaborado para as empresas a\u00e9reas com R$ 4 bilh\u00f5es de recursos do FNAC (Fundo Nacional de Avia\u00e7\u00e3o Civil). Contando com oito linhas de cr\u00e9dito e taxas de juros subsidiadas, a proposta foi finalizada pelo comit\u00ea-gestor [&hellip;]<\/p>\n","protected":false},"author":1,"featured_media":4873,"comment_status":"closed","ping_status":"closed","sticky":false,"template":"","format":"standard","meta":{"_monsterinsights_skip_tracking":false,"_monsterinsights_sitenote_active":false,"_monsterinsights_sitenote_note":"","_monsterinsights_sitenote_category":0,"footnotes":""},"categories":[1,7],"tags":[13354,11881,599,1151,10265,14455,334,734,14866,11654],"class_list":["post-26358","post","type-post","status-publish","format-standard","has-post-thumbnail","hentry","category-geral","category-infratransporte","tag-amanda-pupo","tag-ampliar","tag-aviacao-civil","tag-aviacao-regional","tag-conselho-monetario-nacional","tag-daniel-longo","tag-empresas-aereas","tag-fnac","tag-julia-lopes","tag-marilia-sena"],"yoast_head":"<!-- This site is optimized with the Yoast SEO Premium plugin v25.4 (Yoast SEO v26.0) - https:\/\/yoast.com\/wordpress\/plugins\/seo\/ -->\n<title>Proposta de cr\u00e9dito do FNAC para a\u00e9reas deve avan\u00e7ar em setembro - Ag\u00eancia iNFRA<\/title>\n<meta name=\"robots\" content=\"index, follow, max-snippet:-1, max-image-preview:large, max-video-preview:-1\" \/>\n<link rel=\"canonical\" href=\"https:\/\/agenciainfra.com\/blog\/proposta-de-credito-do-fnac-para-aereas-deve-avancar-em-setembro\/\" \/>\n<meta property=\"og:locale\" content=\"pt_BR\" \/>\n<meta property=\"og:type\" content=\"article\" \/>\n<meta property=\"og:title\" content=\"Proposta de cr\u00e9dito do FNAC para a\u00e9reas deve avan\u00e7ar em setembro\" \/>\n<meta property=\"og:description\" content=\"Amanda Pupo e Mar\u00edlia Sena, da Ag\u00eancia iNFRA O governo federal pode aprovar no pr\u00f3ximo m\u00eas as condi\u00e7\u00f5es do financiamento elaborado para as empresas a\u00e9reas com R$ 4 bilh\u00f5es de recursos do FNAC (Fundo Nacional de Avia\u00e7\u00e3o Civil). Contando com oito linhas de cr\u00e9dito e taxas de juros subsidiadas, a proposta foi finalizada pelo comit\u00ea-gestor [&hellip;]\" \/>\n<meta property=\"og:url\" content=\"https:\/\/agenciainfra.com\/blog\/proposta-de-credito-do-fnac-para-aereas-deve-avancar-em-setembro\/\" \/>\n<meta property=\"og:site_name\" content=\"Ag\u00eancia iNFRA\" \/>\n<meta property=\"article:publisher\" content=\"https:\/\/www.facebook.com\/ageninfra\" \/>\n<meta property=\"article:published_time\" content=\"2025-08-18T16:13:30+00:00\" \/>\n<meta property=\"article:modified_time\" content=\"2025-08-19T15:48:26+00:00\" \/>\n<meta property=\"og:image\" content=\"https:\/\/agenciainfra.com\/blog\/wp-content\/uploads\/2020\/05\/aviao-voo-dominio-publico.jpg\" \/>\n\t<meta property=\"og:image:width\" content=\"1200\" \/>\n\t<meta property=\"og:image:height\" content=\"800\" \/>\n\t<meta property=\"og:image:type\" content=\"image\/jpeg\" \/>\n<meta name=\"author\" content=\"Ag\u00eancia iNFRA\" \/>\n<meta name=\"twitter:card\" content=\"summary_large_image\" \/>\n<meta name=\"twitter:creator\" content=\"@agencia_infra\" \/>\n<meta name=\"twitter:site\" content=\"@agencia_infra\" \/>\n<meta name=\"twitter:label1\" content=\"Escrito por\" \/>\n\t<meta name=\"twitter:data1\" content=\"Ag\u00eancia iNFRA\" \/>\n\t<meta name=\"twitter:label2\" content=\"Est. tempo de leitura\" \/>\n\t<meta name=\"twitter:data2\" content=\"6 minutos\" \/>\n<script type=\"application\/ld+json\" class=\"yoast-schema-graph\">{\"@context\":\"https:\/\/schema.org\",\"@graph\":[{\"@type\":\"Article\",\"@id\":\"https:\/\/agenciainfra.com\/blog\/proposta-de-credito-do-fnac-para-aereas-deve-avancar-em-setembro\/#article\",\"isPartOf\":{\"@id\":\"https:\/\/agenciainfra.com\/blog\/proposta-de-credito-do-fnac-para-aereas-deve-avancar-em-setembro\/\"},\"author\":{\"name\":\"Ag\u00eancia iNFRA\",\"@id\":\"https:\/\/agenciainfra.com\/blog\/#\/schema\/person\/34af08dff6adea4cb22b06612ba7acfa\"},\"headline\":\"Proposta de cr\u00e9dito do FNAC para a\u00e9reas deve avan\u00e7ar em setembro\",\"datePublished\":\"2025-08-18T16:13:30+00:00\",\"dateModified\":\"2025-08-19T15:48:26+00:00\",\"mainEntityOfPage\":{\"@id\":\"https:\/\/agenciainfra.com\/blog\/proposta-de-credito-do-fnac-para-aereas-deve-avancar-em-setembro\/\"},\"wordCount\":1255,\"publisher\":{\"@id\":\"https:\/\/agenciainfra.com\/blog\/#organization\"},\"image\":{\"@id\":\"https:\/\/agenciainfra.com\/blog\/proposta-de-credito-do-fnac-para-aereas-deve-avancar-em-setembro\/#primaryimage\"},\"thumbnailUrl\":\"https:\/\/agenciainfra.com\/blog\/wp-content\/uploads\/2020\/05\/aviao-voo-dominio-publico.jpg\",\"keywords\":[\"Amanda Pupo\",\"AmpliAR\",\"avia\u00e7\u00e3o civil\",\"avia\u00e7\u00e3o regional\",\"Conselho Monet\u00e1rio Nacional\",\"Daniel Longo\",\"empresas a\u00e9reas\",\"FNAC\",\"J\u00falia Lopes\",\"Mar\u00edlia Sena\"],\"articleSection\":[\"Geral\",\"iNFRATransporte\"],\"inLanguage\":\"pt-BR\",\"copyrightYear\":\"2025\",\"copyrightHolder\":{\"@id\":\"https:\/\/agenciainfra.com\/blog\/#organization\"}},{\"@type\":\"WebPage\",\"@id\":\"https:\/\/agenciainfra.com\/blog\/proposta-de-credito-do-fnac-para-aereas-deve-avancar-em-setembro\/\",\"url\":\"https:\/\/agenciainfra.com\/blog\/proposta-de-credito-do-fnac-para-aereas-deve-avancar-em-setembro\/\",\"name\":\"Proposta de cr\u00e9dito do FNAC para a\u00e9reas deve avan\u00e7ar em setembro - Ag\u00eancia iNFRA\",\"isPartOf\":{\"@id\":\"https:\/\/agenciainfra.com\/blog\/#website\"},\"primaryImageOfPage\":{\"@id\":\"https:\/\/agenciainfra.com\/blog\/proposta-de-credito-do-fnac-para-aereas-deve-avancar-em-setembro\/#primaryimage\"},\"image\":{\"@id\":\"https:\/\/agenciainfra.com\/blog\/proposta-de-credito-do-fnac-para-aereas-deve-avancar-em-setembro\/#primaryimage\"},\"thumbnailUrl\":\"https:\/\/agenciainfra.com\/blog\/wp-content\/uploads\/2020\/05\/aviao-voo-dominio-publico.jpg\",\"datePublished\":\"2025-08-18T16:13:30+00:00\",\"dateModified\":\"2025-08-19T15:48:26+00:00\",\"breadcrumb\":{\"@id\":\"https:\/\/agenciainfra.com\/blog\/proposta-de-credito-do-fnac-para-aereas-deve-avancar-em-setembro\/#breadcrumb\"},\"inLanguage\":\"pt-BR\",\"potentialAction\":[{\"@type\":\"ReadAction\",\"target\":[\"https:\/\/agenciainfra.com\/blog\/proposta-de-credito-do-fnac-para-aereas-deve-avancar-em-setembro\/\"]}]},{\"@type\":\"ImageObject\",\"inLanguage\":\"pt-BR\",\"@id\":\"https:\/\/agenciainfra.com\/blog\/proposta-de-credito-do-fnac-para-aereas-deve-avancar-em-setembro\/#primaryimage\",\"url\":\"https:\/\/agenciainfra.com\/blog\/wp-content\/uploads\/2020\/05\/aviao-voo-dominio-publico.jpg\",\"contentUrl\":\"https:\/\/agenciainfra.com\/blog\/wp-content\/uploads\/2020\/05\/aviao-voo-dominio-publico.jpg\",\"width\":1200,\"height\":800,\"caption\":\"Foto: Dom\u00ednio p\u00fablico\"},{\"@type\":\"BreadcrumbList\",\"@id\":\"https:\/\/agenciainfra.com\/blog\/proposta-de-credito-do-fnac-para-aereas-deve-avancar-em-setembro\/#breadcrumb\",\"itemListElement\":[{\"@type\":\"ListItem\",\"position\":1,\"name\":\"In\u00edcio\",\"item\":\"https:\/\/agenciainfra.com\/blog\/\"},{\"@type\":\"ListItem\",\"position\":2,\"name\":\"Proposta de cr\u00e9dito do FNAC para a\u00e9reas deve avan\u00e7ar em setembro\"}]},{\"@type\":\"WebSite\",\"@id\":\"https:\/\/agenciainfra.com\/blog\/#website\",\"url\":\"https:\/\/agenciainfra.com\/blog\/\",\"name\":\"Ag\u00eancia iNFRA\",\"description\":\"Multiplataforma de informa\u00e7\u00e3o jornal\u00edstica refer\u00eancia na \u00e1rea de infraestrutura no Brasil!\",\"publisher\":{\"@id\":\"https:\/\/agenciainfra.com\/blog\/#organization\"},\"potentialAction\":[{\"@type\":\"SearchAction\",\"target\":{\"@type\":\"EntryPoint\",\"urlTemplate\":\"https:\/\/agenciainfra.com\/blog\/?s={search_term_string}\"},\"query-input\":{\"@type\":\"PropertyValueSpecification\",\"valueRequired\":true,\"valueName\":\"search_term_string\"}}],\"inLanguage\":\"pt-BR\"},{\"@type\":\"Organization\",\"@id\":\"https:\/\/agenciainfra.com\/blog\/#organization\",\"name\":\"Ag\u00eancia iNFRA\",\"url\":\"https:\/\/agenciainfra.com\/blog\/\",\"logo\":{\"@type\":\"ImageObject\",\"inLanguage\":\"pt-BR\",\"@id\":\"https:\/\/agenciainfra.com\/blog\/#\/schema\/logo\/image\/\",\"url\":\"https:\/\/agenciainfra.com\/blog\/wp-content\/uploads\/2023\/09\/iNFRA_5-e1761735885940.png\",\"contentUrl\":\"https:\/\/agenciainfra.com\/blog\/wp-content\/uploads\/2023\/09\/iNFRA_5-e1761735885940.png\",\"width\":1672,\"height\":454,\"caption\":\"Ag\u00eancia iNFRA\"},\"image\":{\"@id\":\"https:\/\/agenciainfra.com\/blog\/#\/schema\/logo\/image\/\"},\"sameAs\":[\"https:\/\/www.facebook.com\/ageninfra\",\"https:\/\/x.com\/agencia_infra\",\"https:\/\/www.linkedin.com\/company\/ag\u00eanciainfra\/\",\"https:\/\/www.instagram.com\/agenciainfra\/\"]},{\"@type\":\"Person\",\"@id\":\"https:\/\/agenciainfra.com\/blog\/#\/schema\/person\/34af08dff6adea4cb22b06612ba7acfa\",\"name\":\"Ag\u00eancia iNFRA\",\"image\":{\"@type\":\"ImageObject\",\"inLanguage\":\"pt-BR\",\"@id\":\"https:\/\/agenciainfra.com\/blog\/#\/schema\/person\/image\/\",\"url\":\"https:\/\/secure.gravatar.com\/avatar\/d189e01678f06d8eb84d4e01f08eb848b3fffe3f8443818d3c356c66892f5be8?s=96&d=mm&r=g\",\"contentUrl\":\"https:\/\/secure.gravatar.com\/avatar\/d189e01678f06d8eb84d4e01f08eb848b3fffe3f8443818d3c356c66892f5be8?s=96&d=mm&r=g\",\"caption\":\"Ag\u00eancia iNFRA\"},\"url\":\"https:\/\/agenciainfra.com\/blog\/author\/admin\/\"}]}<\/script>\n<!-- \/ Yoast SEO Premium plugin. -->","yoast_head_json":{"title":"Proposta de cr\u00e9dito do FNAC para a\u00e9reas deve avan\u00e7ar em setembro - Ag\u00eancia iNFRA","robots":{"index":"index","follow":"follow","max-snippet":"max-snippet:-1","max-image-preview":"max-image-preview:large","max-video-preview":"max-video-preview:-1"},"canonical":"https:\/\/agenciainfra.com\/blog\/proposta-de-credito-do-fnac-para-aereas-deve-avancar-em-setembro\/","og_locale":"pt_BR","og_type":"article","og_title":"Proposta de cr\u00e9dito do FNAC para a\u00e9reas deve avan\u00e7ar em setembro","og_description":"Amanda Pupo e Mar\u00edlia Sena, da Ag\u00eancia iNFRA O governo federal pode aprovar no pr\u00f3ximo m\u00eas as condi\u00e7\u00f5es do financiamento elaborado para as empresas a\u00e9reas com R$ 4 bilh\u00f5es de recursos do FNAC (Fundo Nacional de Avia\u00e7\u00e3o Civil). Contando com oito linhas de cr\u00e9dito e taxas de juros subsidiadas, a proposta foi finalizada pelo comit\u00ea-gestor [&hellip;]","og_url":"https:\/\/agenciainfra.com\/blog\/proposta-de-credito-do-fnac-para-aereas-deve-avancar-em-setembro\/","og_site_name":"Ag\u00eancia iNFRA","article_publisher":"https:\/\/www.facebook.com\/ageninfra","article_published_time":"2025-08-18T16:13:30+00:00","article_modified_time":"2025-08-19T15:48:26+00:00","og_image":[{"width":1200,"height":800,"url":"https:\/\/agenciainfra.com\/blog\/wp-content\/uploads\/2020\/05\/aviao-voo-dominio-publico.jpg","type":"image\/jpeg"}],"author":"Ag\u00eancia iNFRA","twitter_card":"summary_large_image","twitter_creator":"@agencia_infra","twitter_site":"@agencia_infra","twitter_misc":{"Escrito por":"Ag\u00eancia iNFRA","Est. tempo de leitura":"6 minutos"},"schema":{"@context":"https:\/\/schema.org","@graph":[{"@type":"Article","@id":"https:\/\/agenciainfra.com\/blog\/proposta-de-credito-do-fnac-para-aereas-deve-avancar-em-setembro\/#article","isPartOf":{"@id":"https:\/\/agenciainfra.com\/blog\/proposta-de-credito-do-fnac-para-aereas-deve-avancar-em-setembro\/"},"author":{"name":"Ag\u00eancia iNFRA","@id":"https:\/\/agenciainfra.com\/blog\/#\/schema\/person\/34af08dff6adea4cb22b06612ba7acfa"},"headline":"Proposta de cr\u00e9dito do FNAC para a\u00e9reas deve avan\u00e7ar em setembro","datePublished":"2025-08-18T16:13:30+00:00","dateModified":"2025-08-19T15:48:26+00:00","mainEntityOfPage":{"@id":"https:\/\/agenciainfra.com\/blog\/proposta-de-credito-do-fnac-para-aereas-deve-avancar-em-setembro\/"},"wordCount":1255,"publisher":{"@id":"https:\/\/agenciainfra.com\/blog\/#organization"},"image":{"@id":"https:\/\/agenciainfra.com\/blog\/proposta-de-credito-do-fnac-para-aereas-deve-avancar-em-setembro\/#primaryimage"},"thumbnailUrl":"https:\/\/agenciainfra.com\/blog\/wp-content\/uploads\/2020\/05\/aviao-voo-dominio-publico.jpg","keywords":["Amanda Pupo","AmpliAR","avia\u00e7\u00e3o civil","avia\u00e7\u00e3o regional","Conselho Monet\u00e1rio Nacional","Daniel Longo","empresas a\u00e9reas","FNAC","J\u00falia Lopes","Mar\u00edlia Sena"],"articleSection":["Geral","iNFRATransporte"],"inLanguage":"pt-BR","copyrightYear":"2025","copyrightHolder":{"@id":"https:\/\/agenciainfra.com\/blog\/#organization"}},{"@type":"WebPage","@id":"https:\/\/agenciainfra.com\/blog\/proposta-de-credito-do-fnac-para-aereas-deve-avancar-em-setembro\/","url":"https:\/\/agenciainfra.com\/blog\/proposta-de-credito-do-fnac-para-aereas-deve-avancar-em-setembro\/","name":"Proposta de cr\u00e9dito do FNAC para a\u00e9reas deve avan\u00e7ar em setembro - Ag\u00eancia iNFRA","isPartOf":{"@id":"https:\/\/agenciainfra.com\/blog\/#website"},"primaryImageOfPage":{"@id":"https:\/\/agenciainfra.com\/blog\/proposta-de-credito-do-fnac-para-aereas-deve-avancar-em-setembro\/#primaryimage"},"image":{"@id":"https:\/\/agenciainfra.com\/blog\/proposta-de-credito-do-fnac-para-aereas-deve-avancar-em-setembro\/#primaryimage"},"thumbnailUrl":"https:\/\/agenciainfra.com\/blog\/wp-content\/uploads\/2020\/05\/aviao-voo-dominio-publico.jpg","datePublished":"2025-08-18T16:13:30+00:00","dateModified":"2025-08-19T15:48:26+00:00","breadcrumb":{"@id":"https:\/\/agenciainfra.com\/blog\/proposta-de-credito-do-fnac-para-aereas-deve-avancar-em-setembro\/#breadcrumb"},"inLanguage":"pt-BR","potentialAction":[{"@type":"ReadAction","target":["https:\/\/agenciainfra.com\/blog\/proposta-de-credito-do-fnac-para-aereas-deve-avancar-em-setembro\/"]}]},{"@type":"ImageObject","inLanguage":"pt-BR","@id":"https:\/\/agenciainfra.com\/blog\/proposta-de-credito-do-fnac-para-aereas-deve-avancar-em-setembro\/#primaryimage","url":"https:\/\/agenciainfra.com\/blog\/wp-content\/uploads\/2020\/05\/aviao-voo-dominio-publico.jpg","contentUrl":"https:\/\/agenciainfra.com\/blog\/wp-content\/uploads\/2020\/05\/aviao-voo-dominio-publico.jpg","width":1200,"height":800,"caption":"Foto: Dom\u00ednio p\u00fablico"},{"@type":"BreadcrumbList","@id":"https:\/\/agenciainfra.com\/blog\/proposta-de-credito-do-fnac-para-aereas-deve-avancar-em-setembro\/#breadcrumb","itemListElement":[{"@type":"ListItem","position":1,"name":"In\u00edcio","item":"https:\/\/agenciainfra.com\/blog\/"},{"@type":"ListItem","position":2,"name":"Proposta de cr\u00e9dito do FNAC para a\u00e9reas deve avan\u00e7ar em setembro"}]},{"@type":"WebSite","@id":"https:\/\/agenciainfra.com\/blog\/#website","url":"https:\/\/agenciainfra.com\/blog\/","name":"Ag\u00eancia iNFRA","description":"Multiplataforma de informa\u00e7\u00e3o jornal\u00edstica refer\u00eancia na \u00e1rea de infraestrutura no Brasil!","publisher":{"@id":"https:\/\/agenciainfra.com\/blog\/#organization"},"potentialAction":[{"@type":"SearchAction","target":{"@type":"EntryPoint","urlTemplate":"https:\/\/agenciainfra.com\/blog\/?s={search_term_string}"},"query-input":{"@type":"PropertyValueSpecification","valueRequired":true,"valueName":"search_term_string"}}],"inLanguage":"pt-BR"},{"@type":"Organization","@id":"https:\/\/agenciainfra.com\/blog\/#organization","name":"Ag\u00eancia iNFRA","url":"https:\/\/agenciainfra.com\/blog\/","logo":{"@type":"ImageObject","inLanguage":"pt-BR","@id":"https:\/\/agenciainfra.com\/blog\/#\/schema\/logo\/image\/","url":"https:\/\/agenciainfra.com\/blog\/wp-content\/uploads\/2023\/09\/iNFRA_5-e1761735885940.png","contentUrl":"https:\/\/agenciainfra.com\/blog\/wp-content\/uploads\/2023\/09\/iNFRA_5-e1761735885940.png","width":1672,"height":454,"caption":"Ag\u00eancia iNFRA"},"image":{"@id":"https:\/\/agenciainfra.com\/blog\/#\/schema\/logo\/image\/"},"sameAs":["https:\/\/www.facebook.com\/ageninfra","https:\/\/x.com\/agencia_infra","https:\/\/www.linkedin.com\/company\/ag\u00eanciainfra\/","https:\/\/www.instagram.com\/agenciainfra\/"]},{"@type":"Person","@id":"https:\/\/agenciainfra.com\/blog\/#\/schema\/person\/34af08dff6adea4cb22b06612ba7acfa","name":"Ag\u00eancia iNFRA","image":{"@type":"ImageObject","inLanguage":"pt-BR","@id":"https:\/\/agenciainfra.com\/blog\/#\/schema\/person\/image\/","url":"https:\/\/secure.gravatar.com\/avatar\/d189e01678f06d8eb84d4e01f08eb848b3fffe3f8443818d3c356c66892f5be8?s=96&d=mm&r=g","contentUrl":"https:\/\/secure.gravatar.com\/avatar\/d189e01678f06d8eb84d4e01f08eb848b3fffe3f8443818d3c356c66892f5be8?s=96&d=mm&r=g","caption":"Ag\u00eancia iNFRA"},"url":"https:\/\/agenciainfra.com\/blog\/author\/admin\/"}]}},"_links":{"self":[{"href":"https:\/\/agenciainfra.com\/blog\/wp-json\/wp\/v2\/posts\/26358","targetHints":{"allow":["GET"]}}],"collection":[{"href":"https:\/\/agenciainfra.com\/blog\/wp-json\/wp\/v2\/posts"}],"about":[{"href":"https:\/\/agenciainfra.com\/blog\/wp-json\/wp\/v2\/types\/post"}],"author":[{"embeddable":true,"href":"https:\/\/agenciainfra.com\/blog\/wp-json\/wp\/v2\/users\/1"}],"replies":[{"embeddable":true,"href":"https:\/\/agenciainfra.com\/blog\/wp-json\/wp\/v2\/comments?post=26358"}],"version-history":[{"count":1,"href":"https:\/\/agenciainfra.com\/blog\/wp-json\/wp\/v2\/posts\/26358\/revisions"}],"predecessor-version":[{"id":26363,"href":"https:\/\/agenciainfra.com\/blog\/wp-json\/wp\/v2\/posts\/26358\/revisions\/26363"}],"wp:featuredmedia":[{"embeddable":true,"href":"https:\/\/agenciainfra.com\/blog\/wp-json\/wp\/v2\/media\/4873"}],"wp:attachment":[{"href":"https:\/\/agenciainfra.com\/blog\/wp-json\/wp\/v2\/media?parent=26358"}],"wp:term":[{"taxonomy":"category","embeddable":true,"href":"https:\/\/agenciainfra.com\/blog\/wp-json\/wp\/v2\/categories?post=26358"},{"taxonomy":"post_tag","embeddable":true,"href":"https:\/\/agenciainfra.com\/blog\/wp-json\/wp\/v2\/tags?post=26358"}],"curies":[{"name":"wp","href":"https:\/\/api.w.org\/{rel}","templated":true}]}}