{"id":26368,"date":"2025-08-18T12:48:59","date_gmt":"2025-08-18T15:48:59","guid":{"rendered":"https:\/\/agenciainfra.com\/blog\/?p=26368"},"modified":"2025-08-19T12:48:35","modified_gmt":"2025-08-19T15:48:35","slug":"sonda-que-fara-simulado-da-petrobras-no-amapa-parte-nesta-terca-para-locacao","status":"publish","type":"post","link":"https:\/\/agenciainfra.com\/blog\/sonda-que-fara-simulado-da-petrobras-no-amapa-parte-nesta-terca-para-locacao\/","title":{"rendered":"Sonda que far\u00e1 simulado da Petrobras no Amap\u00e1 parte nesta ter\u00e7a para loca\u00e7\u00e3o"},"content":{"rendered":"\n<p class=\"has-text-align-right\"><strong>Gabriel Vasconcelos, da Ag\u00eancia iNFRA<\/strong><\/p>\n\n\n\n<p>A sonda de perfura\u00e7\u00e3o NS 42 (tamb\u00e9m denominada ODN-II) afretada pela Petrobras vai partir nesta ter\u00e7a-feira (19) para a loca\u00e7\u00e3o do po\u00e7o explorat\u00f3rio pretendido pela estatal na costa do Amap\u00e1, na Margem Equatorial, para realiza\u00e7\u00e3o de simulado de emerg\u00eancia junto ao Ibama. O equipamento estava estacionado na costa do Par\u00e1, na altura da Ilha de Maraj\u00f3. A informa\u00e7\u00e3o foi dada a jornalistas pela diretora de Produ\u00e7\u00e3o e Explora\u00e7\u00e3o da estatal, Sylvia dos Anjos, em evento organizado pelo estaleiro Mac Laren, na FGV-Rio (Funda\u00e7\u00e3o Get\u00falio Vargas).<\/p>\n\n\n\n<p>A chamada APO (Avalia\u00e7\u00e3o Pr\u00e9-Operacional) vai acontecer na semana do dia 24 de agosto e deve durar tr\u00eas ou quatro dias, conforme informado pelo Ibama. A Petrobras espera que a licen\u00e7a ambiental que busca h\u00e1 anos seja emitida nos dias subsequentes aos teste, assim como aconteceu na \u00faltima APO desse tipo, no litoral do Rio Grande do Norte, tamb\u00e9m na Margem Equatorial.<\/p>\n\n\n\n<p>Em discurso, Sylvia voltou a defender a explora\u00e7\u00e3o na Margem Equatorial e disse que o po\u00e7o de momento \u00e9 o primeiro de oito que est\u00e3o previstos. Ela lembrou que a companhia possui a concess\u00e3o de seis blocos explorat\u00f3rios na regi\u00e3o. Ela garantiu que a opera\u00e7\u00e3o vai acontecer em total seguran\u00e7a.<\/p>\n\n\n\n<p>&#8220;Existem 12 po\u00e7os sendo perfurados na Bacia de Campos hoje, neste momento, na Bacia de Campos. E ningu\u00e9m est\u00e1 preocupado com isso. Essa perfura\u00e7\u00e3o na Margem Equatorial vai ser s\u00f3 mais uma perfura\u00e7\u00e3o. No Amap\u00e1, onde fica esse po\u00e7o, n\u00f3s j\u00e1 perfuramos mais de 60 po\u00e7os em \u00e1guas rasas, sem nenhum acidente. Em toda a Margem Equatorial, j\u00e1 foram mais de 500 po\u00e7os sem nehuma intercorr\u00eancia&#8221;, disse.<\/p>\n\n\n\n<p>Ela tamb\u00e9m reiterou que, para al\u00e9m da mobiliza\u00e7\u00e3o de navios de apoio e seguran\u00e7a, as correntes marinhas no mar do Amap\u00e1 corre paralelamente ao litoral, de maneira que, em caso de vazamento, o \u00f3leo n\u00e3o seria levado para a costa brasileira, na dire\u00e7\u00e3o da Foz do Rio Amazonas, o que reduzira ainda mais os riscos de operar na regi\u00e3o.<\/p>\n","protected":false},"excerpt":{"rendered":"<p>Gabriel Vasconcelos, da Ag\u00eancia iNFRA A sonda de perfura\u00e7\u00e3o NS 42 (tamb\u00e9m denominada ODN-II) afretada pela Petrobras vai partir nesta ter\u00e7a-feira (19) para a loca\u00e7\u00e3o do po\u00e7o explorat\u00f3rio pretendido pela estatal na costa do Amap\u00e1, na Margem Equatorial, para realiza\u00e7\u00e3o de simulado de emerg\u00eancia junto ao Ibama. O equipamento estava estacionado na costa do Par\u00e1, [&hellip;]<\/p>\n","protected":false},"author":1,"featured_media":23920,"comment_status":"closed","ping_status":"closed","sticky":false,"template":"","format":"standard","meta":{"_monsterinsights_skip_tracking":false,"_monsterinsights_sitenote_active":false,"_monsterinsights_sitenote_note":"","_monsterinsights_sitenote_category":0,"footnotes":""},"categories":[1,13271],"tags":[13338,13251,13269,143,14867],"class_list":["post-26368","post","type-post","status-publish","format-standard","has-post-thumbnail","hentry","category-geral","category-oleo-gas","tag-foz-do-amazonas","tag-gabriel-vasconcelos","tag-margem-equatorial","tag-petrobras","tag-sylvia-dos-anjos"],"yoast_head":"<!-- This site is optimized with the Yoast SEO Premium plugin v25.4 (Yoast SEO v26.0) - https:\/\/yoast.com\/wordpress\/plugins\/seo\/ -->\n<title>Sonda que far\u00e1 simulado da Petrobras no Amap\u00e1 parte nesta ter\u00e7a para loca\u00e7\u00e3o - Ag\u00eancia iNFRA<\/title>\n<meta name=\"robots\" content=\"index, follow, max-snippet:-1, max-image-preview:large, max-video-preview:-1\" \/>\n<link rel=\"canonical\" href=\"https:\/\/agenciainfra.com\/blog\/sonda-que-fara-simulado-da-petrobras-no-amapa-parte-nesta-terca-para-locacao\/\" \/>\n<meta property=\"og:locale\" content=\"pt_BR\" \/>\n<meta property=\"og:type\" content=\"article\" \/>\n<meta property=\"og:title\" content=\"Sonda que far\u00e1 simulado da Petrobras no Amap\u00e1 parte nesta ter\u00e7a para loca\u00e7\u00e3o\" \/>\n<meta property=\"og:description\" content=\"Gabriel Vasconcelos, da Ag\u00eancia iNFRA A sonda de perfura\u00e7\u00e3o NS 42 (tamb\u00e9m denominada ODN-II) afretada pela Petrobras vai partir nesta ter\u00e7a-feira (19) para a loca\u00e7\u00e3o do po\u00e7o explorat\u00f3rio pretendido pela estatal na costa do Amap\u00e1, na Margem Equatorial, para realiza\u00e7\u00e3o de simulado de emerg\u00eancia junto ao Ibama. O equipamento estava estacionado na costa do Par\u00e1, [&hellip;]\" \/>\n<meta property=\"og:url\" content=\"https:\/\/agenciainfra.com\/blog\/sonda-que-fara-simulado-da-petrobras-no-amapa-parte-nesta-terca-para-locacao\/\" \/>\n<meta property=\"og:site_name\" content=\"Ag\u00eancia iNFRA\" \/>\n<meta property=\"article:publisher\" content=\"https:\/\/www.facebook.com\/ageninfra\" \/>\n<meta property=\"article:published_time\" content=\"2025-08-18T15:48:59+00:00\" \/>\n<meta property=\"article:modified_time\" content=\"2025-08-19T15:48:35+00:00\" \/>\n<meta property=\"og:image\" content=\"https:\/\/agenciainfra.com\/blog\/wp-content\/uploads\/2025\/07\/sonda-ODN-II-Petrobras-foto-divulgacao-foresea.jpg\" \/>\n\t<meta property=\"og:image:width\" content=\"1280\" \/>\n\t<meta property=\"og:image:height\" content=\"720\" \/>\n\t<meta property=\"og:image:type\" content=\"image\/jpeg\" \/>\n<meta name=\"author\" content=\"Ag\u00eancia iNFRA\" \/>\n<meta name=\"twitter:card\" content=\"summary_large_image\" \/>\n<meta name=\"twitter:creator\" content=\"@agencia_infra\" \/>\n<meta name=\"twitter:site\" content=\"@agencia_infra\" \/>\n<meta name=\"twitter:label1\" content=\"Escrito por\" \/>\n\t<meta name=\"twitter:data1\" content=\"Ag\u00eancia iNFRA\" \/>\n\t<meta name=\"twitter:label2\" content=\"Est. tempo de leitura\" \/>\n\t<meta name=\"twitter:data2\" content=\"2 minutos\" \/>\n<script type=\"application\/ld+json\" class=\"yoast-schema-graph\">{\"@context\":\"https:\/\/schema.org\",\"@graph\":[{\"@type\":\"Article\",\"@id\":\"https:\/\/agenciainfra.com\/blog\/sonda-que-fara-simulado-da-petrobras-no-amapa-parte-nesta-terca-para-locacao\/#article\",\"isPartOf\":{\"@id\":\"https:\/\/agenciainfra.com\/blog\/sonda-que-fara-simulado-da-petrobras-no-amapa-parte-nesta-terca-para-locacao\/\"},\"author\":{\"name\":\"Ag\u00eancia iNFRA\",\"@id\":\"https:\/\/agenciainfra.com\/blog\/#\/schema\/person\/34af08dff6adea4cb22b06612ba7acfa\"},\"headline\":\"Sonda que far\u00e1 simulado da Petrobras no Amap\u00e1 parte nesta ter\u00e7a para loca\u00e7\u00e3o\",\"datePublished\":\"2025-08-18T15:48:59+00:00\",\"dateModified\":\"2025-08-19T15:48:35+00:00\",\"mainEntityOfPage\":{\"@id\":\"https:\/\/agenciainfra.com\/blog\/sonda-que-fara-simulado-da-petrobras-no-amapa-parte-nesta-terca-para-locacao\/\"},\"wordCount\":379,\"publisher\":{\"@id\":\"https:\/\/agenciainfra.com\/blog\/#organization\"},\"image\":{\"@id\":\"https:\/\/agenciainfra.com\/blog\/sonda-que-fara-simulado-da-petrobras-no-amapa-parte-nesta-terca-para-locacao\/#primaryimage\"},\"thumbnailUrl\":\"https:\/\/agenciainfra.com\/blog\/wp-content\/uploads\/2025\/07\/sonda-ODN-II-Petrobras-foto-divulgacao-foresea.jpg\",\"keywords\":[\"foz do amazonas\",\"Gabriel Vasconcelos\",\"margem equatorial\",\"Petrobras\",\"Sylvia dos Anjos\"],\"articleSection\":[\"Geral\",\"\u00d3leo &amp; G\u00e1s\"],\"inLanguage\":\"pt-BR\",\"copyrightYear\":\"2025\",\"copyrightHolder\":{\"@id\":\"https:\/\/agenciainfra.com\/blog\/#organization\"}},{\"@type\":\"WebPage\",\"@id\":\"https:\/\/agenciainfra.com\/blog\/sonda-que-fara-simulado-da-petrobras-no-amapa-parte-nesta-terca-para-locacao\/\",\"url\":\"https:\/\/agenciainfra.com\/blog\/sonda-que-fara-simulado-da-petrobras-no-amapa-parte-nesta-terca-para-locacao\/\",\"name\":\"Sonda que far\u00e1 simulado da Petrobras no Amap\u00e1 parte nesta ter\u00e7a para loca\u00e7\u00e3o - Ag\u00eancia iNFRA\",\"isPartOf\":{\"@id\":\"https:\/\/agenciainfra.com\/blog\/#website\"},\"primaryImageOfPage\":{\"@id\":\"https:\/\/agenciainfra.com\/blog\/sonda-que-fara-simulado-da-petrobras-no-amapa-parte-nesta-terca-para-locacao\/#primaryimage\"},\"image\":{\"@id\":\"https:\/\/agenciainfra.com\/blog\/sonda-que-fara-simulado-da-petrobras-no-amapa-parte-nesta-terca-para-locacao\/#primaryimage\"},\"thumbnailUrl\":\"https:\/\/agenciainfra.com\/blog\/wp-content\/uploads\/2025\/07\/sonda-ODN-II-Petrobras-foto-divulgacao-foresea.jpg\",\"datePublished\":\"2025-08-18T15:48:59+00:00\",\"dateModified\":\"2025-08-19T15:48:35+00:00\",\"breadcrumb\":{\"@id\":\"https:\/\/agenciainfra.com\/blog\/sonda-que-fara-simulado-da-petrobras-no-amapa-parte-nesta-terca-para-locacao\/#breadcrumb\"},\"inLanguage\":\"pt-BR\",\"potentialAction\":[{\"@type\":\"ReadAction\",\"target\":[\"https:\/\/agenciainfra.com\/blog\/sonda-que-fara-simulado-da-petrobras-no-amapa-parte-nesta-terca-para-locacao\/\"]}]},{\"@type\":\"ImageObject\",\"inLanguage\":\"pt-BR\",\"@id\":\"https:\/\/agenciainfra.com\/blog\/sonda-que-fara-simulado-da-petrobras-no-amapa-parte-nesta-terca-para-locacao\/#primaryimage\",\"url\":\"https:\/\/agenciainfra.com\/blog\/wp-content\/uploads\/2025\/07\/sonda-ODN-II-Petrobras-foto-divulgacao-foresea.jpg\",\"contentUrl\":\"https:\/\/agenciainfra.com\/blog\/wp-content\/uploads\/2025\/07\/sonda-ODN-II-Petrobras-foto-divulgacao-foresea.jpg\",\"width\":1280,\"height\":720,\"caption\":\"Foto: Foresea\/Divulga\u00e7\u00e3o\"},{\"@type\":\"BreadcrumbList\",\"@id\":\"https:\/\/agenciainfra.com\/blog\/sonda-que-fara-simulado-da-petrobras-no-amapa-parte-nesta-terca-para-locacao\/#breadcrumb\",\"itemListElement\":[{\"@type\":\"ListItem\",\"position\":1,\"name\":\"In\u00edcio\",\"item\":\"https:\/\/agenciainfra.com\/blog\/\"},{\"@type\":\"ListItem\",\"position\":2,\"name\":\"Sonda que far\u00e1 simulado da Petrobras no Amap\u00e1 parte nesta ter\u00e7a para loca\u00e7\u00e3o\"}]},{\"@type\":\"WebSite\",\"@id\":\"https:\/\/agenciainfra.com\/blog\/#website\",\"url\":\"https:\/\/agenciainfra.com\/blog\/\",\"name\":\"Ag\u00eancia iNFRA\",\"description\":\"Multiplataforma de informa\u00e7\u00e3o jornal\u00edstica refer\u00eancia na \u00e1rea de infraestrutura no Brasil!\",\"publisher\":{\"@id\":\"https:\/\/agenciainfra.com\/blog\/#organization\"},\"potentialAction\":[{\"@type\":\"SearchAction\",\"target\":{\"@type\":\"EntryPoint\",\"urlTemplate\":\"https:\/\/agenciainfra.com\/blog\/?s={search_term_string}\"},\"query-input\":{\"@type\":\"PropertyValueSpecification\",\"valueRequired\":true,\"valueName\":\"search_term_string\"}}],\"inLanguage\":\"pt-BR\"},{\"@type\":\"Organization\",\"@id\":\"https:\/\/agenciainfra.com\/blog\/#organization\",\"name\":\"Ag\u00eancia iNFRA\",\"url\":\"https:\/\/agenciainfra.com\/blog\/\",\"logo\":{\"@type\":\"ImageObject\",\"inLanguage\":\"pt-BR\",\"@id\":\"https:\/\/agenciainfra.com\/blog\/#\/schema\/logo\/image\/\",\"url\":\"https:\/\/agenciainfra.com\/blog\/wp-content\/uploads\/2023\/09\/iNFRA_5-e1761735885940.png\",\"contentUrl\":\"https:\/\/agenciainfra.com\/blog\/wp-content\/uploads\/2023\/09\/iNFRA_5-e1761735885940.png\",\"width\":1672,\"height\":454,\"caption\":\"Ag\u00eancia iNFRA\"},\"image\":{\"@id\":\"https:\/\/agenciainfra.com\/blog\/#\/schema\/logo\/image\/\"},\"sameAs\":[\"https:\/\/www.facebook.com\/ageninfra\",\"https:\/\/x.com\/agencia_infra\",\"https:\/\/www.linkedin.com\/company\/ag\u00eanciainfra\/\",\"https:\/\/www.instagram.com\/agenciainfra\/\"]},{\"@type\":\"Person\",\"@id\":\"https:\/\/agenciainfra.com\/blog\/#\/schema\/person\/34af08dff6adea4cb22b06612ba7acfa\",\"name\":\"Ag\u00eancia iNFRA\",\"image\":{\"@type\":\"ImageObject\",\"inLanguage\":\"pt-BR\",\"@id\":\"https:\/\/agenciainfra.com\/blog\/#\/schema\/person\/image\/\",\"url\":\"https:\/\/secure.gravatar.com\/avatar\/d189e01678f06d8eb84d4e01f08eb848b3fffe3f8443818d3c356c66892f5be8?s=96&d=mm&r=g\",\"contentUrl\":\"https:\/\/secure.gravatar.com\/avatar\/d189e01678f06d8eb84d4e01f08eb848b3fffe3f8443818d3c356c66892f5be8?s=96&d=mm&r=g\",\"caption\":\"Ag\u00eancia iNFRA\"},\"url\":\"https:\/\/agenciainfra.com\/blog\/author\/admin\/\"}]}<\/script>\n<!-- \/ Yoast SEO Premium plugin. -->","yoast_head_json":{"title":"Sonda que far\u00e1 simulado da Petrobras no Amap\u00e1 parte nesta ter\u00e7a para loca\u00e7\u00e3o - Ag\u00eancia iNFRA","robots":{"index":"index","follow":"follow","max-snippet":"max-snippet:-1","max-image-preview":"max-image-preview:large","max-video-preview":"max-video-preview:-1"},"canonical":"https:\/\/agenciainfra.com\/blog\/sonda-que-fara-simulado-da-petrobras-no-amapa-parte-nesta-terca-para-locacao\/","og_locale":"pt_BR","og_type":"article","og_title":"Sonda que far\u00e1 simulado da Petrobras no Amap\u00e1 parte nesta ter\u00e7a para loca\u00e7\u00e3o","og_description":"Gabriel Vasconcelos, da Ag\u00eancia iNFRA A sonda de perfura\u00e7\u00e3o NS 42 (tamb\u00e9m denominada ODN-II) afretada pela Petrobras vai partir nesta ter\u00e7a-feira (19) para a loca\u00e7\u00e3o do po\u00e7o explorat\u00f3rio pretendido pela estatal na costa do Amap\u00e1, na Margem Equatorial, para realiza\u00e7\u00e3o de simulado de emerg\u00eancia junto ao Ibama. O equipamento estava estacionado na costa do Par\u00e1, [&hellip;]","og_url":"https:\/\/agenciainfra.com\/blog\/sonda-que-fara-simulado-da-petrobras-no-amapa-parte-nesta-terca-para-locacao\/","og_site_name":"Ag\u00eancia iNFRA","article_publisher":"https:\/\/www.facebook.com\/ageninfra","article_published_time":"2025-08-18T15:48:59+00:00","article_modified_time":"2025-08-19T15:48:35+00:00","og_image":[{"width":1280,"height":720,"url":"https:\/\/agenciainfra.com\/blog\/wp-content\/uploads\/2025\/07\/sonda-ODN-II-Petrobras-foto-divulgacao-foresea.jpg","type":"image\/jpeg"}],"author":"Ag\u00eancia iNFRA","twitter_card":"summary_large_image","twitter_creator":"@agencia_infra","twitter_site":"@agencia_infra","twitter_misc":{"Escrito por":"Ag\u00eancia iNFRA","Est. tempo de leitura":"2 minutos"},"schema":{"@context":"https:\/\/schema.org","@graph":[{"@type":"Article","@id":"https:\/\/agenciainfra.com\/blog\/sonda-que-fara-simulado-da-petrobras-no-amapa-parte-nesta-terca-para-locacao\/#article","isPartOf":{"@id":"https:\/\/agenciainfra.com\/blog\/sonda-que-fara-simulado-da-petrobras-no-amapa-parte-nesta-terca-para-locacao\/"},"author":{"name":"Ag\u00eancia iNFRA","@id":"https:\/\/agenciainfra.com\/blog\/#\/schema\/person\/34af08dff6adea4cb22b06612ba7acfa"},"headline":"Sonda que far\u00e1 simulado da Petrobras no Amap\u00e1 parte nesta ter\u00e7a para loca\u00e7\u00e3o","datePublished":"2025-08-18T15:48:59+00:00","dateModified":"2025-08-19T15:48:35+00:00","mainEntityOfPage":{"@id":"https:\/\/agenciainfra.com\/blog\/sonda-que-fara-simulado-da-petrobras-no-amapa-parte-nesta-terca-para-locacao\/"},"wordCount":379,"publisher":{"@id":"https:\/\/agenciainfra.com\/blog\/#organization"},"image":{"@id":"https:\/\/agenciainfra.com\/blog\/sonda-que-fara-simulado-da-petrobras-no-amapa-parte-nesta-terca-para-locacao\/#primaryimage"},"thumbnailUrl":"https:\/\/agenciainfra.com\/blog\/wp-content\/uploads\/2025\/07\/sonda-ODN-II-Petrobras-foto-divulgacao-foresea.jpg","keywords":["foz do amazonas","Gabriel Vasconcelos","margem equatorial","Petrobras","Sylvia dos Anjos"],"articleSection":["Geral","\u00d3leo &amp; G\u00e1s"],"inLanguage":"pt-BR","copyrightYear":"2025","copyrightHolder":{"@id":"https:\/\/agenciainfra.com\/blog\/#organization"}},{"@type":"WebPage","@id":"https:\/\/agenciainfra.com\/blog\/sonda-que-fara-simulado-da-petrobras-no-amapa-parte-nesta-terca-para-locacao\/","url":"https:\/\/agenciainfra.com\/blog\/sonda-que-fara-simulado-da-petrobras-no-amapa-parte-nesta-terca-para-locacao\/","name":"Sonda que far\u00e1 simulado da Petrobras no Amap\u00e1 parte nesta ter\u00e7a para loca\u00e7\u00e3o - Ag\u00eancia iNFRA","isPartOf":{"@id":"https:\/\/agenciainfra.com\/blog\/#website"},"primaryImageOfPage":{"@id":"https:\/\/agenciainfra.com\/blog\/sonda-que-fara-simulado-da-petrobras-no-amapa-parte-nesta-terca-para-locacao\/#primaryimage"},"image":{"@id":"https:\/\/agenciainfra.com\/blog\/sonda-que-fara-simulado-da-petrobras-no-amapa-parte-nesta-terca-para-locacao\/#primaryimage"},"thumbnailUrl":"https:\/\/agenciainfra.com\/blog\/wp-content\/uploads\/2025\/07\/sonda-ODN-II-Petrobras-foto-divulgacao-foresea.jpg","datePublished":"2025-08-18T15:48:59+00:00","dateModified":"2025-08-19T15:48:35+00:00","breadcrumb":{"@id":"https:\/\/agenciainfra.com\/blog\/sonda-que-fara-simulado-da-petrobras-no-amapa-parte-nesta-terca-para-locacao\/#breadcrumb"},"inLanguage":"pt-BR","potentialAction":[{"@type":"ReadAction","target":["https:\/\/agenciainfra.com\/blog\/sonda-que-fara-simulado-da-petrobras-no-amapa-parte-nesta-terca-para-locacao\/"]}]},{"@type":"ImageObject","inLanguage":"pt-BR","@id":"https:\/\/agenciainfra.com\/blog\/sonda-que-fara-simulado-da-petrobras-no-amapa-parte-nesta-terca-para-locacao\/#primaryimage","url":"https:\/\/agenciainfra.com\/blog\/wp-content\/uploads\/2025\/07\/sonda-ODN-II-Petrobras-foto-divulgacao-foresea.jpg","contentUrl":"https:\/\/agenciainfra.com\/blog\/wp-content\/uploads\/2025\/07\/sonda-ODN-II-Petrobras-foto-divulgacao-foresea.jpg","width":1280,"height":720,"caption":"Foto: Foresea\/Divulga\u00e7\u00e3o"},{"@type":"BreadcrumbList","@id":"https:\/\/agenciainfra.com\/blog\/sonda-que-fara-simulado-da-petrobras-no-amapa-parte-nesta-terca-para-locacao\/#breadcrumb","itemListElement":[{"@type":"ListItem","position":1,"name":"In\u00edcio","item":"https:\/\/agenciainfra.com\/blog\/"},{"@type":"ListItem","position":2,"name":"Sonda que far\u00e1 simulado da Petrobras no Amap\u00e1 parte nesta ter\u00e7a para loca\u00e7\u00e3o"}]},{"@type":"WebSite","@id":"https:\/\/agenciainfra.com\/blog\/#website","url":"https:\/\/agenciainfra.com\/blog\/","name":"Ag\u00eancia iNFRA","description":"Multiplataforma de informa\u00e7\u00e3o jornal\u00edstica refer\u00eancia na \u00e1rea de infraestrutura no Brasil!","publisher":{"@id":"https:\/\/agenciainfra.com\/blog\/#organization"},"potentialAction":[{"@type":"SearchAction","target":{"@type":"EntryPoint","urlTemplate":"https:\/\/agenciainfra.com\/blog\/?s={search_term_string}"},"query-input":{"@type":"PropertyValueSpecification","valueRequired":true,"valueName":"search_term_string"}}],"inLanguage":"pt-BR"},{"@type":"Organization","@id":"https:\/\/agenciainfra.com\/blog\/#organization","name":"Ag\u00eancia iNFRA","url":"https:\/\/agenciainfra.com\/blog\/","logo":{"@type":"ImageObject","inLanguage":"pt-BR","@id":"https:\/\/agenciainfra.com\/blog\/#\/schema\/logo\/image\/","url":"https:\/\/agenciainfra.com\/blog\/wp-content\/uploads\/2023\/09\/iNFRA_5-e1761735885940.png","contentUrl":"https:\/\/agenciainfra.com\/blog\/wp-content\/uploads\/2023\/09\/iNFRA_5-e1761735885940.png","width":1672,"height":454,"caption":"Ag\u00eancia iNFRA"},"image":{"@id":"https:\/\/agenciainfra.com\/blog\/#\/schema\/logo\/image\/"},"sameAs":["https:\/\/www.facebook.com\/ageninfra","https:\/\/x.com\/agencia_infra","https:\/\/www.linkedin.com\/company\/ag\u00eanciainfra\/","https:\/\/www.instagram.com\/agenciainfra\/"]},{"@type":"Person","@id":"https:\/\/agenciainfra.com\/blog\/#\/schema\/person\/34af08dff6adea4cb22b06612ba7acfa","name":"Ag\u00eancia iNFRA","image":{"@type":"ImageObject","inLanguage":"pt-BR","@id":"https:\/\/agenciainfra.com\/blog\/#\/schema\/person\/image\/","url":"https:\/\/secure.gravatar.com\/avatar\/d189e01678f06d8eb84d4e01f08eb848b3fffe3f8443818d3c356c66892f5be8?s=96&d=mm&r=g","contentUrl":"https:\/\/secure.gravatar.com\/avatar\/d189e01678f06d8eb84d4e01f08eb848b3fffe3f8443818d3c356c66892f5be8?s=96&d=mm&r=g","caption":"Ag\u00eancia iNFRA"},"url":"https:\/\/agenciainfra.com\/blog\/author\/admin\/"}]}},"_links":{"self":[{"href":"https:\/\/agenciainfra.com\/blog\/wp-json\/wp\/v2\/posts\/26368","targetHints":{"allow":["GET"]}}],"collection":[{"href":"https:\/\/agenciainfra.com\/blog\/wp-json\/wp\/v2\/posts"}],"about":[{"href":"https:\/\/agenciainfra.com\/blog\/wp-json\/wp\/v2\/types\/post"}],"author":[{"embeddable":true,"href":"https:\/\/agenciainfra.com\/blog\/wp-json\/wp\/v2\/users\/1"}],"replies":[{"embeddable":true,"href":"https:\/\/agenciainfra.com\/blog\/wp-json\/wp\/v2\/comments?post=26368"}],"version-history":[{"count":1,"href":"https:\/\/agenciainfra.com\/blog\/wp-json\/wp\/v2\/posts\/26368\/revisions"}],"predecessor-version":[{"id":26369,"href":"https:\/\/agenciainfra.com\/blog\/wp-json\/wp\/v2\/posts\/26368\/revisions\/26369"}],"wp:featuredmedia":[{"embeddable":true,"href":"https:\/\/agenciainfra.com\/blog\/wp-json\/wp\/v2\/media\/23920"}],"wp:attachment":[{"href":"https:\/\/agenciainfra.com\/blog\/wp-json\/wp\/v2\/media?parent=26368"}],"wp:term":[{"taxonomy":"category","embeddable":true,"href":"https:\/\/agenciainfra.com\/blog\/wp-json\/wp\/v2\/categories?post=26368"},{"taxonomy":"post_tag","embeddable":true,"href":"https:\/\/agenciainfra.com\/blog\/wp-json\/wp\/v2\/tags?post=26368"}],"curies":[{"name":"wp","href":"https:\/\/api.w.org\/{rel}","templated":true}]}}