{"id":26380,"date":"2025-08-18T15:36:53","date_gmt":"2025-08-18T18:36:53","guid":{"rendered":"https:\/\/agenciainfra.com\/blog\/?p=26380"},"modified":"2025-08-18T15:36:56","modified_gmt":"2025-08-18T18:36:56","slug":"concessoes-portuarias-devem-atrair-r-30-bilhoes-ate-2026-afirma-ministro","status":"publish","type":"post","link":"https:\/\/agenciainfra.com\/blog\/concessoes-portuarias-devem-atrair-r-30-bilhoes-ate-2026-afirma-ministro\/","title":{"rendered":"Concess\u00f5es portu\u00e1rias devem atrair R$ 30 bilh\u00f5es at\u00e9 2026, afirma ministro"},"content":{"rendered":"\n<p class=\"has-text-align-right\"><strong>da Ag\u00eancia iNFRA<\/strong><\/p>\n\n\n\n<p>O ministro de Portos e Aeroportos, Silvio Costa Filho, disse nesta segunda-feira (18) que a meta do governo federal \u00e9 atrair R$ 30 bilh\u00f5es em investimentos no setor portu\u00e1rio por meio de concess\u00f5es at\u00e9 2026.&nbsp;<\/p>\n\n\n\n<p>Entre os empreendimentos que se somam ao montante, Costa Filho citou o T\u00fanel Santos-Guaruj\u00e1 \u2013 previsto para 5 de setembro com investimento estimado em R$ 6 bilh\u00f5es; o Tecon Santos 10 \u2013 novo terminal de cont\u00eaineres que ampliar\u00e1 em 50% a capacidade do Porto de Santos, com R$ 5,6 bilh\u00f5es em investimentos; e a primeira concess\u00e3o de dragagem, no Porto de Paranagu\u00e1 (PR), prevista para este ano, com R$ 1 bilh\u00e3o de aporte.\u00a0<\/p>\n\n\n\n<p>Outro destaque da agenda \u00e9 a primeira concess\u00e3o de hidrovia do pa\u00eds, no rio Paraguai. De acordo com a pasta, o projeto pretende reduzir em at\u00e9 40% os custos log\u00edsticos, al\u00e9m de estimular a sustentabilidade e a descarboniza\u00e7\u00e3o. Est\u00e3o em estudo, ainda, concess\u00f5es nas hidrovias do Madeira, Lagoa Mirim, Tocantins e Tapaj\u00f3s.<\/p>\n\n\n\n<p>O ministro tamb\u00e9m mencionou o programa BR do Mar, que busca ampliar o uso da cabotagem no transporte de cargas. \u201cA ideia \u00e9 que a gente possa transformar os 8 mil quil\u00f4metros de costa litor\u00e2nea brasileira em grandes BRs\u201d, disse.<\/p>\n\n\n\n<p>Segundo ele, at\u00e9 o fim do governo Lula, est\u00e3o previstos mais de 60 leil\u00f5es voltados \u00e0 moderniza\u00e7\u00e3o dos portos e da infraestrutura log\u00edstica. \u201cEm 2024, n\u00f3s tivemos o melhor ano das concess\u00f5es na hist\u00f3ria do Brasil, concess\u00f5es em portos, aeroportos, rodovias, ferrovias, hidrovias, poligonais e v\u00e1rias concess\u00f5es nos governos estaduais, o que significa mais de R$ 200 bilh\u00f5es de investimentos contratados em concess\u00f5es no Brasil.\u201d, ressaltou.\u00a0<\/p>\n\n\n\n<p><\/p>\n","protected":false},"excerpt":{"rendered":"<p>da Ag\u00eancia iNFRA O ministro de Portos e Aeroportos, Silvio Costa Filho, disse nesta segunda-feira (18) que a meta do governo federal \u00e9 atrair R$ 30 bilh\u00f5es em investimentos no setor portu\u00e1rio por meio de concess\u00f5es at\u00e9 2026.&nbsp; Entre os empreendimentos que se somam ao montante, Costa Filho citou o T\u00fanel Santos-Guaruj\u00e1 \u2013 previsto para [&hellip;]<\/p>\n","protected":false},"author":1,"featured_media":11343,"comment_status":"closed","ping_status":"closed","sticky":false,"template":"","format":"standard","meta":{"_monsterinsights_skip_tracking":false,"_monsterinsights_sitenote_active":false,"_monsterinsights_sitenote_note":"","_monsterinsights_sitenote_category":0,"footnotes":""},"categories":[1,13576],"tags":[5018,34,32,346,7467,12352,5535],"class_list":["post-26380","post","type-post","status-publish","format-standard","has-post-thumbnail","hentry","category-geral","category-giro-infra","tag-concessoes-portuarias","tag-infraestrutura","tag-investimentos","tag-leiloes","tag-silvio-costa-filho","tag-tecon-10","tag-tunel-santos-guaruja"],"yoast_head":"<!-- This site is optimized with the Yoast SEO Premium plugin v25.4 (Yoast SEO v26.0) - https:\/\/yoast.com\/wordpress\/plugins\/seo\/ -->\n<title>Concess\u00f5es portu\u00e1rias devem atrair R$ 30 bilh\u00f5es at\u00e9 2026, afirma ministro - Ag\u00eancia iNFRA<\/title>\n<meta name=\"robots\" content=\"index, follow, max-snippet:-1, max-image-preview:large, max-video-preview:-1\" \/>\n<link rel=\"canonical\" href=\"https:\/\/agenciainfra.com\/blog\/concessoes-portuarias-devem-atrair-r-30-bilhoes-ate-2026-afirma-ministro\/\" \/>\n<meta property=\"og:locale\" content=\"pt_BR\" \/>\n<meta property=\"og:type\" content=\"article\" \/>\n<meta property=\"og:title\" content=\"Concess\u00f5es portu\u00e1rias devem atrair R$ 30 bilh\u00f5es at\u00e9 2026, afirma ministro\" \/>\n<meta property=\"og:description\" content=\"da Ag\u00eancia iNFRA O ministro de Portos e Aeroportos, Silvio Costa Filho, disse nesta segunda-feira (18) que a meta do governo federal \u00e9 atrair R$ 30 bilh\u00f5es em investimentos no setor portu\u00e1rio por meio de concess\u00f5es at\u00e9 2026.&nbsp; Entre os empreendimentos que se somam ao montante, Costa Filho citou o T\u00fanel Santos-Guaruj\u00e1 \u2013 previsto para [&hellip;]\" \/>\n<meta property=\"og:url\" content=\"https:\/\/agenciainfra.com\/blog\/concessoes-portuarias-devem-atrair-r-30-bilhoes-ate-2026-afirma-ministro\/\" \/>\n<meta property=\"og:site_name\" content=\"Ag\u00eancia iNFRA\" \/>\n<meta property=\"article:publisher\" content=\"https:\/\/www.facebook.com\/ageninfra\" \/>\n<meta property=\"article:published_time\" content=\"2025-08-18T18:36:53+00:00\" \/>\n<meta property=\"article:modified_time\" content=\"2025-08-18T18:36:56+00:00\" \/>\n<meta property=\"og:image\" content=\"https:\/\/agenciainfra.com\/blog\/wp-content\/uploads\/2022\/09\/porto-de-santos-foto-ricardo-botelho-minfra.jpeg\" \/>\n\t<meta property=\"og:image:width\" content=\"1280\" \/>\n\t<meta property=\"og:image:height\" content=\"766\" \/>\n\t<meta property=\"og:image:type\" content=\"image\/jpeg\" \/>\n<meta name=\"author\" content=\"Ag\u00eancia iNFRA\" \/>\n<meta name=\"twitter:card\" content=\"summary_large_image\" \/>\n<meta name=\"twitter:creator\" content=\"@agencia_infra\" \/>\n<meta name=\"twitter:site\" content=\"@agencia_infra\" \/>\n<meta name=\"twitter:label1\" content=\"Escrito por\" \/>\n\t<meta name=\"twitter:data1\" content=\"Ag\u00eancia iNFRA\" \/>\n\t<meta name=\"twitter:label2\" content=\"Est. tempo de leitura\" \/>\n\t<meta name=\"twitter:data2\" content=\"1 minuto\" \/>\n<script type=\"application\/ld+json\" class=\"yoast-schema-graph\">{\"@context\":\"https:\/\/schema.org\",\"@graph\":[{\"@type\":\"Article\",\"@id\":\"https:\/\/agenciainfra.com\/blog\/concessoes-portuarias-devem-atrair-r-30-bilhoes-ate-2026-afirma-ministro\/#article\",\"isPartOf\":{\"@id\":\"https:\/\/agenciainfra.com\/blog\/concessoes-portuarias-devem-atrair-r-30-bilhoes-ate-2026-afirma-ministro\/\"},\"author\":{\"name\":\"Ag\u00eancia iNFRA\",\"@id\":\"https:\/\/agenciainfra.com\/blog\/#\/schema\/person\/34af08dff6adea4cb22b06612ba7acfa\"},\"headline\":\"Concess\u00f5es portu\u00e1rias devem atrair R$ 30 bilh\u00f5es at\u00e9 2026, afirma ministro\",\"datePublished\":\"2025-08-18T18:36:53+00:00\",\"dateModified\":\"2025-08-18T18:36:56+00:00\",\"mainEntityOfPage\":{\"@id\":\"https:\/\/agenciainfra.com\/blog\/concessoes-portuarias-devem-atrair-r-30-bilhoes-ate-2026-afirma-ministro\/\"},\"wordCount\":295,\"publisher\":{\"@id\":\"https:\/\/agenciainfra.com\/blog\/#organization\"},\"image\":{\"@id\":\"https:\/\/agenciainfra.com\/blog\/concessoes-portuarias-devem-atrair-r-30-bilhoes-ate-2026-afirma-ministro\/#primaryimage\"},\"thumbnailUrl\":\"https:\/\/agenciainfra.com\/blog\/wp-content\/uploads\/2022\/09\/porto-de-santos-foto-ricardo-botelho-minfra.jpeg\",\"keywords\":[\"concess\u00f5es portu\u00e1rias\",\"Infraestrutura\",\"Investimentos\",\"leil\u00f5es\",\"Silvio Costa Filho\",\"Tecon 10\",\"t\u00fanel Santos-Guaruj\u00e1\"],\"articleSection\":[\"Geral\",\"Giro iNFRA\"],\"inLanguage\":\"pt-BR\",\"copyrightYear\":\"2025\",\"copyrightHolder\":{\"@id\":\"https:\/\/agenciainfra.com\/blog\/#organization\"}},{\"@type\":\"WebPage\",\"@id\":\"https:\/\/agenciainfra.com\/blog\/concessoes-portuarias-devem-atrair-r-30-bilhoes-ate-2026-afirma-ministro\/\",\"url\":\"https:\/\/agenciainfra.com\/blog\/concessoes-portuarias-devem-atrair-r-30-bilhoes-ate-2026-afirma-ministro\/\",\"name\":\"Concess\u00f5es portu\u00e1rias devem atrair R$ 30 bilh\u00f5es at\u00e9 2026, afirma ministro - Ag\u00eancia iNFRA\",\"isPartOf\":{\"@id\":\"https:\/\/agenciainfra.com\/blog\/#website\"},\"primaryImageOfPage\":{\"@id\":\"https:\/\/agenciainfra.com\/blog\/concessoes-portuarias-devem-atrair-r-30-bilhoes-ate-2026-afirma-ministro\/#primaryimage\"},\"image\":{\"@id\":\"https:\/\/agenciainfra.com\/blog\/concessoes-portuarias-devem-atrair-r-30-bilhoes-ate-2026-afirma-ministro\/#primaryimage\"},\"thumbnailUrl\":\"https:\/\/agenciainfra.com\/blog\/wp-content\/uploads\/2022\/09\/porto-de-santos-foto-ricardo-botelho-minfra.jpeg\",\"datePublished\":\"2025-08-18T18:36:53+00:00\",\"dateModified\":\"2025-08-18T18:36:56+00:00\",\"breadcrumb\":{\"@id\":\"https:\/\/agenciainfra.com\/blog\/concessoes-portuarias-devem-atrair-r-30-bilhoes-ate-2026-afirma-ministro\/#breadcrumb\"},\"inLanguage\":\"pt-BR\",\"potentialAction\":[{\"@type\":\"ReadAction\",\"target\":[\"https:\/\/agenciainfra.com\/blog\/concessoes-portuarias-devem-atrair-r-30-bilhoes-ate-2026-afirma-ministro\/\"]}]},{\"@type\":\"ImageObject\",\"inLanguage\":\"pt-BR\",\"@id\":\"https:\/\/agenciainfra.com\/blog\/concessoes-portuarias-devem-atrair-r-30-bilhoes-ate-2026-afirma-ministro\/#primaryimage\",\"url\":\"https:\/\/agenciainfra.com\/blog\/wp-content\/uploads\/2022\/09\/porto-de-santos-foto-ricardo-botelho-minfra.jpeg\",\"contentUrl\":\"https:\/\/agenciainfra.com\/blog\/wp-content\/uploads\/2022\/09\/porto-de-santos-foto-ricardo-botelho-minfra.jpeg\",\"width\":1280,\"height\":766,\"caption\":\"Foto: Ricardo Botelho\/MInfra\"},{\"@type\":\"BreadcrumbList\",\"@id\":\"https:\/\/agenciainfra.com\/blog\/concessoes-portuarias-devem-atrair-r-30-bilhoes-ate-2026-afirma-ministro\/#breadcrumb\",\"itemListElement\":[{\"@type\":\"ListItem\",\"position\":1,\"name\":\"In\u00edcio\",\"item\":\"https:\/\/agenciainfra.com\/blog\/\"},{\"@type\":\"ListItem\",\"position\":2,\"name\":\"Concess\u00f5es portu\u00e1rias devem atrair R$ 30 bilh\u00f5es at\u00e9 2026, afirma ministro\"}]},{\"@type\":\"WebSite\",\"@id\":\"https:\/\/agenciainfra.com\/blog\/#website\",\"url\":\"https:\/\/agenciainfra.com\/blog\/\",\"name\":\"Ag\u00eancia iNFRA\",\"description\":\"Multiplataforma de informa\u00e7\u00e3o jornal\u00edstica refer\u00eancia na \u00e1rea de infraestrutura no Brasil!\",\"publisher\":{\"@id\":\"https:\/\/agenciainfra.com\/blog\/#organization\"},\"potentialAction\":[{\"@type\":\"SearchAction\",\"target\":{\"@type\":\"EntryPoint\",\"urlTemplate\":\"https:\/\/agenciainfra.com\/blog\/?s={search_term_string}\"},\"query-input\":{\"@type\":\"PropertyValueSpecification\",\"valueRequired\":true,\"valueName\":\"search_term_string\"}}],\"inLanguage\":\"pt-BR\"},{\"@type\":\"Organization\",\"@id\":\"https:\/\/agenciainfra.com\/blog\/#organization\",\"name\":\"Ag\u00eancia iNFRA\",\"url\":\"https:\/\/agenciainfra.com\/blog\/\",\"logo\":{\"@type\":\"ImageObject\",\"inLanguage\":\"pt-BR\",\"@id\":\"https:\/\/agenciainfra.com\/blog\/#\/schema\/logo\/image\/\",\"url\":\"https:\/\/agenciainfra.com\/blog\/wp-content\/uploads\/2023\/09\/iNFRA_5-e1761735885940.png\",\"contentUrl\":\"https:\/\/agenciainfra.com\/blog\/wp-content\/uploads\/2023\/09\/iNFRA_5-e1761735885940.png\",\"width\":1672,\"height\":454,\"caption\":\"Ag\u00eancia iNFRA\"},\"image\":{\"@id\":\"https:\/\/agenciainfra.com\/blog\/#\/schema\/logo\/image\/\"},\"sameAs\":[\"https:\/\/www.facebook.com\/ageninfra\",\"https:\/\/x.com\/agencia_infra\",\"https:\/\/www.linkedin.com\/company\/ag\u00eanciainfra\/\",\"https:\/\/www.instagram.com\/agenciainfra\/\"]},{\"@type\":\"Person\",\"@id\":\"https:\/\/agenciainfra.com\/blog\/#\/schema\/person\/34af08dff6adea4cb22b06612ba7acfa\",\"name\":\"Ag\u00eancia iNFRA\",\"image\":{\"@type\":\"ImageObject\",\"inLanguage\":\"pt-BR\",\"@id\":\"https:\/\/agenciainfra.com\/blog\/#\/schema\/person\/image\/\",\"url\":\"https:\/\/secure.gravatar.com\/avatar\/d189e01678f06d8eb84d4e01f08eb848b3fffe3f8443818d3c356c66892f5be8?s=96&d=mm&r=g\",\"contentUrl\":\"https:\/\/secure.gravatar.com\/avatar\/d189e01678f06d8eb84d4e01f08eb848b3fffe3f8443818d3c356c66892f5be8?s=96&d=mm&r=g\",\"caption\":\"Ag\u00eancia iNFRA\"},\"url\":\"https:\/\/agenciainfra.com\/blog\/author\/admin\/\"}]}<\/script>\n<!-- \/ Yoast SEO Premium plugin. -->","yoast_head_json":{"title":"Concess\u00f5es portu\u00e1rias devem atrair R$ 30 bilh\u00f5es at\u00e9 2026, afirma ministro - Ag\u00eancia iNFRA","robots":{"index":"index","follow":"follow","max-snippet":"max-snippet:-1","max-image-preview":"max-image-preview:large","max-video-preview":"max-video-preview:-1"},"canonical":"https:\/\/agenciainfra.com\/blog\/concessoes-portuarias-devem-atrair-r-30-bilhoes-ate-2026-afirma-ministro\/","og_locale":"pt_BR","og_type":"article","og_title":"Concess\u00f5es portu\u00e1rias devem atrair R$ 30 bilh\u00f5es at\u00e9 2026, afirma ministro","og_description":"da Ag\u00eancia iNFRA O ministro de Portos e Aeroportos, Silvio Costa Filho, disse nesta segunda-feira (18) que a meta do governo federal \u00e9 atrair R$ 30 bilh\u00f5es em investimentos no setor portu\u00e1rio por meio de concess\u00f5es at\u00e9 2026.&nbsp; Entre os empreendimentos que se somam ao montante, Costa Filho citou o T\u00fanel Santos-Guaruj\u00e1 \u2013 previsto para [&hellip;]","og_url":"https:\/\/agenciainfra.com\/blog\/concessoes-portuarias-devem-atrair-r-30-bilhoes-ate-2026-afirma-ministro\/","og_site_name":"Ag\u00eancia iNFRA","article_publisher":"https:\/\/www.facebook.com\/ageninfra","article_published_time":"2025-08-18T18:36:53+00:00","article_modified_time":"2025-08-18T18:36:56+00:00","og_image":[{"width":1280,"height":766,"url":"https:\/\/agenciainfra.com\/blog\/wp-content\/uploads\/2022\/09\/porto-de-santos-foto-ricardo-botelho-minfra.jpeg","type":"image\/jpeg"}],"author":"Ag\u00eancia iNFRA","twitter_card":"summary_large_image","twitter_creator":"@agencia_infra","twitter_site":"@agencia_infra","twitter_misc":{"Escrito por":"Ag\u00eancia iNFRA","Est. tempo de leitura":"1 minuto"},"schema":{"@context":"https:\/\/schema.org","@graph":[{"@type":"Article","@id":"https:\/\/agenciainfra.com\/blog\/concessoes-portuarias-devem-atrair-r-30-bilhoes-ate-2026-afirma-ministro\/#article","isPartOf":{"@id":"https:\/\/agenciainfra.com\/blog\/concessoes-portuarias-devem-atrair-r-30-bilhoes-ate-2026-afirma-ministro\/"},"author":{"name":"Ag\u00eancia iNFRA","@id":"https:\/\/agenciainfra.com\/blog\/#\/schema\/person\/34af08dff6adea4cb22b06612ba7acfa"},"headline":"Concess\u00f5es portu\u00e1rias devem atrair R$ 30 bilh\u00f5es at\u00e9 2026, afirma ministro","datePublished":"2025-08-18T18:36:53+00:00","dateModified":"2025-08-18T18:36:56+00:00","mainEntityOfPage":{"@id":"https:\/\/agenciainfra.com\/blog\/concessoes-portuarias-devem-atrair-r-30-bilhoes-ate-2026-afirma-ministro\/"},"wordCount":295,"publisher":{"@id":"https:\/\/agenciainfra.com\/blog\/#organization"},"image":{"@id":"https:\/\/agenciainfra.com\/blog\/concessoes-portuarias-devem-atrair-r-30-bilhoes-ate-2026-afirma-ministro\/#primaryimage"},"thumbnailUrl":"https:\/\/agenciainfra.com\/blog\/wp-content\/uploads\/2022\/09\/porto-de-santos-foto-ricardo-botelho-minfra.jpeg","keywords":["concess\u00f5es portu\u00e1rias","Infraestrutura","Investimentos","leil\u00f5es","Silvio Costa Filho","Tecon 10","t\u00fanel Santos-Guaruj\u00e1"],"articleSection":["Geral","Giro iNFRA"],"inLanguage":"pt-BR","copyrightYear":"2025","copyrightHolder":{"@id":"https:\/\/agenciainfra.com\/blog\/#organization"}},{"@type":"WebPage","@id":"https:\/\/agenciainfra.com\/blog\/concessoes-portuarias-devem-atrair-r-30-bilhoes-ate-2026-afirma-ministro\/","url":"https:\/\/agenciainfra.com\/blog\/concessoes-portuarias-devem-atrair-r-30-bilhoes-ate-2026-afirma-ministro\/","name":"Concess\u00f5es portu\u00e1rias devem atrair R$ 30 bilh\u00f5es at\u00e9 2026, afirma ministro - Ag\u00eancia iNFRA","isPartOf":{"@id":"https:\/\/agenciainfra.com\/blog\/#website"},"primaryImageOfPage":{"@id":"https:\/\/agenciainfra.com\/blog\/concessoes-portuarias-devem-atrair-r-30-bilhoes-ate-2026-afirma-ministro\/#primaryimage"},"image":{"@id":"https:\/\/agenciainfra.com\/blog\/concessoes-portuarias-devem-atrair-r-30-bilhoes-ate-2026-afirma-ministro\/#primaryimage"},"thumbnailUrl":"https:\/\/agenciainfra.com\/blog\/wp-content\/uploads\/2022\/09\/porto-de-santos-foto-ricardo-botelho-minfra.jpeg","datePublished":"2025-08-18T18:36:53+00:00","dateModified":"2025-08-18T18:36:56+00:00","breadcrumb":{"@id":"https:\/\/agenciainfra.com\/blog\/concessoes-portuarias-devem-atrair-r-30-bilhoes-ate-2026-afirma-ministro\/#breadcrumb"},"inLanguage":"pt-BR","potentialAction":[{"@type":"ReadAction","target":["https:\/\/agenciainfra.com\/blog\/concessoes-portuarias-devem-atrair-r-30-bilhoes-ate-2026-afirma-ministro\/"]}]},{"@type":"ImageObject","inLanguage":"pt-BR","@id":"https:\/\/agenciainfra.com\/blog\/concessoes-portuarias-devem-atrair-r-30-bilhoes-ate-2026-afirma-ministro\/#primaryimage","url":"https:\/\/agenciainfra.com\/blog\/wp-content\/uploads\/2022\/09\/porto-de-santos-foto-ricardo-botelho-minfra.jpeg","contentUrl":"https:\/\/agenciainfra.com\/blog\/wp-content\/uploads\/2022\/09\/porto-de-santos-foto-ricardo-botelho-minfra.jpeg","width":1280,"height":766,"caption":"Foto: Ricardo Botelho\/MInfra"},{"@type":"BreadcrumbList","@id":"https:\/\/agenciainfra.com\/blog\/concessoes-portuarias-devem-atrair-r-30-bilhoes-ate-2026-afirma-ministro\/#breadcrumb","itemListElement":[{"@type":"ListItem","position":1,"name":"In\u00edcio","item":"https:\/\/agenciainfra.com\/blog\/"},{"@type":"ListItem","position":2,"name":"Concess\u00f5es portu\u00e1rias devem atrair R$ 30 bilh\u00f5es at\u00e9 2026, afirma ministro"}]},{"@type":"WebSite","@id":"https:\/\/agenciainfra.com\/blog\/#website","url":"https:\/\/agenciainfra.com\/blog\/","name":"Ag\u00eancia iNFRA","description":"Multiplataforma de informa\u00e7\u00e3o jornal\u00edstica refer\u00eancia na \u00e1rea de infraestrutura no Brasil!","publisher":{"@id":"https:\/\/agenciainfra.com\/blog\/#organization"},"potentialAction":[{"@type":"SearchAction","target":{"@type":"EntryPoint","urlTemplate":"https:\/\/agenciainfra.com\/blog\/?s={search_term_string}"},"query-input":{"@type":"PropertyValueSpecification","valueRequired":true,"valueName":"search_term_string"}}],"inLanguage":"pt-BR"},{"@type":"Organization","@id":"https:\/\/agenciainfra.com\/blog\/#organization","name":"Ag\u00eancia iNFRA","url":"https:\/\/agenciainfra.com\/blog\/","logo":{"@type":"ImageObject","inLanguage":"pt-BR","@id":"https:\/\/agenciainfra.com\/blog\/#\/schema\/logo\/image\/","url":"https:\/\/agenciainfra.com\/blog\/wp-content\/uploads\/2023\/09\/iNFRA_5-e1761735885940.png","contentUrl":"https:\/\/agenciainfra.com\/blog\/wp-content\/uploads\/2023\/09\/iNFRA_5-e1761735885940.png","width":1672,"height":454,"caption":"Ag\u00eancia iNFRA"},"image":{"@id":"https:\/\/agenciainfra.com\/blog\/#\/schema\/logo\/image\/"},"sameAs":["https:\/\/www.facebook.com\/ageninfra","https:\/\/x.com\/agencia_infra","https:\/\/www.linkedin.com\/company\/ag\u00eanciainfra\/","https:\/\/www.instagram.com\/agenciainfra\/"]},{"@type":"Person","@id":"https:\/\/agenciainfra.com\/blog\/#\/schema\/person\/34af08dff6adea4cb22b06612ba7acfa","name":"Ag\u00eancia iNFRA","image":{"@type":"ImageObject","inLanguage":"pt-BR","@id":"https:\/\/agenciainfra.com\/blog\/#\/schema\/person\/image\/","url":"https:\/\/secure.gravatar.com\/avatar\/d189e01678f06d8eb84d4e01f08eb848b3fffe3f8443818d3c356c66892f5be8?s=96&d=mm&r=g","contentUrl":"https:\/\/secure.gravatar.com\/avatar\/d189e01678f06d8eb84d4e01f08eb848b3fffe3f8443818d3c356c66892f5be8?s=96&d=mm&r=g","caption":"Ag\u00eancia iNFRA"},"url":"https:\/\/agenciainfra.com\/blog\/author\/admin\/"}]}},"_links":{"self":[{"href":"https:\/\/agenciainfra.com\/blog\/wp-json\/wp\/v2\/posts\/26380","targetHints":{"allow":["GET"]}}],"collection":[{"href":"https:\/\/agenciainfra.com\/blog\/wp-json\/wp\/v2\/posts"}],"about":[{"href":"https:\/\/agenciainfra.com\/blog\/wp-json\/wp\/v2\/types\/post"}],"author":[{"embeddable":true,"href":"https:\/\/agenciainfra.com\/blog\/wp-json\/wp\/v2\/users\/1"}],"replies":[{"embeddable":true,"href":"https:\/\/agenciainfra.com\/blog\/wp-json\/wp\/v2\/comments?post=26380"}],"version-history":[{"count":1,"href":"https:\/\/agenciainfra.com\/blog\/wp-json\/wp\/v2\/posts\/26380\/revisions"}],"predecessor-version":[{"id":26383,"href":"https:\/\/agenciainfra.com\/blog\/wp-json\/wp\/v2\/posts\/26380\/revisions\/26383"}],"wp:featuredmedia":[{"embeddable":true,"href":"https:\/\/agenciainfra.com\/blog\/wp-json\/wp\/v2\/media\/11343"}],"wp:attachment":[{"href":"https:\/\/agenciainfra.com\/blog\/wp-json\/wp\/v2\/media?parent=26380"}],"wp:term":[{"taxonomy":"category","embeddable":true,"href":"https:\/\/agenciainfra.com\/blog\/wp-json\/wp\/v2\/categories?post=26380"},{"taxonomy":"post_tag","embeddable":true,"href":"https:\/\/agenciainfra.com\/blog\/wp-json\/wp\/v2\/tags?post=26380"}],"curies":[{"name":"wp","href":"https:\/\/api.w.org\/{rel}","templated":true}]}}