{"id":26388,"date":"2025-08-18T17:48:12","date_gmt":"2025-08-18T20:48:12","guid":{"rendered":"https:\/\/agenciainfra.com\/blog\/?p=26388"},"modified":"2025-08-18T17:48:15","modified_gmt":"2025-08-18T20:48:15","slug":"portos-do-nordeste-movimentam-150-milhoes-de-toneladas-no-1o-semestre","status":"publish","type":"post","link":"https:\/\/agenciainfra.com\/blog\/portos-do-nordeste-movimentam-150-milhoes-de-toneladas-no-1o-semestre\/","title":{"rendered":"Portos do Nordeste movimentam 150 milh\u00f5es de toneladas no 1\u00ba semestre"},"content":{"rendered":"\n<p class=\"has-text-align-right\"><strong>da Ag\u00eancia iNFRA<\/strong><\/p>\n\n\n\n<p>Os portos da regi\u00e3o Nordeste movimentaram 150,5 milh\u00f5es de toneladas de cargas no 1\u00ba semestre, segundo dados da ANTAQ (Ag\u00eancia Nacional de Transportes Aquavi\u00e1rios). Os valores superam em 1,2 milh\u00e3o de toneladas a movimenta\u00e7\u00e3o no mesmo per\u00edodo do ano passado. O balan\u00e7o tamb\u00e9m indica um crescimento no com\u00e9rcio exterior, com aumento de 3,27% nas importa\u00e7\u00f5es e de 3,22% nas exporta\u00e7\u00f5es.<\/p>\n\n\n\n<p>Como destaques do levantamento, o Terminal Mar\u00edtimo de Ponta da Madeira, porta de sa\u00edda de min\u00e9rio de ferro, registrou 75,2 milh\u00f5es de toneladas e se manteve como l\u00edder de movimenta\u00e7\u00e3o da regi\u00e3o. J\u00e1 o Porto do Itaqui (MA) movimentou 17,2 milh\u00f5es de toneladas, combinando opera\u00e7\u00f5es de combust\u00edveis e gr\u00e3os.<\/p>\n\n\n\n<p>Em Pernambuco, o Complexo Industrial Portu\u00e1rio de Suape somou 10,9 milh\u00f5es de toneladas, com destaque para a exporta\u00e7\u00e3o de ve\u00edculos. Apenas neste semestre, o porto movimentou 37.668 carros, segundo informa\u00e7\u00f5es do terminal.<\/p>\n\n\n\n<p>Tamb\u00e9m figuram como pontos centrais dessa log\u00edstica o Terminal Aquavi\u00e1rio de Madre de Deus (BA), especializado em derivados de petr\u00f3leo, com 9,9 milh\u00f5es de toneladas, e o Porto do Pec\u00e9m (CE), que movimentou 9,5 milh\u00f5es de toneladas de cargas diversas.<\/p>\n\n\n\n<p>O min\u00e9rio de ferro que chega pelo Maranh\u00e3o, o petr\u00f3leo que sai da Bahia, os ve\u00edculos exportados por Suape (PE) e os fertilizantes e gr\u00e3os movimentados em Pec\u00e9m (CE) ilustram como os portos nordestinos est\u00e3o integrados ao cotidiano da regi\u00e3o.<\/p>\n\n\n\n<p>Esses dados representam empregos, gera\u00e7\u00e3o de renda e fortalecimento das cadeias produtivas locais. Exemplo disso foi o crescimento de 1,9% do PIB maranhense no primeiro trimestre de 2025, superando a m\u00e9dia nacional; resultado que o governo do estado atribui em grande parte ao desempenho desse porto p\u00fablico.<\/p>\n\n\n\n<p>O agroneg\u00f3cio, a minera\u00e7\u00e3o e o setor de energia tamb\u00e9m dependem diretamente da infraestrutura portu\u00e1ria para escoar sua produ\u00e7\u00e3o, reduzir custos log\u00edsticos e ampliar sua competitividade.<\/p>\n\n\n\n<p>Com resultados que refletem tanto o dinamismo do com\u00e9rcio exterior quanto a garantia do abastecimento interno, os portos do Nordeste reafirmam seu papel estrat\u00e9gico na log\u00edstica nacional. O desempenho do semestre evidencia a relev\u00e2ncia desses terminais n\u00e3o apenas para a economia regional, mas para todo o Brasil.<\/p>\n\n\n\n<p><\/p>\n","protected":false},"excerpt":{"rendered":"<p>da Ag\u00eancia iNFRA Os portos da regi\u00e3o Nordeste movimentaram 150,5 milh\u00f5es de toneladas de cargas no 1\u00ba semestre, segundo dados da ANTAQ (Ag\u00eancia Nacional de Transportes Aquavi\u00e1rios). Os valores superam em 1,2 milh\u00e3o de toneladas a movimenta\u00e7\u00e3o no mesmo per\u00edodo do ano passado. O balan\u00e7o tamb\u00e9m indica um crescimento no com\u00e9rcio exterior, com aumento de [&hellip;]<\/p>\n","protected":false},"author":1,"featured_media":7010,"comment_status":"closed","ping_status":"closed","sticky":false,"template":"","format":"standard","meta":{"_monsterinsights_skip_tracking":false,"_monsterinsights_sitenote_active":false,"_monsterinsights_sitenote_note":"","_monsterinsights_sitenote_category":0,"footnotes":""},"categories":[1,13576],"tags":[86,2110,632,3180,14870],"class_list":["post-26388","post","type-post","status-publish","format-standard","has-post-thumbnail","hentry","category-geral","category-giro-infra","tag-antaq","tag-maranhao","tag-nordeste","tag-porto-do-itaqui","tag-terminal-maritimo-de-ponta-da-madeira"],"yoast_head":"<!-- This site is optimized with the Yoast SEO Premium plugin v25.4 (Yoast SEO v26.0) - https:\/\/yoast.com\/wordpress\/plugins\/seo\/ -->\n<title>Portos do Nordeste movimentam 150 milh\u00f5es de toneladas no 1\u00ba semestre - Ag\u00eancia iNFRA<\/title>\n<meta name=\"robots\" content=\"index, follow, max-snippet:-1, max-image-preview:large, max-video-preview:-1\" \/>\n<link rel=\"canonical\" href=\"https:\/\/agenciainfra.com\/blog\/portos-do-nordeste-movimentam-150-milhoes-de-toneladas-no-1o-semestre\/\" \/>\n<meta property=\"og:locale\" content=\"pt_BR\" \/>\n<meta property=\"og:type\" content=\"article\" \/>\n<meta property=\"og:title\" content=\"Portos do Nordeste movimentam 150 milh\u00f5es de toneladas no 1\u00ba semestre\" \/>\n<meta property=\"og:description\" content=\"da Ag\u00eancia iNFRA Os portos da regi\u00e3o Nordeste movimentaram 150,5 milh\u00f5es de toneladas de cargas no 1\u00ba semestre, segundo dados da ANTAQ (Ag\u00eancia Nacional de Transportes Aquavi\u00e1rios). Os valores superam em 1,2 milh\u00e3o de toneladas a movimenta\u00e7\u00e3o no mesmo per\u00edodo do ano passado. O balan\u00e7o tamb\u00e9m indica um crescimento no com\u00e9rcio exterior, com aumento de [&hellip;]\" \/>\n<meta property=\"og:url\" content=\"https:\/\/agenciainfra.com\/blog\/portos-do-nordeste-movimentam-150-milhoes-de-toneladas-no-1o-semestre\/\" \/>\n<meta property=\"og:site_name\" content=\"Ag\u00eancia iNFRA\" \/>\n<meta property=\"article:publisher\" content=\"https:\/\/www.facebook.com\/ageninfra\" \/>\n<meta property=\"article:published_time\" content=\"2025-08-18T20:48:12+00:00\" \/>\n<meta property=\"article:modified_time\" content=\"2025-08-18T20:48:15+00:00\" \/>\n<meta property=\"og:image\" content=\"https:\/\/agenciainfra.com\/blog\/wp-content\/uploads\/2021\/03\/ponta-da-madeira-foto-agencia-vale.jpeg\" \/>\n\t<meta property=\"og:image:width\" content=\"1280\" \/>\n\t<meta property=\"og:image:height\" content=\"720\" \/>\n\t<meta property=\"og:image:type\" content=\"image\/jpeg\" \/>\n<meta name=\"author\" content=\"Ag\u00eancia iNFRA\" \/>\n<meta name=\"twitter:card\" content=\"summary_large_image\" \/>\n<meta name=\"twitter:creator\" content=\"@agencia_infra\" \/>\n<meta name=\"twitter:site\" content=\"@agencia_infra\" \/>\n<meta name=\"twitter:label1\" content=\"Escrito por\" \/>\n\t<meta name=\"twitter:data1\" content=\"Ag\u00eancia iNFRA\" \/>\n\t<meta name=\"twitter:label2\" content=\"Est. tempo de leitura\" \/>\n\t<meta name=\"twitter:data2\" content=\"2 minutos\" \/>\n<script type=\"application\/ld+json\" class=\"yoast-schema-graph\">{\"@context\":\"https:\/\/schema.org\",\"@graph\":[{\"@type\":\"Article\",\"@id\":\"https:\/\/agenciainfra.com\/blog\/portos-do-nordeste-movimentam-150-milhoes-de-toneladas-no-1o-semestre\/#article\",\"isPartOf\":{\"@id\":\"https:\/\/agenciainfra.com\/blog\/portos-do-nordeste-movimentam-150-milhoes-de-toneladas-no-1o-semestre\/\"},\"author\":{\"name\":\"Ag\u00eancia iNFRA\",\"@id\":\"https:\/\/agenciainfra.com\/blog\/#\/schema\/person\/34af08dff6adea4cb22b06612ba7acfa\"},\"headline\":\"Portos do Nordeste movimentam 150 milh\u00f5es de toneladas no 1\u00ba semestre\",\"datePublished\":\"2025-08-18T20:48:12+00:00\",\"dateModified\":\"2025-08-18T20:48:15+00:00\",\"mainEntityOfPage\":{\"@id\":\"https:\/\/agenciainfra.com\/blog\/portos-do-nordeste-movimentam-150-milhoes-de-toneladas-no-1o-semestre\/\"},\"wordCount\":399,\"publisher\":{\"@id\":\"https:\/\/agenciainfra.com\/blog\/#organization\"},\"image\":{\"@id\":\"https:\/\/agenciainfra.com\/blog\/portos-do-nordeste-movimentam-150-milhoes-de-toneladas-no-1o-semestre\/#primaryimage\"},\"thumbnailUrl\":\"https:\/\/agenciainfra.com\/blog\/wp-content\/uploads\/2021\/03\/ponta-da-madeira-foto-agencia-vale.jpeg\",\"keywords\":[\"ANTAQ\",\"Maranh\u00e3o\",\"nordeste\",\"Porto do Itaqui\",\"Terminal Mar\u00edtimo de Ponta da Madeira\"],\"articleSection\":[\"Geral\",\"Giro iNFRA\"],\"inLanguage\":\"pt-BR\",\"copyrightYear\":\"2025\",\"copyrightHolder\":{\"@id\":\"https:\/\/agenciainfra.com\/blog\/#organization\"}},{\"@type\":\"WebPage\",\"@id\":\"https:\/\/agenciainfra.com\/blog\/portos-do-nordeste-movimentam-150-milhoes-de-toneladas-no-1o-semestre\/\",\"url\":\"https:\/\/agenciainfra.com\/blog\/portos-do-nordeste-movimentam-150-milhoes-de-toneladas-no-1o-semestre\/\",\"name\":\"Portos do Nordeste movimentam 150 milh\u00f5es de toneladas no 1\u00ba semestre - Ag\u00eancia iNFRA\",\"isPartOf\":{\"@id\":\"https:\/\/agenciainfra.com\/blog\/#website\"},\"primaryImageOfPage\":{\"@id\":\"https:\/\/agenciainfra.com\/blog\/portos-do-nordeste-movimentam-150-milhoes-de-toneladas-no-1o-semestre\/#primaryimage\"},\"image\":{\"@id\":\"https:\/\/agenciainfra.com\/blog\/portos-do-nordeste-movimentam-150-milhoes-de-toneladas-no-1o-semestre\/#primaryimage\"},\"thumbnailUrl\":\"https:\/\/agenciainfra.com\/blog\/wp-content\/uploads\/2021\/03\/ponta-da-madeira-foto-agencia-vale.jpeg\",\"datePublished\":\"2025-08-18T20:48:12+00:00\",\"dateModified\":\"2025-08-18T20:48:15+00:00\",\"breadcrumb\":{\"@id\":\"https:\/\/agenciainfra.com\/blog\/portos-do-nordeste-movimentam-150-milhoes-de-toneladas-no-1o-semestre\/#breadcrumb\"},\"inLanguage\":\"pt-BR\",\"potentialAction\":[{\"@type\":\"ReadAction\",\"target\":[\"https:\/\/agenciainfra.com\/blog\/portos-do-nordeste-movimentam-150-milhoes-de-toneladas-no-1o-semestre\/\"]}]},{\"@type\":\"ImageObject\",\"inLanguage\":\"pt-BR\",\"@id\":\"https:\/\/agenciainfra.com\/blog\/portos-do-nordeste-movimentam-150-milhoes-de-toneladas-no-1o-semestre\/#primaryimage\",\"url\":\"https:\/\/agenciainfra.com\/blog\/wp-content\/uploads\/2021\/03\/ponta-da-madeira-foto-agencia-vale.jpeg\",\"contentUrl\":\"https:\/\/agenciainfra.com\/blog\/wp-content\/uploads\/2021\/03\/ponta-da-madeira-foto-agencia-vale.jpeg\",\"width\":1280,\"height\":720,\"caption\":\"Foto: Divulga\u00e7\u00e3o\/Ag\u00eancia Vale\"},{\"@type\":\"BreadcrumbList\",\"@id\":\"https:\/\/agenciainfra.com\/blog\/portos-do-nordeste-movimentam-150-milhoes-de-toneladas-no-1o-semestre\/#breadcrumb\",\"itemListElement\":[{\"@type\":\"ListItem\",\"position\":1,\"name\":\"In\u00edcio\",\"item\":\"https:\/\/agenciainfra.com\/blog\/\"},{\"@type\":\"ListItem\",\"position\":2,\"name\":\"Portos do Nordeste movimentam 150 milh\u00f5es de toneladas no 1\u00ba semestre\"}]},{\"@type\":\"WebSite\",\"@id\":\"https:\/\/agenciainfra.com\/blog\/#website\",\"url\":\"https:\/\/agenciainfra.com\/blog\/\",\"name\":\"Ag\u00eancia iNFRA\",\"description\":\"Multiplataforma de informa\u00e7\u00e3o jornal\u00edstica refer\u00eancia na \u00e1rea de infraestrutura no Brasil!\",\"publisher\":{\"@id\":\"https:\/\/agenciainfra.com\/blog\/#organization\"},\"potentialAction\":[{\"@type\":\"SearchAction\",\"target\":{\"@type\":\"EntryPoint\",\"urlTemplate\":\"https:\/\/agenciainfra.com\/blog\/?s={search_term_string}\"},\"query-input\":{\"@type\":\"PropertyValueSpecification\",\"valueRequired\":true,\"valueName\":\"search_term_string\"}}],\"inLanguage\":\"pt-BR\"},{\"@type\":\"Organization\",\"@id\":\"https:\/\/agenciainfra.com\/blog\/#organization\",\"name\":\"Ag\u00eancia iNFRA\",\"url\":\"https:\/\/agenciainfra.com\/blog\/\",\"logo\":{\"@type\":\"ImageObject\",\"inLanguage\":\"pt-BR\",\"@id\":\"https:\/\/agenciainfra.com\/blog\/#\/schema\/logo\/image\/\",\"url\":\"https:\/\/agenciainfra.com\/blog\/wp-content\/uploads\/2023\/09\/iNFRA_5-e1761735885940.png\",\"contentUrl\":\"https:\/\/agenciainfra.com\/blog\/wp-content\/uploads\/2023\/09\/iNFRA_5-e1761735885940.png\",\"width\":1672,\"height\":454,\"caption\":\"Ag\u00eancia iNFRA\"},\"image\":{\"@id\":\"https:\/\/agenciainfra.com\/blog\/#\/schema\/logo\/image\/\"},\"sameAs\":[\"https:\/\/www.facebook.com\/ageninfra\",\"https:\/\/x.com\/agencia_infra\",\"https:\/\/www.linkedin.com\/company\/ag\u00eanciainfra\/\",\"https:\/\/www.instagram.com\/agenciainfra\/\"]},{\"@type\":\"Person\",\"@id\":\"https:\/\/agenciainfra.com\/blog\/#\/schema\/person\/34af08dff6adea4cb22b06612ba7acfa\",\"name\":\"Ag\u00eancia iNFRA\",\"image\":{\"@type\":\"ImageObject\",\"inLanguage\":\"pt-BR\",\"@id\":\"https:\/\/agenciainfra.com\/blog\/#\/schema\/person\/image\/\",\"url\":\"https:\/\/secure.gravatar.com\/avatar\/d189e01678f06d8eb84d4e01f08eb848b3fffe3f8443818d3c356c66892f5be8?s=96&d=mm&r=g\",\"contentUrl\":\"https:\/\/secure.gravatar.com\/avatar\/d189e01678f06d8eb84d4e01f08eb848b3fffe3f8443818d3c356c66892f5be8?s=96&d=mm&r=g\",\"caption\":\"Ag\u00eancia iNFRA\"},\"url\":\"https:\/\/agenciainfra.com\/blog\/author\/admin\/\"}]}<\/script>\n<!-- \/ Yoast SEO Premium plugin. -->","yoast_head_json":{"title":"Portos do Nordeste movimentam 150 milh\u00f5es de toneladas no 1\u00ba semestre - Ag\u00eancia iNFRA","robots":{"index":"index","follow":"follow","max-snippet":"max-snippet:-1","max-image-preview":"max-image-preview:large","max-video-preview":"max-video-preview:-1"},"canonical":"https:\/\/agenciainfra.com\/blog\/portos-do-nordeste-movimentam-150-milhoes-de-toneladas-no-1o-semestre\/","og_locale":"pt_BR","og_type":"article","og_title":"Portos do Nordeste movimentam 150 milh\u00f5es de toneladas no 1\u00ba semestre","og_description":"da Ag\u00eancia iNFRA Os portos da regi\u00e3o Nordeste movimentaram 150,5 milh\u00f5es de toneladas de cargas no 1\u00ba semestre, segundo dados da ANTAQ (Ag\u00eancia Nacional de Transportes Aquavi\u00e1rios). Os valores superam em 1,2 milh\u00e3o de toneladas a movimenta\u00e7\u00e3o no mesmo per\u00edodo do ano passado. O balan\u00e7o tamb\u00e9m indica um crescimento no com\u00e9rcio exterior, com aumento de [&hellip;]","og_url":"https:\/\/agenciainfra.com\/blog\/portos-do-nordeste-movimentam-150-milhoes-de-toneladas-no-1o-semestre\/","og_site_name":"Ag\u00eancia iNFRA","article_publisher":"https:\/\/www.facebook.com\/ageninfra","article_published_time":"2025-08-18T20:48:12+00:00","article_modified_time":"2025-08-18T20:48:15+00:00","og_image":[{"width":1280,"height":720,"url":"https:\/\/agenciainfra.com\/blog\/wp-content\/uploads\/2021\/03\/ponta-da-madeira-foto-agencia-vale.jpeg","type":"image\/jpeg"}],"author":"Ag\u00eancia iNFRA","twitter_card":"summary_large_image","twitter_creator":"@agencia_infra","twitter_site":"@agencia_infra","twitter_misc":{"Escrito por":"Ag\u00eancia iNFRA","Est. tempo de leitura":"2 minutos"},"schema":{"@context":"https:\/\/schema.org","@graph":[{"@type":"Article","@id":"https:\/\/agenciainfra.com\/blog\/portos-do-nordeste-movimentam-150-milhoes-de-toneladas-no-1o-semestre\/#article","isPartOf":{"@id":"https:\/\/agenciainfra.com\/blog\/portos-do-nordeste-movimentam-150-milhoes-de-toneladas-no-1o-semestre\/"},"author":{"name":"Ag\u00eancia iNFRA","@id":"https:\/\/agenciainfra.com\/blog\/#\/schema\/person\/34af08dff6adea4cb22b06612ba7acfa"},"headline":"Portos do Nordeste movimentam 150 milh\u00f5es de toneladas no 1\u00ba semestre","datePublished":"2025-08-18T20:48:12+00:00","dateModified":"2025-08-18T20:48:15+00:00","mainEntityOfPage":{"@id":"https:\/\/agenciainfra.com\/blog\/portos-do-nordeste-movimentam-150-milhoes-de-toneladas-no-1o-semestre\/"},"wordCount":399,"publisher":{"@id":"https:\/\/agenciainfra.com\/blog\/#organization"},"image":{"@id":"https:\/\/agenciainfra.com\/blog\/portos-do-nordeste-movimentam-150-milhoes-de-toneladas-no-1o-semestre\/#primaryimage"},"thumbnailUrl":"https:\/\/agenciainfra.com\/blog\/wp-content\/uploads\/2021\/03\/ponta-da-madeira-foto-agencia-vale.jpeg","keywords":["ANTAQ","Maranh\u00e3o","nordeste","Porto do Itaqui","Terminal Mar\u00edtimo de Ponta da Madeira"],"articleSection":["Geral","Giro iNFRA"],"inLanguage":"pt-BR","copyrightYear":"2025","copyrightHolder":{"@id":"https:\/\/agenciainfra.com\/blog\/#organization"}},{"@type":"WebPage","@id":"https:\/\/agenciainfra.com\/blog\/portos-do-nordeste-movimentam-150-milhoes-de-toneladas-no-1o-semestre\/","url":"https:\/\/agenciainfra.com\/blog\/portos-do-nordeste-movimentam-150-milhoes-de-toneladas-no-1o-semestre\/","name":"Portos do Nordeste movimentam 150 milh\u00f5es de toneladas no 1\u00ba semestre - Ag\u00eancia iNFRA","isPartOf":{"@id":"https:\/\/agenciainfra.com\/blog\/#website"},"primaryImageOfPage":{"@id":"https:\/\/agenciainfra.com\/blog\/portos-do-nordeste-movimentam-150-milhoes-de-toneladas-no-1o-semestre\/#primaryimage"},"image":{"@id":"https:\/\/agenciainfra.com\/blog\/portos-do-nordeste-movimentam-150-milhoes-de-toneladas-no-1o-semestre\/#primaryimage"},"thumbnailUrl":"https:\/\/agenciainfra.com\/blog\/wp-content\/uploads\/2021\/03\/ponta-da-madeira-foto-agencia-vale.jpeg","datePublished":"2025-08-18T20:48:12+00:00","dateModified":"2025-08-18T20:48:15+00:00","breadcrumb":{"@id":"https:\/\/agenciainfra.com\/blog\/portos-do-nordeste-movimentam-150-milhoes-de-toneladas-no-1o-semestre\/#breadcrumb"},"inLanguage":"pt-BR","potentialAction":[{"@type":"ReadAction","target":["https:\/\/agenciainfra.com\/blog\/portos-do-nordeste-movimentam-150-milhoes-de-toneladas-no-1o-semestre\/"]}]},{"@type":"ImageObject","inLanguage":"pt-BR","@id":"https:\/\/agenciainfra.com\/blog\/portos-do-nordeste-movimentam-150-milhoes-de-toneladas-no-1o-semestre\/#primaryimage","url":"https:\/\/agenciainfra.com\/blog\/wp-content\/uploads\/2021\/03\/ponta-da-madeira-foto-agencia-vale.jpeg","contentUrl":"https:\/\/agenciainfra.com\/blog\/wp-content\/uploads\/2021\/03\/ponta-da-madeira-foto-agencia-vale.jpeg","width":1280,"height":720,"caption":"Foto: Divulga\u00e7\u00e3o\/Ag\u00eancia Vale"},{"@type":"BreadcrumbList","@id":"https:\/\/agenciainfra.com\/blog\/portos-do-nordeste-movimentam-150-milhoes-de-toneladas-no-1o-semestre\/#breadcrumb","itemListElement":[{"@type":"ListItem","position":1,"name":"In\u00edcio","item":"https:\/\/agenciainfra.com\/blog\/"},{"@type":"ListItem","position":2,"name":"Portos do Nordeste movimentam 150 milh\u00f5es de toneladas no 1\u00ba semestre"}]},{"@type":"WebSite","@id":"https:\/\/agenciainfra.com\/blog\/#website","url":"https:\/\/agenciainfra.com\/blog\/","name":"Ag\u00eancia iNFRA","description":"Multiplataforma de informa\u00e7\u00e3o jornal\u00edstica refer\u00eancia na \u00e1rea de infraestrutura no Brasil!","publisher":{"@id":"https:\/\/agenciainfra.com\/blog\/#organization"},"potentialAction":[{"@type":"SearchAction","target":{"@type":"EntryPoint","urlTemplate":"https:\/\/agenciainfra.com\/blog\/?s={search_term_string}"},"query-input":{"@type":"PropertyValueSpecification","valueRequired":true,"valueName":"search_term_string"}}],"inLanguage":"pt-BR"},{"@type":"Organization","@id":"https:\/\/agenciainfra.com\/blog\/#organization","name":"Ag\u00eancia iNFRA","url":"https:\/\/agenciainfra.com\/blog\/","logo":{"@type":"ImageObject","inLanguage":"pt-BR","@id":"https:\/\/agenciainfra.com\/blog\/#\/schema\/logo\/image\/","url":"https:\/\/agenciainfra.com\/blog\/wp-content\/uploads\/2023\/09\/iNFRA_5-e1761735885940.png","contentUrl":"https:\/\/agenciainfra.com\/blog\/wp-content\/uploads\/2023\/09\/iNFRA_5-e1761735885940.png","width":1672,"height":454,"caption":"Ag\u00eancia iNFRA"},"image":{"@id":"https:\/\/agenciainfra.com\/blog\/#\/schema\/logo\/image\/"},"sameAs":["https:\/\/www.facebook.com\/ageninfra","https:\/\/x.com\/agencia_infra","https:\/\/www.linkedin.com\/company\/ag\u00eanciainfra\/","https:\/\/www.instagram.com\/agenciainfra\/"]},{"@type":"Person","@id":"https:\/\/agenciainfra.com\/blog\/#\/schema\/person\/34af08dff6adea4cb22b06612ba7acfa","name":"Ag\u00eancia iNFRA","image":{"@type":"ImageObject","inLanguage":"pt-BR","@id":"https:\/\/agenciainfra.com\/blog\/#\/schema\/person\/image\/","url":"https:\/\/secure.gravatar.com\/avatar\/d189e01678f06d8eb84d4e01f08eb848b3fffe3f8443818d3c356c66892f5be8?s=96&d=mm&r=g","contentUrl":"https:\/\/secure.gravatar.com\/avatar\/d189e01678f06d8eb84d4e01f08eb848b3fffe3f8443818d3c356c66892f5be8?s=96&d=mm&r=g","caption":"Ag\u00eancia iNFRA"},"url":"https:\/\/agenciainfra.com\/blog\/author\/admin\/"}]}},"_links":{"self":[{"href":"https:\/\/agenciainfra.com\/blog\/wp-json\/wp\/v2\/posts\/26388","targetHints":{"allow":["GET"]}}],"collection":[{"href":"https:\/\/agenciainfra.com\/blog\/wp-json\/wp\/v2\/posts"}],"about":[{"href":"https:\/\/agenciainfra.com\/blog\/wp-json\/wp\/v2\/types\/post"}],"author":[{"embeddable":true,"href":"https:\/\/agenciainfra.com\/blog\/wp-json\/wp\/v2\/users\/1"}],"replies":[{"embeddable":true,"href":"https:\/\/agenciainfra.com\/blog\/wp-json\/wp\/v2\/comments?post=26388"}],"version-history":[{"count":1,"href":"https:\/\/agenciainfra.com\/blog\/wp-json\/wp\/v2\/posts\/26388\/revisions"}],"predecessor-version":[{"id":26389,"href":"https:\/\/agenciainfra.com\/blog\/wp-json\/wp\/v2\/posts\/26388\/revisions\/26389"}],"wp:featuredmedia":[{"embeddable":true,"href":"https:\/\/agenciainfra.com\/blog\/wp-json\/wp\/v2\/media\/7010"}],"wp:attachment":[{"href":"https:\/\/agenciainfra.com\/blog\/wp-json\/wp\/v2\/media?parent=26388"}],"wp:term":[{"taxonomy":"category","embeddable":true,"href":"https:\/\/agenciainfra.com\/blog\/wp-json\/wp\/v2\/categories?post=26388"},{"taxonomy":"post_tag","embeddable":true,"href":"https:\/\/agenciainfra.com\/blog\/wp-json\/wp\/v2\/tags?post=26388"}],"curies":[{"name":"wp","href":"https:\/\/api.w.org\/{rel}","templated":true}]}}