{"id":2639,"date":"2018-11-26T13:26:20","date_gmt":"2018-11-26T16:26:20","guid":{"rendered":"http:\/\/www.agenciainfra.com\/blog\/?p=2639"},"modified":"2018-11-26T13:27:03","modified_gmt":"2018-11-26T16:27:03","slug":"problema-do-setor-eletrico-sao-as-mesmas-pessoas-que-o-controlam-ha-decadas-diz-moreira-franco","status":"publish","type":"post","link":"https:\/\/agenciainfra.com\/blog\/problema-do-setor-eletrico-sao-as-mesmas-pessoas-que-o-controlam-ha-decadas-diz-moreira-franco\/","title":{"rendered":"Problema do setor el\u00e9trico s\u00e3o as mesmas pessoas que o controlam h\u00e1 d\u00e9cadas, diz Moreira Franco"},"content":{"rendered":"<h5 style=\"text-align: right;\"><strong>Leila Coimbra\u00a0 e Dimmi Amora,\u00a0da Ag\u00eancia iNFRA<\/strong><\/h5>\n<p>H\u00e1 sete meses no cargo, o ministro de Minas e Energia, Moreira Franco, j\u00e1 fala como um especialista do setor, segundo ele depois de tomar &#8220;muitos cascudos&#8221; de sua equipe. Em entrevista exclusiva \u00e0\u00a0<strong>Ag\u00eancia iNFRA<\/strong>, ele\u00a0diz que h\u00e1 um excesso de corporativismo na \u00e1rea el\u00e9trica hoje, onde cada associa\u00e7\u00e3o defende apenas o seu interesse, e n\u00e3o h\u00e1 a consci\u00eancia de conjunto, onde o produto entregue \u00e9 um s\u00f3: a energia entregue ao consumidor.<\/p>\n<p>Segundo o ministro, existe um conflito de interesses na cadeia produtiva de energia, e no fim das contas as inefici\u00eancias s\u00e3o repassadas para o consumidor, que por sua vez n\u00e3o tem ideia do que est\u00e1 pagando.<\/p>\n<p>O problema do setor el\u00e9trico, para Moreira Franco, \u00e9 que o mesmo grupo de pessoas o controla h\u00e1 d\u00e9cadas. \u201cElas se revezam: uma hora est\u00e3o no governo, depois voltam para as corpora\u00e7\u00f5es [associa\u00e7\u00f5es], que depois voltam para o governo, e segue a roda rodando, com as mesmas pessoas. E essas pessoas perderam a no\u00e7\u00e3o pol\u00edtica de que isso \u00e9 um servi\u00e7o p\u00fablico\u201d, afirmou. Leia a seguir os principais trechos da entrevista:<br \/>\n<img fetchpriority=\"high\" decoding=\"async\" class=\"CToWUd a6T alignleft\" tabindex=\"0\" src=\"https:\/\/ci3.googleusercontent.com\/proxy\/axD9klbqE_9AdnS8HkutskpAP64nnSytb9adeqVnBVt_Wk6GjptAlkgjxhIOGqaHY95GENd8aGz5L2XAmuES1FWYs4y_lm-xeTJ8YJTnlogzb4B7MB0z-tO-k2ElKdib2xb0t3IGm72tuMe-cXI4d5lcEJJfGISCEBU=s0-d-e1-ft#https:\/\/gallery.mailchimp.com\/d460dd1bcf9ba0ae040e1fc0f\/images\/e1d3a63f-8bf8-41f1-a02a-ca25d54d0816.jpg\" width=\"250\" height=\"258\" \/><\/p>\n<p><strong>Qual o diagn\u00f3stico dos principais problemas do setor el\u00e9trico feito nesses sete meses em que o sr. est\u00e1 no cargo?<\/strong><br \/>\nEu n\u00e3o sou engenheiro, n\u00e3o sou especialista do setor, mas eu n\u00e3o acredito que no mundo haja uma segmenta\u00e7\u00e3o t\u00e3o corporativa como a que vivemos no setor el\u00e9trico brasileiro hoje. \u00c9 um modelo sovi\u00e9tico, que n\u00e3o \u00e9 feito para servir \u00e0s pessoas, mas aos interesses das corpora\u00e7\u00f5es. S\u00f3 que todas essas corpora\u00e7\u00f5es comp\u00f5em uma cadeia \u00fanica, que tem por objetivo entregar a todos n\u00f3s um s\u00f3 produto: a energia el\u00e9trica. Mas perderam a consci\u00eancia disso.<\/p>\n<p><strong>Quando o sr. se refere \u00e0 segmenta\u00e7\u00e3o corporativa, quer dizer exatamente o qu\u00ea?<\/strong><br \/>\nExiste uma ess\u00eancia do esp\u00edrito corporativo do setor. Aqui mesmo no Minist\u00e9rio de Minas e Energia, por exemplo: tem uma secretaria que defende mais a parte hidr\u00e1ulica, outra mais de t\u00e9rmicas, e assim por diante. N\u00e3o se v\u00ea uma pol\u00edtica de olhar o conjunto.<\/p>\n<p>Isso estimula um conflito permanente entre as diversas fontes. No setor el\u00e9trico, os que produzem por hidrel\u00e9tricas olham somente o seu custo, a sua compensa\u00e7\u00e3o. Esse mesmo esp\u00edrito j\u00e1 come\u00e7a a existir na gera\u00e7\u00e3o solar, na e\u00f3lica, na t\u00e9rmica e etc. Daqui a pouco, se n\u00e3o tiver uma interven\u00e7\u00e3o forte, voc\u00ea vai ter tudo segmentado: t\u00e9rmica, e\u00f3lica, solar, hidr\u00e1ulica. S\u00f3 que todas essas fontes comp\u00f5em uma cadeia \u00fanica que tem por objetivo entregar a todos n\u00f3s o mesmo produto que \u00e9 a energia el\u00e9trica.<\/p>\n<p><strong>Os agentes do setor olham apenas para si pr\u00f3prios e n\u00e3o pensam no setor como um todo?<\/strong><br \/>\nSim. E o que isso provoca? Um conflito na cadeia produtiva. Um conflito de interesses. Por exemplo: quantas associa\u00e7\u00f5es do setor el\u00e9trico existem? Mais de 20! E elas s\u00e3o segmentadas, cada uma cuidando do seu interesse, apenas. \u00c9 por isso que eu chamo esse nosso modelo de um modelo sovi\u00e9tico.<\/p>\n<p>Cada uma delas [associa\u00e7\u00f5es] olha somente para si, sem olhar o todo. Hoje, problemas como perdas de energia, furto, problemas regulat\u00f3rios e outras inefici\u00eancias s\u00e3o repassados para a conta de energia porque cada corpora\u00e7\u00e3o defende o seu interesse e n\u00e3o o conjunto. E o consumidor simplesmente n\u00e3o sabe o que est\u00e1 pagando.<\/p>\n<p><strong>Os subs\u00eddios hoje representam grande parte da conta de energia, mas n\u00e3o h\u00e1 para o consumidor a transpar\u00eancia total do que isso representa. Como resolver?<\/strong><br \/>\nSim, ningu\u00e9m sabe o que \u00e9 aquilo! Criam-se fundos dentro de fundos, e todos cheios de siglas. Os subs\u00eddios est\u00e3o na conta, na composi\u00e7\u00e3o do custo. Mas ningu\u00e9m entende a conta. Se voc\u00ea mora no Sudeste, 49% do que voc\u00ea paga \u00e9 pela energia, e o resto \u00e9 imposto e subs\u00eddio. Isso n\u00e3o pode continuar assim!<\/p>\n<p><strong>Mas como resolver isso?<\/strong><br \/>\nHoje, os subs\u00eddios s\u00e3o decididos assim: conselhos formados pelas corpora\u00e7\u00f5es decidem esses valores, que s\u00e3o astron\u00f4micos. E n\u00e3o h\u00e1 transpar\u00eancia nenhuma. A primeira coisa que tem que ser feita \u00e9 desmontar essa pol\u00edtica ideol\u00f3gica, esse modelo sovi\u00e9tico.<\/p>\n<p><strong>Como desmontar isso?<\/strong><br \/>\nO problema do setor el\u00e9trico hoje \u00e9 que s\u00e3o as mesmas pessoas que o controlam h\u00e1 d\u00e9cadas. Elas se revezam: uma hora est\u00e3o no governo, depois voltam para as corpora\u00e7\u00f5es [associa\u00e7\u00f5es], que depois voltam para o governo, e segue a roda rodando, com as mesmas pessoas.<\/p>\n<p>E essas pessoas perderam a no\u00e7\u00e3o pol\u00edtica de que isso \u00e9 um servi\u00e7o p\u00fablico, e tratam um bilh\u00e3o de reais como se fosse nada, e sempre \u00e9 o consumidor quem paga a conta. Eu n\u00e3o acho que vamos resolver isso aqui com as mesmas pessoas que est\u00e3o a\u00ed o tempo todo.<\/p>\n<p><strong>Aproveitando o que o sr. disse sobre as pessoas que est\u00e3o no setor, como o sr. v\u00ea a sucess\u00e3o ministerial?<\/strong><br \/>\n\u00c9 normal que existam atritos, mas eu creio que o fundamental \u00e9 ter clareza do que se quer. Eu, particularmente, tive muito boa impress\u00e3o do professor Luciano de Castro [que integra a equipe de transi\u00e7\u00e3o do futuro governo]. Talvez n\u00e3o devesse estar metendo a colher nessa confus\u00e3o. Mas, para acabar com esse modelo sovi\u00e9tico, \u00e9 preciso uma mente muito aberta. Talvez algu\u00e9m vindo de fora tenha isso.<\/p>\n<p><strong>Qual o perfil que o sr. considera ideal para ocupar o cargo de Ministro de Minas e Energia?<\/strong><br \/>\nEu n\u00e3o acho que cabe a mim esse tipo de an\u00e1lise, mas ao novo governo que foi eleito pelo povo. N\u00e3o \u00e9 que eu n\u00e3o queira, mas eu n\u00e3o devo opinar, \u00e9 uma seara que j\u00e1 n\u00e3o \u00e9 mais a minha, mas a do pr\u00f3ximo governo, isso \u00e9 uma decis\u00e3o deles.<\/p>\n<p><strong>Qual o principal conselho dado \u00e0 equipe de transi\u00e7\u00e3o do futuro governo em rela\u00e7\u00e3o ao setor el\u00e9trico?<\/strong><br \/>\nOlha, eu falei para as pessoas do pr\u00f3ximo governo o seguinte: hoje, o volume declarado de oferta de energia n\u00e3o \u00e9 real! Existe uma distor\u00e7\u00e3o, e se trabalha no Brasil com um volume de energia que n\u00e3o existe. Os \u00faltimos leil\u00f5es permitiram nova gera\u00e7\u00e3o e\u00f3lica e solar, e essas fontes acabam tendo a infraestrutura para produzir, mas as condi\u00e7\u00f5es reais da opera\u00e7\u00e3o n\u00e3o permitem gerar tudo.<\/p>\n<p>O modelo todo tem que ser mudado urgentemente. Hoje, a gera\u00e7\u00e3o \u00e9 toda intermitente. Inclusive a gera\u00e7\u00e3o hidrel\u00e9trica, porque a partir do momento em que n\u00e3o temos \u00e1gua nos reservat\u00f3rios, e as novas usinas s\u00e3o somente a fio d\u2019\u00e1gua, \u00e9 uma fonte que\u00a0tamb\u00e9m depende da natureza. Hoje dependemos de ventos, sol e chuva para termos energia.<\/p>\n<p><strong>O sr. defende a volta dos projetos hidrel\u00e9tricos com grandes reservat\u00f3rios?<\/strong><br \/>\nEu sou uma pessoa l\u00f3gica. A ideologia n\u00e3o substitui a aritm\u00e9tica. Voc\u00ea acha que o reservat\u00f3rio \u00e9 ruim para o meio ambiente? Ent\u00e3o a substitui\u00e7\u00e3o disso precisa ser obrigatoriamente melhor do que a que se quer tirar. Mas n\u00e3o \u00e9 isso o que ocorre. A substitui\u00e7\u00e3o \u00e9 feita por gera\u00e7\u00e3o t\u00e9rmica \u00e0 \u00f3leo. \u00c9 a mais cara e poluente que existe. Ent\u00e3o isso n\u00e3o \u00e9 l\u00f3gico.<\/p>\n<p><strong>O sr. falou que hoje o volume declarado de oferta de energia n\u00e3o \u00e9 real. Existe o risco de desabastecimento?<\/strong><br \/>\nSe n\u00f3s n\u00e3o tiv\u00e9ssemos passado pela mais grave crise econ\u00f4mica da nossa hist\u00f3ria, n\u00f3s ter\u00edamos o mais profundo apag\u00e3o da nossa hist\u00f3ria.<\/p>\n<p>Eu falei isso para as pessoas do pr\u00f3ximo governo que cuidam disso, \u00e9 urgente que se enfrente esse problema. Se n\u00f3s crescermos hoje [o PIB] a uma taxa em torno de 2% a 2,5% durante tr\u00eas anos seguidos, n\u00f3s vamos patinar na \u00e1rea de energia.<\/p>\n<p><strong>Qual o seu conselho para reverter essa situa\u00e7\u00e3o?<\/strong><br \/>\nO meu conselho \u00e9 tentar n\u00e3o inventar demais: quando a ex-presidente Dilma Rousseff passou por aqui, tentou inventar, deixar uma marca nova, e deu no que deu. \u00c9 preciso pegar o que existe, o que est\u00e1 a\u00ed, e aperfei\u00e7oar de acordo com experi\u00eancias que j\u00e1 deram certo. Tentar criar uma coisa in\u00e9dita, totalmente nova e, principalmente t\u00e3o centralizada, deu no buraco negro.<\/p>\n<p>Eu acredito que o Brasil \u00e9 muito grande e tem peculiaridades regionais, inclusive no que tange \u00e0 gera\u00e7\u00e3o de energia. Existem perfis regionais diferentes para certos tipos de gera\u00e7\u00e3o. Ent\u00e3o eu acredito que o modelo precisa ser regionalizado.<\/p>\n<p>N\u00f3s vamos ter uma abund\u00e2ncia de g\u00e1s no pr\u00e9-sal, e obrigatoriamente vai ser barato. Agora, \u00e9 preciso ter uma log\u00edstica que permita distribuir o g\u00e1s, precisamos de gasodutos. Mas n\u00e3o h\u00e1 raz\u00e3o para ter subs\u00eddios para isso. O mercado de g\u00e1s est\u00e1 a\u00ed, ele existe, e tamb\u00e9m vai existir o financiamento para a constru\u00e7\u00e3o de redes de gasodutos.<\/p>\n<p>N\u00f3s avan\u00e7amos bastante nas fontes renov\u00e1veis como e\u00f3lica e solar, mas o problema \u00e9 que para n\u00f3s consumidores n\u00e3o adianta, a gente gera barato e paga caro. Impostos, inefici\u00eancias, subs\u00eddios comem essa produtividade. \u00c9 preciso rever isso.<\/p>\n<p>Agora, algo que precisa ser retomado com urg\u00eancia \u00e9 o esp\u00edrito p\u00fablico: a consci\u00eancia de que devemos desmontar essa estrutura de interesses pr\u00f3prios para fornecer um servi\u00e7o p\u00fablico. Eu n\u00e3o estou fazendo nenhuma cr\u00edtica de natureza moral, mas o efeito nefasto da corpora\u00e7\u00e3o hoje tira das pessoas a possibilidade de ter um bem mais barato.<\/p>\n","protected":false},"excerpt":{"rendered":"<p>Leila Coimbra\u00a0 e Dimmi Amora,\u00a0da Ag\u00eancia iNFRA H\u00e1 sete meses no cargo, o ministro de Minas e Energia, Moreira Franco, j\u00e1 fala como um especialista do setor, segundo ele depois de tomar &#8220;muitos cascudos&#8221; de sua equipe. Em entrevista exclusiva \u00e0\u00a0Ag\u00eancia iNFRA, ele\u00a0diz que h\u00e1 um excesso de corporativismo na \u00e1rea el\u00e9trica hoje, onde cada [&hellip;]<\/p>\n","protected":false},"author":1,"featured_media":1614,"comment_status":"closed","ping_status":"open","sticky":false,"template":"","format":"standard","meta":{"_monsterinsights_skip_tracking":false,"_monsterinsights_sitenote_active":false,"_monsterinsights_sitenote_note":"","_monsterinsights_sitenote_category":0,"footnotes":""},"categories":[10],"tags":[25,34,671,71,145],"class_list":["post-2639","post","type-post","status-publish","format-standard","has-post-thumbnail","hentry","category-infraenergia","tag-energia","tag-infraestrutura","tag-ministerio","tag-mme","tag-moreira-franco"],"yoast_head":"<!-- This site is optimized with the Yoast SEO Premium plugin v25.4 (Yoast SEO v26.0) - https:\/\/yoast.com\/wordpress\/plugins\/seo\/ -->\n<title>Problema do setor el\u00e9trico s\u00e3o as mesmas pessoas que o controlam h\u00e1 d\u00e9cadas, diz Moreira Franco - Ag\u00eancia iNFRA<\/title>\n<meta name=\"robots\" content=\"index, follow, max-snippet:-1, max-image-preview:large, max-video-preview:-1\" \/>\n<link rel=\"canonical\" href=\"https:\/\/agenciainfra.com\/blog\/problema-do-setor-eletrico-sao-as-mesmas-pessoas-que-o-controlam-ha-decadas-diz-moreira-franco\/\" \/>\n<meta property=\"og:locale\" content=\"pt_BR\" \/>\n<meta property=\"og:type\" content=\"article\" \/>\n<meta property=\"og:title\" content=\"Problema do setor el\u00e9trico s\u00e3o as mesmas pessoas que o controlam h\u00e1 d\u00e9cadas, diz Moreira Franco\" \/>\n<meta property=\"og:description\" content=\"Leila Coimbra\u00a0 e Dimmi Amora,\u00a0da Ag\u00eancia iNFRA H\u00e1 sete meses no cargo, o ministro de Minas e Energia, Moreira Franco, j\u00e1 fala como um especialista do setor, segundo ele depois de tomar &#8220;muitos cascudos&#8221; de sua equipe. Em entrevista exclusiva \u00e0\u00a0Ag\u00eancia iNFRA, ele\u00a0diz que h\u00e1 um excesso de corporativismo na \u00e1rea el\u00e9trica hoje, onde cada [&hellip;]\" \/>\n<meta property=\"og:url\" content=\"https:\/\/agenciainfra.com\/blog\/problema-do-setor-eletrico-sao-as-mesmas-pessoas-que-o-controlam-ha-decadas-diz-moreira-franco\/\" \/>\n<meta property=\"og:site_name\" content=\"Ag\u00eancia iNFRA\" \/>\n<meta property=\"article:publisher\" content=\"https:\/\/www.facebook.com\/ageninfra\" \/>\n<meta property=\"article:published_time\" content=\"2018-11-26T16:26:20+00:00\" \/>\n<meta property=\"article:modified_time\" content=\"2018-11-26T16:27:03+00:00\" \/>\n<meta property=\"og:image\" content=\"https:\/\/agenciainfra.com\/blog\/wp-content\/uploads\/2018\/05\/Moreira-Franco.png\" \/>\n\t<meta property=\"og:image:width\" content=\"420\" \/>\n\t<meta property=\"og:image:height\" content=\"206\" \/>\n\t<meta property=\"og:image:type\" content=\"image\/png\" \/>\n<meta name=\"author\" content=\"Ag\u00eancia iNFRA\" \/>\n<meta name=\"twitter:card\" content=\"summary_large_image\" \/>\n<meta name=\"twitter:creator\" content=\"@agencia_infra\" \/>\n<meta name=\"twitter:site\" content=\"@agencia_infra\" \/>\n<meta name=\"twitter:label1\" content=\"Escrito por\" \/>\n\t<meta name=\"twitter:data1\" content=\"Ag\u00eancia iNFRA\" \/>\n\t<meta name=\"twitter:label2\" content=\"Est. tempo de leitura\" \/>\n\t<meta name=\"twitter:data2\" content=\"8 minutos\" \/>\n<script type=\"application\/ld+json\" class=\"yoast-schema-graph\">{\"@context\":\"https:\/\/schema.org\",\"@graph\":[{\"@type\":\"Article\",\"@id\":\"https:\/\/agenciainfra.com\/blog\/problema-do-setor-eletrico-sao-as-mesmas-pessoas-que-o-controlam-ha-decadas-diz-moreira-franco\/#article\",\"isPartOf\":{\"@id\":\"https:\/\/agenciainfra.com\/blog\/problema-do-setor-eletrico-sao-as-mesmas-pessoas-que-o-controlam-ha-decadas-diz-moreira-franco\/\"},\"author\":{\"name\":\"Ag\u00eancia iNFRA\",\"@id\":\"https:\/\/agenciainfra.com\/blog\/#\/schema\/person\/34af08dff6adea4cb22b06612ba7acfa\"},\"headline\":\"Problema do setor el\u00e9trico s\u00e3o as mesmas pessoas que o controlam h\u00e1 d\u00e9cadas, diz Moreira Franco\",\"datePublished\":\"2018-11-26T16:26:20+00:00\",\"dateModified\":\"2018-11-26T16:27:03+00:00\",\"mainEntityOfPage\":{\"@id\":\"https:\/\/agenciainfra.com\/blog\/problema-do-setor-eletrico-sao-as-mesmas-pessoas-que-o-controlam-ha-decadas-diz-moreira-franco\/\"},\"wordCount\":1666,\"publisher\":{\"@id\":\"https:\/\/agenciainfra.com\/blog\/#organization\"},\"image\":{\"@id\":\"https:\/\/agenciainfra.com\/blog\/problema-do-setor-eletrico-sao-as-mesmas-pessoas-que-o-controlam-ha-decadas-diz-moreira-franco\/#primaryimage\"},\"thumbnailUrl\":\"https:\/\/agenciainfra.com\/blog\/wp-content\/uploads\/2018\/05\/Moreira-Franco.png\",\"keywords\":[\"energia\",\"Infraestrutura\",\"Minist\u00e9rio\",\"MME\",\"Moreira Franco\"],\"articleSection\":[\"iNFRAEnergia\"],\"inLanguage\":\"pt-BR\",\"copyrightYear\":\"2018\",\"copyrightHolder\":{\"@id\":\"https:\/\/agenciainfra.com\/blog\/#organization\"}},{\"@type\":\"WebPage\",\"@id\":\"https:\/\/agenciainfra.com\/blog\/problema-do-setor-eletrico-sao-as-mesmas-pessoas-que-o-controlam-ha-decadas-diz-moreira-franco\/\",\"url\":\"https:\/\/agenciainfra.com\/blog\/problema-do-setor-eletrico-sao-as-mesmas-pessoas-que-o-controlam-ha-decadas-diz-moreira-franco\/\",\"name\":\"Problema do setor el\u00e9trico s\u00e3o as mesmas pessoas que o controlam h\u00e1 d\u00e9cadas, diz Moreira Franco - Ag\u00eancia iNFRA\",\"isPartOf\":{\"@id\":\"https:\/\/agenciainfra.com\/blog\/#website\"},\"primaryImageOfPage\":{\"@id\":\"https:\/\/agenciainfra.com\/blog\/problema-do-setor-eletrico-sao-as-mesmas-pessoas-que-o-controlam-ha-decadas-diz-moreira-franco\/#primaryimage\"},\"image\":{\"@id\":\"https:\/\/agenciainfra.com\/blog\/problema-do-setor-eletrico-sao-as-mesmas-pessoas-que-o-controlam-ha-decadas-diz-moreira-franco\/#primaryimage\"},\"thumbnailUrl\":\"https:\/\/agenciainfra.com\/blog\/wp-content\/uploads\/2018\/05\/Moreira-Franco.png\",\"datePublished\":\"2018-11-26T16:26:20+00:00\",\"dateModified\":\"2018-11-26T16:27:03+00:00\",\"breadcrumb\":{\"@id\":\"https:\/\/agenciainfra.com\/blog\/problema-do-setor-eletrico-sao-as-mesmas-pessoas-que-o-controlam-ha-decadas-diz-moreira-franco\/#breadcrumb\"},\"inLanguage\":\"pt-BR\",\"potentialAction\":[{\"@type\":\"ReadAction\",\"target\":[\"https:\/\/agenciainfra.com\/blog\/problema-do-setor-eletrico-sao-as-mesmas-pessoas-que-o-controlam-ha-decadas-diz-moreira-franco\/\"]}]},{\"@type\":\"ImageObject\",\"inLanguage\":\"pt-BR\",\"@id\":\"https:\/\/agenciainfra.com\/blog\/problema-do-setor-eletrico-sao-as-mesmas-pessoas-que-o-controlam-ha-decadas-diz-moreira-franco\/#primaryimage\",\"url\":\"https:\/\/agenciainfra.com\/blog\/wp-content\/uploads\/2018\/05\/Moreira-Franco.png\",\"contentUrl\":\"https:\/\/agenciainfra.com\/blog\/wp-content\/uploads\/2018\/05\/Moreira-Franco.png\",\"width\":420,\"height\":206},{\"@type\":\"BreadcrumbList\",\"@id\":\"https:\/\/agenciainfra.com\/blog\/problema-do-setor-eletrico-sao-as-mesmas-pessoas-que-o-controlam-ha-decadas-diz-moreira-franco\/#breadcrumb\",\"itemListElement\":[{\"@type\":\"ListItem\",\"position\":1,\"name\":\"In\u00edcio\",\"item\":\"https:\/\/agenciainfra.com\/blog\/\"},{\"@type\":\"ListItem\",\"position\":2,\"name\":\"Problema do setor el\u00e9trico s\u00e3o as mesmas pessoas que o controlam h\u00e1 d\u00e9cadas, diz Moreira Franco\"}]},{\"@type\":\"WebSite\",\"@id\":\"https:\/\/agenciainfra.com\/blog\/#website\",\"url\":\"https:\/\/agenciainfra.com\/blog\/\",\"name\":\"Ag\u00eancia iNFRA\",\"description\":\"Multiplataforma de informa\u00e7\u00e3o jornal\u00edstica refer\u00eancia na \u00e1rea de infraestrutura no Brasil!\",\"publisher\":{\"@id\":\"https:\/\/agenciainfra.com\/blog\/#organization\"},\"potentialAction\":[{\"@type\":\"SearchAction\",\"target\":{\"@type\":\"EntryPoint\",\"urlTemplate\":\"https:\/\/agenciainfra.com\/blog\/?s={search_term_string}\"},\"query-input\":{\"@type\":\"PropertyValueSpecification\",\"valueRequired\":true,\"valueName\":\"search_term_string\"}}],\"inLanguage\":\"pt-BR\"},{\"@type\":\"Organization\",\"@id\":\"https:\/\/agenciainfra.com\/blog\/#organization\",\"name\":\"Ag\u00eancia iNFRA\",\"url\":\"https:\/\/agenciainfra.com\/blog\/\",\"logo\":{\"@type\":\"ImageObject\",\"inLanguage\":\"pt-BR\",\"@id\":\"https:\/\/agenciainfra.com\/blog\/#\/schema\/logo\/image\/\",\"url\":\"https:\/\/agenciainfra.com\/blog\/wp-content\/uploads\/2023\/09\/iNFRA_5-e1761735885940.png\",\"contentUrl\":\"https:\/\/agenciainfra.com\/blog\/wp-content\/uploads\/2023\/09\/iNFRA_5-e1761735885940.png\",\"width\":1672,\"height\":454,\"caption\":\"Ag\u00eancia iNFRA\"},\"image\":{\"@id\":\"https:\/\/agenciainfra.com\/blog\/#\/schema\/logo\/image\/\"},\"sameAs\":[\"https:\/\/www.facebook.com\/ageninfra\",\"https:\/\/x.com\/agencia_infra\",\"https:\/\/www.linkedin.com\/company\/ag\u00eanciainfra\/\",\"https:\/\/www.instagram.com\/agenciainfra\/\"]},{\"@type\":\"Person\",\"@id\":\"https:\/\/agenciainfra.com\/blog\/#\/schema\/person\/34af08dff6adea4cb22b06612ba7acfa\",\"name\":\"Ag\u00eancia iNFRA\",\"image\":{\"@type\":\"ImageObject\",\"inLanguage\":\"pt-BR\",\"@id\":\"https:\/\/agenciainfra.com\/blog\/#\/schema\/person\/image\/\",\"url\":\"https:\/\/secure.gravatar.com\/avatar\/d189e01678f06d8eb84d4e01f08eb848b3fffe3f8443818d3c356c66892f5be8?s=96&d=mm&r=g\",\"contentUrl\":\"https:\/\/secure.gravatar.com\/avatar\/d189e01678f06d8eb84d4e01f08eb848b3fffe3f8443818d3c356c66892f5be8?s=96&d=mm&r=g\",\"caption\":\"Ag\u00eancia iNFRA\"},\"url\":\"https:\/\/agenciainfra.com\/blog\/author\/admin\/\"}]}<\/script>\n<!-- \/ Yoast SEO Premium plugin. -->","yoast_head_json":{"title":"Problema do setor el\u00e9trico s\u00e3o as mesmas pessoas que o controlam h\u00e1 d\u00e9cadas, diz Moreira Franco - Ag\u00eancia iNFRA","robots":{"index":"index","follow":"follow","max-snippet":"max-snippet:-1","max-image-preview":"max-image-preview:large","max-video-preview":"max-video-preview:-1"},"canonical":"https:\/\/agenciainfra.com\/blog\/problema-do-setor-eletrico-sao-as-mesmas-pessoas-que-o-controlam-ha-decadas-diz-moreira-franco\/","og_locale":"pt_BR","og_type":"article","og_title":"Problema do setor el\u00e9trico s\u00e3o as mesmas pessoas que o controlam h\u00e1 d\u00e9cadas, diz Moreira Franco","og_description":"Leila Coimbra\u00a0 e Dimmi Amora,\u00a0da Ag\u00eancia iNFRA H\u00e1 sete meses no cargo, o ministro de Minas e Energia, Moreira Franco, j\u00e1 fala como um especialista do setor, segundo ele depois de tomar &#8220;muitos cascudos&#8221; de sua equipe. Em entrevista exclusiva \u00e0\u00a0Ag\u00eancia iNFRA, ele\u00a0diz que h\u00e1 um excesso de corporativismo na \u00e1rea el\u00e9trica hoje, onde cada [&hellip;]","og_url":"https:\/\/agenciainfra.com\/blog\/problema-do-setor-eletrico-sao-as-mesmas-pessoas-que-o-controlam-ha-decadas-diz-moreira-franco\/","og_site_name":"Ag\u00eancia iNFRA","article_publisher":"https:\/\/www.facebook.com\/ageninfra","article_published_time":"2018-11-26T16:26:20+00:00","article_modified_time":"2018-11-26T16:27:03+00:00","og_image":[{"width":420,"height":206,"url":"https:\/\/agenciainfra.com\/blog\/wp-content\/uploads\/2018\/05\/Moreira-Franco.png","type":"image\/png"}],"author":"Ag\u00eancia iNFRA","twitter_card":"summary_large_image","twitter_creator":"@agencia_infra","twitter_site":"@agencia_infra","twitter_misc":{"Escrito por":"Ag\u00eancia iNFRA","Est. tempo de leitura":"8 minutos"},"schema":{"@context":"https:\/\/schema.org","@graph":[{"@type":"Article","@id":"https:\/\/agenciainfra.com\/blog\/problema-do-setor-eletrico-sao-as-mesmas-pessoas-que-o-controlam-ha-decadas-diz-moreira-franco\/#article","isPartOf":{"@id":"https:\/\/agenciainfra.com\/blog\/problema-do-setor-eletrico-sao-as-mesmas-pessoas-que-o-controlam-ha-decadas-diz-moreira-franco\/"},"author":{"name":"Ag\u00eancia iNFRA","@id":"https:\/\/agenciainfra.com\/blog\/#\/schema\/person\/34af08dff6adea4cb22b06612ba7acfa"},"headline":"Problema do setor el\u00e9trico s\u00e3o as mesmas pessoas que o controlam h\u00e1 d\u00e9cadas, diz Moreira Franco","datePublished":"2018-11-26T16:26:20+00:00","dateModified":"2018-11-26T16:27:03+00:00","mainEntityOfPage":{"@id":"https:\/\/agenciainfra.com\/blog\/problema-do-setor-eletrico-sao-as-mesmas-pessoas-que-o-controlam-ha-decadas-diz-moreira-franco\/"},"wordCount":1666,"publisher":{"@id":"https:\/\/agenciainfra.com\/blog\/#organization"},"image":{"@id":"https:\/\/agenciainfra.com\/blog\/problema-do-setor-eletrico-sao-as-mesmas-pessoas-que-o-controlam-ha-decadas-diz-moreira-franco\/#primaryimage"},"thumbnailUrl":"https:\/\/agenciainfra.com\/blog\/wp-content\/uploads\/2018\/05\/Moreira-Franco.png","keywords":["energia","Infraestrutura","Minist\u00e9rio","MME","Moreira Franco"],"articleSection":["iNFRAEnergia"],"inLanguage":"pt-BR","copyrightYear":"2018","copyrightHolder":{"@id":"https:\/\/agenciainfra.com\/blog\/#organization"}},{"@type":"WebPage","@id":"https:\/\/agenciainfra.com\/blog\/problema-do-setor-eletrico-sao-as-mesmas-pessoas-que-o-controlam-ha-decadas-diz-moreira-franco\/","url":"https:\/\/agenciainfra.com\/blog\/problema-do-setor-eletrico-sao-as-mesmas-pessoas-que-o-controlam-ha-decadas-diz-moreira-franco\/","name":"Problema do setor el\u00e9trico s\u00e3o as mesmas pessoas que o controlam h\u00e1 d\u00e9cadas, diz Moreira Franco - Ag\u00eancia iNFRA","isPartOf":{"@id":"https:\/\/agenciainfra.com\/blog\/#website"},"primaryImageOfPage":{"@id":"https:\/\/agenciainfra.com\/blog\/problema-do-setor-eletrico-sao-as-mesmas-pessoas-que-o-controlam-ha-decadas-diz-moreira-franco\/#primaryimage"},"image":{"@id":"https:\/\/agenciainfra.com\/blog\/problema-do-setor-eletrico-sao-as-mesmas-pessoas-que-o-controlam-ha-decadas-diz-moreira-franco\/#primaryimage"},"thumbnailUrl":"https:\/\/agenciainfra.com\/blog\/wp-content\/uploads\/2018\/05\/Moreira-Franco.png","datePublished":"2018-11-26T16:26:20+00:00","dateModified":"2018-11-26T16:27:03+00:00","breadcrumb":{"@id":"https:\/\/agenciainfra.com\/blog\/problema-do-setor-eletrico-sao-as-mesmas-pessoas-que-o-controlam-ha-decadas-diz-moreira-franco\/#breadcrumb"},"inLanguage":"pt-BR","potentialAction":[{"@type":"ReadAction","target":["https:\/\/agenciainfra.com\/blog\/problema-do-setor-eletrico-sao-as-mesmas-pessoas-que-o-controlam-ha-decadas-diz-moreira-franco\/"]}]},{"@type":"ImageObject","inLanguage":"pt-BR","@id":"https:\/\/agenciainfra.com\/blog\/problema-do-setor-eletrico-sao-as-mesmas-pessoas-que-o-controlam-ha-decadas-diz-moreira-franco\/#primaryimage","url":"https:\/\/agenciainfra.com\/blog\/wp-content\/uploads\/2018\/05\/Moreira-Franco.png","contentUrl":"https:\/\/agenciainfra.com\/blog\/wp-content\/uploads\/2018\/05\/Moreira-Franco.png","width":420,"height":206},{"@type":"BreadcrumbList","@id":"https:\/\/agenciainfra.com\/blog\/problema-do-setor-eletrico-sao-as-mesmas-pessoas-que-o-controlam-ha-decadas-diz-moreira-franco\/#breadcrumb","itemListElement":[{"@type":"ListItem","position":1,"name":"In\u00edcio","item":"https:\/\/agenciainfra.com\/blog\/"},{"@type":"ListItem","position":2,"name":"Problema do setor el\u00e9trico s\u00e3o as mesmas pessoas que o controlam h\u00e1 d\u00e9cadas, diz Moreira Franco"}]},{"@type":"WebSite","@id":"https:\/\/agenciainfra.com\/blog\/#website","url":"https:\/\/agenciainfra.com\/blog\/","name":"Ag\u00eancia iNFRA","description":"Multiplataforma de informa\u00e7\u00e3o jornal\u00edstica refer\u00eancia na \u00e1rea de infraestrutura no Brasil!","publisher":{"@id":"https:\/\/agenciainfra.com\/blog\/#organization"},"potentialAction":[{"@type":"SearchAction","target":{"@type":"EntryPoint","urlTemplate":"https:\/\/agenciainfra.com\/blog\/?s={search_term_string}"},"query-input":{"@type":"PropertyValueSpecification","valueRequired":true,"valueName":"search_term_string"}}],"inLanguage":"pt-BR"},{"@type":"Organization","@id":"https:\/\/agenciainfra.com\/blog\/#organization","name":"Ag\u00eancia iNFRA","url":"https:\/\/agenciainfra.com\/blog\/","logo":{"@type":"ImageObject","inLanguage":"pt-BR","@id":"https:\/\/agenciainfra.com\/blog\/#\/schema\/logo\/image\/","url":"https:\/\/agenciainfra.com\/blog\/wp-content\/uploads\/2023\/09\/iNFRA_5-e1761735885940.png","contentUrl":"https:\/\/agenciainfra.com\/blog\/wp-content\/uploads\/2023\/09\/iNFRA_5-e1761735885940.png","width":1672,"height":454,"caption":"Ag\u00eancia iNFRA"},"image":{"@id":"https:\/\/agenciainfra.com\/blog\/#\/schema\/logo\/image\/"},"sameAs":["https:\/\/www.facebook.com\/ageninfra","https:\/\/x.com\/agencia_infra","https:\/\/www.linkedin.com\/company\/ag\u00eanciainfra\/","https:\/\/www.instagram.com\/agenciainfra\/"]},{"@type":"Person","@id":"https:\/\/agenciainfra.com\/blog\/#\/schema\/person\/34af08dff6adea4cb22b06612ba7acfa","name":"Ag\u00eancia iNFRA","image":{"@type":"ImageObject","inLanguage":"pt-BR","@id":"https:\/\/agenciainfra.com\/blog\/#\/schema\/person\/image\/","url":"https:\/\/secure.gravatar.com\/avatar\/d189e01678f06d8eb84d4e01f08eb848b3fffe3f8443818d3c356c66892f5be8?s=96&d=mm&r=g","contentUrl":"https:\/\/secure.gravatar.com\/avatar\/d189e01678f06d8eb84d4e01f08eb848b3fffe3f8443818d3c356c66892f5be8?s=96&d=mm&r=g","caption":"Ag\u00eancia iNFRA"},"url":"https:\/\/agenciainfra.com\/blog\/author\/admin\/"}]}},"_links":{"self":[{"href":"https:\/\/agenciainfra.com\/blog\/wp-json\/wp\/v2\/posts\/2639","targetHints":{"allow":["GET"]}}],"collection":[{"href":"https:\/\/agenciainfra.com\/blog\/wp-json\/wp\/v2\/posts"}],"about":[{"href":"https:\/\/agenciainfra.com\/blog\/wp-json\/wp\/v2\/types\/post"}],"author":[{"embeddable":true,"href":"https:\/\/agenciainfra.com\/blog\/wp-json\/wp\/v2\/users\/1"}],"replies":[{"embeddable":true,"href":"https:\/\/agenciainfra.com\/blog\/wp-json\/wp\/v2\/comments?post=2639"}],"version-history":[{"count":0,"href":"https:\/\/agenciainfra.com\/blog\/wp-json\/wp\/v2\/posts\/2639\/revisions"}],"wp:featuredmedia":[{"embeddable":true,"href":"https:\/\/agenciainfra.com\/blog\/wp-json\/wp\/v2\/media\/1614"}],"wp:attachment":[{"href":"https:\/\/agenciainfra.com\/blog\/wp-json\/wp\/v2\/media?parent=2639"}],"wp:term":[{"taxonomy":"category","embeddable":true,"href":"https:\/\/agenciainfra.com\/blog\/wp-json\/wp\/v2\/categories?post=2639"},{"taxonomy":"post_tag","embeddable":true,"href":"https:\/\/agenciainfra.com\/blog\/wp-json\/wp\/v2\/tags?post=2639"}],"curies":[{"name":"wp","href":"https:\/\/api.w.org\/{rel}","templated":true}]}}